{"id":48835,"date":"2026-09-04T16:58:09","date_gmt":"2026-09-04T16:58:09","guid":{"rendered":"https:\/\/jornalboasnoticias.com.br\/home\/?p=48835"},"modified":"2026-09-04T16:58:09","modified_gmt":"2026-09-04T16:58:09","slug":"burger-king-e-condenado-apos-funcionaria-ser-constrangida-por-uniforme-inadequado","status":"publish","type":"post","link":"https:\/\/jornalboasnoticias.com.br\/home\/burger-king-e-condenado-apos-funcionaria-ser-constrangida-por-uniforme-inadequado\/","title":{"rendered":"Burger King \u00e9 condenado ap\u00f3s funcion\u00e1ria ser constrangida por uniforme inadequado"},"content":{"rendered":"<blockquote>\n<p style=\"text-align: center;\">Justi\u00e7a reconheceu dano moral e determinou rescis\u00e3o indireta do contrato; empresa dever\u00e1 pagar indeniza\u00e7\u00e3o e outras verbas trabalhistas.<\/p>\n<\/blockquote>\n<figure id=\"attachment_87970\" aria-describedby=\"caption-attachment-87970\" style=\"width: 800px\" class=\"wp-caption aligncenter\"><img loading=\"lazy\" decoding=\"async\" class=\"size-large wp-image-87970\" src=\"https:\/\/portalcantagalo.com.br\/wp-content\/uploads\/2026\/09\/burger-king-6-1024x683.webp\" alt=\"\" width=\"800\" height=\"534\" \/><figcaption id=\"caption-attachment-87970\" class=\"wp-caption-text\">Smith Collection\/Gado\/Getty Images<\/figcaption><\/figure>\n<p class=\"isSelectedEnd\">A Zamp S.A., respons\u00e1vel pela opera\u00e7\u00e3o do Burger King no Brasil, foi condenada pela Justi\u00e7a do Trabalho a pagar indeniza\u00e7\u00e3o por danos morais e a rescindir indiretamente o contrato de uma funcion\u00e1ria que n\u00e3o recebeu um uniforme adequado ao pr\u00f3prio corpo e passou a ser alvo de coment\u00e1rios depreciativos no ambiente de trabalho. A decis\u00e3o foi tomada pela 20\u00aa Turma do Tribunal Regional do Trabalho da 2\u00aa Regi\u00e3o (TRT-2) em 13 de agosto e divulgada nesta quinta-feira (3).<\/p>\n<p class=\"isSelectedEnd\">Segundo o processo, a trabalhadora atuava como coordenadora de turno na unidade do Shopping Morumbi, na zona sul de S\u00e3o Paulo. Ela relatou que a empresa fornecia os uniformes e exigia o uso das pe\u00e7as, mas n\u00e3o disponibilizou roupas compat\u00edveis com suas caracter\u00edsticas f\u00edsicas.<\/p>\n<p class=\"isSelectedEnd\">Diante da situa\u00e7\u00e3o, a funcion\u00e1ria precisou contratar uma costureira para adaptar a cal\u00e7a do uniforme. Entre as altera\u00e7\u00f5es feitas estavam remendos triangulares na parte traseira da pe\u00e7a.<\/p>\n<p class=\"isSelectedEnd\">As modifica\u00e7\u00f5es, por\u00e9m, teriam se transformado em motivo de piadas e coment\u00e1rios entre colegas e integrantes da ger\u00eancia. Conforme depoimentos apresentados no processo, uma superiora chegou a dizer que a trabalhadora deveria emagrecer para conseguir usar o uniforme.<\/p>\n<h2>Justi\u00e7a reconheceu dano moral<\/h2>\n<p class=\"isSelectedEnd\">A empresa negou que tenha ocorrido discrimina\u00e7\u00e3o ou gordofobia e afirmou que o atraso na entrega de um uniforme adequado foi resultado de uma falha operacional. A defesa tamb\u00e9m sustentou que eventuais coment\u00e1rios ofensivos teriam sido feitos de maneira isolada por colegas, sem conhecimento ou omiss\u00e3o da companhia.<\/p>\n<p class=\"isSelectedEnd\">A Zamp ainda contestou o pedido de rescis\u00e3o indireta e defendeu a validade do pedido de demiss\u00e3o apresentado pela funcion\u00e1ria.<\/p>\n<p class=\"isSelectedEnd\">Para o juiz-relator Jo\u00e3o Forte J\u00fanior, entretanto, a conduta da superiora demonstrou desprezo pela trabalhadora e representou uma invers\u00e3o de valores, j\u00e1 que, segundo ele, era o uniforme que deveria ser adaptado \u00e0 funcion\u00e1ria, e n\u00e3o o contr\u00e1rio.<\/p>\n<p class=\"isSelectedEnd\">A Turma reconheceu a exist\u00eancia de dano moral e considerou a situa\u00e7\u00e3o grave o suficiente para determinar a rescis\u00e3o indireta do contrato. Com isso, a trabalhadora passa a ter direito \u00e0s verbas semelhantes \u00e0s de uma demiss\u00e3o sem justa causa.<\/p>\n<p class=\"isSelectedEnd\">A decis\u00e3o tamb\u00e9m determinou o pagamento de adicional de insalubridade de 20% sobre o sal\u00e1rio-m\u00ednimo, horas extras, valores referentes ao intervalo intrajornada n\u00e3o usufru\u00eddo integralmente, vale-refei\u00e7\u00e3o e R$ 3.150 relativos \u00e0 Participa\u00e7\u00e3o nos Lucros e Resultados (PLR).<\/p>\n<p class=\"isSelectedEnd\">O Tribunal elevou ainda para R$ 150 mil o valor provis\u00f3rio da condena\u00e7\u00e3o. O montante, no entanto, ainda ser\u00e1 calculado definitivamente durante a fase de liquida\u00e7\u00e3o do processo.<\/p>\n<h2>Funcion\u00e1ria tamb\u00e9m foi multada<\/h2>\n<p class=\"isSelectedEnd\">Apesar da decis\u00e3o favor\u00e1vel em parte dos pedidos, a trabalhadora tamb\u00e9m foi condenada por litig\u00e2ncia de m\u00e1-f\u00e9. A Turma entendeu que, em seu recurso, ela atribuiu \u00e0s testemunhas da empresa declara\u00e7\u00f5es que n\u00e3o haviam sido feitas durante a audi\u00eancia.<\/p>\n<p class=\"isSelectedEnd\">Por esse motivo, foi aplicada multa de 30% sobre o valor da causa. A funcion\u00e1ria tamb\u00e9m recebeu outra multa, de 2%, por apresentar uma reclama\u00e7\u00e3o considerada desnecess\u00e1ria.<\/p>\n<p class=\"isSelectedEnd\">O processo ainda n\u00e3o foi encerrado e aguarda a an\u00e1lise de pedidos e recursos apresentados pelas partes.<\/p>\n<p>Em nota, o Burger King afirmou que seguran\u00e7a, acolhimento e respeito s\u00e3o princ\u00edpios inegoci\u00e1veis. A empresa declarou que acompanha o desfecho do caso e ressaltou que situa\u00e7\u00f5es como a relatada \u201cn\u00e3o refletem os valores nem as diretrizes internas da Companhia\u201d.<\/p>\n","protected":false},"excerpt":{"rendered":"<p>Justi\u00e7a reconheceu dano moral e determinou rescis\u00e3o indireta do contrato; empresa dever\u00e1 pagar indeniza\u00e7\u00e3o e<\/p>\n","protected":false},"author":3,"featured_media":48836,"comment_status":"open","ping_status":"open","sticky":false,"template":"","format":"standard","meta":{"footnotes":""},"categories":[3,22],"tags":[],"class_list":["post-48835","post","type-post","status-publish","format-standard","has-post-thumbnail","hentry","category-destaques","category-justica"],"yoast_head":"<!-- This site is optimized with the Yoast SEO plugin v28.3 - https:\/\/yoast.com\/product\/yoast-seo-wordpress\/ -->\n<title>Burger King \u00e9 condenado ap\u00f3s funcion\u00e1ria ser constrangida por uniforme inadequado - Jornal<\/title>\n<meta name=\"description\" content=\"Burger King \u00e9 condenado ap\u00f3s funcion\u00e1ria ser constrangida por uniforme inadequado\" \/>\n<meta name=\"robots\" content=\"index, follow, max-snippet:-1, max-image-preview:large, max-video-preview:-1\" \/>\n<link rel=\"canonical\" href=\"https:\/\/jornalboasnoticias.com.br\/home\/burger-king-e-condenado-apos-funcionaria-ser-constrangida-por-uniforme-inadequado\/\" \/>\n<meta property=\"og:locale\" content=\"pt_BR\" \/>\n<meta property=\"og:type\" content=\"article\" \/>\n<meta property=\"og:title\" content=\"Burger King \u00e9 condenado ap\u00f3s funcion\u00e1ria ser constrangida por uniforme inadequado - Jornal\" \/>\n<meta property=\"og:description\" content=\"Burger King \u00e9 condenado ap\u00f3s funcion\u00e1ria ser constrangida por uniforme inadequado\" \/>\n<meta property=\"og:url\" content=\"https:\/\/jornalboasnoticias.com.br\/home\/burger-king-e-condenado-apos-funcionaria-ser-constrangida-por-uniforme-inadequado\/\" \/>\n<meta property=\"og:site_name\" content=\"Jornal\" \/>\n<meta property=\"article:publisher\" content=\"https:\/\/www.facebook.com\/boasnoticiasjornal\" \/>\n<meta property=\"article:published_time\" content=\"2026-09-04T16:58:09+00:00\" \/>\n<meta property=\"og:image\" content=\"https:\/\/jornalboasnoticias.com.br\/home\/wp-content\/uploads\/2026\/09\/burger-king-6.webp\" \/>\n\t<meta property=\"og:image:width\" content=\"1200\" \/>\n\t<meta property=\"og:image:height\" content=\"800\" \/>\n\t<meta property=\"og:image:type\" content=\"image\/webp\" \/>\n<meta name=\"author\" content=\"Luiz Carlos da Cruz\" \/>\n<meta name=\"twitter:card\" content=\"summary_large_image\" \/>\n<meta name=\"twitter:label1\" content=\"Escrito por\" \/>\n\t<meta name=\"twitter:data1\" content=\"Luiz Carlos da Cruz\" \/>\n\t<meta name=\"twitter:label2\" content=\"Est. tempo de leitura\" \/>\n\t<meta name=\"twitter:data2\" content=\"4 minutos\" \/>\n<script type=\"application\/ld+json\" class=\"yoast-schema-graph\">{\"@context\":\"https:\\\/\\\/schema.org\",\"@graph\":[{\"@type\":\"Article\",\"@id\":\"https:\\\/\\\/jornalboasnoticias.com.br\\\/home\\\/burger-king-e-condenado-apos-funcionaria-ser-constrangida-por-uniforme-inadequado\\\/#article\",\"isPartOf\":{\"@id\":\"https:\\\/\\\/jornalboasnoticias.com.br\\\/home\\\/burger-king-e-condenado-apos-funcionaria-ser-constrangida-por-uniforme-inadequado\\\/\"},\"author\":{\"name\":\"Luiz Carlos da Cruz\",\"@id\":\"https:\\\/\\\/jornalboasnoticias.com.br\\\/home\\\/#\\\/schema\\\/person\\\/75f9ebde398c998c166475fb446bda62\"},\"headline\":\"Burger King \u00e9 condenado ap\u00f3s funcion\u00e1ria ser constrangida por uniforme inadequado\",\"datePublished\":\"2026-09-04T16:58:09+00:00\",\"mainEntityOfPage\":{\"@id\":\"https:\\\/\\\/jornalboasnoticias.com.br\\\/home\\\/burger-king-e-condenado-apos-funcionaria-ser-constrangida-por-uniforme-inadequado\\\/\"},\"wordCount\":640,\"commentCount\":0,\"publisher\":{\"@id\":\"https:\\\/\\\/jornalboasnoticias.com.br\\\/home\\\/#organization\"},\"image\":{\"@id\":\"https:\\\/\\\/jornalboasnoticias.com.br\\\/home\\\/burger-king-e-condenado-apos-funcionaria-ser-constrangida-por-uniforme-inadequado\\\/#primaryimage\"},\"thumbnailUrl\":\"https:\\\/\\\/jornalboasnoticias.com.br\\\/home\\\/wp-content\\\/uploads\\\/2026\\\/09\\\/burger-king-6.webp\",\"articleSection\":[\"DESTAQUE\",\"JUSTI\u00c7A\"],\"inLanguage\":\"pt-BR\",\"potentialAction\":[{\"@type\":\"CommentAction\",\"name\":\"Comment\",\"target\":[\"https:\\\/\\\/jornalboasnoticias.com.br\\\/home\\\/burger-king-e-condenado-apos-funcionaria-ser-constrangida-por-uniforme-inadequado\\\/#respond\"]}]},{\"@type\":\"WebPage\",\"@id\":\"https:\\\/\\\/jornalboasnoticias.com.br\\\/home\\\/burger-king-e-condenado-apos-funcionaria-ser-constrangida-por-uniforme-inadequado\\\/\",\"url\":\"https:\\\/\\\/jornalboasnoticias.com.br\\\/home\\\/burger-king-e-condenado-apos-funcionaria-ser-constrangida-por-uniforme-inadequado\\\/\",\"name\":\"Burger King \u00e9 condenado ap\u00f3s funcion\u00e1ria ser constrangida por uniforme inadequado - Jornal\",\"isPartOf\":{\"@id\":\"https:\\\/\\\/jornalboasnoticias.com.br\\\/home\\\/#website\"},\"primaryImageOfPage\":{\"@id\":\"https:\\\/\\\/jornalboasnoticias.com.br\\\/home\\\/burger-king-e-condenado-apos-funcionaria-ser-constrangida-por-uniforme-inadequado\\\/#primaryimage\"},\"image\":{\"@id\":\"https:\\\/\\\/jornalboasnoticias.com.br\\\/home\\\/burger-king-e-condenado-apos-funcionaria-ser-constrangida-por-uniforme-inadequado\\\/#primaryimage\"},\"thumbnailUrl\":\"https:\\\/\\\/jornalboasnoticias.com.br\\\/home\\\/wp-content\\\/uploads\\\/2026\\\/09\\\/burger-king-6.webp\",\"datePublished\":\"2026-09-04T16:58:09+00:00\",\"description\":\"Burger King \u00e9 condenado ap\u00f3s funcion\u00e1ria ser constrangida por uniforme inadequado\",\"breadcrumb\":{\"@id\":\"https:\\\/\\\/jornalboasnoticias.com.br\\\/home\\\/burger-king-e-condenado-apos-funcionaria-ser-constrangida-por-uniforme-inadequado\\\/#breadcrumb\"},\"inLanguage\":\"pt-BR\",\"potentialAction\":[{\"@type\":\"ReadAction\",\"target\":[\"https:\\\/\\\/jornalboasnoticias.com.br\\\/home\\\/burger-king-e-condenado-apos-funcionaria-ser-constrangida-por-uniforme-inadequado\\\/\"]}]},{\"@type\":\"ImageObject\",\"inLanguage\":\"pt-BR\",\"@id\":\"https:\\\/\\\/jornalboasnoticias.com.br\\\/home\\\/burger-king-e-condenado-apos-funcionaria-ser-constrangida-por-uniforme-inadequado\\\/#primaryimage\",\"url\":\"https:\\\/\\\/jornalboasnoticias.com.br\\\/home\\\/wp-content\\\/uploads\\\/2026\\\/09\\\/burger-king-6.webp\",\"contentUrl\":\"https:\\\/\\\/jornalboasnoticias.com.br\\\/home\\\/wp-content\\\/uploads\\\/2026\\\/09\\\/burger-king-6.webp\",\"width\":1200,\"height\":800,\"caption\":\"Smith Collection\\\/Gado\\\/Getty Images\"},{\"@type\":\"BreadcrumbList\",\"@id\":\"https:\\\/\\\/jornalboasnoticias.com.br\\\/home\\\/burger-king-e-condenado-apos-funcionaria-ser-constrangida-por-uniforme-inadequado\\\/#breadcrumb\",\"itemListElement\":[{\"@type\":\"ListItem\",\"position\":1,\"name\":\"In\u00edcio\",\"item\":\"https:\\\/\\\/jornalboasnoticias.com.br\\\/home\\\/\"},{\"@type\":\"ListItem\",\"position\":2,\"name\":\"Burger King \u00e9 condenado ap\u00f3s funcion\u00e1ria ser constrangida por uniforme inadequado\"}]},{\"@type\":\"WebSite\",\"@id\":\"https:\\\/\\\/jornalboasnoticias.com.br\\\/home\\\/#website\",\"url\":\"https:\\\/\\\/jornalboasnoticias.com.br\\\/home\\\/\",\"name\":\"Jornal Boas Not\u00edcias\",\"description\":\"Boas not\u00edcias\",\"publisher\":{\"@id\":\"https:\\\/\\\/jornalboasnoticias.com.br\\\/home\\\/#organization\"},\"potentialAction\":[{\"@type\":\"SearchAction\",\"target\":{\"@type\":\"EntryPoint\",\"urlTemplate\":\"https:\\\/\\\/jornalboasnoticias.com.br\\\/home\\\/?s={search_term_string}\"},\"query-input\":{\"@type\":\"PropertyValueSpecification\",\"valueRequired\":true,\"valueName\":\"search_term_string\"}}],\"inLanguage\":\"pt-BR\"},{\"@type\":\"Organization\",\"@id\":\"https:\\\/\\\/jornalboasnoticias.com.br\\\/home\\\/#organization\",\"name\":\"Coq Editora Ltda\",\"alternateName\":\"Jornal Boas Noticias\",\"url\":\"https:\\\/\\\/jornalboasnoticias.com.br\\\/home\\\/\",\"logo\":{\"@type\":\"ImageObject\",\"inLanguage\":\"pt-BR\",\"@id\":\"https:\\\/\\\/jornalboasnoticias.com.br\\\/home\\\/#\\\/schema\\\/logo\\\/image\\\/\",\"url\":\"https:\\\/\\\/jornalboasnoticias.com.br\\\/home\\\/wp-content\\\/uploads\\\/2024\\\/07\\\/cropped-logo.jpg\",\"contentUrl\":\"https:\\\/\\\/jornalboasnoticias.com.br\\\/home\\\/wp-content\\\/uploads\\\/2024\\\/07\\\/cropped-logo.jpg\",\"width\":290,\"height\":142,\"caption\":\"Coq Editora Ltda\"},\"image\":{\"@id\":\"https:\\\/\\\/jornalboasnoticias.com.br\\\/home\\\/#\\\/schema\\\/logo\\\/image\\\/\"},\"sameAs\":[\"https:\\\/\\\/www.facebook.com\\\/boasnoticiasjornal\"]},{\"@type\":\"Person\",\"@id\":\"https:\\\/\\\/jornalboasnoticias.com.br\\\/home\\\/#\\\/schema\\\/person\\\/75f9ebde398c998c166475fb446bda62\",\"name\":\"Luiz Carlos da Cruz\",\"image\":{\"@type\":\"ImageObject\",\"inLanguage\":\"pt-BR\",\"@id\":\"https:\\\/\\\/secure.gravatar.com\\\/avatar\\\/e6f4f45301b6cb8572f7b076572e8ac11c1db80e805d8c8d0858cf286ce3ac3b?s=96&d=mm&r=g\",\"url\":\"https:\\\/\\\/secure.gravatar.com\\\/avatar\\\/e6f4f45301b6cb8572f7b076572e8ac11c1db80e805d8c8d0858cf286ce3ac3b?s=96&d=mm&r=g\",\"contentUrl\":\"https:\\\/\\\/secure.gravatar.com\\\/avatar\\\/e6f4f45301b6cb8572f7b076572e8ac11c1db80e805d8c8d0858cf286ce3ac3b?s=96&d=mm&r=g\",\"caption\":\"Luiz Carlos da Cruz\"},\"url\":\"https:\\\/\\\/jornalboasnoticias.com.br\\\/home\\\/author\\\/luiz-carlos-da-cruz\\\/\"}]}<\/script>\n<!-- \/ Yoast SEO plugin. -->","yoast_head_json":{"title":"Burger King \u00e9 condenado ap\u00f3s funcion\u00e1ria ser constrangida por uniforme inadequado - Jornal","description":"Burger King \u00e9 condenado ap\u00f3s funcion\u00e1ria ser constrangida por uniforme inadequado","robots":{"index":"index","follow":"follow","max-snippet":"max-snippet:-1","max-image-preview":"max-image-preview:large","max-video-preview":"max-video-preview:-1"},"canonical":"https:\/\/jornalboasnoticias.com.br\/home\/burger-king-e-condenado-apos-funcionaria-ser-constrangida-por-uniforme-inadequado\/","og_locale":"pt_BR","og_type":"article","og_title":"Burger King \u00e9 condenado ap\u00f3s funcion\u00e1ria ser constrangida por uniforme inadequado - Jornal","og_description":"Burger King \u00e9 condenado ap\u00f3s funcion\u00e1ria ser constrangida por uniforme inadequado","og_url":"https:\/\/jornalboasnoticias.com.br\/home\/burger-king-e-condenado-apos-funcionaria-ser-constrangida-por-uniforme-inadequado\/","og_site_name":"Jornal","article_publisher":"https:\/\/www.facebook.com\/boasnoticiasjornal","article_published_time":"2026-09-04T16:58:09+00:00","og_image":[{"width":1200,"height":800,"url":"https:\/\/jornalboasnoticias.com.br\/home\/wp-content\/uploads\/2026\/09\/burger-king-6.webp","type":"image\/webp"}],"author":"Luiz Carlos da Cruz","twitter_card":"summary_large_image","twitter_misc":{"Escrito por":"Luiz Carlos da Cruz","Est. tempo de leitura":"4 minutos"},"schema":{"@context":"https:\/\/schema.org","@graph":[{"@type":"Article","@id":"https:\/\/jornalboasnoticias.com.br\/home\/burger-king-e-condenado-apos-funcionaria-ser-constrangida-por-uniforme-inadequado\/#article","isPartOf":{"@id":"https:\/\/jornalboasnoticias.com.br\/home\/burger-king-e-condenado-apos-funcionaria-ser-constrangida-por-uniforme-inadequado\/"},"author":{"name":"Luiz Carlos da Cruz","@id":"https:\/\/jornalboasnoticias.com.br\/home\/#\/schema\/person\/75f9ebde398c998c166475fb446bda62"},"headline":"Burger King \u00e9 condenado ap\u00f3s funcion\u00e1ria ser constrangida por uniforme inadequado","datePublished":"2026-09-04T16:58:09+00:00","mainEntityOfPage":{"@id":"https:\/\/jornalboasnoticias.com.br\/home\/burger-king-e-condenado-apos-funcionaria-ser-constrangida-por-uniforme-inadequado\/"},"wordCount":640,"commentCount":0,"publisher":{"@id":"https:\/\/jornalboasnoticias.com.br\/home\/#organization"},"image":{"@id":"https:\/\/jornalboasnoticias.com.br\/home\/burger-king-e-condenado-apos-funcionaria-ser-constrangida-por-uniforme-inadequado\/#primaryimage"},"thumbnailUrl":"https:\/\/jornalboasnoticias.com.br\/home\/wp-content\/uploads\/2026\/09\/burger-king-6.webp","articleSection":["DESTAQUE","JUSTI\u00c7A"],"inLanguage":"pt-BR","potentialAction":[{"@type":"CommentAction","name":"Comment","target":["https:\/\/jornalboasnoticias.com.br\/home\/burger-king-e-condenado-apos-funcionaria-ser-constrangida-por-uniforme-inadequado\/#respond"]}]},{"@type":"WebPage","@id":"https:\/\/jornalboasnoticias.com.br\/home\/burger-king-e-condenado-apos-funcionaria-ser-constrangida-por-uniforme-inadequado\/","url":"https:\/\/jornalboasnoticias.com.br\/home\/burger-king-e-condenado-apos-funcionaria-ser-constrangida-por-uniforme-inadequado\/","name":"Burger King \u00e9 condenado ap\u00f3s funcion\u00e1ria ser constrangida por uniforme inadequado - Jornal","isPartOf":{"@id":"https:\/\/jornalboasnoticias.com.br\/home\/#website"},"primaryImageOfPage":{"@id":"https:\/\/jornalboasnoticias.com.br\/home\/burger-king-e-condenado-apos-funcionaria-ser-constrangida-por-uniforme-inadequado\/#primaryimage"},"image":{"@id":"https:\/\/jornalboasnoticias.com.br\/home\/burger-king-e-condenado-apos-funcionaria-ser-constrangida-por-uniforme-inadequado\/#primaryimage"},"thumbnailUrl":"https:\/\/jornalboasnoticias.com.br\/home\/wp-content\/uploads\/2026\/09\/burger-king-6.webp","datePublished":"2026-09-04T16:58:09+00:00","description":"Burger King \u00e9 condenado ap\u00f3s funcion\u00e1ria ser constrangida por uniforme inadequado","breadcrumb":{"@id":"https:\/\/jornalboasnoticias.com.br\/home\/burger-king-e-condenado-apos-funcionaria-ser-constrangida-por-uniforme-inadequado\/#breadcrumb"},"inLanguage":"pt-BR","potentialAction":[{"@type":"ReadAction","target":["https:\/\/jornalboasnoticias.com.br\/home\/burger-king-e-condenado-apos-funcionaria-ser-constrangida-por-uniforme-inadequado\/"]}]},{"@type":"ImageObject","inLanguage":"pt-BR","@id":"https:\/\/jornalboasnoticias.com.br\/home\/burger-king-e-condenado-apos-funcionaria-ser-constrangida-por-uniforme-inadequado\/#primaryimage","url":"https:\/\/jornalboasnoticias.com.br\/home\/wp-content\/uploads\/2026\/09\/burger-king-6.webp","contentUrl":"https:\/\/jornalboasnoticias.com.br\/home\/wp-content\/uploads\/2026\/09\/burger-king-6.webp","width":1200,"height":800,"caption":"Smith Collection\/Gado\/Getty Images"},{"@type":"BreadcrumbList","@id":"https:\/\/jornalboasnoticias.com.br\/home\/burger-king-e-condenado-apos-funcionaria-ser-constrangida-por-uniforme-inadequado\/#breadcrumb","itemListElement":[{"@type":"ListItem","position":1,"name":"In\u00edcio","item":"https:\/\/jornalboasnoticias.com.br\/home\/"},{"@type":"ListItem","position":2,"name":"Burger King \u00e9 condenado ap\u00f3s funcion\u00e1ria ser constrangida por uniforme inadequado"}]},{"@type":"WebSite","@id":"https:\/\/jornalboasnoticias.com.br\/home\/#website","url":"https:\/\/jornalboasnoticias.com.br\/home\/","name":"Jornal Boas Not\u00edcias","description":"Boas not\u00edcias","publisher":{"@id":"https:\/\/jornalboasnoticias.com.br\/home\/#organization"},"potentialAction":[{"@type":"SearchAction","target":{"@type":"EntryPoint","urlTemplate":"https:\/\/jornalboasnoticias.com.br\/home\/?s={search_term_string}"},"query-input":{"@type":"PropertyValueSpecification","valueRequired":true,"valueName":"search_term_string"}}],"inLanguage":"pt-BR"},{"@type":"Organization","@id":"https:\/\/jornalboasnoticias.com.br\/home\/#organization","name":"Coq Editora Ltda","alternateName":"Jornal Boas Noticias","url":"https:\/\/jornalboasnoticias.com.br\/home\/","logo":{"@type":"ImageObject","inLanguage":"pt-BR","@id":"https:\/\/jornalboasnoticias.com.br\/home\/#\/schema\/logo\/image\/","url":"https:\/\/jornalboasnoticias.com.br\/home\/wp-content\/uploads\/2024\/07\/cropped-logo.jpg","contentUrl":"https:\/\/jornalboasnoticias.com.br\/home\/wp-content\/uploads\/2024\/07\/cropped-logo.jpg","width":290,"height":142,"caption":"Coq Editora Ltda"},"image":{"@id":"https:\/\/jornalboasnoticias.com.br\/home\/#\/schema\/logo\/image\/"},"sameAs":["https:\/\/www.facebook.com\/boasnoticiasjornal"]},{"@type":"Person","@id":"https:\/\/jornalboasnoticias.com.br\/home\/#\/schema\/person\/75f9ebde398c998c166475fb446bda62","name":"Luiz Carlos da Cruz","image":{"@type":"ImageObject","inLanguage":"pt-BR","@id":"https:\/\/secure.gravatar.com\/avatar\/e6f4f45301b6cb8572f7b076572e8ac11c1db80e805d8c8d0858cf286ce3ac3b?s=96&d=mm&r=g","url":"https:\/\/secure.gravatar.com\/avatar\/e6f4f45301b6cb8572f7b076572e8ac11c1db80e805d8c8d0858cf286ce3ac3b?s=96&d=mm&r=g","contentUrl":"https:\/\/secure.gravatar.com\/avatar\/e6f4f45301b6cb8572f7b076572e8ac11c1db80e805d8c8d0858cf286ce3ac3b?s=96&d=mm&r=g","caption":"Luiz Carlos da Cruz"},"url":"https:\/\/jornalboasnoticias.com.br\/home\/author\/luiz-carlos-da-cruz\/"}]}},"_links":{"self":[{"href":"https:\/\/jornalboasnoticias.com.br\/home\/wp-json\/wp\/v2\/posts\/48835","targetHints":{"allow":["GET"]}}],"collection":[{"href":"https:\/\/jornalboasnoticias.com.br\/home\/wp-json\/wp\/v2\/posts"}],"about":[{"href":"https:\/\/jornalboasnoticias.com.br\/home\/wp-json\/wp\/v2\/types\/post"}],"author":[{"embeddable":true,"href":"https:\/\/jornalboasnoticias.com.br\/home\/wp-json\/wp\/v2\/users\/3"}],"replies":[{"embeddable":true,"href":"https:\/\/jornalboasnoticias.com.br\/home\/wp-json\/wp\/v2\/comments?post=48835"}],"version-history":[{"count":1,"href":"https:\/\/jornalboasnoticias.com.br\/home\/wp-json\/wp\/v2\/posts\/48835\/revisions"}],"predecessor-version":[{"id":48837,"href":"https:\/\/jornalboasnoticias.com.br\/home\/wp-json\/wp\/v2\/posts\/48835\/revisions\/48837"}],"wp:featuredmedia":[{"embeddable":true,"href":"https:\/\/jornalboasnoticias.com.br\/home\/wp-json\/wp\/v2\/media\/48836"}],"wp:attachment":[{"href":"https:\/\/jornalboasnoticias.com.br\/home\/wp-json\/wp\/v2\/media?parent=48835"}],"wp:term":[{"taxonomy":"category","embeddable":true,"href":"https:\/\/jornalboasnoticias.com.br\/home\/wp-json\/wp\/v2\/categories?post=48835"},{"taxonomy":"post_tag","embeddable":true,"href":"https:\/\/jornalboasnoticias.com.br\/home\/wp-json\/wp\/v2\/tags?post=48835"}],"curies":[{"name":"wp","href":"https:\/\/api.w.org\/{rel}","templated":true}]}}