{"id":48832,"date":"2026-09-04T14:50:51","date_gmt":"2026-09-04T14:50:51","guid":{"rendered":"https:\/\/jornalboasnoticias.com.br\/home\/?p=48832"},"modified":"2026-09-04T14:50:51","modified_gmt":"2026-09-04T14:50:51","slug":"fachin-da-5-dias-para-mendonca-e-gonet-responderem-acusacao-de-moraes","status":"publish","type":"post","link":"https:\/\/jornalboasnoticias.com.br\/home\/fachin-da-5-dias-para-mendonca-e-gonet-responderem-acusacao-de-moraes\/","title":{"rendered":"Fachin d\u00e1 5 dias para Mendon\u00e7a e Gonet responderem acusa\u00e7\u00e3o de Moraes"},"content":{"rendered":"<blockquote>\n<p style=\"text-align: center;\">Moraes apontou atos que considera improbidade administrativa<\/p>\n<\/blockquote>\n<figure id=\"attachment_87964\" aria-describedby=\"caption-attachment-87964\" style=\"width: 800px\" class=\"wp-caption aligncenter\"><img loading=\"lazy\" decoding=\"async\" class=\"size-large wp-image-87964\" src=\"https:\/\/portalcantagalo.com.br\/wp-content\/uploads\/2026\/09\/img_4439.jpg-1024x613.jpg\" alt=\"\" width=\"800\" height=\"479\" \/><figcaption id=\"caption-attachment-87964\" class=\"wp-caption-text\">\u00a9 Fabio Rodrigues-Pozzebom\/Ag\u00eancia Brasil<\/figcaption><\/figure>\n<p>O presidente do Supremo Tribunal Federal (STF), Edson Fachin, determinou nesta sexta-feira (4) cinco dias de prazo para que o ministro Andr\u00e9 Mendon\u00e7a, tamb\u00e9m da Corte, e o procurador-geral da Rep\u00fablica, Paulo Gonet, manifestem-se sobre supostas irregularidades na condu\u00e7\u00e3o do caso Master.\u00a0<img decoding=\"async\" src=\"https:\/\/agenciabrasil.ebc.com.br\/ebc.png?id=1701528&amp;o=node\" \/><img decoding=\"async\" src=\"https:\/\/agenciabrasil.ebc.com.br\/ebc.gif?id=1701528&amp;o=node\" \/><\/p>\n<p>Tais irregularidades foram apontadas pelo tamb\u00e9m\u00a0ministro do Supremo, Alexandre de Moraes. Para embasar suas afirma\u00e7\u00f5es, ele apresentou um relat\u00f3rio de intelig\u00eancia da Pol\u00edcia Federal (PF), embora o documento n\u00e3o traga o cabe\u00e7alho da institui\u00e7\u00e3o ou a assinatura de algum delegado, como \u00e9 de praxe para esse tipo de documento.<\/p>\n<p>Moraes apontou atos que considera improbidade administrativa, abuso de autoridade e crime de responsabilidade por parte de Mendon\u00e7a, a quem acusa de ter direcionado a investiga\u00e7\u00e3o do caso Master para atingi-lo.<\/p>\n<p>No relat\u00f3rio apresentado por Moraes consta a sugest\u00e3o de que Mendon\u00e7a pudesse estar direcionando as investiga\u00e7\u00f5es do caso Master para atingir\u00a0desafetos pol\u00edticos, incluindo o pr\u00f3prio Moraes e o presidente do Senado, Davi Alcolumbre (Uni\u00e3o-AP).<\/p>\n<p>O mesmo documento, contudo, diz que as afirma\u00e7\u00f5es s\u00e3o uma &#8220;an\u00e1lise de cen\u00e1rio&#8221; e tamb\u00e9m &#8220;sem valor probat\u00f3rio&#8221;. O relat\u00f3rio ap\u00f3crifo foi tornado p\u00fablico pelo Supremo.<\/p>\n<h2>Mensagens<\/h2>\n<p>A crise entre ministros do Supremo emergiu nesta semana, ap\u00f3s Mendon\u00e7a retirar o sigilo de um relat\u00f3rio da PF que traz mensagens enviadas pelo ex-banqueiro Daniel Vorcaro, antigo dono do banco Master, a Moraes, segundo o documento.<\/p>\n<p>As conversas mostram cita\u00e7\u00f5es aos nomes de Moraes e Gonet. As mensagens foram recuperadas do celular de Vorcaro, alvo central da Opera\u00e7\u00e3o Compliance Zero, que trata da suspeita de fraudes financeiras bilion\u00e1rias no Master. O caso \u00e9 relatado por Mendon\u00e7a.<\/p>\n<p>As dezenas de mensagens sugerem, por exemplo, que Moraes editou um contrato de mais de R$ 130 milh\u00f5es entre o Master e o escrit\u00f3rio de advocacia de sua esposa, Viviane Barci de Moraes.<\/p>\n<h2><strong>Fachin<\/strong><\/h2>\n<p>Na quinta-feira (3), Fachin j\u00e1 havia cobrado que Gonet, Moraes e Mendon\u00e7a se manifestassem sobre as informa\u00e7\u00f5es constantes no relat\u00f3rio da PF sobre as conversas de Vorcaro.<\/p>\n<p>O presidente do STF escreveu que levar\u00e1 ao plen\u00e1rio, no momento oportuno, um pedido do PGR para que as investiga\u00e7\u00f5es supervisionadas por Mendon\u00e7a sejam anuladas.<\/p>\n<blockquote><p>\u201cCabe \u00e0 Presid\u00eancia do tribunal zelar para que a poss\u00edvel aprecia\u00e7\u00e3o\u00a0colegiada seja feita, a tempo e modo, com o elevado senso de\u00a0responsabilidade que os fatos reclamam, sempre assegurando o respeito\u00a0\u00e0s garantias constitucionais do devido processo legal, da ampla defesa e\u00a0do contradit\u00f3rio\u201d, escreveu.<\/p><\/blockquote>\n<p>Em novo despacho nesta sexta-feira, Fachin determinou\u00a0que Gonet apresente parecer tamb\u00e9m sobre o pedido de investiga\u00e7\u00e3o contra Mendon\u00e7a, feito na noite de ontem por Moraes<\/p>\n<p>Ainda no despacho de hoje, Fachin determinou que o documento apresentado por Moraes para fazer as acusa\u00e7\u00f5es contra Mendon\u00e7a seja retirado do inqu\u00e9rito das Fake News, relatado pelo pr\u00f3prio Moraes, e anexado a uma peti\u00e7\u00e3o separada, relatada pelo presidente do Supremo.<\/p>\n<blockquote><p>\u201cAs provid\u00eancias ora determinadas destinam-se exclusivamente \u00e0 instru\u00e7\u00e3o do feito, sem antecipa\u00e7\u00e3o de ju\u00edzo quanto \u00e0 admissibilidade, \u00e0 regularidade do procedimento ou ao m\u00e9rito das imputa\u00e7\u00f5es\u201d, escreveu Fachin na decis\u00e3o.<\/p><\/blockquote>\n<p><em>Ag\u00eancia Brasil<\/em><\/p>\n","protected":false},"excerpt":{"rendered":"<p>Moraes apontou atos que considera improbidade administrativa O presidente do Supremo Tribunal Federal (STF), Edson<\/p>\n","protected":false},"author":3,"featured_media":48833,"comment_status":"open","ping_status":"open","sticky":false,"template":"","format":"standard","meta":{"footnotes":""},"categories":[3,22],"tags":[],"class_list":["post-48832","post","type-post","status-publish","format-standard","has-post-thumbnail","hentry","category-destaques","category-justica"],"yoast_head":"<!-- This site is optimized with the Yoast SEO plugin v28.3 - https:\/\/yoast.com\/product\/yoast-seo-wordpress\/ -->\n<title>Fachin d\u00e1 5 dias para Mendon\u00e7a e Gonet responderem acusa\u00e7\u00e3o de Moraes - Jornal<\/title>\n<meta name=\"description\" content=\"Fachin d\u00e1 5 dias para Mendon\u00e7a e Gonet responderem acusa\u00e7\u00e3o de Moraes\" \/>\n<meta name=\"robots\" content=\"index, follow, max-snippet:-1, max-image-preview:large, max-video-preview:-1\" \/>\n<link rel=\"canonical\" href=\"https:\/\/jornalboasnoticias.com.br\/home\/fachin-da-5-dias-para-mendonca-e-gonet-responderem-acusacao-de-moraes\/\" \/>\n<meta property=\"og:locale\" content=\"pt_BR\" \/>\n<meta property=\"og:type\" content=\"article\" \/>\n<meta property=\"og:title\" content=\"Fachin d\u00e1 5 dias para Mendon\u00e7a e Gonet responderem acusa\u00e7\u00e3o de Moraes - Jornal\" \/>\n<meta property=\"og:description\" content=\"Fachin d\u00e1 5 dias para Mendon\u00e7a e Gonet responderem acusa\u00e7\u00e3o de Moraes\" \/>\n<meta property=\"og:url\" content=\"https:\/\/jornalboasnoticias.com.br\/home\/fachin-da-5-dias-para-mendonca-e-gonet-responderem-acusacao-de-moraes\/\" \/>\n<meta property=\"og:site_name\" content=\"Jornal\" \/>\n<meta property=\"article:publisher\" content=\"https:\/\/www.facebook.com\/boasnoticiasjornal\" \/>\n<meta property=\"article:published_time\" content=\"2026-09-04T14:50:51+00:00\" \/>\n<meta property=\"og:image\" content=\"https:\/\/jornalboasnoticias.com.br\/home\/wp-content\/uploads\/2026\/09\/img_4439.jpg.jpg\" \/>\n\t<meta property=\"og:image:width\" content=\"1170\" \/>\n\t<meta property=\"og:image:height\" content=\"700\" \/>\n\t<meta property=\"og:image:type\" content=\"image\/jpeg\" \/>\n<meta name=\"author\" content=\"Luiz Carlos da Cruz\" \/>\n<meta name=\"twitter:card\" content=\"summary_large_image\" \/>\n<meta name=\"twitter:label1\" content=\"Escrito por\" \/>\n\t<meta name=\"twitter:data1\" content=\"Luiz Carlos da Cruz\" \/>\n\t<meta name=\"twitter:label2\" content=\"Est. tempo de leitura\" \/>\n\t<meta name=\"twitter:data2\" content=\"4 minutos\" \/>\n<script type=\"application\/ld+json\" class=\"yoast-schema-graph\">{\"@context\":\"https:\\\/\\\/schema.org\",\"@graph\":[{\"@type\":\"Article\",\"@id\":\"https:\\\/\\\/jornalboasnoticias.com.br\\\/home\\\/fachin-da-5-dias-para-mendonca-e-gonet-responderem-acusacao-de-moraes\\\/#article\",\"isPartOf\":{\"@id\":\"https:\\\/\\\/jornalboasnoticias.com.br\\\/home\\\/fachin-da-5-dias-para-mendonca-e-gonet-responderem-acusacao-de-moraes\\\/\"},\"author\":{\"name\":\"Luiz Carlos da Cruz\",\"@id\":\"https:\\\/\\\/jornalboasnoticias.com.br\\\/home\\\/#\\\/schema\\\/person\\\/75f9ebde398c998c166475fb446bda62\"},\"headline\":\"Fachin d\u00e1 5 dias para Mendon\u00e7a e Gonet responderem acusa\u00e7\u00e3o de Moraes\",\"datePublished\":\"2026-09-04T14:50:51+00:00\",\"mainEntityOfPage\":{\"@id\":\"https:\\\/\\\/jornalboasnoticias.com.br\\\/home\\\/fachin-da-5-dias-para-mendonca-e-gonet-responderem-acusacao-de-moraes\\\/\"},\"wordCount\":581,\"commentCount\":0,\"publisher\":{\"@id\":\"https:\\\/\\\/jornalboasnoticias.com.br\\\/home\\\/#organization\"},\"image\":{\"@id\":\"https:\\\/\\\/jornalboasnoticias.com.br\\\/home\\\/fachin-da-5-dias-para-mendonca-e-gonet-responderem-acusacao-de-moraes\\\/#primaryimage\"},\"thumbnailUrl\":\"https:\\\/\\\/jornalboasnoticias.com.br\\\/home\\\/wp-content\\\/uploads\\\/2026\\\/09\\\/img_4439.jpg.jpg\",\"articleSection\":[\"DESTAQUE\",\"JUSTI\u00c7A\"],\"inLanguage\":\"pt-BR\",\"potentialAction\":[{\"@type\":\"CommentAction\",\"name\":\"Comment\",\"target\":[\"https:\\\/\\\/jornalboasnoticias.com.br\\\/home\\\/fachin-da-5-dias-para-mendonca-e-gonet-responderem-acusacao-de-moraes\\\/#respond\"]}]},{\"@type\":\"WebPage\",\"@id\":\"https:\\\/\\\/jornalboasnoticias.com.br\\\/home\\\/fachin-da-5-dias-para-mendonca-e-gonet-responderem-acusacao-de-moraes\\\/\",\"url\":\"https:\\\/\\\/jornalboasnoticias.com.br\\\/home\\\/fachin-da-5-dias-para-mendonca-e-gonet-responderem-acusacao-de-moraes\\\/\",\"name\":\"Fachin d\u00e1 5 dias para Mendon\u00e7a e Gonet responderem acusa\u00e7\u00e3o de Moraes - Jornal\",\"isPartOf\":{\"@id\":\"https:\\\/\\\/jornalboasnoticias.com.br\\\/home\\\/#website\"},\"primaryImageOfPage\":{\"@id\":\"https:\\\/\\\/jornalboasnoticias.com.br\\\/home\\\/fachin-da-5-dias-para-mendonca-e-gonet-responderem-acusacao-de-moraes\\\/#primaryimage\"},\"image\":{\"@id\":\"https:\\\/\\\/jornalboasnoticias.com.br\\\/home\\\/fachin-da-5-dias-para-mendonca-e-gonet-responderem-acusacao-de-moraes\\\/#primaryimage\"},\"thumbnailUrl\":\"https:\\\/\\\/jornalboasnoticias.com.br\\\/home\\\/wp-content\\\/uploads\\\/2026\\\/09\\\/img_4439.jpg.jpg\",\"datePublished\":\"2026-09-04T14:50:51+00:00\",\"description\":\"Fachin d\u00e1 5 dias para Mendon\u00e7a e Gonet responderem acusa\u00e7\u00e3o de Moraes\",\"breadcrumb\":{\"@id\":\"https:\\\/\\\/jornalboasnoticias.com.br\\\/home\\\/fachin-da-5-dias-para-mendonca-e-gonet-responderem-acusacao-de-moraes\\\/#breadcrumb\"},\"inLanguage\":\"pt-BR\",\"potentialAction\":[{\"@type\":\"ReadAction\",\"target\":[\"https:\\\/\\\/jornalboasnoticias.com.br\\\/home\\\/fachin-da-5-dias-para-mendonca-e-gonet-responderem-acusacao-de-moraes\\\/\"]}]},{\"@type\":\"ImageObject\",\"inLanguage\":\"pt-BR\",\"@id\":\"https:\\\/\\\/jornalboasnoticias.com.br\\\/home\\\/fachin-da-5-dias-para-mendonca-e-gonet-responderem-acusacao-de-moraes\\\/#primaryimage\",\"url\":\"https:\\\/\\\/jornalboasnoticias.com.br\\\/home\\\/wp-content\\\/uploads\\\/2026\\\/09\\\/img_4439.jpg.jpg\",\"contentUrl\":\"https:\\\/\\\/jornalboasnoticias.com.br\\\/home\\\/wp-content\\\/uploads\\\/2026\\\/09\\\/img_4439.jpg.jpg\",\"width\":1170,\"height\":700},{\"@type\":\"BreadcrumbList\",\"@id\":\"https:\\\/\\\/jornalboasnoticias.com.br\\\/home\\\/fachin-da-5-dias-para-mendonca-e-gonet-responderem-acusacao-de-moraes\\\/#breadcrumb\",\"itemListElement\":[{\"@type\":\"ListItem\",\"position\":1,\"name\":\"In\u00edcio\",\"item\":\"https:\\\/\\\/jornalboasnoticias.com.br\\\/home\\\/\"},{\"@type\":\"ListItem\",\"position\":2,\"name\":\"Fachin d\u00e1 5 dias para Mendon\u00e7a e Gonet responderem acusa\u00e7\u00e3o de Moraes\"}]},{\"@type\":\"WebSite\",\"@id\":\"https:\\\/\\\/jornalboasnoticias.com.br\\\/home\\\/#website\",\"url\":\"https:\\\/\\\/jornalboasnoticias.com.br\\\/home\\\/\",\"name\":\"Jornal Boas Not\u00edcias\",\"description\":\"Boas not\u00edcias\",\"publisher\":{\"@id\":\"https:\\\/\\\/jornalboasnoticias.com.br\\\/home\\\/#organization\"},\"potentialAction\":[{\"@type\":\"SearchAction\",\"target\":{\"@type\":\"EntryPoint\",\"urlTemplate\":\"https:\\\/\\\/jornalboasnoticias.com.br\\\/home\\\/?s={search_term_string}\"},\"query-input\":{\"@type\":\"PropertyValueSpecification\",\"valueRequired\":true,\"valueName\":\"search_term_string\"}}],\"inLanguage\":\"pt-BR\"},{\"@type\":\"Organization\",\"@id\":\"https:\\\/\\\/jornalboasnoticias.com.br\\\/home\\\/#organization\",\"name\":\"Coq Editora Ltda\",\"alternateName\":\"Jornal Boas Noticias\",\"url\":\"https:\\\/\\\/jornalboasnoticias.com.br\\\/home\\\/\",\"logo\":{\"@type\":\"ImageObject\",\"inLanguage\":\"pt-BR\",\"@id\":\"https:\\\/\\\/jornalboasnoticias.com.br\\\/home\\\/#\\\/schema\\\/logo\\\/image\\\/\",\"url\":\"https:\\\/\\\/jornalboasnoticias.com.br\\\/home\\\/wp-content\\\/uploads\\\/2024\\\/07\\\/cropped-logo.jpg\",\"contentUrl\":\"https:\\\/\\\/jornalboasnoticias.com.br\\\/home\\\/wp-content\\\/uploads\\\/2024\\\/07\\\/cropped-logo.jpg\",\"width\":290,\"height\":142,\"caption\":\"Coq Editora Ltda\"},\"image\":{\"@id\":\"https:\\\/\\\/jornalboasnoticias.com.br\\\/home\\\/#\\\/schema\\\/logo\\\/image\\\/\"},\"sameAs\":[\"https:\\\/\\\/www.facebook.com\\\/boasnoticiasjornal\"]},{\"@type\":\"Person\",\"@id\":\"https:\\\/\\\/jornalboasnoticias.com.br\\\/home\\\/#\\\/schema\\\/person\\\/75f9ebde398c998c166475fb446bda62\",\"name\":\"Luiz Carlos da Cruz\",\"image\":{\"@type\":\"ImageObject\",\"inLanguage\":\"pt-BR\",\"@id\":\"https:\\\/\\\/secure.gravatar.com\\\/avatar\\\/e6f4f45301b6cb8572f7b076572e8ac11c1db80e805d8c8d0858cf286ce3ac3b?s=96&d=mm&r=g\",\"url\":\"https:\\\/\\\/secure.gravatar.com\\\/avatar\\\/e6f4f45301b6cb8572f7b076572e8ac11c1db80e805d8c8d0858cf286ce3ac3b?s=96&d=mm&r=g\",\"contentUrl\":\"https:\\\/\\\/secure.gravatar.com\\\/avatar\\\/e6f4f45301b6cb8572f7b076572e8ac11c1db80e805d8c8d0858cf286ce3ac3b?s=96&d=mm&r=g\",\"caption\":\"Luiz Carlos da Cruz\"},\"url\":\"https:\\\/\\\/jornalboasnoticias.com.br\\\/home\\\/author\\\/luiz-carlos-da-cruz\\\/\"}]}<\/script>\n<!-- \/ Yoast SEO plugin. -->","yoast_head_json":{"title":"Fachin d\u00e1 5 dias para Mendon\u00e7a e Gonet responderem acusa\u00e7\u00e3o de Moraes - Jornal","description":"Fachin d\u00e1 5 dias para Mendon\u00e7a e Gonet responderem acusa\u00e7\u00e3o de Moraes","robots":{"index":"index","follow":"follow","max-snippet":"max-snippet:-1","max-image-preview":"max-image-preview:large","max-video-preview":"max-video-preview:-1"},"canonical":"https:\/\/jornalboasnoticias.com.br\/home\/fachin-da-5-dias-para-mendonca-e-gonet-responderem-acusacao-de-moraes\/","og_locale":"pt_BR","og_type":"article","og_title":"Fachin d\u00e1 5 dias para Mendon\u00e7a e Gonet responderem acusa\u00e7\u00e3o de Moraes - Jornal","og_description":"Fachin d\u00e1 5 dias para Mendon\u00e7a e Gonet responderem acusa\u00e7\u00e3o de Moraes","og_url":"https:\/\/jornalboasnoticias.com.br\/home\/fachin-da-5-dias-para-mendonca-e-gonet-responderem-acusacao-de-moraes\/","og_site_name":"Jornal","article_publisher":"https:\/\/www.facebook.com\/boasnoticiasjornal","article_published_time":"2026-09-04T14:50:51+00:00","og_image":[{"width":1170,"height":700,"url":"https:\/\/jornalboasnoticias.com.br\/home\/wp-content\/uploads\/2026\/09\/img_4439.jpg.jpg","type":"image\/jpeg"}],"author":"Luiz Carlos da Cruz","twitter_card":"summary_large_image","twitter_misc":{"Escrito por":"Luiz Carlos da Cruz","Est. tempo de leitura":"4 minutos"},"schema":{"@context":"https:\/\/schema.org","@graph":[{"@type":"Article","@id":"https:\/\/jornalboasnoticias.com.br\/home\/fachin-da-5-dias-para-mendonca-e-gonet-responderem-acusacao-de-moraes\/#article","isPartOf":{"@id":"https:\/\/jornalboasnoticias.com.br\/home\/fachin-da-5-dias-para-mendonca-e-gonet-responderem-acusacao-de-moraes\/"},"author":{"name":"Luiz Carlos da Cruz","@id":"https:\/\/jornalboasnoticias.com.br\/home\/#\/schema\/person\/75f9ebde398c998c166475fb446bda62"},"headline":"Fachin d\u00e1 5 dias para Mendon\u00e7a e Gonet responderem acusa\u00e7\u00e3o de Moraes","datePublished":"2026-09-04T14:50:51+00:00","mainEntityOfPage":{"@id":"https:\/\/jornalboasnoticias.com.br\/home\/fachin-da-5-dias-para-mendonca-e-gonet-responderem-acusacao-de-moraes\/"},"wordCount":581,"commentCount":0,"publisher":{"@id":"https:\/\/jornalboasnoticias.com.br\/home\/#organization"},"image":{"@id":"https:\/\/jornalboasnoticias.com.br\/home\/fachin-da-5-dias-para-mendonca-e-gonet-responderem-acusacao-de-moraes\/#primaryimage"},"thumbnailUrl":"https:\/\/jornalboasnoticias.com.br\/home\/wp-content\/uploads\/2026\/09\/img_4439.jpg.jpg","articleSection":["DESTAQUE","JUSTI\u00c7A"],"inLanguage":"pt-BR","potentialAction":[{"@type":"CommentAction","name":"Comment","target":["https:\/\/jornalboasnoticias.com.br\/home\/fachin-da-5-dias-para-mendonca-e-gonet-responderem-acusacao-de-moraes\/#respond"]}]},{"@type":"WebPage","@id":"https:\/\/jornalboasnoticias.com.br\/home\/fachin-da-5-dias-para-mendonca-e-gonet-responderem-acusacao-de-moraes\/","url":"https:\/\/jornalboasnoticias.com.br\/home\/fachin-da-5-dias-para-mendonca-e-gonet-responderem-acusacao-de-moraes\/","name":"Fachin d\u00e1 5 dias para Mendon\u00e7a e Gonet responderem acusa\u00e7\u00e3o de Moraes - Jornal","isPartOf":{"@id":"https:\/\/jornalboasnoticias.com.br\/home\/#website"},"primaryImageOfPage":{"@id":"https:\/\/jornalboasnoticias.com.br\/home\/fachin-da-5-dias-para-mendonca-e-gonet-responderem-acusacao-de-moraes\/#primaryimage"},"image":{"@id":"https:\/\/jornalboasnoticias.com.br\/home\/fachin-da-5-dias-para-mendonca-e-gonet-responderem-acusacao-de-moraes\/#primaryimage"},"thumbnailUrl":"https:\/\/jornalboasnoticias.com.br\/home\/wp-content\/uploads\/2026\/09\/img_4439.jpg.jpg","datePublished":"2026-09-04T14:50:51+00:00","description":"Fachin d\u00e1 5 dias para Mendon\u00e7a e Gonet responderem acusa\u00e7\u00e3o de Moraes","breadcrumb":{"@id":"https:\/\/jornalboasnoticias.com.br\/home\/fachin-da-5-dias-para-mendonca-e-gonet-responderem-acusacao-de-moraes\/#breadcrumb"},"inLanguage":"pt-BR","potentialAction":[{"@type":"ReadAction","target":["https:\/\/jornalboasnoticias.com.br\/home\/fachin-da-5-dias-para-mendonca-e-gonet-responderem-acusacao-de-moraes\/"]}]},{"@type":"ImageObject","inLanguage":"pt-BR","@id":"https:\/\/jornalboasnoticias.com.br\/home\/fachin-da-5-dias-para-mendonca-e-gonet-responderem-acusacao-de-moraes\/#primaryimage","url":"https:\/\/jornalboasnoticias.com.br\/home\/wp-content\/uploads\/2026\/09\/img_4439.jpg.jpg","contentUrl":"https:\/\/jornalboasnoticias.com.br\/home\/wp-content\/uploads\/2026\/09\/img_4439.jpg.jpg","width":1170,"height":700},{"@type":"BreadcrumbList","@id":"https:\/\/jornalboasnoticias.com.br\/home\/fachin-da-5-dias-para-mendonca-e-gonet-responderem-acusacao-de-moraes\/#breadcrumb","itemListElement":[{"@type":"ListItem","position":1,"name":"In\u00edcio","item":"https:\/\/jornalboasnoticias.com.br\/home\/"},{"@type":"ListItem","position":2,"name":"Fachin d\u00e1 5 dias para Mendon\u00e7a e Gonet responderem acusa\u00e7\u00e3o de Moraes"}]},{"@type":"WebSite","@id":"https:\/\/jornalboasnoticias.com.br\/home\/#website","url":"https:\/\/jornalboasnoticias.com.br\/home\/","name":"Jornal Boas Not\u00edcias","description":"Boas not\u00edcias","publisher":{"@id":"https:\/\/jornalboasnoticias.com.br\/home\/#organization"},"potentialAction":[{"@type":"SearchAction","target":{"@type":"EntryPoint","urlTemplate":"https:\/\/jornalboasnoticias.com.br\/home\/?s={search_term_string}"},"query-input":{"@type":"PropertyValueSpecification","valueRequired":true,"valueName":"search_term_string"}}],"inLanguage":"pt-BR"},{"@type":"Organization","@id":"https:\/\/jornalboasnoticias.com.br\/home\/#organization","name":"Coq Editora Ltda","alternateName":"Jornal Boas Noticias","url":"https:\/\/jornalboasnoticias.com.br\/home\/","logo":{"@type":"ImageObject","inLanguage":"pt-BR","@id":"https:\/\/jornalboasnoticias.com.br\/home\/#\/schema\/logo\/image\/","url":"https:\/\/jornalboasnoticias.com.br\/home\/wp-content\/uploads\/2024\/07\/cropped-logo.jpg","contentUrl":"https:\/\/jornalboasnoticias.com.br\/home\/wp-content\/uploads\/2024\/07\/cropped-logo.jpg","width":290,"height":142,"caption":"Coq Editora Ltda"},"image":{"@id":"https:\/\/jornalboasnoticias.com.br\/home\/#\/schema\/logo\/image\/"},"sameAs":["https:\/\/www.facebook.com\/boasnoticiasjornal"]},{"@type":"Person","@id":"https:\/\/jornalboasnoticias.com.br\/home\/#\/schema\/person\/75f9ebde398c998c166475fb446bda62","name":"Luiz Carlos da Cruz","image":{"@type":"ImageObject","inLanguage":"pt-BR","@id":"https:\/\/secure.gravatar.com\/avatar\/e6f4f45301b6cb8572f7b076572e8ac11c1db80e805d8c8d0858cf286ce3ac3b?s=96&d=mm&r=g","url":"https:\/\/secure.gravatar.com\/avatar\/e6f4f45301b6cb8572f7b076572e8ac11c1db80e805d8c8d0858cf286ce3ac3b?s=96&d=mm&r=g","contentUrl":"https:\/\/secure.gravatar.com\/avatar\/e6f4f45301b6cb8572f7b076572e8ac11c1db80e805d8c8d0858cf286ce3ac3b?s=96&d=mm&r=g","caption":"Luiz Carlos da Cruz"},"url":"https:\/\/jornalboasnoticias.com.br\/home\/author\/luiz-carlos-da-cruz\/"}]}},"_links":{"self":[{"href":"https:\/\/jornalboasnoticias.com.br\/home\/wp-json\/wp\/v2\/posts\/48832","targetHints":{"allow":["GET"]}}],"collection":[{"href":"https:\/\/jornalboasnoticias.com.br\/home\/wp-json\/wp\/v2\/posts"}],"about":[{"href":"https:\/\/jornalboasnoticias.com.br\/home\/wp-json\/wp\/v2\/types\/post"}],"author":[{"embeddable":true,"href":"https:\/\/jornalboasnoticias.com.br\/home\/wp-json\/wp\/v2\/users\/3"}],"replies":[{"embeddable":true,"href":"https:\/\/jornalboasnoticias.com.br\/home\/wp-json\/wp\/v2\/comments?post=48832"}],"version-history":[{"count":1,"href":"https:\/\/jornalboasnoticias.com.br\/home\/wp-json\/wp\/v2\/posts\/48832\/revisions"}],"predecessor-version":[{"id":48834,"href":"https:\/\/jornalboasnoticias.com.br\/home\/wp-json\/wp\/v2\/posts\/48832\/revisions\/48834"}],"wp:featuredmedia":[{"embeddable":true,"href":"https:\/\/jornalboasnoticias.com.br\/home\/wp-json\/wp\/v2\/media\/48833"}],"wp:attachment":[{"href":"https:\/\/jornalboasnoticias.com.br\/home\/wp-json\/wp\/v2\/media?parent=48832"}],"wp:term":[{"taxonomy":"category","embeddable":true,"href":"https:\/\/jornalboasnoticias.com.br\/home\/wp-json\/wp\/v2\/categories?post=48832"},{"taxonomy":"post_tag","embeddable":true,"href":"https:\/\/jornalboasnoticias.com.br\/home\/wp-json\/wp\/v2\/tags?post=48832"}],"curies":[{"name":"wp","href":"https:\/\/api.w.org\/{rel}","templated":true}]}}