{"id":48829,"date":"2026-09-04T13:13:43","date_gmt":"2026-09-04T13:13:43","guid":{"rendered":"https:\/\/jornalboasnoticias.com.br\/home\/?p=48829"},"modified":"2026-09-04T13:13:43","modified_gmt":"2026-09-04T13:13:43","slug":"cascavel-enfrenta-o-parana-pela-segunda-rodada-da-copa-parana","status":"publish","type":"post","link":"https:\/\/jornalboasnoticias.com.br\/home\/cascavel-enfrenta-o-parana-pela-segunda-rodada-da-copa-parana\/","title":{"rendered":"Cascavel enfrenta o Paran\u00e1 pela segunda rodada da Copa Paran\u00e1"},"content":{"rendered":"<blockquote>\n<p style=\"text-align: center;\">Cascavel busca a primeira vit\u00f3ria na competi\u00e7\u00e3o diante do Paran\u00e1, neste s\u00e1bado, na Vila Capanema, ap\u00f3s derrota na estreia para o Foz do Igua\u00e7u.<\/p>\n<\/blockquote>\n<figure id=\"attachment_87955\" aria-describedby=\"caption-attachment-87955\" style=\"width: 768px\" class=\"wp-caption aligncenter\"><img loading=\"lazy\" decoding=\"async\" class=\"size-full wp-image-87955\" src=\"https:\/\/portalcantagalo.com.br\/wp-content\/uploads\/2026\/09\/55496447408_088b42025f_o-768x512-1.jpg\" alt=\"\" width=\"768\" height=\"512\" \/><figcaption id=\"caption-attachment-87955\" class=\"wp-caption-text\">Divulga\u00e7\u00e3o<\/figcaption><\/figure>\n<p>Neste s\u00e1bado (05), \u00e0s 15h30, o Cascavel enfrenta o Paran\u00e1, na Vila Capanema, em Curitiba, pela segunda rodada da Copa Paran\u00e1 2026. A Serpente busca a recupera\u00e7\u00e3o na competi\u00e7\u00e3o ap\u00f3s estrear com derrota diante do Foz do Igua\u00e7u.<\/p>\n<p>O Cascavel vem de uma derrota por 3 a 1 para o Foz do Igua\u00e7u, na estreia da Copa Paran\u00e1, em partida disputada em Cascavel.<\/p>\n<p>A Serpente come\u00e7ou o confronto pressionando e buscando espa\u00e7os no campo advers\u00e1rio, mas o Foz do Igua\u00e7u foi mais eficiente e abriu o placar aos 42 minutos do primeiro tempo, com Kaka.<\/p>\n<p>Na segunda etapa, Lucas Bel\u00e9m ampliou aos nove minutos. O Cascavel reagiu aos 24, quando Z\u00e9 Carlos marcou o primeiro gol da equipe na Copa Paran\u00e1 2026. No entanto, logo no minuto seguinte, Leonardo Tiba converteu cobran\u00e7a de p\u00eanalti e fez 3 a 1.<\/p>\n<p>Nos minutos finais, a Serpente buscou diminuir a diferen\u00e7a, mas n\u00e3o conseguiu alterar o placar.<\/p>\n<h2>Prepara\u00e7\u00e3o<\/h2>\n<p>O elenco Aurinegro se reapresentou na segunda-feira (31) e iniciou a prepara\u00e7\u00e3o para o confronto contra o Paran\u00e1. Ao longo da semana, foram realizados quatro turnos de trabalho no CT do clube.<\/p>\n<p>A prepara\u00e7\u00e3o come\u00e7ou com a revis\u00e3o do confronto diante do Foz do Igua\u00e7u e trabalhos voltados \u00e0 recupera\u00e7\u00e3o f\u00edsica dos atletas. No decorrer da semana, a comiss\u00e3o t\u00e9cnica intensificou as atividades e aplicou conceitos t\u00e1ticos e t\u00e9cnicos direcionados ao pr\u00f3ximo advers\u00e1rio.<\/p>\n<p>Para o confronto em Curitiba, o t\u00e9cnico C\u00e9sar Bueno poder\u00e1 contar com os retornos do zagueiro Geovane e do extremo Guilherme Pinheiro. Os dois finalizaram os procedimentos junto ao Departamento M\u00e9dico, participaram dos treinamentos com o grupo e foram avaliados durante a semana.<\/p>\n<p>Outro refor\u00e7o importante \u00e9 o retorno do volante Pe\u00e7anha, ap\u00f3s o encerramento do per\u00edodo de empr\u00e9stimo ao Barra, onde disputou a S\u00e9rie C do Campeonato Brasileiro. O atleta estar\u00e1 com a delega\u00e7\u00e3o aurinegra na capital e fica \u00e0 disposi\u00e7\u00e3o da comiss\u00e3o t\u00e9cnica.<\/p>\n<p>O zagueiro Renan segue na fase final de recupera\u00e7\u00e3o e deve estar dispon\u00edvel nas pr\u00f3ximas rodadas. Wesley continua se recuperando de uma entorse no tornozelo, enquanto o meia Choco passou por cirurgia ap\u00f3s sofrer uma fratura no p\u00e9 direito e apresenta boa evolu\u00e7\u00e3o no processo de recupera\u00e7\u00e3o.<\/p>\n<p>Outra poss\u00edvel baixa \u00e9 o meia Kevin Malthus, que sentiu um desconforto no joelho ap\u00f3s a estreia na Copa Paran\u00e1 e est\u00e1 sendo avaliado pelo Departamento M\u00e9dico.<\/p>\n<h2>Hist\u00f3rico do confronto<\/h2>\n<p>Cascavel e Paran\u00e1 j\u00e1 se enfrentaram em 11 oportunidades, sendo duas pela S\u00e9rie D do Campeonato Brasileiro e nove pelo Campeonato Paranaense. O duelo deste s\u00e1bado ser\u00e1 o primeiro entre as equipes pela Copa Paran\u00e1.<\/p>\n<p>O retrospecto \u00e9 equilibrado: s\u00e3o tr\u00eas vit\u00f3rias para cada equipe e cinco empates. Jogando em Curitiba, a Serpente soma uma vit\u00f3ria, quatro empates e duas derrotas diante do Paran\u00e1.<\/p>\n<p>O \u00faltimo encontro entre as equipes tamb\u00e9m aconteceu na Vila Capanema. Pelo Campeonato Paranaense de 2025, Cascavel e Paran\u00e1 empataram em 0 a 0.<\/p>\n<p>Os\u00a0<a href=\"https:\/\/www.futebolcard.com\/information?event=41415\">ingressos para a torcida aurinegra<\/a>\u00a0na Vila Capanema est\u00e3o dispon\u00edveis a partir de R$ 120,00, na Curva Sul, setor destinado aos visitantes.<\/p>\n<h2>Pr\u00f3ximo desafio<\/h2>\n<p>Na terceira rodada da Copa Paran\u00e1 2026, a Serpente volta a atuar diante da torcida. No dia 12 de setembro, \u00e0s 15h30, o Cascavel recebe o Athletico no Est\u00e1dio Ol\u00edmpico Regional.<\/p>\n<p>Na sequ\u00eancia, a equipe ter\u00e1 dois compromissos consecutivos fora de casa. No dia 19 de setembro, enfrenta o Paranava\u00ed. Depois, no dia 26, encara o S\u00e3o Joseense, encerrando o m\u00eas de setembro.<\/p>\n<p><em>Assessoria\/FC Cascavel<\/em><\/p>\n","protected":false},"excerpt":{"rendered":"<p>Cascavel busca a primeira vit\u00f3ria na competi\u00e7\u00e3o diante do Paran\u00e1, neste s\u00e1bado, na Vila Capanema,<\/p>\n","protected":false},"author":3,"featured_media":48830,"comment_status":"open","ping_status":"open","sticky":false,"template":"","format":"standard","meta":{"footnotes":""},"categories":[31],"tags":[],"class_list":["post-48829","post","type-post","status-publish","format-standard","has-post-thumbnail","hentry","category-esporte"],"yoast_head":"<!-- This site is optimized with the Yoast SEO plugin v28.3 - https:\/\/yoast.com\/product\/yoast-seo-wordpress\/ -->\n<title>Cascavel enfrenta o Paran\u00e1 pela segunda rodada da Copa Paran\u00e1 - Jornal<\/title>\n<meta name=\"description\" content=\"Cascavel enfrenta o Paran\u00e1 pela segunda rodada da Copa Paran\u00e1\" \/>\n<meta name=\"robots\" content=\"index, follow, max-snippet:-1, max-image-preview:large, max-video-preview:-1\" \/>\n<link rel=\"canonical\" href=\"https:\/\/jornalboasnoticias.com.br\/home\/cascavel-enfrenta-o-parana-pela-segunda-rodada-da-copa-parana\/\" \/>\n<meta property=\"og:locale\" content=\"pt_BR\" \/>\n<meta property=\"og:type\" content=\"article\" \/>\n<meta property=\"og:title\" content=\"Cascavel enfrenta o Paran\u00e1 pela segunda rodada da Copa Paran\u00e1 - Jornal\" \/>\n<meta property=\"og:description\" content=\"Cascavel enfrenta o Paran\u00e1 pela segunda rodada da Copa Paran\u00e1\" \/>\n<meta property=\"og:url\" content=\"https:\/\/jornalboasnoticias.com.br\/home\/cascavel-enfrenta-o-parana-pela-segunda-rodada-da-copa-parana\/\" \/>\n<meta property=\"og:site_name\" content=\"Jornal\" \/>\n<meta property=\"article:publisher\" content=\"https:\/\/www.facebook.com\/boasnoticiasjornal\" \/>\n<meta property=\"article:published_time\" content=\"2026-09-04T13:13:43+00:00\" \/>\n<meta property=\"og:image\" content=\"https:\/\/jornalboasnoticias.com.br\/home\/wp-content\/uploads\/2026\/09\/55496447408_088b42025f_o-768x512-1.jpg\" \/>\n\t<meta property=\"og:image:width\" content=\"768\" \/>\n\t<meta property=\"og:image:height\" content=\"512\" \/>\n\t<meta property=\"og:image:type\" content=\"image\/jpeg\" \/>\n<meta name=\"author\" content=\"Luiz Carlos da Cruz\" \/>\n<meta name=\"twitter:card\" content=\"summary_large_image\" \/>\n<meta name=\"twitter:label1\" content=\"Escrito por\" \/>\n\t<meta name=\"twitter:data1\" content=\"Luiz Carlos da Cruz\" \/>\n\t<meta name=\"twitter:label2\" content=\"Est. tempo de leitura\" \/>\n\t<meta name=\"twitter:data2\" content=\"4 minutos\" \/>\n<script type=\"application\/ld+json\" class=\"yoast-schema-graph\">{\"@context\":\"https:\\\/\\\/schema.org\",\"@graph\":[{\"@type\":\"Article\",\"@id\":\"https:\\\/\\\/jornalboasnoticias.com.br\\\/home\\\/cascavel-enfrenta-o-parana-pela-segunda-rodada-da-copa-parana\\\/#article\",\"isPartOf\":{\"@id\":\"https:\\\/\\\/jornalboasnoticias.com.br\\\/home\\\/cascavel-enfrenta-o-parana-pela-segunda-rodada-da-copa-parana\\\/\"},\"author\":{\"name\":\"Luiz Carlos da Cruz\",\"@id\":\"https:\\\/\\\/jornalboasnoticias.com.br\\\/home\\\/#\\\/schema\\\/person\\\/75f9ebde398c998c166475fb446bda62\"},\"headline\":\"Cascavel enfrenta o Paran\u00e1 pela segunda rodada da Copa Paran\u00e1\",\"datePublished\":\"2026-09-04T13:13:43+00:00\",\"mainEntityOfPage\":{\"@id\":\"https:\\\/\\\/jornalboasnoticias.com.br\\\/home\\\/cascavel-enfrenta-o-parana-pela-segunda-rodada-da-copa-parana\\\/\"},\"wordCount\":660,\"commentCount\":0,\"publisher\":{\"@id\":\"https:\\\/\\\/jornalboasnoticias.com.br\\\/home\\\/#organization\"},\"image\":{\"@id\":\"https:\\\/\\\/jornalboasnoticias.com.br\\\/home\\\/cascavel-enfrenta-o-parana-pela-segunda-rodada-da-copa-parana\\\/#primaryimage\"},\"thumbnailUrl\":\"https:\\\/\\\/jornalboasnoticias.com.br\\\/home\\\/wp-content\\\/uploads\\\/2026\\\/09\\\/55496447408_088b42025f_o-768x512-1.jpg\",\"articleSection\":[\"ESPORTE\"],\"inLanguage\":\"pt-BR\",\"potentialAction\":[{\"@type\":\"CommentAction\",\"name\":\"Comment\",\"target\":[\"https:\\\/\\\/jornalboasnoticias.com.br\\\/home\\\/cascavel-enfrenta-o-parana-pela-segunda-rodada-da-copa-parana\\\/#respond\"]}]},{\"@type\":\"WebPage\",\"@id\":\"https:\\\/\\\/jornalboasnoticias.com.br\\\/home\\\/cascavel-enfrenta-o-parana-pela-segunda-rodada-da-copa-parana\\\/\",\"url\":\"https:\\\/\\\/jornalboasnoticias.com.br\\\/home\\\/cascavel-enfrenta-o-parana-pela-segunda-rodada-da-copa-parana\\\/\",\"name\":\"Cascavel enfrenta o Paran\u00e1 pela segunda rodada da Copa Paran\u00e1 - Jornal\",\"isPartOf\":{\"@id\":\"https:\\\/\\\/jornalboasnoticias.com.br\\\/home\\\/#website\"},\"primaryImageOfPage\":{\"@id\":\"https:\\\/\\\/jornalboasnoticias.com.br\\\/home\\\/cascavel-enfrenta-o-parana-pela-segunda-rodada-da-copa-parana\\\/#primaryimage\"},\"image\":{\"@id\":\"https:\\\/\\\/jornalboasnoticias.com.br\\\/home\\\/cascavel-enfrenta-o-parana-pela-segunda-rodada-da-copa-parana\\\/#primaryimage\"},\"thumbnailUrl\":\"https:\\\/\\\/jornalboasnoticias.com.br\\\/home\\\/wp-content\\\/uploads\\\/2026\\\/09\\\/55496447408_088b42025f_o-768x512-1.jpg\",\"datePublished\":\"2026-09-04T13:13:43+00:00\",\"description\":\"Cascavel enfrenta o Paran\u00e1 pela segunda rodada da Copa Paran\u00e1\",\"breadcrumb\":{\"@id\":\"https:\\\/\\\/jornalboasnoticias.com.br\\\/home\\\/cascavel-enfrenta-o-parana-pela-segunda-rodada-da-copa-parana\\\/#breadcrumb\"},\"inLanguage\":\"pt-BR\",\"potentialAction\":[{\"@type\":\"ReadAction\",\"target\":[\"https:\\\/\\\/jornalboasnoticias.com.br\\\/home\\\/cascavel-enfrenta-o-parana-pela-segunda-rodada-da-copa-parana\\\/\"]}]},{\"@type\":\"ImageObject\",\"inLanguage\":\"pt-BR\",\"@id\":\"https:\\\/\\\/jornalboasnoticias.com.br\\\/home\\\/cascavel-enfrenta-o-parana-pela-segunda-rodada-da-copa-parana\\\/#primaryimage\",\"url\":\"https:\\\/\\\/jornalboasnoticias.com.br\\\/home\\\/wp-content\\\/uploads\\\/2026\\\/09\\\/55496447408_088b42025f_o-768x512-1.jpg\",\"contentUrl\":\"https:\\\/\\\/jornalboasnoticias.com.br\\\/home\\\/wp-content\\\/uploads\\\/2026\\\/09\\\/55496447408_088b42025f_o-768x512-1.jpg\",\"width\":768,\"height\":512,\"caption\":\"Divulga\u00e7\u00e3o\"},{\"@type\":\"BreadcrumbList\",\"@id\":\"https:\\\/\\\/jornalboasnoticias.com.br\\\/home\\\/cascavel-enfrenta-o-parana-pela-segunda-rodada-da-copa-parana\\\/#breadcrumb\",\"itemListElement\":[{\"@type\":\"ListItem\",\"position\":1,\"name\":\"In\u00edcio\",\"item\":\"https:\\\/\\\/jornalboasnoticias.com.br\\\/home\\\/\"},{\"@type\":\"ListItem\",\"position\":2,\"name\":\"Cascavel enfrenta o Paran\u00e1 pela segunda rodada da Copa Paran\u00e1\"}]},{\"@type\":\"WebSite\",\"@id\":\"https:\\\/\\\/jornalboasnoticias.com.br\\\/home\\\/#website\",\"url\":\"https:\\\/\\\/jornalboasnoticias.com.br\\\/home\\\/\",\"name\":\"Jornal Boas Not\u00edcias\",\"description\":\"Boas not\u00edcias\",\"publisher\":{\"@id\":\"https:\\\/\\\/jornalboasnoticias.com.br\\\/home\\\/#organization\"},\"potentialAction\":[{\"@type\":\"SearchAction\",\"target\":{\"@type\":\"EntryPoint\",\"urlTemplate\":\"https:\\\/\\\/jornalboasnoticias.com.br\\\/home\\\/?s={search_term_string}\"},\"query-input\":{\"@type\":\"PropertyValueSpecification\",\"valueRequired\":true,\"valueName\":\"search_term_string\"}}],\"inLanguage\":\"pt-BR\"},{\"@type\":\"Organization\",\"@id\":\"https:\\\/\\\/jornalboasnoticias.com.br\\\/home\\\/#organization\",\"name\":\"Coq Editora Ltda\",\"alternateName\":\"Jornal Boas Noticias\",\"url\":\"https:\\\/\\\/jornalboasnoticias.com.br\\\/home\\\/\",\"logo\":{\"@type\":\"ImageObject\",\"inLanguage\":\"pt-BR\",\"@id\":\"https:\\\/\\\/jornalboasnoticias.com.br\\\/home\\\/#\\\/schema\\\/logo\\\/image\\\/\",\"url\":\"https:\\\/\\\/jornalboasnoticias.com.br\\\/home\\\/wp-content\\\/uploads\\\/2024\\\/07\\\/cropped-logo.jpg\",\"contentUrl\":\"https:\\\/\\\/jornalboasnoticias.com.br\\\/home\\\/wp-content\\\/uploads\\\/2024\\\/07\\\/cropped-logo.jpg\",\"width\":290,\"height\":142,\"caption\":\"Coq Editora Ltda\"},\"image\":{\"@id\":\"https:\\\/\\\/jornalboasnoticias.com.br\\\/home\\\/#\\\/schema\\\/logo\\\/image\\\/\"},\"sameAs\":[\"https:\\\/\\\/www.facebook.com\\\/boasnoticiasjornal\"]},{\"@type\":\"Person\",\"@id\":\"https:\\\/\\\/jornalboasnoticias.com.br\\\/home\\\/#\\\/schema\\\/person\\\/75f9ebde398c998c166475fb446bda62\",\"name\":\"Luiz Carlos da Cruz\",\"image\":{\"@type\":\"ImageObject\",\"inLanguage\":\"pt-BR\",\"@id\":\"https:\\\/\\\/secure.gravatar.com\\\/avatar\\\/e6f4f45301b6cb8572f7b076572e8ac11c1db80e805d8c8d0858cf286ce3ac3b?s=96&d=mm&r=g\",\"url\":\"https:\\\/\\\/secure.gravatar.com\\\/avatar\\\/e6f4f45301b6cb8572f7b076572e8ac11c1db80e805d8c8d0858cf286ce3ac3b?s=96&d=mm&r=g\",\"contentUrl\":\"https:\\\/\\\/secure.gravatar.com\\\/avatar\\\/e6f4f45301b6cb8572f7b076572e8ac11c1db80e805d8c8d0858cf286ce3ac3b?s=96&d=mm&r=g\",\"caption\":\"Luiz Carlos da Cruz\"},\"url\":\"https:\\\/\\\/jornalboasnoticias.com.br\\\/home\\\/author\\\/luiz-carlos-da-cruz\\\/\"}]}<\/script>\n<!-- \/ Yoast SEO plugin. -->","yoast_head_json":{"title":"Cascavel enfrenta o Paran\u00e1 pela segunda rodada da Copa Paran\u00e1 - Jornal","description":"Cascavel enfrenta o Paran\u00e1 pela segunda rodada da Copa Paran\u00e1","robots":{"index":"index","follow":"follow","max-snippet":"max-snippet:-1","max-image-preview":"max-image-preview:large","max-video-preview":"max-video-preview:-1"},"canonical":"https:\/\/jornalboasnoticias.com.br\/home\/cascavel-enfrenta-o-parana-pela-segunda-rodada-da-copa-parana\/","og_locale":"pt_BR","og_type":"article","og_title":"Cascavel enfrenta o Paran\u00e1 pela segunda rodada da Copa Paran\u00e1 - Jornal","og_description":"Cascavel enfrenta o Paran\u00e1 pela segunda rodada da Copa Paran\u00e1","og_url":"https:\/\/jornalboasnoticias.com.br\/home\/cascavel-enfrenta-o-parana-pela-segunda-rodada-da-copa-parana\/","og_site_name":"Jornal","article_publisher":"https:\/\/www.facebook.com\/boasnoticiasjornal","article_published_time":"2026-09-04T13:13:43+00:00","og_image":[{"width":768,"height":512,"url":"https:\/\/jornalboasnoticias.com.br\/home\/wp-content\/uploads\/2026\/09\/55496447408_088b42025f_o-768x512-1.jpg","type":"image\/jpeg"}],"author":"Luiz Carlos da Cruz","twitter_card":"summary_large_image","twitter_misc":{"Escrito por":"Luiz Carlos da Cruz","Est. tempo de leitura":"4 minutos"},"schema":{"@context":"https:\/\/schema.org","@graph":[{"@type":"Article","@id":"https:\/\/jornalboasnoticias.com.br\/home\/cascavel-enfrenta-o-parana-pela-segunda-rodada-da-copa-parana\/#article","isPartOf":{"@id":"https:\/\/jornalboasnoticias.com.br\/home\/cascavel-enfrenta-o-parana-pela-segunda-rodada-da-copa-parana\/"},"author":{"name":"Luiz Carlos da Cruz","@id":"https:\/\/jornalboasnoticias.com.br\/home\/#\/schema\/person\/75f9ebde398c998c166475fb446bda62"},"headline":"Cascavel enfrenta o Paran\u00e1 pela segunda rodada da Copa Paran\u00e1","datePublished":"2026-09-04T13:13:43+00:00","mainEntityOfPage":{"@id":"https:\/\/jornalboasnoticias.com.br\/home\/cascavel-enfrenta-o-parana-pela-segunda-rodada-da-copa-parana\/"},"wordCount":660,"commentCount":0,"publisher":{"@id":"https:\/\/jornalboasnoticias.com.br\/home\/#organization"},"image":{"@id":"https:\/\/jornalboasnoticias.com.br\/home\/cascavel-enfrenta-o-parana-pela-segunda-rodada-da-copa-parana\/#primaryimage"},"thumbnailUrl":"https:\/\/jornalboasnoticias.com.br\/home\/wp-content\/uploads\/2026\/09\/55496447408_088b42025f_o-768x512-1.jpg","articleSection":["ESPORTE"],"inLanguage":"pt-BR","potentialAction":[{"@type":"CommentAction","name":"Comment","target":["https:\/\/jornalboasnoticias.com.br\/home\/cascavel-enfrenta-o-parana-pela-segunda-rodada-da-copa-parana\/#respond"]}]},{"@type":"WebPage","@id":"https:\/\/jornalboasnoticias.com.br\/home\/cascavel-enfrenta-o-parana-pela-segunda-rodada-da-copa-parana\/","url":"https:\/\/jornalboasnoticias.com.br\/home\/cascavel-enfrenta-o-parana-pela-segunda-rodada-da-copa-parana\/","name":"Cascavel enfrenta o Paran\u00e1 pela segunda rodada da Copa Paran\u00e1 - Jornal","isPartOf":{"@id":"https:\/\/jornalboasnoticias.com.br\/home\/#website"},"primaryImageOfPage":{"@id":"https:\/\/jornalboasnoticias.com.br\/home\/cascavel-enfrenta-o-parana-pela-segunda-rodada-da-copa-parana\/#primaryimage"},"image":{"@id":"https:\/\/jornalboasnoticias.com.br\/home\/cascavel-enfrenta-o-parana-pela-segunda-rodada-da-copa-parana\/#primaryimage"},"thumbnailUrl":"https:\/\/jornalboasnoticias.com.br\/home\/wp-content\/uploads\/2026\/09\/55496447408_088b42025f_o-768x512-1.jpg","datePublished":"2026-09-04T13:13:43+00:00","description":"Cascavel enfrenta o Paran\u00e1 pela segunda rodada da Copa Paran\u00e1","breadcrumb":{"@id":"https:\/\/jornalboasnoticias.com.br\/home\/cascavel-enfrenta-o-parana-pela-segunda-rodada-da-copa-parana\/#breadcrumb"},"inLanguage":"pt-BR","potentialAction":[{"@type":"ReadAction","target":["https:\/\/jornalboasnoticias.com.br\/home\/cascavel-enfrenta-o-parana-pela-segunda-rodada-da-copa-parana\/"]}]},{"@type":"ImageObject","inLanguage":"pt-BR","@id":"https:\/\/jornalboasnoticias.com.br\/home\/cascavel-enfrenta-o-parana-pela-segunda-rodada-da-copa-parana\/#primaryimage","url":"https:\/\/jornalboasnoticias.com.br\/home\/wp-content\/uploads\/2026\/09\/55496447408_088b42025f_o-768x512-1.jpg","contentUrl":"https:\/\/jornalboasnoticias.com.br\/home\/wp-content\/uploads\/2026\/09\/55496447408_088b42025f_o-768x512-1.jpg","width":768,"height":512,"caption":"Divulga\u00e7\u00e3o"},{"@type":"BreadcrumbList","@id":"https:\/\/jornalboasnoticias.com.br\/home\/cascavel-enfrenta-o-parana-pela-segunda-rodada-da-copa-parana\/#breadcrumb","itemListElement":[{"@type":"ListItem","position":1,"name":"In\u00edcio","item":"https:\/\/jornalboasnoticias.com.br\/home\/"},{"@type":"ListItem","position":2,"name":"Cascavel enfrenta o Paran\u00e1 pela segunda rodada da Copa Paran\u00e1"}]},{"@type":"WebSite","@id":"https:\/\/jornalboasnoticias.com.br\/home\/#website","url":"https:\/\/jornalboasnoticias.com.br\/home\/","name":"Jornal Boas Not\u00edcias","description":"Boas not\u00edcias","publisher":{"@id":"https:\/\/jornalboasnoticias.com.br\/home\/#organization"},"potentialAction":[{"@type":"SearchAction","target":{"@type":"EntryPoint","urlTemplate":"https:\/\/jornalboasnoticias.com.br\/home\/?s={search_term_string}"},"query-input":{"@type":"PropertyValueSpecification","valueRequired":true,"valueName":"search_term_string"}}],"inLanguage":"pt-BR"},{"@type":"Organization","@id":"https:\/\/jornalboasnoticias.com.br\/home\/#organization","name":"Coq Editora Ltda","alternateName":"Jornal Boas Noticias","url":"https:\/\/jornalboasnoticias.com.br\/home\/","logo":{"@type":"ImageObject","inLanguage":"pt-BR","@id":"https:\/\/jornalboasnoticias.com.br\/home\/#\/schema\/logo\/image\/","url":"https:\/\/jornalboasnoticias.com.br\/home\/wp-content\/uploads\/2024\/07\/cropped-logo.jpg","contentUrl":"https:\/\/jornalboasnoticias.com.br\/home\/wp-content\/uploads\/2024\/07\/cropped-logo.jpg","width":290,"height":142,"caption":"Coq Editora Ltda"},"image":{"@id":"https:\/\/jornalboasnoticias.com.br\/home\/#\/schema\/logo\/image\/"},"sameAs":["https:\/\/www.facebook.com\/boasnoticiasjornal"]},{"@type":"Person","@id":"https:\/\/jornalboasnoticias.com.br\/home\/#\/schema\/person\/75f9ebde398c998c166475fb446bda62","name":"Luiz Carlos da Cruz","image":{"@type":"ImageObject","inLanguage":"pt-BR","@id":"https:\/\/secure.gravatar.com\/avatar\/e6f4f45301b6cb8572f7b076572e8ac11c1db80e805d8c8d0858cf286ce3ac3b?s=96&d=mm&r=g","url":"https:\/\/secure.gravatar.com\/avatar\/e6f4f45301b6cb8572f7b076572e8ac11c1db80e805d8c8d0858cf286ce3ac3b?s=96&d=mm&r=g","contentUrl":"https:\/\/secure.gravatar.com\/avatar\/e6f4f45301b6cb8572f7b076572e8ac11c1db80e805d8c8d0858cf286ce3ac3b?s=96&d=mm&r=g","caption":"Luiz Carlos da Cruz"},"url":"https:\/\/jornalboasnoticias.com.br\/home\/author\/luiz-carlos-da-cruz\/"}]}},"_links":{"self":[{"href":"https:\/\/jornalboasnoticias.com.br\/home\/wp-json\/wp\/v2\/posts\/48829","targetHints":{"allow":["GET"]}}],"collection":[{"href":"https:\/\/jornalboasnoticias.com.br\/home\/wp-json\/wp\/v2\/posts"}],"about":[{"href":"https:\/\/jornalboasnoticias.com.br\/home\/wp-json\/wp\/v2\/types\/post"}],"author":[{"embeddable":true,"href":"https:\/\/jornalboasnoticias.com.br\/home\/wp-json\/wp\/v2\/users\/3"}],"replies":[{"embeddable":true,"href":"https:\/\/jornalboasnoticias.com.br\/home\/wp-json\/wp\/v2\/comments?post=48829"}],"version-history":[{"count":1,"href":"https:\/\/jornalboasnoticias.com.br\/home\/wp-json\/wp\/v2\/posts\/48829\/revisions"}],"predecessor-version":[{"id":48831,"href":"https:\/\/jornalboasnoticias.com.br\/home\/wp-json\/wp\/v2\/posts\/48829\/revisions\/48831"}],"wp:featuredmedia":[{"embeddable":true,"href":"https:\/\/jornalboasnoticias.com.br\/home\/wp-json\/wp\/v2\/media\/48830"}],"wp:attachment":[{"href":"https:\/\/jornalboasnoticias.com.br\/home\/wp-json\/wp\/v2\/media?parent=48829"}],"wp:term":[{"taxonomy":"category","embeddable":true,"href":"https:\/\/jornalboasnoticias.com.br\/home\/wp-json\/wp\/v2\/categories?post=48829"},{"taxonomy":"post_tag","embeddable":true,"href":"https:\/\/jornalboasnoticias.com.br\/home\/wp-json\/wp\/v2\/tags?post=48829"}],"curies":[{"name":"wp","href":"https:\/\/api.w.org\/{rel}","templated":true}]}}