{"id":48826,"date":"2026-09-04T13:00:45","date_gmt":"2026-09-04T13:00:45","guid":{"rendered":"https:\/\/jornalboasnoticias.com.br\/home\/?p=48826"},"modified":"2026-09-04T13:00:45","modified_gmt":"2026-09-04T13:00:45","slug":"parana-tera-chuva-ate-sabado-e-frio-no-feriado-de-sete-de-setembro-preve-simepar","status":"publish","type":"post","link":"https:\/\/jornalboasnoticias.com.br\/home\/parana-tera-chuva-ate-sabado-e-frio-no-feriado-de-sete-de-setembro-preve-simepar\/","title":{"rendered":"Paran\u00e1 ter\u00e1 chuva at\u00e9 s\u00e1bado e frio no feriado de Sete de Setembro, prev\u00ea Simepar"},"content":{"rendered":"<blockquote>\n<p style=\"text-align: center;\">Chuva retorna ao Paran\u00e1 nesta sexta e pode vir acompanhada de temporais; frente fria avan\u00e7a no fim de semana e provoca queda acentuada nas temperaturas, com frio mais intenso no feriado de 7 de Setembro<\/p>\n<\/blockquote>\n<figure id=\"attachment_87951\" aria-describedby=\"caption-attachment-87951\" style=\"width: 800px\" class=\"wp-caption aligncenter\"><img loading=\"lazy\" decoding=\"async\" class=\"size-large wp-image-87951\" src=\"https:\/\/portalcantagalo.com.br\/wp-content\/uploads\/2026\/09\/download-1024x682.jpg\" alt=\"\" width=\"800\" height=\"533\" \/><figcaption id=\"caption-attachment-87951\" class=\"wp-caption-text\">Foto : AEN<\/figcaption><\/figure>\n<p>As temperaturas nesta sexta-feira (04) seguem mais altas do que o normal para o per\u00edodo, depois de pelo menos tr\u00eas dias ensolarados no Paran\u00e1. A chuva, entretanto, j\u00e1 come\u00e7ou novamente no Estado e segue at\u00e9 s\u00e1bado (05). Depois, de acordo com o Simepar, Sistema de Tecnologia e Monitoramento Ambiental do Paran\u00e1, os ventos se intensificam no Litoral e as temperaturas ter\u00e3o forte decl\u00ednio em todo o Estado, principalmente segunda-feira, feriado de 7 de Setembro.<\/p>\n<p>A forma\u00e7\u00e3o e a intensifica\u00e7\u00e3o de um sistema de baixa press\u00e3o sobre os pa\u00edses vizinhos favorecem o aumento da instabilidade sobre o Paran\u00e1. As primeiras \u00e1reas de chuva j\u00e1 se desenvolvem no Noroeste e, at\u00e9 o fim da manh\u00e3, avan\u00e7am e atingem tamb\u00e9m outras regi\u00f5es da metade oeste do Estado.<\/p>\n<p>A previs\u00e3o aponta a ocorr\u00eancia de pancadas de chuva acompanhadas de trovoadas que aumentar\u00e3o em todas as regi\u00f5es durante a tarde desta sexta-feira. J\u00e1 \u00e0 noite, per\u00edodos de melhoria intercalam com novas \u00e1reas de chuva.<\/p>\n<p>Mesmo com a chuva e a nebulosidade, nesta sexta-feira as temperaturas seguem altas no Estado. As m\u00e1ximas ficam pr\u00f3ximas dos 30\u00b0C no Norte e variam entre 22\u00b0C e 27\u00b0C nas outras \u00e1reas. No Litoral, as temperaturas ficam um pouco mais amenas.<\/p>\n<h2>FIM DE SEMANA E FERIADO<\/h2>\n<p>A chuva continua no s\u00e1bado (05), quando uma frente fria se organizar\u00e1 pelo oceano e avan\u00e7ar\u00e1 na dire\u00e7\u00e3o da costa do Sul do Brasil. As temperaturas ter\u00e3o pouca varia\u00e7\u00e3o, mas tempestades podem ser pontualmente intensas, com rajadas de vento e possibilidade de granizo de pequeno porte.<\/p>\n<p>O Boletim de Gest\u00e3o de Riscos, elaborado pelo Simepar em parceria com a Defesa Civil Estadual, aponta que, entre sexta e s\u00e1bado, os acumulados de chuva poder\u00e3o superar os 60 mm na faixa Central do Estado, nos Campos Gerais e no Leste.<\/p>\n<p>No domingo (06), a chuva come\u00e7a a perder for\u00e7a e concentra-se principalmente na faixa Norte, mas com tend\u00eancia de afastamento gradual. O tempo fica est\u00e1vel no Paran\u00e1 e, com exce\u00e7\u00e3o do Litoral e Regi\u00e3o Metropolitana de Curitiba, onde a nebulosidade persiste com possibilidade de chuva fraca e ocasional, nas outras regi\u00f5es n\u00e3o h\u00e1 previs\u00e3o de chuva. No Litoral, especificamente, o vento fica mais forte e persistente ao longo do dia, com possibilidade de agita\u00e7\u00e3o mar\u00edtima.<\/p>\n<p>As temperaturas j\u00e1 come\u00e7am a diminuir na noite de domingo. Na retaguarda da frente fria, uma massa de ar frio come\u00e7a a avan\u00e7ar pelo Estado. Na segunda-feira, feriado de 7 de Setembro, o destaque passa a ser o frio.<\/p>\n<p>As temperaturas m\u00ednimas ficam pr\u00f3ximas dos 7 \u00b0C em cidades do Sudoeste, Centro-Sul, Campos Gerais e da Regi\u00e3o Metropolitana de Curitiba. Na regi\u00e3o da Capital, al\u00e9m do amanhecer frio, a tarde tamb\u00e9m ser\u00e1 de temperaturas baixas, com m\u00e1ximas que n\u00e3o devem ultrapassar os 15 \u00b0C.<\/p>\n<p>As temperaturas m\u00ednimas seguem baixas na ter\u00e7a-feira (08), feriado da padroeira de Curitiba, Nossa Senhora da Luz dos Pinhais, mas as m\u00e1ximas, \u00e0 tarde, com o predom\u00ednio de sol, voltam a subir gradativamente.<\/p>\n<p>O Simepar j\u00e1 monitora a aproxima\u00e7\u00e3o de uma nova frente fria ao longo da pr\u00f3xima semana. Novos boletins ser\u00e3o emitidos nos pr\u00f3ximos dias.<\/p>\n<p><em>Informa\u00e7\u00f5es Simepar<\/em><\/p>\n","protected":false},"excerpt":{"rendered":"<p>Chuva retorna ao Paran\u00e1 nesta sexta e pode vir acompanhada de temporais; frente fria avan\u00e7a<\/p>\n","protected":false},"author":3,"featured_media":48827,"comment_status":"open","ping_status":"open","sticky":false,"template":"","format":"standard","meta":{"footnotes":""},"categories":[3,4],"tags":[],"class_list":["post-48826","post","type-post","status-publish","format-standard","has-post-thumbnail","hentry","category-destaques","category-parana"],"yoast_head":"<!-- This site is optimized with the Yoast SEO plugin v28.3 - https:\/\/yoast.com\/product\/yoast-seo-wordpress\/ -->\n<title>Paran\u00e1 ter\u00e1 chuva at\u00e9 s\u00e1bado e frio no feriado de Sete de Setembro, prev\u00ea Simepar - Jornal<\/title>\n<meta name=\"description\" content=\"Paran\u00e1 ter\u00e1 chuva at\u00e9 s\u00e1bado e frio no feriado de Sete de Setembro, prev\u00ea Simepar\" \/>\n<meta name=\"robots\" content=\"index, follow, max-snippet:-1, max-image-preview:large, max-video-preview:-1\" \/>\n<link rel=\"canonical\" href=\"https:\/\/jornalboasnoticias.com.br\/home\/parana-tera-chuva-ate-sabado-e-frio-no-feriado-de-sete-de-setembro-preve-simepar\/\" \/>\n<meta property=\"og:locale\" content=\"pt_BR\" \/>\n<meta property=\"og:type\" content=\"article\" \/>\n<meta property=\"og:title\" content=\"Paran\u00e1 ter\u00e1 chuva at\u00e9 s\u00e1bado e frio no feriado de Sete de Setembro, prev\u00ea Simepar - Jornal\" \/>\n<meta property=\"og:description\" content=\"Paran\u00e1 ter\u00e1 chuva at\u00e9 s\u00e1bado e frio no feriado de Sete de Setembro, prev\u00ea Simepar\" \/>\n<meta property=\"og:url\" content=\"https:\/\/jornalboasnoticias.com.br\/home\/parana-tera-chuva-ate-sabado-e-frio-no-feriado-de-sete-de-setembro-preve-simepar\/\" \/>\n<meta property=\"og:site_name\" content=\"Jornal\" \/>\n<meta property=\"article:publisher\" content=\"https:\/\/www.facebook.com\/boasnoticiasjornal\" \/>\n<meta property=\"article:published_time\" content=\"2026-09-04T13:00:45+00:00\" \/>\n<meta property=\"og:image\" content=\"https:\/\/jornalboasnoticias.com.br\/home\/wp-content\/uploads\/2026\/09\/download-e1788526822253.jpg\" \/>\n\t<meta property=\"og:image:width\" content=\"1000\" \/>\n\t<meta property=\"og:image:height\" content=\"666\" \/>\n\t<meta property=\"og:image:type\" content=\"image\/jpeg\" \/>\n<meta name=\"author\" content=\"Luiz Carlos da Cruz\" \/>\n<meta name=\"twitter:card\" content=\"summary_large_image\" \/>\n<meta name=\"twitter:label1\" content=\"Escrito por\" \/>\n\t<meta name=\"twitter:data1\" content=\"Luiz Carlos da Cruz\" \/>\n\t<meta name=\"twitter:label2\" content=\"Est. tempo de leitura\" \/>\n\t<meta name=\"twitter:data2\" content=\"4 minutos\" \/>\n<script type=\"application\/ld+json\" class=\"yoast-schema-graph\">{\"@context\":\"https:\\\/\\\/schema.org\",\"@graph\":[{\"@type\":\"Article\",\"@id\":\"https:\\\/\\\/jornalboasnoticias.com.br\\\/home\\\/parana-tera-chuva-ate-sabado-e-frio-no-feriado-de-sete-de-setembro-preve-simepar\\\/#article\",\"isPartOf\":{\"@id\":\"https:\\\/\\\/jornalboasnoticias.com.br\\\/home\\\/parana-tera-chuva-ate-sabado-e-frio-no-feriado-de-sete-de-setembro-preve-simepar\\\/\"},\"author\":{\"name\":\"Luiz Carlos da Cruz\",\"@id\":\"https:\\\/\\\/jornalboasnoticias.com.br\\\/home\\\/#\\\/schema\\\/person\\\/75f9ebde398c998c166475fb446bda62\"},\"headline\":\"Paran\u00e1 ter\u00e1 chuva at\u00e9 s\u00e1bado e frio no feriado de Sete de Setembro, prev\u00ea Simepar\",\"datePublished\":\"2026-09-04T13:00:45+00:00\",\"mainEntityOfPage\":{\"@id\":\"https:\\\/\\\/jornalboasnoticias.com.br\\\/home\\\/parana-tera-chuva-ate-sabado-e-frio-no-feriado-de-sete-de-setembro-preve-simepar\\\/\"},\"wordCount\":617,\"commentCount\":0,\"publisher\":{\"@id\":\"https:\\\/\\\/jornalboasnoticias.com.br\\\/home\\\/#organization\"},\"image\":{\"@id\":\"https:\\\/\\\/jornalboasnoticias.com.br\\\/home\\\/parana-tera-chuva-ate-sabado-e-frio-no-feriado-de-sete-de-setembro-preve-simepar\\\/#primaryimage\"},\"thumbnailUrl\":\"https:\\\/\\\/jornalboasnoticias.com.br\\\/home\\\/wp-content\\\/uploads\\\/2026\\\/09\\\/download-e1788526822253.jpg\",\"articleSection\":[\"DESTAQUE\",\"PARAN\u00c1\"],\"inLanguage\":\"pt-BR\",\"potentialAction\":[{\"@type\":\"CommentAction\",\"name\":\"Comment\",\"target\":[\"https:\\\/\\\/jornalboasnoticias.com.br\\\/home\\\/parana-tera-chuva-ate-sabado-e-frio-no-feriado-de-sete-de-setembro-preve-simepar\\\/#respond\"]}]},{\"@type\":\"WebPage\",\"@id\":\"https:\\\/\\\/jornalboasnoticias.com.br\\\/home\\\/parana-tera-chuva-ate-sabado-e-frio-no-feriado-de-sete-de-setembro-preve-simepar\\\/\",\"url\":\"https:\\\/\\\/jornalboasnoticias.com.br\\\/home\\\/parana-tera-chuva-ate-sabado-e-frio-no-feriado-de-sete-de-setembro-preve-simepar\\\/\",\"name\":\"Paran\u00e1 ter\u00e1 chuva at\u00e9 s\u00e1bado e frio no feriado de Sete de Setembro, prev\u00ea Simepar - Jornal\",\"isPartOf\":{\"@id\":\"https:\\\/\\\/jornalboasnoticias.com.br\\\/home\\\/#website\"},\"primaryImageOfPage\":{\"@id\":\"https:\\\/\\\/jornalboasnoticias.com.br\\\/home\\\/parana-tera-chuva-ate-sabado-e-frio-no-feriado-de-sete-de-setembro-preve-simepar\\\/#primaryimage\"},\"image\":{\"@id\":\"https:\\\/\\\/jornalboasnoticias.com.br\\\/home\\\/parana-tera-chuva-ate-sabado-e-frio-no-feriado-de-sete-de-setembro-preve-simepar\\\/#primaryimage\"},\"thumbnailUrl\":\"https:\\\/\\\/jornalboasnoticias.com.br\\\/home\\\/wp-content\\\/uploads\\\/2026\\\/09\\\/download-e1788526822253.jpg\",\"datePublished\":\"2026-09-04T13:00:45+00:00\",\"description\":\"Paran\u00e1 ter\u00e1 chuva at\u00e9 s\u00e1bado e frio no feriado de Sete de Setembro, prev\u00ea Simepar\",\"breadcrumb\":{\"@id\":\"https:\\\/\\\/jornalboasnoticias.com.br\\\/home\\\/parana-tera-chuva-ate-sabado-e-frio-no-feriado-de-sete-de-setembro-preve-simepar\\\/#breadcrumb\"},\"inLanguage\":\"pt-BR\",\"potentialAction\":[{\"@type\":\"ReadAction\",\"target\":[\"https:\\\/\\\/jornalboasnoticias.com.br\\\/home\\\/parana-tera-chuva-ate-sabado-e-frio-no-feriado-de-sete-de-setembro-preve-simepar\\\/\"]}]},{\"@type\":\"ImageObject\",\"inLanguage\":\"pt-BR\",\"@id\":\"https:\\\/\\\/jornalboasnoticias.com.br\\\/home\\\/parana-tera-chuva-ate-sabado-e-frio-no-feriado-de-sete-de-setembro-preve-simepar\\\/#primaryimage\",\"url\":\"https:\\\/\\\/jornalboasnoticias.com.br\\\/home\\\/wp-content\\\/uploads\\\/2026\\\/09\\\/download-e1788526822253.jpg\",\"contentUrl\":\"https:\\\/\\\/jornalboasnoticias.com.br\\\/home\\\/wp-content\\\/uploads\\\/2026\\\/09\\\/download-e1788526822253.jpg\",\"width\":1000,\"height\":666,\"caption\":\"Foto: AEN\"},{\"@type\":\"BreadcrumbList\",\"@id\":\"https:\\\/\\\/jornalboasnoticias.com.br\\\/home\\\/parana-tera-chuva-ate-sabado-e-frio-no-feriado-de-sete-de-setembro-preve-simepar\\\/#breadcrumb\",\"itemListElement\":[{\"@type\":\"ListItem\",\"position\":1,\"name\":\"In\u00edcio\",\"item\":\"https:\\\/\\\/jornalboasnoticias.com.br\\\/home\\\/\"},{\"@type\":\"ListItem\",\"position\":2,\"name\":\"Paran\u00e1 ter\u00e1 chuva at\u00e9 s\u00e1bado e frio no feriado de Sete de Setembro, prev\u00ea Simepar\"}]},{\"@type\":\"WebSite\",\"@id\":\"https:\\\/\\\/jornalboasnoticias.com.br\\\/home\\\/#website\",\"url\":\"https:\\\/\\\/jornalboasnoticias.com.br\\\/home\\\/\",\"name\":\"Jornal Boas Not\u00edcias\",\"description\":\"Boas not\u00edcias\",\"publisher\":{\"@id\":\"https:\\\/\\\/jornalboasnoticias.com.br\\\/home\\\/#organization\"},\"potentialAction\":[{\"@type\":\"SearchAction\",\"target\":{\"@type\":\"EntryPoint\",\"urlTemplate\":\"https:\\\/\\\/jornalboasnoticias.com.br\\\/home\\\/?s={search_term_string}\"},\"query-input\":{\"@type\":\"PropertyValueSpecification\",\"valueRequired\":true,\"valueName\":\"search_term_string\"}}],\"inLanguage\":\"pt-BR\"},{\"@type\":\"Organization\",\"@id\":\"https:\\\/\\\/jornalboasnoticias.com.br\\\/home\\\/#organization\",\"name\":\"Coq Editora Ltda\",\"alternateName\":\"Jornal Boas Noticias\",\"url\":\"https:\\\/\\\/jornalboasnoticias.com.br\\\/home\\\/\",\"logo\":{\"@type\":\"ImageObject\",\"inLanguage\":\"pt-BR\",\"@id\":\"https:\\\/\\\/jornalboasnoticias.com.br\\\/home\\\/#\\\/schema\\\/logo\\\/image\\\/\",\"url\":\"https:\\\/\\\/jornalboasnoticias.com.br\\\/home\\\/wp-content\\\/uploads\\\/2024\\\/07\\\/cropped-logo.jpg\",\"contentUrl\":\"https:\\\/\\\/jornalboasnoticias.com.br\\\/home\\\/wp-content\\\/uploads\\\/2024\\\/07\\\/cropped-logo.jpg\",\"width\":290,\"height\":142,\"caption\":\"Coq Editora Ltda\"},\"image\":{\"@id\":\"https:\\\/\\\/jornalboasnoticias.com.br\\\/home\\\/#\\\/schema\\\/logo\\\/image\\\/\"},\"sameAs\":[\"https:\\\/\\\/www.facebook.com\\\/boasnoticiasjornal\"]},{\"@type\":\"Person\",\"@id\":\"https:\\\/\\\/jornalboasnoticias.com.br\\\/home\\\/#\\\/schema\\\/person\\\/75f9ebde398c998c166475fb446bda62\",\"name\":\"Luiz Carlos da Cruz\",\"image\":{\"@type\":\"ImageObject\",\"inLanguage\":\"pt-BR\",\"@id\":\"https:\\\/\\\/secure.gravatar.com\\\/avatar\\\/e6f4f45301b6cb8572f7b076572e8ac11c1db80e805d8c8d0858cf286ce3ac3b?s=96&d=mm&r=g\",\"url\":\"https:\\\/\\\/secure.gravatar.com\\\/avatar\\\/e6f4f45301b6cb8572f7b076572e8ac11c1db80e805d8c8d0858cf286ce3ac3b?s=96&d=mm&r=g\",\"contentUrl\":\"https:\\\/\\\/secure.gravatar.com\\\/avatar\\\/e6f4f45301b6cb8572f7b076572e8ac11c1db80e805d8c8d0858cf286ce3ac3b?s=96&d=mm&r=g\",\"caption\":\"Luiz Carlos da Cruz\"},\"url\":\"https:\\\/\\\/jornalboasnoticias.com.br\\\/home\\\/author\\\/luiz-carlos-da-cruz\\\/\"}]}<\/script>\n<!-- \/ Yoast SEO plugin. -->","yoast_head_json":{"title":"Paran\u00e1 ter\u00e1 chuva at\u00e9 s\u00e1bado e frio no feriado de Sete de Setembro, prev\u00ea Simepar - Jornal","description":"Paran\u00e1 ter\u00e1 chuva at\u00e9 s\u00e1bado e frio no feriado de Sete de Setembro, prev\u00ea Simepar","robots":{"index":"index","follow":"follow","max-snippet":"max-snippet:-1","max-image-preview":"max-image-preview:large","max-video-preview":"max-video-preview:-1"},"canonical":"https:\/\/jornalboasnoticias.com.br\/home\/parana-tera-chuva-ate-sabado-e-frio-no-feriado-de-sete-de-setembro-preve-simepar\/","og_locale":"pt_BR","og_type":"article","og_title":"Paran\u00e1 ter\u00e1 chuva at\u00e9 s\u00e1bado e frio no feriado de Sete de Setembro, prev\u00ea Simepar - Jornal","og_description":"Paran\u00e1 ter\u00e1 chuva at\u00e9 s\u00e1bado e frio no feriado de Sete de Setembro, prev\u00ea Simepar","og_url":"https:\/\/jornalboasnoticias.com.br\/home\/parana-tera-chuva-ate-sabado-e-frio-no-feriado-de-sete-de-setembro-preve-simepar\/","og_site_name":"Jornal","article_publisher":"https:\/\/www.facebook.com\/boasnoticiasjornal","article_published_time":"2026-09-04T13:00:45+00:00","og_image":[{"width":1000,"height":666,"url":"https:\/\/jornalboasnoticias.com.br\/home\/wp-content\/uploads\/2026\/09\/download-e1788526822253.jpg","type":"image\/jpeg"}],"author":"Luiz Carlos da Cruz","twitter_card":"summary_large_image","twitter_misc":{"Escrito por":"Luiz Carlos da Cruz","Est. tempo de leitura":"4 minutos"},"schema":{"@context":"https:\/\/schema.org","@graph":[{"@type":"Article","@id":"https:\/\/jornalboasnoticias.com.br\/home\/parana-tera-chuva-ate-sabado-e-frio-no-feriado-de-sete-de-setembro-preve-simepar\/#article","isPartOf":{"@id":"https:\/\/jornalboasnoticias.com.br\/home\/parana-tera-chuva-ate-sabado-e-frio-no-feriado-de-sete-de-setembro-preve-simepar\/"},"author":{"name":"Luiz Carlos da Cruz","@id":"https:\/\/jornalboasnoticias.com.br\/home\/#\/schema\/person\/75f9ebde398c998c166475fb446bda62"},"headline":"Paran\u00e1 ter\u00e1 chuva at\u00e9 s\u00e1bado e frio no feriado de Sete de Setembro, prev\u00ea Simepar","datePublished":"2026-09-04T13:00:45+00:00","mainEntityOfPage":{"@id":"https:\/\/jornalboasnoticias.com.br\/home\/parana-tera-chuva-ate-sabado-e-frio-no-feriado-de-sete-de-setembro-preve-simepar\/"},"wordCount":617,"commentCount":0,"publisher":{"@id":"https:\/\/jornalboasnoticias.com.br\/home\/#organization"},"image":{"@id":"https:\/\/jornalboasnoticias.com.br\/home\/parana-tera-chuva-ate-sabado-e-frio-no-feriado-de-sete-de-setembro-preve-simepar\/#primaryimage"},"thumbnailUrl":"https:\/\/jornalboasnoticias.com.br\/home\/wp-content\/uploads\/2026\/09\/download-e1788526822253.jpg","articleSection":["DESTAQUE","PARAN\u00c1"],"inLanguage":"pt-BR","potentialAction":[{"@type":"CommentAction","name":"Comment","target":["https:\/\/jornalboasnoticias.com.br\/home\/parana-tera-chuva-ate-sabado-e-frio-no-feriado-de-sete-de-setembro-preve-simepar\/#respond"]}]},{"@type":"WebPage","@id":"https:\/\/jornalboasnoticias.com.br\/home\/parana-tera-chuva-ate-sabado-e-frio-no-feriado-de-sete-de-setembro-preve-simepar\/","url":"https:\/\/jornalboasnoticias.com.br\/home\/parana-tera-chuva-ate-sabado-e-frio-no-feriado-de-sete-de-setembro-preve-simepar\/","name":"Paran\u00e1 ter\u00e1 chuva at\u00e9 s\u00e1bado e frio no feriado de Sete de Setembro, prev\u00ea Simepar - Jornal","isPartOf":{"@id":"https:\/\/jornalboasnoticias.com.br\/home\/#website"},"primaryImageOfPage":{"@id":"https:\/\/jornalboasnoticias.com.br\/home\/parana-tera-chuva-ate-sabado-e-frio-no-feriado-de-sete-de-setembro-preve-simepar\/#primaryimage"},"image":{"@id":"https:\/\/jornalboasnoticias.com.br\/home\/parana-tera-chuva-ate-sabado-e-frio-no-feriado-de-sete-de-setembro-preve-simepar\/#primaryimage"},"thumbnailUrl":"https:\/\/jornalboasnoticias.com.br\/home\/wp-content\/uploads\/2026\/09\/download-e1788526822253.jpg","datePublished":"2026-09-04T13:00:45+00:00","description":"Paran\u00e1 ter\u00e1 chuva at\u00e9 s\u00e1bado e frio no feriado de Sete de Setembro, prev\u00ea Simepar","breadcrumb":{"@id":"https:\/\/jornalboasnoticias.com.br\/home\/parana-tera-chuva-ate-sabado-e-frio-no-feriado-de-sete-de-setembro-preve-simepar\/#breadcrumb"},"inLanguage":"pt-BR","potentialAction":[{"@type":"ReadAction","target":["https:\/\/jornalboasnoticias.com.br\/home\/parana-tera-chuva-ate-sabado-e-frio-no-feriado-de-sete-de-setembro-preve-simepar\/"]}]},{"@type":"ImageObject","inLanguage":"pt-BR","@id":"https:\/\/jornalboasnoticias.com.br\/home\/parana-tera-chuva-ate-sabado-e-frio-no-feriado-de-sete-de-setembro-preve-simepar\/#primaryimage","url":"https:\/\/jornalboasnoticias.com.br\/home\/wp-content\/uploads\/2026\/09\/download-e1788526822253.jpg","contentUrl":"https:\/\/jornalboasnoticias.com.br\/home\/wp-content\/uploads\/2026\/09\/download-e1788526822253.jpg","width":1000,"height":666,"caption":"Foto: AEN"},{"@type":"BreadcrumbList","@id":"https:\/\/jornalboasnoticias.com.br\/home\/parana-tera-chuva-ate-sabado-e-frio-no-feriado-de-sete-de-setembro-preve-simepar\/#breadcrumb","itemListElement":[{"@type":"ListItem","position":1,"name":"In\u00edcio","item":"https:\/\/jornalboasnoticias.com.br\/home\/"},{"@type":"ListItem","position":2,"name":"Paran\u00e1 ter\u00e1 chuva at\u00e9 s\u00e1bado e frio no feriado de Sete de Setembro, prev\u00ea Simepar"}]},{"@type":"WebSite","@id":"https:\/\/jornalboasnoticias.com.br\/home\/#website","url":"https:\/\/jornalboasnoticias.com.br\/home\/","name":"Jornal Boas Not\u00edcias","description":"Boas not\u00edcias","publisher":{"@id":"https:\/\/jornalboasnoticias.com.br\/home\/#organization"},"potentialAction":[{"@type":"SearchAction","target":{"@type":"EntryPoint","urlTemplate":"https:\/\/jornalboasnoticias.com.br\/home\/?s={search_term_string}"},"query-input":{"@type":"PropertyValueSpecification","valueRequired":true,"valueName":"search_term_string"}}],"inLanguage":"pt-BR"},{"@type":"Organization","@id":"https:\/\/jornalboasnoticias.com.br\/home\/#organization","name":"Coq Editora Ltda","alternateName":"Jornal Boas Noticias","url":"https:\/\/jornalboasnoticias.com.br\/home\/","logo":{"@type":"ImageObject","inLanguage":"pt-BR","@id":"https:\/\/jornalboasnoticias.com.br\/home\/#\/schema\/logo\/image\/","url":"https:\/\/jornalboasnoticias.com.br\/home\/wp-content\/uploads\/2024\/07\/cropped-logo.jpg","contentUrl":"https:\/\/jornalboasnoticias.com.br\/home\/wp-content\/uploads\/2024\/07\/cropped-logo.jpg","width":290,"height":142,"caption":"Coq Editora Ltda"},"image":{"@id":"https:\/\/jornalboasnoticias.com.br\/home\/#\/schema\/logo\/image\/"},"sameAs":["https:\/\/www.facebook.com\/boasnoticiasjornal"]},{"@type":"Person","@id":"https:\/\/jornalboasnoticias.com.br\/home\/#\/schema\/person\/75f9ebde398c998c166475fb446bda62","name":"Luiz Carlos da Cruz","image":{"@type":"ImageObject","inLanguage":"pt-BR","@id":"https:\/\/secure.gravatar.com\/avatar\/e6f4f45301b6cb8572f7b076572e8ac11c1db80e805d8c8d0858cf286ce3ac3b?s=96&d=mm&r=g","url":"https:\/\/secure.gravatar.com\/avatar\/e6f4f45301b6cb8572f7b076572e8ac11c1db80e805d8c8d0858cf286ce3ac3b?s=96&d=mm&r=g","contentUrl":"https:\/\/secure.gravatar.com\/avatar\/e6f4f45301b6cb8572f7b076572e8ac11c1db80e805d8c8d0858cf286ce3ac3b?s=96&d=mm&r=g","caption":"Luiz Carlos da Cruz"},"url":"https:\/\/jornalboasnoticias.com.br\/home\/author\/luiz-carlos-da-cruz\/"}]}},"_links":{"self":[{"href":"https:\/\/jornalboasnoticias.com.br\/home\/wp-json\/wp\/v2\/posts\/48826","targetHints":{"allow":["GET"]}}],"collection":[{"href":"https:\/\/jornalboasnoticias.com.br\/home\/wp-json\/wp\/v2\/posts"}],"about":[{"href":"https:\/\/jornalboasnoticias.com.br\/home\/wp-json\/wp\/v2\/types\/post"}],"author":[{"embeddable":true,"href":"https:\/\/jornalboasnoticias.com.br\/home\/wp-json\/wp\/v2\/users\/3"}],"replies":[{"embeddable":true,"href":"https:\/\/jornalboasnoticias.com.br\/home\/wp-json\/wp\/v2\/comments?post=48826"}],"version-history":[{"count":1,"href":"https:\/\/jornalboasnoticias.com.br\/home\/wp-json\/wp\/v2\/posts\/48826\/revisions"}],"predecessor-version":[{"id":48828,"href":"https:\/\/jornalboasnoticias.com.br\/home\/wp-json\/wp\/v2\/posts\/48826\/revisions\/48828"}],"wp:featuredmedia":[{"embeddable":true,"href":"https:\/\/jornalboasnoticias.com.br\/home\/wp-json\/wp\/v2\/media\/48827"}],"wp:attachment":[{"href":"https:\/\/jornalboasnoticias.com.br\/home\/wp-json\/wp\/v2\/media?parent=48826"}],"wp:term":[{"taxonomy":"category","embeddable":true,"href":"https:\/\/jornalboasnoticias.com.br\/home\/wp-json\/wp\/v2\/categories?post=48826"},{"taxonomy":"post_tag","embeddable":true,"href":"https:\/\/jornalboasnoticias.com.br\/home\/wp-json\/wp\/v2\/tags?post=48826"}],"curies":[{"name":"wp","href":"https:\/\/api.w.org\/{rel}","templated":true}]}}