{"id":48821,"date":"2026-09-03T18:28:35","date_gmt":"2026-09-03T18:28:35","guid":{"rendered":"https:\/\/jornalboasnoticias.com.br\/home\/?p=48821"},"modified":"2026-09-03T18:28:35","modified_gmt":"2026-09-03T18:28:35","slug":"mpdft-denuncia-magno-malta-apos-acusacao-de-tapa-em-tecnica-de-enfermagem","status":"publish","type":"post","link":"https:\/\/jornalboasnoticias.com.br\/home\/mpdft-denuncia-magno-malta-apos-acusacao-de-tapa-em-tecnica-de-enfermagem\/","title":{"rendered":"MPDFT denuncia Magno Malta ap\u00f3s acusa\u00e7\u00e3o de tapa em t\u00e9cnica de enfermagem"},"content":{"rendered":"<blockquote>\n<p class=\"isSelectedEnd\" style=\"text-align: center;\">Parlamentar teria dado um tapa no rosto da profissional durante atendimento no Hospital DF Star, em Bras\u00edlia; defesa nega agress\u00e3o<\/p>\n<\/blockquote>\n<figure id=\"attachment_87918\" aria-describedby=\"caption-attachment-87918\" style=\"width: 705px\" class=\"wp-caption aligncenter\"><img loading=\"lazy\" decoding=\"async\" class=\"size-full wp-image-87918\" src=\"https:\/\/portalcantagalo.com.br\/wp-content\/uploads\/2026\/09\/JVqqPyJ.jpeg\" alt=\"\" width=\"705\" height=\"457\" \/><figcaption id=\"caption-attachment-87918\" class=\"wp-caption-text\">Divulga\u00e7\u00e3o<\/figcaption><\/figure>\n<p class=\"isSelectedEnd\">O Minist\u00e9rio P\u00fablico do Distrito Federal e Territ\u00f3rios (MPDFT) denunciou o senador Magno Malta (PL) por vias de fato ap\u00f3s uma t\u00e9cnica de enfermagem afirmar ter sido agredida pelo parlamentar durante um atendimento no Hospital DF Star, em Bras\u00edlia, em abril deste ano. O caso tramita no 2\u00ba Juizado Especial Criminal. As informa\u00e7\u00f5es foram divulgadas pelo portal Metr\u00f3poles nesta quarta-feira (2).<\/p>\n<p class=\"isSelectedEnd\">De acordo com a den\u00fancia, a profissional identificou um extravasamento de contraste no bra\u00e7o do senador durante uma angiotomografia e informou que seria necess\u00e1rio colocar uma compressa no local.<\/p>\n<p class=\"isSelectedEnd\">Segundo o MPDFT, quando a t\u00e9cnica se aproximou para prestar aux\u00edlio, Malta teria dado \u201cum forte tapa no rosto\u201d da profissional, fazendo com que os \u00f3culos dela entortassem. A mulher relatou ter sentido dor e apresentado vermelhid\u00e3o na face, al\u00e9m de danos aos \u00f3culos.<\/p>\n<p class=\"isSelectedEnd\">O Minist\u00e9rio P\u00fablico tamb\u00e9m pediu que o senador seja condenado a indenizar a t\u00e9cnica pelos danos materiais e morais decorrentes do epis\u00f3dio. O valor dever\u00e1 ser definido pela Justi\u00e7a.<\/p>\n<p class=\"isSelectedEnd\">Antes de apresentar a den\u00fancia, o MPDFT havia oferecido ao parlamentar um acordo para encerrar o caso. A proposta previa o pagamento de R$ 6 mil ou o cumprimento de 45 horas de servi\u00e7os comunit\u00e1rios. Malta recusou o acordo.<\/p>\n<p class=\"isSelectedEnd\">A defesa do senador nega que tenha ocorrido agress\u00e3o. Em nota, afirmou que \u201cn\u00e3o h\u00e1 comprova\u00e7\u00e3o de agress\u00e3o f\u00edsica, tampouco laudo pericial que indique les\u00e3o compat\u00edvel com a acusa\u00e7\u00e3o\u201d e declarou que Malta continuar\u00e1 exercendo seu direito de defesa.<\/p>\n<p class=\"isSelectedEnd\">Ap\u00f3s a acusa\u00e7\u00e3o, o senador tamb\u00e9m registrou uma ocorr\u00eancia contra a t\u00e9cnica de enfermagem por suposta les\u00e3o corporal culposa. O procedimento, entretanto, foi arquivado pela Justi\u00e7a do Distrito Federal em julho.<\/p>\n<p>Na decis\u00e3o, o 2\u00ba Juizado Especial Criminal acompanhou o entendimento do Minist\u00e9rio P\u00fablico de que n\u00e3o havia \u201celementos m\u00ednimos\u201d que indicassem falta do dever de cuidado por parte da profissional.<\/p>\n","protected":false},"excerpt":{"rendered":"<p>Parlamentar teria dado um tapa no rosto da profissional durante atendimento no Hospital DF Star,<\/p>\n","protected":false},"author":3,"featured_media":48823,"comment_status":"open","ping_status":"open","sticky":false,"template":"","format":"standard","meta":{"footnotes":""},"categories":[22],"tags":[],"class_list":["post-48821","post","type-post","status-publish","format-standard","has-post-thumbnail","hentry","category-justica"],"yoast_head":"<!-- This site is optimized with the Yoast SEO plugin v28.3 - https:\/\/yoast.com\/product\/yoast-seo-wordpress\/ -->\n<title>MPDFT denuncia Magno Malta ap\u00f3s acusa\u00e7\u00e3o de tapa em t\u00e9cnica de enfermagem - Jornal<\/title>\n<meta name=\"description\" content=\"MPDFT denuncia Magno Malta ap\u00f3s acusa\u00e7\u00e3o de tapa em t\u00e9cnica de enfermagem\" \/>\n<meta name=\"robots\" content=\"index, follow, max-snippet:-1, max-image-preview:large, max-video-preview:-1\" \/>\n<link rel=\"canonical\" href=\"https:\/\/jornalboasnoticias.com.br\/home\/mpdft-denuncia-magno-malta-apos-acusacao-de-tapa-em-tecnica-de-enfermagem\/\" \/>\n<meta property=\"og:locale\" content=\"pt_BR\" \/>\n<meta property=\"og:type\" content=\"article\" \/>\n<meta property=\"og:title\" content=\"MPDFT denuncia Magno Malta ap\u00f3s acusa\u00e7\u00e3o de tapa em t\u00e9cnica de enfermagem - Jornal\" \/>\n<meta property=\"og:description\" content=\"MPDFT denuncia Magno Malta ap\u00f3s acusa\u00e7\u00e3o de tapa em t\u00e9cnica de enfermagem\" \/>\n<meta property=\"og:url\" content=\"https:\/\/jornalboasnoticias.com.br\/home\/mpdft-denuncia-magno-malta-apos-acusacao-de-tapa-em-tecnica-de-enfermagem\/\" \/>\n<meta property=\"og:site_name\" content=\"Jornal\" \/>\n<meta property=\"article:publisher\" content=\"https:\/\/www.facebook.com\/boasnoticiasjornal\" \/>\n<meta property=\"article:published_time\" content=\"2026-09-03T18:28:35+00:00\" \/>\n<meta property=\"og:image\" content=\"https:\/\/jornalboasnoticias.com.br\/home\/wp-content\/uploads\/2026\/09\/JVqqPyJ.jpeg\" \/>\n\t<meta property=\"og:image:width\" content=\"705\" \/>\n\t<meta property=\"og:image:height\" content=\"457\" \/>\n\t<meta property=\"og:image:type\" content=\"image\/jpeg\" \/>\n<meta name=\"author\" content=\"Luiz Carlos da Cruz\" \/>\n<meta name=\"twitter:card\" content=\"summary_large_image\" \/>\n<meta name=\"twitter:label1\" content=\"Escrito por\" \/>\n\t<meta name=\"twitter:data1\" content=\"Luiz Carlos da Cruz\" \/>\n\t<meta name=\"twitter:label2\" content=\"Est. tempo de leitura\" \/>\n\t<meta name=\"twitter:data2\" content=\"3 minutos\" \/>\n<script type=\"application\/ld+json\" class=\"yoast-schema-graph\">{\"@context\":\"https:\\\/\\\/schema.org\",\"@graph\":[{\"@type\":\"Article\",\"@id\":\"https:\\\/\\\/jornalboasnoticias.com.br\\\/home\\\/mpdft-denuncia-magno-malta-apos-acusacao-de-tapa-em-tecnica-de-enfermagem\\\/#article\",\"isPartOf\":{\"@id\":\"https:\\\/\\\/jornalboasnoticias.com.br\\\/home\\\/mpdft-denuncia-magno-malta-apos-acusacao-de-tapa-em-tecnica-de-enfermagem\\\/\"},\"author\":{\"name\":\"Luiz Carlos da Cruz\",\"@id\":\"https:\\\/\\\/jornalboasnoticias.com.br\\\/home\\\/#\\\/schema\\\/person\\\/75f9ebde398c998c166475fb446bda62\"},\"headline\":\"MPDFT denuncia Magno Malta ap\u00f3s acusa\u00e7\u00e3o de tapa em t\u00e9cnica de enfermagem\",\"datePublished\":\"2026-09-03T18:28:35+00:00\",\"mainEntityOfPage\":{\"@id\":\"https:\\\/\\\/jornalboasnoticias.com.br\\\/home\\\/mpdft-denuncia-magno-malta-apos-acusacao-de-tapa-em-tecnica-de-enfermagem\\\/\"},\"wordCount\":387,\"commentCount\":0,\"publisher\":{\"@id\":\"https:\\\/\\\/jornalboasnoticias.com.br\\\/home\\\/#organization\"},\"image\":{\"@id\":\"https:\\\/\\\/jornalboasnoticias.com.br\\\/home\\\/mpdft-denuncia-magno-malta-apos-acusacao-de-tapa-em-tecnica-de-enfermagem\\\/#primaryimage\"},\"thumbnailUrl\":\"https:\\\/\\\/jornalboasnoticias.com.br\\\/home\\\/wp-content\\\/uploads\\\/2026\\\/09\\\/JVqqPyJ.jpeg\",\"articleSection\":[\"JUSTI\u00c7A\"],\"inLanguage\":\"pt-BR\",\"potentialAction\":[{\"@type\":\"CommentAction\",\"name\":\"Comment\",\"target\":[\"https:\\\/\\\/jornalboasnoticias.com.br\\\/home\\\/mpdft-denuncia-magno-malta-apos-acusacao-de-tapa-em-tecnica-de-enfermagem\\\/#respond\"]}]},{\"@type\":\"WebPage\",\"@id\":\"https:\\\/\\\/jornalboasnoticias.com.br\\\/home\\\/mpdft-denuncia-magno-malta-apos-acusacao-de-tapa-em-tecnica-de-enfermagem\\\/\",\"url\":\"https:\\\/\\\/jornalboasnoticias.com.br\\\/home\\\/mpdft-denuncia-magno-malta-apos-acusacao-de-tapa-em-tecnica-de-enfermagem\\\/\",\"name\":\"MPDFT denuncia Magno Malta ap\u00f3s acusa\u00e7\u00e3o de tapa em t\u00e9cnica de enfermagem - Jornal\",\"isPartOf\":{\"@id\":\"https:\\\/\\\/jornalboasnoticias.com.br\\\/home\\\/#website\"},\"primaryImageOfPage\":{\"@id\":\"https:\\\/\\\/jornalboasnoticias.com.br\\\/home\\\/mpdft-denuncia-magno-malta-apos-acusacao-de-tapa-em-tecnica-de-enfermagem\\\/#primaryimage\"},\"image\":{\"@id\":\"https:\\\/\\\/jornalboasnoticias.com.br\\\/home\\\/mpdft-denuncia-magno-malta-apos-acusacao-de-tapa-em-tecnica-de-enfermagem\\\/#primaryimage\"},\"thumbnailUrl\":\"https:\\\/\\\/jornalboasnoticias.com.br\\\/home\\\/wp-content\\\/uploads\\\/2026\\\/09\\\/JVqqPyJ.jpeg\",\"datePublished\":\"2026-09-03T18:28:35+00:00\",\"description\":\"MPDFT denuncia Magno Malta ap\u00f3s acusa\u00e7\u00e3o de tapa em t\u00e9cnica de enfermagem\",\"breadcrumb\":{\"@id\":\"https:\\\/\\\/jornalboasnoticias.com.br\\\/home\\\/mpdft-denuncia-magno-malta-apos-acusacao-de-tapa-em-tecnica-de-enfermagem\\\/#breadcrumb\"},\"inLanguage\":\"pt-BR\",\"potentialAction\":[{\"@type\":\"ReadAction\",\"target\":[\"https:\\\/\\\/jornalboasnoticias.com.br\\\/home\\\/mpdft-denuncia-magno-malta-apos-acusacao-de-tapa-em-tecnica-de-enfermagem\\\/\"]}]},{\"@type\":\"ImageObject\",\"inLanguage\":\"pt-BR\",\"@id\":\"https:\\\/\\\/jornalboasnoticias.com.br\\\/home\\\/mpdft-denuncia-magno-malta-apos-acusacao-de-tapa-em-tecnica-de-enfermagem\\\/#primaryimage\",\"url\":\"https:\\\/\\\/jornalboasnoticias.com.br\\\/home\\\/wp-content\\\/uploads\\\/2026\\\/09\\\/JVqqPyJ.jpeg\",\"contentUrl\":\"https:\\\/\\\/jornalboasnoticias.com.br\\\/home\\\/wp-content\\\/uploads\\\/2026\\\/09\\\/JVqqPyJ.jpeg\",\"width\":705,\"height\":457,\"caption\":\"Divulga\u00e7\u00e3o\"},{\"@type\":\"BreadcrumbList\",\"@id\":\"https:\\\/\\\/jornalboasnoticias.com.br\\\/home\\\/mpdft-denuncia-magno-malta-apos-acusacao-de-tapa-em-tecnica-de-enfermagem\\\/#breadcrumb\",\"itemListElement\":[{\"@type\":\"ListItem\",\"position\":1,\"name\":\"In\u00edcio\",\"item\":\"https:\\\/\\\/jornalboasnoticias.com.br\\\/home\\\/\"},{\"@type\":\"ListItem\",\"position\":2,\"name\":\"MPDFT denuncia Magno Malta ap\u00f3s acusa\u00e7\u00e3o de tapa em t\u00e9cnica de enfermagem\"}]},{\"@type\":\"WebSite\",\"@id\":\"https:\\\/\\\/jornalboasnoticias.com.br\\\/home\\\/#website\",\"url\":\"https:\\\/\\\/jornalboasnoticias.com.br\\\/home\\\/\",\"name\":\"Jornal Boas Not\u00edcias\",\"description\":\"Boas not\u00edcias\",\"publisher\":{\"@id\":\"https:\\\/\\\/jornalboasnoticias.com.br\\\/home\\\/#organization\"},\"potentialAction\":[{\"@type\":\"SearchAction\",\"target\":{\"@type\":\"EntryPoint\",\"urlTemplate\":\"https:\\\/\\\/jornalboasnoticias.com.br\\\/home\\\/?s={search_term_string}\"},\"query-input\":{\"@type\":\"PropertyValueSpecification\",\"valueRequired\":true,\"valueName\":\"search_term_string\"}}],\"inLanguage\":\"pt-BR\"},{\"@type\":\"Organization\",\"@id\":\"https:\\\/\\\/jornalboasnoticias.com.br\\\/home\\\/#organization\",\"name\":\"Coq Editora Ltda\",\"alternateName\":\"Jornal Boas Noticias\",\"url\":\"https:\\\/\\\/jornalboasnoticias.com.br\\\/home\\\/\",\"logo\":{\"@type\":\"ImageObject\",\"inLanguage\":\"pt-BR\",\"@id\":\"https:\\\/\\\/jornalboasnoticias.com.br\\\/home\\\/#\\\/schema\\\/logo\\\/image\\\/\",\"url\":\"https:\\\/\\\/jornalboasnoticias.com.br\\\/home\\\/wp-content\\\/uploads\\\/2024\\\/07\\\/cropped-logo.jpg\",\"contentUrl\":\"https:\\\/\\\/jornalboasnoticias.com.br\\\/home\\\/wp-content\\\/uploads\\\/2024\\\/07\\\/cropped-logo.jpg\",\"width\":290,\"height\":142,\"caption\":\"Coq Editora Ltda\"},\"image\":{\"@id\":\"https:\\\/\\\/jornalboasnoticias.com.br\\\/home\\\/#\\\/schema\\\/logo\\\/image\\\/\"},\"sameAs\":[\"https:\\\/\\\/www.facebook.com\\\/boasnoticiasjornal\"]},{\"@type\":\"Person\",\"@id\":\"https:\\\/\\\/jornalboasnoticias.com.br\\\/home\\\/#\\\/schema\\\/person\\\/75f9ebde398c998c166475fb446bda62\",\"name\":\"Luiz Carlos da Cruz\",\"image\":{\"@type\":\"ImageObject\",\"inLanguage\":\"pt-BR\",\"@id\":\"https:\\\/\\\/secure.gravatar.com\\\/avatar\\\/e6f4f45301b6cb8572f7b076572e8ac11c1db80e805d8c8d0858cf286ce3ac3b?s=96&d=mm&r=g\",\"url\":\"https:\\\/\\\/secure.gravatar.com\\\/avatar\\\/e6f4f45301b6cb8572f7b076572e8ac11c1db80e805d8c8d0858cf286ce3ac3b?s=96&d=mm&r=g\",\"contentUrl\":\"https:\\\/\\\/secure.gravatar.com\\\/avatar\\\/e6f4f45301b6cb8572f7b076572e8ac11c1db80e805d8c8d0858cf286ce3ac3b?s=96&d=mm&r=g\",\"caption\":\"Luiz Carlos da Cruz\"},\"url\":\"https:\\\/\\\/jornalboasnoticias.com.br\\\/home\\\/author\\\/luiz-carlos-da-cruz\\\/\"}]}<\/script>\n<!-- \/ Yoast SEO plugin. -->","yoast_head_json":{"title":"MPDFT denuncia Magno Malta ap\u00f3s acusa\u00e7\u00e3o de tapa em t\u00e9cnica de enfermagem - Jornal","description":"MPDFT denuncia Magno Malta ap\u00f3s acusa\u00e7\u00e3o de tapa em t\u00e9cnica de enfermagem","robots":{"index":"index","follow":"follow","max-snippet":"max-snippet:-1","max-image-preview":"max-image-preview:large","max-video-preview":"max-video-preview:-1"},"canonical":"https:\/\/jornalboasnoticias.com.br\/home\/mpdft-denuncia-magno-malta-apos-acusacao-de-tapa-em-tecnica-de-enfermagem\/","og_locale":"pt_BR","og_type":"article","og_title":"MPDFT denuncia Magno Malta ap\u00f3s acusa\u00e7\u00e3o de tapa em t\u00e9cnica de enfermagem - Jornal","og_description":"MPDFT denuncia Magno Malta ap\u00f3s acusa\u00e7\u00e3o de tapa em t\u00e9cnica de enfermagem","og_url":"https:\/\/jornalboasnoticias.com.br\/home\/mpdft-denuncia-magno-malta-apos-acusacao-de-tapa-em-tecnica-de-enfermagem\/","og_site_name":"Jornal","article_publisher":"https:\/\/www.facebook.com\/boasnoticiasjornal","article_published_time":"2026-09-03T18:28:35+00:00","og_image":[{"width":705,"height":457,"url":"https:\/\/jornalboasnoticias.com.br\/home\/wp-content\/uploads\/2026\/09\/JVqqPyJ.jpeg","type":"image\/jpeg"}],"author":"Luiz Carlos da Cruz","twitter_card":"summary_large_image","twitter_misc":{"Escrito por":"Luiz Carlos da Cruz","Est. tempo de leitura":"3 minutos"},"schema":{"@context":"https:\/\/schema.org","@graph":[{"@type":"Article","@id":"https:\/\/jornalboasnoticias.com.br\/home\/mpdft-denuncia-magno-malta-apos-acusacao-de-tapa-em-tecnica-de-enfermagem\/#article","isPartOf":{"@id":"https:\/\/jornalboasnoticias.com.br\/home\/mpdft-denuncia-magno-malta-apos-acusacao-de-tapa-em-tecnica-de-enfermagem\/"},"author":{"name":"Luiz Carlos da Cruz","@id":"https:\/\/jornalboasnoticias.com.br\/home\/#\/schema\/person\/75f9ebde398c998c166475fb446bda62"},"headline":"MPDFT denuncia Magno Malta ap\u00f3s acusa\u00e7\u00e3o de tapa em t\u00e9cnica de enfermagem","datePublished":"2026-09-03T18:28:35+00:00","mainEntityOfPage":{"@id":"https:\/\/jornalboasnoticias.com.br\/home\/mpdft-denuncia-magno-malta-apos-acusacao-de-tapa-em-tecnica-de-enfermagem\/"},"wordCount":387,"commentCount":0,"publisher":{"@id":"https:\/\/jornalboasnoticias.com.br\/home\/#organization"},"image":{"@id":"https:\/\/jornalboasnoticias.com.br\/home\/mpdft-denuncia-magno-malta-apos-acusacao-de-tapa-em-tecnica-de-enfermagem\/#primaryimage"},"thumbnailUrl":"https:\/\/jornalboasnoticias.com.br\/home\/wp-content\/uploads\/2026\/09\/JVqqPyJ.jpeg","articleSection":["JUSTI\u00c7A"],"inLanguage":"pt-BR","potentialAction":[{"@type":"CommentAction","name":"Comment","target":["https:\/\/jornalboasnoticias.com.br\/home\/mpdft-denuncia-magno-malta-apos-acusacao-de-tapa-em-tecnica-de-enfermagem\/#respond"]}]},{"@type":"WebPage","@id":"https:\/\/jornalboasnoticias.com.br\/home\/mpdft-denuncia-magno-malta-apos-acusacao-de-tapa-em-tecnica-de-enfermagem\/","url":"https:\/\/jornalboasnoticias.com.br\/home\/mpdft-denuncia-magno-malta-apos-acusacao-de-tapa-em-tecnica-de-enfermagem\/","name":"MPDFT denuncia Magno Malta ap\u00f3s acusa\u00e7\u00e3o de tapa em t\u00e9cnica de enfermagem - Jornal","isPartOf":{"@id":"https:\/\/jornalboasnoticias.com.br\/home\/#website"},"primaryImageOfPage":{"@id":"https:\/\/jornalboasnoticias.com.br\/home\/mpdft-denuncia-magno-malta-apos-acusacao-de-tapa-em-tecnica-de-enfermagem\/#primaryimage"},"image":{"@id":"https:\/\/jornalboasnoticias.com.br\/home\/mpdft-denuncia-magno-malta-apos-acusacao-de-tapa-em-tecnica-de-enfermagem\/#primaryimage"},"thumbnailUrl":"https:\/\/jornalboasnoticias.com.br\/home\/wp-content\/uploads\/2026\/09\/JVqqPyJ.jpeg","datePublished":"2026-09-03T18:28:35+00:00","description":"MPDFT denuncia Magno Malta ap\u00f3s acusa\u00e7\u00e3o de tapa em t\u00e9cnica de enfermagem","breadcrumb":{"@id":"https:\/\/jornalboasnoticias.com.br\/home\/mpdft-denuncia-magno-malta-apos-acusacao-de-tapa-em-tecnica-de-enfermagem\/#breadcrumb"},"inLanguage":"pt-BR","potentialAction":[{"@type":"ReadAction","target":["https:\/\/jornalboasnoticias.com.br\/home\/mpdft-denuncia-magno-malta-apos-acusacao-de-tapa-em-tecnica-de-enfermagem\/"]}]},{"@type":"ImageObject","inLanguage":"pt-BR","@id":"https:\/\/jornalboasnoticias.com.br\/home\/mpdft-denuncia-magno-malta-apos-acusacao-de-tapa-em-tecnica-de-enfermagem\/#primaryimage","url":"https:\/\/jornalboasnoticias.com.br\/home\/wp-content\/uploads\/2026\/09\/JVqqPyJ.jpeg","contentUrl":"https:\/\/jornalboasnoticias.com.br\/home\/wp-content\/uploads\/2026\/09\/JVqqPyJ.jpeg","width":705,"height":457,"caption":"Divulga\u00e7\u00e3o"},{"@type":"BreadcrumbList","@id":"https:\/\/jornalboasnoticias.com.br\/home\/mpdft-denuncia-magno-malta-apos-acusacao-de-tapa-em-tecnica-de-enfermagem\/#breadcrumb","itemListElement":[{"@type":"ListItem","position":1,"name":"In\u00edcio","item":"https:\/\/jornalboasnoticias.com.br\/home\/"},{"@type":"ListItem","position":2,"name":"MPDFT denuncia Magno Malta ap\u00f3s acusa\u00e7\u00e3o de tapa em t\u00e9cnica de enfermagem"}]},{"@type":"WebSite","@id":"https:\/\/jornalboasnoticias.com.br\/home\/#website","url":"https:\/\/jornalboasnoticias.com.br\/home\/","name":"Jornal Boas Not\u00edcias","description":"Boas not\u00edcias","publisher":{"@id":"https:\/\/jornalboasnoticias.com.br\/home\/#organization"},"potentialAction":[{"@type":"SearchAction","target":{"@type":"EntryPoint","urlTemplate":"https:\/\/jornalboasnoticias.com.br\/home\/?s={search_term_string}"},"query-input":{"@type":"PropertyValueSpecification","valueRequired":true,"valueName":"search_term_string"}}],"inLanguage":"pt-BR"},{"@type":"Organization","@id":"https:\/\/jornalboasnoticias.com.br\/home\/#organization","name":"Coq Editora Ltda","alternateName":"Jornal Boas Noticias","url":"https:\/\/jornalboasnoticias.com.br\/home\/","logo":{"@type":"ImageObject","inLanguage":"pt-BR","@id":"https:\/\/jornalboasnoticias.com.br\/home\/#\/schema\/logo\/image\/","url":"https:\/\/jornalboasnoticias.com.br\/home\/wp-content\/uploads\/2024\/07\/cropped-logo.jpg","contentUrl":"https:\/\/jornalboasnoticias.com.br\/home\/wp-content\/uploads\/2024\/07\/cropped-logo.jpg","width":290,"height":142,"caption":"Coq Editora Ltda"},"image":{"@id":"https:\/\/jornalboasnoticias.com.br\/home\/#\/schema\/logo\/image\/"},"sameAs":["https:\/\/www.facebook.com\/boasnoticiasjornal"]},{"@type":"Person","@id":"https:\/\/jornalboasnoticias.com.br\/home\/#\/schema\/person\/75f9ebde398c998c166475fb446bda62","name":"Luiz Carlos da Cruz","image":{"@type":"ImageObject","inLanguage":"pt-BR","@id":"https:\/\/secure.gravatar.com\/avatar\/e6f4f45301b6cb8572f7b076572e8ac11c1db80e805d8c8d0858cf286ce3ac3b?s=96&d=mm&r=g","url":"https:\/\/secure.gravatar.com\/avatar\/e6f4f45301b6cb8572f7b076572e8ac11c1db80e805d8c8d0858cf286ce3ac3b?s=96&d=mm&r=g","contentUrl":"https:\/\/secure.gravatar.com\/avatar\/e6f4f45301b6cb8572f7b076572e8ac11c1db80e805d8c8d0858cf286ce3ac3b?s=96&d=mm&r=g","caption":"Luiz Carlos da Cruz"},"url":"https:\/\/jornalboasnoticias.com.br\/home\/author\/luiz-carlos-da-cruz\/"}]}},"_links":{"self":[{"href":"https:\/\/jornalboasnoticias.com.br\/home\/wp-json\/wp\/v2\/posts\/48821","targetHints":{"allow":["GET"]}}],"collection":[{"href":"https:\/\/jornalboasnoticias.com.br\/home\/wp-json\/wp\/v2\/posts"}],"about":[{"href":"https:\/\/jornalboasnoticias.com.br\/home\/wp-json\/wp\/v2\/types\/post"}],"author":[{"embeddable":true,"href":"https:\/\/jornalboasnoticias.com.br\/home\/wp-json\/wp\/v2\/users\/3"}],"replies":[{"embeddable":true,"href":"https:\/\/jornalboasnoticias.com.br\/home\/wp-json\/wp\/v2\/comments?post=48821"}],"version-history":[{"count":1,"href":"https:\/\/jornalboasnoticias.com.br\/home\/wp-json\/wp\/v2\/posts\/48821\/revisions"}],"predecessor-version":[{"id":48824,"href":"https:\/\/jornalboasnoticias.com.br\/home\/wp-json\/wp\/v2\/posts\/48821\/revisions\/48824"}],"wp:featuredmedia":[{"embeddable":true,"href":"https:\/\/jornalboasnoticias.com.br\/home\/wp-json\/wp\/v2\/media\/48823"}],"wp:attachment":[{"href":"https:\/\/jornalboasnoticias.com.br\/home\/wp-json\/wp\/v2\/media?parent=48821"}],"wp:term":[{"taxonomy":"category","embeddable":true,"href":"https:\/\/jornalboasnoticias.com.br\/home\/wp-json\/wp\/v2\/categories?post=48821"},{"taxonomy":"post_tag","embeddable":true,"href":"https:\/\/jornalboasnoticias.com.br\/home\/wp-json\/wp\/v2\/tags?post=48821"}],"curies":[{"name":"wp","href":"https:\/\/api.w.org\/{rel}","templated":true}]}}