{"id":48814,"date":"2026-09-03T15:43:55","date_gmt":"2026-09-03T15:43:55","guid":{"rendered":"https:\/\/jornalboasnoticias.com.br\/home\/?p=48814"},"modified":"2026-09-03T15:43:55","modified_gmt":"2026-09-03T15:43:55","slug":"palmeiras-e-vasco-avancam-as-semifinais-da-copa-do-brasil","status":"publish","type":"post","link":"https:\/\/jornalboasnoticias.com.br\/home\/palmeiras-e-vasco-avancam-as-semifinais-da-copa-do-brasil\/","title":{"rendered":"Palmeiras e Vasco avan\u00e7am \u00e0s semifinais da Copa do Brasil"},"content":{"rendered":"<blockquote>\n<p style=\"text-align: center;\">Os dois se juntam ao Atl\u00e9tico-MG; nesta quinta, Gr\u00eamio e Internacional decidem a outra vaga<\/p>\n<\/blockquote>\n<figure id=\"attachment_87907\" aria-describedby=\"caption-attachment-87907\" style=\"width: 800px\" class=\"wp-caption aligncenter\"><img loading=\"lazy\" decoding=\"async\" class=\"size-large wp-image-87907\" src=\"https:\/\/portalcantagalo.com.br\/wp-content\/uploads\/2026\/09\/02092026_cg_palmeiras_destaque_7582_17_63de83aae5-1024x576.webp\" alt=\"\" width=\"800\" height=\"450\" \/><figcaption id=\"caption-attachment-87907\" class=\"wp-caption-text\">Cr\u00e9ditos: Divulga\u00e7\u00e3o \/ Palmeiras<\/figcaption><\/figure>\n<p>Palmeiras e Vasco se juntaram ao Atl\u00e9tico-MG e confirmaram presen\u00e7a na fase semifinal da Copa do Brasil. O Vasco derrotou o Vit\u00f3ria por 2 a 0, na noite dessa quarta-feira (2), no Barrad\u00e3o. No mesmo hor\u00e1rio, o Palmeiras empatou com o Santos, por 0 a 0, na Vila Belmiro. Nesta quinta, Gr\u00eamio e Internacional se enfrentam, \u00e0s 20 horas, na Arena do Gr\u00eamio, em busca da outra vaga.<\/p>\n<p>O Vasco, no agregado, fez 3 a 0 no Vit\u00f3ria \u2013 havia vencido no Rio por 1 a 0. O Palmeiras tamb\u00e9m somou a mesma diferen\u00e7a de gols, pois, em casa, derrotara o Santos por 3 a 0. Vasco e Palmeiras disputar\u00e3o uma das semifinais.<\/p>\n<p>O Atl\u00e9tico, que empatou o primeiro jogo com o Cruzeiro (1 a 1), classificou-se na ter\u00e7a-feira (dia 1) ao vencer o rival por 2 a 1, na Arena MRV. Agora, espera quem vai se sair melhor no GreNal. No jogo da semana passada, no Beira-Rio, Internacional e Gr\u00eamio empataram sem gols.<\/p>\n<p>O jogo entre Vasco e Vit\u00f3ria, no Barrad\u00e3o, foi muito intenso e equilibrado. O time da casa chegou a abrir o placar, no in\u00edcio do segundo tempo, com Luan C\u00e2ndido, mas o lance acabou invalidado por impedimento detectado pelo semiautom\u00e1tico.<\/p>\n<p>Aos 35, Andr\u00e9s Gomez fez um bonito gol para o Vasco e, aos 51, Puma Rodriguez, em outra jogada vistosa, selou a vaga do Vasco na semifinal.<\/p>\n<p>Na Vila Belmiro, o Santos teve mais controle de jogo no primeiro tempo, embora as principais oportunidades tenham sido Palmeiras, tr\u00eas delas com Maur\u00edcio. Mas a equipe mandante sofreu um baque com a sa\u00edda de Neymar, no intervalo, que sentiu dores musculares. O Palmeiras soube administrar o jogo e a vantagem constru\u00edda em casa.<\/p>\n<p><em>Informa\u00e7\u00f5es CBF<\/em><\/p>\n<p>&nbsp;<\/p>\n","protected":false},"excerpt":{"rendered":"<p>Os dois se juntam ao Atl\u00e9tico-MG; nesta quinta, Gr\u00eamio e Internacional decidem a outra vaga<\/p>\n","protected":false},"author":3,"featured_media":48815,"comment_status":"open","ping_status":"open","sticky":false,"template":"","format":"standard","meta":{"footnotes":""},"categories":[3,31],"tags":[],"class_list":["post-48814","post","type-post","status-publish","format-standard","has-post-thumbnail","hentry","category-destaques","category-esporte"],"yoast_head":"<!-- This site is optimized with the Yoast SEO plugin v28.3 - https:\/\/yoast.com\/product\/yoast-seo-wordpress\/ -->\n<title>Palmeiras e Vasco avan\u00e7am \u00e0s semifinais da Copa do Brasil - Jornal<\/title>\n<meta name=\"description\" content=\"Palmeiras e Vasco avan\u00e7am \u00e0s semifinais da Copa do Brasil\" \/>\n<meta name=\"robots\" content=\"index, follow, max-snippet:-1, max-image-preview:large, max-video-preview:-1\" \/>\n<link rel=\"canonical\" href=\"https:\/\/jornalboasnoticias.com.br\/home\/palmeiras-e-vasco-avancam-as-semifinais-da-copa-do-brasil\/\" \/>\n<meta property=\"og:locale\" content=\"pt_BR\" \/>\n<meta property=\"og:type\" content=\"article\" \/>\n<meta property=\"og:title\" content=\"Palmeiras e Vasco avan\u00e7am \u00e0s semifinais da Copa do Brasil - Jornal\" \/>\n<meta property=\"og:description\" content=\"Palmeiras e Vasco avan\u00e7am \u00e0s semifinais da Copa do Brasil\" \/>\n<meta property=\"og:url\" content=\"https:\/\/jornalboasnoticias.com.br\/home\/palmeiras-e-vasco-avancam-as-semifinais-da-copa-do-brasil\/\" \/>\n<meta property=\"og:site_name\" content=\"Jornal\" \/>\n<meta property=\"article:publisher\" content=\"https:\/\/www.facebook.com\/boasnoticiasjornal\" \/>\n<meta property=\"article:published_time\" content=\"2026-09-03T15:43:55+00:00\" \/>\n<meta property=\"og:image\" content=\"https:\/\/jornalboasnoticias.com.br\/home\/wp-content\/uploads\/2026\/09\/02092026_cg_palmeiras_destaque_7582_17_63de83aae5.webp\" \/>\n\t<meta property=\"og:image:width\" content=\"1500\" \/>\n\t<meta property=\"og:image:height\" content=\"844\" \/>\n\t<meta property=\"og:image:type\" content=\"image\/webp\" \/>\n<meta name=\"author\" content=\"Luiz Carlos da Cruz\" \/>\n<meta name=\"twitter:card\" content=\"summary_large_image\" \/>\n<meta name=\"twitter:label1\" content=\"Escrito por\" \/>\n\t<meta name=\"twitter:data1\" content=\"Luiz Carlos da Cruz\" \/>\n\t<meta name=\"twitter:label2\" content=\"Est. tempo de leitura\" \/>\n\t<meta name=\"twitter:data2\" content=\"3 minutos\" \/>\n<script type=\"application\/ld+json\" class=\"yoast-schema-graph\">{\"@context\":\"https:\\\/\\\/schema.org\",\"@graph\":[{\"@type\":\"Article\",\"@id\":\"https:\\\/\\\/jornalboasnoticias.com.br\\\/home\\\/palmeiras-e-vasco-avancam-as-semifinais-da-copa-do-brasil\\\/#article\",\"isPartOf\":{\"@id\":\"https:\\\/\\\/jornalboasnoticias.com.br\\\/home\\\/palmeiras-e-vasco-avancam-as-semifinais-da-copa-do-brasil\\\/\"},\"author\":{\"name\":\"Luiz Carlos da Cruz\",\"@id\":\"https:\\\/\\\/jornalboasnoticias.com.br\\\/home\\\/#\\\/schema\\\/person\\\/75f9ebde398c998c166475fb446bda62\"},\"headline\":\"Palmeiras e Vasco avan\u00e7am \u00e0s semifinais da Copa do Brasil\",\"datePublished\":\"2026-09-03T15:43:55+00:00\",\"mainEntityOfPage\":{\"@id\":\"https:\\\/\\\/jornalboasnoticias.com.br\\\/home\\\/palmeiras-e-vasco-avancam-as-semifinais-da-copa-do-brasil\\\/\"},\"wordCount\":333,\"commentCount\":0,\"publisher\":{\"@id\":\"https:\\\/\\\/jornalboasnoticias.com.br\\\/home\\\/#organization\"},\"image\":{\"@id\":\"https:\\\/\\\/jornalboasnoticias.com.br\\\/home\\\/palmeiras-e-vasco-avancam-as-semifinais-da-copa-do-brasil\\\/#primaryimage\"},\"thumbnailUrl\":\"https:\\\/\\\/jornalboasnoticias.com.br\\\/home\\\/wp-content\\\/uploads\\\/2026\\\/09\\\/02092026_cg_palmeiras_destaque_7582_17_63de83aae5.webp\",\"articleSection\":[\"DESTAQUE\",\"ESPORTE\"],\"inLanguage\":\"pt-BR\",\"potentialAction\":[{\"@type\":\"CommentAction\",\"name\":\"Comment\",\"target\":[\"https:\\\/\\\/jornalboasnoticias.com.br\\\/home\\\/palmeiras-e-vasco-avancam-as-semifinais-da-copa-do-brasil\\\/#respond\"]}]},{\"@type\":\"WebPage\",\"@id\":\"https:\\\/\\\/jornalboasnoticias.com.br\\\/home\\\/palmeiras-e-vasco-avancam-as-semifinais-da-copa-do-brasil\\\/\",\"url\":\"https:\\\/\\\/jornalboasnoticias.com.br\\\/home\\\/palmeiras-e-vasco-avancam-as-semifinais-da-copa-do-brasil\\\/\",\"name\":\"Palmeiras e Vasco avan\u00e7am \u00e0s semifinais da Copa do Brasil - Jornal\",\"isPartOf\":{\"@id\":\"https:\\\/\\\/jornalboasnoticias.com.br\\\/home\\\/#website\"},\"primaryImageOfPage\":{\"@id\":\"https:\\\/\\\/jornalboasnoticias.com.br\\\/home\\\/palmeiras-e-vasco-avancam-as-semifinais-da-copa-do-brasil\\\/#primaryimage\"},\"image\":{\"@id\":\"https:\\\/\\\/jornalboasnoticias.com.br\\\/home\\\/palmeiras-e-vasco-avancam-as-semifinais-da-copa-do-brasil\\\/#primaryimage\"},\"thumbnailUrl\":\"https:\\\/\\\/jornalboasnoticias.com.br\\\/home\\\/wp-content\\\/uploads\\\/2026\\\/09\\\/02092026_cg_palmeiras_destaque_7582_17_63de83aae5.webp\",\"datePublished\":\"2026-09-03T15:43:55+00:00\",\"description\":\"Palmeiras e Vasco avan\u00e7am \u00e0s semifinais da Copa do Brasil\",\"breadcrumb\":{\"@id\":\"https:\\\/\\\/jornalboasnoticias.com.br\\\/home\\\/palmeiras-e-vasco-avancam-as-semifinais-da-copa-do-brasil\\\/#breadcrumb\"},\"inLanguage\":\"pt-BR\",\"potentialAction\":[{\"@type\":\"ReadAction\",\"target\":[\"https:\\\/\\\/jornalboasnoticias.com.br\\\/home\\\/palmeiras-e-vasco-avancam-as-semifinais-da-copa-do-brasil\\\/\"]}]},{\"@type\":\"ImageObject\",\"inLanguage\":\"pt-BR\",\"@id\":\"https:\\\/\\\/jornalboasnoticias.com.br\\\/home\\\/palmeiras-e-vasco-avancam-as-semifinais-da-copa-do-brasil\\\/#primaryimage\",\"url\":\"https:\\\/\\\/jornalboasnoticias.com.br\\\/home\\\/wp-content\\\/uploads\\\/2026\\\/09\\\/02092026_cg_palmeiras_destaque_7582_17_63de83aae5.webp\",\"contentUrl\":\"https:\\\/\\\/jornalboasnoticias.com.br\\\/home\\\/wp-content\\\/uploads\\\/2026\\\/09\\\/02092026_cg_palmeiras_destaque_7582_17_63de83aae5.webp\",\"width\":1500,\"height\":844,\"caption\":\"Cr\u00e9ditos: Divulga\u00e7\u00e3o \\\/ Palmeiras\"},{\"@type\":\"BreadcrumbList\",\"@id\":\"https:\\\/\\\/jornalboasnoticias.com.br\\\/home\\\/palmeiras-e-vasco-avancam-as-semifinais-da-copa-do-brasil\\\/#breadcrumb\",\"itemListElement\":[{\"@type\":\"ListItem\",\"position\":1,\"name\":\"In\u00edcio\",\"item\":\"https:\\\/\\\/jornalboasnoticias.com.br\\\/home\\\/\"},{\"@type\":\"ListItem\",\"position\":2,\"name\":\"Palmeiras e Vasco avan\u00e7am \u00e0s semifinais da Copa do Brasil\"}]},{\"@type\":\"WebSite\",\"@id\":\"https:\\\/\\\/jornalboasnoticias.com.br\\\/home\\\/#website\",\"url\":\"https:\\\/\\\/jornalboasnoticias.com.br\\\/home\\\/\",\"name\":\"Jornal Boas Not\u00edcias\",\"description\":\"Boas not\u00edcias\",\"publisher\":{\"@id\":\"https:\\\/\\\/jornalboasnoticias.com.br\\\/home\\\/#organization\"},\"potentialAction\":[{\"@type\":\"SearchAction\",\"target\":{\"@type\":\"EntryPoint\",\"urlTemplate\":\"https:\\\/\\\/jornalboasnoticias.com.br\\\/home\\\/?s={search_term_string}\"},\"query-input\":{\"@type\":\"PropertyValueSpecification\",\"valueRequired\":true,\"valueName\":\"search_term_string\"}}],\"inLanguage\":\"pt-BR\"},{\"@type\":\"Organization\",\"@id\":\"https:\\\/\\\/jornalboasnoticias.com.br\\\/home\\\/#organization\",\"name\":\"Coq Editora Ltda\",\"alternateName\":\"Jornal Boas Noticias\",\"url\":\"https:\\\/\\\/jornalboasnoticias.com.br\\\/home\\\/\",\"logo\":{\"@type\":\"ImageObject\",\"inLanguage\":\"pt-BR\",\"@id\":\"https:\\\/\\\/jornalboasnoticias.com.br\\\/home\\\/#\\\/schema\\\/logo\\\/image\\\/\",\"url\":\"https:\\\/\\\/jornalboasnoticias.com.br\\\/home\\\/wp-content\\\/uploads\\\/2024\\\/07\\\/cropped-logo.jpg\",\"contentUrl\":\"https:\\\/\\\/jornalboasnoticias.com.br\\\/home\\\/wp-content\\\/uploads\\\/2024\\\/07\\\/cropped-logo.jpg\",\"width\":290,\"height\":142,\"caption\":\"Coq Editora Ltda\"},\"image\":{\"@id\":\"https:\\\/\\\/jornalboasnoticias.com.br\\\/home\\\/#\\\/schema\\\/logo\\\/image\\\/\"},\"sameAs\":[\"https:\\\/\\\/www.facebook.com\\\/boasnoticiasjornal\"]},{\"@type\":\"Person\",\"@id\":\"https:\\\/\\\/jornalboasnoticias.com.br\\\/home\\\/#\\\/schema\\\/person\\\/75f9ebde398c998c166475fb446bda62\",\"name\":\"Luiz Carlos da Cruz\",\"image\":{\"@type\":\"ImageObject\",\"inLanguage\":\"pt-BR\",\"@id\":\"https:\\\/\\\/secure.gravatar.com\\\/avatar\\\/e6f4f45301b6cb8572f7b076572e8ac11c1db80e805d8c8d0858cf286ce3ac3b?s=96&d=mm&r=g\",\"url\":\"https:\\\/\\\/secure.gravatar.com\\\/avatar\\\/e6f4f45301b6cb8572f7b076572e8ac11c1db80e805d8c8d0858cf286ce3ac3b?s=96&d=mm&r=g\",\"contentUrl\":\"https:\\\/\\\/secure.gravatar.com\\\/avatar\\\/e6f4f45301b6cb8572f7b076572e8ac11c1db80e805d8c8d0858cf286ce3ac3b?s=96&d=mm&r=g\",\"caption\":\"Luiz Carlos da Cruz\"},\"url\":\"https:\\\/\\\/jornalboasnoticias.com.br\\\/home\\\/author\\\/luiz-carlos-da-cruz\\\/\"}]}<\/script>\n<!-- \/ Yoast SEO plugin. -->","yoast_head_json":{"title":"Palmeiras e Vasco avan\u00e7am \u00e0s semifinais da Copa do Brasil - Jornal","description":"Palmeiras e Vasco avan\u00e7am \u00e0s semifinais da Copa do Brasil","robots":{"index":"index","follow":"follow","max-snippet":"max-snippet:-1","max-image-preview":"max-image-preview:large","max-video-preview":"max-video-preview:-1"},"canonical":"https:\/\/jornalboasnoticias.com.br\/home\/palmeiras-e-vasco-avancam-as-semifinais-da-copa-do-brasil\/","og_locale":"pt_BR","og_type":"article","og_title":"Palmeiras e Vasco avan\u00e7am \u00e0s semifinais da Copa do Brasil - Jornal","og_description":"Palmeiras e Vasco avan\u00e7am \u00e0s semifinais da Copa do Brasil","og_url":"https:\/\/jornalboasnoticias.com.br\/home\/palmeiras-e-vasco-avancam-as-semifinais-da-copa-do-brasil\/","og_site_name":"Jornal","article_publisher":"https:\/\/www.facebook.com\/boasnoticiasjornal","article_published_time":"2026-09-03T15:43:55+00:00","og_image":[{"width":1500,"height":844,"url":"https:\/\/jornalboasnoticias.com.br\/home\/wp-content\/uploads\/2026\/09\/02092026_cg_palmeiras_destaque_7582_17_63de83aae5.webp","type":"image\/webp"}],"author":"Luiz Carlos da Cruz","twitter_card":"summary_large_image","twitter_misc":{"Escrito por":"Luiz Carlos da Cruz","Est. tempo de leitura":"3 minutos"},"schema":{"@context":"https:\/\/schema.org","@graph":[{"@type":"Article","@id":"https:\/\/jornalboasnoticias.com.br\/home\/palmeiras-e-vasco-avancam-as-semifinais-da-copa-do-brasil\/#article","isPartOf":{"@id":"https:\/\/jornalboasnoticias.com.br\/home\/palmeiras-e-vasco-avancam-as-semifinais-da-copa-do-brasil\/"},"author":{"name":"Luiz Carlos da Cruz","@id":"https:\/\/jornalboasnoticias.com.br\/home\/#\/schema\/person\/75f9ebde398c998c166475fb446bda62"},"headline":"Palmeiras e Vasco avan\u00e7am \u00e0s semifinais da Copa do Brasil","datePublished":"2026-09-03T15:43:55+00:00","mainEntityOfPage":{"@id":"https:\/\/jornalboasnoticias.com.br\/home\/palmeiras-e-vasco-avancam-as-semifinais-da-copa-do-brasil\/"},"wordCount":333,"commentCount":0,"publisher":{"@id":"https:\/\/jornalboasnoticias.com.br\/home\/#organization"},"image":{"@id":"https:\/\/jornalboasnoticias.com.br\/home\/palmeiras-e-vasco-avancam-as-semifinais-da-copa-do-brasil\/#primaryimage"},"thumbnailUrl":"https:\/\/jornalboasnoticias.com.br\/home\/wp-content\/uploads\/2026\/09\/02092026_cg_palmeiras_destaque_7582_17_63de83aae5.webp","articleSection":["DESTAQUE","ESPORTE"],"inLanguage":"pt-BR","potentialAction":[{"@type":"CommentAction","name":"Comment","target":["https:\/\/jornalboasnoticias.com.br\/home\/palmeiras-e-vasco-avancam-as-semifinais-da-copa-do-brasil\/#respond"]}]},{"@type":"WebPage","@id":"https:\/\/jornalboasnoticias.com.br\/home\/palmeiras-e-vasco-avancam-as-semifinais-da-copa-do-brasil\/","url":"https:\/\/jornalboasnoticias.com.br\/home\/palmeiras-e-vasco-avancam-as-semifinais-da-copa-do-brasil\/","name":"Palmeiras e Vasco avan\u00e7am \u00e0s semifinais da Copa do Brasil - Jornal","isPartOf":{"@id":"https:\/\/jornalboasnoticias.com.br\/home\/#website"},"primaryImageOfPage":{"@id":"https:\/\/jornalboasnoticias.com.br\/home\/palmeiras-e-vasco-avancam-as-semifinais-da-copa-do-brasil\/#primaryimage"},"image":{"@id":"https:\/\/jornalboasnoticias.com.br\/home\/palmeiras-e-vasco-avancam-as-semifinais-da-copa-do-brasil\/#primaryimage"},"thumbnailUrl":"https:\/\/jornalboasnoticias.com.br\/home\/wp-content\/uploads\/2026\/09\/02092026_cg_palmeiras_destaque_7582_17_63de83aae5.webp","datePublished":"2026-09-03T15:43:55+00:00","description":"Palmeiras e Vasco avan\u00e7am \u00e0s semifinais da Copa do Brasil","breadcrumb":{"@id":"https:\/\/jornalboasnoticias.com.br\/home\/palmeiras-e-vasco-avancam-as-semifinais-da-copa-do-brasil\/#breadcrumb"},"inLanguage":"pt-BR","potentialAction":[{"@type":"ReadAction","target":["https:\/\/jornalboasnoticias.com.br\/home\/palmeiras-e-vasco-avancam-as-semifinais-da-copa-do-brasil\/"]}]},{"@type":"ImageObject","inLanguage":"pt-BR","@id":"https:\/\/jornalboasnoticias.com.br\/home\/palmeiras-e-vasco-avancam-as-semifinais-da-copa-do-brasil\/#primaryimage","url":"https:\/\/jornalboasnoticias.com.br\/home\/wp-content\/uploads\/2026\/09\/02092026_cg_palmeiras_destaque_7582_17_63de83aae5.webp","contentUrl":"https:\/\/jornalboasnoticias.com.br\/home\/wp-content\/uploads\/2026\/09\/02092026_cg_palmeiras_destaque_7582_17_63de83aae5.webp","width":1500,"height":844,"caption":"Cr\u00e9ditos: Divulga\u00e7\u00e3o \/ Palmeiras"},{"@type":"BreadcrumbList","@id":"https:\/\/jornalboasnoticias.com.br\/home\/palmeiras-e-vasco-avancam-as-semifinais-da-copa-do-brasil\/#breadcrumb","itemListElement":[{"@type":"ListItem","position":1,"name":"In\u00edcio","item":"https:\/\/jornalboasnoticias.com.br\/home\/"},{"@type":"ListItem","position":2,"name":"Palmeiras e Vasco avan\u00e7am \u00e0s semifinais da Copa do Brasil"}]},{"@type":"WebSite","@id":"https:\/\/jornalboasnoticias.com.br\/home\/#website","url":"https:\/\/jornalboasnoticias.com.br\/home\/","name":"Jornal Boas Not\u00edcias","description":"Boas not\u00edcias","publisher":{"@id":"https:\/\/jornalboasnoticias.com.br\/home\/#organization"},"potentialAction":[{"@type":"SearchAction","target":{"@type":"EntryPoint","urlTemplate":"https:\/\/jornalboasnoticias.com.br\/home\/?s={search_term_string}"},"query-input":{"@type":"PropertyValueSpecification","valueRequired":true,"valueName":"search_term_string"}}],"inLanguage":"pt-BR"},{"@type":"Organization","@id":"https:\/\/jornalboasnoticias.com.br\/home\/#organization","name":"Coq Editora Ltda","alternateName":"Jornal Boas Noticias","url":"https:\/\/jornalboasnoticias.com.br\/home\/","logo":{"@type":"ImageObject","inLanguage":"pt-BR","@id":"https:\/\/jornalboasnoticias.com.br\/home\/#\/schema\/logo\/image\/","url":"https:\/\/jornalboasnoticias.com.br\/home\/wp-content\/uploads\/2024\/07\/cropped-logo.jpg","contentUrl":"https:\/\/jornalboasnoticias.com.br\/home\/wp-content\/uploads\/2024\/07\/cropped-logo.jpg","width":290,"height":142,"caption":"Coq Editora Ltda"},"image":{"@id":"https:\/\/jornalboasnoticias.com.br\/home\/#\/schema\/logo\/image\/"},"sameAs":["https:\/\/www.facebook.com\/boasnoticiasjornal"]},{"@type":"Person","@id":"https:\/\/jornalboasnoticias.com.br\/home\/#\/schema\/person\/75f9ebde398c998c166475fb446bda62","name":"Luiz Carlos da Cruz","image":{"@type":"ImageObject","inLanguage":"pt-BR","@id":"https:\/\/secure.gravatar.com\/avatar\/e6f4f45301b6cb8572f7b076572e8ac11c1db80e805d8c8d0858cf286ce3ac3b?s=96&d=mm&r=g","url":"https:\/\/secure.gravatar.com\/avatar\/e6f4f45301b6cb8572f7b076572e8ac11c1db80e805d8c8d0858cf286ce3ac3b?s=96&d=mm&r=g","contentUrl":"https:\/\/secure.gravatar.com\/avatar\/e6f4f45301b6cb8572f7b076572e8ac11c1db80e805d8c8d0858cf286ce3ac3b?s=96&d=mm&r=g","caption":"Luiz Carlos da Cruz"},"url":"https:\/\/jornalboasnoticias.com.br\/home\/author\/luiz-carlos-da-cruz\/"}]}},"_links":{"self":[{"href":"https:\/\/jornalboasnoticias.com.br\/home\/wp-json\/wp\/v2\/posts\/48814","targetHints":{"allow":["GET"]}}],"collection":[{"href":"https:\/\/jornalboasnoticias.com.br\/home\/wp-json\/wp\/v2\/posts"}],"about":[{"href":"https:\/\/jornalboasnoticias.com.br\/home\/wp-json\/wp\/v2\/types\/post"}],"author":[{"embeddable":true,"href":"https:\/\/jornalboasnoticias.com.br\/home\/wp-json\/wp\/v2\/users\/3"}],"replies":[{"embeddable":true,"href":"https:\/\/jornalboasnoticias.com.br\/home\/wp-json\/wp\/v2\/comments?post=48814"}],"version-history":[{"count":1,"href":"https:\/\/jornalboasnoticias.com.br\/home\/wp-json\/wp\/v2\/posts\/48814\/revisions"}],"predecessor-version":[{"id":48816,"href":"https:\/\/jornalboasnoticias.com.br\/home\/wp-json\/wp\/v2\/posts\/48814\/revisions\/48816"}],"wp:featuredmedia":[{"embeddable":true,"href":"https:\/\/jornalboasnoticias.com.br\/home\/wp-json\/wp\/v2\/media\/48815"}],"wp:attachment":[{"href":"https:\/\/jornalboasnoticias.com.br\/home\/wp-json\/wp\/v2\/media?parent=48814"}],"wp:term":[{"taxonomy":"category","embeddable":true,"href":"https:\/\/jornalboasnoticias.com.br\/home\/wp-json\/wp\/v2\/categories?post=48814"},{"taxonomy":"post_tag","embeddable":true,"href":"https:\/\/jornalboasnoticias.com.br\/home\/wp-json\/wp\/v2\/tags?post=48814"}],"curies":[{"name":"wp","href":"https:\/\/api.w.org\/{rel}","templated":true}]}}