{"id":48809,"date":"2026-09-03T12:49:48","date_gmt":"2026-09-03T12:49:48","guid":{"rendered":"https:\/\/jornalboasnoticias.com.br\/home\/?p=48809"},"modified":"2026-09-03T12:49:48","modified_gmt":"2026-09-03T12:49:48","slug":"audios-da-pf-mostram-nikolas-ferreira-pedindo-ajuda-a-vorcaro-para-ex-assessor","status":"publish","type":"post","link":"https:\/\/jornalboasnoticias.com.br\/home\/audios-da-pf-mostram-nikolas-ferreira-pedindo-ajuda-a-vorcaro-para-ex-assessor\/","title":{"rendered":"\u00c1udios da PF mostram Nikolas Ferreira pedindo ajuda a Vorcaro para ex-assessor"},"content":{"rendered":"<blockquote>\n<p class=\"isSelectedEnd\" style=\"text-align: center;\">Deputado procurou o ent\u00e3o banqueiro Daniel Vorcaro para intermediar a libera\u00e7\u00e3o de um ativo miner\u00e1rio ligado a um ex-assessor de seu gabinete<\/p>\n<\/blockquote>\n<figure id=\"attachment_87889\" aria-describedby=\"caption-attachment-87889\" style=\"width: 800px\" class=\"wp-caption aligncenter\"><img loading=\"lazy\" decoding=\"async\" class=\"size-large wp-image-87889\" src=\"https:\/\/portalcantagalo.com.br\/wp-content\/uploads\/2026\/09\/img20250611203216789-1024x631.webp\" alt=\"\" width=\"800\" height=\"493\" \/><figcaption id=\"caption-attachment-87889\" class=\"wp-caption-text\">Kayo Magalh\u00e3es\/C\u00e2mara dos Deputados<\/figcaption><\/figure>\n<p class=\"isSelectedEnd\">\u00c1udios obtidos pela Pol\u00edcia Federal mostram que o deputado federal Nikolas Ferreira (PL-MG) procurou, em mar\u00e7o de 2025, o ent\u00e3o banqueiro Daniel Vorcaro para pedir ajuda em uma quest\u00e3o envolvendo um ex-assessor de seu gabinete.<\/p>\n<p class=\"isSelectedEnd\">Segundo as grava\u00e7\u00f5es, Nikolas buscou intermediar a libera\u00e7\u00e3o de um \u201cativo miner\u00e1rio\u201d e apresentou a Vorcaro o advogado Thiago Rodrigues de Faria, que havia trabalhado em seu gabinete.<\/p>\n<p class=\"isSelectedEnd\">Na conversa, o deputado afirma que gostaria de ter mais proximidade com Vorcaro, a quem chama de \u201cDani\u201d e \u201clind\u00e3o\u201d. Em seguida, explica que um amigo e advogado havia mencionado o nome do banqueiro em rela\u00e7\u00e3o ao neg\u00f3cio.<\/p>\n<p class=\"isSelectedEnd\">\u201cEu posso dar um toque nele\u201d, diz Nikolas, antes de encaminhar o contato de Thiago Faria para que as partes pudessem tratar diretamente do assunto.<\/p>\n<p class=\"isSelectedEnd\">Vorcaro respondeu por meio de um \u00e1udio de visualiza\u00e7\u00e3o \u00fanica, que n\u00e3o ficou dispon\u00edvel no hist\u00f3rico. Na sequ\u00eancia, Nikolas agradeceu e afirmou: \u201cFico feliz\u201d e \u201cDeus te aben\u00e7oe e vamos estar juntos\u201d. O ent\u00e3o banqueiro respondeu: \u201cAm\u00e9m, irm\u00e3o\u201d.<\/p>\n<p class=\"isSelectedEnd\">O deputado tamb\u00e9m sugeriu um encontro entre Vorcaro e Faria. Em 1\u00ba de abril de 2025, informou que o advogado estaria em Bras\u00edlia e poderia se encontrar com o banqueiro \u201cqualquer hor\u00e1rio\u201d. No dia seguinte, Vorcaro respondeu: \u201cDeixa comigo\u201d.<\/p>\n<h2>Uso de jatinho<\/h2>\n<p class=\"isSelectedEnd\">A rela\u00e7\u00e3o entre Nikolas Ferreira e Daniel Vorcaro j\u00e1 havia aparecido em outro epis\u00f3dio. Em 2022, durante a campanha eleitoral, o deputado utilizou uma aeronave ligada ao ent\u00e3o banqueiro em uma iniciativa de apoio \u00e0 candidatura de Jair Bolsonaro (PL).<\/p>\n<p class=\"isSelectedEnd\">O jatinho foi usado durante a a\u00e7\u00e3o \u201cJuventude pelo Brasil\u201d, que percorreu pelo menos nove estados e o Distrito Federal.<\/p>\n<p class=\"isSelectedEnd\">Em mar\u00e7o deste ano, Nikolas reconheceu ter utilizado a aeronave, mas afirmou que, na \u00e9poca, n\u00e3o sabia quem era o propriet\u00e1rio do avi\u00e3o.<\/p>\n<p>Em maio, o Tribunal de Contas da Uni\u00e3o (TCU) arquivou uma representa\u00e7\u00e3o apresentada pelo Minist\u00e9rio P\u00fablico contra o deputado pelo uso do jatinho durante as elei\u00e7\u00f5es de 2022.<\/p>\n<p><em>Com informa\u00e7\u00f5es CNN<\/em><\/p>\n","protected":false},"excerpt":{"rendered":"<p>Deputado procurou o ent\u00e3o banqueiro Daniel Vorcaro para intermediar a libera\u00e7\u00e3o de um ativo miner\u00e1rio<\/p>\n","protected":false},"author":3,"featured_media":48810,"comment_status":"open","ping_status":"open","sticky":false,"template":"","format":"standard","meta":{"footnotes":""},"categories":[3,22],"tags":[],"class_list":["post-48809","post","type-post","status-publish","format-standard","has-post-thumbnail","hentry","category-destaques","category-justica"],"yoast_head":"<!-- This site is optimized with the Yoast SEO plugin v28.3 - https:\/\/yoast.com\/product\/yoast-seo-wordpress\/ -->\n<title>\u00c1udios da PF mostram Nikolas Ferreira pedindo ajuda a Vorcaro para ex-assessor - Jornal<\/title>\n<meta name=\"description\" content=\"\u00c1udios da PF mostram Nikolas Ferreira pedindo ajuda a Vorcaro para ex-assessor\" \/>\n<meta name=\"robots\" content=\"index, follow, max-snippet:-1, max-image-preview:large, max-video-preview:-1\" \/>\n<link rel=\"canonical\" href=\"https:\/\/jornalboasnoticias.com.br\/home\/audios-da-pf-mostram-nikolas-ferreira-pedindo-ajuda-a-vorcaro-para-ex-assessor\/\" \/>\n<meta property=\"og:locale\" content=\"pt_BR\" \/>\n<meta property=\"og:type\" content=\"article\" \/>\n<meta property=\"og:title\" content=\"\u00c1udios da PF mostram Nikolas Ferreira pedindo ajuda a Vorcaro para ex-assessor - Jornal\" \/>\n<meta property=\"og:description\" content=\"\u00c1udios da PF mostram Nikolas Ferreira pedindo ajuda a Vorcaro para ex-assessor\" \/>\n<meta property=\"og:url\" content=\"https:\/\/jornalboasnoticias.com.br\/home\/audios-da-pf-mostram-nikolas-ferreira-pedindo-ajuda-a-vorcaro-para-ex-assessor\/\" \/>\n<meta property=\"og:site_name\" content=\"Jornal\" \/>\n<meta property=\"article:publisher\" content=\"https:\/\/www.facebook.com\/boasnoticiasjornal\" \/>\n<meta property=\"article:published_time\" content=\"2026-09-03T12:49:48+00:00\" \/>\n<meta property=\"og:image\" content=\"https:\/\/jornalboasnoticias.com.br\/home\/wp-content\/uploads\/2026\/09\/img20250611203216789.webp\" \/>\n\t<meta property=\"og:image:width\" content=\"1200\" \/>\n\t<meta property=\"og:image:height\" content=\"739\" \/>\n\t<meta property=\"og:image:type\" content=\"image\/webp\" \/>\n<meta name=\"author\" content=\"Luiz Carlos da Cruz\" \/>\n<meta name=\"twitter:card\" content=\"summary_large_image\" \/>\n<meta name=\"twitter:label1\" content=\"Escrito por\" \/>\n\t<meta name=\"twitter:data1\" content=\"Luiz Carlos da Cruz\" \/>\n\t<meta name=\"twitter:label2\" content=\"Est. tempo de leitura\" \/>\n\t<meta name=\"twitter:data2\" content=\"3 minutos\" \/>\n<script type=\"application\/ld+json\" class=\"yoast-schema-graph\">{\"@context\":\"https:\\\/\\\/schema.org\",\"@graph\":[{\"@type\":\"Article\",\"@id\":\"https:\\\/\\\/jornalboasnoticias.com.br\\\/home\\\/audios-da-pf-mostram-nikolas-ferreira-pedindo-ajuda-a-vorcaro-para-ex-assessor\\\/#article\",\"isPartOf\":{\"@id\":\"https:\\\/\\\/jornalboasnoticias.com.br\\\/home\\\/audios-da-pf-mostram-nikolas-ferreira-pedindo-ajuda-a-vorcaro-para-ex-assessor\\\/\"},\"author\":{\"name\":\"Luiz Carlos da Cruz\",\"@id\":\"https:\\\/\\\/jornalboasnoticias.com.br\\\/home\\\/#\\\/schema\\\/person\\\/75f9ebde398c998c166475fb446bda62\"},\"headline\":\"\u00c1udios da PF mostram Nikolas Ferreira pedindo ajuda a Vorcaro para ex-assessor\",\"datePublished\":\"2026-09-03T12:49:48+00:00\",\"mainEntityOfPage\":{\"@id\":\"https:\\\/\\\/jornalboasnoticias.com.br\\\/home\\\/audios-da-pf-mostram-nikolas-ferreira-pedindo-ajuda-a-vorcaro-para-ex-assessor\\\/\"},\"wordCount\":401,\"commentCount\":0,\"publisher\":{\"@id\":\"https:\\\/\\\/jornalboasnoticias.com.br\\\/home\\\/#organization\"},\"image\":{\"@id\":\"https:\\\/\\\/jornalboasnoticias.com.br\\\/home\\\/audios-da-pf-mostram-nikolas-ferreira-pedindo-ajuda-a-vorcaro-para-ex-assessor\\\/#primaryimage\"},\"thumbnailUrl\":\"https:\\\/\\\/jornalboasnoticias.com.br\\\/home\\\/wp-content\\\/uploads\\\/2026\\\/09\\\/img20250611203216789.webp\",\"articleSection\":[\"DESTAQUE\",\"JUSTI\u00c7A\"],\"inLanguage\":\"pt-BR\",\"potentialAction\":[{\"@type\":\"CommentAction\",\"name\":\"Comment\",\"target\":[\"https:\\\/\\\/jornalboasnoticias.com.br\\\/home\\\/audios-da-pf-mostram-nikolas-ferreira-pedindo-ajuda-a-vorcaro-para-ex-assessor\\\/#respond\"]}]},{\"@type\":\"WebPage\",\"@id\":\"https:\\\/\\\/jornalboasnoticias.com.br\\\/home\\\/audios-da-pf-mostram-nikolas-ferreira-pedindo-ajuda-a-vorcaro-para-ex-assessor\\\/\",\"url\":\"https:\\\/\\\/jornalboasnoticias.com.br\\\/home\\\/audios-da-pf-mostram-nikolas-ferreira-pedindo-ajuda-a-vorcaro-para-ex-assessor\\\/\",\"name\":\"\u00c1udios da PF mostram Nikolas Ferreira pedindo ajuda a Vorcaro para ex-assessor - Jornal\",\"isPartOf\":{\"@id\":\"https:\\\/\\\/jornalboasnoticias.com.br\\\/home\\\/#website\"},\"primaryImageOfPage\":{\"@id\":\"https:\\\/\\\/jornalboasnoticias.com.br\\\/home\\\/audios-da-pf-mostram-nikolas-ferreira-pedindo-ajuda-a-vorcaro-para-ex-assessor\\\/#primaryimage\"},\"image\":{\"@id\":\"https:\\\/\\\/jornalboasnoticias.com.br\\\/home\\\/audios-da-pf-mostram-nikolas-ferreira-pedindo-ajuda-a-vorcaro-para-ex-assessor\\\/#primaryimage\"},\"thumbnailUrl\":\"https:\\\/\\\/jornalboasnoticias.com.br\\\/home\\\/wp-content\\\/uploads\\\/2026\\\/09\\\/img20250611203216789.webp\",\"datePublished\":\"2026-09-03T12:49:48+00:00\",\"description\":\"\u00c1udios da PF mostram Nikolas Ferreira pedindo ajuda a Vorcaro para ex-assessor\",\"breadcrumb\":{\"@id\":\"https:\\\/\\\/jornalboasnoticias.com.br\\\/home\\\/audios-da-pf-mostram-nikolas-ferreira-pedindo-ajuda-a-vorcaro-para-ex-assessor\\\/#breadcrumb\"},\"inLanguage\":\"pt-BR\",\"potentialAction\":[{\"@type\":\"ReadAction\",\"target\":[\"https:\\\/\\\/jornalboasnoticias.com.br\\\/home\\\/audios-da-pf-mostram-nikolas-ferreira-pedindo-ajuda-a-vorcaro-para-ex-assessor\\\/\"]}]},{\"@type\":\"ImageObject\",\"inLanguage\":\"pt-BR\",\"@id\":\"https:\\\/\\\/jornalboasnoticias.com.br\\\/home\\\/audios-da-pf-mostram-nikolas-ferreira-pedindo-ajuda-a-vorcaro-para-ex-assessor\\\/#primaryimage\",\"url\":\"https:\\\/\\\/jornalboasnoticias.com.br\\\/home\\\/wp-content\\\/uploads\\\/2026\\\/09\\\/img20250611203216789.webp\",\"contentUrl\":\"https:\\\/\\\/jornalboasnoticias.com.br\\\/home\\\/wp-content\\\/uploads\\\/2026\\\/09\\\/img20250611203216789.webp\",\"width\":1200,\"height\":739},{\"@type\":\"BreadcrumbList\",\"@id\":\"https:\\\/\\\/jornalboasnoticias.com.br\\\/home\\\/audios-da-pf-mostram-nikolas-ferreira-pedindo-ajuda-a-vorcaro-para-ex-assessor\\\/#breadcrumb\",\"itemListElement\":[{\"@type\":\"ListItem\",\"position\":1,\"name\":\"In\u00edcio\",\"item\":\"https:\\\/\\\/jornalboasnoticias.com.br\\\/home\\\/\"},{\"@type\":\"ListItem\",\"position\":2,\"name\":\"\u00c1udios da PF mostram Nikolas Ferreira pedindo ajuda a Vorcaro para ex-assessor\"}]},{\"@type\":\"WebSite\",\"@id\":\"https:\\\/\\\/jornalboasnoticias.com.br\\\/home\\\/#website\",\"url\":\"https:\\\/\\\/jornalboasnoticias.com.br\\\/home\\\/\",\"name\":\"Jornal Boas Not\u00edcias\",\"description\":\"Boas not\u00edcias\",\"publisher\":{\"@id\":\"https:\\\/\\\/jornalboasnoticias.com.br\\\/home\\\/#organization\"},\"potentialAction\":[{\"@type\":\"SearchAction\",\"target\":{\"@type\":\"EntryPoint\",\"urlTemplate\":\"https:\\\/\\\/jornalboasnoticias.com.br\\\/home\\\/?s={search_term_string}\"},\"query-input\":{\"@type\":\"PropertyValueSpecification\",\"valueRequired\":true,\"valueName\":\"search_term_string\"}}],\"inLanguage\":\"pt-BR\"},{\"@type\":\"Organization\",\"@id\":\"https:\\\/\\\/jornalboasnoticias.com.br\\\/home\\\/#organization\",\"name\":\"Coq Editora Ltda\",\"alternateName\":\"Jornal Boas Noticias\",\"url\":\"https:\\\/\\\/jornalboasnoticias.com.br\\\/home\\\/\",\"logo\":{\"@type\":\"ImageObject\",\"inLanguage\":\"pt-BR\",\"@id\":\"https:\\\/\\\/jornalboasnoticias.com.br\\\/home\\\/#\\\/schema\\\/logo\\\/image\\\/\",\"url\":\"https:\\\/\\\/jornalboasnoticias.com.br\\\/home\\\/wp-content\\\/uploads\\\/2024\\\/07\\\/cropped-logo.jpg\",\"contentUrl\":\"https:\\\/\\\/jornalboasnoticias.com.br\\\/home\\\/wp-content\\\/uploads\\\/2024\\\/07\\\/cropped-logo.jpg\",\"width\":290,\"height\":142,\"caption\":\"Coq Editora Ltda\"},\"image\":{\"@id\":\"https:\\\/\\\/jornalboasnoticias.com.br\\\/home\\\/#\\\/schema\\\/logo\\\/image\\\/\"},\"sameAs\":[\"https:\\\/\\\/www.facebook.com\\\/boasnoticiasjornal\"]},{\"@type\":\"Person\",\"@id\":\"https:\\\/\\\/jornalboasnoticias.com.br\\\/home\\\/#\\\/schema\\\/person\\\/75f9ebde398c998c166475fb446bda62\",\"name\":\"Luiz Carlos da Cruz\",\"image\":{\"@type\":\"ImageObject\",\"inLanguage\":\"pt-BR\",\"@id\":\"https:\\\/\\\/secure.gravatar.com\\\/avatar\\\/e6f4f45301b6cb8572f7b076572e8ac11c1db80e805d8c8d0858cf286ce3ac3b?s=96&d=mm&r=g\",\"url\":\"https:\\\/\\\/secure.gravatar.com\\\/avatar\\\/e6f4f45301b6cb8572f7b076572e8ac11c1db80e805d8c8d0858cf286ce3ac3b?s=96&d=mm&r=g\",\"contentUrl\":\"https:\\\/\\\/secure.gravatar.com\\\/avatar\\\/e6f4f45301b6cb8572f7b076572e8ac11c1db80e805d8c8d0858cf286ce3ac3b?s=96&d=mm&r=g\",\"caption\":\"Luiz Carlos da Cruz\"},\"url\":\"https:\\\/\\\/jornalboasnoticias.com.br\\\/home\\\/author\\\/luiz-carlos-da-cruz\\\/\"}]}<\/script>\n<!-- \/ Yoast SEO plugin. -->","yoast_head_json":{"title":"\u00c1udios da PF mostram Nikolas Ferreira pedindo ajuda a Vorcaro para ex-assessor - Jornal","description":"\u00c1udios da PF mostram Nikolas Ferreira pedindo ajuda a Vorcaro para ex-assessor","robots":{"index":"index","follow":"follow","max-snippet":"max-snippet:-1","max-image-preview":"max-image-preview:large","max-video-preview":"max-video-preview:-1"},"canonical":"https:\/\/jornalboasnoticias.com.br\/home\/audios-da-pf-mostram-nikolas-ferreira-pedindo-ajuda-a-vorcaro-para-ex-assessor\/","og_locale":"pt_BR","og_type":"article","og_title":"\u00c1udios da PF mostram Nikolas Ferreira pedindo ajuda a Vorcaro para ex-assessor - Jornal","og_description":"\u00c1udios da PF mostram Nikolas Ferreira pedindo ajuda a Vorcaro para ex-assessor","og_url":"https:\/\/jornalboasnoticias.com.br\/home\/audios-da-pf-mostram-nikolas-ferreira-pedindo-ajuda-a-vorcaro-para-ex-assessor\/","og_site_name":"Jornal","article_publisher":"https:\/\/www.facebook.com\/boasnoticiasjornal","article_published_time":"2026-09-03T12:49:48+00:00","og_image":[{"width":1200,"height":739,"url":"https:\/\/jornalboasnoticias.com.br\/home\/wp-content\/uploads\/2026\/09\/img20250611203216789.webp","type":"image\/webp"}],"author":"Luiz Carlos da Cruz","twitter_card":"summary_large_image","twitter_misc":{"Escrito por":"Luiz Carlos da Cruz","Est. tempo de leitura":"3 minutos"},"schema":{"@context":"https:\/\/schema.org","@graph":[{"@type":"Article","@id":"https:\/\/jornalboasnoticias.com.br\/home\/audios-da-pf-mostram-nikolas-ferreira-pedindo-ajuda-a-vorcaro-para-ex-assessor\/#article","isPartOf":{"@id":"https:\/\/jornalboasnoticias.com.br\/home\/audios-da-pf-mostram-nikolas-ferreira-pedindo-ajuda-a-vorcaro-para-ex-assessor\/"},"author":{"name":"Luiz Carlos da Cruz","@id":"https:\/\/jornalboasnoticias.com.br\/home\/#\/schema\/person\/75f9ebde398c998c166475fb446bda62"},"headline":"\u00c1udios da PF mostram Nikolas Ferreira pedindo ajuda a Vorcaro para ex-assessor","datePublished":"2026-09-03T12:49:48+00:00","mainEntityOfPage":{"@id":"https:\/\/jornalboasnoticias.com.br\/home\/audios-da-pf-mostram-nikolas-ferreira-pedindo-ajuda-a-vorcaro-para-ex-assessor\/"},"wordCount":401,"commentCount":0,"publisher":{"@id":"https:\/\/jornalboasnoticias.com.br\/home\/#organization"},"image":{"@id":"https:\/\/jornalboasnoticias.com.br\/home\/audios-da-pf-mostram-nikolas-ferreira-pedindo-ajuda-a-vorcaro-para-ex-assessor\/#primaryimage"},"thumbnailUrl":"https:\/\/jornalboasnoticias.com.br\/home\/wp-content\/uploads\/2026\/09\/img20250611203216789.webp","articleSection":["DESTAQUE","JUSTI\u00c7A"],"inLanguage":"pt-BR","potentialAction":[{"@type":"CommentAction","name":"Comment","target":["https:\/\/jornalboasnoticias.com.br\/home\/audios-da-pf-mostram-nikolas-ferreira-pedindo-ajuda-a-vorcaro-para-ex-assessor\/#respond"]}]},{"@type":"WebPage","@id":"https:\/\/jornalboasnoticias.com.br\/home\/audios-da-pf-mostram-nikolas-ferreira-pedindo-ajuda-a-vorcaro-para-ex-assessor\/","url":"https:\/\/jornalboasnoticias.com.br\/home\/audios-da-pf-mostram-nikolas-ferreira-pedindo-ajuda-a-vorcaro-para-ex-assessor\/","name":"\u00c1udios da PF mostram Nikolas Ferreira pedindo ajuda a Vorcaro para ex-assessor - Jornal","isPartOf":{"@id":"https:\/\/jornalboasnoticias.com.br\/home\/#website"},"primaryImageOfPage":{"@id":"https:\/\/jornalboasnoticias.com.br\/home\/audios-da-pf-mostram-nikolas-ferreira-pedindo-ajuda-a-vorcaro-para-ex-assessor\/#primaryimage"},"image":{"@id":"https:\/\/jornalboasnoticias.com.br\/home\/audios-da-pf-mostram-nikolas-ferreira-pedindo-ajuda-a-vorcaro-para-ex-assessor\/#primaryimage"},"thumbnailUrl":"https:\/\/jornalboasnoticias.com.br\/home\/wp-content\/uploads\/2026\/09\/img20250611203216789.webp","datePublished":"2026-09-03T12:49:48+00:00","description":"\u00c1udios da PF mostram Nikolas Ferreira pedindo ajuda a Vorcaro para ex-assessor","breadcrumb":{"@id":"https:\/\/jornalboasnoticias.com.br\/home\/audios-da-pf-mostram-nikolas-ferreira-pedindo-ajuda-a-vorcaro-para-ex-assessor\/#breadcrumb"},"inLanguage":"pt-BR","potentialAction":[{"@type":"ReadAction","target":["https:\/\/jornalboasnoticias.com.br\/home\/audios-da-pf-mostram-nikolas-ferreira-pedindo-ajuda-a-vorcaro-para-ex-assessor\/"]}]},{"@type":"ImageObject","inLanguage":"pt-BR","@id":"https:\/\/jornalboasnoticias.com.br\/home\/audios-da-pf-mostram-nikolas-ferreira-pedindo-ajuda-a-vorcaro-para-ex-assessor\/#primaryimage","url":"https:\/\/jornalboasnoticias.com.br\/home\/wp-content\/uploads\/2026\/09\/img20250611203216789.webp","contentUrl":"https:\/\/jornalboasnoticias.com.br\/home\/wp-content\/uploads\/2026\/09\/img20250611203216789.webp","width":1200,"height":739},{"@type":"BreadcrumbList","@id":"https:\/\/jornalboasnoticias.com.br\/home\/audios-da-pf-mostram-nikolas-ferreira-pedindo-ajuda-a-vorcaro-para-ex-assessor\/#breadcrumb","itemListElement":[{"@type":"ListItem","position":1,"name":"In\u00edcio","item":"https:\/\/jornalboasnoticias.com.br\/home\/"},{"@type":"ListItem","position":2,"name":"\u00c1udios da PF mostram Nikolas Ferreira pedindo ajuda a Vorcaro para ex-assessor"}]},{"@type":"WebSite","@id":"https:\/\/jornalboasnoticias.com.br\/home\/#website","url":"https:\/\/jornalboasnoticias.com.br\/home\/","name":"Jornal Boas Not\u00edcias","description":"Boas not\u00edcias","publisher":{"@id":"https:\/\/jornalboasnoticias.com.br\/home\/#organization"},"potentialAction":[{"@type":"SearchAction","target":{"@type":"EntryPoint","urlTemplate":"https:\/\/jornalboasnoticias.com.br\/home\/?s={search_term_string}"},"query-input":{"@type":"PropertyValueSpecification","valueRequired":true,"valueName":"search_term_string"}}],"inLanguage":"pt-BR"},{"@type":"Organization","@id":"https:\/\/jornalboasnoticias.com.br\/home\/#organization","name":"Coq Editora Ltda","alternateName":"Jornal Boas Noticias","url":"https:\/\/jornalboasnoticias.com.br\/home\/","logo":{"@type":"ImageObject","inLanguage":"pt-BR","@id":"https:\/\/jornalboasnoticias.com.br\/home\/#\/schema\/logo\/image\/","url":"https:\/\/jornalboasnoticias.com.br\/home\/wp-content\/uploads\/2024\/07\/cropped-logo.jpg","contentUrl":"https:\/\/jornalboasnoticias.com.br\/home\/wp-content\/uploads\/2024\/07\/cropped-logo.jpg","width":290,"height":142,"caption":"Coq Editora Ltda"},"image":{"@id":"https:\/\/jornalboasnoticias.com.br\/home\/#\/schema\/logo\/image\/"},"sameAs":["https:\/\/www.facebook.com\/boasnoticiasjornal"]},{"@type":"Person","@id":"https:\/\/jornalboasnoticias.com.br\/home\/#\/schema\/person\/75f9ebde398c998c166475fb446bda62","name":"Luiz Carlos da Cruz","image":{"@type":"ImageObject","inLanguage":"pt-BR","@id":"https:\/\/secure.gravatar.com\/avatar\/e6f4f45301b6cb8572f7b076572e8ac11c1db80e805d8c8d0858cf286ce3ac3b?s=96&d=mm&r=g","url":"https:\/\/secure.gravatar.com\/avatar\/e6f4f45301b6cb8572f7b076572e8ac11c1db80e805d8c8d0858cf286ce3ac3b?s=96&d=mm&r=g","contentUrl":"https:\/\/secure.gravatar.com\/avatar\/e6f4f45301b6cb8572f7b076572e8ac11c1db80e805d8c8d0858cf286ce3ac3b?s=96&d=mm&r=g","caption":"Luiz Carlos da Cruz"},"url":"https:\/\/jornalboasnoticias.com.br\/home\/author\/luiz-carlos-da-cruz\/"}]}},"_links":{"self":[{"href":"https:\/\/jornalboasnoticias.com.br\/home\/wp-json\/wp\/v2\/posts\/48809","targetHints":{"allow":["GET"]}}],"collection":[{"href":"https:\/\/jornalboasnoticias.com.br\/home\/wp-json\/wp\/v2\/posts"}],"about":[{"href":"https:\/\/jornalboasnoticias.com.br\/home\/wp-json\/wp\/v2\/types\/post"}],"author":[{"embeddable":true,"href":"https:\/\/jornalboasnoticias.com.br\/home\/wp-json\/wp\/v2\/users\/3"}],"replies":[{"embeddable":true,"href":"https:\/\/jornalboasnoticias.com.br\/home\/wp-json\/wp\/v2\/comments?post=48809"}],"version-history":[{"count":1,"href":"https:\/\/jornalboasnoticias.com.br\/home\/wp-json\/wp\/v2\/posts\/48809\/revisions"}],"predecessor-version":[{"id":48811,"href":"https:\/\/jornalboasnoticias.com.br\/home\/wp-json\/wp\/v2\/posts\/48809\/revisions\/48811"}],"wp:featuredmedia":[{"embeddable":true,"href":"https:\/\/jornalboasnoticias.com.br\/home\/wp-json\/wp\/v2\/media\/48810"}],"wp:attachment":[{"href":"https:\/\/jornalboasnoticias.com.br\/home\/wp-json\/wp\/v2\/media?parent=48809"}],"wp:term":[{"taxonomy":"category","embeddable":true,"href":"https:\/\/jornalboasnoticias.com.br\/home\/wp-json\/wp\/v2\/categories?post=48809"},{"taxonomy":"post_tag","embeddable":true,"href":"https:\/\/jornalboasnoticias.com.br\/home\/wp-json\/wp\/v2\/tags?post=48809"}],"curies":[{"name":"wp","href":"https:\/\/api.w.org\/{rel}","templated":true}]}}