{"id":48801,"date":"2026-09-02T19:49:31","date_gmt":"2026-09-02T19:49:31","guid":{"rendered":"https:\/\/jornalboasnoticias.com.br\/home\/?p=48801"},"modified":"2026-09-02T19:49:31","modified_gmt":"2026-09-02T19:49:31","slug":"selecao-sera-convocada-para-amistosos-em-9-de-setembro","status":"publish","type":"post","link":"https:\/\/jornalboasnoticias.com.br\/home\/selecao-sera-convocada-para-amistosos-em-9-de-setembro\/","title":{"rendered":"Sele\u00e7\u00e3o ser\u00e1 convocada para amistosos em 9 de setembro"},"content":{"rendered":"<blockquote>\n<p style=\"text-align: center;\">T\u00e9cnico Carlo Ancelotti ir\u00e1 anunciar os jogadores que v\u00e3o iniciar a caminhada rumo \u00e0 Copa de 2030<\/p>\n<\/blockquote>\n<figure id=\"attachment_48802\" aria-describedby=\"caption-attachment-48802\" style=\"width: 2560px\" class=\"wp-caption aligncenter\"><img loading=\"lazy\" decoding=\"async\" class=\"size-full wp-image-48802\" src=\"https:\/\/jornalboasnoticias.com.br\/home\/wp-content\/uploads\/2026\/09\/18_MAI_2026_CONVOCACAO_COPA_2026_245_CARLO_ANCELOTTI_0901d20399-scaled.jpg\" alt=\"\" width=\"2560\" height=\"1737\" srcset=\"https:\/\/jornalboasnoticias.com.br\/home\/wp-content\/uploads\/2026\/09\/18_MAI_2026_CONVOCACAO_COPA_2026_245_CARLO_ANCELOTTI_0901d20399-scaled.jpg 2560w, https:\/\/jornalboasnoticias.com.br\/home\/wp-content\/uploads\/2026\/09\/18_MAI_2026_CONVOCACAO_COPA_2026_245_CARLO_ANCELOTTI_0901d20399-300x204.jpg 300w, https:\/\/jornalboasnoticias.com.br\/home\/wp-content\/uploads\/2026\/09\/18_MAI_2026_CONVOCACAO_COPA_2026_245_CARLO_ANCELOTTI_0901d20399-1024x695.jpg 1024w, https:\/\/jornalboasnoticias.com.br\/home\/wp-content\/uploads\/2026\/09\/18_MAI_2026_CONVOCACAO_COPA_2026_245_CARLO_ANCELOTTI_0901d20399-768x521.jpg 768w, https:\/\/jornalboasnoticias.com.br\/home\/wp-content\/uploads\/2026\/09\/18_MAI_2026_CONVOCACAO_COPA_2026_245_CARLO_ANCELOTTI_0901d20399-1536x1042.jpg 1536w, https:\/\/jornalboasnoticias.com.br\/home\/wp-content\/uploads\/2026\/09\/18_MAI_2026_CONVOCACAO_COPA_2026_245_CARLO_ANCELOTTI_0901d20399-2048x1390.jpg 2048w\" sizes=\"auto, (max-width: 2560px) 100vw, 2560px\" \/><figcaption id=\"caption-attachment-48802\" class=\"wp-caption-text\">Cr\u00e9ditos: Rafael Ribeiro\/CBF<\/figcaption><\/figure>\n<p>A convoca\u00e7\u00e3o da Sele\u00e7\u00e3o Brasileira para os amistosos com Austr\u00e1lia e \u00cdndia, na pr\u00f3xima Data FIFA, ser\u00e1 realizada na sede da CBF, no Rio de Janeiro, na pr\u00f3xima quarta-feira, 9 de setembro, \u00e0s 15h (de Bras\u00edlia). O evento ter\u00e1 transmiss\u00e3o ao vivo da CBF TV.<\/p>\n<p>Na ocasi\u00e3o, o t\u00e9cnico Carlo Ancelotti vai divulgar os 26 atletas que formar\u00e3o o grupo que iniciar\u00e1 a caminhada rumo \u00e0 Copa do Mundo de 2030. O primeiro desafio ser\u00e1 j\u00e1 em setembro, na chamada Super Data FIFA, com tr\u00eas duelos internacionais. Ainda em 2026 haver\u00e1 outra Data FIFA, em novembro.<\/p>\n<p>Esta ser\u00e1 a primeira convoca\u00e7\u00e3o da Amarelinha desde a participa\u00e7\u00e3o no \u00faltimo Mundial. O Brasil ter\u00e1 dois compromissos com a Austr\u00e1lia. No dia 25 de setembro, \u00e0s 7h de Bras\u00edlia (20h no hor\u00e1rio local) enfrenta os australianos no est\u00e1dio Queensland Country Bank, em Townsville. Em seguida, no dia 29, tamb\u00e9m \u00e0s 7h de Bras\u00edlia (20h no hor\u00e1rio local) encara novamente os donos da casa, desta vez no est\u00e1dio Suncorp, em Brisbane.<\/p>\n<p>Ap\u00f3s enfrentar os australianos, a Sele\u00e7\u00e3o far\u00e1 seu primeiro jogo contra a \u00cdndia. Este encontro in\u00e9dito acontecer\u00e1 no dia 3 de outubro, \u00e0s 11h de Bras\u00edlia (19h30 no hor\u00e1rio local) no est\u00e1dio Salt Lake, na cidade de Calcut\u00e1.<\/p>\n<h2><strong>OBSERVA\u00c7\u00c3O PARA AMISTOSOS<\/strong><\/h2>\n<p>Para definir a lista de convocados, o treinador Carlo Ancelotti, sua comiss\u00e3o t\u00e9cnica e os demais profissionais do Departamento de Sele\u00e7\u00f5es Masculinas t\u00eam observado jogos do Campeonato Brasileiro, Copa do Brasil, Copa Libertadores, Copa Sul-Americana e de campeonatos europeus.<\/p>\n<p>Ao mesmo tempo, Ancelotti tem trabalhado o fortalecimento da integra\u00e7\u00e3o da Sele\u00e7\u00e3o Principal com as de base, trabalho que j\u00e1 foi iniciado com a sua chegada e que agora j\u00e1 acontece em maior intensidade, de olho tamb\u00e9m nos compromissos dessas sele\u00e7\u00f5es, como a Copa do Mundo Sub-17, em novembro, no Qatar, e a constru\u00e7\u00e3o de uma base para o pr\u00f3ximo ciclo ol\u00edmpico, cuja tarefa est\u00e1 nas m\u00e3os de Paulo Victor, treinador tamb\u00e9m da Sele\u00e7\u00e3o Sub-20.<\/p>\n<p><em>Informa\u00e7\u00f5es CBF<\/em><\/p>\n","protected":false},"excerpt":{"rendered":"<p>T\u00e9cnico Carlo Ancelotti ir\u00e1 anunciar os jogadores que v\u00e3o iniciar a caminhada rumo \u00e0 Copa<\/p>\n","protected":false},"author":3,"featured_media":48802,"comment_status":"open","ping_status":"open","sticky":false,"template":"","format":"standard","meta":{"footnotes":""},"categories":[3,31],"tags":[],"class_list":["post-48801","post","type-post","status-publish","format-standard","has-post-thumbnail","hentry","category-destaques","category-esporte"],"yoast_head":"<!-- This site is optimized with the Yoast SEO plugin v28.3 - https:\/\/yoast.com\/product\/yoast-seo-wordpress\/ -->\n<title>Sele\u00e7\u00e3o ser\u00e1 convocada para amistosos em 9 de setembro - Jornal<\/title>\n<meta name=\"description\" content=\"Sele\u00e7\u00e3o ser\u00e1 convocada para amistosos em 9 de setembro\" \/>\n<meta name=\"robots\" content=\"index, follow, max-snippet:-1, max-image-preview:large, max-video-preview:-1\" \/>\n<link rel=\"canonical\" href=\"https:\/\/jornalboasnoticias.com.br\/home\/selecao-sera-convocada-para-amistosos-em-9-de-setembro\/\" \/>\n<meta property=\"og:locale\" content=\"pt_BR\" \/>\n<meta property=\"og:type\" content=\"article\" \/>\n<meta property=\"og:title\" content=\"Sele\u00e7\u00e3o ser\u00e1 convocada para amistosos em 9 de setembro - Jornal\" \/>\n<meta property=\"og:description\" content=\"Sele\u00e7\u00e3o ser\u00e1 convocada para amistosos em 9 de setembro\" \/>\n<meta property=\"og:url\" content=\"https:\/\/jornalboasnoticias.com.br\/home\/selecao-sera-convocada-para-amistosos-em-9-de-setembro\/\" \/>\n<meta property=\"og:site_name\" content=\"Jornal\" \/>\n<meta property=\"article:publisher\" content=\"https:\/\/www.facebook.com\/boasnoticiasjornal\" \/>\n<meta property=\"article:published_time\" content=\"2026-09-02T19:49:31+00:00\" \/>\n<meta property=\"og:image\" content=\"https:\/\/jornalboasnoticias.com.br\/home\/wp-content\/uploads\/2026\/09\/18_MAI_2026_CONVOCACAO_COPA_2026_245_CARLO_ANCELOTTI_0901d20399-scaled.jpg\" \/>\n\t<meta property=\"og:image:width\" content=\"2560\" \/>\n\t<meta property=\"og:image:height\" content=\"1737\" \/>\n\t<meta property=\"og:image:type\" content=\"image\/jpeg\" \/>\n<meta name=\"author\" content=\"Luiz Carlos da Cruz\" \/>\n<meta name=\"twitter:card\" content=\"summary_large_image\" \/>\n<meta name=\"twitter:label1\" content=\"Escrito por\" \/>\n\t<meta name=\"twitter:data1\" content=\"Luiz Carlos da Cruz\" \/>\n\t<meta name=\"twitter:label2\" content=\"Est. tempo de leitura\" \/>\n\t<meta name=\"twitter:data2\" content=\"3 minutos\" \/>\n<script type=\"application\/ld+json\" class=\"yoast-schema-graph\">{\"@context\":\"https:\\\/\\\/schema.org\",\"@graph\":[{\"@type\":\"Article\",\"@id\":\"https:\\\/\\\/jornalboasnoticias.com.br\\\/home\\\/selecao-sera-convocada-para-amistosos-em-9-de-setembro\\\/#article\",\"isPartOf\":{\"@id\":\"https:\\\/\\\/jornalboasnoticias.com.br\\\/home\\\/selecao-sera-convocada-para-amistosos-em-9-de-setembro\\\/\"},\"author\":{\"name\":\"Luiz Carlos da Cruz\",\"@id\":\"https:\\\/\\\/jornalboasnoticias.com.br\\\/home\\\/#\\\/schema\\\/person\\\/75f9ebde398c998c166475fb446bda62\"},\"headline\":\"Sele\u00e7\u00e3o ser\u00e1 convocada para amistosos em 9 de setembro\",\"datePublished\":\"2026-09-02T19:49:31+00:00\",\"mainEntityOfPage\":{\"@id\":\"https:\\\/\\\/jornalboasnoticias.com.br\\\/home\\\/selecao-sera-convocada-para-amistosos-em-9-de-setembro\\\/\"},\"wordCount\":397,\"commentCount\":0,\"publisher\":{\"@id\":\"https:\\\/\\\/jornalboasnoticias.com.br\\\/home\\\/#organization\"},\"image\":{\"@id\":\"https:\\\/\\\/jornalboasnoticias.com.br\\\/home\\\/selecao-sera-convocada-para-amistosos-em-9-de-setembro\\\/#primaryimage\"},\"thumbnailUrl\":\"https:\\\/\\\/jornalboasnoticias.com.br\\\/home\\\/wp-content\\\/uploads\\\/2026\\\/09\\\/18_MAI_2026_CONVOCACAO_COPA_2026_245_CARLO_ANCELOTTI_0901d20399-scaled.jpg\",\"articleSection\":[\"DESTAQUE\",\"ESPORTE\"],\"inLanguage\":\"pt-BR\",\"potentialAction\":[{\"@type\":\"CommentAction\",\"name\":\"Comment\",\"target\":[\"https:\\\/\\\/jornalboasnoticias.com.br\\\/home\\\/selecao-sera-convocada-para-amistosos-em-9-de-setembro\\\/#respond\"]}]},{\"@type\":\"WebPage\",\"@id\":\"https:\\\/\\\/jornalboasnoticias.com.br\\\/home\\\/selecao-sera-convocada-para-amistosos-em-9-de-setembro\\\/\",\"url\":\"https:\\\/\\\/jornalboasnoticias.com.br\\\/home\\\/selecao-sera-convocada-para-amistosos-em-9-de-setembro\\\/\",\"name\":\"Sele\u00e7\u00e3o ser\u00e1 convocada para amistosos em 9 de setembro - Jornal\",\"isPartOf\":{\"@id\":\"https:\\\/\\\/jornalboasnoticias.com.br\\\/home\\\/#website\"},\"primaryImageOfPage\":{\"@id\":\"https:\\\/\\\/jornalboasnoticias.com.br\\\/home\\\/selecao-sera-convocada-para-amistosos-em-9-de-setembro\\\/#primaryimage\"},\"image\":{\"@id\":\"https:\\\/\\\/jornalboasnoticias.com.br\\\/home\\\/selecao-sera-convocada-para-amistosos-em-9-de-setembro\\\/#primaryimage\"},\"thumbnailUrl\":\"https:\\\/\\\/jornalboasnoticias.com.br\\\/home\\\/wp-content\\\/uploads\\\/2026\\\/09\\\/18_MAI_2026_CONVOCACAO_COPA_2026_245_CARLO_ANCELOTTI_0901d20399-scaled.jpg\",\"datePublished\":\"2026-09-02T19:49:31+00:00\",\"description\":\"Sele\u00e7\u00e3o ser\u00e1 convocada para amistosos em 9 de setembro\",\"breadcrumb\":{\"@id\":\"https:\\\/\\\/jornalboasnoticias.com.br\\\/home\\\/selecao-sera-convocada-para-amistosos-em-9-de-setembro\\\/#breadcrumb\"},\"inLanguage\":\"pt-BR\",\"potentialAction\":[{\"@type\":\"ReadAction\",\"target\":[\"https:\\\/\\\/jornalboasnoticias.com.br\\\/home\\\/selecao-sera-convocada-para-amistosos-em-9-de-setembro\\\/\"]}]},{\"@type\":\"ImageObject\",\"inLanguage\":\"pt-BR\",\"@id\":\"https:\\\/\\\/jornalboasnoticias.com.br\\\/home\\\/selecao-sera-convocada-para-amistosos-em-9-de-setembro\\\/#primaryimage\",\"url\":\"https:\\\/\\\/jornalboasnoticias.com.br\\\/home\\\/wp-content\\\/uploads\\\/2026\\\/09\\\/18_MAI_2026_CONVOCACAO_COPA_2026_245_CARLO_ANCELOTTI_0901d20399-scaled.jpg\",\"contentUrl\":\"https:\\\/\\\/jornalboasnoticias.com.br\\\/home\\\/wp-content\\\/uploads\\\/2026\\\/09\\\/18_MAI_2026_CONVOCACAO_COPA_2026_245_CARLO_ANCELOTTI_0901d20399-scaled.jpg\",\"width\":2560,\"height\":1737,\"caption\":\"Cr\u00e9ditos: Rafael Ribeiro\\\/CBF\"},{\"@type\":\"BreadcrumbList\",\"@id\":\"https:\\\/\\\/jornalboasnoticias.com.br\\\/home\\\/selecao-sera-convocada-para-amistosos-em-9-de-setembro\\\/#breadcrumb\",\"itemListElement\":[{\"@type\":\"ListItem\",\"position\":1,\"name\":\"In\u00edcio\",\"item\":\"https:\\\/\\\/jornalboasnoticias.com.br\\\/home\\\/\"},{\"@type\":\"ListItem\",\"position\":2,\"name\":\"Sele\u00e7\u00e3o ser\u00e1 convocada para amistosos em 9 de setembro\"}]},{\"@type\":\"WebSite\",\"@id\":\"https:\\\/\\\/jornalboasnoticias.com.br\\\/home\\\/#website\",\"url\":\"https:\\\/\\\/jornalboasnoticias.com.br\\\/home\\\/\",\"name\":\"Jornal Boas Not\u00edcias\",\"description\":\"Boas not\u00edcias\",\"publisher\":{\"@id\":\"https:\\\/\\\/jornalboasnoticias.com.br\\\/home\\\/#organization\"},\"potentialAction\":[{\"@type\":\"SearchAction\",\"target\":{\"@type\":\"EntryPoint\",\"urlTemplate\":\"https:\\\/\\\/jornalboasnoticias.com.br\\\/home\\\/?s={search_term_string}\"},\"query-input\":{\"@type\":\"PropertyValueSpecification\",\"valueRequired\":true,\"valueName\":\"search_term_string\"}}],\"inLanguage\":\"pt-BR\"},{\"@type\":\"Organization\",\"@id\":\"https:\\\/\\\/jornalboasnoticias.com.br\\\/home\\\/#organization\",\"name\":\"Coq Editora Ltda\",\"alternateName\":\"Jornal Boas Noticias\",\"url\":\"https:\\\/\\\/jornalboasnoticias.com.br\\\/home\\\/\",\"logo\":{\"@type\":\"ImageObject\",\"inLanguage\":\"pt-BR\",\"@id\":\"https:\\\/\\\/jornalboasnoticias.com.br\\\/home\\\/#\\\/schema\\\/logo\\\/image\\\/\",\"url\":\"https:\\\/\\\/jornalboasnoticias.com.br\\\/home\\\/wp-content\\\/uploads\\\/2024\\\/07\\\/cropped-logo.jpg\",\"contentUrl\":\"https:\\\/\\\/jornalboasnoticias.com.br\\\/home\\\/wp-content\\\/uploads\\\/2024\\\/07\\\/cropped-logo.jpg\",\"width\":290,\"height\":142,\"caption\":\"Coq Editora Ltda\"},\"image\":{\"@id\":\"https:\\\/\\\/jornalboasnoticias.com.br\\\/home\\\/#\\\/schema\\\/logo\\\/image\\\/\"},\"sameAs\":[\"https:\\\/\\\/www.facebook.com\\\/boasnoticiasjornal\"]},{\"@type\":\"Person\",\"@id\":\"https:\\\/\\\/jornalboasnoticias.com.br\\\/home\\\/#\\\/schema\\\/person\\\/75f9ebde398c998c166475fb446bda62\",\"name\":\"Luiz Carlos da Cruz\",\"image\":{\"@type\":\"ImageObject\",\"inLanguage\":\"pt-BR\",\"@id\":\"https:\\\/\\\/secure.gravatar.com\\\/avatar\\\/e6f4f45301b6cb8572f7b076572e8ac11c1db80e805d8c8d0858cf286ce3ac3b?s=96&d=mm&r=g\",\"url\":\"https:\\\/\\\/secure.gravatar.com\\\/avatar\\\/e6f4f45301b6cb8572f7b076572e8ac11c1db80e805d8c8d0858cf286ce3ac3b?s=96&d=mm&r=g\",\"contentUrl\":\"https:\\\/\\\/secure.gravatar.com\\\/avatar\\\/e6f4f45301b6cb8572f7b076572e8ac11c1db80e805d8c8d0858cf286ce3ac3b?s=96&d=mm&r=g\",\"caption\":\"Luiz Carlos da Cruz\"},\"url\":\"https:\\\/\\\/jornalboasnoticias.com.br\\\/home\\\/author\\\/luiz-carlos-da-cruz\\\/\"}]}<\/script>\n<!-- \/ Yoast SEO plugin. -->","yoast_head_json":{"title":"Sele\u00e7\u00e3o ser\u00e1 convocada para amistosos em 9 de setembro - Jornal","description":"Sele\u00e7\u00e3o ser\u00e1 convocada para amistosos em 9 de setembro","robots":{"index":"index","follow":"follow","max-snippet":"max-snippet:-1","max-image-preview":"max-image-preview:large","max-video-preview":"max-video-preview:-1"},"canonical":"https:\/\/jornalboasnoticias.com.br\/home\/selecao-sera-convocada-para-amistosos-em-9-de-setembro\/","og_locale":"pt_BR","og_type":"article","og_title":"Sele\u00e7\u00e3o ser\u00e1 convocada para amistosos em 9 de setembro - Jornal","og_description":"Sele\u00e7\u00e3o ser\u00e1 convocada para amistosos em 9 de setembro","og_url":"https:\/\/jornalboasnoticias.com.br\/home\/selecao-sera-convocada-para-amistosos-em-9-de-setembro\/","og_site_name":"Jornal","article_publisher":"https:\/\/www.facebook.com\/boasnoticiasjornal","article_published_time":"2026-09-02T19:49:31+00:00","og_image":[{"width":2560,"height":1737,"url":"https:\/\/jornalboasnoticias.com.br\/home\/wp-content\/uploads\/2026\/09\/18_MAI_2026_CONVOCACAO_COPA_2026_245_CARLO_ANCELOTTI_0901d20399-scaled.jpg","type":"image\/jpeg"}],"author":"Luiz Carlos da Cruz","twitter_card":"summary_large_image","twitter_misc":{"Escrito por":"Luiz Carlos da Cruz","Est. tempo de leitura":"3 minutos"},"schema":{"@context":"https:\/\/schema.org","@graph":[{"@type":"Article","@id":"https:\/\/jornalboasnoticias.com.br\/home\/selecao-sera-convocada-para-amistosos-em-9-de-setembro\/#article","isPartOf":{"@id":"https:\/\/jornalboasnoticias.com.br\/home\/selecao-sera-convocada-para-amistosos-em-9-de-setembro\/"},"author":{"name":"Luiz Carlos da Cruz","@id":"https:\/\/jornalboasnoticias.com.br\/home\/#\/schema\/person\/75f9ebde398c998c166475fb446bda62"},"headline":"Sele\u00e7\u00e3o ser\u00e1 convocada para amistosos em 9 de setembro","datePublished":"2026-09-02T19:49:31+00:00","mainEntityOfPage":{"@id":"https:\/\/jornalboasnoticias.com.br\/home\/selecao-sera-convocada-para-amistosos-em-9-de-setembro\/"},"wordCount":397,"commentCount":0,"publisher":{"@id":"https:\/\/jornalboasnoticias.com.br\/home\/#organization"},"image":{"@id":"https:\/\/jornalboasnoticias.com.br\/home\/selecao-sera-convocada-para-amistosos-em-9-de-setembro\/#primaryimage"},"thumbnailUrl":"https:\/\/jornalboasnoticias.com.br\/home\/wp-content\/uploads\/2026\/09\/18_MAI_2026_CONVOCACAO_COPA_2026_245_CARLO_ANCELOTTI_0901d20399-scaled.jpg","articleSection":["DESTAQUE","ESPORTE"],"inLanguage":"pt-BR","potentialAction":[{"@type":"CommentAction","name":"Comment","target":["https:\/\/jornalboasnoticias.com.br\/home\/selecao-sera-convocada-para-amistosos-em-9-de-setembro\/#respond"]}]},{"@type":"WebPage","@id":"https:\/\/jornalboasnoticias.com.br\/home\/selecao-sera-convocada-para-amistosos-em-9-de-setembro\/","url":"https:\/\/jornalboasnoticias.com.br\/home\/selecao-sera-convocada-para-amistosos-em-9-de-setembro\/","name":"Sele\u00e7\u00e3o ser\u00e1 convocada para amistosos em 9 de setembro - Jornal","isPartOf":{"@id":"https:\/\/jornalboasnoticias.com.br\/home\/#website"},"primaryImageOfPage":{"@id":"https:\/\/jornalboasnoticias.com.br\/home\/selecao-sera-convocada-para-amistosos-em-9-de-setembro\/#primaryimage"},"image":{"@id":"https:\/\/jornalboasnoticias.com.br\/home\/selecao-sera-convocada-para-amistosos-em-9-de-setembro\/#primaryimage"},"thumbnailUrl":"https:\/\/jornalboasnoticias.com.br\/home\/wp-content\/uploads\/2026\/09\/18_MAI_2026_CONVOCACAO_COPA_2026_245_CARLO_ANCELOTTI_0901d20399-scaled.jpg","datePublished":"2026-09-02T19:49:31+00:00","description":"Sele\u00e7\u00e3o ser\u00e1 convocada para amistosos em 9 de setembro","breadcrumb":{"@id":"https:\/\/jornalboasnoticias.com.br\/home\/selecao-sera-convocada-para-amistosos-em-9-de-setembro\/#breadcrumb"},"inLanguage":"pt-BR","potentialAction":[{"@type":"ReadAction","target":["https:\/\/jornalboasnoticias.com.br\/home\/selecao-sera-convocada-para-amistosos-em-9-de-setembro\/"]}]},{"@type":"ImageObject","inLanguage":"pt-BR","@id":"https:\/\/jornalboasnoticias.com.br\/home\/selecao-sera-convocada-para-amistosos-em-9-de-setembro\/#primaryimage","url":"https:\/\/jornalboasnoticias.com.br\/home\/wp-content\/uploads\/2026\/09\/18_MAI_2026_CONVOCACAO_COPA_2026_245_CARLO_ANCELOTTI_0901d20399-scaled.jpg","contentUrl":"https:\/\/jornalboasnoticias.com.br\/home\/wp-content\/uploads\/2026\/09\/18_MAI_2026_CONVOCACAO_COPA_2026_245_CARLO_ANCELOTTI_0901d20399-scaled.jpg","width":2560,"height":1737,"caption":"Cr\u00e9ditos: Rafael Ribeiro\/CBF"},{"@type":"BreadcrumbList","@id":"https:\/\/jornalboasnoticias.com.br\/home\/selecao-sera-convocada-para-amistosos-em-9-de-setembro\/#breadcrumb","itemListElement":[{"@type":"ListItem","position":1,"name":"In\u00edcio","item":"https:\/\/jornalboasnoticias.com.br\/home\/"},{"@type":"ListItem","position":2,"name":"Sele\u00e7\u00e3o ser\u00e1 convocada para amistosos em 9 de setembro"}]},{"@type":"WebSite","@id":"https:\/\/jornalboasnoticias.com.br\/home\/#website","url":"https:\/\/jornalboasnoticias.com.br\/home\/","name":"Jornal Boas Not\u00edcias","description":"Boas not\u00edcias","publisher":{"@id":"https:\/\/jornalboasnoticias.com.br\/home\/#organization"},"potentialAction":[{"@type":"SearchAction","target":{"@type":"EntryPoint","urlTemplate":"https:\/\/jornalboasnoticias.com.br\/home\/?s={search_term_string}"},"query-input":{"@type":"PropertyValueSpecification","valueRequired":true,"valueName":"search_term_string"}}],"inLanguage":"pt-BR"},{"@type":"Organization","@id":"https:\/\/jornalboasnoticias.com.br\/home\/#organization","name":"Coq Editora Ltda","alternateName":"Jornal Boas Noticias","url":"https:\/\/jornalboasnoticias.com.br\/home\/","logo":{"@type":"ImageObject","inLanguage":"pt-BR","@id":"https:\/\/jornalboasnoticias.com.br\/home\/#\/schema\/logo\/image\/","url":"https:\/\/jornalboasnoticias.com.br\/home\/wp-content\/uploads\/2024\/07\/cropped-logo.jpg","contentUrl":"https:\/\/jornalboasnoticias.com.br\/home\/wp-content\/uploads\/2024\/07\/cropped-logo.jpg","width":290,"height":142,"caption":"Coq Editora Ltda"},"image":{"@id":"https:\/\/jornalboasnoticias.com.br\/home\/#\/schema\/logo\/image\/"},"sameAs":["https:\/\/www.facebook.com\/boasnoticiasjornal"]},{"@type":"Person","@id":"https:\/\/jornalboasnoticias.com.br\/home\/#\/schema\/person\/75f9ebde398c998c166475fb446bda62","name":"Luiz Carlos da Cruz","image":{"@type":"ImageObject","inLanguage":"pt-BR","@id":"https:\/\/secure.gravatar.com\/avatar\/e6f4f45301b6cb8572f7b076572e8ac11c1db80e805d8c8d0858cf286ce3ac3b?s=96&d=mm&r=g","url":"https:\/\/secure.gravatar.com\/avatar\/e6f4f45301b6cb8572f7b076572e8ac11c1db80e805d8c8d0858cf286ce3ac3b?s=96&d=mm&r=g","contentUrl":"https:\/\/secure.gravatar.com\/avatar\/e6f4f45301b6cb8572f7b076572e8ac11c1db80e805d8c8d0858cf286ce3ac3b?s=96&d=mm&r=g","caption":"Luiz Carlos da Cruz"},"url":"https:\/\/jornalboasnoticias.com.br\/home\/author\/luiz-carlos-da-cruz\/"}]}},"_links":{"self":[{"href":"https:\/\/jornalboasnoticias.com.br\/home\/wp-json\/wp\/v2\/posts\/48801","targetHints":{"allow":["GET"]}}],"collection":[{"href":"https:\/\/jornalboasnoticias.com.br\/home\/wp-json\/wp\/v2\/posts"}],"about":[{"href":"https:\/\/jornalboasnoticias.com.br\/home\/wp-json\/wp\/v2\/types\/post"}],"author":[{"embeddable":true,"href":"https:\/\/jornalboasnoticias.com.br\/home\/wp-json\/wp\/v2\/users\/3"}],"replies":[{"embeddable":true,"href":"https:\/\/jornalboasnoticias.com.br\/home\/wp-json\/wp\/v2\/comments?post=48801"}],"version-history":[{"count":1,"href":"https:\/\/jornalboasnoticias.com.br\/home\/wp-json\/wp\/v2\/posts\/48801\/revisions"}],"predecessor-version":[{"id":48803,"href":"https:\/\/jornalboasnoticias.com.br\/home\/wp-json\/wp\/v2\/posts\/48801\/revisions\/48803"}],"wp:featuredmedia":[{"embeddable":true,"href":"https:\/\/jornalboasnoticias.com.br\/home\/wp-json\/wp\/v2\/media\/48802"}],"wp:attachment":[{"href":"https:\/\/jornalboasnoticias.com.br\/home\/wp-json\/wp\/v2\/media?parent=48801"}],"wp:term":[{"taxonomy":"category","embeddable":true,"href":"https:\/\/jornalboasnoticias.com.br\/home\/wp-json\/wp\/v2\/categories?post=48801"},{"taxonomy":"post_tag","embeddable":true,"href":"https:\/\/jornalboasnoticias.com.br\/home\/wp-json\/wp\/v2\/tags?post=48801"}],"curies":[{"name":"wp","href":"https:\/\/api.w.org\/{rel}","templated":true}]}}