{"id":48785,"date":"2026-09-02T14:44:44","date_gmt":"2026-09-02T14:44:44","guid":{"rendered":"https:\/\/jornalboasnoticias.com.br\/home\/?p=48785"},"modified":"2026-09-02T14:44:44","modified_gmt":"2026-09-02T14:44:44","slug":"morre-no-rio-aos-83-anos-o-ator-gracindo-jr","status":"publish","type":"post","link":"https:\/\/jornalboasnoticias.com.br\/home\/morre-no-rio-aos-83-anos-o-ator-gracindo-jr\/","title":{"rendered":"Morre no Rio, aos 83 anos, o ator Gracindo Jr."},"content":{"rendered":"<blockquote>\n<p style=\"text-align: center;\">Corpo ser\u00e1 cremado \u00e0 tarde no Cemit\u00e9rio da Penit\u00eancia, no Caju<\/p>\n<\/blockquote>\n<figure id=\"attachment_87790\" aria-describedby=\"caption-attachment-87790\" style=\"width: 770px\" class=\"wp-caption aligncenter\"><img loading=\"lazy\" decoding=\"async\" class=\"size-full wp-image-87790\" src=\"https:\/\/portalcantagalo.com.br\/wp-content\/uploads\/2026\/09\/design-sem-nome-2026-09-02t085303.742_copy.webp\" alt=\"\" width=\"770\" height=\"480\" \/><figcaption id=\"caption-attachment-87790\" class=\"wp-caption-text\">Ator Gracindo Jr\/ Arquivo Pessoal<\/figcaption><\/figure>\n<p>O ator e diretor Gracindo Jr. morreu, na noite dessa ter\u00e7a-feira (2), em casa aos 83 anos, de causas naturais.\u00a0Em nota, o Minist\u00e9rio da Cultura (MinC) informou que recebeu a not\u00edcia com pesar. Destacou sua dedica\u00e7\u00e3o \u00e0 arte por 50 anos, passando pelo teatro, r\u00e1dio, cinema e televis\u00e3o, per\u00edodo em que desempenhou tamb\u00e9m a fun\u00e7\u00e3o de roteirista.<img decoding=\"async\" src=\"https:\/\/agenciabrasil.ebc.com.br\/ebc.png?id=1701332&amp;o=node\" \/><img decoding=\"async\" src=\"https:\/\/agenciabrasil.ebc.com.br\/ebc.gif?id=1701332&amp;o=node\" \/><\/p>\n<p>O nome de batismo &#8211; Epaminondas Xavier Gracindo &#8211; foi dado pelo pai, o tamb\u00e9m ator Paulo Gracindo. Nascido no Rio de Janeiro\u00a0em 21 de maio de 1943, aos 15 anos\u00a0Gracindo fez um teste para a R\u00e1dio Nacional e,\u00a0ao ser aprovado se tornou ator, redator e disc-j\u00f3quei na emissora.<\/p>\n<p>A estreia no teatro foi em 1961, na pe\u00e7a\u00a0<em>A Escada<\/em>, de Oswald de Andrade. Na tev\u00ea foram v\u00e1rios os trabalhos em novelas de sucesso como\u00a0<em>Mandala<\/em>,\u00a0<em>O Salvador da P\u00e1tria<\/em>,\u00a0<em>Rainha da Sucata<\/em>,\u00a0<em>Deus nos Acuda<\/em>,\u00a0<em>Explode Cora\u00e7\u00e3o<\/em>,\u00a0<em>Anjo de Mim<\/em>,\u00a0<em>Esplendor e Celebridade<\/em>. Gracindo Jr foi um dos fundadores da TV Globo, onde chegou a atuar em produ\u00e7\u00f5es junto com o pai como\u00a0<em>O Bem Amado<\/em>. Em\u00a0<em>O Casar\u00e3o<\/em>, os dois interpretaram o mesmo personagem nas vers\u00f5es mais jovem e com mais idade.<\/p>\n<p>Na dire\u00e7\u00e3o, tamb\u00e9m na TV, esteve \u00e0 frente da novela\u00a0<em>Marron-Glac\u00e9<\/em>\u00a0e, em 1983, do programa\u00a0<em>Os Trapalh\u00f5es<\/em>.<\/p>\n<blockquote><p>\u201cO MinC se solidariza com os cinco\u00a0filhos, sete\u00a0netos e a esposa, Daisy Poli, com quem estava havia mais de cinco d\u00e9cadas\u201d, concluiu a nota do minist\u00e9rio.<\/p><\/blockquote>\n<p>O governador em exerc\u00edcio do estado do Rio, Ricardo Couto, tamb\u00e9m divulgou\u00a0nota afirmando\u00a0que recebeu com tristeza a not\u00edcia da morte do ator e diretor., \u201cum dos nomes fundamentais na constru\u00e7\u00e3o da hist\u00f3ria da dramaturgia brasileira\u201d.<\/p>\n<p>Ricardo Couto afirmou que o ator \u201cteve trajet\u00f3ria marcada pelo talento,a\u00a0 versatilidade e o compromisso com a cultura e o entretenimento\u201d ao longo de mais de cinco d\u00e9cadas dedicadas ao teatro, \u00e0 televis\u00e3o, ao r\u00e1dio e ao cinema.<br \/>\n\u201cNeste momento de dor, manifesto minha solidariedade aos familiares, amigos e a todos que tiveram o privil\u00e9gio de conviver com ele\u201d, completou.<\/p>\n<p>\u201cSua luz e seu talento deixaram uma marca inesquec\u00edvel em todos n\u00f3s. Descanse em paz\u201d, postou o agenciador de artistas Marcus Montenegro, no Instagram, que informou a morte do ator.<\/p>\n<p>O corpo de Gracindo JR ser\u00e1 cremado, \u00e0s 14h10, no Cemit\u00e9rio da Penit\u00eancia, no bairro do Caju, zona norte do Rio. De acordo com o cemit\u00e9rio, o vel\u00f3rio na capela 6 come\u00e7ar\u00e1 \u00e0s 12h10.<\/p>\n<p><em>Ag\u00eancia Brasil<\/em><\/p>\n","protected":false},"excerpt":{"rendered":"<p>Corpo ser\u00e1 cremado \u00e0 tarde no Cemit\u00e9rio da Penit\u00eancia, no Caju O ator e diretor<\/p>\n","protected":false},"author":3,"featured_media":48786,"comment_status":"open","ping_status":"open","sticky":false,"template":"","format":"standard","meta":{"footnotes":""},"categories":[6],"tags":[],"class_list":["post-48785","post","type-post","status-publish","format-standard","has-post-thumbnail","hentry","category-brasil"],"yoast_head":"<!-- This site is optimized with the Yoast SEO plugin v28.3 - https:\/\/yoast.com\/product\/yoast-seo-wordpress\/ -->\n<title>Morre no Rio, aos 83 anos, o ator Gracindo Jr. - Jornal<\/title>\n<meta name=\"description\" content=\"Morre no Rio, aos 83 anos, o ator Gracindo Jr.\" \/>\n<meta name=\"robots\" content=\"index, follow, max-snippet:-1, max-image-preview:large, max-video-preview:-1\" \/>\n<link rel=\"canonical\" href=\"https:\/\/jornalboasnoticias.com.br\/home\/morre-no-rio-aos-83-anos-o-ator-gracindo-jr\/\" \/>\n<meta property=\"og:locale\" content=\"pt_BR\" \/>\n<meta property=\"og:type\" content=\"article\" \/>\n<meta property=\"og:title\" content=\"Morre no Rio, aos 83 anos, o ator Gracindo Jr. - Jornal\" \/>\n<meta property=\"og:description\" content=\"Morre no Rio, aos 83 anos, o ator Gracindo Jr.\" \/>\n<meta property=\"og:url\" content=\"https:\/\/jornalboasnoticias.com.br\/home\/morre-no-rio-aos-83-anos-o-ator-gracindo-jr\/\" \/>\n<meta property=\"og:site_name\" content=\"Jornal\" \/>\n<meta property=\"article:publisher\" content=\"https:\/\/www.facebook.com\/boasnoticiasjornal\" \/>\n<meta property=\"article:published_time\" content=\"2026-09-02T14:44:44+00:00\" \/>\n<meta property=\"og:image\" content=\"https:\/\/jornalboasnoticias.com.br\/home\/wp-content\/uploads\/2026\/09\/design-sem-nome-2026-09-02t085303.742_copy.webp\" \/>\n\t<meta property=\"og:image:width\" content=\"770\" \/>\n\t<meta property=\"og:image:height\" content=\"480\" \/>\n\t<meta property=\"og:image:type\" content=\"image\/webp\" \/>\n<meta name=\"author\" content=\"Luiz Carlos da Cruz\" \/>\n<meta name=\"twitter:card\" content=\"summary_large_image\" \/>\n<meta name=\"twitter:label1\" content=\"Escrito por\" \/>\n\t<meta name=\"twitter:data1\" content=\"Luiz Carlos da Cruz\" \/>\n\t<meta name=\"twitter:label2\" content=\"Est. tempo de leitura\" \/>\n\t<meta name=\"twitter:data2\" content=\"3 minutos\" \/>\n<script type=\"application\/ld+json\" class=\"yoast-schema-graph\">{\"@context\":\"https:\\\/\\\/schema.org\",\"@graph\":[{\"@type\":\"Article\",\"@id\":\"https:\\\/\\\/jornalboasnoticias.com.br\\\/home\\\/morre-no-rio-aos-83-anos-o-ator-gracindo-jr\\\/#article\",\"isPartOf\":{\"@id\":\"https:\\\/\\\/jornalboasnoticias.com.br\\\/home\\\/morre-no-rio-aos-83-anos-o-ator-gracindo-jr\\\/\"},\"author\":{\"name\":\"Luiz Carlos da Cruz\",\"@id\":\"https:\\\/\\\/jornalboasnoticias.com.br\\\/home\\\/#\\\/schema\\\/person\\\/75f9ebde398c998c166475fb446bda62\"},\"headline\":\"Morre no Rio, aos 83 anos, o ator Gracindo Jr.\",\"datePublished\":\"2026-09-02T14:44:44+00:00\",\"mainEntityOfPage\":{\"@id\":\"https:\\\/\\\/jornalboasnoticias.com.br\\\/home\\\/morre-no-rio-aos-83-anos-o-ator-gracindo-jr\\\/\"},\"wordCount\":468,\"commentCount\":0,\"publisher\":{\"@id\":\"https:\\\/\\\/jornalboasnoticias.com.br\\\/home\\\/#organization\"},\"image\":{\"@id\":\"https:\\\/\\\/jornalboasnoticias.com.br\\\/home\\\/morre-no-rio-aos-83-anos-o-ator-gracindo-jr\\\/#primaryimage\"},\"thumbnailUrl\":\"https:\\\/\\\/jornalboasnoticias.com.br\\\/home\\\/wp-content\\\/uploads\\\/2026\\\/09\\\/design-sem-nome-2026-09-02t085303.742_copy.webp\",\"articleSection\":[\"BRASIL\"],\"inLanguage\":\"pt-BR\",\"potentialAction\":[{\"@type\":\"CommentAction\",\"name\":\"Comment\",\"target\":[\"https:\\\/\\\/jornalboasnoticias.com.br\\\/home\\\/morre-no-rio-aos-83-anos-o-ator-gracindo-jr\\\/#respond\"]}]},{\"@type\":\"WebPage\",\"@id\":\"https:\\\/\\\/jornalboasnoticias.com.br\\\/home\\\/morre-no-rio-aos-83-anos-o-ator-gracindo-jr\\\/\",\"url\":\"https:\\\/\\\/jornalboasnoticias.com.br\\\/home\\\/morre-no-rio-aos-83-anos-o-ator-gracindo-jr\\\/\",\"name\":\"Morre no Rio, aos 83 anos, o ator Gracindo Jr. - Jornal\",\"isPartOf\":{\"@id\":\"https:\\\/\\\/jornalboasnoticias.com.br\\\/home\\\/#website\"},\"primaryImageOfPage\":{\"@id\":\"https:\\\/\\\/jornalboasnoticias.com.br\\\/home\\\/morre-no-rio-aos-83-anos-o-ator-gracindo-jr\\\/#primaryimage\"},\"image\":{\"@id\":\"https:\\\/\\\/jornalboasnoticias.com.br\\\/home\\\/morre-no-rio-aos-83-anos-o-ator-gracindo-jr\\\/#primaryimage\"},\"thumbnailUrl\":\"https:\\\/\\\/jornalboasnoticias.com.br\\\/home\\\/wp-content\\\/uploads\\\/2026\\\/09\\\/design-sem-nome-2026-09-02t085303.742_copy.webp\",\"datePublished\":\"2026-09-02T14:44:44+00:00\",\"description\":\"Morre no Rio, aos 83 anos, o ator Gracindo Jr.\",\"breadcrumb\":{\"@id\":\"https:\\\/\\\/jornalboasnoticias.com.br\\\/home\\\/morre-no-rio-aos-83-anos-o-ator-gracindo-jr\\\/#breadcrumb\"},\"inLanguage\":\"pt-BR\",\"potentialAction\":[{\"@type\":\"ReadAction\",\"target\":[\"https:\\\/\\\/jornalboasnoticias.com.br\\\/home\\\/morre-no-rio-aos-83-anos-o-ator-gracindo-jr\\\/\"]}]},{\"@type\":\"ImageObject\",\"inLanguage\":\"pt-BR\",\"@id\":\"https:\\\/\\\/jornalboasnoticias.com.br\\\/home\\\/morre-no-rio-aos-83-anos-o-ator-gracindo-jr\\\/#primaryimage\",\"url\":\"https:\\\/\\\/jornalboasnoticias.com.br\\\/home\\\/wp-content\\\/uploads\\\/2026\\\/09\\\/design-sem-nome-2026-09-02t085303.742_copy.webp\",\"contentUrl\":\"https:\\\/\\\/jornalboasnoticias.com.br\\\/home\\\/wp-content\\\/uploads\\\/2026\\\/09\\\/design-sem-nome-2026-09-02t085303.742_copy.webp\",\"width\":770,\"height\":480,\"caption\":\"Ator Gracindo Jr\\\/ Arquivo Pessoal\"},{\"@type\":\"BreadcrumbList\",\"@id\":\"https:\\\/\\\/jornalboasnoticias.com.br\\\/home\\\/morre-no-rio-aos-83-anos-o-ator-gracindo-jr\\\/#breadcrumb\",\"itemListElement\":[{\"@type\":\"ListItem\",\"position\":1,\"name\":\"In\u00edcio\",\"item\":\"https:\\\/\\\/jornalboasnoticias.com.br\\\/home\\\/\"},{\"@type\":\"ListItem\",\"position\":2,\"name\":\"Morre no Rio, aos 83 anos, o ator Gracindo Jr.\"}]},{\"@type\":\"WebSite\",\"@id\":\"https:\\\/\\\/jornalboasnoticias.com.br\\\/home\\\/#website\",\"url\":\"https:\\\/\\\/jornalboasnoticias.com.br\\\/home\\\/\",\"name\":\"Jornal Boas Not\u00edcias\",\"description\":\"Boas not\u00edcias\",\"publisher\":{\"@id\":\"https:\\\/\\\/jornalboasnoticias.com.br\\\/home\\\/#organization\"},\"potentialAction\":[{\"@type\":\"SearchAction\",\"target\":{\"@type\":\"EntryPoint\",\"urlTemplate\":\"https:\\\/\\\/jornalboasnoticias.com.br\\\/home\\\/?s={search_term_string}\"},\"query-input\":{\"@type\":\"PropertyValueSpecification\",\"valueRequired\":true,\"valueName\":\"search_term_string\"}}],\"inLanguage\":\"pt-BR\"},{\"@type\":\"Organization\",\"@id\":\"https:\\\/\\\/jornalboasnoticias.com.br\\\/home\\\/#organization\",\"name\":\"Coq Editora Ltda\",\"alternateName\":\"Jornal Boas Noticias\",\"url\":\"https:\\\/\\\/jornalboasnoticias.com.br\\\/home\\\/\",\"logo\":{\"@type\":\"ImageObject\",\"inLanguage\":\"pt-BR\",\"@id\":\"https:\\\/\\\/jornalboasnoticias.com.br\\\/home\\\/#\\\/schema\\\/logo\\\/image\\\/\",\"url\":\"https:\\\/\\\/jornalboasnoticias.com.br\\\/home\\\/wp-content\\\/uploads\\\/2024\\\/07\\\/cropped-logo.jpg\",\"contentUrl\":\"https:\\\/\\\/jornalboasnoticias.com.br\\\/home\\\/wp-content\\\/uploads\\\/2024\\\/07\\\/cropped-logo.jpg\",\"width\":290,\"height\":142,\"caption\":\"Coq Editora Ltda\"},\"image\":{\"@id\":\"https:\\\/\\\/jornalboasnoticias.com.br\\\/home\\\/#\\\/schema\\\/logo\\\/image\\\/\"},\"sameAs\":[\"https:\\\/\\\/www.facebook.com\\\/boasnoticiasjornal\"]},{\"@type\":\"Person\",\"@id\":\"https:\\\/\\\/jornalboasnoticias.com.br\\\/home\\\/#\\\/schema\\\/person\\\/75f9ebde398c998c166475fb446bda62\",\"name\":\"Luiz Carlos da Cruz\",\"image\":{\"@type\":\"ImageObject\",\"inLanguage\":\"pt-BR\",\"@id\":\"https:\\\/\\\/secure.gravatar.com\\\/avatar\\\/e6f4f45301b6cb8572f7b076572e8ac11c1db80e805d8c8d0858cf286ce3ac3b?s=96&d=mm&r=g\",\"url\":\"https:\\\/\\\/secure.gravatar.com\\\/avatar\\\/e6f4f45301b6cb8572f7b076572e8ac11c1db80e805d8c8d0858cf286ce3ac3b?s=96&d=mm&r=g\",\"contentUrl\":\"https:\\\/\\\/secure.gravatar.com\\\/avatar\\\/e6f4f45301b6cb8572f7b076572e8ac11c1db80e805d8c8d0858cf286ce3ac3b?s=96&d=mm&r=g\",\"caption\":\"Luiz Carlos da Cruz\"},\"url\":\"https:\\\/\\\/jornalboasnoticias.com.br\\\/home\\\/author\\\/luiz-carlos-da-cruz\\\/\"}]}<\/script>\n<!-- \/ Yoast SEO plugin. -->","yoast_head_json":{"title":"Morre no Rio, aos 83 anos, o ator Gracindo Jr. - Jornal","description":"Morre no Rio, aos 83 anos, o ator Gracindo Jr.","robots":{"index":"index","follow":"follow","max-snippet":"max-snippet:-1","max-image-preview":"max-image-preview:large","max-video-preview":"max-video-preview:-1"},"canonical":"https:\/\/jornalboasnoticias.com.br\/home\/morre-no-rio-aos-83-anos-o-ator-gracindo-jr\/","og_locale":"pt_BR","og_type":"article","og_title":"Morre no Rio, aos 83 anos, o ator Gracindo Jr. - Jornal","og_description":"Morre no Rio, aos 83 anos, o ator Gracindo Jr.","og_url":"https:\/\/jornalboasnoticias.com.br\/home\/morre-no-rio-aos-83-anos-o-ator-gracindo-jr\/","og_site_name":"Jornal","article_publisher":"https:\/\/www.facebook.com\/boasnoticiasjornal","article_published_time":"2026-09-02T14:44:44+00:00","og_image":[{"width":770,"height":480,"url":"https:\/\/jornalboasnoticias.com.br\/home\/wp-content\/uploads\/2026\/09\/design-sem-nome-2026-09-02t085303.742_copy.webp","type":"image\/webp"}],"author":"Luiz Carlos da Cruz","twitter_card":"summary_large_image","twitter_misc":{"Escrito por":"Luiz Carlos da Cruz","Est. tempo de leitura":"3 minutos"},"schema":{"@context":"https:\/\/schema.org","@graph":[{"@type":"Article","@id":"https:\/\/jornalboasnoticias.com.br\/home\/morre-no-rio-aos-83-anos-o-ator-gracindo-jr\/#article","isPartOf":{"@id":"https:\/\/jornalboasnoticias.com.br\/home\/morre-no-rio-aos-83-anos-o-ator-gracindo-jr\/"},"author":{"name":"Luiz Carlos da Cruz","@id":"https:\/\/jornalboasnoticias.com.br\/home\/#\/schema\/person\/75f9ebde398c998c166475fb446bda62"},"headline":"Morre no Rio, aos 83 anos, o ator Gracindo Jr.","datePublished":"2026-09-02T14:44:44+00:00","mainEntityOfPage":{"@id":"https:\/\/jornalboasnoticias.com.br\/home\/morre-no-rio-aos-83-anos-o-ator-gracindo-jr\/"},"wordCount":468,"commentCount":0,"publisher":{"@id":"https:\/\/jornalboasnoticias.com.br\/home\/#organization"},"image":{"@id":"https:\/\/jornalboasnoticias.com.br\/home\/morre-no-rio-aos-83-anos-o-ator-gracindo-jr\/#primaryimage"},"thumbnailUrl":"https:\/\/jornalboasnoticias.com.br\/home\/wp-content\/uploads\/2026\/09\/design-sem-nome-2026-09-02t085303.742_copy.webp","articleSection":["BRASIL"],"inLanguage":"pt-BR","potentialAction":[{"@type":"CommentAction","name":"Comment","target":["https:\/\/jornalboasnoticias.com.br\/home\/morre-no-rio-aos-83-anos-o-ator-gracindo-jr\/#respond"]}]},{"@type":"WebPage","@id":"https:\/\/jornalboasnoticias.com.br\/home\/morre-no-rio-aos-83-anos-o-ator-gracindo-jr\/","url":"https:\/\/jornalboasnoticias.com.br\/home\/morre-no-rio-aos-83-anos-o-ator-gracindo-jr\/","name":"Morre no Rio, aos 83 anos, o ator Gracindo Jr. - Jornal","isPartOf":{"@id":"https:\/\/jornalboasnoticias.com.br\/home\/#website"},"primaryImageOfPage":{"@id":"https:\/\/jornalboasnoticias.com.br\/home\/morre-no-rio-aos-83-anos-o-ator-gracindo-jr\/#primaryimage"},"image":{"@id":"https:\/\/jornalboasnoticias.com.br\/home\/morre-no-rio-aos-83-anos-o-ator-gracindo-jr\/#primaryimage"},"thumbnailUrl":"https:\/\/jornalboasnoticias.com.br\/home\/wp-content\/uploads\/2026\/09\/design-sem-nome-2026-09-02t085303.742_copy.webp","datePublished":"2026-09-02T14:44:44+00:00","description":"Morre no Rio, aos 83 anos, o ator Gracindo Jr.","breadcrumb":{"@id":"https:\/\/jornalboasnoticias.com.br\/home\/morre-no-rio-aos-83-anos-o-ator-gracindo-jr\/#breadcrumb"},"inLanguage":"pt-BR","potentialAction":[{"@type":"ReadAction","target":["https:\/\/jornalboasnoticias.com.br\/home\/morre-no-rio-aos-83-anos-o-ator-gracindo-jr\/"]}]},{"@type":"ImageObject","inLanguage":"pt-BR","@id":"https:\/\/jornalboasnoticias.com.br\/home\/morre-no-rio-aos-83-anos-o-ator-gracindo-jr\/#primaryimage","url":"https:\/\/jornalboasnoticias.com.br\/home\/wp-content\/uploads\/2026\/09\/design-sem-nome-2026-09-02t085303.742_copy.webp","contentUrl":"https:\/\/jornalboasnoticias.com.br\/home\/wp-content\/uploads\/2026\/09\/design-sem-nome-2026-09-02t085303.742_copy.webp","width":770,"height":480,"caption":"Ator Gracindo Jr\/ Arquivo Pessoal"},{"@type":"BreadcrumbList","@id":"https:\/\/jornalboasnoticias.com.br\/home\/morre-no-rio-aos-83-anos-o-ator-gracindo-jr\/#breadcrumb","itemListElement":[{"@type":"ListItem","position":1,"name":"In\u00edcio","item":"https:\/\/jornalboasnoticias.com.br\/home\/"},{"@type":"ListItem","position":2,"name":"Morre no Rio, aos 83 anos, o ator Gracindo Jr."}]},{"@type":"WebSite","@id":"https:\/\/jornalboasnoticias.com.br\/home\/#website","url":"https:\/\/jornalboasnoticias.com.br\/home\/","name":"Jornal Boas Not\u00edcias","description":"Boas not\u00edcias","publisher":{"@id":"https:\/\/jornalboasnoticias.com.br\/home\/#organization"},"potentialAction":[{"@type":"SearchAction","target":{"@type":"EntryPoint","urlTemplate":"https:\/\/jornalboasnoticias.com.br\/home\/?s={search_term_string}"},"query-input":{"@type":"PropertyValueSpecification","valueRequired":true,"valueName":"search_term_string"}}],"inLanguage":"pt-BR"},{"@type":"Organization","@id":"https:\/\/jornalboasnoticias.com.br\/home\/#organization","name":"Coq Editora Ltda","alternateName":"Jornal Boas Noticias","url":"https:\/\/jornalboasnoticias.com.br\/home\/","logo":{"@type":"ImageObject","inLanguage":"pt-BR","@id":"https:\/\/jornalboasnoticias.com.br\/home\/#\/schema\/logo\/image\/","url":"https:\/\/jornalboasnoticias.com.br\/home\/wp-content\/uploads\/2024\/07\/cropped-logo.jpg","contentUrl":"https:\/\/jornalboasnoticias.com.br\/home\/wp-content\/uploads\/2024\/07\/cropped-logo.jpg","width":290,"height":142,"caption":"Coq Editora Ltda"},"image":{"@id":"https:\/\/jornalboasnoticias.com.br\/home\/#\/schema\/logo\/image\/"},"sameAs":["https:\/\/www.facebook.com\/boasnoticiasjornal"]},{"@type":"Person","@id":"https:\/\/jornalboasnoticias.com.br\/home\/#\/schema\/person\/75f9ebde398c998c166475fb446bda62","name":"Luiz Carlos da Cruz","image":{"@type":"ImageObject","inLanguage":"pt-BR","@id":"https:\/\/secure.gravatar.com\/avatar\/e6f4f45301b6cb8572f7b076572e8ac11c1db80e805d8c8d0858cf286ce3ac3b?s=96&d=mm&r=g","url":"https:\/\/secure.gravatar.com\/avatar\/e6f4f45301b6cb8572f7b076572e8ac11c1db80e805d8c8d0858cf286ce3ac3b?s=96&d=mm&r=g","contentUrl":"https:\/\/secure.gravatar.com\/avatar\/e6f4f45301b6cb8572f7b076572e8ac11c1db80e805d8c8d0858cf286ce3ac3b?s=96&d=mm&r=g","caption":"Luiz Carlos da Cruz"},"url":"https:\/\/jornalboasnoticias.com.br\/home\/author\/luiz-carlos-da-cruz\/"}]}},"_links":{"self":[{"href":"https:\/\/jornalboasnoticias.com.br\/home\/wp-json\/wp\/v2\/posts\/48785","targetHints":{"allow":["GET"]}}],"collection":[{"href":"https:\/\/jornalboasnoticias.com.br\/home\/wp-json\/wp\/v2\/posts"}],"about":[{"href":"https:\/\/jornalboasnoticias.com.br\/home\/wp-json\/wp\/v2\/types\/post"}],"author":[{"embeddable":true,"href":"https:\/\/jornalboasnoticias.com.br\/home\/wp-json\/wp\/v2\/users\/3"}],"replies":[{"embeddable":true,"href":"https:\/\/jornalboasnoticias.com.br\/home\/wp-json\/wp\/v2\/comments?post=48785"}],"version-history":[{"count":1,"href":"https:\/\/jornalboasnoticias.com.br\/home\/wp-json\/wp\/v2\/posts\/48785\/revisions"}],"predecessor-version":[{"id":48787,"href":"https:\/\/jornalboasnoticias.com.br\/home\/wp-json\/wp\/v2\/posts\/48785\/revisions\/48787"}],"wp:featuredmedia":[{"embeddable":true,"href":"https:\/\/jornalboasnoticias.com.br\/home\/wp-json\/wp\/v2\/media\/48786"}],"wp:attachment":[{"href":"https:\/\/jornalboasnoticias.com.br\/home\/wp-json\/wp\/v2\/media?parent=48785"}],"wp:term":[{"taxonomy":"category","embeddable":true,"href":"https:\/\/jornalboasnoticias.com.br\/home\/wp-json\/wp\/v2\/categories?post=48785"},{"taxonomy":"post_tag","embeddable":true,"href":"https:\/\/jornalboasnoticias.com.br\/home\/wp-json\/wp\/v2\/tags?post=48785"}],"curies":[{"name":"wp","href":"https:\/\/api.w.org\/{rel}","templated":true}]}}