{"id":48782,"date":"2026-09-02T14:16:47","date_gmt":"2026-09-02T14:16:47","guid":{"rendered":"https:\/\/jornalboasnoticias.com.br\/home\/?p=48782"},"modified":"2026-09-02T14:16:47","modified_gmt":"2026-09-02T14:16:47","slug":"ministro-andre-mendonca-admite-encontro-com-vorcaro-uma-unica-vez","status":"publish","type":"post","link":"https:\/\/jornalboasnoticias.com.br\/home\/ministro-andre-mendonca-admite-encontro-com-vorcaro-uma-unica-vez\/","title":{"rendered":"Ministro Andr\u00e9 Mendon\u00e7a admite encontro com Vorcaro &#8220;uma \u00fanica vez&#8221;"},"content":{"rendered":"<blockquote>\n<p style=\"text-align: center;\">Fato teria ocorrido em mar\u00e7o de 2025 &#8220;por iniciativa do empres\u00e1rio&#8221;<\/p>\n<\/blockquote>\n<figure id=\"attachment_87784\" aria-describedby=\"caption-attachment-87784\" style=\"width: 800px\" class=\"wp-caption aligncenter\"><img loading=\"lazy\" decoding=\"async\" class=\"size-large wp-image-87784\" src=\"https:\/\/portalcantagalo.com.br\/wp-content\/uploads\/2026\/09\/52441529977_f3565b5d7d_o-1-1024x613.webp\" alt=\"\" width=\"800\" height=\"479\" \/><figcaption id=\"caption-attachment-87784\" class=\"wp-caption-text\">\u00a9 Carlos Moura\/SCO\/STF<\/figcaption><\/figure>\n<p>O ministro do Supremo Tribunal Federal (STF) Andr\u00e9 Mendon\u00e7a divulgou nota, na manh\u00e3 desta quarta-feira (2), na qual se posiciona em rela\u00e7\u00e3o a not\u00edcias divulgadas na imprensa sobre encontro que manteve com o dono do Banco Master\u00a0Daniel Vorcaro. Em fevereiro deste ano, o ministro assumiu a relatoria do caso Master no Supremo.<img decoding=\"async\" src=\"https:\/\/agenciabrasil.ebc.com.br\/ebc.png?id=1701323&amp;o=node\" \/><img decoding=\"async\" src=\"https:\/\/agenciabrasil.ebc.com.br\/ebc.gif?id=1701323&amp;o=node\" \/><\/p>\n<p>Na nota, Mendon\u00e7a afirma que recebeu &#8220;uma \u00fanica vez&#8221; o ex-banqueiro Daniel Vorcaro,\u00a0ex- presidente do Banco Master, preso por suspeita de fraudes financeiras.<\/p>\n<p>De acordo com o ministro, isso ocorreu em mar\u00e7o de 2025, &#8220;por iniciativa do pr\u00f3prio empres\u00e1rio&#8221;, diz a nota. Mendon\u00e7a afirma ainda que se limitou a ouvi-lo.<\/p>\n<p>No mesmo m\u00eas, o ministro disse que atendeu tamb\u00e9m o advogado do empres\u00e1rio, e ainda mant\u00e9m, nos registros do gabinete, os memoriais escritos recebidos por ocasi\u00e3o do encontro.<\/p>\n<p>Na nota,\u00a0Mendon\u00e7a alega que o assunto tratado no encontro foi a Suspens\u00e3o de Tutela Provis\u00f3ria (STP) 976, que estava sob julgamento do STF\u00a0e que discutia cr\u00e9ditos de precat\u00f3rios de interesse do Banco Master.<\/p>\n<p>O ministro do Supremo enfatiza que foi contr\u00e1rio \u00e0 posi\u00e7\u00e3o defendida pelo ex-banqueiro:<\/p>\n<p>&#8220;Registre-se, ali\u00e1s, que a atua\u00e7\u00e3o jurisdicional do ministro foi contr\u00e1ria \u00e0 posi\u00e7\u00e3o defendida pelo empres\u00e1rio, em linha com sua posi\u00e7\u00e3o historicamente defendida em casos semelhantes, conforme se pode verificar nos autos&#8221;, diz a nota.<\/p>\n<p>Nesta segunda-feira (1\u00ba) foram\u00a0divulgados trechos de conversas extra\u00eddas\u00a0a partir da quebra de sigilo do celular do ex-banqueiro, que \u00e9 alvo das investiga\u00e7\u00f5es da Opera\u00e7\u00e3o Compliance Zero. A apura\u00e7\u00e3o investiga fraudes financeiras no Banco Master.<\/p>\n<p><em>Ag\u00eancia Brasil<\/em><\/p>\n","protected":false},"excerpt":{"rendered":"<p>Fato teria ocorrido em mar\u00e7o de 2025 &#8220;por iniciativa do empres\u00e1rio&#8221; O ministro do Supremo<\/p>\n","protected":false},"author":3,"featured_media":48783,"comment_status":"open","ping_status":"open","sticky":false,"template":"","format":"standard","meta":{"footnotes":""},"categories":[22],"tags":[],"class_list":["post-48782","post","type-post","status-publish","format-standard","has-post-thumbnail","hentry","category-justica"],"yoast_head":"<!-- This site is optimized with the Yoast SEO plugin v28.3 - https:\/\/yoast.com\/product\/yoast-seo-wordpress\/ -->\n<title>Ministro Andr\u00e9 Mendon\u00e7a admite encontro com Vorcaro &quot;uma \u00fanica vez&quot; - Jornal<\/title>\n<meta name=\"description\" content=\"Ministro Andr\u00e9 Mendon\u00e7a admite encontro com Vorcaro &quot;uma \u00fanica vez&quot;\" \/>\n<meta name=\"robots\" content=\"index, follow, max-snippet:-1, max-image-preview:large, max-video-preview:-1\" \/>\n<link rel=\"canonical\" href=\"https:\/\/jornalboasnoticias.com.br\/home\/ministro-andre-mendonca-admite-encontro-com-vorcaro-uma-unica-vez\/\" \/>\n<meta property=\"og:locale\" content=\"pt_BR\" \/>\n<meta property=\"og:type\" content=\"article\" \/>\n<meta property=\"og:title\" content=\"Ministro Andr\u00e9 Mendon\u00e7a admite encontro com Vorcaro &quot;uma \u00fanica vez&quot; - Jornal\" \/>\n<meta property=\"og:description\" content=\"Ministro Andr\u00e9 Mendon\u00e7a admite encontro com Vorcaro &quot;uma \u00fanica vez&quot;\" \/>\n<meta property=\"og:url\" content=\"https:\/\/jornalboasnoticias.com.br\/home\/ministro-andre-mendonca-admite-encontro-com-vorcaro-uma-unica-vez\/\" \/>\n<meta property=\"og:site_name\" content=\"Jornal\" \/>\n<meta property=\"article:publisher\" content=\"https:\/\/www.facebook.com\/boasnoticiasjornal\" \/>\n<meta property=\"article:published_time\" content=\"2026-09-02T14:16:47+00:00\" \/>\n<meta property=\"og:image\" content=\"https:\/\/jornalboasnoticias.com.br\/home\/wp-content\/uploads\/2026\/09\/52441529977_f3565b5d7d_o-1-e1788358571288.webp\" \/>\n\t<meta property=\"og:image:width\" content=\"1000\" \/>\n\t<meta property=\"og:image:height\" content=\"598\" \/>\n\t<meta property=\"og:image:type\" content=\"image\/webp\" \/>\n<meta name=\"author\" content=\"Luiz Carlos da Cruz\" \/>\n<meta name=\"twitter:card\" content=\"summary_large_image\" \/>\n<meta name=\"twitter:label1\" content=\"Escrito por\" \/>\n\t<meta name=\"twitter:data1\" content=\"Luiz Carlos da Cruz\" \/>\n\t<meta name=\"twitter:label2\" content=\"Est. tempo de leitura\" \/>\n\t<meta name=\"twitter:data2\" content=\"3 minutos\" \/>\n<script type=\"application\/ld+json\" class=\"yoast-schema-graph\">{\"@context\":\"https:\\\/\\\/schema.org\",\"@graph\":[{\"@type\":\"Article\",\"@id\":\"https:\\\/\\\/jornalboasnoticias.com.br\\\/home\\\/ministro-andre-mendonca-admite-encontro-com-vorcaro-uma-unica-vez\\\/#article\",\"isPartOf\":{\"@id\":\"https:\\\/\\\/jornalboasnoticias.com.br\\\/home\\\/ministro-andre-mendonca-admite-encontro-com-vorcaro-uma-unica-vez\\\/\"},\"author\":{\"name\":\"Luiz Carlos da Cruz\",\"@id\":\"https:\\\/\\\/jornalboasnoticias.com.br\\\/home\\\/#\\\/schema\\\/person\\\/75f9ebde398c998c166475fb446bda62\"},\"headline\":\"Ministro Andr\u00e9 Mendon\u00e7a admite encontro com Vorcaro &#8220;uma \u00fanica vez&#8221;\",\"datePublished\":\"2026-09-02T14:16:47+00:00\",\"mainEntityOfPage\":{\"@id\":\"https:\\\/\\\/jornalboasnoticias.com.br\\\/home\\\/ministro-andre-mendonca-admite-encontro-com-vorcaro-uma-unica-vez\\\/\"},\"wordCount\":310,\"commentCount\":0,\"publisher\":{\"@id\":\"https:\\\/\\\/jornalboasnoticias.com.br\\\/home\\\/#organization\"},\"image\":{\"@id\":\"https:\\\/\\\/jornalboasnoticias.com.br\\\/home\\\/ministro-andre-mendonca-admite-encontro-com-vorcaro-uma-unica-vez\\\/#primaryimage\"},\"thumbnailUrl\":\"https:\\\/\\\/jornalboasnoticias.com.br\\\/home\\\/wp-content\\\/uploads\\\/2026\\\/09\\\/52441529977_f3565b5d7d_o-1-e1788358571288.webp\",\"articleSection\":[\"JUSTI\u00c7A\"],\"inLanguage\":\"pt-BR\",\"potentialAction\":[{\"@type\":\"CommentAction\",\"name\":\"Comment\",\"target\":[\"https:\\\/\\\/jornalboasnoticias.com.br\\\/home\\\/ministro-andre-mendonca-admite-encontro-com-vorcaro-uma-unica-vez\\\/#respond\"]}]},{\"@type\":\"WebPage\",\"@id\":\"https:\\\/\\\/jornalboasnoticias.com.br\\\/home\\\/ministro-andre-mendonca-admite-encontro-com-vorcaro-uma-unica-vez\\\/\",\"url\":\"https:\\\/\\\/jornalboasnoticias.com.br\\\/home\\\/ministro-andre-mendonca-admite-encontro-com-vorcaro-uma-unica-vez\\\/\",\"name\":\"Ministro Andr\u00e9 Mendon\u00e7a admite encontro com Vorcaro \\\"uma \u00fanica vez\\\" - Jornal\",\"isPartOf\":{\"@id\":\"https:\\\/\\\/jornalboasnoticias.com.br\\\/home\\\/#website\"},\"primaryImageOfPage\":{\"@id\":\"https:\\\/\\\/jornalboasnoticias.com.br\\\/home\\\/ministro-andre-mendonca-admite-encontro-com-vorcaro-uma-unica-vez\\\/#primaryimage\"},\"image\":{\"@id\":\"https:\\\/\\\/jornalboasnoticias.com.br\\\/home\\\/ministro-andre-mendonca-admite-encontro-com-vorcaro-uma-unica-vez\\\/#primaryimage\"},\"thumbnailUrl\":\"https:\\\/\\\/jornalboasnoticias.com.br\\\/home\\\/wp-content\\\/uploads\\\/2026\\\/09\\\/52441529977_f3565b5d7d_o-1-e1788358571288.webp\",\"datePublished\":\"2026-09-02T14:16:47+00:00\",\"description\":\"Ministro Andr\u00e9 Mendon\u00e7a admite encontro com Vorcaro \\\"uma \u00fanica vez\\\"\",\"breadcrumb\":{\"@id\":\"https:\\\/\\\/jornalboasnoticias.com.br\\\/home\\\/ministro-andre-mendonca-admite-encontro-com-vorcaro-uma-unica-vez\\\/#breadcrumb\"},\"inLanguage\":\"pt-BR\",\"potentialAction\":[{\"@type\":\"ReadAction\",\"target\":[\"https:\\\/\\\/jornalboasnoticias.com.br\\\/home\\\/ministro-andre-mendonca-admite-encontro-com-vorcaro-uma-unica-vez\\\/\"]}]},{\"@type\":\"ImageObject\",\"inLanguage\":\"pt-BR\",\"@id\":\"https:\\\/\\\/jornalboasnoticias.com.br\\\/home\\\/ministro-andre-mendonca-admite-encontro-com-vorcaro-uma-unica-vez\\\/#primaryimage\",\"url\":\"https:\\\/\\\/jornalboasnoticias.com.br\\\/home\\\/wp-content\\\/uploads\\\/2026\\\/09\\\/52441529977_f3565b5d7d_o-1-e1788358571288.webp\",\"contentUrl\":\"https:\\\/\\\/jornalboasnoticias.com.br\\\/home\\\/wp-content\\\/uploads\\\/2026\\\/09\\\/52441529977_f3565b5d7d_o-1-e1788358571288.webp\",\"width\":1000,\"height\":598,\"caption\":\"\u00a9 Carlos Moura\\\/SCO\\\/STF\"},{\"@type\":\"BreadcrumbList\",\"@id\":\"https:\\\/\\\/jornalboasnoticias.com.br\\\/home\\\/ministro-andre-mendonca-admite-encontro-com-vorcaro-uma-unica-vez\\\/#breadcrumb\",\"itemListElement\":[{\"@type\":\"ListItem\",\"position\":1,\"name\":\"In\u00edcio\",\"item\":\"https:\\\/\\\/jornalboasnoticias.com.br\\\/home\\\/\"},{\"@type\":\"ListItem\",\"position\":2,\"name\":\"Ministro Andr\u00e9 Mendon\u00e7a admite encontro com Vorcaro &#8220;uma \u00fanica vez&#8221;\"}]},{\"@type\":\"WebSite\",\"@id\":\"https:\\\/\\\/jornalboasnoticias.com.br\\\/home\\\/#website\",\"url\":\"https:\\\/\\\/jornalboasnoticias.com.br\\\/home\\\/\",\"name\":\"Jornal Boas Not\u00edcias\",\"description\":\"Boas not\u00edcias\",\"publisher\":{\"@id\":\"https:\\\/\\\/jornalboasnoticias.com.br\\\/home\\\/#organization\"},\"potentialAction\":[{\"@type\":\"SearchAction\",\"target\":{\"@type\":\"EntryPoint\",\"urlTemplate\":\"https:\\\/\\\/jornalboasnoticias.com.br\\\/home\\\/?s={search_term_string}\"},\"query-input\":{\"@type\":\"PropertyValueSpecification\",\"valueRequired\":true,\"valueName\":\"search_term_string\"}}],\"inLanguage\":\"pt-BR\"},{\"@type\":\"Organization\",\"@id\":\"https:\\\/\\\/jornalboasnoticias.com.br\\\/home\\\/#organization\",\"name\":\"Coq Editora Ltda\",\"alternateName\":\"Jornal Boas Noticias\",\"url\":\"https:\\\/\\\/jornalboasnoticias.com.br\\\/home\\\/\",\"logo\":{\"@type\":\"ImageObject\",\"inLanguage\":\"pt-BR\",\"@id\":\"https:\\\/\\\/jornalboasnoticias.com.br\\\/home\\\/#\\\/schema\\\/logo\\\/image\\\/\",\"url\":\"https:\\\/\\\/jornalboasnoticias.com.br\\\/home\\\/wp-content\\\/uploads\\\/2024\\\/07\\\/cropped-logo.jpg\",\"contentUrl\":\"https:\\\/\\\/jornalboasnoticias.com.br\\\/home\\\/wp-content\\\/uploads\\\/2024\\\/07\\\/cropped-logo.jpg\",\"width\":290,\"height\":142,\"caption\":\"Coq Editora Ltda\"},\"image\":{\"@id\":\"https:\\\/\\\/jornalboasnoticias.com.br\\\/home\\\/#\\\/schema\\\/logo\\\/image\\\/\"},\"sameAs\":[\"https:\\\/\\\/www.facebook.com\\\/boasnoticiasjornal\"]},{\"@type\":\"Person\",\"@id\":\"https:\\\/\\\/jornalboasnoticias.com.br\\\/home\\\/#\\\/schema\\\/person\\\/75f9ebde398c998c166475fb446bda62\",\"name\":\"Luiz Carlos da Cruz\",\"image\":{\"@type\":\"ImageObject\",\"inLanguage\":\"pt-BR\",\"@id\":\"https:\\\/\\\/secure.gravatar.com\\\/avatar\\\/e6f4f45301b6cb8572f7b076572e8ac11c1db80e805d8c8d0858cf286ce3ac3b?s=96&d=mm&r=g\",\"url\":\"https:\\\/\\\/secure.gravatar.com\\\/avatar\\\/e6f4f45301b6cb8572f7b076572e8ac11c1db80e805d8c8d0858cf286ce3ac3b?s=96&d=mm&r=g\",\"contentUrl\":\"https:\\\/\\\/secure.gravatar.com\\\/avatar\\\/e6f4f45301b6cb8572f7b076572e8ac11c1db80e805d8c8d0858cf286ce3ac3b?s=96&d=mm&r=g\",\"caption\":\"Luiz Carlos da Cruz\"},\"url\":\"https:\\\/\\\/jornalboasnoticias.com.br\\\/home\\\/author\\\/luiz-carlos-da-cruz\\\/\"}]}<\/script>\n<!-- \/ Yoast SEO plugin. -->","yoast_head_json":{"title":"Ministro Andr\u00e9 Mendon\u00e7a admite encontro com Vorcaro \"uma \u00fanica vez\" - Jornal","description":"Ministro Andr\u00e9 Mendon\u00e7a admite encontro com Vorcaro \"uma \u00fanica vez\"","robots":{"index":"index","follow":"follow","max-snippet":"max-snippet:-1","max-image-preview":"max-image-preview:large","max-video-preview":"max-video-preview:-1"},"canonical":"https:\/\/jornalboasnoticias.com.br\/home\/ministro-andre-mendonca-admite-encontro-com-vorcaro-uma-unica-vez\/","og_locale":"pt_BR","og_type":"article","og_title":"Ministro Andr\u00e9 Mendon\u00e7a admite encontro com Vorcaro \"uma \u00fanica vez\" - Jornal","og_description":"Ministro Andr\u00e9 Mendon\u00e7a admite encontro com Vorcaro \"uma \u00fanica vez\"","og_url":"https:\/\/jornalboasnoticias.com.br\/home\/ministro-andre-mendonca-admite-encontro-com-vorcaro-uma-unica-vez\/","og_site_name":"Jornal","article_publisher":"https:\/\/www.facebook.com\/boasnoticiasjornal","article_published_time":"2026-09-02T14:16:47+00:00","og_image":[{"width":1000,"height":598,"url":"https:\/\/jornalboasnoticias.com.br\/home\/wp-content\/uploads\/2026\/09\/52441529977_f3565b5d7d_o-1-e1788358571288.webp","type":"image\/webp"}],"author":"Luiz Carlos da Cruz","twitter_card":"summary_large_image","twitter_misc":{"Escrito por":"Luiz Carlos da Cruz","Est. tempo de leitura":"3 minutos"},"schema":{"@context":"https:\/\/schema.org","@graph":[{"@type":"Article","@id":"https:\/\/jornalboasnoticias.com.br\/home\/ministro-andre-mendonca-admite-encontro-com-vorcaro-uma-unica-vez\/#article","isPartOf":{"@id":"https:\/\/jornalboasnoticias.com.br\/home\/ministro-andre-mendonca-admite-encontro-com-vorcaro-uma-unica-vez\/"},"author":{"name":"Luiz Carlos da Cruz","@id":"https:\/\/jornalboasnoticias.com.br\/home\/#\/schema\/person\/75f9ebde398c998c166475fb446bda62"},"headline":"Ministro Andr\u00e9 Mendon\u00e7a admite encontro com Vorcaro &#8220;uma \u00fanica vez&#8221;","datePublished":"2026-09-02T14:16:47+00:00","mainEntityOfPage":{"@id":"https:\/\/jornalboasnoticias.com.br\/home\/ministro-andre-mendonca-admite-encontro-com-vorcaro-uma-unica-vez\/"},"wordCount":310,"commentCount":0,"publisher":{"@id":"https:\/\/jornalboasnoticias.com.br\/home\/#organization"},"image":{"@id":"https:\/\/jornalboasnoticias.com.br\/home\/ministro-andre-mendonca-admite-encontro-com-vorcaro-uma-unica-vez\/#primaryimage"},"thumbnailUrl":"https:\/\/jornalboasnoticias.com.br\/home\/wp-content\/uploads\/2026\/09\/52441529977_f3565b5d7d_o-1-e1788358571288.webp","articleSection":["JUSTI\u00c7A"],"inLanguage":"pt-BR","potentialAction":[{"@type":"CommentAction","name":"Comment","target":["https:\/\/jornalboasnoticias.com.br\/home\/ministro-andre-mendonca-admite-encontro-com-vorcaro-uma-unica-vez\/#respond"]}]},{"@type":"WebPage","@id":"https:\/\/jornalboasnoticias.com.br\/home\/ministro-andre-mendonca-admite-encontro-com-vorcaro-uma-unica-vez\/","url":"https:\/\/jornalboasnoticias.com.br\/home\/ministro-andre-mendonca-admite-encontro-com-vorcaro-uma-unica-vez\/","name":"Ministro Andr\u00e9 Mendon\u00e7a admite encontro com Vorcaro \"uma \u00fanica vez\" - Jornal","isPartOf":{"@id":"https:\/\/jornalboasnoticias.com.br\/home\/#website"},"primaryImageOfPage":{"@id":"https:\/\/jornalboasnoticias.com.br\/home\/ministro-andre-mendonca-admite-encontro-com-vorcaro-uma-unica-vez\/#primaryimage"},"image":{"@id":"https:\/\/jornalboasnoticias.com.br\/home\/ministro-andre-mendonca-admite-encontro-com-vorcaro-uma-unica-vez\/#primaryimage"},"thumbnailUrl":"https:\/\/jornalboasnoticias.com.br\/home\/wp-content\/uploads\/2026\/09\/52441529977_f3565b5d7d_o-1-e1788358571288.webp","datePublished":"2026-09-02T14:16:47+00:00","description":"Ministro Andr\u00e9 Mendon\u00e7a admite encontro com Vorcaro \"uma \u00fanica vez\"","breadcrumb":{"@id":"https:\/\/jornalboasnoticias.com.br\/home\/ministro-andre-mendonca-admite-encontro-com-vorcaro-uma-unica-vez\/#breadcrumb"},"inLanguage":"pt-BR","potentialAction":[{"@type":"ReadAction","target":["https:\/\/jornalboasnoticias.com.br\/home\/ministro-andre-mendonca-admite-encontro-com-vorcaro-uma-unica-vez\/"]}]},{"@type":"ImageObject","inLanguage":"pt-BR","@id":"https:\/\/jornalboasnoticias.com.br\/home\/ministro-andre-mendonca-admite-encontro-com-vorcaro-uma-unica-vez\/#primaryimage","url":"https:\/\/jornalboasnoticias.com.br\/home\/wp-content\/uploads\/2026\/09\/52441529977_f3565b5d7d_o-1-e1788358571288.webp","contentUrl":"https:\/\/jornalboasnoticias.com.br\/home\/wp-content\/uploads\/2026\/09\/52441529977_f3565b5d7d_o-1-e1788358571288.webp","width":1000,"height":598,"caption":"\u00a9 Carlos Moura\/SCO\/STF"},{"@type":"BreadcrumbList","@id":"https:\/\/jornalboasnoticias.com.br\/home\/ministro-andre-mendonca-admite-encontro-com-vorcaro-uma-unica-vez\/#breadcrumb","itemListElement":[{"@type":"ListItem","position":1,"name":"In\u00edcio","item":"https:\/\/jornalboasnoticias.com.br\/home\/"},{"@type":"ListItem","position":2,"name":"Ministro Andr\u00e9 Mendon\u00e7a admite encontro com Vorcaro &#8220;uma \u00fanica vez&#8221;"}]},{"@type":"WebSite","@id":"https:\/\/jornalboasnoticias.com.br\/home\/#website","url":"https:\/\/jornalboasnoticias.com.br\/home\/","name":"Jornal Boas Not\u00edcias","description":"Boas not\u00edcias","publisher":{"@id":"https:\/\/jornalboasnoticias.com.br\/home\/#organization"},"potentialAction":[{"@type":"SearchAction","target":{"@type":"EntryPoint","urlTemplate":"https:\/\/jornalboasnoticias.com.br\/home\/?s={search_term_string}"},"query-input":{"@type":"PropertyValueSpecification","valueRequired":true,"valueName":"search_term_string"}}],"inLanguage":"pt-BR"},{"@type":"Organization","@id":"https:\/\/jornalboasnoticias.com.br\/home\/#organization","name":"Coq Editora Ltda","alternateName":"Jornal Boas Noticias","url":"https:\/\/jornalboasnoticias.com.br\/home\/","logo":{"@type":"ImageObject","inLanguage":"pt-BR","@id":"https:\/\/jornalboasnoticias.com.br\/home\/#\/schema\/logo\/image\/","url":"https:\/\/jornalboasnoticias.com.br\/home\/wp-content\/uploads\/2024\/07\/cropped-logo.jpg","contentUrl":"https:\/\/jornalboasnoticias.com.br\/home\/wp-content\/uploads\/2024\/07\/cropped-logo.jpg","width":290,"height":142,"caption":"Coq Editora Ltda"},"image":{"@id":"https:\/\/jornalboasnoticias.com.br\/home\/#\/schema\/logo\/image\/"},"sameAs":["https:\/\/www.facebook.com\/boasnoticiasjornal"]},{"@type":"Person","@id":"https:\/\/jornalboasnoticias.com.br\/home\/#\/schema\/person\/75f9ebde398c998c166475fb446bda62","name":"Luiz Carlos da Cruz","image":{"@type":"ImageObject","inLanguage":"pt-BR","@id":"https:\/\/secure.gravatar.com\/avatar\/e6f4f45301b6cb8572f7b076572e8ac11c1db80e805d8c8d0858cf286ce3ac3b?s=96&d=mm&r=g","url":"https:\/\/secure.gravatar.com\/avatar\/e6f4f45301b6cb8572f7b076572e8ac11c1db80e805d8c8d0858cf286ce3ac3b?s=96&d=mm&r=g","contentUrl":"https:\/\/secure.gravatar.com\/avatar\/e6f4f45301b6cb8572f7b076572e8ac11c1db80e805d8c8d0858cf286ce3ac3b?s=96&d=mm&r=g","caption":"Luiz Carlos da Cruz"},"url":"https:\/\/jornalboasnoticias.com.br\/home\/author\/luiz-carlos-da-cruz\/"}]}},"_links":{"self":[{"href":"https:\/\/jornalboasnoticias.com.br\/home\/wp-json\/wp\/v2\/posts\/48782","targetHints":{"allow":["GET"]}}],"collection":[{"href":"https:\/\/jornalboasnoticias.com.br\/home\/wp-json\/wp\/v2\/posts"}],"about":[{"href":"https:\/\/jornalboasnoticias.com.br\/home\/wp-json\/wp\/v2\/types\/post"}],"author":[{"embeddable":true,"href":"https:\/\/jornalboasnoticias.com.br\/home\/wp-json\/wp\/v2\/users\/3"}],"replies":[{"embeddable":true,"href":"https:\/\/jornalboasnoticias.com.br\/home\/wp-json\/wp\/v2\/comments?post=48782"}],"version-history":[{"count":1,"href":"https:\/\/jornalboasnoticias.com.br\/home\/wp-json\/wp\/v2\/posts\/48782\/revisions"}],"predecessor-version":[{"id":48784,"href":"https:\/\/jornalboasnoticias.com.br\/home\/wp-json\/wp\/v2\/posts\/48782\/revisions\/48784"}],"wp:featuredmedia":[{"embeddable":true,"href":"https:\/\/jornalboasnoticias.com.br\/home\/wp-json\/wp\/v2\/media\/48783"}],"wp:attachment":[{"href":"https:\/\/jornalboasnoticias.com.br\/home\/wp-json\/wp\/v2\/media?parent=48782"}],"wp:term":[{"taxonomy":"category","embeddable":true,"href":"https:\/\/jornalboasnoticias.com.br\/home\/wp-json\/wp\/v2\/categories?post=48782"},{"taxonomy":"post_tag","embeddable":true,"href":"https:\/\/jornalboasnoticias.com.br\/home\/wp-json\/wp\/v2\/tags?post=48782"}],"curies":[{"name":"wp","href":"https:\/\/api.w.org\/{rel}","templated":true}]}}