{"id":48779,"date":"2026-09-02T14:03:00","date_gmt":"2026-09-02T14:03:00","guid":{"rendered":"https:\/\/jornalboasnoticias.com.br\/home\/?p=48779"},"modified":"2026-09-02T14:03:00","modified_gmt":"2026-09-02T14:03:00","slug":"banco-master-fachin-diz-que-medidas-serao-anunciadas-no-tempo-devido","status":"publish","type":"post","link":"https:\/\/jornalboasnoticias.com.br\/home\/banco-master-fachin-diz-que-medidas-serao-anunciadas-no-tempo-devido\/","title":{"rendered":"Banco Master: Fachin diz que medidas ser\u00e3o anunciadas no tempo devido"},"content":{"rendered":"<blockquote>\n<p style=\"text-align: center;\">Para presidente do STF, \u00e9 preciso preservar institui\u00e7\u00e3o<\/p>\n<\/blockquote>\n<figure id=\"attachment_87778\" aria-describedby=\"caption-attachment-87778\" style=\"width: 800px\" class=\"wp-caption aligncenter\"><img loading=\"lazy\" decoding=\"async\" class=\"size-large wp-image-87778\" src=\"https:\/\/portalcantagalo.com.br\/wp-content\/uploads\/2026\/09\/55157256334_6416585a1d_o-1024x613.webp\" alt=\"\" width=\"800\" height=\"479\" \/><figcaption id=\"caption-attachment-87778\" class=\"wp-caption-text\">\u00a9 G. Dettmar\/ CNJ<\/figcaption><\/figure>\n<p>O presidente do Supremo Tribunal Federal (STF), Edson Fachin, disse nesta quarta-feira (2) que vai anunciar \u201cmedidas cab\u00edveis e necess\u00e1rias\u201d diante da\u00a0revela\u00e7\u00e3o de mensagens\u00a0enviadas pelo ex-banqueiro Daniel Vorcaro ao ministro da Corte Alexandre de Moraes.<img decoding=\"async\" src=\"https:\/\/agenciabrasil.ebc.com.br\/ebc.png?id=1701324&amp;o=node\" \/><img decoding=\"async\" src=\"https:\/\/agenciabrasil.ebc.com.br\/ebc.gif?id=1701324&amp;o=node\" \/><\/p>\n<p>Ao discursar na\u00a0abertura das 17\u00aa Jornadas\u00a0\u00cdtalo-Espanholo-Brasileiras de Direito Constitucional, em Bras\u00edlia, Fachin destacou que vai adotar as a\u00e7\u00f5es \u201cno tempo devido e sem precipita\u00e7\u00e3o\u201d.<\/p>\n<blockquote><p>\u201cEm momentos de especial gravidade, \u00e9 dever de todos preservar a integridade do Supremo Tribunal Federal, a autoridade de suas decis\u00f5es, o respeito \u00e0s suas normas e, acima de tudo, a confian\u00e7a da sociedade na institui\u00e7\u00e3o.\u201d<\/p><\/blockquote>\n<p>Em sua fala, o presidente do STF avaliou que \u201cos ind\u00edcios reclamam o devido encaminhamento institucional\u201d, citando que \u201ccircunst\u00e2ncias relacionadas, de um lado, \u00e0 atua\u00e7\u00e3o processual e, de outro, a s\u00e9rios elementos de fatos que exigem desta Presid\u00eancia serenidade, responsabilidade e firmeza\u201d.<\/p>\n<blockquote><p>\u201cA elevada autoridade do cargo n\u00e3o confere privil\u00e9gios, mas imp\u00f5e deveres, limites e responsabilidades, que devem ser observados com absoluto respeito \u00e0 Constitui\u00e7\u00e3o, \u00e0s leis e ao Supremo Tribunal Federal.\u201d<\/p><\/blockquote>\n<p>\u201cNos pr\u00f3ximos dias, conclu\u00edda a an\u00e1lise necess\u00e1ria dos fatos e observados os procedimentos institucionais pertinentes, esta Presid\u00eancia anunciar\u00e1, no tempo devido e sem precipita\u00e7\u00e3o, as medidas cab\u00edveis e necess\u00e1ria\u201d, concluiu Fachin.<\/p>\n<h2>Entenda<\/h2>\n<p>Investiga\u00e7\u00f5es conduzidas pela Pol\u00edcia Federal (PF) encontraram mensagens trocadas entre Daniel Vorcaro e o ministro Alexandre de Moraes.<\/p>\n<p>As cita\u00e7\u00f5es ao nome de Moraes foram captadas a partir da quebra de sigilo do celular do ex-banqueiro, alvo da Opera\u00e7\u00e3o Compliance Zero, que investiga fraudes financeiras no Banco Master.<\/p>\n<p>O sigilo do relat\u00f3rio de investiga\u00e7\u00e3o foi retirado nessa ter\u00e7a-feira (1\u00b0).<\/p>\n<p>De acordo com a PF, Vorcaro teria conversado diretamente com um contato salvo em nome do ministro. Parte das supostas conversas foi apagada\u00a0porque o contato usava mensagens de atualiza\u00e7\u00e3o \u00fanica e as escrevia no bloco de notas, mecanismo que impede a recupera\u00e7\u00e3o completa dos dados.<\/p>\n<p>Em uma das mensagens recuperadas, Vorcaro diz ao contato atribu\u00eddo a Moraes que \u201cestava tentando antecipar os investigadores\u201d. A conversa teria ocorrido no dia 17 de novembro de 2025.<\/p>\n<h2>PGR<\/h2>\n<p>Na noite de ontem (1\u00ba), o procurador-geral da Rep\u00fablica, Paulo Gonet, defendeu a\u00a0nulidade da investiga\u00e7\u00e3o\u00a0da PF.<\/p>\n<p>Na manifesta\u00e7\u00e3o enviada \u00e0 Corte, Gonet disse que o relator do caso, ministro Andr\u00e9 Mendon\u00e7a, investigou Moraes ilegalmente ao determinar o aprofundamento da investiga\u00e7\u00e3o sobre o caso Master para esmiu\u00e7ar as conversas envolvendo Moraes e o ex-banqueiro.<\/p>\n<p>No entendimento do procurador, o aprofundamento da apura\u00e7\u00e3o s\u00f3 poderia ocorrer ap\u00f3s autoriza\u00e7\u00e3o do plen\u00e1rio da Corte.<\/p>\n<p>Pra Gonet, eventual investiga\u00e7\u00e3o contra Moraes deveria ser direcionada ao presidente da Corte, Edson Fachin, que levaria o caso ao plen\u00e1rio, e n\u00e3o diretamente para execu\u00e7\u00e3o da PF.<\/p>\n<p><em>Ag\u00eancia Brasil<\/em><\/p>\n","protected":false},"excerpt":{"rendered":"<p>Para presidente do STF, \u00e9 preciso preservar institui\u00e7\u00e3o O presidente do Supremo Tribunal Federal (STF),<\/p>\n","protected":false},"author":3,"featured_media":48780,"comment_status":"open","ping_status":"open","sticky":false,"template":"","format":"standard","meta":{"footnotes":""},"categories":[3,22],"tags":[],"class_list":["post-48779","post","type-post","status-publish","format-standard","has-post-thumbnail","hentry","category-destaques","category-justica"],"yoast_head":"<!-- This site is optimized with the Yoast SEO plugin v28.3 - https:\/\/yoast.com\/product\/yoast-seo-wordpress\/ -->\n<title>Banco Master: Fachin diz que medidas ser\u00e3o anunciadas no tempo devido - Jornal<\/title>\n<meta name=\"description\" content=\"Banco Master: Fachin diz que medidas ser\u00e3o anunciadas no tempo devido\" \/>\n<meta name=\"robots\" content=\"index, follow, max-snippet:-1, max-image-preview:large, max-video-preview:-1\" \/>\n<link rel=\"canonical\" href=\"https:\/\/jornalboasnoticias.com.br\/home\/banco-master-fachin-diz-que-medidas-serao-anunciadas-no-tempo-devido\/\" \/>\n<meta property=\"og:locale\" content=\"pt_BR\" \/>\n<meta property=\"og:type\" content=\"article\" \/>\n<meta property=\"og:title\" content=\"Banco Master: Fachin diz que medidas ser\u00e3o anunciadas no tempo devido - Jornal\" \/>\n<meta property=\"og:description\" content=\"Banco Master: Fachin diz que medidas ser\u00e3o anunciadas no tempo devido\" \/>\n<meta property=\"og:url\" content=\"https:\/\/jornalboasnoticias.com.br\/home\/banco-master-fachin-diz-que-medidas-serao-anunciadas-no-tempo-devido\/\" \/>\n<meta property=\"og:site_name\" content=\"Jornal\" \/>\n<meta property=\"article:publisher\" content=\"https:\/\/www.facebook.com\/boasnoticiasjornal\" \/>\n<meta property=\"article:published_time\" content=\"2026-09-02T14:03:00+00:00\" \/>\n<meta property=\"og:image\" content=\"https:\/\/jornalboasnoticias.com.br\/home\/wp-content\/uploads\/2026\/09\/55157256334_6416585a1d_o.webp\" \/>\n\t<meta property=\"og:image:width\" content=\"1170\" \/>\n\t<meta property=\"og:image:height\" content=\"700\" \/>\n\t<meta property=\"og:image:type\" content=\"image\/webp\" \/>\n<meta name=\"author\" content=\"Luiz Carlos da Cruz\" \/>\n<meta name=\"twitter:card\" content=\"summary_large_image\" \/>\n<meta name=\"twitter:label1\" content=\"Escrito por\" \/>\n\t<meta name=\"twitter:data1\" content=\"Luiz Carlos da Cruz\" \/>\n\t<meta name=\"twitter:label2\" content=\"Est. tempo de leitura\" \/>\n\t<meta name=\"twitter:data2\" content=\"3 minutos\" \/>\n<script type=\"application\/ld+json\" class=\"yoast-schema-graph\">{\"@context\":\"https:\\\/\\\/schema.org\",\"@graph\":[{\"@type\":\"Article\",\"@id\":\"https:\\\/\\\/jornalboasnoticias.com.br\\\/home\\\/banco-master-fachin-diz-que-medidas-serao-anunciadas-no-tempo-devido\\\/#article\",\"isPartOf\":{\"@id\":\"https:\\\/\\\/jornalboasnoticias.com.br\\\/home\\\/banco-master-fachin-diz-que-medidas-serao-anunciadas-no-tempo-devido\\\/\"},\"author\":{\"name\":\"Luiz Carlos da Cruz\",\"@id\":\"https:\\\/\\\/jornalboasnoticias.com.br\\\/home\\\/#\\\/schema\\\/person\\\/75f9ebde398c998c166475fb446bda62\"},\"headline\":\"Banco Master: Fachin diz que medidas ser\u00e3o anunciadas no tempo devido\",\"datePublished\":\"2026-09-02T14:03:00+00:00\",\"mainEntityOfPage\":{\"@id\":\"https:\\\/\\\/jornalboasnoticias.com.br\\\/home\\\/banco-master-fachin-diz-que-medidas-serao-anunciadas-no-tempo-devido\\\/\"},\"wordCount\":511,\"commentCount\":0,\"publisher\":{\"@id\":\"https:\\\/\\\/jornalboasnoticias.com.br\\\/home\\\/#organization\"},\"image\":{\"@id\":\"https:\\\/\\\/jornalboasnoticias.com.br\\\/home\\\/banco-master-fachin-diz-que-medidas-serao-anunciadas-no-tempo-devido\\\/#primaryimage\"},\"thumbnailUrl\":\"https:\\\/\\\/jornalboasnoticias.com.br\\\/home\\\/wp-content\\\/uploads\\\/2026\\\/09\\\/55157256334_6416585a1d_o.webp\",\"articleSection\":[\"DESTAQUE\",\"JUSTI\u00c7A\"],\"inLanguage\":\"pt-BR\",\"potentialAction\":[{\"@type\":\"CommentAction\",\"name\":\"Comment\",\"target\":[\"https:\\\/\\\/jornalboasnoticias.com.br\\\/home\\\/banco-master-fachin-diz-que-medidas-serao-anunciadas-no-tempo-devido\\\/#respond\"]}]},{\"@type\":\"WebPage\",\"@id\":\"https:\\\/\\\/jornalboasnoticias.com.br\\\/home\\\/banco-master-fachin-diz-que-medidas-serao-anunciadas-no-tempo-devido\\\/\",\"url\":\"https:\\\/\\\/jornalboasnoticias.com.br\\\/home\\\/banco-master-fachin-diz-que-medidas-serao-anunciadas-no-tempo-devido\\\/\",\"name\":\"Banco Master: Fachin diz que medidas ser\u00e3o anunciadas no tempo devido - Jornal\",\"isPartOf\":{\"@id\":\"https:\\\/\\\/jornalboasnoticias.com.br\\\/home\\\/#website\"},\"primaryImageOfPage\":{\"@id\":\"https:\\\/\\\/jornalboasnoticias.com.br\\\/home\\\/banco-master-fachin-diz-que-medidas-serao-anunciadas-no-tempo-devido\\\/#primaryimage\"},\"image\":{\"@id\":\"https:\\\/\\\/jornalboasnoticias.com.br\\\/home\\\/banco-master-fachin-diz-que-medidas-serao-anunciadas-no-tempo-devido\\\/#primaryimage\"},\"thumbnailUrl\":\"https:\\\/\\\/jornalboasnoticias.com.br\\\/home\\\/wp-content\\\/uploads\\\/2026\\\/09\\\/55157256334_6416585a1d_o.webp\",\"datePublished\":\"2026-09-02T14:03:00+00:00\",\"description\":\"Banco Master: Fachin diz que medidas ser\u00e3o anunciadas no tempo devido\",\"breadcrumb\":{\"@id\":\"https:\\\/\\\/jornalboasnoticias.com.br\\\/home\\\/banco-master-fachin-diz-que-medidas-serao-anunciadas-no-tempo-devido\\\/#breadcrumb\"},\"inLanguage\":\"pt-BR\",\"potentialAction\":[{\"@type\":\"ReadAction\",\"target\":[\"https:\\\/\\\/jornalboasnoticias.com.br\\\/home\\\/banco-master-fachin-diz-que-medidas-serao-anunciadas-no-tempo-devido\\\/\"]}]},{\"@type\":\"ImageObject\",\"inLanguage\":\"pt-BR\",\"@id\":\"https:\\\/\\\/jornalboasnoticias.com.br\\\/home\\\/banco-master-fachin-diz-que-medidas-serao-anunciadas-no-tempo-devido\\\/#primaryimage\",\"url\":\"https:\\\/\\\/jornalboasnoticias.com.br\\\/home\\\/wp-content\\\/uploads\\\/2026\\\/09\\\/55157256334_6416585a1d_o.webp\",\"contentUrl\":\"https:\\\/\\\/jornalboasnoticias.com.br\\\/home\\\/wp-content\\\/uploads\\\/2026\\\/09\\\/55157256334_6416585a1d_o.webp\",\"width\":1170,\"height\":700,\"caption\":\"\u00a9 G. Dettmar\\\/ CNJ\"},{\"@type\":\"BreadcrumbList\",\"@id\":\"https:\\\/\\\/jornalboasnoticias.com.br\\\/home\\\/banco-master-fachin-diz-que-medidas-serao-anunciadas-no-tempo-devido\\\/#breadcrumb\",\"itemListElement\":[{\"@type\":\"ListItem\",\"position\":1,\"name\":\"In\u00edcio\",\"item\":\"https:\\\/\\\/jornalboasnoticias.com.br\\\/home\\\/\"},{\"@type\":\"ListItem\",\"position\":2,\"name\":\"Banco Master: Fachin diz que medidas ser\u00e3o anunciadas no tempo devido\"}]},{\"@type\":\"WebSite\",\"@id\":\"https:\\\/\\\/jornalboasnoticias.com.br\\\/home\\\/#website\",\"url\":\"https:\\\/\\\/jornalboasnoticias.com.br\\\/home\\\/\",\"name\":\"Jornal Boas Not\u00edcias\",\"description\":\"Boas not\u00edcias\",\"publisher\":{\"@id\":\"https:\\\/\\\/jornalboasnoticias.com.br\\\/home\\\/#organization\"},\"potentialAction\":[{\"@type\":\"SearchAction\",\"target\":{\"@type\":\"EntryPoint\",\"urlTemplate\":\"https:\\\/\\\/jornalboasnoticias.com.br\\\/home\\\/?s={search_term_string}\"},\"query-input\":{\"@type\":\"PropertyValueSpecification\",\"valueRequired\":true,\"valueName\":\"search_term_string\"}}],\"inLanguage\":\"pt-BR\"},{\"@type\":\"Organization\",\"@id\":\"https:\\\/\\\/jornalboasnoticias.com.br\\\/home\\\/#organization\",\"name\":\"Coq Editora Ltda\",\"alternateName\":\"Jornal Boas Noticias\",\"url\":\"https:\\\/\\\/jornalboasnoticias.com.br\\\/home\\\/\",\"logo\":{\"@type\":\"ImageObject\",\"inLanguage\":\"pt-BR\",\"@id\":\"https:\\\/\\\/jornalboasnoticias.com.br\\\/home\\\/#\\\/schema\\\/logo\\\/image\\\/\",\"url\":\"https:\\\/\\\/jornalboasnoticias.com.br\\\/home\\\/wp-content\\\/uploads\\\/2024\\\/07\\\/cropped-logo.jpg\",\"contentUrl\":\"https:\\\/\\\/jornalboasnoticias.com.br\\\/home\\\/wp-content\\\/uploads\\\/2024\\\/07\\\/cropped-logo.jpg\",\"width\":290,\"height\":142,\"caption\":\"Coq Editora Ltda\"},\"image\":{\"@id\":\"https:\\\/\\\/jornalboasnoticias.com.br\\\/home\\\/#\\\/schema\\\/logo\\\/image\\\/\"},\"sameAs\":[\"https:\\\/\\\/www.facebook.com\\\/boasnoticiasjornal\"]},{\"@type\":\"Person\",\"@id\":\"https:\\\/\\\/jornalboasnoticias.com.br\\\/home\\\/#\\\/schema\\\/person\\\/75f9ebde398c998c166475fb446bda62\",\"name\":\"Luiz Carlos da Cruz\",\"image\":{\"@type\":\"ImageObject\",\"inLanguage\":\"pt-BR\",\"@id\":\"https:\\\/\\\/secure.gravatar.com\\\/avatar\\\/e6f4f45301b6cb8572f7b076572e8ac11c1db80e805d8c8d0858cf286ce3ac3b?s=96&d=mm&r=g\",\"url\":\"https:\\\/\\\/secure.gravatar.com\\\/avatar\\\/e6f4f45301b6cb8572f7b076572e8ac11c1db80e805d8c8d0858cf286ce3ac3b?s=96&d=mm&r=g\",\"contentUrl\":\"https:\\\/\\\/secure.gravatar.com\\\/avatar\\\/e6f4f45301b6cb8572f7b076572e8ac11c1db80e805d8c8d0858cf286ce3ac3b?s=96&d=mm&r=g\",\"caption\":\"Luiz Carlos da Cruz\"},\"url\":\"https:\\\/\\\/jornalboasnoticias.com.br\\\/home\\\/author\\\/luiz-carlos-da-cruz\\\/\"}]}<\/script>\n<!-- \/ Yoast SEO plugin. -->","yoast_head_json":{"title":"Banco Master: Fachin diz que medidas ser\u00e3o anunciadas no tempo devido - Jornal","description":"Banco Master: Fachin diz que medidas ser\u00e3o anunciadas no tempo devido","robots":{"index":"index","follow":"follow","max-snippet":"max-snippet:-1","max-image-preview":"max-image-preview:large","max-video-preview":"max-video-preview:-1"},"canonical":"https:\/\/jornalboasnoticias.com.br\/home\/banco-master-fachin-diz-que-medidas-serao-anunciadas-no-tempo-devido\/","og_locale":"pt_BR","og_type":"article","og_title":"Banco Master: Fachin diz que medidas ser\u00e3o anunciadas no tempo devido - Jornal","og_description":"Banco Master: Fachin diz que medidas ser\u00e3o anunciadas no tempo devido","og_url":"https:\/\/jornalboasnoticias.com.br\/home\/banco-master-fachin-diz-que-medidas-serao-anunciadas-no-tempo-devido\/","og_site_name":"Jornal","article_publisher":"https:\/\/www.facebook.com\/boasnoticiasjornal","article_published_time":"2026-09-02T14:03:00+00:00","og_image":[{"width":1170,"height":700,"url":"https:\/\/jornalboasnoticias.com.br\/home\/wp-content\/uploads\/2026\/09\/55157256334_6416585a1d_o.webp","type":"image\/webp"}],"author":"Luiz Carlos da Cruz","twitter_card":"summary_large_image","twitter_misc":{"Escrito por":"Luiz Carlos da Cruz","Est. tempo de leitura":"3 minutos"},"schema":{"@context":"https:\/\/schema.org","@graph":[{"@type":"Article","@id":"https:\/\/jornalboasnoticias.com.br\/home\/banco-master-fachin-diz-que-medidas-serao-anunciadas-no-tempo-devido\/#article","isPartOf":{"@id":"https:\/\/jornalboasnoticias.com.br\/home\/banco-master-fachin-diz-que-medidas-serao-anunciadas-no-tempo-devido\/"},"author":{"name":"Luiz Carlos da Cruz","@id":"https:\/\/jornalboasnoticias.com.br\/home\/#\/schema\/person\/75f9ebde398c998c166475fb446bda62"},"headline":"Banco Master: Fachin diz que medidas ser\u00e3o anunciadas no tempo devido","datePublished":"2026-09-02T14:03:00+00:00","mainEntityOfPage":{"@id":"https:\/\/jornalboasnoticias.com.br\/home\/banco-master-fachin-diz-que-medidas-serao-anunciadas-no-tempo-devido\/"},"wordCount":511,"commentCount":0,"publisher":{"@id":"https:\/\/jornalboasnoticias.com.br\/home\/#organization"},"image":{"@id":"https:\/\/jornalboasnoticias.com.br\/home\/banco-master-fachin-diz-que-medidas-serao-anunciadas-no-tempo-devido\/#primaryimage"},"thumbnailUrl":"https:\/\/jornalboasnoticias.com.br\/home\/wp-content\/uploads\/2026\/09\/55157256334_6416585a1d_o.webp","articleSection":["DESTAQUE","JUSTI\u00c7A"],"inLanguage":"pt-BR","potentialAction":[{"@type":"CommentAction","name":"Comment","target":["https:\/\/jornalboasnoticias.com.br\/home\/banco-master-fachin-diz-que-medidas-serao-anunciadas-no-tempo-devido\/#respond"]}]},{"@type":"WebPage","@id":"https:\/\/jornalboasnoticias.com.br\/home\/banco-master-fachin-diz-que-medidas-serao-anunciadas-no-tempo-devido\/","url":"https:\/\/jornalboasnoticias.com.br\/home\/banco-master-fachin-diz-que-medidas-serao-anunciadas-no-tempo-devido\/","name":"Banco Master: Fachin diz que medidas ser\u00e3o anunciadas no tempo devido - Jornal","isPartOf":{"@id":"https:\/\/jornalboasnoticias.com.br\/home\/#website"},"primaryImageOfPage":{"@id":"https:\/\/jornalboasnoticias.com.br\/home\/banco-master-fachin-diz-que-medidas-serao-anunciadas-no-tempo-devido\/#primaryimage"},"image":{"@id":"https:\/\/jornalboasnoticias.com.br\/home\/banco-master-fachin-diz-que-medidas-serao-anunciadas-no-tempo-devido\/#primaryimage"},"thumbnailUrl":"https:\/\/jornalboasnoticias.com.br\/home\/wp-content\/uploads\/2026\/09\/55157256334_6416585a1d_o.webp","datePublished":"2026-09-02T14:03:00+00:00","description":"Banco Master: Fachin diz que medidas ser\u00e3o anunciadas no tempo devido","breadcrumb":{"@id":"https:\/\/jornalboasnoticias.com.br\/home\/banco-master-fachin-diz-que-medidas-serao-anunciadas-no-tempo-devido\/#breadcrumb"},"inLanguage":"pt-BR","potentialAction":[{"@type":"ReadAction","target":["https:\/\/jornalboasnoticias.com.br\/home\/banco-master-fachin-diz-que-medidas-serao-anunciadas-no-tempo-devido\/"]}]},{"@type":"ImageObject","inLanguage":"pt-BR","@id":"https:\/\/jornalboasnoticias.com.br\/home\/banco-master-fachin-diz-que-medidas-serao-anunciadas-no-tempo-devido\/#primaryimage","url":"https:\/\/jornalboasnoticias.com.br\/home\/wp-content\/uploads\/2026\/09\/55157256334_6416585a1d_o.webp","contentUrl":"https:\/\/jornalboasnoticias.com.br\/home\/wp-content\/uploads\/2026\/09\/55157256334_6416585a1d_o.webp","width":1170,"height":700,"caption":"\u00a9 G. Dettmar\/ CNJ"},{"@type":"BreadcrumbList","@id":"https:\/\/jornalboasnoticias.com.br\/home\/banco-master-fachin-diz-que-medidas-serao-anunciadas-no-tempo-devido\/#breadcrumb","itemListElement":[{"@type":"ListItem","position":1,"name":"In\u00edcio","item":"https:\/\/jornalboasnoticias.com.br\/home\/"},{"@type":"ListItem","position":2,"name":"Banco Master: Fachin diz que medidas ser\u00e3o anunciadas no tempo devido"}]},{"@type":"WebSite","@id":"https:\/\/jornalboasnoticias.com.br\/home\/#website","url":"https:\/\/jornalboasnoticias.com.br\/home\/","name":"Jornal Boas Not\u00edcias","description":"Boas not\u00edcias","publisher":{"@id":"https:\/\/jornalboasnoticias.com.br\/home\/#organization"},"potentialAction":[{"@type":"SearchAction","target":{"@type":"EntryPoint","urlTemplate":"https:\/\/jornalboasnoticias.com.br\/home\/?s={search_term_string}"},"query-input":{"@type":"PropertyValueSpecification","valueRequired":true,"valueName":"search_term_string"}}],"inLanguage":"pt-BR"},{"@type":"Organization","@id":"https:\/\/jornalboasnoticias.com.br\/home\/#organization","name":"Coq Editora Ltda","alternateName":"Jornal Boas Noticias","url":"https:\/\/jornalboasnoticias.com.br\/home\/","logo":{"@type":"ImageObject","inLanguage":"pt-BR","@id":"https:\/\/jornalboasnoticias.com.br\/home\/#\/schema\/logo\/image\/","url":"https:\/\/jornalboasnoticias.com.br\/home\/wp-content\/uploads\/2024\/07\/cropped-logo.jpg","contentUrl":"https:\/\/jornalboasnoticias.com.br\/home\/wp-content\/uploads\/2024\/07\/cropped-logo.jpg","width":290,"height":142,"caption":"Coq Editora Ltda"},"image":{"@id":"https:\/\/jornalboasnoticias.com.br\/home\/#\/schema\/logo\/image\/"},"sameAs":["https:\/\/www.facebook.com\/boasnoticiasjornal"]},{"@type":"Person","@id":"https:\/\/jornalboasnoticias.com.br\/home\/#\/schema\/person\/75f9ebde398c998c166475fb446bda62","name":"Luiz Carlos da Cruz","image":{"@type":"ImageObject","inLanguage":"pt-BR","@id":"https:\/\/secure.gravatar.com\/avatar\/e6f4f45301b6cb8572f7b076572e8ac11c1db80e805d8c8d0858cf286ce3ac3b?s=96&d=mm&r=g","url":"https:\/\/secure.gravatar.com\/avatar\/e6f4f45301b6cb8572f7b076572e8ac11c1db80e805d8c8d0858cf286ce3ac3b?s=96&d=mm&r=g","contentUrl":"https:\/\/secure.gravatar.com\/avatar\/e6f4f45301b6cb8572f7b076572e8ac11c1db80e805d8c8d0858cf286ce3ac3b?s=96&d=mm&r=g","caption":"Luiz Carlos da Cruz"},"url":"https:\/\/jornalboasnoticias.com.br\/home\/author\/luiz-carlos-da-cruz\/"}]}},"_links":{"self":[{"href":"https:\/\/jornalboasnoticias.com.br\/home\/wp-json\/wp\/v2\/posts\/48779","targetHints":{"allow":["GET"]}}],"collection":[{"href":"https:\/\/jornalboasnoticias.com.br\/home\/wp-json\/wp\/v2\/posts"}],"about":[{"href":"https:\/\/jornalboasnoticias.com.br\/home\/wp-json\/wp\/v2\/types\/post"}],"author":[{"embeddable":true,"href":"https:\/\/jornalboasnoticias.com.br\/home\/wp-json\/wp\/v2\/users\/3"}],"replies":[{"embeddable":true,"href":"https:\/\/jornalboasnoticias.com.br\/home\/wp-json\/wp\/v2\/comments?post=48779"}],"version-history":[{"count":1,"href":"https:\/\/jornalboasnoticias.com.br\/home\/wp-json\/wp\/v2\/posts\/48779\/revisions"}],"predecessor-version":[{"id":48781,"href":"https:\/\/jornalboasnoticias.com.br\/home\/wp-json\/wp\/v2\/posts\/48779\/revisions\/48781"}],"wp:featuredmedia":[{"embeddable":true,"href":"https:\/\/jornalboasnoticias.com.br\/home\/wp-json\/wp\/v2\/media\/48780"}],"wp:attachment":[{"href":"https:\/\/jornalboasnoticias.com.br\/home\/wp-json\/wp\/v2\/media?parent=48779"}],"wp:term":[{"taxonomy":"category","embeddable":true,"href":"https:\/\/jornalboasnoticias.com.br\/home\/wp-json\/wp\/v2\/categories?post=48779"},{"taxonomy":"post_tag","embeddable":true,"href":"https:\/\/jornalboasnoticias.com.br\/home\/wp-json\/wp\/v2\/tags?post=48779"}],"curies":[{"name":"wp","href":"https:\/\/api.w.org\/{rel}","templated":true}]}}