{"id":48776,"date":"2026-09-02T12:30:51","date_gmt":"2026-09-02T12:30:51","guid":{"rendered":"https:\/\/jornalboasnoticias.com.br\/home\/?p=48776"},"modified":"2026-09-02T12:30:51","modified_gmt":"2026-09-02T12:30:51","slug":"sao-paulo-recebe-unica-replica-voadora-em-tamanho-real-do-14-bis","status":"publish","type":"post","link":"https:\/\/jornalboasnoticias.com.br\/home\/sao-paulo-recebe-unica-replica-voadora-em-tamanho-real-do-14-bis\/","title":{"rendered":"S\u00e3o Paulo recebe \u00fanica r\u00e9plica voadora em tamanho real do 14-Bis"},"content":{"rendered":"<blockquote>\n<p style=\"text-align: center;\">Mostra gratuita no Shopping Interlagos re\u00fane r\u00e9plica em tamanho real da aeronave de Santos Dumont, al\u00e9m de imagens, v\u00eddeos e informa\u00e7\u00f5es sobre a trajet\u00f3ria do inventor brasileiro<\/p>\n<\/blockquote>\n<figure id=\"attachment_87774\" aria-describedby=\"caption-attachment-87774\" style=\"width: 800px\" class=\"wp-caption aligncenter\"><img loading=\"lazy\" decoding=\"async\" class=\"size-large wp-image-87774\" src=\"https:\/\/portalcantagalo.com.br\/wp-content\/uploads\/2026\/09\/Domingo-Aereo-AFA-201773-14-bis-1024x683.jpg\" alt=\"\" width=\"800\" height=\"534\" \/><figcaption id=\"caption-attachment-87774\" class=\"wp-caption-text\">Divulga\u00e7\u00e3o\/AEROLIN<\/figcaption><\/figure>\n<p class=\"isSelectedEnd\">Para marcar os 120 anos do hist\u00f3rico voo do 14-Bis, o Shopping Interlagos, na zona sul de S\u00e3o Paulo, recebe a exposi\u00e7\u00e3o gratuita \u201cSantos Dumont \u2013 120 Anos do Voo do 14-Bis\u201d. A mostra pode ser visitada entre os dias 28 de agosto e 28 de setembro de 2026, na Pra\u00e7a de Eventos do empreendimento.<\/p>\n<p class=\"isSelectedEnd\">Um dos principais destaques da exposi\u00e7\u00e3o \u00e9 a \u00fanica r\u00e9plica voadora em tamanho real do 14-Bis, constru\u00edda com 99% de fidelidade ao projeto original desenvolvido por Alberto Santos Dumont. A aeronave foi reproduzida a partir de um minucioso trabalho de pesquisa e engenharia reversa.<\/p>\n<p class=\"isSelectedEnd\">Na constru\u00e7\u00e3o, foram utilizados materiais semelhantes aos empregados no in\u00edcio do s\u00e9culo 20, como bambu cana-da-\u00edndia, seda japonesa, cordas de piano e madeira freij\u00f3, buscando preservar as caracter\u00edsticas da aeronave que entrou para a hist\u00f3ria da avia\u00e7\u00e3o.<\/p>\n<p class=\"isSelectedEnd\">O projeto teve a participa\u00e7\u00e3o de institui\u00e7\u00f5es como a Embraer, a For\u00e7a A\u00e9rea Brasileira e o Museu Aeroespacial. Al\u00e9m do 14-Bis, o p\u00fablico tamb\u00e9m poder\u00e1 conhecer uma r\u00e9plica do Demoiselle, outra aeronave projetada por Santos Dumont, e conferir pain\u00e9is informativos e v\u00eddeos que apresentam detalhes da vida do inventor e dos voos realizados com a r\u00e9plica.<\/p>\n<p class=\"isSelectedEnd\">A iniciativa \u00e9 conduzida por Alan Calassa, inventor, empres\u00e1rio e presidente do Instituto de Desenvolvimento Aeron\u00e1utico de Caldas Novas (IDAC). Ele dedicou d\u00e9cadas \u00e0 pesquisa e \u00e0 constru\u00e7\u00e3o de quatro r\u00e9plicas do 14-Bis, que atualmente est\u00e3o em institui\u00e7\u00f5es e museus na Fran\u00e7a, em Portugal e nos Estados Unidos.<\/p>\n<p class=\"isSelectedEnd\">Reconhecido pela fam\u00edlia de Santos Dumont, Calassa \u00e9 apontado como o \u00fanico piloto ativo do mundo a voar uma r\u00e9plica do 14-Bis.<\/p>\n<p class=\"isSelectedEnd\">Para Carla Giovanna Bordon Gomes, superintendente do Shopping Interlagos, a exposi\u00e7\u00e3o representa uma oportunidade de aproximar o p\u00fablico de um dos momentos mais importantes da hist\u00f3ria da avia\u00e7\u00e3o.<\/p>\n<p class=\"isSelectedEnd\">Segundo ela, a proposta \u00e9 oferecer \u00e0s fam\u00edlias uma experi\u00eancia cultural e educativa, permitindo conhecer de perto a aeronave que se tornou s\u00edmbolo da criatividade e da capacidade de inova\u00e7\u00e3o de Santos Dumont.<\/p>\n<p>A exposi\u00e7\u00e3o tem entrada gratuita e segue aberta ao p\u00fablico at\u00e9 28 de setembro.<\/p>\n<p>&nbsp;<\/p>\n","protected":false},"excerpt":{"rendered":"<p>Mostra gratuita no Shopping Interlagos re\u00fane r\u00e9plica em tamanho real da aeronave de Santos Dumont,<\/p>\n","protected":false},"author":3,"featured_media":48777,"comment_status":"open","ping_status":"open","sticky":false,"template":"","format":"standard","meta":{"footnotes":""},"categories":[6,3],"tags":[],"class_list":["post-48776","post","type-post","status-publish","format-standard","has-post-thumbnail","hentry","category-brasil","category-destaques"],"yoast_head":"<!-- This site is optimized with the Yoast SEO plugin v28.3 - https:\/\/yoast.com\/product\/yoast-seo-wordpress\/ -->\n<title>S\u00e3o Paulo recebe \u00fanica r\u00e9plica voadora em tamanho real do 14-Bis - Jornal<\/title>\n<meta name=\"description\" content=\"S\u00e3o Paulo recebe \u00fanica r\u00e9plica voadora em tamanho real do 14-Bis\" \/>\n<meta name=\"robots\" content=\"index, follow, max-snippet:-1, max-image-preview:large, max-video-preview:-1\" \/>\n<link rel=\"canonical\" href=\"https:\/\/jornalboasnoticias.com.br\/home\/sao-paulo-recebe-unica-replica-voadora-em-tamanho-real-do-14-bis\/\" \/>\n<meta property=\"og:locale\" content=\"pt_BR\" \/>\n<meta property=\"og:type\" content=\"article\" \/>\n<meta property=\"og:title\" content=\"S\u00e3o Paulo recebe \u00fanica r\u00e9plica voadora em tamanho real do 14-Bis - Jornal\" \/>\n<meta property=\"og:description\" content=\"S\u00e3o Paulo recebe \u00fanica r\u00e9plica voadora em tamanho real do 14-Bis\" \/>\n<meta property=\"og:url\" content=\"https:\/\/jornalboasnoticias.com.br\/home\/sao-paulo-recebe-unica-replica-voadora-em-tamanho-real-do-14-bis\/\" \/>\n<meta property=\"og:site_name\" content=\"Jornal\" \/>\n<meta property=\"article:publisher\" content=\"https:\/\/www.facebook.com\/boasnoticiasjornal\" \/>\n<meta property=\"article:published_time\" content=\"2026-09-02T12:30:51+00:00\" \/>\n<meta property=\"og:image\" content=\"https:\/\/jornalboasnoticias.com.br\/home\/wp-content\/uploads\/2026\/09\/Domingo-Aereo-AFA-201773-14-bis.jpg\" \/>\n\t<meta property=\"og:image:width\" content=\"1200\" \/>\n\t<meta property=\"og:image:height\" content=\"800\" \/>\n\t<meta property=\"og:image:type\" content=\"image\/jpeg\" \/>\n<meta name=\"author\" content=\"Luiz Carlos da Cruz\" \/>\n<meta name=\"twitter:card\" content=\"summary_large_image\" \/>\n<meta name=\"twitter:label1\" content=\"Escrito por\" \/>\n\t<meta name=\"twitter:data1\" content=\"Luiz Carlos da Cruz\" \/>\n\t<meta name=\"twitter:label2\" content=\"Est. tempo de leitura\" \/>\n\t<meta name=\"twitter:data2\" content=\"3 minutos\" \/>\n<script type=\"application\/ld+json\" class=\"yoast-schema-graph\">{\"@context\":\"https:\\\/\\\/schema.org\",\"@graph\":[{\"@type\":\"Article\",\"@id\":\"https:\\\/\\\/jornalboasnoticias.com.br\\\/home\\\/sao-paulo-recebe-unica-replica-voadora-em-tamanho-real-do-14-bis\\\/#article\",\"isPartOf\":{\"@id\":\"https:\\\/\\\/jornalboasnoticias.com.br\\\/home\\\/sao-paulo-recebe-unica-replica-voadora-em-tamanho-real-do-14-bis\\\/\"},\"author\":{\"name\":\"Luiz Carlos da Cruz\",\"@id\":\"https:\\\/\\\/jornalboasnoticias.com.br\\\/home\\\/#\\\/schema\\\/person\\\/75f9ebde398c998c166475fb446bda62\"},\"headline\":\"S\u00e3o Paulo recebe \u00fanica r\u00e9plica voadora em tamanho real do 14-Bis\",\"datePublished\":\"2026-09-02T12:30:51+00:00\",\"mainEntityOfPage\":{\"@id\":\"https:\\\/\\\/jornalboasnoticias.com.br\\\/home\\\/sao-paulo-recebe-unica-replica-voadora-em-tamanho-real-do-14-bis\\\/\"},\"wordCount\":424,\"commentCount\":0,\"publisher\":{\"@id\":\"https:\\\/\\\/jornalboasnoticias.com.br\\\/home\\\/#organization\"},\"image\":{\"@id\":\"https:\\\/\\\/jornalboasnoticias.com.br\\\/home\\\/sao-paulo-recebe-unica-replica-voadora-em-tamanho-real-do-14-bis\\\/#primaryimage\"},\"thumbnailUrl\":\"https:\\\/\\\/jornalboasnoticias.com.br\\\/home\\\/wp-content\\\/uploads\\\/2026\\\/09\\\/Domingo-Aereo-AFA-201773-14-bis.jpg\",\"articleSection\":[\"BRASIL\",\"DESTAQUE\"],\"inLanguage\":\"pt-BR\",\"potentialAction\":[{\"@type\":\"CommentAction\",\"name\":\"Comment\",\"target\":[\"https:\\\/\\\/jornalboasnoticias.com.br\\\/home\\\/sao-paulo-recebe-unica-replica-voadora-em-tamanho-real-do-14-bis\\\/#respond\"]}]},{\"@type\":\"WebPage\",\"@id\":\"https:\\\/\\\/jornalboasnoticias.com.br\\\/home\\\/sao-paulo-recebe-unica-replica-voadora-em-tamanho-real-do-14-bis\\\/\",\"url\":\"https:\\\/\\\/jornalboasnoticias.com.br\\\/home\\\/sao-paulo-recebe-unica-replica-voadora-em-tamanho-real-do-14-bis\\\/\",\"name\":\"S\u00e3o Paulo recebe \u00fanica r\u00e9plica voadora em tamanho real do 14-Bis - Jornal\",\"isPartOf\":{\"@id\":\"https:\\\/\\\/jornalboasnoticias.com.br\\\/home\\\/#website\"},\"primaryImageOfPage\":{\"@id\":\"https:\\\/\\\/jornalboasnoticias.com.br\\\/home\\\/sao-paulo-recebe-unica-replica-voadora-em-tamanho-real-do-14-bis\\\/#primaryimage\"},\"image\":{\"@id\":\"https:\\\/\\\/jornalboasnoticias.com.br\\\/home\\\/sao-paulo-recebe-unica-replica-voadora-em-tamanho-real-do-14-bis\\\/#primaryimage\"},\"thumbnailUrl\":\"https:\\\/\\\/jornalboasnoticias.com.br\\\/home\\\/wp-content\\\/uploads\\\/2026\\\/09\\\/Domingo-Aereo-AFA-201773-14-bis.jpg\",\"datePublished\":\"2026-09-02T12:30:51+00:00\",\"description\":\"S\u00e3o Paulo recebe \u00fanica r\u00e9plica voadora em tamanho real do 14-Bis\",\"breadcrumb\":{\"@id\":\"https:\\\/\\\/jornalboasnoticias.com.br\\\/home\\\/sao-paulo-recebe-unica-replica-voadora-em-tamanho-real-do-14-bis\\\/#breadcrumb\"},\"inLanguage\":\"pt-BR\",\"potentialAction\":[{\"@type\":\"ReadAction\",\"target\":[\"https:\\\/\\\/jornalboasnoticias.com.br\\\/home\\\/sao-paulo-recebe-unica-replica-voadora-em-tamanho-real-do-14-bis\\\/\"]}]},{\"@type\":\"ImageObject\",\"inLanguage\":\"pt-BR\",\"@id\":\"https:\\\/\\\/jornalboasnoticias.com.br\\\/home\\\/sao-paulo-recebe-unica-replica-voadora-em-tamanho-real-do-14-bis\\\/#primaryimage\",\"url\":\"https:\\\/\\\/jornalboasnoticias.com.br\\\/home\\\/wp-content\\\/uploads\\\/2026\\\/09\\\/Domingo-Aereo-AFA-201773-14-bis.jpg\",\"contentUrl\":\"https:\\\/\\\/jornalboasnoticias.com.br\\\/home\\\/wp-content\\\/uploads\\\/2026\\\/09\\\/Domingo-Aereo-AFA-201773-14-bis.jpg\",\"width\":1200,\"height\":800},{\"@type\":\"BreadcrumbList\",\"@id\":\"https:\\\/\\\/jornalboasnoticias.com.br\\\/home\\\/sao-paulo-recebe-unica-replica-voadora-em-tamanho-real-do-14-bis\\\/#breadcrumb\",\"itemListElement\":[{\"@type\":\"ListItem\",\"position\":1,\"name\":\"In\u00edcio\",\"item\":\"https:\\\/\\\/jornalboasnoticias.com.br\\\/home\\\/\"},{\"@type\":\"ListItem\",\"position\":2,\"name\":\"S\u00e3o Paulo recebe \u00fanica r\u00e9plica voadora em tamanho real do 14-Bis\"}]},{\"@type\":\"WebSite\",\"@id\":\"https:\\\/\\\/jornalboasnoticias.com.br\\\/home\\\/#website\",\"url\":\"https:\\\/\\\/jornalboasnoticias.com.br\\\/home\\\/\",\"name\":\"Jornal Boas Not\u00edcias\",\"description\":\"Boas not\u00edcias\",\"publisher\":{\"@id\":\"https:\\\/\\\/jornalboasnoticias.com.br\\\/home\\\/#organization\"},\"potentialAction\":[{\"@type\":\"SearchAction\",\"target\":{\"@type\":\"EntryPoint\",\"urlTemplate\":\"https:\\\/\\\/jornalboasnoticias.com.br\\\/home\\\/?s={search_term_string}\"},\"query-input\":{\"@type\":\"PropertyValueSpecification\",\"valueRequired\":true,\"valueName\":\"search_term_string\"}}],\"inLanguage\":\"pt-BR\"},{\"@type\":\"Organization\",\"@id\":\"https:\\\/\\\/jornalboasnoticias.com.br\\\/home\\\/#organization\",\"name\":\"Coq Editora Ltda\",\"alternateName\":\"Jornal Boas Noticias\",\"url\":\"https:\\\/\\\/jornalboasnoticias.com.br\\\/home\\\/\",\"logo\":{\"@type\":\"ImageObject\",\"inLanguage\":\"pt-BR\",\"@id\":\"https:\\\/\\\/jornalboasnoticias.com.br\\\/home\\\/#\\\/schema\\\/logo\\\/image\\\/\",\"url\":\"https:\\\/\\\/jornalboasnoticias.com.br\\\/home\\\/wp-content\\\/uploads\\\/2024\\\/07\\\/cropped-logo.jpg\",\"contentUrl\":\"https:\\\/\\\/jornalboasnoticias.com.br\\\/home\\\/wp-content\\\/uploads\\\/2024\\\/07\\\/cropped-logo.jpg\",\"width\":290,\"height\":142,\"caption\":\"Coq Editora Ltda\"},\"image\":{\"@id\":\"https:\\\/\\\/jornalboasnoticias.com.br\\\/home\\\/#\\\/schema\\\/logo\\\/image\\\/\"},\"sameAs\":[\"https:\\\/\\\/www.facebook.com\\\/boasnoticiasjornal\"]},{\"@type\":\"Person\",\"@id\":\"https:\\\/\\\/jornalboasnoticias.com.br\\\/home\\\/#\\\/schema\\\/person\\\/75f9ebde398c998c166475fb446bda62\",\"name\":\"Luiz Carlos da Cruz\",\"image\":{\"@type\":\"ImageObject\",\"inLanguage\":\"pt-BR\",\"@id\":\"https:\\\/\\\/secure.gravatar.com\\\/avatar\\\/e6f4f45301b6cb8572f7b076572e8ac11c1db80e805d8c8d0858cf286ce3ac3b?s=96&d=mm&r=g\",\"url\":\"https:\\\/\\\/secure.gravatar.com\\\/avatar\\\/e6f4f45301b6cb8572f7b076572e8ac11c1db80e805d8c8d0858cf286ce3ac3b?s=96&d=mm&r=g\",\"contentUrl\":\"https:\\\/\\\/secure.gravatar.com\\\/avatar\\\/e6f4f45301b6cb8572f7b076572e8ac11c1db80e805d8c8d0858cf286ce3ac3b?s=96&d=mm&r=g\",\"caption\":\"Luiz Carlos da Cruz\"},\"url\":\"https:\\\/\\\/jornalboasnoticias.com.br\\\/home\\\/author\\\/luiz-carlos-da-cruz\\\/\"}]}<\/script>\n<!-- \/ Yoast SEO plugin. -->","yoast_head_json":{"title":"S\u00e3o Paulo recebe \u00fanica r\u00e9plica voadora em tamanho real do 14-Bis - Jornal","description":"S\u00e3o Paulo recebe \u00fanica r\u00e9plica voadora em tamanho real do 14-Bis","robots":{"index":"index","follow":"follow","max-snippet":"max-snippet:-1","max-image-preview":"max-image-preview:large","max-video-preview":"max-video-preview:-1"},"canonical":"https:\/\/jornalboasnoticias.com.br\/home\/sao-paulo-recebe-unica-replica-voadora-em-tamanho-real-do-14-bis\/","og_locale":"pt_BR","og_type":"article","og_title":"S\u00e3o Paulo recebe \u00fanica r\u00e9plica voadora em tamanho real do 14-Bis - Jornal","og_description":"S\u00e3o Paulo recebe \u00fanica r\u00e9plica voadora em tamanho real do 14-Bis","og_url":"https:\/\/jornalboasnoticias.com.br\/home\/sao-paulo-recebe-unica-replica-voadora-em-tamanho-real-do-14-bis\/","og_site_name":"Jornal","article_publisher":"https:\/\/www.facebook.com\/boasnoticiasjornal","article_published_time":"2026-09-02T12:30:51+00:00","og_image":[{"width":1200,"height":800,"url":"https:\/\/jornalboasnoticias.com.br\/home\/wp-content\/uploads\/2026\/09\/Domingo-Aereo-AFA-201773-14-bis.jpg","type":"image\/jpeg"}],"author":"Luiz Carlos da Cruz","twitter_card":"summary_large_image","twitter_misc":{"Escrito por":"Luiz Carlos da Cruz","Est. tempo de leitura":"3 minutos"},"schema":{"@context":"https:\/\/schema.org","@graph":[{"@type":"Article","@id":"https:\/\/jornalboasnoticias.com.br\/home\/sao-paulo-recebe-unica-replica-voadora-em-tamanho-real-do-14-bis\/#article","isPartOf":{"@id":"https:\/\/jornalboasnoticias.com.br\/home\/sao-paulo-recebe-unica-replica-voadora-em-tamanho-real-do-14-bis\/"},"author":{"name":"Luiz Carlos da Cruz","@id":"https:\/\/jornalboasnoticias.com.br\/home\/#\/schema\/person\/75f9ebde398c998c166475fb446bda62"},"headline":"S\u00e3o Paulo recebe \u00fanica r\u00e9plica voadora em tamanho real do 14-Bis","datePublished":"2026-09-02T12:30:51+00:00","mainEntityOfPage":{"@id":"https:\/\/jornalboasnoticias.com.br\/home\/sao-paulo-recebe-unica-replica-voadora-em-tamanho-real-do-14-bis\/"},"wordCount":424,"commentCount":0,"publisher":{"@id":"https:\/\/jornalboasnoticias.com.br\/home\/#organization"},"image":{"@id":"https:\/\/jornalboasnoticias.com.br\/home\/sao-paulo-recebe-unica-replica-voadora-em-tamanho-real-do-14-bis\/#primaryimage"},"thumbnailUrl":"https:\/\/jornalboasnoticias.com.br\/home\/wp-content\/uploads\/2026\/09\/Domingo-Aereo-AFA-201773-14-bis.jpg","articleSection":["BRASIL","DESTAQUE"],"inLanguage":"pt-BR","potentialAction":[{"@type":"CommentAction","name":"Comment","target":["https:\/\/jornalboasnoticias.com.br\/home\/sao-paulo-recebe-unica-replica-voadora-em-tamanho-real-do-14-bis\/#respond"]}]},{"@type":"WebPage","@id":"https:\/\/jornalboasnoticias.com.br\/home\/sao-paulo-recebe-unica-replica-voadora-em-tamanho-real-do-14-bis\/","url":"https:\/\/jornalboasnoticias.com.br\/home\/sao-paulo-recebe-unica-replica-voadora-em-tamanho-real-do-14-bis\/","name":"S\u00e3o Paulo recebe \u00fanica r\u00e9plica voadora em tamanho real do 14-Bis - Jornal","isPartOf":{"@id":"https:\/\/jornalboasnoticias.com.br\/home\/#website"},"primaryImageOfPage":{"@id":"https:\/\/jornalboasnoticias.com.br\/home\/sao-paulo-recebe-unica-replica-voadora-em-tamanho-real-do-14-bis\/#primaryimage"},"image":{"@id":"https:\/\/jornalboasnoticias.com.br\/home\/sao-paulo-recebe-unica-replica-voadora-em-tamanho-real-do-14-bis\/#primaryimage"},"thumbnailUrl":"https:\/\/jornalboasnoticias.com.br\/home\/wp-content\/uploads\/2026\/09\/Domingo-Aereo-AFA-201773-14-bis.jpg","datePublished":"2026-09-02T12:30:51+00:00","description":"S\u00e3o Paulo recebe \u00fanica r\u00e9plica voadora em tamanho real do 14-Bis","breadcrumb":{"@id":"https:\/\/jornalboasnoticias.com.br\/home\/sao-paulo-recebe-unica-replica-voadora-em-tamanho-real-do-14-bis\/#breadcrumb"},"inLanguage":"pt-BR","potentialAction":[{"@type":"ReadAction","target":["https:\/\/jornalboasnoticias.com.br\/home\/sao-paulo-recebe-unica-replica-voadora-em-tamanho-real-do-14-bis\/"]}]},{"@type":"ImageObject","inLanguage":"pt-BR","@id":"https:\/\/jornalboasnoticias.com.br\/home\/sao-paulo-recebe-unica-replica-voadora-em-tamanho-real-do-14-bis\/#primaryimage","url":"https:\/\/jornalboasnoticias.com.br\/home\/wp-content\/uploads\/2026\/09\/Domingo-Aereo-AFA-201773-14-bis.jpg","contentUrl":"https:\/\/jornalboasnoticias.com.br\/home\/wp-content\/uploads\/2026\/09\/Domingo-Aereo-AFA-201773-14-bis.jpg","width":1200,"height":800},{"@type":"BreadcrumbList","@id":"https:\/\/jornalboasnoticias.com.br\/home\/sao-paulo-recebe-unica-replica-voadora-em-tamanho-real-do-14-bis\/#breadcrumb","itemListElement":[{"@type":"ListItem","position":1,"name":"In\u00edcio","item":"https:\/\/jornalboasnoticias.com.br\/home\/"},{"@type":"ListItem","position":2,"name":"S\u00e3o Paulo recebe \u00fanica r\u00e9plica voadora em tamanho real do 14-Bis"}]},{"@type":"WebSite","@id":"https:\/\/jornalboasnoticias.com.br\/home\/#website","url":"https:\/\/jornalboasnoticias.com.br\/home\/","name":"Jornal Boas Not\u00edcias","description":"Boas not\u00edcias","publisher":{"@id":"https:\/\/jornalboasnoticias.com.br\/home\/#organization"},"potentialAction":[{"@type":"SearchAction","target":{"@type":"EntryPoint","urlTemplate":"https:\/\/jornalboasnoticias.com.br\/home\/?s={search_term_string}"},"query-input":{"@type":"PropertyValueSpecification","valueRequired":true,"valueName":"search_term_string"}}],"inLanguage":"pt-BR"},{"@type":"Organization","@id":"https:\/\/jornalboasnoticias.com.br\/home\/#organization","name":"Coq Editora Ltda","alternateName":"Jornal Boas Noticias","url":"https:\/\/jornalboasnoticias.com.br\/home\/","logo":{"@type":"ImageObject","inLanguage":"pt-BR","@id":"https:\/\/jornalboasnoticias.com.br\/home\/#\/schema\/logo\/image\/","url":"https:\/\/jornalboasnoticias.com.br\/home\/wp-content\/uploads\/2024\/07\/cropped-logo.jpg","contentUrl":"https:\/\/jornalboasnoticias.com.br\/home\/wp-content\/uploads\/2024\/07\/cropped-logo.jpg","width":290,"height":142,"caption":"Coq Editora Ltda"},"image":{"@id":"https:\/\/jornalboasnoticias.com.br\/home\/#\/schema\/logo\/image\/"},"sameAs":["https:\/\/www.facebook.com\/boasnoticiasjornal"]},{"@type":"Person","@id":"https:\/\/jornalboasnoticias.com.br\/home\/#\/schema\/person\/75f9ebde398c998c166475fb446bda62","name":"Luiz Carlos da Cruz","image":{"@type":"ImageObject","inLanguage":"pt-BR","@id":"https:\/\/secure.gravatar.com\/avatar\/e6f4f45301b6cb8572f7b076572e8ac11c1db80e805d8c8d0858cf286ce3ac3b?s=96&d=mm&r=g","url":"https:\/\/secure.gravatar.com\/avatar\/e6f4f45301b6cb8572f7b076572e8ac11c1db80e805d8c8d0858cf286ce3ac3b?s=96&d=mm&r=g","contentUrl":"https:\/\/secure.gravatar.com\/avatar\/e6f4f45301b6cb8572f7b076572e8ac11c1db80e805d8c8d0858cf286ce3ac3b?s=96&d=mm&r=g","caption":"Luiz Carlos da Cruz"},"url":"https:\/\/jornalboasnoticias.com.br\/home\/author\/luiz-carlos-da-cruz\/"}]}},"_links":{"self":[{"href":"https:\/\/jornalboasnoticias.com.br\/home\/wp-json\/wp\/v2\/posts\/48776","targetHints":{"allow":["GET"]}}],"collection":[{"href":"https:\/\/jornalboasnoticias.com.br\/home\/wp-json\/wp\/v2\/posts"}],"about":[{"href":"https:\/\/jornalboasnoticias.com.br\/home\/wp-json\/wp\/v2\/types\/post"}],"author":[{"embeddable":true,"href":"https:\/\/jornalboasnoticias.com.br\/home\/wp-json\/wp\/v2\/users\/3"}],"replies":[{"embeddable":true,"href":"https:\/\/jornalboasnoticias.com.br\/home\/wp-json\/wp\/v2\/comments?post=48776"}],"version-history":[{"count":1,"href":"https:\/\/jornalboasnoticias.com.br\/home\/wp-json\/wp\/v2\/posts\/48776\/revisions"}],"predecessor-version":[{"id":48778,"href":"https:\/\/jornalboasnoticias.com.br\/home\/wp-json\/wp\/v2\/posts\/48776\/revisions\/48778"}],"wp:featuredmedia":[{"embeddable":true,"href":"https:\/\/jornalboasnoticias.com.br\/home\/wp-json\/wp\/v2\/media\/48777"}],"wp:attachment":[{"href":"https:\/\/jornalboasnoticias.com.br\/home\/wp-json\/wp\/v2\/media?parent=48776"}],"wp:term":[{"taxonomy":"category","embeddable":true,"href":"https:\/\/jornalboasnoticias.com.br\/home\/wp-json\/wp\/v2\/categories?post=48776"},{"taxonomy":"post_tag","embeddable":true,"href":"https:\/\/jornalboasnoticias.com.br\/home\/wp-json\/wp\/v2\/tags?post=48776"}],"curies":[{"name":"wp","href":"https:\/\/api.w.org\/{rel}","templated":true}]}}