{"id":48772,"date":"2026-09-01T20:24:37","date_gmt":"2026-09-01T20:24:37","guid":{"rendered":"https:\/\/jornalboasnoticias.com.br\/home\/?p=48772"},"modified":"2026-09-01T20:24:37","modified_gmt":"2026-09-01T20:24:37","slug":"frentes-frias-e-sistemas-de-baixa-pressao-setembro-tera-chuvas-acima-da-media-no-parana","status":"publish","type":"post","link":"https:\/\/jornalboasnoticias.com.br\/home\/frentes-frias-e-sistemas-de-baixa-pressao-setembro-tera-chuvas-acima-da-media-no-parana\/","title":{"rendered":"Frentes frias e sistemas de baixa press\u00e3o: setembro ter\u00e1 chuvas acima da m\u00e9dia no Paran\u00e1"},"content":{"rendered":"<blockquote>\n<p style=\"text-align: center;\">Setembro deve ter chuvas acima da m\u00e9dia no Paran\u00e1, com passagem de frentes frias, possibilidade de temporais e temperaturas de dentro a abaixo da m\u00e9dia.<\/p>\n<\/blockquote>\n<figure id=\"attachment_87740\" aria-describedby=\"caption-attachment-87740\" style=\"width: 800px\" class=\"wp-caption aligncenter\"><img loading=\"lazy\" decoding=\"async\" class=\"size-large wp-image-87740\" src=\"https:\/\/portalcantagalo.com.br\/wp-content\/uploads\/2026\/09\/chuva_14-1024x683.jpg\" alt=\"\" width=\"800\" height=\"534\" \/><figcaption id=\"caption-attachment-87740\" class=\"wp-caption-text\">Foto: AEN<\/figcaption><\/figure>\n<p>Arquivos, Imagens e an\u00e1lise de dados ficam indispon\u00edveis at\u00e9 seu uso ser redefinido \u00e0(s) 17:25. Continue conversando s\u00f3 por texto ou fa\u00e7a upgrade para ter mais acesso.<br \/>\nReativar Plus<\/p>\n<p>O m\u00eas da chegada da primavera ser\u00e1 marcado por chuvas acima da m\u00e9dia, de acordo com o Simepar (Sistema de Tecnologia e Monitoramento Ambiental do Paran\u00e1). A previs\u00e3o do tempo indica em setembro de 2026 a passagem de v\u00e1rias frentes frias pelo Estado e impacto de sistemas de baixa press\u00e3o, o que tamb\u00e9m manter\u00e1 as temperaturas dentro a abaixo da m\u00e9dia climatol\u00f3gica para o per\u00edodo.<\/p>\n<p>Climatologicamente agosto \u00e9 um m\u00eas seco e setembro marca o aumento das chuvas sobre o Paran\u00e1, associado ao maior ingresso de umidade proveniente da regi\u00e3o Norte do pa\u00eds. \u00c9 tamb\u00e9m um per\u00edodo de transi\u00e7\u00e3o entre o inverno e a primavera. A nova esta\u00e7\u00e3o ter\u00e1 in\u00edcio \u00e0s 21h05 do dia 22 de setembro. Durante essa transi\u00e7\u00e3o, h\u00e1 altern\u00e2ncia entre epis\u00f3dios de frio, com possibilidade de geadas pontuais nas regi\u00f5es mais frias, e per\u00edodos de calor, com forte eleva\u00e7\u00e3o das temperaturas.<\/p>\n<p>Com o avan\u00e7o da primavera, a combina\u00e7\u00e3o entre calor e maior disponibilidade de umidade favorece a ocorr\u00eancia de pancadas de chuva e tempestades, principalmente durante as tardes. Frentes frias e sistemas de baixa press\u00e3o permanecem como os principais respons\u00e1veis pelas instabilidades, podendo provocar tempestades e volumes de chuva pontualmente elevados.<\/p>\n<p>Para setembro de 2026, tamb\u00e9m devido \u00e0 influ\u00eancia do fen\u00f4meno El Ni\u00f1o, ativo desde junho no Oceano Pac\u00edfico Equatorial, a previs\u00e3o do tempo do Simepar aponta chuvas acima da m\u00e9dia em todas as regi\u00f5es do Paran\u00e1, especialmente na primeira quinzena do m\u00eas, que deve ser marcada pela passagem sucessiva de frentes frias e a atua\u00e7\u00e3o de sistemas de baixa press\u00e3o.<\/p>\n<p>A presen\u00e7a de calor e umidade ser\u00e1 determinante para a ocorr\u00eancia de epis\u00f3dios de chuva mais volumosa, al\u00e9m de favorecer a forma\u00e7\u00e3o de temporais. O per\u00edodo de maior intensidade do El Ni\u00f1o est\u00e1 previsto para a primavera.<\/p>\n<p>Justamente por conta da nebulosidade e maior frequ\u00eancia de chuva, a tend\u00eancia \u00e9 de que as temperaturas fechem o m\u00eas com valores dentro a abaixo da m\u00e9dia climatol\u00f3gica em grande parte do Estado. Ainda assim, o m\u00eas deve apresentar grande variabilidade nos term\u00f4metros, com epis\u00f3dios de frio e possibilidade de geadas pontuais, inclusive j\u00e1 na primeira quinzena, intercalados com per\u00edodos de eleva\u00e7\u00e3o das temperaturas e maior sensa\u00e7\u00e3o de abafamento.<\/p>\n<h2><strong>CLIMATOLOGIA <\/strong><\/h2>\n<p>Historicamente, em setembro, as cidades que registram menor volume de chuva ficam ao redor de Castro e Jacarezinho, entre 75 mm e 100 mm. Norte Pioneiro, Campos Gerais e Regi\u00e3o Metropolitana de Curitiba t\u00eam, historicamente, entre 100 mm e 125 mm. Oeste, Noroeste, regi\u00e3o Central do Paran\u00e1 e o Litoral t\u00eam volumes de chuva entre 125 mm e 150 mm. A regi\u00e3o de Faxinal, o Sudoeste e o Sul t\u00eam os volumes mais altos historicamente em setembro: entre 150 mm e 175 mm.<\/p>\n<p>As temperaturas m\u00ednimas, geralmente registradas durante o amanhecer, historicamente em setembro s\u00e3o mais baixas no Sul, Centro-Sul, e nas cidades que ficam na parte leste dos Campos Gerais e Regi\u00e3o Metropolitana de Curitiba, em m\u00e9dia entre 10\u00b0C e 12\u00b0. Nas outras \u00e1reas dos Campos Gerais e Regi\u00e3o Metropolitana de Curitiba, bem como no Sudoeste, Foz do Igua\u00e7u e Cascavel, as m\u00ednimas ficam, em m\u00e9dia, entre 12\u00b0C e 14\u00b0C.<\/p>\n<p>Nas outras cidades do Oeste, no Norte e no Litoral, as temperaturas m\u00ednimas ficam em m\u00e9dia no m\u00eas entre 14\u00b0C e 16\u00b0C. No Noroeste, as m\u00ednimas m\u00e9dias s\u00e3o mais altas no per\u00edodo: entre 16\u00b0C e 18\u00b0C.<\/p>\n<p>J\u00e1 as temperaturas m\u00e1ximas, geralmente favorecidas pela presen\u00e7a do sol no per\u00edodo da tarde, ficam historicamente mais altas tamb\u00e9m no extremo Noroeste e na regi\u00e3o de Jacarezinho, entre 28\u00b0C e 30\u00b0C. Em toda a faixa Norte e nas cidades que ficam ao norte da regi\u00e3o Oeste, entre 26\u00b0C e 28\u00b0C.<\/p>\n<p>Nos Campos Gerais, regi\u00e3o Central do Paran\u00e1 e nas outras cidades do Oeste, as m\u00e1ximas ficam historicamente, em setembro, entre 24\u00b0C e 26\u00b0C. No Litoral, Centro-Sul e Sudoeste, as m\u00e1ximas s\u00e3o um pouco mais baixas, entre 22\u00b0C e 24\u00b0C. As menores m\u00e1ximas m\u00e9dias do Paran\u00e1 no m\u00eas s\u00e3o registradas no Sul do Estado e na Regi\u00e3o Metropolitana de Curitiba: entre 20\u00b0C e 22\u00b0C.<\/p>\n<p>As temperaturas m\u00e9dias, ou seja, a m\u00e9dia entre todas as temperaturas ao longo do dia, ficam mais altas em toda a faixa norte do Paran\u00e1, entre 20\u00b0C e 22\u00b0C. No Oeste (com exce\u00e7\u00e3o de Cascavel), na regi\u00e3o de C\u00e2ndido de Abreu, na parte leste dos Campos Gerais e ao norte do Litoral paranaense, as m\u00e9dias em setembro historicamente ficam entre 18\u00b0C e 20\u00b0C.<\/p>\n<p>Nas regi\u00f5es pr\u00f3ximas a Tel\u00eamaco Borba, Ponta Grossa, na parte sul do Litoral paranaense e no Sudoeste, as temperaturas m\u00e9dias no per\u00edodo variam entre 16\u00b0C e 18\u00b0C. Na Regi\u00e3o Metropolitana de Curitiba, Sul e Centro-Sul, entre 14\u00b0C e 16\u00b0C. A exce\u00e7\u00e3o \u00e9 Curitiba e a regi\u00e3o entre Palmas e General Carneiro, que historicamente registra m\u00e9dias mais baixas: entre 12\u00b0C e 14\u00b0C, apenas.<\/p>\n<p><em>Informa\u00e7\u00f5es Simepar<\/em><\/p>\n","protected":false},"excerpt":{"rendered":"<p>Setembro deve ter chuvas acima da m\u00e9dia no Paran\u00e1, com passagem de frentes frias, possibilidade<\/p>\n","protected":false},"author":3,"featured_media":48773,"comment_status":"open","ping_status":"open","sticky":false,"template":"","format":"standard","meta":{"footnotes":""},"categories":[3,4],"tags":[],"class_list":["post-48772","post","type-post","status-publish","format-standard","has-post-thumbnail","hentry","category-destaques","category-parana"],"yoast_head":"<!-- This site is optimized with the Yoast SEO plugin v28.3 - https:\/\/yoast.com\/product\/yoast-seo-wordpress\/ -->\n<title>Frentes frias e sistemas de baixa press\u00e3o: setembro ter\u00e1 chuvas acima da m\u00e9dia no Paran\u00e1 - Jornal<\/title>\n<meta name=\"description\" content=\"Frentes frias e sistemas de baixa press\u00e3o: setembro ter\u00e1 chuvas acima da m\u00e9dia no Paran\u00e1\" \/>\n<meta name=\"robots\" content=\"index, follow, max-snippet:-1, max-image-preview:large, max-video-preview:-1\" \/>\n<link rel=\"canonical\" href=\"https:\/\/jornalboasnoticias.com.br\/home\/frentes-frias-e-sistemas-de-baixa-pressao-setembro-tera-chuvas-acima-da-media-no-parana\/\" \/>\n<meta property=\"og:locale\" content=\"pt_BR\" \/>\n<meta property=\"og:type\" content=\"article\" \/>\n<meta property=\"og:title\" content=\"Frentes frias e sistemas de baixa press\u00e3o: setembro ter\u00e1 chuvas acima da m\u00e9dia no Paran\u00e1 - Jornal\" \/>\n<meta property=\"og:description\" content=\"Frentes frias e sistemas de baixa press\u00e3o: setembro ter\u00e1 chuvas acima da m\u00e9dia no Paran\u00e1\" \/>\n<meta property=\"og:url\" content=\"https:\/\/jornalboasnoticias.com.br\/home\/frentes-frias-e-sistemas-de-baixa-pressao-setembro-tera-chuvas-acima-da-media-no-parana\/\" \/>\n<meta property=\"og:site_name\" content=\"Jornal\" \/>\n<meta property=\"article:publisher\" content=\"https:\/\/www.facebook.com\/boasnoticiasjornal\" \/>\n<meta property=\"article:published_time\" content=\"2026-09-01T20:24:37+00:00\" \/>\n<meta property=\"og:image\" content=\"https:\/\/jornalboasnoticias.com.br\/home\/wp-content\/uploads\/2026\/09\/chuva_14-scaled.jpg\" \/>\n\t<meta property=\"og:image:width\" content=\"2560\" \/>\n\t<meta property=\"og:image:height\" content=\"1707\" \/>\n\t<meta property=\"og:image:type\" content=\"image\/jpeg\" \/>\n<meta name=\"author\" content=\"Luiz Carlos da Cruz\" \/>\n<meta name=\"twitter:card\" content=\"summary_large_image\" \/>\n<meta name=\"twitter:label1\" content=\"Escrito por\" \/>\n\t<meta name=\"twitter:data1\" content=\"Luiz Carlos da Cruz\" \/>\n\t<meta name=\"twitter:label2\" content=\"Est. tempo de leitura\" \/>\n\t<meta name=\"twitter:data2\" content=\"5 minutos\" \/>\n<script type=\"application\/ld+json\" class=\"yoast-schema-graph\">{\"@context\":\"https:\\\/\\\/schema.org\",\"@graph\":[{\"@type\":\"Article\",\"@id\":\"https:\\\/\\\/jornalboasnoticias.com.br\\\/home\\\/frentes-frias-e-sistemas-de-baixa-pressao-setembro-tera-chuvas-acima-da-media-no-parana\\\/#article\",\"isPartOf\":{\"@id\":\"https:\\\/\\\/jornalboasnoticias.com.br\\\/home\\\/frentes-frias-e-sistemas-de-baixa-pressao-setembro-tera-chuvas-acima-da-media-no-parana\\\/\"},\"author\":{\"name\":\"Luiz Carlos da Cruz\",\"@id\":\"https:\\\/\\\/jornalboasnoticias.com.br\\\/home\\\/#\\\/schema\\\/person\\\/75f9ebde398c998c166475fb446bda62\"},\"headline\":\"Frentes frias e sistemas de baixa press\u00e3o: setembro ter\u00e1 chuvas acima da m\u00e9dia no Paran\u00e1\",\"datePublished\":\"2026-09-01T20:24:37+00:00\",\"mainEntityOfPage\":{\"@id\":\"https:\\\/\\\/jornalboasnoticias.com.br\\\/home\\\/frentes-frias-e-sistemas-de-baixa-pressao-setembro-tera-chuvas-acima-da-media-no-parana\\\/\"},\"wordCount\":964,\"commentCount\":0,\"publisher\":{\"@id\":\"https:\\\/\\\/jornalboasnoticias.com.br\\\/home\\\/#organization\"},\"image\":{\"@id\":\"https:\\\/\\\/jornalboasnoticias.com.br\\\/home\\\/frentes-frias-e-sistemas-de-baixa-pressao-setembro-tera-chuvas-acima-da-media-no-parana\\\/#primaryimage\"},\"thumbnailUrl\":\"https:\\\/\\\/jornalboasnoticias.com.br\\\/home\\\/wp-content\\\/uploads\\\/2026\\\/09\\\/chuva_14-scaled.jpg\",\"articleSection\":[\"DESTAQUE\",\"PARAN\u00c1\"],\"inLanguage\":\"pt-BR\",\"potentialAction\":[{\"@type\":\"CommentAction\",\"name\":\"Comment\",\"target\":[\"https:\\\/\\\/jornalboasnoticias.com.br\\\/home\\\/frentes-frias-e-sistemas-de-baixa-pressao-setembro-tera-chuvas-acima-da-media-no-parana\\\/#respond\"]}]},{\"@type\":\"WebPage\",\"@id\":\"https:\\\/\\\/jornalboasnoticias.com.br\\\/home\\\/frentes-frias-e-sistemas-de-baixa-pressao-setembro-tera-chuvas-acima-da-media-no-parana\\\/\",\"url\":\"https:\\\/\\\/jornalboasnoticias.com.br\\\/home\\\/frentes-frias-e-sistemas-de-baixa-pressao-setembro-tera-chuvas-acima-da-media-no-parana\\\/\",\"name\":\"Frentes frias e sistemas de baixa press\u00e3o: setembro ter\u00e1 chuvas acima da m\u00e9dia no Paran\u00e1 - Jornal\",\"isPartOf\":{\"@id\":\"https:\\\/\\\/jornalboasnoticias.com.br\\\/home\\\/#website\"},\"primaryImageOfPage\":{\"@id\":\"https:\\\/\\\/jornalboasnoticias.com.br\\\/home\\\/frentes-frias-e-sistemas-de-baixa-pressao-setembro-tera-chuvas-acima-da-media-no-parana\\\/#primaryimage\"},\"image\":{\"@id\":\"https:\\\/\\\/jornalboasnoticias.com.br\\\/home\\\/frentes-frias-e-sistemas-de-baixa-pressao-setembro-tera-chuvas-acima-da-media-no-parana\\\/#primaryimage\"},\"thumbnailUrl\":\"https:\\\/\\\/jornalboasnoticias.com.br\\\/home\\\/wp-content\\\/uploads\\\/2026\\\/09\\\/chuva_14-scaled.jpg\",\"datePublished\":\"2026-09-01T20:24:37+00:00\",\"description\":\"Frentes frias e sistemas de baixa press\u00e3o: setembro ter\u00e1 chuvas acima da m\u00e9dia no Paran\u00e1\",\"breadcrumb\":{\"@id\":\"https:\\\/\\\/jornalboasnoticias.com.br\\\/home\\\/frentes-frias-e-sistemas-de-baixa-pressao-setembro-tera-chuvas-acima-da-media-no-parana\\\/#breadcrumb\"},\"inLanguage\":\"pt-BR\",\"potentialAction\":[{\"@type\":\"ReadAction\",\"target\":[\"https:\\\/\\\/jornalboasnoticias.com.br\\\/home\\\/frentes-frias-e-sistemas-de-baixa-pressao-setembro-tera-chuvas-acima-da-media-no-parana\\\/\"]}]},{\"@type\":\"ImageObject\",\"inLanguage\":\"pt-BR\",\"@id\":\"https:\\\/\\\/jornalboasnoticias.com.br\\\/home\\\/frentes-frias-e-sistemas-de-baixa-pressao-setembro-tera-chuvas-acima-da-media-no-parana\\\/#primaryimage\",\"url\":\"https:\\\/\\\/jornalboasnoticias.com.br\\\/home\\\/wp-content\\\/uploads\\\/2026\\\/09\\\/chuva_14-scaled.jpg\",\"contentUrl\":\"https:\\\/\\\/jornalboasnoticias.com.br\\\/home\\\/wp-content\\\/uploads\\\/2026\\\/09\\\/chuva_14-scaled.jpg\",\"width\":2560,\"height\":1707,\"caption\":\"Foto: AEN\"},{\"@type\":\"BreadcrumbList\",\"@id\":\"https:\\\/\\\/jornalboasnoticias.com.br\\\/home\\\/frentes-frias-e-sistemas-de-baixa-pressao-setembro-tera-chuvas-acima-da-media-no-parana\\\/#breadcrumb\",\"itemListElement\":[{\"@type\":\"ListItem\",\"position\":1,\"name\":\"In\u00edcio\",\"item\":\"https:\\\/\\\/jornalboasnoticias.com.br\\\/home\\\/\"},{\"@type\":\"ListItem\",\"position\":2,\"name\":\"Frentes frias e sistemas de baixa press\u00e3o: setembro ter\u00e1 chuvas acima da m\u00e9dia no Paran\u00e1\"}]},{\"@type\":\"WebSite\",\"@id\":\"https:\\\/\\\/jornalboasnoticias.com.br\\\/home\\\/#website\",\"url\":\"https:\\\/\\\/jornalboasnoticias.com.br\\\/home\\\/\",\"name\":\"Jornal Boas Not\u00edcias\",\"description\":\"Boas not\u00edcias\",\"publisher\":{\"@id\":\"https:\\\/\\\/jornalboasnoticias.com.br\\\/home\\\/#organization\"},\"potentialAction\":[{\"@type\":\"SearchAction\",\"target\":{\"@type\":\"EntryPoint\",\"urlTemplate\":\"https:\\\/\\\/jornalboasnoticias.com.br\\\/home\\\/?s={search_term_string}\"},\"query-input\":{\"@type\":\"PropertyValueSpecification\",\"valueRequired\":true,\"valueName\":\"search_term_string\"}}],\"inLanguage\":\"pt-BR\"},{\"@type\":\"Organization\",\"@id\":\"https:\\\/\\\/jornalboasnoticias.com.br\\\/home\\\/#organization\",\"name\":\"Coq Editora Ltda\",\"alternateName\":\"Jornal Boas Noticias\",\"url\":\"https:\\\/\\\/jornalboasnoticias.com.br\\\/home\\\/\",\"logo\":{\"@type\":\"ImageObject\",\"inLanguage\":\"pt-BR\",\"@id\":\"https:\\\/\\\/jornalboasnoticias.com.br\\\/home\\\/#\\\/schema\\\/logo\\\/image\\\/\",\"url\":\"https:\\\/\\\/jornalboasnoticias.com.br\\\/home\\\/wp-content\\\/uploads\\\/2024\\\/07\\\/cropped-logo.jpg\",\"contentUrl\":\"https:\\\/\\\/jornalboasnoticias.com.br\\\/home\\\/wp-content\\\/uploads\\\/2024\\\/07\\\/cropped-logo.jpg\",\"width\":290,\"height\":142,\"caption\":\"Coq Editora Ltda\"},\"image\":{\"@id\":\"https:\\\/\\\/jornalboasnoticias.com.br\\\/home\\\/#\\\/schema\\\/logo\\\/image\\\/\"},\"sameAs\":[\"https:\\\/\\\/www.facebook.com\\\/boasnoticiasjornal\"]},{\"@type\":\"Person\",\"@id\":\"https:\\\/\\\/jornalboasnoticias.com.br\\\/home\\\/#\\\/schema\\\/person\\\/75f9ebde398c998c166475fb446bda62\",\"name\":\"Luiz Carlos da Cruz\",\"image\":{\"@type\":\"ImageObject\",\"inLanguage\":\"pt-BR\",\"@id\":\"https:\\\/\\\/secure.gravatar.com\\\/avatar\\\/e6f4f45301b6cb8572f7b076572e8ac11c1db80e805d8c8d0858cf286ce3ac3b?s=96&d=mm&r=g\",\"url\":\"https:\\\/\\\/secure.gravatar.com\\\/avatar\\\/e6f4f45301b6cb8572f7b076572e8ac11c1db80e805d8c8d0858cf286ce3ac3b?s=96&d=mm&r=g\",\"contentUrl\":\"https:\\\/\\\/secure.gravatar.com\\\/avatar\\\/e6f4f45301b6cb8572f7b076572e8ac11c1db80e805d8c8d0858cf286ce3ac3b?s=96&d=mm&r=g\",\"caption\":\"Luiz Carlos da Cruz\"},\"url\":\"https:\\\/\\\/jornalboasnoticias.com.br\\\/home\\\/author\\\/luiz-carlos-da-cruz\\\/\"}]}<\/script>\n<!-- \/ Yoast SEO plugin. -->","yoast_head_json":{"title":"Frentes frias e sistemas de baixa press\u00e3o: setembro ter\u00e1 chuvas acima da m\u00e9dia no Paran\u00e1 - Jornal","description":"Frentes frias e sistemas de baixa press\u00e3o: setembro ter\u00e1 chuvas acima da m\u00e9dia no Paran\u00e1","robots":{"index":"index","follow":"follow","max-snippet":"max-snippet:-1","max-image-preview":"max-image-preview:large","max-video-preview":"max-video-preview:-1"},"canonical":"https:\/\/jornalboasnoticias.com.br\/home\/frentes-frias-e-sistemas-de-baixa-pressao-setembro-tera-chuvas-acima-da-media-no-parana\/","og_locale":"pt_BR","og_type":"article","og_title":"Frentes frias e sistemas de baixa press\u00e3o: setembro ter\u00e1 chuvas acima da m\u00e9dia no Paran\u00e1 - Jornal","og_description":"Frentes frias e sistemas de baixa press\u00e3o: setembro ter\u00e1 chuvas acima da m\u00e9dia no Paran\u00e1","og_url":"https:\/\/jornalboasnoticias.com.br\/home\/frentes-frias-e-sistemas-de-baixa-pressao-setembro-tera-chuvas-acima-da-media-no-parana\/","og_site_name":"Jornal","article_publisher":"https:\/\/www.facebook.com\/boasnoticiasjornal","article_published_time":"2026-09-01T20:24:37+00:00","og_image":[{"width":2560,"height":1707,"url":"https:\/\/jornalboasnoticias.com.br\/home\/wp-content\/uploads\/2026\/09\/chuva_14-scaled.jpg","type":"image\/jpeg"}],"author":"Luiz Carlos da Cruz","twitter_card":"summary_large_image","twitter_misc":{"Escrito por":"Luiz Carlos da Cruz","Est. tempo de leitura":"5 minutos"},"schema":{"@context":"https:\/\/schema.org","@graph":[{"@type":"Article","@id":"https:\/\/jornalboasnoticias.com.br\/home\/frentes-frias-e-sistemas-de-baixa-pressao-setembro-tera-chuvas-acima-da-media-no-parana\/#article","isPartOf":{"@id":"https:\/\/jornalboasnoticias.com.br\/home\/frentes-frias-e-sistemas-de-baixa-pressao-setembro-tera-chuvas-acima-da-media-no-parana\/"},"author":{"name":"Luiz Carlos da Cruz","@id":"https:\/\/jornalboasnoticias.com.br\/home\/#\/schema\/person\/75f9ebde398c998c166475fb446bda62"},"headline":"Frentes frias e sistemas de baixa press\u00e3o: setembro ter\u00e1 chuvas acima da m\u00e9dia no Paran\u00e1","datePublished":"2026-09-01T20:24:37+00:00","mainEntityOfPage":{"@id":"https:\/\/jornalboasnoticias.com.br\/home\/frentes-frias-e-sistemas-de-baixa-pressao-setembro-tera-chuvas-acima-da-media-no-parana\/"},"wordCount":964,"commentCount":0,"publisher":{"@id":"https:\/\/jornalboasnoticias.com.br\/home\/#organization"},"image":{"@id":"https:\/\/jornalboasnoticias.com.br\/home\/frentes-frias-e-sistemas-de-baixa-pressao-setembro-tera-chuvas-acima-da-media-no-parana\/#primaryimage"},"thumbnailUrl":"https:\/\/jornalboasnoticias.com.br\/home\/wp-content\/uploads\/2026\/09\/chuva_14-scaled.jpg","articleSection":["DESTAQUE","PARAN\u00c1"],"inLanguage":"pt-BR","potentialAction":[{"@type":"CommentAction","name":"Comment","target":["https:\/\/jornalboasnoticias.com.br\/home\/frentes-frias-e-sistemas-de-baixa-pressao-setembro-tera-chuvas-acima-da-media-no-parana\/#respond"]}]},{"@type":"WebPage","@id":"https:\/\/jornalboasnoticias.com.br\/home\/frentes-frias-e-sistemas-de-baixa-pressao-setembro-tera-chuvas-acima-da-media-no-parana\/","url":"https:\/\/jornalboasnoticias.com.br\/home\/frentes-frias-e-sistemas-de-baixa-pressao-setembro-tera-chuvas-acima-da-media-no-parana\/","name":"Frentes frias e sistemas de baixa press\u00e3o: setembro ter\u00e1 chuvas acima da m\u00e9dia no Paran\u00e1 - Jornal","isPartOf":{"@id":"https:\/\/jornalboasnoticias.com.br\/home\/#website"},"primaryImageOfPage":{"@id":"https:\/\/jornalboasnoticias.com.br\/home\/frentes-frias-e-sistemas-de-baixa-pressao-setembro-tera-chuvas-acima-da-media-no-parana\/#primaryimage"},"image":{"@id":"https:\/\/jornalboasnoticias.com.br\/home\/frentes-frias-e-sistemas-de-baixa-pressao-setembro-tera-chuvas-acima-da-media-no-parana\/#primaryimage"},"thumbnailUrl":"https:\/\/jornalboasnoticias.com.br\/home\/wp-content\/uploads\/2026\/09\/chuva_14-scaled.jpg","datePublished":"2026-09-01T20:24:37+00:00","description":"Frentes frias e sistemas de baixa press\u00e3o: setembro ter\u00e1 chuvas acima da m\u00e9dia no Paran\u00e1","breadcrumb":{"@id":"https:\/\/jornalboasnoticias.com.br\/home\/frentes-frias-e-sistemas-de-baixa-pressao-setembro-tera-chuvas-acima-da-media-no-parana\/#breadcrumb"},"inLanguage":"pt-BR","potentialAction":[{"@type":"ReadAction","target":["https:\/\/jornalboasnoticias.com.br\/home\/frentes-frias-e-sistemas-de-baixa-pressao-setembro-tera-chuvas-acima-da-media-no-parana\/"]}]},{"@type":"ImageObject","inLanguage":"pt-BR","@id":"https:\/\/jornalboasnoticias.com.br\/home\/frentes-frias-e-sistemas-de-baixa-pressao-setembro-tera-chuvas-acima-da-media-no-parana\/#primaryimage","url":"https:\/\/jornalboasnoticias.com.br\/home\/wp-content\/uploads\/2026\/09\/chuva_14-scaled.jpg","contentUrl":"https:\/\/jornalboasnoticias.com.br\/home\/wp-content\/uploads\/2026\/09\/chuva_14-scaled.jpg","width":2560,"height":1707,"caption":"Foto: AEN"},{"@type":"BreadcrumbList","@id":"https:\/\/jornalboasnoticias.com.br\/home\/frentes-frias-e-sistemas-de-baixa-pressao-setembro-tera-chuvas-acima-da-media-no-parana\/#breadcrumb","itemListElement":[{"@type":"ListItem","position":1,"name":"In\u00edcio","item":"https:\/\/jornalboasnoticias.com.br\/home\/"},{"@type":"ListItem","position":2,"name":"Frentes frias e sistemas de baixa press\u00e3o: setembro ter\u00e1 chuvas acima da m\u00e9dia no Paran\u00e1"}]},{"@type":"WebSite","@id":"https:\/\/jornalboasnoticias.com.br\/home\/#website","url":"https:\/\/jornalboasnoticias.com.br\/home\/","name":"Jornal Boas Not\u00edcias","description":"Boas not\u00edcias","publisher":{"@id":"https:\/\/jornalboasnoticias.com.br\/home\/#organization"},"potentialAction":[{"@type":"SearchAction","target":{"@type":"EntryPoint","urlTemplate":"https:\/\/jornalboasnoticias.com.br\/home\/?s={search_term_string}"},"query-input":{"@type":"PropertyValueSpecification","valueRequired":true,"valueName":"search_term_string"}}],"inLanguage":"pt-BR"},{"@type":"Organization","@id":"https:\/\/jornalboasnoticias.com.br\/home\/#organization","name":"Coq Editora Ltda","alternateName":"Jornal Boas Noticias","url":"https:\/\/jornalboasnoticias.com.br\/home\/","logo":{"@type":"ImageObject","inLanguage":"pt-BR","@id":"https:\/\/jornalboasnoticias.com.br\/home\/#\/schema\/logo\/image\/","url":"https:\/\/jornalboasnoticias.com.br\/home\/wp-content\/uploads\/2024\/07\/cropped-logo.jpg","contentUrl":"https:\/\/jornalboasnoticias.com.br\/home\/wp-content\/uploads\/2024\/07\/cropped-logo.jpg","width":290,"height":142,"caption":"Coq Editora Ltda"},"image":{"@id":"https:\/\/jornalboasnoticias.com.br\/home\/#\/schema\/logo\/image\/"},"sameAs":["https:\/\/www.facebook.com\/boasnoticiasjornal"]},{"@type":"Person","@id":"https:\/\/jornalboasnoticias.com.br\/home\/#\/schema\/person\/75f9ebde398c998c166475fb446bda62","name":"Luiz Carlos da Cruz","image":{"@type":"ImageObject","inLanguage":"pt-BR","@id":"https:\/\/secure.gravatar.com\/avatar\/e6f4f45301b6cb8572f7b076572e8ac11c1db80e805d8c8d0858cf286ce3ac3b?s=96&d=mm&r=g","url":"https:\/\/secure.gravatar.com\/avatar\/e6f4f45301b6cb8572f7b076572e8ac11c1db80e805d8c8d0858cf286ce3ac3b?s=96&d=mm&r=g","contentUrl":"https:\/\/secure.gravatar.com\/avatar\/e6f4f45301b6cb8572f7b076572e8ac11c1db80e805d8c8d0858cf286ce3ac3b?s=96&d=mm&r=g","caption":"Luiz Carlos da Cruz"},"url":"https:\/\/jornalboasnoticias.com.br\/home\/author\/luiz-carlos-da-cruz\/"}]}},"_links":{"self":[{"href":"https:\/\/jornalboasnoticias.com.br\/home\/wp-json\/wp\/v2\/posts\/48772","targetHints":{"allow":["GET"]}}],"collection":[{"href":"https:\/\/jornalboasnoticias.com.br\/home\/wp-json\/wp\/v2\/posts"}],"about":[{"href":"https:\/\/jornalboasnoticias.com.br\/home\/wp-json\/wp\/v2\/types\/post"}],"author":[{"embeddable":true,"href":"https:\/\/jornalboasnoticias.com.br\/home\/wp-json\/wp\/v2\/users\/3"}],"replies":[{"embeddable":true,"href":"https:\/\/jornalboasnoticias.com.br\/home\/wp-json\/wp\/v2\/comments?post=48772"}],"version-history":[{"count":1,"href":"https:\/\/jornalboasnoticias.com.br\/home\/wp-json\/wp\/v2\/posts\/48772\/revisions"}],"predecessor-version":[{"id":48774,"href":"https:\/\/jornalboasnoticias.com.br\/home\/wp-json\/wp\/v2\/posts\/48772\/revisions\/48774"}],"wp:featuredmedia":[{"embeddable":true,"href":"https:\/\/jornalboasnoticias.com.br\/home\/wp-json\/wp\/v2\/media\/48773"}],"wp:attachment":[{"href":"https:\/\/jornalboasnoticias.com.br\/home\/wp-json\/wp\/v2\/media?parent=48772"}],"wp:term":[{"taxonomy":"category","embeddable":true,"href":"https:\/\/jornalboasnoticias.com.br\/home\/wp-json\/wp\/v2\/categories?post=48772"},{"taxonomy":"post_tag","embeddable":true,"href":"https:\/\/jornalboasnoticias.com.br\/home\/wp-json\/wp\/v2\/tags?post=48772"}],"curies":[{"name":"wp","href":"https:\/\/api.w.org\/{rel}","templated":true}]}}