{"id":48764,"date":"2026-09-01T15:27:00","date_gmt":"2026-09-01T15:27:00","guid":{"rendered":"https:\/\/jornalboasnoticias.com.br\/home\/?p=48764"},"modified":"2026-09-01T15:27:00","modified_gmt":"2026-09-01T15:27:00","slug":"campanha-nacional-de-multivacinacao-termina-nesta-terca-feira","status":"publish","type":"post","link":"https:\/\/jornalboasnoticias.com.br\/home\/campanha-nacional-de-multivacinacao-termina-nesta-terca-feira\/","title":{"rendered":"Campanha Nacional de Multivacina\u00e7\u00e3o termina nesta ter\u00e7a-feira"},"content":{"rendered":"<blockquote>\n<p style=\"text-align: center;\">Imuniza\u00e7\u00e3o gratuita previne doen\u00e7as graves como meningite<\/p>\n<\/blockquote>\n<p><img loading=\"lazy\" decoding=\"async\" class=\"alignnone size-full wp-image-48765\" src=\"https:\/\/jornalboasnoticias.com.br\/home\/wp-content\/uploads\/2026\/09\/vacina.jpg\" alt=\"\" width=\"1170\" height=\"700\" srcset=\"https:\/\/jornalboasnoticias.com.br\/home\/wp-content\/uploads\/2026\/09\/vacina.jpg 1170w, https:\/\/jornalboasnoticias.com.br\/home\/wp-content\/uploads\/2026\/09\/vacina-300x179.jpg 300w, https:\/\/jornalboasnoticias.com.br\/home\/wp-content\/uploads\/2026\/09\/vacina-1024x613.jpg 1024w, https:\/\/jornalboasnoticias.com.br\/home\/wp-content\/uploads\/2026\/09\/vacina-768x459.jpg 768w\" sizes=\"auto, (max-width: 1170px) 100vw, 1170px\" \/>Mais de 8 milh\u00f5es de doses de vacinas foram aplicadas em todo o pa\u00eds durante a Campanha Nacional de Multivacina\u00e7\u00e3o de 2026, iniciada em 3 de agosto e que se encerra nesta ter\u00e7a-feira (1\u00ba).<img decoding=\"async\" src=\"https:\/\/agenciabrasil.ebc.com.br\/ebc.png?id=1701232&amp;o=node\" \/><img decoding=\"async\" src=\"https:\/\/agenciabrasil.ebc.com.br\/ebc.gif?id=1701232&amp;o=node\" \/><\/p>\n<p>Realizada pelo Minist\u00e9rio da Sa\u00fade, em parceria com estados e munic\u00edpios, a campanha nacional combate doen\u00e7as preven\u00edveis por imuniza\u00e7\u00e3o.\u00a0O p\u00fablico alvo \u00e9 de crian\u00e7as e adolescentes menores de 15 anos.<\/p>\n<p>Somente no Dia D da Multivacina\u00e7\u00e3o, realizado em 22 de agosto,\u00a0mais de 1 milh\u00e3o de doses foram aplicadas.<\/p>\n<p>Os pais e respons\u00e1veis ainda podem aproveitar o \u00faltimo dia da mobiliza\u00e7\u00e3o e procurar a Unidade B\u00e1sica de Sa\u00fade (UBS) mais pr\u00f3xima para atualiza\u00e7\u00e3o do Calend\u00e1rio Vacinal das crian\u00e7as e adolescentes.<\/p>\n<h2>Doen\u00e7as que podem ser prevenidas<\/h2>\n<p>Entre as enfermidades\u00a0que podem ser evitadas pela vacina\u00e7\u00e3o ofertada pelo SUS est\u00e3o:<\/p>\n<ul>\n<li><strong>sarampo,<\/strong><\/li>\n<li><strong>dengue,<\/strong><\/li>\n<li><strong>formas graves de tuberculose,<\/strong><\/li>\n<li><strong>hepatites A e B,<\/strong><\/li>\n<li><strong>difteria,<\/strong><\/li>\n<li><strong>t\u00e9tano,<\/strong><\/li>\n<li><strong>coqueluche,<\/strong><\/li>\n<li><strong>poliomielite,<\/strong><\/li>\n<li><strong>infec\u00e7\u00f5es por rotav\u00edrus,<\/strong><\/li>\n<li><strong>pneumonias e meningites causadas por pneumococos e meningococos,<\/strong><\/li>\n<li><strong>influenza (gripe),<\/strong><\/li>\n<li><strong>covid-19,<\/strong><\/li>\n<li><strong>febre amarela,<\/strong><\/li>\n<li><strong>caxumba,<\/strong><\/li>\n<li><strong>rub\u00e9ola,<\/strong><\/li>\n<li><strong>varicela (catapora),<\/strong><\/li>\n<li><strong>infec\u00e7\u00f5es pelo papilomav\u00edrus humano (HPV)<\/strong>.<\/li>\n<\/ul>\n<p>Pela primeira vez, a vacina pneumoc\u00f3cica 20-valente (Pneumo 20)\u00a0foi ofertada em uma Campanha Nacional de Multivacina\u00e7\u00e3o, ap\u00f3s ter sido incorporada, neste ano, ao Calend\u00e1rio Nacional de Vacina\u00e7\u00e3o.<\/p>\n<p>O novo imunizante conjugado protege contra 20 sorotipos da bact\u00e9ria\u00a0<em>Streptococcus pneumoniae<\/em>\u00a0que causam doen\u00e7as como pneumonias e meningites,<\/p>\n<h2>Vacina\u00e7\u00e3o o ano inteiro<\/h2>\n<p>Mesmo com o fim da Campanha Nacional de Multivacina\u00e7\u00e3o de 2026, as vacinas previstas no\u00a0<a href=\"https:\/\/www.gov.br\/saude\/pt-br\/vacinacao\/calendario\" target=\"_blank\" rel=\"noopener\">Calend\u00e1rio Nacional de Vacina\u00e7\u00e3o<\/a>\u00a0permanecem dispon\u00edveis regularmente durante todo o ano no Sistema \u00danico de Sa\u00fade (SUS) e nos pontos de vacina\u00e7\u00e3o organizados pelos estados e munic\u00edpios.<\/p>\n<p>A vacina\u00e7\u00e3o \u00e9 feita de acordo com o hist\u00f3rico de cada crian\u00e7a ou adolescente: ap\u00f3s a avalia\u00e7\u00e3o da caderneta, os profissionais de sa\u00fade identificam quais vacinas s\u00e3o necess\u00e1rias para iniciar, completar ou atualizar o esquema recomendado.<\/p>\n<h2>Refor\u00e7o contra o sarampo<\/h2>\n<p>A vacina\u00e7\u00e3o contra o sarampo tamb\u00e9m foi intensificada nos munic\u00edpios de S\u00e3o Paulo, Guarulhos e S\u00e3o Bernardo do Campo, em S\u00e3o Paulo.<\/p>\n<p>O refor\u00e7o contra o sarampo foi adotado depois que a Secretaria de Estado da Sa\u00fade de S\u00e3o Paulo\u00a0confirmou a ocorr\u00eancia de casos da doen\u00e7a.<\/p>\n<p>Somente em 2026, at\u00e9 27 de agosto, j\u00e1 s\u00e3o 26\u00a0ocorr\u00eancias do tipo. Entre as pessoas infectadas, 19 delas n\u00e3o tinham se vacinado ou tinham esquema vacinal incompleto.<\/p>\n<p>Em 2025, foram registrados 38 casos de sarampo importados ou relacionados \u00e0 importa\u00e7\u00e3o no pa\u00eds.<\/p>\n<p><em>Ag\u00eancia Brasil<\/em><\/p>\n","protected":false},"excerpt":{"rendered":"<p>Imuniza\u00e7\u00e3o gratuita previne doen\u00e7as graves como meningite Mais de 8 milh\u00f5es de doses de vacinas<\/p>\n","protected":false},"author":3,"featured_media":48765,"comment_status":"open","ping_status":"open","sticky":false,"template":"","format":"standard","meta":{"footnotes":""},"categories":[3,7],"tags":[],"class_list":["post-48764","post","type-post","status-publish","format-standard","has-post-thumbnail","hentry","category-destaques","category-saude"],"yoast_head":"<!-- This site is optimized with the Yoast SEO plugin v28.3 - https:\/\/yoast.com\/product\/yoast-seo-wordpress\/ -->\n<title>Campanha Nacional de Multivacina\u00e7\u00e3o termina nesta ter\u00e7a-feira - Jornal<\/title>\n<meta name=\"description\" content=\"Campanha Nacional de Multivacina\u00e7\u00e3o termina nesta ter\u00e7a-feira\" \/>\n<meta name=\"robots\" content=\"index, follow, max-snippet:-1, max-image-preview:large, max-video-preview:-1\" \/>\n<link rel=\"canonical\" href=\"https:\/\/jornalboasnoticias.com.br\/home\/campanha-nacional-de-multivacinacao-termina-nesta-terca-feira\/\" \/>\n<meta property=\"og:locale\" content=\"pt_BR\" \/>\n<meta property=\"og:type\" content=\"article\" \/>\n<meta property=\"og:title\" content=\"Campanha Nacional de Multivacina\u00e7\u00e3o termina nesta ter\u00e7a-feira - Jornal\" \/>\n<meta property=\"og:description\" content=\"Campanha Nacional de Multivacina\u00e7\u00e3o termina nesta ter\u00e7a-feira\" \/>\n<meta property=\"og:url\" content=\"https:\/\/jornalboasnoticias.com.br\/home\/campanha-nacional-de-multivacinacao-termina-nesta-terca-feira\/\" \/>\n<meta property=\"og:site_name\" content=\"Jornal\" \/>\n<meta property=\"article:publisher\" content=\"https:\/\/www.facebook.com\/boasnoticiasjornal\" \/>\n<meta property=\"article:published_time\" content=\"2026-09-01T15:27:00+00:00\" \/>\n<meta property=\"og:image\" content=\"https:\/\/jornalboasnoticias.com.br\/home\/wp-content\/uploads\/2026\/09\/vacina.jpg\" \/>\n\t<meta property=\"og:image:width\" content=\"1170\" \/>\n\t<meta property=\"og:image:height\" content=\"700\" \/>\n\t<meta property=\"og:image:type\" content=\"image\/jpeg\" \/>\n<meta name=\"author\" content=\"Luiz Carlos da Cruz\" \/>\n<meta name=\"twitter:card\" content=\"summary_large_image\" \/>\n<meta name=\"twitter:label1\" content=\"Escrito por\" \/>\n\t<meta name=\"twitter:data1\" content=\"Luiz Carlos da Cruz\" \/>\n\t<meta name=\"twitter:label2\" content=\"Est. tempo de leitura\" \/>\n\t<meta name=\"twitter:data2\" content=\"3 minutos\" \/>\n<script type=\"application\/ld+json\" class=\"yoast-schema-graph\">{\"@context\":\"https:\\\/\\\/schema.org\",\"@graph\":[{\"@type\":\"Article\",\"@id\":\"https:\\\/\\\/jornalboasnoticias.com.br\\\/home\\\/campanha-nacional-de-multivacinacao-termina-nesta-terca-feira\\\/#article\",\"isPartOf\":{\"@id\":\"https:\\\/\\\/jornalboasnoticias.com.br\\\/home\\\/campanha-nacional-de-multivacinacao-termina-nesta-terca-feira\\\/\"},\"author\":{\"name\":\"Luiz Carlos da Cruz\",\"@id\":\"https:\\\/\\\/jornalboasnoticias.com.br\\\/home\\\/#\\\/schema\\\/person\\\/75f9ebde398c998c166475fb446bda62\"},\"headline\":\"Campanha Nacional de Multivacina\u00e7\u00e3o termina nesta ter\u00e7a-feira\",\"datePublished\":\"2026-09-01T15:27:00+00:00\",\"mainEntityOfPage\":{\"@id\":\"https:\\\/\\\/jornalboasnoticias.com.br\\\/home\\\/campanha-nacional-de-multivacinacao-termina-nesta-terca-feira\\\/\"},\"wordCount\":468,\"commentCount\":0,\"publisher\":{\"@id\":\"https:\\\/\\\/jornalboasnoticias.com.br\\\/home\\\/#organization\"},\"image\":{\"@id\":\"https:\\\/\\\/jornalboasnoticias.com.br\\\/home\\\/campanha-nacional-de-multivacinacao-termina-nesta-terca-feira\\\/#primaryimage\"},\"thumbnailUrl\":\"https:\\\/\\\/jornalboasnoticias.com.br\\\/home\\\/wp-content\\\/uploads\\\/2026\\\/09\\\/vacina.jpg\",\"articleSection\":[\"DESTAQUE\",\"SA\u00daDE\"],\"inLanguage\":\"pt-BR\",\"potentialAction\":[{\"@type\":\"CommentAction\",\"name\":\"Comment\",\"target\":[\"https:\\\/\\\/jornalboasnoticias.com.br\\\/home\\\/campanha-nacional-de-multivacinacao-termina-nesta-terca-feira\\\/#respond\"]}]},{\"@type\":\"WebPage\",\"@id\":\"https:\\\/\\\/jornalboasnoticias.com.br\\\/home\\\/campanha-nacional-de-multivacinacao-termina-nesta-terca-feira\\\/\",\"url\":\"https:\\\/\\\/jornalboasnoticias.com.br\\\/home\\\/campanha-nacional-de-multivacinacao-termina-nesta-terca-feira\\\/\",\"name\":\"Campanha Nacional de Multivacina\u00e7\u00e3o termina nesta ter\u00e7a-feira - Jornal\",\"isPartOf\":{\"@id\":\"https:\\\/\\\/jornalboasnoticias.com.br\\\/home\\\/#website\"},\"primaryImageOfPage\":{\"@id\":\"https:\\\/\\\/jornalboasnoticias.com.br\\\/home\\\/campanha-nacional-de-multivacinacao-termina-nesta-terca-feira\\\/#primaryimage\"},\"image\":{\"@id\":\"https:\\\/\\\/jornalboasnoticias.com.br\\\/home\\\/campanha-nacional-de-multivacinacao-termina-nesta-terca-feira\\\/#primaryimage\"},\"thumbnailUrl\":\"https:\\\/\\\/jornalboasnoticias.com.br\\\/home\\\/wp-content\\\/uploads\\\/2026\\\/09\\\/vacina.jpg\",\"datePublished\":\"2026-09-01T15:27:00+00:00\",\"description\":\"Campanha Nacional de Multivacina\u00e7\u00e3o termina nesta ter\u00e7a-feira\",\"breadcrumb\":{\"@id\":\"https:\\\/\\\/jornalboasnoticias.com.br\\\/home\\\/campanha-nacional-de-multivacinacao-termina-nesta-terca-feira\\\/#breadcrumb\"},\"inLanguage\":\"pt-BR\",\"potentialAction\":[{\"@type\":\"ReadAction\",\"target\":[\"https:\\\/\\\/jornalboasnoticias.com.br\\\/home\\\/campanha-nacional-de-multivacinacao-termina-nesta-terca-feira\\\/\"]}]},{\"@type\":\"ImageObject\",\"inLanguage\":\"pt-BR\",\"@id\":\"https:\\\/\\\/jornalboasnoticias.com.br\\\/home\\\/campanha-nacional-de-multivacinacao-termina-nesta-terca-feira\\\/#primaryimage\",\"url\":\"https:\\\/\\\/jornalboasnoticias.com.br\\\/home\\\/wp-content\\\/uploads\\\/2026\\\/09\\\/vacina.jpg\",\"contentUrl\":\"https:\\\/\\\/jornalboasnoticias.com.br\\\/home\\\/wp-content\\\/uploads\\\/2026\\\/09\\\/vacina.jpg\",\"width\":1170,\"height\":700},{\"@type\":\"BreadcrumbList\",\"@id\":\"https:\\\/\\\/jornalboasnoticias.com.br\\\/home\\\/campanha-nacional-de-multivacinacao-termina-nesta-terca-feira\\\/#breadcrumb\",\"itemListElement\":[{\"@type\":\"ListItem\",\"position\":1,\"name\":\"In\u00edcio\",\"item\":\"https:\\\/\\\/jornalboasnoticias.com.br\\\/home\\\/\"},{\"@type\":\"ListItem\",\"position\":2,\"name\":\"Campanha Nacional de Multivacina\u00e7\u00e3o termina nesta ter\u00e7a-feira\"}]},{\"@type\":\"WebSite\",\"@id\":\"https:\\\/\\\/jornalboasnoticias.com.br\\\/home\\\/#website\",\"url\":\"https:\\\/\\\/jornalboasnoticias.com.br\\\/home\\\/\",\"name\":\"Jornal Boas Not\u00edcias\",\"description\":\"Boas not\u00edcias\",\"publisher\":{\"@id\":\"https:\\\/\\\/jornalboasnoticias.com.br\\\/home\\\/#organization\"},\"potentialAction\":[{\"@type\":\"SearchAction\",\"target\":{\"@type\":\"EntryPoint\",\"urlTemplate\":\"https:\\\/\\\/jornalboasnoticias.com.br\\\/home\\\/?s={search_term_string}\"},\"query-input\":{\"@type\":\"PropertyValueSpecification\",\"valueRequired\":true,\"valueName\":\"search_term_string\"}}],\"inLanguage\":\"pt-BR\"},{\"@type\":\"Organization\",\"@id\":\"https:\\\/\\\/jornalboasnoticias.com.br\\\/home\\\/#organization\",\"name\":\"Coq Editora Ltda\",\"alternateName\":\"Jornal Boas Noticias\",\"url\":\"https:\\\/\\\/jornalboasnoticias.com.br\\\/home\\\/\",\"logo\":{\"@type\":\"ImageObject\",\"inLanguage\":\"pt-BR\",\"@id\":\"https:\\\/\\\/jornalboasnoticias.com.br\\\/home\\\/#\\\/schema\\\/logo\\\/image\\\/\",\"url\":\"https:\\\/\\\/jornalboasnoticias.com.br\\\/home\\\/wp-content\\\/uploads\\\/2024\\\/07\\\/cropped-logo.jpg\",\"contentUrl\":\"https:\\\/\\\/jornalboasnoticias.com.br\\\/home\\\/wp-content\\\/uploads\\\/2024\\\/07\\\/cropped-logo.jpg\",\"width\":290,\"height\":142,\"caption\":\"Coq Editora Ltda\"},\"image\":{\"@id\":\"https:\\\/\\\/jornalboasnoticias.com.br\\\/home\\\/#\\\/schema\\\/logo\\\/image\\\/\"},\"sameAs\":[\"https:\\\/\\\/www.facebook.com\\\/boasnoticiasjornal\"]},{\"@type\":\"Person\",\"@id\":\"https:\\\/\\\/jornalboasnoticias.com.br\\\/home\\\/#\\\/schema\\\/person\\\/75f9ebde398c998c166475fb446bda62\",\"name\":\"Luiz Carlos da Cruz\",\"image\":{\"@type\":\"ImageObject\",\"inLanguage\":\"pt-BR\",\"@id\":\"https:\\\/\\\/secure.gravatar.com\\\/avatar\\\/e6f4f45301b6cb8572f7b076572e8ac11c1db80e805d8c8d0858cf286ce3ac3b?s=96&d=mm&r=g\",\"url\":\"https:\\\/\\\/secure.gravatar.com\\\/avatar\\\/e6f4f45301b6cb8572f7b076572e8ac11c1db80e805d8c8d0858cf286ce3ac3b?s=96&d=mm&r=g\",\"contentUrl\":\"https:\\\/\\\/secure.gravatar.com\\\/avatar\\\/e6f4f45301b6cb8572f7b076572e8ac11c1db80e805d8c8d0858cf286ce3ac3b?s=96&d=mm&r=g\",\"caption\":\"Luiz Carlos da Cruz\"},\"url\":\"https:\\\/\\\/jornalboasnoticias.com.br\\\/home\\\/author\\\/luiz-carlos-da-cruz\\\/\"}]}<\/script>\n<!-- \/ Yoast SEO plugin. -->","yoast_head_json":{"title":"Campanha Nacional de Multivacina\u00e7\u00e3o termina nesta ter\u00e7a-feira - Jornal","description":"Campanha Nacional de Multivacina\u00e7\u00e3o termina nesta ter\u00e7a-feira","robots":{"index":"index","follow":"follow","max-snippet":"max-snippet:-1","max-image-preview":"max-image-preview:large","max-video-preview":"max-video-preview:-1"},"canonical":"https:\/\/jornalboasnoticias.com.br\/home\/campanha-nacional-de-multivacinacao-termina-nesta-terca-feira\/","og_locale":"pt_BR","og_type":"article","og_title":"Campanha Nacional de Multivacina\u00e7\u00e3o termina nesta ter\u00e7a-feira - Jornal","og_description":"Campanha Nacional de Multivacina\u00e7\u00e3o termina nesta ter\u00e7a-feira","og_url":"https:\/\/jornalboasnoticias.com.br\/home\/campanha-nacional-de-multivacinacao-termina-nesta-terca-feira\/","og_site_name":"Jornal","article_publisher":"https:\/\/www.facebook.com\/boasnoticiasjornal","article_published_time":"2026-09-01T15:27:00+00:00","og_image":[{"width":1170,"height":700,"url":"https:\/\/jornalboasnoticias.com.br\/home\/wp-content\/uploads\/2026\/09\/vacina.jpg","type":"image\/jpeg"}],"author":"Luiz Carlos da Cruz","twitter_card":"summary_large_image","twitter_misc":{"Escrito por":"Luiz Carlos da Cruz","Est. tempo de leitura":"3 minutos"},"schema":{"@context":"https:\/\/schema.org","@graph":[{"@type":"Article","@id":"https:\/\/jornalboasnoticias.com.br\/home\/campanha-nacional-de-multivacinacao-termina-nesta-terca-feira\/#article","isPartOf":{"@id":"https:\/\/jornalboasnoticias.com.br\/home\/campanha-nacional-de-multivacinacao-termina-nesta-terca-feira\/"},"author":{"name":"Luiz Carlos da Cruz","@id":"https:\/\/jornalboasnoticias.com.br\/home\/#\/schema\/person\/75f9ebde398c998c166475fb446bda62"},"headline":"Campanha Nacional de Multivacina\u00e7\u00e3o termina nesta ter\u00e7a-feira","datePublished":"2026-09-01T15:27:00+00:00","mainEntityOfPage":{"@id":"https:\/\/jornalboasnoticias.com.br\/home\/campanha-nacional-de-multivacinacao-termina-nesta-terca-feira\/"},"wordCount":468,"commentCount":0,"publisher":{"@id":"https:\/\/jornalboasnoticias.com.br\/home\/#organization"},"image":{"@id":"https:\/\/jornalboasnoticias.com.br\/home\/campanha-nacional-de-multivacinacao-termina-nesta-terca-feira\/#primaryimage"},"thumbnailUrl":"https:\/\/jornalboasnoticias.com.br\/home\/wp-content\/uploads\/2026\/09\/vacina.jpg","articleSection":["DESTAQUE","SA\u00daDE"],"inLanguage":"pt-BR","potentialAction":[{"@type":"CommentAction","name":"Comment","target":["https:\/\/jornalboasnoticias.com.br\/home\/campanha-nacional-de-multivacinacao-termina-nesta-terca-feira\/#respond"]}]},{"@type":"WebPage","@id":"https:\/\/jornalboasnoticias.com.br\/home\/campanha-nacional-de-multivacinacao-termina-nesta-terca-feira\/","url":"https:\/\/jornalboasnoticias.com.br\/home\/campanha-nacional-de-multivacinacao-termina-nesta-terca-feira\/","name":"Campanha Nacional de Multivacina\u00e7\u00e3o termina nesta ter\u00e7a-feira - Jornal","isPartOf":{"@id":"https:\/\/jornalboasnoticias.com.br\/home\/#website"},"primaryImageOfPage":{"@id":"https:\/\/jornalboasnoticias.com.br\/home\/campanha-nacional-de-multivacinacao-termina-nesta-terca-feira\/#primaryimage"},"image":{"@id":"https:\/\/jornalboasnoticias.com.br\/home\/campanha-nacional-de-multivacinacao-termina-nesta-terca-feira\/#primaryimage"},"thumbnailUrl":"https:\/\/jornalboasnoticias.com.br\/home\/wp-content\/uploads\/2026\/09\/vacina.jpg","datePublished":"2026-09-01T15:27:00+00:00","description":"Campanha Nacional de Multivacina\u00e7\u00e3o termina nesta ter\u00e7a-feira","breadcrumb":{"@id":"https:\/\/jornalboasnoticias.com.br\/home\/campanha-nacional-de-multivacinacao-termina-nesta-terca-feira\/#breadcrumb"},"inLanguage":"pt-BR","potentialAction":[{"@type":"ReadAction","target":["https:\/\/jornalboasnoticias.com.br\/home\/campanha-nacional-de-multivacinacao-termina-nesta-terca-feira\/"]}]},{"@type":"ImageObject","inLanguage":"pt-BR","@id":"https:\/\/jornalboasnoticias.com.br\/home\/campanha-nacional-de-multivacinacao-termina-nesta-terca-feira\/#primaryimage","url":"https:\/\/jornalboasnoticias.com.br\/home\/wp-content\/uploads\/2026\/09\/vacina.jpg","contentUrl":"https:\/\/jornalboasnoticias.com.br\/home\/wp-content\/uploads\/2026\/09\/vacina.jpg","width":1170,"height":700},{"@type":"BreadcrumbList","@id":"https:\/\/jornalboasnoticias.com.br\/home\/campanha-nacional-de-multivacinacao-termina-nesta-terca-feira\/#breadcrumb","itemListElement":[{"@type":"ListItem","position":1,"name":"In\u00edcio","item":"https:\/\/jornalboasnoticias.com.br\/home\/"},{"@type":"ListItem","position":2,"name":"Campanha Nacional de Multivacina\u00e7\u00e3o termina nesta ter\u00e7a-feira"}]},{"@type":"WebSite","@id":"https:\/\/jornalboasnoticias.com.br\/home\/#website","url":"https:\/\/jornalboasnoticias.com.br\/home\/","name":"Jornal Boas Not\u00edcias","description":"Boas not\u00edcias","publisher":{"@id":"https:\/\/jornalboasnoticias.com.br\/home\/#organization"},"potentialAction":[{"@type":"SearchAction","target":{"@type":"EntryPoint","urlTemplate":"https:\/\/jornalboasnoticias.com.br\/home\/?s={search_term_string}"},"query-input":{"@type":"PropertyValueSpecification","valueRequired":true,"valueName":"search_term_string"}}],"inLanguage":"pt-BR"},{"@type":"Organization","@id":"https:\/\/jornalboasnoticias.com.br\/home\/#organization","name":"Coq Editora Ltda","alternateName":"Jornal Boas Noticias","url":"https:\/\/jornalboasnoticias.com.br\/home\/","logo":{"@type":"ImageObject","inLanguage":"pt-BR","@id":"https:\/\/jornalboasnoticias.com.br\/home\/#\/schema\/logo\/image\/","url":"https:\/\/jornalboasnoticias.com.br\/home\/wp-content\/uploads\/2024\/07\/cropped-logo.jpg","contentUrl":"https:\/\/jornalboasnoticias.com.br\/home\/wp-content\/uploads\/2024\/07\/cropped-logo.jpg","width":290,"height":142,"caption":"Coq Editora Ltda"},"image":{"@id":"https:\/\/jornalboasnoticias.com.br\/home\/#\/schema\/logo\/image\/"},"sameAs":["https:\/\/www.facebook.com\/boasnoticiasjornal"]},{"@type":"Person","@id":"https:\/\/jornalboasnoticias.com.br\/home\/#\/schema\/person\/75f9ebde398c998c166475fb446bda62","name":"Luiz Carlos da Cruz","image":{"@type":"ImageObject","inLanguage":"pt-BR","@id":"https:\/\/secure.gravatar.com\/avatar\/e6f4f45301b6cb8572f7b076572e8ac11c1db80e805d8c8d0858cf286ce3ac3b?s=96&d=mm&r=g","url":"https:\/\/secure.gravatar.com\/avatar\/e6f4f45301b6cb8572f7b076572e8ac11c1db80e805d8c8d0858cf286ce3ac3b?s=96&d=mm&r=g","contentUrl":"https:\/\/secure.gravatar.com\/avatar\/e6f4f45301b6cb8572f7b076572e8ac11c1db80e805d8c8d0858cf286ce3ac3b?s=96&d=mm&r=g","caption":"Luiz Carlos da Cruz"},"url":"https:\/\/jornalboasnoticias.com.br\/home\/author\/luiz-carlos-da-cruz\/"}]}},"_links":{"self":[{"href":"https:\/\/jornalboasnoticias.com.br\/home\/wp-json\/wp\/v2\/posts\/48764","targetHints":{"allow":["GET"]}}],"collection":[{"href":"https:\/\/jornalboasnoticias.com.br\/home\/wp-json\/wp\/v2\/posts"}],"about":[{"href":"https:\/\/jornalboasnoticias.com.br\/home\/wp-json\/wp\/v2\/types\/post"}],"author":[{"embeddable":true,"href":"https:\/\/jornalboasnoticias.com.br\/home\/wp-json\/wp\/v2\/users\/3"}],"replies":[{"embeddable":true,"href":"https:\/\/jornalboasnoticias.com.br\/home\/wp-json\/wp\/v2\/comments?post=48764"}],"version-history":[{"count":1,"href":"https:\/\/jornalboasnoticias.com.br\/home\/wp-json\/wp\/v2\/posts\/48764\/revisions"}],"predecessor-version":[{"id":48766,"href":"https:\/\/jornalboasnoticias.com.br\/home\/wp-json\/wp\/v2\/posts\/48764\/revisions\/48766"}],"wp:featuredmedia":[{"embeddable":true,"href":"https:\/\/jornalboasnoticias.com.br\/home\/wp-json\/wp\/v2\/media\/48765"}],"wp:attachment":[{"href":"https:\/\/jornalboasnoticias.com.br\/home\/wp-json\/wp\/v2\/media?parent=48764"}],"wp:term":[{"taxonomy":"category","embeddable":true,"href":"https:\/\/jornalboasnoticias.com.br\/home\/wp-json\/wp\/v2\/categories?post=48764"},{"taxonomy":"post_tag","embeddable":true,"href":"https:\/\/jornalboasnoticias.com.br\/home\/wp-json\/wp\/v2\/tags?post=48764"}],"curies":[{"name":"wp","href":"https:\/\/api.w.org\/{rel}","templated":true}]}}