{"id":48760,"date":"2026-09-01T13:48:44","date_gmt":"2026-09-01T13:48:44","guid":{"rendered":"https:\/\/jornalboasnoticias.com.br\/home\/?p=48760"},"modified":"2026-09-01T13:48:44","modified_gmt":"2026-09-01T13:48:44","slug":"meta-e-tiktok-tiram-do-ar-perfis-de-renan-santos-apos-ordem-de-toffoli","status":"publish","type":"post","link":"https:\/\/jornalboasnoticias.com.br\/home\/meta-e-tiktok-tiram-do-ar-perfis-de-renan-santos-apos-ordem-de-toffoli\/","title":{"rendered":"Meta e TikTok tiram do ar perfis de Renan Santos ap\u00f3s ordem de Toffoli"},"content":{"rendered":"<blockquote>\n<p style=\"text-align: center;\">Empresas informaram ao TSE que cumpriram decis\u00e3o que restringiu a propaganda digital do candidato \u00e0 Presid\u00eancia.<\/p>\n<\/blockquote>\n<figure id=\"attachment_87692\" aria-describedby=\"caption-attachment-87692\" style=\"width: 984px\" class=\"wp-caption alignnone\"><img loading=\"lazy\" decoding=\"async\" class=\"size-full wp-image-87692\" src=\"https:\/\/portalcantagalo.com.br\/wp-content\/uploads\/2026\/09\/haagen-request-1200.avif\" alt=\"\" width=\"984\" height=\"656\" \/><figcaption id=\"caption-attachment-87692\" class=\"wp-caption-text\">Foto: Adriano Machado\/Reuters<\/figcaption><\/figure>\n<p>A Meta informou ao Tribunal Superior Eleitoral (TSE) que retirou do ar os perfis de Renan Santos mencionados em uma decis\u00e3o do ministro Dias Toffoli, que restringiu parte da campanha digital do candidato do Miss\u00e3o \u00e0 Presid\u00eancia da Rep\u00fablica.<\/p>\n<p>Segundo a empresa, as contas indicadas pela Justi\u00e7a Eleitoral foram tornadas indispon\u00edveis e tamb\u00e9m deixaram de aparecer nos sistemas de recomenda\u00e7\u00e3o do Facebook e do Instagram.<\/p>\n<p>O TikTok tamb\u00e9m comunicou ao TSE que suspendeu os perfis de Renan Santos na plataforma.<\/p>\n<p>As medidas foram adotadas ap\u00f3s decis\u00e3o de Toffoli publicada nesta segunda-feira (31). O ministro determinou a suspens\u00e3o da propaganda eleitoral realizada por meio de perfis que n\u00e3o haviam sido informados \u00e0 Justi\u00e7a Eleitoral dentro do prazo estabelecido pela legisla\u00e7\u00e3o.<\/p>\n<p>A Meta afirmou ainda que preservou os dados relacionados \u00e0s contas a partir de 7 de agosto de 2026, conforme determinado pelo ministro.<\/p>\n<h2>Decis\u00e3o de Toffoli<\/h2>\n<p>A determina\u00e7\u00e3o faz parte da an\u00e1lise do pedido de registro da candidatura de Renan Santos. Na decis\u00e3o, Toffoli apontou ind\u00edcios de irregularidades na atua\u00e7\u00e3o digital da campanha e afirmou haver uma poss\u00edvel \u201comiss\u00e3o estrat\u00e9gica\u201d na comunica\u00e7\u00e3o \u00e0 Justi\u00e7a Eleitoral das contas utilizadas para propaganda.<\/p>\n<p>Al\u00e9m da suspens\u00e3o da propaganda em perfis n\u00e3o informados, o ministro determinou a suspens\u00e3o dos repasses do Fundo Eleitoral \u00e0 chapa formada por Renan Santos e Aroldo Medina, a proibi\u00e7\u00e3o de utiliza\u00e7\u00e3o de recursos eventualmente j\u00e1 recebidos e a veda\u00e7\u00e3o da participa\u00e7\u00e3o dos candidatos em debates de r\u00e1dio, televis\u00e3o, podcasts e outros meios de comunica\u00e7\u00e3o enquanto a decis\u00e3o estiver em vigor.<\/p>\n<p>No registro inicial da candidatura, Renan Santos informou apenas um perfil na rede X e um site. Posteriormente, a campanha apresentou outras contas \u00e0 Justi\u00e7a Eleitoral.<\/p>\n<p>Para Toffoli, a comunica\u00e7\u00e3o tardia dos perfis prejudica a fiscaliza\u00e7\u00e3o da propaganda eleitoral no ambiente digital.<\/p>\n<p>O candidato, entretanto, pode continuar utilizando os canais que foram informados originalmente ao TSE.<\/p>\n<h2>Investiga\u00e7\u00e3o dos perfis<\/h2>\n<p>A decis\u00e3o tamb\u00e9m determinou que as plataformas preservassem conte\u00fados e registros relacionados \u00e0s contas desde 7 de agosto.<\/p>\n<p>As empresas dever\u00e3o fornecer informa\u00e7\u00f5es sobre publica\u00e7\u00f5es, impulsionamentos, recomenda\u00e7\u00f5es e an\u00fancios realizados nos perfis, al\u00e9m de dados relacionados ao alcance das postagens e aos valores eventualmente investidos.<\/p>\n<p>A Meta informou ao TSE que cumpriu as determina\u00e7\u00f5es judiciais e afirmou estar \u00e0 disposi\u00e7\u00e3o para atender novas ordens que venham a ser expedidas pela Justi\u00e7a Eleitoral.<\/p>\n<p><em>Com informa\u00e7\u00f5es do G1<\/em><\/p>\n","protected":false},"excerpt":{"rendered":"<p>Empresas informaram ao TSE que cumpriram decis\u00e3o que restringiu a propaganda digital do candidato \u00e0<\/p>\n","protected":false},"author":3,"featured_media":48761,"comment_status":"open","ping_status":"open","sticky":false,"template":"","format":"standard","meta":{"footnotes":""},"categories":[3,96],"tags":[],"class_list":["post-48760","post","type-post","status-publish","format-standard","has-post-thumbnail","hentry","category-destaques","category-politica"],"yoast_head":"<!-- This site is optimized with the Yoast SEO plugin v28.3 - https:\/\/yoast.com\/product\/yoast-seo-wordpress\/ -->\n<title>Meta e TikTok tiram do ar perfis de Renan Santos ap\u00f3s ordem de Toffoli - Jornal<\/title>\n<meta name=\"description\" content=\"Meta e TikTok tiram do ar perfis de Renan Santos ap\u00f3s ordem de Toffoli\" \/>\n<meta name=\"robots\" content=\"index, follow, max-snippet:-1, max-image-preview:large, max-video-preview:-1\" \/>\n<link rel=\"canonical\" href=\"https:\/\/jornalboasnoticias.com.br\/home\/meta-e-tiktok-tiram-do-ar-perfis-de-renan-santos-apos-ordem-de-toffoli\/\" \/>\n<meta property=\"og:locale\" content=\"pt_BR\" \/>\n<meta property=\"og:type\" content=\"article\" \/>\n<meta property=\"og:title\" content=\"Meta e TikTok tiram do ar perfis de Renan Santos ap\u00f3s ordem de Toffoli - Jornal\" \/>\n<meta property=\"og:description\" content=\"Meta e TikTok tiram do ar perfis de Renan Santos ap\u00f3s ordem de Toffoli\" \/>\n<meta property=\"og:url\" content=\"https:\/\/jornalboasnoticias.com.br\/home\/meta-e-tiktok-tiram-do-ar-perfis-de-renan-santos-apos-ordem-de-toffoli\/\" \/>\n<meta property=\"og:site_name\" content=\"Jornal\" \/>\n<meta property=\"article:publisher\" content=\"https:\/\/www.facebook.com\/boasnoticiasjornal\" \/>\n<meta property=\"article:published_time\" content=\"2026-09-01T13:48:44+00:00\" \/>\n<meta property=\"og:image\" content=\"https:\/\/jornalboasnoticias.com.br\/home\/wp-content\/uploads\/2026\/09\/renan-santos.jpg\" \/>\n\t<meta property=\"og:image:width\" content=\"984\" \/>\n\t<meta property=\"og:image:height\" content=\"656\" \/>\n\t<meta property=\"og:image:type\" content=\"image\/jpeg\" \/>\n<meta name=\"author\" content=\"Luiz Carlos da Cruz\" \/>\n<meta name=\"twitter:card\" content=\"summary_large_image\" \/>\n<meta name=\"twitter:label1\" content=\"Escrito por\" \/>\n\t<meta name=\"twitter:data1\" content=\"Luiz Carlos da Cruz\" \/>\n\t<meta name=\"twitter:label2\" content=\"Est. tempo de leitura\" \/>\n\t<meta name=\"twitter:data2\" content=\"3 minutos\" \/>\n<script type=\"application\/ld+json\" class=\"yoast-schema-graph\">{\"@context\":\"https:\\\/\\\/schema.org\",\"@graph\":[{\"@type\":\"Article\",\"@id\":\"https:\\\/\\\/jornalboasnoticias.com.br\\\/home\\\/meta-e-tiktok-tiram-do-ar-perfis-de-renan-santos-apos-ordem-de-toffoli\\\/#article\",\"isPartOf\":{\"@id\":\"https:\\\/\\\/jornalboasnoticias.com.br\\\/home\\\/meta-e-tiktok-tiram-do-ar-perfis-de-renan-santos-apos-ordem-de-toffoli\\\/\"},\"author\":{\"name\":\"Luiz Carlos da Cruz\",\"@id\":\"https:\\\/\\\/jornalboasnoticias.com.br\\\/home\\\/#\\\/schema\\\/person\\\/75f9ebde398c998c166475fb446bda62\"},\"headline\":\"Meta e TikTok tiram do ar perfis de Renan Santos ap\u00f3s ordem de Toffoli\",\"datePublished\":\"2026-09-01T13:48:44+00:00\",\"mainEntityOfPage\":{\"@id\":\"https:\\\/\\\/jornalboasnoticias.com.br\\\/home\\\/meta-e-tiktok-tiram-do-ar-perfis-de-renan-santos-apos-ordem-de-toffoli\\\/\"},\"wordCount\":473,\"commentCount\":0,\"publisher\":{\"@id\":\"https:\\\/\\\/jornalboasnoticias.com.br\\\/home\\\/#organization\"},\"image\":{\"@id\":\"https:\\\/\\\/jornalboasnoticias.com.br\\\/home\\\/meta-e-tiktok-tiram-do-ar-perfis-de-renan-santos-apos-ordem-de-toffoli\\\/#primaryimage\"},\"thumbnailUrl\":\"https:\\\/\\\/jornalboasnoticias.com.br\\\/home\\\/wp-content\\\/uploads\\\/2026\\\/09\\\/renan-santos.jpg\",\"articleSection\":[\"DESTAQUE\",\"POL\u00cdTICA\"],\"inLanguage\":\"pt-BR\",\"potentialAction\":[{\"@type\":\"CommentAction\",\"name\":\"Comment\",\"target\":[\"https:\\\/\\\/jornalboasnoticias.com.br\\\/home\\\/meta-e-tiktok-tiram-do-ar-perfis-de-renan-santos-apos-ordem-de-toffoli\\\/#respond\"]}]},{\"@type\":\"WebPage\",\"@id\":\"https:\\\/\\\/jornalboasnoticias.com.br\\\/home\\\/meta-e-tiktok-tiram-do-ar-perfis-de-renan-santos-apos-ordem-de-toffoli\\\/\",\"url\":\"https:\\\/\\\/jornalboasnoticias.com.br\\\/home\\\/meta-e-tiktok-tiram-do-ar-perfis-de-renan-santos-apos-ordem-de-toffoli\\\/\",\"name\":\"Meta e TikTok tiram do ar perfis de Renan Santos ap\u00f3s ordem de Toffoli - Jornal\",\"isPartOf\":{\"@id\":\"https:\\\/\\\/jornalboasnoticias.com.br\\\/home\\\/#website\"},\"primaryImageOfPage\":{\"@id\":\"https:\\\/\\\/jornalboasnoticias.com.br\\\/home\\\/meta-e-tiktok-tiram-do-ar-perfis-de-renan-santos-apos-ordem-de-toffoli\\\/#primaryimage\"},\"image\":{\"@id\":\"https:\\\/\\\/jornalboasnoticias.com.br\\\/home\\\/meta-e-tiktok-tiram-do-ar-perfis-de-renan-santos-apos-ordem-de-toffoli\\\/#primaryimage\"},\"thumbnailUrl\":\"https:\\\/\\\/jornalboasnoticias.com.br\\\/home\\\/wp-content\\\/uploads\\\/2026\\\/09\\\/renan-santos.jpg\",\"datePublished\":\"2026-09-01T13:48:44+00:00\",\"description\":\"Meta e TikTok tiram do ar perfis de Renan Santos ap\u00f3s ordem de Toffoli\",\"breadcrumb\":{\"@id\":\"https:\\\/\\\/jornalboasnoticias.com.br\\\/home\\\/meta-e-tiktok-tiram-do-ar-perfis-de-renan-santos-apos-ordem-de-toffoli\\\/#breadcrumb\"},\"inLanguage\":\"pt-BR\",\"potentialAction\":[{\"@type\":\"ReadAction\",\"target\":[\"https:\\\/\\\/jornalboasnoticias.com.br\\\/home\\\/meta-e-tiktok-tiram-do-ar-perfis-de-renan-santos-apos-ordem-de-toffoli\\\/\"]}]},{\"@type\":\"ImageObject\",\"inLanguage\":\"pt-BR\",\"@id\":\"https:\\\/\\\/jornalboasnoticias.com.br\\\/home\\\/meta-e-tiktok-tiram-do-ar-perfis-de-renan-santos-apos-ordem-de-toffoli\\\/#primaryimage\",\"url\":\"https:\\\/\\\/jornalboasnoticias.com.br\\\/home\\\/wp-content\\\/uploads\\\/2026\\\/09\\\/renan-santos.jpg\",\"contentUrl\":\"https:\\\/\\\/jornalboasnoticias.com.br\\\/home\\\/wp-content\\\/uploads\\\/2026\\\/09\\\/renan-santos.jpg\",\"width\":984,\"height\":656,\"caption\":\"Foto: Adriano Machado\\\/Reuters\"},{\"@type\":\"BreadcrumbList\",\"@id\":\"https:\\\/\\\/jornalboasnoticias.com.br\\\/home\\\/meta-e-tiktok-tiram-do-ar-perfis-de-renan-santos-apos-ordem-de-toffoli\\\/#breadcrumb\",\"itemListElement\":[{\"@type\":\"ListItem\",\"position\":1,\"name\":\"In\u00edcio\",\"item\":\"https:\\\/\\\/jornalboasnoticias.com.br\\\/home\\\/\"},{\"@type\":\"ListItem\",\"position\":2,\"name\":\"Meta e TikTok tiram do ar perfis de Renan Santos ap\u00f3s ordem de Toffoli\"}]},{\"@type\":\"WebSite\",\"@id\":\"https:\\\/\\\/jornalboasnoticias.com.br\\\/home\\\/#website\",\"url\":\"https:\\\/\\\/jornalboasnoticias.com.br\\\/home\\\/\",\"name\":\"Jornal Boas Not\u00edcias\",\"description\":\"Boas not\u00edcias\",\"publisher\":{\"@id\":\"https:\\\/\\\/jornalboasnoticias.com.br\\\/home\\\/#organization\"},\"potentialAction\":[{\"@type\":\"SearchAction\",\"target\":{\"@type\":\"EntryPoint\",\"urlTemplate\":\"https:\\\/\\\/jornalboasnoticias.com.br\\\/home\\\/?s={search_term_string}\"},\"query-input\":{\"@type\":\"PropertyValueSpecification\",\"valueRequired\":true,\"valueName\":\"search_term_string\"}}],\"inLanguage\":\"pt-BR\"},{\"@type\":\"Organization\",\"@id\":\"https:\\\/\\\/jornalboasnoticias.com.br\\\/home\\\/#organization\",\"name\":\"Coq Editora Ltda\",\"alternateName\":\"Jornal Boas Noticias\",\"url\":\"https:\\\/\\\/jornalboasnoticias.com.br\\\/home\\\/\",\"logo\":{\"@type\":\"ImageObject\",\"inLanguage\":\"pt-BR\",\"@id\":\"https:\\\/\\\/jornalboasnoticias.com.br\\\/home\\\/#\\\/schema\\\/logo\\\/image\\\/\",\"url\":\"https:\\\/\\\/jornalboasnoticias.com.br\\\/home\\\/wp-content\\\/uploads\\\/2024\\\/07\\\/cropped-logo.jpg\",\"contentUrl\":\"https:\\\/\\\/jornalboasnoticias.com.br\\\/home\\\/wp-content\\\/uploads\\\/2024\\\/07\\\/cropped-logo.jpg\",\"width\":290,\"height\":142,\"caption\":\"Coq Editora Ltda\"},\"image\":{\"@id\":\"https:\\\/\\\/jornalboasnoticias.com.br\\\/home\\\/#\\\/schema\\\/logo\\\/image\\\/\"},\"sameAs\":[\"https:\\\/\\\/www.facebook.com\\\/boasnoticiasjornal\"]},{\"@type\":\"Person\",\"@id\":\"https:\\\/\\\/jornalboasnoticias.com.br\\\/home\\\/#\\\/schema\\\/person\\\/75f9ebde398c998c166475fb446bda62\",\"name\":\"Luiz Carlos da Cruz\",\"image\":{\"@type\":\"ImageObject\",\"inLanguage\":\"pt-BR\",\"@id\":\"https:\\\/\\\/secure.gravatar.com\\\/avatar\\\/e6f4f45301b6cb8572f7b076572e8ac11c1db80e805d8c8d0858cf286ce3ac3b?s=96&d=mm&r=g\",\"url\":\"https:\\\/\\\/secure.gravatar.com\\\/avatar\\\/e6f4f45301b6cb8572f7b076572e8ac11c1db80e805d8c8d0858cf286ce3ac3b?s=96&d=mm&r=g\",\"contentUrl\":\"https:\\\/\\\/secure.gravatar.com\\\/avatar\\\/e6f4f45301b6cb8572f7b076572e8ac11c1db80e805d8c8d0858cf286ce3ac3b?s=96&d=mm&r=g\",\"caption\":\"Luiz Carlos da Cruz\"},\"url\":\"https:\\\/\\\/jornalboasnoticias.com.br\\\/home\\\/author\\\/luiz-carlos-da-cruz\\\/\"}]}<\/script>\n<!-- \/ Yoast SEO plugin. -->","yoast_head_json":{"title":"Meta e TikTok tiram do ar perfis de Renan Santos ap\u00f3s ordem de Toffoli - Jornal","description":"Meta e TikTok tiram do ar perfis de Renan Santos ap\u00f3s ordem de Toffoli","robots":{"index":"index","follow":"follow","max-snippet":"max-snippet:-1","max-image-preview":"max-image-preview:large","max-video-preview":"max-video-preview:-1"},"canonical":"https:\/\/jornalboasnoticias.com.br\/home\/meta-e-tiktok-tiram-do-ar-perfis-de-renan-santos-apos-ordem-de-toffoli\/","og_locale":"pt_BR","og_type":"article","og_title":"Meta e TikTok tiram do ar perfis de Renan Santos ap\u00f3s ordem de Toffoli - Jornal","og_description":"Meta e TikTok tiram do ar perfis de Renan Santos ap\u00f3s ordem de Toffoli","og_url":"https:\/\/jornalboasnoticias.com.br\/home\/meta-e-tiktok-tiram-do-ar-perfis-de-renan-santos-apos-ordem-de-toffoli\/","og_site_name":"Jornal","article_publisher":"https:\/\/www.facebook.com\/boasnoticiasjornal","article_published_time":"2026-09-01T13:48:44+00:00","og_image":[{"width":984,"height":656,"url":"https:\/\/jornalboasnoticias.com.br\/home\/wp-content\/uploads\/2026\/09\/renan-santos.jpg","type":"image\/jpeg"}],"author":"Luiz Carlos da Cruz","twitter_card":"summary_large_image","twitter_misc":{"Escrito por":"Luiz Carlos da Cruz","Est. tempo de leitura":"3 minutos"},"schema":{"@context":"https:\/\/schema.org","@graph":[{"@type":"Article","@id":"https:\/\/jornalboasnoticias.com.br\/home\/meta-e-tiktok-tiram-do-ar-perfis-de-renan-santos-apos-ordem-de-toffoli\/#article","isPartOf":{"@id":"https:\/\/jornalboasnoticias.com.br\/home\/meta-e-tiktok-tiram-do-ar-perfis-de-renan-santos-apos-ordem-de-toffoli\/"},"author":{"name":"Luiz Carlos da Cruz","@id":"https:\/\/jornalboasnoticias.com.br\/home\/#\/schema\/person\/75f9ebde398c998c166475fb446bda62"},"headline":"Meta e TikTok tiram do ar perfis de Renan Santos ap\u00f3s ordem de Toffoli","datePublished":"2026-09-01T13:48:44+00:00","mainEntityOfPage":{"@id":"https:\/\/jornalboasnoticias.com.br\/home\/meta-e-tiktok-tiram-do-ar-perfis-de-renan-santos-apos-ordem-de-toffoli\/"},"wordCount":473,"commentCount":0,"publisher":{"@id":"https:\/\/jornalboasnoticias.com.br\/home\/#organization"},"image":{"@id":"https:\/\/jornalboasnoticias.com.br\/home\/meta-e-tiktok-tiram-do-ar-perfis-de-renan-santos-apos-ordem-de-toffoli\/#primaryimage"},"thumbnailUrl":"https:\/\/jornalboasnoticias.com.br\/home\/wp-content\/uploads\/2026\/09\/renan-santos.jpg","articleSection":["DESTAQUE","POL\u00cdTICA"],"inLanguage":"pt-BR","potentialAction":[{"@type":"CommentAction","name":"Comment","target":["https:\/\/jornalboasnoticias.com.br\/home\/meta-e-tiktok-tiram-do-ar-perfis-de-renan-santos-apos-ordem-de-toffoli\/#respond"]}]},{"@type":"WebPage","@id":"https:\/\/jornalboasnoticias.com.br\/home\/meta-e-tiktok-tiram-do-ar-perfis-de-renan-santos-apos-ordem-de-toffoli\/","url":"https:\/\/jornalboasnoticias.com.br\/home\/meta-e-tiktok-tiram-do-ar-perfis-de-renan-santos-apos-ordem-de-toffoli\/","name":"Meta e TikTok tiram do ar perfis de Renan Santos ap\u00f3s ordem de Toffoli - Jornal","isPartOf":{"@id":"https:\/\/jornalboasnoticias.com.br\/home\/#website"},"primaryImageOfPage":{"@id":"https:\/\/jornalboasnoticias.com.br\/home\/meta-e-tiktok-tiram-do-ar-perfis-de-renan-santos-apos-ordem-de-toffoli\/#primaryimage"},"image":{"@id":"https:\/\/jornalboasnoticias.com.br\/home\/meta-e-tiktok-tiram-do-ar-perfis-de-renan-santos-apos-ordem-de-toffoli\/#primaryimage"},"thumbnailUrl":"https:\/\/jornalboasnoticias.com.br\/home\/wp-content\/uploads\/2026\/09\/renan-santos.jpg","datePublished":"2026-09-01T13:48:44+00:00","description":"Meta e TikTok tiram do ar perfis de Renan Santos ap\u00f3s ordem de Toffoli","breadcrumb":{"@id":"https:\/\/jornalboasnoticias.com.br\/home\/meta-e-tiktok-tiram-do-ar-perfis-de-renan-santos-apos-ordem-de-toffoli\/#breadcrumb"},"inLanguage":"pt-BR","potentialAction":[{"@type":"ReadAction","target":["https:\/\/jornalboasnoticias.com.br\/home\/meta-e-tiktok-tiram-do-ar-perfis-de-renan-santos-apos-ordem-de-toffoli\/"]}]},{"@type":"ImageObject","inLanguage":"pt-BR","@id":"https:\/\/jornalboasnoticias.com.br\/home\/meta-e-tiktok-tiram-do-ar-perfis-de-renan-santos-apos-ordem-de-toffoli\/#primaryimage","url":"https:\/\/jornalboasnoticias.com.br\/home\/wp-content\/uploads\/2026\/09\/renan-santos.jpg","contentUrl":"https:\/\/jornalboasnoticias.com.br\/home\/wp-content\/uploads\/2026\/09\/renan-santos.jpg","width":984,"height":656,"caption":"Foto: Adriano Machado\/Reuters"},{"@type":"BreadcrumbList","@id":"https:\/\/jornalboasnoticias.com.br\/home\/meta-e-tiktok-tiram-do-ar-perfis-de-renan-santos-apos-ordem-de-toffoli\/#breadcrumb","itemListElement":[{"@type":"ListItem","position":1,"name":"In\u00edcio","item":"https:\/\/jornalboasnoticias.com.br\/home\/"},{"@type":"ListItem","position":2,"name":"Meta e TikTok tiram do ar perfis de Renan Santos ap\u00f3s ordem de Toffoli"}]},{"@type":"WebSite","@id":"https:\/\/jornalboasnoticias.com.br\/home\/#website","url":"https:\/\/jornalboasnoticias.com.br\/home\/","name":"Jornal Boas Not\u00edcias","description":"Boas not\u00edcias","publisher":{"@id":"https:\/\/jornalboasnoticias.com.br\/home\/#organization"},"potentialAction":[{"@type":"SearchAction","target":{"@type":"EntryPoint","urlTemplate":"https:\/\/jornalboasnoticias.com.br\/home\/?s={search_term_string}"},"query-input":{"@type":"PropertyValueSpecification","valueRequired":true,"valueName":"search_term_string"}}],"inLanguage":"pt-BR"},{"@type":"Organization","@id":"https:\/\/jornalboasnoticias.com.br\/home\/#organization","name":"Coq Editora Ltda","alternateName":"Jornal Boas Noticias","url":"https:\/\/jornalboasnoticias.com.br\/home\/","logo":{"@type":"ImageObject","inLanguage":"pt-BR","@id":"https:\/\/jornalboasnoticias.com.br\/home\/#\/schema\/logo\/image\/","url":"https:\/\/jornalboasnoticias.com.br\/home\/wp-content\/uploads\/2024\/07\/cropped-logo.jpg","contentUrl":"https:\/\/jornalboasnoticias.com.br\/home\/wp-content\/uploads\/2024\/07\/cropped-logo.jpg","width":290,"height":142,"caption":"Coq Editora Ltda"},"image":{"@id":"https:\/\/jornalboasnoticias.com.br\/home\/#\/schema\/logo\/image\/"},"sameAs":["https:\/\/www.facebook.com\/boasnoticiasjornal"]},{"@type":"Person","@id":"https:\/\/jornalboasnoticias.com.br\/home\/#\/schema\/person\/75f9ebde398c998c166475fb446bda62","name":"Luiz Carlos da Cruz","image":{"@type":"ImageObject","inLanguage":"pt-BR","@id":"https:\/\/secure.gravatar.com\/avatar\/e6f4f45301b6cb8572f7b076572e8ac11c1db80e805d8c8d0858cf286ce3ac3b?s=96&d=mm&r=g","url":"https:\/\/secure.gravatar.com\/avatar\/e6f4f45301b6cb8572f7b076572e8ac11c1db80e805d8c8d0858cf286ce3ac3b?s=96&d=mm&r=g","contentUrl":"https:\/\/secure.gravatar.com\/avatar\/e6f4f45301b6cb8572f7b076572e8ac11c1db80e805d8c8d0858cf286ce3ac3b?s=96&d=mm&r=g","caption":"Luiz Carlos da Cruz"},"url":"https:\/\/jornalboasnoticias.com.br\/home\/author\/luiz-carlos-da-cruz\/"}]}},"_links":{"self":[{"href":"https:\/\/jornalboasnoticias.com.br\/home\/wp-json\/wp\/v2\/posts\/48760","targetHints":{"allow":["GET"]}}],"collection":[{"href":"https:\/\/jornalboasnoticias.com.br\/home\/wp-json\/wp\/v2\/posts"}],"about":[{"href":"https:\/\/jornalboasnoticias.com.br\/home\/wp-json\/wp\/v2\/types\/post"}],"author":[{"embeddable":true,"href":"https:\/\/jornalboasnoticias.com.br\/home\/wp-json\/wp\/v2\/users\/3"}],"replies":[{"embeddable":true,"href":"https:\/\/jornalboasnoticias.com.br\/home\/wp-json\/wp\/v2\/comments?post=48760"}],"version-history":[{"count":1,"href":"https:\/\/jornalboasnoticias.com.br\/home\/wp-json\/wp\/v2\/posts\/48760\/revisions"}],"predecessor-version":[{"id":48762,"href":"https:\/\/jornalboasnoticias.com.br\/home\/wp-json\/wp\/v2\/posts\/48760\/revisions\/48762"}],"wp:featuredmedia":[{"embeddable":true,"href":"https:\/\/jornalboasnoticias.com.br\/home\/wp-json\/wp\/v2\/media\/48761"}],"wp:attachment":[{"href":"https:\/\/jornalboasnoticias.com.br\/home\/wp-json\/wp\/v2\/media?parent=48760"}],"wp:term":[{"taxonomy":"category","embeddable":true,"href":"https:\/\/jornalboasnoticias.com.br\/home\/wp-json\/wp\/v2\/categories?post=48760"},{"taxonomy":"post_tag","embeddable":true,"href":"https:\/\/jornalboasnoticias.com.br\/home\/wp-json\/wp\/v2\/tags?post=48760"}],"curies":[{"name":"wp","href":"https:\/\/api.w.org\/{rel}","templated":true}]}}