{"id":48757,"date":"2026-09-01T12:26:18","date_gmt":"2026-09-01T12:26:18","guid":{"rendered":"https:\/\/jornalboasnoticias.com.br\/home\/?p=48757"},"modified":"2026-09-01T12:26:18","modified_gmt":"2026-09-01T12:26:18","slug":"setembro-verde-reforca-importancia-da-doacao-de-orgaos-e-do-dialogo-entre-familias","status":"publish","type":"post","link":"https:\/\/jornalboasnoticias.com.br\/home\/setembro-verde-reforca-importancia-da-doacao-de-orgaos-e-do-dialogo-entre-familias\/","title":{"rendered":"Setembro Verde refor\u00e7a import\u00e2ncia da doa\u00e7\u00e3o de \u00f3rg\u00e3os e do di\u00e1logo entre fam\u00edlias"},"content":{"rendered":"<blockquote>\n<p style=\"text-align: center;\">HUOP refor\u00e7a a campanha com a realiza\u00e7\u00e3o da Corrida pela Vida no dia 27 de setembro<\/p>\n<\/blockquote>\n<figure id=\"attachment_87683\" aria-describedby=\"caption-attachment-87683\" style=\"width: 900px\" class=\"wp-caption aligncenter\"><img loading=\"lazy\" decoding=\"async\" class=\"size-full wp-image-87683\" src=\"https:\/\/portalcantagalo.com.br\/wp-content\/uploads\/2026\/09\/4a6b10ba-025b-4431-8a13-5decbf28cb70.jpg\" alt=\"\" width=\"900\" height=\"600\" \/><figcaption id=\"caption-attachment-87683\" class=\"wp-caption-text\">Divulga\u00e7\u00e3o\/HUOP<\/figcaption><\/figure>\n<p>Uma decis\u00e3o tomada por uma fam\u00edlia pode mudar a vida de outras pessoas. \u00c9 nesse sentido que o Setembro Verde busca ampliar a discuss\u00e3o sobre a doa\u00e7\u00e3o de \u00f3rg\u00e3os e tecidos, combatendo informa\u00e7\u00f5es equivocadas e refor\u00e7ando a import\u00e2ncia de conversar sobre o assunto antes que uma decis\u00e3o precise ser tomada.<\/p>\n<p>No Hospital Universit\u00e1rio do Oeste do Paran\u00e1 (HUOP), o trabalho relacionado \u00e0 doa\u00e7\u00e3o \u00e9 realizado pela Comiss\u00e3o Intra-Hospitalar de Doa\u00e7\u00e3o de \u00d3rg\u00e3os e Tecidos para Transplantes (CIHDOTT). A institui\u00e7\u00e3o n\u00e3o realiza transplantes de \u00f3rg\u00e3os, mas atua na identifica\u00e7\u00e3o de poss\u00edveis doadores, acompanhamento dos protocolos, acolhimento das fam\u00edlias e viabiliza\u00e7\u00e3o da capta\u00e7\u00e3o.<\/p>\n<p>Para Gelena Castillo, coordenadora do CIHDOTT, a informa\u00e7\u00e3o ainda \u00e9 uma das principais ferramentas para aumentar a conscientiza\u00e7\u00e3o sobre o tema. \u201cQuem deseja ser doador deve conversar com sua fam\u00edlia. Em um momento de dor e despedida, saber qual era a vontade daquele familiar pode trazer mais seguran\u00e7a para a decis\u00e3o\u201d, afirma.<\/p>\n<p>A autoriza\u00e7\u00e3o familiar \u00e9 fundamental para que a doa\u00e7\u00e3o seja efetivada. Em 2024, a recusa familiar ocorreu em 46% das entrevistas realizadas em n\u00edvel nacional, segundo os dados apresentados pela entrevistada.<\/p>\n<p>O desconhecimento sobre o processo tamb\u00e9m contribui para a perman\u00eancia de diferentes mitos. Um deles \u00e9 a confus\u00e3o entre morte encef\u00e1lica e coma. Enquanto no coma ainda pode existir atividade cerebral e possibilidade de evolu\u00e7\u00e3o cl\u00ednica, a morte encef\u00e1lica representa a morte da pessoa e \u00e9 diagnosticada por meio de crit\u00e9rios e protocolos espec\u00edficos.<\/p>\n<p>Outras d\u00favidas frequentes est\u00e3o relacionadas \u00e0 escolha de quem receber\u00e1 os \u00f3rg\u00e3os e \u00e0 retirada durante a capta\u00e7\u00e3o. A distribui\u00e7\u00e3o n\u00e3o \u00e9 definida pela fam\u00edlia, mas pelo Sistema Nacional de Transplantes, a partir de crit\u00e9rios t\u00e9cnicos, como compatibilidade, gravidade e tempo de espera. A capta\u00e7\u00e3o, por sua vez, \u00e9 realizada por equipes especializadas e n\u00e3o impede a realiza\u00e7\u00e3o dos rituais de despedida.<\/p>\n<p>No HUOP, a CIHDOTT atua desde 2004. O processo inclui a busca ativa de poss\u00edveis doadores, a identifica\u00e7\u00e3o de pacientes com suspeita de morte encef\u00e1lica, o acompanhamento dos protocolos, a manuten\u00e7\u00e3o cl\u00ednica do potencial doador e o acolhimento e a entrevista com os familiares. Ap\u00f3s a autoriza\u00e7\u00e3o, o hospital articula a capta\u00e7\u00e3o com a Central Estadual de Transplantes.<\/p>\n<h2>N\u00fameros<\/h2>\n<p>Em 2024, o HUOP notificou 70 casos de morte encef\u00e1lica e realizou 30 capta\u00e7\u00f5es, totalizando 99 \u00f3rg\u00e3os e tecidos captados. A taxa de autoriza\u00e7\u00e3o familiar chegou a 83%. Em 2025, foram registradas 77 mortes encef\u00e1licas, realizadas 57 entrevistas familiares e efetivadas 36 doa\u00e7\u00f5es, com autoriza\u00e7\u00e3o familiar de aproximadamente 77%. J\u00e1 em 2026, os dados parciais apontam 42 mortes encef\u00e1licas, 35 entrevistas familiares e 26 doa\u00e7\u00f5es.<\/p>\n<p>Por tr\u00e1s desses n\u00fameros est\u00e3o hist\u00f3rias como a de Karen Kruger, de 40 anos. Antes do transplante, ela j\u00e1 convivia havia cerca de tr\u00eas anos com uma doen\u00e7a renal. Ap\u00f3s o agravamento do quadro, precisou ser internada e iniciar uma hemodi\u00e1lise de emerg\u00eancia.<\/p>\n<p>A mudan\u00e7a afetou diretamente o cotidiano marcado pelo trabalho e por diferentes atividades. Com dois empregos, passou a dedicar duas vezes por semana cerca de quatro horas ao tratamento. \u201cEu era uma pessoa bem ativa, tinha dois trabalhos, e ter que parar quatro horas, duas vezes na semana, para fazer hemodi\u00e1lise foi bem dif\u00edcil\u201d, conta.<\/p>\n<p>A rotina, que antes era dividida entre trabalho e compromissos di\u00e1rios, passou a ser medida tamb\u00e9m pelo tempo gasto em uma cl\u00ednica. Karen precisava parar duas vezes por semana. Eram horas dedicadas a um tratamento que se tornou essencial e que come\u00e7ou a reestruturar a vida que levava at\u00e9 aquele momento. Acostumada com a agita\u00e7\u00e3o, come\u00e7ou a lidar com um tratamento que determinava seus dias.<\/p>\n<p>A hemodi\u00e1lise consumia v\u00e1rias horas da semana, ao passo que a espera por uma melhora se tornava uma constante no dia a dia. Karen ficou um ano na fila de espera por um transplante. A possibilidade veio por meio de uma doa\u00e7\u00e3o em vida de sua m\u00e3e, que foi compat\u00edvel e se tornou doadora.<\/p>\n<p>O per\u00edodo ap\u00f3s a cirurgia tamb\u00e9m exigiu mudan\u00e7as. Nos primeiros meses, houve restri\u00e7\u00f5es na alimenta\u00e7\u00e3o, uso de m\u00e1scara, redu\u00e7\u00e3o do contato com outras pessoas e cuidados para evitar exposi\u00e7\u00f5es. Com a recupera\u00e7\u00e3o, a rotina come\u00e7ou a retornar. \u201cHoje estou voltando ao normal, trabalhando, fazendo atividade f\u00edsica e cuidando dos meus filhos. N\u00e3o me sinto mais cansada como me sentia antes\u201d, afirma.<\/p>\n<p>Para ela, o transplante representou uma mudan\u00e7a que vai al\u00e9m da recupera\u00e7\u00e3o f\u00edsica. \u201cSignifica vida nova. Uma nova chance de fazer mais pela minha fam\u00edlia e pelo pr\u00f3ximo. N\u00e3o se importar com os problemas pequenos e agradecer mais\u201d.<\/p>\n<p>A experi\u00eancia tamb\u00e9m mudou sua percep\u00e7\u00e3o sobre a doa\u00e7\u00e3o. Mesmo tendo recebido um rim de uma doadora viva, Karen refor\u00e7a a import\u00e2ncia de as fam\u00edlias conversarem sobre a possibilidade de doar \u00f3rg\u00e3os ap\u00f3s a morte de um familiar. \u201cEntendo que \u00e9 dif\u00edcil para uma fam\u00edlia, mas \u00e9 uma forma de transformar uma perda em esperan\u00e7a e recome\u00e7o para outras fam\u00edlias. \u00c9 uma pessoa que pode voltar a enxergar, outra que pode n\u00e3o precisar mais fazer hemodi\u00e1lise. A vida precisa continuar\u201d, diz.<\/p>\n<p>No Paran\u00e1, at\u00e9 novembro de 2025, foram realizados 1.715 transplantes, incluindo 410 de rim, 264 de f\u00edgado e 29 de cora\u00e7\u00e3o, al\u00e9m de transplantes combinados e aproximadamente mil transplantes de c\u00f3rnea.<\/p>\n<p>Embora o HUOP n\u00e3o seja um centro transplantador, a institui\u00e7\u00e3o integra a rede respons\u00e1vel por tornar esses procedimentos poss\u00edveis. Entre a identifica\u00e7\u00e3o de um potencial doador e a chegada de um \u00f3rg\u00e3o a um paciente que aguarda na fila, existe uma estrutura que depende de equipes, protocolos e, principalmente, da autoriza\u00e7\u00e3o das fam\u00edlias.<\/p>\n<p>\u00c9 justamente nesse ponto que o Setembro Verde concentra sua principal mensagem, ao refor\u00e7ar que a decis\u00e3o sobre a doa\u00e7\u00e3o n\u00e3o precisa come\u00e7ar dentro de um hospital, mas antes, em uma conversa entre familiares, na manifesta\u00e7\u00e3o de um desejo e na coragem de falar sobre um assunto que, muitas vezes, \u00e9 evitado. Em um momento de perda, saber qual era a vontade de quem partiu pode oferecer \u00e0 fam\u00edlia mais seguran\u00e7a diante de uma decis\u00e3o dif\u00edcil; para quem espera por um \u00f3rg\u00e3o, essa escolha pode representar a possibilidade de retomar uma rotina interrompida pela doen\u00e7a, voltar ao trabalho, aos encontros, \u00e0 conviv\u00eancia e aos planos que ficaram. A doa\u00e7\u00e3o n\u00e3o elimina a dor de uma despedida, mas pode fazer com que outras hist\u00f3rias encontrem a chance de continuar.<\/p>\n<h2>Corrida pela Vida<\/h2>\n<p>O Dia 27 de setembro \u00e9 oficialmente a data escolhida para fomentar a conscientiza\u00e7\u00e3o sobre a Doa\u00e7\u00e3o de \u00f3rg\u00e3os, e em 2026 \u00e9 tamb\u00e9m o dia escolhido pelo HUOP para a realiza\u00e7\u00e3o da Corrida pela Vida.<br \/>\nAs inscri\u00e7\u00f5es seguem abertas pelo site: www.rodrigocirilo.com.br.<\/p>\n<p><em>Assessoria\/HUOP<\/em><\/p>\n","protected":false},"excerpt":{"rendered":"<p>HUOP refor\u00e7a a campanha com a realiza\u00e7\u00e3o da Corrida pela Vida no dia 27 de<\/p>\n","protected":false},"author":3,"featured_media":48758,"comment_status":"open","ping_status":"open","sticky":false,"template":"","format":"standard","meta":{"footnotes":""},"categories":[3,7],"tags":[],"class_list":["post-48757","post","type-post","status-publish","format-standard","has-post-thumbnail","hentry","category-destaques","category-saude"],"yoast_head":"<!-- This site is optimized with the Yoast SEO plugin v28.3 - https:\/\/yoast.com\/product\/yoast-seo-wordpress\/ -->\n<title>Setembro Verde refor\u00e7a import\u00e2ncia da doa\u00e7\u00e3o de \u00f3rg\u00e3os e do di\u00e1logo entre fam\u00edlias - Jornal<\/title>\n<meta name=\"description\" content=\"Setembro Verde refor\u00e7a import\u00e2ncia da doa\u00e7\u00e3o de \u00f3rg\u00e3os e do di\u00e1logo entre fam\u00edlias\" \/>\n<meta name=\"robots\" content=\"index, follow, max-snippet:-1, max-image-preview:large, max-video-preview:-1\" \/>\n<link rel=\"canonical\" href=\"https:\/\/jornalboasnoticias.com.br\/home\/setembro-verde-reforca-importancia-da-doacao-de-orgaos-e-do-dialogo-entre-familias\/\" \/>\n<meta property=\"og:locale\" content=\"pt_BR\" \/>\n<meta property=\"og:type\" content=\"article\" \/>\n<meta property=\"og:title\" content=\"Setembro Verde refor\u00e7a import\u00e2ncia da doa\u00e7\u00e3o de \u00f3rg\u00e3os e do di\u00e1logo entre fam\u00edlias - Jornal\" \/>\n<meta property=\"og:description\" content=\"Setembro Verde refor\u00e7a import\u00e2ncia da doa\u00e7\u00e3o de \u00f3rg\u00e3os e do di\u00e1logo entre fam\u00edlias\" \/>\n<meta property=\"og:url\" content=\"https:\/\/jornalboasnoticias.com.br\/home\/setembro-verde-reforca-importancia-da-doacao-de-orgaos-e-do-dialogo-entre-familias\/\" \/>\n<meta property=\"og:site_name\" content=\"Jornal\" \/>\n<meta property=\"article:publisher\" content=\"https:\/\/www.facebook.com\/boasnoticiasjornal\" \/>\n<meta property=\"article:published_time\" content=\"2026-09-01T12:26:18+00:00\" \/>\n<meta property=\"og:image\" content=\"https:\/\/jornalboasnoticias.com.br\/home\/wp-content\/uploads\/2026\/09\/4a6b10ba-025b-4431-8a13-5decbf28cb70.jpg\" \/>\n\t<meta property=\"og:image:width\" content=\"900\" \/>\n\t<meta property=\"og:image:height\" content=\"600\" \/>\n\t<meta property=\"og:image:type\" content=\"image\/jpeg\" \/>\n<meta name=\"author\" content=\"Luiz Carlos da Cruz\" \/>\n<meta name=\"twitter:card\" content=\"summary_large_image\" \/>\n<meta name=\"twitter:label1\" content=\"Escrito por\" \/>\n\t<meta name=\"twitter:data1\" content=\"Luiz Carlos da Cruz\" \/>\n\t<meta name=\"twitter:label2\" content=\"Est. tempo de leitura\" \/>\n\t<meta name=\"twitter:data2\" content=\"7 minutos\" \/>\n<script type=\"application\/ld+json\" class=\"yoast-schema-graph\">{\"@context\":\"https:\\\/\\\/schema.org\",\"@graph\":[{\"@type\":\"Article\",\"@id\":\"https:\\\/\\\/jornalboasnoticias.com.br\\\/home\\\/setembro-verde-reforca-importancia-da-doacao-de-orgaos-e-do-dialogo-entre-familias\\\/#article\",\"isPartOf\":{\"@id\":\"https:\\\/\\\/jornalboasnoticias.com.br\\\/home\\\/setembro-verde-reforca-importancia-da-doacao-de-orgaos-e-do-dialogo-entre-familias\\\/\"},\"author\":{\"name\":\"Luiz Carlos da Cruz\",\"@id\":\"https:\\\/\\\/jornalboasnoticias.com.br\\\/home\\\/#\\\/schema\\\/person\\\/75f9ebde398c998c166475fb446bda62\"},\"headline\":\"Setembro Verde refor\u00e7a import\u00e2ncia da doa\u00e7\u00e3o de \u00f3rg\u00e3os e do di\u00e1logo entre fam\u00edlias\",\"datePublished\":\"2026-09-01T12:26:18+00:00\",\"mainEntityOfPage\":{\"@id\":\"https:\\\/\\\/jornalboasnoticias.com.br\\\/home\\\/setembro-verde-reforca-importancia-da-doacao-de-orgaos-e-do-dialogo-entre-familias\\\/\"},\"wordCount\":1247,\"commentCount\":0,\"publisher\":{\"@id\":\"https:\\\/\\\/jornalboasnoticias.com.br\\\/home\\\/#organization\"},\"image\":{\"@id\":\"https:\\\/\\\/jornalboasnoticias.com.br\\\/home\\\/setembro-verde-reforca-importancia-da-doacao-de-orgaos-e-do-dialogo-entre-familias\\\/#primaryimage\"},\"thumbnailUrl\":\"https:\\\/\\\/jornalboasnoticias.com.br\\\/home\\\/wp-content\\\/uploads\\\/2026\\\/09\\\/4a6b10ba-025b-4431-8a13-5decbf28cb70.jpg\",\"articleSection\":[\"DESTAQUE\",\"SA\u00daDE\"],\"inLanguage\":\"pt-BR\",\"potentialAction\":[{\"@type\":\"CommentAction\",\"name\":\"Comment\",\"target\":[\"https:\\\/\\\/jornalboasnoticias.com.br\\\/home\\\/setembro-verde-reforca-importancia-da-doacao-de-orgaos-e-do-dialogo-entre-familias\\\/#respond\"]}]},{\"@type\":\"WebPage\",\"@id\":\"https:\\\/\\\/jornalboasnoticias.com.br\\\/home\\\/setembro-verde-reforca-importancia-da-doacao-de-orgaos-e-do-dialogo-entre-familias\\\/\",\"url\":\"https:\\\/\\\/jornalboasnoticias.com.br\\\/home\\\/setembro-verde-reforca-importancia-da-doacao-de-orgaos-e-do-dialogo-entre-familias\\\/\",\"name\":\"Setembro Verde refor\u00e7a import\u00e2ncia da doa\u00e7\u00e3o de \u00f3rg\u00e3os e do di\u00e1logo entre fam\u00edlias - Jornal\",\"isPartOf\":{\"@id\":\"https:\\\/\\\/jornalboasnoticias.com.br\\\/home\\\/#website\"},\"primaryImageOfPage\":{\"@id\":\"https:\\\/\\\/jornalboasnoticias.com.br\\\/home\\\/setembro-verde-reforca-importancia-da-doacao-de-orgaos-e-do-dialogo-entre-familias\\\/#primaryimage\"},\"image\":{\"@id\":\"https:\\\/\\\/jornalboasnoticias.com.br\\\/home\\\/setembro-verde-reforca-importancia-da-doacao-de-orgaos-e-do-dialogo-entre-familias\\\/#primaryimage\"},\"thumbnailUrl\":\"https:\\\/\\\/jornalboasnoticias.com.br\\\/home\\\/wp-content\\\/uploads\\\/2026\\\/09\\\/4a6b10ba-025b-4431-8a13-5decbf28cb70.jpg\",\"datePublished\":\"2026-09-01T12:26:18+00:00\",\"description\":\"Setembro Verde refor\u00e7a import\u00e2ncia da doa\u00e7\u00e3o de \u00f3rg\u00e3os e do di\u00e1logo entre fam\u00edlias\",\"breadcrumb\":{\"@id\":\"https:\\\/\\\/jornalboasnoticias.com.br\\\/home\\\/setembro-verde-reforca-importancia-da-doacao-de-orgaos-e-do-dialogo-entre-familias\\\/#breadcrumb\"},\"inLanguage\":\"pt-BR\",\"potentialAction\":[{\"@type\":\"ReadAction\",\"target\":[\"https:\\\/\\\/jornalboasnoticias.com.br\\\/home\\\/setembro-verde-reforca-importancia-da-doacao-de-orgaos-e-do-dialogo-entre-familias\\\/\"]}]},{\"@type\":\"ImageObject\",\"inLanguage\":\"pt-BR\",\"@id\":\"https:\\\/\\\/jornalboasnoticias.com.br\\\/home\\\/setembro-verde-reforca-importancia-da-doacao-de-orgaos-e-do-dialogo-entre-familias\\\/#primaryimage\",\"url\":\"https:\\\/\\\/jornalboasnoticias.com.br\\\/home\\\/wp-content\\\/uploads\\\/2026\\\/09\\\/4a6b10ba-025b-4431-8a13-5decbf28cb70.jpg\",\"contentUrl\":\"https:\\\/\\\/jornalboasnoticias.com.br\\\/home\\\/wp-content\\\/uploads\\\/2026\\\/09\\\/4a6b10ba-025b-4431-8a13-5decbf28cb70.jpg\",\"width\":900,\"height\":600,\"caption\":\"Divulga\u00e7\u00e3o\\\/HUOP\"},{\"@type\":\"BreadcrumbList\",\"@id\":\"https:\\\/\\\/jornalboasnoticias.com.br\\\/home\\\/setembro-verde-reforca-importancia-da-doacao-de-orgaos-e-do-dialogo-entre-familias\\\/#breadcrumb\",\"itemListElement\":[{\"@type\":\"ListItem\",\"position\":1,\"name\":\"In\u00edcio\",\"item\":\"https:\\\/\\\/jornalboasnoticias.com.br\\\/home\\\/\"},{\"@type\":\"ListItem\",\"position\":2,\"name\":\"Setembro Verde refor\u00e7a import\u00e2ncia da doa\u00e7\u00e3o de \u00f3rg\u00e3os e do di\u00e1logo entre fam\u00edlias\"}]},{\"@type\":\"WebSite\",\"@id\":\"https:\\\/\\\/jornalboasnoticias.com.br\\\/home\\\/#website\",\"url\":\"https:\\\/\\\/jornalboasnoticias.com.br\\\/home\\\/\",\"name\":\"Jornal Boas Not\u00edcias\",\"description\":\"Boas not\u00edcias\",\"publisher\":{\"@id\":\"https:\\\/\\\/jornalboasnoticias.com.br\\\/home\\\/#organization\"},\"potentialAction\":[{\"@type\":\"SearchAction\",\"target\":{\"@type\":\"EntryPoint\",\"urlTemplate\":\"https:\\\/\\\/jornalboasnoticias.com.br\\\/home\\\/?s={search_term_string}\"},\"query-input\":{\"@type\":\"PropertyValueSpecification\",\"valueRequired\":true,\"valueName\":\"search_term_string\"}}],\"inLanguage\":\"pt-BR\"},{\"@type\":\"Organization\",\"@id\":\"https:\\\/\\\/jornalboasnoticias.com.br\\\/home\\\/#organization\",\"name\":\"Coq Editora Ltda\",\"alternateName\":\"Jornal Boas Noticias\",\"url\":\"https:\\\/\\\/jornalboasnoticias.com.br\\\/home\\\/\",\"logo\":{\"@type\":\"ImageObject\",\"inLanguage\":\"pt-BR\",\"@id\":\"https:\\\/\\\/jornalboasnoticias.com.br\\\/home\\\/#\\\/schema\\\/logo\\\/image\\\/\",\"url\":\"https:\\\/\\\/jornalboasnoticias.com.br\\\/home\\\/wp-content\\\/uploads\\\/2024\\\/07\\\/cropped-logo.jpg\",\"contentUrl\":\"https:\\\/\\\/jornalboasnoticias.com.br\\\/home\\\/wp-content\\\/uploads\\\/2024\\\/07\\\/cropped-logo.jpg\",\"width\":290,\"height\":142,\"caption\":\"Coq Editora Ltda\"},\"image\":{\"@id\":\"https:\\\/\\\/jornalboasnoticias.com.br\\\/home\\\/#\\\/schema\\\/logo\\\/image\\\/\"},\"sameAs\":[\"https:\\\/\\\/www.facebook.com\\\/boasnoticiasjornal\"]},{\"@type\":\"Person\",\"@id\":\"https:\\\/\\\/jornalboasnoticias.com.br\\\/home\\\/#\\\/schema\\\/person\\\/75f9ebde398c998c166475fb446bda62\",\"name\":\"Luiz Carlos da Cruz\",\"image\":{\"@type\":\"ImageObject\",\"inLanguage\":\"pt-BR\",\"@id\":\"https:\\\/\\\/secure.gravatar.com\\\/avatar\\\/e6f4f45301b6cb8572f7b076572e8ac11c1db80e805d8c8d0858cf286ce3ac3b?s=96&d=mm&r=g\",\"url\":\"https:\\\/\\\/secure.gravatar.com\\\/avatar\\\/e6f4f45301b6cb8572f7b076572e8ac11c1db80e805d8c8d0858cf286ce3ac3b?s=96&d=mm&r=g\",\"contentUrl\":\"https:\\\/\\\/secure.gravatar.com\\\/avatar\\\/e6f4f45301b6cb8572f7b076572e8ac11c1db80e805d8c8d0858cf286ce3ac3b?s=96&d=mm&r=g\",\"caption\":\"Luiz Carlos da Cruz\"},\"url\":\"https:\\\/\\\/jornalboasnoticias.com.br\\\/home\\\/author\\\/luiz-carlos-da-cruz\\\/\"}]}<\/script>\n<!-- \/ Yoast SEO plugin. -->","yoast_head_json":{"title":"Setembro Verde refor\u00e7a import\u00e2ncia da doa\u00e7\u00e3o de \u00f3rg\u00e3os e do di\u00e1logo entre fam\u00edlias - Jornal","description":"Setembro Verde refor\u00e7a import\u00e2ncia da doa\u00e7\u00e3o de \u00f3rg\u00e3os e do di\u00e1logo entre fam\u00edlias","robots":{"index":"index","follow":"follow","max-snippet":"max-snippet:-1","max-image-preview":"max-image-preview:large","max-video-preview":"max-video-preview:-1"},"canonical":"https:\/\/jornalboasnoticias.com.br\/home\/setembro-verde-reforca-importancia-da-doacao-de-orgaos-e-do-dialogo-entre-familias\/","og_locale":"pt_BR","og_type":"article","og_title":"Setembro Verde refor\u00e7a import\u00e2ncia da doa\u00e7\u00e3o de \u00f3rg\u00e3os e do di\u00e1logo entre fam\u00edlias - Jornal","og_description":"Setembro Verde refor\u00e7a import\u00e2ncia da doa\u00e7\u00e3o de \u00f3rg\u00e3os e do di\u00e1logo entre fam\u00edlias","og_url":"https:\/\/jornalboasnoticias.com.br\/home\/setembro-verde-reforca-importancia-da-doacao-de-orgaos-e-do-dialogo-entre-familias\/","og_site_name":"Jornal","article_publisher":"https:\/\/www.facebook.com\/boasnoticiasjornal","article_published_time":"2026-09-01T12:26:18+00:00","og_image":[{"width":900,"height":600,"url":"https:\/\/jornalboasnoticias.com.br\/home\/wp-content\/uploads\/2026\/09\/4a6b10ba-025b-4431-8a13-5decbf28cb70.jpg","type":"image\/jpeg"}],"author":"Luiz Carlos da Cruz","twitter_card":"summary_large_image","twitter_misc":{"Escrito por":"Luiz Carlos da Cruz","Est. tempo de leitura":"7 minutos"},"schema":{"@context":"https:\/\/schema.org","@graph":[{"@type":"Article","@id":"https:\/\/jornalboasnoticias.com.br\/home\/setembro-verde-reforca-importancia-da-doacao-de-orgaos-e-do-dialogo-entre-familias\/#article","isPartOf":{"@id":"https:\/\/jornalboasnoticias.com.br\/home\/setembro-verde-reforca-importancia-da-doacao-de-orgaos-e-do-dialogo-entre-familias\/"},"author":{"name":"Luiz Carlos da Cruz","@id":"https:\/\/jornalboasnoticias.com.br\/home\/#\/schema\/person\/75f9ebde398c998c166475fb446bda62"},"headline":"Setembro Verde refor\u00e7a import\u00e2ncia da doa\u00e7\u00e3o de \u00f3rg\u00e3os e do di\u00e1logo entre fam\u00edlias","datePublished":"2026-09-01T12:26:18+00:00","mainEntityOfPage":{"@id":"https:\/\/jornalboasnoticias.com.br\/home\/setembro-verde-reforca-importancia-da-doacao-de-orgaos-e-do-dialogo-entre-familias\/"},"wordCount":1247,"commentCount":0,"publisher":{"@id":"https:\/\/jornalboasnoticias.com.br\/home\/#organization"},"image":{"@id":"https:\/\/jornalboasnoticias.com.br\/home\/setembro-verde-reforca-importancia-da-doacao-de-orgaos-e-do-dialogo-entre-familias\/#primaryimage"},"thumbnailUrl":"https:\/\/jornalboasnoticias.com.br\/home\/wp-content\/uploads\/2026\/09\/4a6b10ba-025b-4431-8a13-5decbf28cb70.jpg","articleSection":["DESTAQUE","SA\u00daDE"],"inLanguage":"pt-BR","potentialAction":[{"@type":"CommentAction","name":"Comment","target":["https:\/\/jornalboasnoticias.com.br\/home\/setembro-verde-reforca-importancia-da-doacao-de-orgaos-e-do-dialogo-entre-familias\/#respond"]}]},{"@type":"WebPage","@id":"https:\/\/jornalboasnoticias.com.br\/home\/setembro-verde-reforca-importancia-da-doacao-de-orgaos-e-do-dialogo-entre-familias\/","url":"https:\/\/jornalboasnoticias.com.br\/home\/setembro-verde-reforca-importancia-da-doacao-de-orgaos-e-do-dialogo-entre-familias\/","name":"Setembro Verde refor\u00e7a import\u00e2ncia da doa\u00e7\u00e3o de \u00f3rg\u00e3os e do di\u00e1logo entre fam\u00edlias - Jornal","isPartOf":{"@id":"https:\/\/jornalboasnoticias.com.br\/home\/#website"},"primaryImageOfPage":{"@id":"https:\/\/jornalboasnoticias.com.br\/home\/setembro-verde-reforca-importancia-da-doacao-de-orgaos-e-do-dialogo-entre-familias\/#primaryimage"},"image":{"@id":"https:\/\/jornalboasnoticias.com.br\/home\/setembro-verde-reforca-importancia-da-doacao-de-orgaos-e-do-dialogo-entre-familias\/#primaryimage"},"thumbnailUrl":"https:\/\/jornalboasnoticias.com.br\/home\/wp-content\/uploads\/2026\/09\/4a6b10ba-025b-4431-8a13-5decbf28cb70.jpg","datePublished":"2026-09-01T12:26:18+00:00","description":"Setembro Verde refor\u00e7a import\u00e2ncia da doa\u00e7\u00e3o de \u00f3rg\u00e3os e do di\u00e1logo entre fam\u00edlias","breadcrumb":{"@id":"https:\/\/jornalboasnoticias.com.br\/home\/setembro-verde-reforca-importancia-da-doacao-de-orgaos-e-do-dialogo-entre-familias\/#breadcrumb"},"inLanguage":"pt-BR","potentialAction":[{"@type":"ReadAction","target":["https:\/\/jornalboasnoticias.com.br\/home\/setembro-verde-reforca-importancia-da-doacao-de-orgaos-e-do-dialogo-entre-familias\/"]}]},{"@type":"ImageObject","inLanguage":"pt-BR","@id":"https:\/\/jornalboasnoticias.com.br\/home\/setembro-verde-reforca-importancia-da-doacao-de-orgaos-e-do-dialogo-entre-familias\/#primaryimage","url":"https:\/\/jornalboasnoticias.com.br\/home\/wp-content\/uploads\/2026\/09\/4a6b10ba-025b-4431-8a13-5decbf28cb70.jpg","contentUrl":"https:\/\/jornalboasnoticias.com.br\/home\/wp-content\/uploads\/2026\/09\/4a6b10ba-025b-4431-8a13-5decbf28cb70.jpg","width":900,"height":600,"caption":"Divulga\u00e7\u00e3o\/HUOP"},{"@type":"BreadcrumbList","@id":"https:\/\/jornalboasnoticias.com.br\/home\/setembro-verde-reforca-importancia-da-doacao-de-orgaos-e-do-dialogo-entre-familias\/#breadcrumb","itemListElement":[{"@type":"ListItem","position":1,"name":"In\u00edcio","item":"https:\/\/jornalboasnoticias.com.br\/home\/"},{"@type":"ListItem","position":2,"name":"Setembro Verde refor\u00e7a import\u00e2ncia da doa\u00e7\u00e3o de \u00f3rg\u00e3os e do di\u00e1logo entre fam\u00edlias"}]},{"@type":"WebSite","@id":"https:\/\/jornalboasnoticias.com.br\/home\/#website","url":"https:\/\/jornalboasnoticias.com.br\/home\/","name":"Jornal Boas Not\u00edcias","description":"Boas not\u00edcias","publisher":{"@id":"https:\/\/jornalboasnoticias.com.br\/home\/#organization"},"potentialAction":[{"@type":"SearchAction","target":{"@type":"EntryPoint","urlTemplate":"https:\/\/jornalboasnoticias.com.br\/home\/?s={search_term_string}"},"query-input":{"@type":"PropertyValueSpecification","valueRequired":true,"valueName":"search_term_string"}}],"inLanguage":"pt-BR"},{"@type":"Organization","@id":"https:\/\/jornalboasnoticias.com.br\/home\/#organization","name":"Coq Editora Ltda","alternateName":"Jornal Boas Noticias","url":"https:\/\/jornalboasnoticias.com.br\/home\/","logo":{"@type":"ImageObject","inLanguage":"pt-BR","@id":"https:\/\/jornalboasnoticias.com.br\/home\/#\/schema\/logo\/image\/","url":"https:\/\/jornalboasnoticias.com.br\/home\/wp-content\/uploads\/2024\/07\/cropped-logo.jpg","contentUrl":"https:\/\/jornalboasnoticias.com.br\/home\/wp-content\/uploads\/2024\/07\/cropped-logo.jpg","width":290,"height":142,"caption":"Coq Editora Ltda"},"image":{"@id":"https:\/\/jornalboasnoticias.com.br\/home\/#\/schema\/logo\/image\/"},"sameAs":["https:\/\/www.facebook.com\/boasnoticiasjornal"]},{"@type":"Person","@id":"https:\/\/jornalboasnoticias.com.br\/home\/#\/schema\/person\/75f9ebde398c998c166475fb446bda62","name":"Luiz Carlos da Cruz","image":{"@type":"ImageObject","inLanguage":"pt-BR","@id":"https:\/\/secure.gravatar.com\/avatar\/e6f4f45301b6cb8572f7b076572e8ac11c1db80e805d8c8d0858cf286ce3ac3b?s=96&d=mm&r=g","url":"https:\/\/secure.gravatar.com\/avatar\/e6f4f45301b6cb8572f7b076572e8ac11c1db80e805d8c8d0858cf286ce3ac3b?s=96&d=mm&r=g","contentUrl":"https:\/\/secure.gravatar.com\/avatar\/e6f4f45301b6cb8572f7b076572e8ac11c1db80e805d8c8d0858cf286ce3ac3b?s=96&d=mm&r=g","caption":"Luiz Carlos da Cruz"},"url":"https:\/\/jornalboasnoticias.com.br\/home\/author\/luiz-carlos-da-cruz\/"}]}},"_links":{"self":[{"href":"https:\/\/jornalboasnoticias.com.br\/home\/wp-json\/wp\/v2\/posts\/48757","targetHints":{"allow":["GET"]}}],"collection":[{"href":"https:\/\/jornalboasnoticias.com.br\/home\/wp-json\/wp\/v2\/posts"}],"about":[{"href":"https:\/\/jornalboasnoticias.com.br\/home\/wp-json\/wp\/v2\/types\/post"}],"author":[{"embeddable":true,"href":"https:\/\/jornalboasnoticias.com.br\/home\/wp-json\/wp\/v2\/users\/3"}],"replies":[{"embeddable":true,"href":"https:\/\/jornalboasnoticias.com.br\/home\/wp-json\/wp\/v2\/comments?post=48757"}],"version-history":[{"count":1,"href":"https:\/\/jornalboasnoticias.com.br\/home\/wp-json\/wp\/v2\/posts\/48757\/revisions"}],"predecessor-version":[{"id":48759,"href":"https:\/\/jornalboasnoticias.com.br\/home\/wp-json\/wp\/v2\/posts\/48757\/revisions\/48759"}],"wp:featuredmedia":[{"embeddable":true,"href":"https:\/\/jornalboasnoticias.com.br\/home\/wp-json\/wp\/v2\/media\/48758"}],"wp:attachment":[{"href":"https:\/\/jornalboasnoticias.com.br\/home\/wp-json\/wp\/v2\/media?parent=48757"}],"wp:term":[{"taxonomy":"category","embeddable":true,"href":"https:\/\/jornalboasnoticias.com.br\/home\/wp-json\/wp\/v2\/categories?post=48757"},{"taxonomy":"post_tag","embeddable":true,"href":"https:\/\/jornalboasnoticias.com.br\/home\/wp-json\/wp\/v2\/tags?post=48757"}],"curies":[{"name":"wp","href":"https:\/\/api.w.org\/{rel}","templated":true}]}}