{"id":48745,"date":"2026-08-31T20:22:36","date_gmt":"2026-08-31T20:22:36","guid":{"rendered":"https:\/\/jornalboasnoticias.com.br\/home\/?p=48745"},"modified":"2026-08-31T20:22:36","modified_gmt":"2026-08-31T20:22:36","slug":"cascavel-chega-a-372-mil-habitantes-e-se-consolida-como-5a-maior-cidade-do-parana","status":"publish","type":"post","link":"https:\/\/jornalboasnoticias.com.br\/home\/cascavel-chega-a-372-mil-habitantes-e-se-consolida-como-5a-maior-cidade-do-parana\/","title":{"rendered":"Cascavel chega a 372 mil habitantes e se consolida como 5\u00aa maior cidade do Paran\u00e1"},"content":{"rendered":"<blockquote>\n<p style=\"text-align: center;\">Proje\u00e7\u00f5es do Ipardes mostram fortalecimento de Cascavel e de toda a regi\u00e3o Oeste nas pr\u00f3ximas d\u00e9cadas<\/p>\n<\/blockquote>\n<figure id=\"attachment_87651\" aria-describedby=\"caption-attachment-87651\" style=\"width: 800px\" class=\"wp-caption aligncenter\"><img loading=\"lazy\" decoding=\"async\" class=\"size-large wp-image-87651\" src=\"https:\/\/portalcantagalo.com.br\/wp-content\/uploads\/2026\/08\/VISTA-PANORAMICAS15_jpg-1024x507.jpeg\" alt=\"\" width=\"800\" height=\"396\" \/><figcaption id=\"caption-attachment-87651\" class=\"wp-caption-text\">Divulga\u00e7\u00e3o<\/figcaption><\/figure>\n<p>Prestes a completar 75 anos de hist\u00f3ria, Cascavel segue ampliando sua participa\u00e7\u00e3o entre os principais centros urbanos do Paran\u00e1 e refor\u00e7a o protagonismo no estado. De acordo com a nova estimativa populacional divulgada pelo IBGE (Instituto Brasileiro de Geografia e Estat\u00edstica), com data de refer\u00eancia em 1\u00ba de julho de 2026, o Munic\u00edpio chegou a 372.026 habitantes.<\/p>\n<p>O n\u00famero representa um acr\u00e9scimo de 23.975 moradores em rela\u00e7\u00e3o ao Censo de 2022, quando Cascavel possu\u00eda 348.051 habitantes. Em quatro anos, portanto, o crescimento foi de aproximadamente 6,9%.<\/p>\n<p>Com os novos dados, Cascavel \u00e9 atualmente o quinto munic\u00edpio mais populoso do Paran\u00e1, atr\u00e1s de Curitiba, Londrina, Maring\u00e1 e Ponta Grossa. A dist\u00e2ncia para Ponta Grossa, por\u00e9m, tornou-se pequena: s\u00e3o 372.026 moradores em Cascavel contra 378.527 em Ponta Grossa, uma diferen\u00e7a de apenas 6.501 habitantes.<\/p>\n<p>O cen\u00e1rio refor\u00e7a uma tend\u00eancia que j\u00e1 aparece nas proje\u00e7\u00f5es de longo prazo elaboradas pelo Ipardes (Instituto Paranaense de Desenvolvimento Econ\u00f4mico e Social).\u00a0O estudo oficial, que projeta a popula\u00e7\u00e3o dos munic\u00edpios paranaenses at\u00e9 2050, estima Cascavel com 410.706 habitantes em 2035 e 445.662 habitantes em 2050.<\/p>\n<p>Para Ponta Grossa, a proje\u00e7\u00e3o \u00e9 de 396.556 moradores em 2035 e 401.808 em 2050. Dessa forma, no cen\u00e1rio demogr\u00e1fico elaborado pelo pr\u00f3prio instituto estadual, Cascavel dever\u00e1 ultrapassar Ponta Grossa e consolidar-se entre os quatro maiores munic\u00edpios do Paran\u00e1.<\/p>\n<p><strong>A proje\u00e7\u00e3o do Ipardes para 2050 coloca as maiores cidades do Estado neste cen\u00e1rio:<\/strong><\/p>\n<p>Munic\u00edpio | Popula\u00e7\u00e3o projetada para 2050<br \/>\nCuritiba \u00a0 \u00a01.731.667<br \/>\nLondrina \u00a0 \u00a0576.929<br \/>\nMaring\u00e1 \u00a0 \u00a0474.517<br \/>\nCascavel \u00a0 \u00a0445.662<br \/>\nS\u00e3o Jos\u00e9 dos Pinhais \u00a0 \u00a0429.194<br \/>\nPonta Grossa \u00a0 \u00a0401.808<\/p>\n<p>Os n\u00fameros deixam Cascavel cerca de 28,8 mil habitantes atr\u00e1s de Maring\u00e1 em 2050, segundo o cen\u00e1rio oficial atualmente dispon\u00edvel. Portanto, n\u00e3o existe hoje uma proje\u00e7\u00e3o oficial afirmando que Cascavel ultrapassar\u00e1 Maring\u00e1 at\u00e9 2050, mas a redu\u00e7\u00e3o da diferen\u00e7a e a din\u00e2mica regional indicam um processo de aproxima\u00e7\u00e3o.<\/p>\n<h2>Regi\u00e3o de Cascavel pode superar a de Maring\u00e1<\/h2>\n<p>O dado que mais chama aten\u00e7\u00e3o aparece quando a an\u00e1lise deixa de considerar somente os limites municipais e observa as Regi\u00f5es Geogr\u00e1ficas Intermedi\u00e1rias.<\/p>\n<p>Segundo o Ipardes, a Regi\u00e3o Geogr\u00e1fica Intermedi\u00e1ria de Cascavel dever\u00e1 alcan\u00e7ar aproximadamente 2,51 milh\u00f5es de habitantes em 2050, enquanto a Regi\u00e3o de Maring\u00e1 dever\u00e1 chegar a cerca de 2,19 milh\u00f5es.<\/p>\n<p>A proje\u00e7\u00e3o indica que as duas regi\u00f5es continuar\u00e3o crescendo mesmo em um per\u00edodo no qual grande parte do Paran\u00e1 dever\u00e1 enfrentar desacelera\u00e7\u00e3o ou redu\u00e7\u00e3o populacional. O pr\u00f3prio Ipardes destaca que Cascavel e Maring\u00e1 est\u00e3o na contram\u00e3o de regi\u00f5es como Londrina, Ponta Grossa e Guarapuava, que apresentam perspectivas de retra\u00e7\u00e3o.<\/p>\n<h2><strong>Em 2050, a proje\u00e7\u00e3o regional \u00e9 de:<\/strong><\/h2>\n<p>Regi\u00e3o de Cascavel: 2.510.031 habitantes<br \/>\nRegi\u00e3o de Maring\u00e1: 2.193.591 habitantes<\/p>\n<p>A diferen\u00e7a projetada seria superior a 316 mil moradores em favor da regi\u00e3o de Cascavel.<\/p>\n<h2><strong>Crescimento aumenta responsabilidade sobre o planejamento urbano<\/strong><\/h2>\n<p>O avan\u00e7o populacional representa oportunidades econ\u00f4micas, mas tamb\u00e9m amplia a necessidade de planejamento de longo prazo.<\/p>\n<p>Mais moradores significam aumento da demanda por habita\u00e7\u00e3o, sistema vi\u00e1rio, transporte coletivo, saneamento, sa\u00fade, educa\u00e7\u00e3o, \u00e1reas verdes, equipamentos p\u00fablicos e infraestrutura urbana.<\/p>\n<p>O pr\u00f3prio Ipardes destaca que suas proje\u00e7\u00f5es populacionais s\u00e3o instrumentos voltados justamente ao planejamento de pol\u00edticas p\u00fablicas e \u00e0 antecipa\u00e7\u00e3o das necessidades futuras dos munic\u00edpios. O estudo incorpora dados do Censo de 2022 e considera mudan\u00e7as na estrutura et\u00e1ria, distribui\u00e7\u00e3o territorial e din\u00e2mica populacional.<\/p>\n<p>Outro fen\u00f4meno importante ser\u00e1 o aumento da urbaniza\u00e7\u00e3o. O instituto estima que 94% da popula\u00e7\u00e3o do Paran\u00e1 estar\u00e1 vivendo em \u00e1reas urbanas em 2050, refor\u00e7ando o papel das cidades-polo na concentra\u00e7\u00e3o populacional e econ\u00f4mica.<\/p>\n<h2><strong>Cascavel de 400 mil habitantes est\u00e1 cada vez mais pr\u00f3xima<\/strong><\/h2>\n<p>Os n\u00fameros ajudam a dimensionar a transforma\u00e7\u00e3o que Cascavel atravessa. O munic\u00edpio saiu de 348 mil moradores em 2022 para 372 mil em 2026, enquanto as proje\u00e7\u00f5es estaduais j\u00e1 trabalham com uma cidade superior a 400 mil habitantes na pr\u00f3xima d\u00e9cada.<\/p>\n<p><em>Prefeitura de Cascavel<\/em><\/p>\n<p>&nbsp;<\/p>\n","protected":false},"excerpt":{"rendered":"<p>Proje\u00e7\u00f5es do Ipardes mostram fortalecimento de Cascavel e de toda a regi\u00e3o Oeste nas pr\u00f3ximas<\/p>\n","protected":false},"author":3,"featured_media":48746,"comment_status":"open","ping_status":"open","sticky":false,"template":"","format":"standard","meta":{"footnotes":""},"categories":[2,3],"tags":[],"class_list":["post-48745","post","type-post","status-publish","format-standard","has-post-thumbnail","hentry","category-cascavel","category-destaques"],"yoast_head":"<!-- This site is optimized with the Yoast SEO plugin v28.3 - https:\/\/yoast.com\/product\/yoast-seo-wordpress\/ -->\n<title>Cascavel chega a 372 mil habitantes e se consolida como 5\u00aa maior cidade do Paran\u00e1 - Jornal<\/title>\n<meta name=\"description\" content=\"Cascavel chega a 372 mil habitantes e se consolida como 5\u00aa maior cidade do Paran\u00e1\" \/>\n<meta name=\"robots\" content=\"index, follow, max-snippet:-1, max-image-preview:large, max-video-preview:-1\" \/>\n<link rel=\"canonical\" href=\"https:\/\/jornalboasnoticias.com.br\/home\/cascavel-chega-a-372-mil-habitantes-e-se-consolida-como-5a-maior-cidade-do-parana\/\" \/>\n<meta property=\"og:locale\" content=\"pt_BR\" \/>\n<meta property=\"og:type\" content=\"article\" \/>\n<meta property=\"og:title\" content=\"Cascavel chega a 372 mil habitantes e se consolida como 5\u00aa maior cidade do Paran\u00e1 - Jornal\" \/>\n<meta property=\"og:description\" content=\"Cascavel chega a 372 mil habitantes e se consolida como 5\u00aa maior cidade do Paran\u00e1\" \/>\n<meta property=\"og:url\" content=\"https:\/\/jornalboasnoticias.com.br\/home\/cascavel-chega-a-372-mil-habitantes-e-se-consolida-como-5a-maior-cidade-do-parana\/\" \/>\n<meta property=\"og:site_name\" content=\"Jornal\" \/>\n<meta property=\"article:publisher\" content=\"https:\/\/www.facebook.com\/boasnoticiasjornal\" \/>\n<meta property=\"article:published_time\" content=\"2026-08-31T20:22:36+00:00\" \/>\n<meta property=\"og:image\" content=\"https:\/\/jornalboasnoticias.com.br\/home\/wp-content\/uploads\/2026\/08\/VISTA-PANORAMICAS15_jpg-scaled-e1788207731506.jpeg\" \/>\n\t<meta property=\"og:image:width\" content=\"1000\" \/>\n\t<meta property=\"og:image:height\" content=\"495\" \/>\n\t<meta property=\"og:image:type\" content=\"image\/jpeg\" \/>\n<meta name=\"author\" content=\"Luiz Carlos da Cruz\" \/>\n<meta name=\"twitter:card\" content=\"summary_large_image\" \/>\n<meta name=\"twitter:label1\" content=\"Escrito por\" \/>\n\t<meta name=\"twitter:data1\" content=\"Luiz Carlos da Cruz\" \/>\n\t<meta name=\"twitter:label2\" content=\"Est. tempo de leitura\" \/>\n\t<meta name=\"twitter:data2\" content=\"4 minutos\" \/>\n<script type=\"application\/ld+json\" class=\"yoast-schema-graph\">{\"@context\":\"https:\\\/\\\/schema.org\",\"@graph\":[{\"@type\":\"Article\",\"@id\":\"https:\\\/\\\/jornalboasnoticias.com.br\\\/home\\\/cascavel-chega-a-372-mil-habitantes-e-se-consolida-como-5a-maior-cidade-do-parana\\\/#article\",\"isPartOf\":{\"@id\":\"https:\\\/\\\/jornalboasnoticias.com.br\\\/home\\\/cascavel-chega-a-372-mil-habitantes-e-se-consolida-como-5a-maior-cidade-do-parana\\\/\"},\"author\":{\"name\":\"Luiz Carlos da Cruz\",\"@id\":\"https:\\\/\\\/jornalboasnoticias.com.br\\\/home\\\/#\\\/schema\\\/person\\\/75f9ebde398c998c166475fb446bda62\"},\"headline\":\"Cascavel chega a 372 mil habitantes e se consolida como 5\u00aa maior cidade do Paran\u00e1\",\"datePublished\":\"2026-08-31T20:22:36+00:00\",\"mainEntityOfPage\":{\"@id\":\"https:\\\/\\\/jornalboasnoticias.com.br\\\/home\\\/cascavel-chega-a-372-mil-habitantes-e-se-consolida-como-5a-maior-cidade-do-parana\\\/\"},\"wordCount\":716,\"commentCount\":0,\"publisher\":{\"@id\":\"https:\\\/\\\/jornalboasnoticias.com.br\\\/home\\\/#organization\"},\"image\":{\"@id\":\"https:\\\/\\\/jornalboasnoticias.com.br\\\/home\\\/cascavel-chega-a-372-mil-habitantes-e-se-consolida-como-5a-maior-cidade-do-parana\\\/#primaryimage\"},\"thumbnailUrl\":\"https:\\\/\\\/jornalboasnoticias.com.br\\\/home\\\/wp-content\\\/uploads\\\/2026\\\/08\\\/VISTA-PANORAMICAS15_jpg-scaled-e1788207731506.jpeg\",\"articleSection\":[\"CASCAVEL\",\"DESTAQUE\"],\"inLanguage\":\"pt-BR\",\"potentialAction\":[{\"@type\":\"CommentAction\",\"name\":\"Comment\",\"target\":[\"https:\\\/\\\/jornalboasnoticias.com.br\\\/home\\\/cascavel-chega-a-372-mil-habitantes-e-se-consolida-como-5a-maior-cidade-do-parana\\\/#respond\"]}]},{\"@type\":\"WebPage\",\"@id\":\"https:\\\/\\\/jornalboasnoticias.com.br\\\/home\\\/cascavel-chega-a-372-mil-habitantes-e-se-consolida-como-5a-maior-cidade-do-parana\\\/\",\"url\":\"https:\\\/\\\/jornalboasnoticias.com.br\\\/home\\\/cascavel-chega-a-372-mil-habitantes-e-se-consolida-como-5a-maior-cidade-do-parana\\\/\",\"name\":\"Cascavel chega a 372 mil habitantes e se consolida como 5\u00aa maior cidade do Paran\u00e1 - Jornal\",\"isPartOf\":{\"@id\":\"https:\\\/\\\/jornalboasnoticias.com.br\\\/home\\\/#website\"},\"primaryImageOfPage\":{\"@id\":\"https:\\\/\\\/jornalboasnoticias.com.br\\\/home\\\/cascavel-chega-a-372-mil-habitantes-e-se-consolida-como-5a-maior-cidade-do-parana\\\/#primaryimage\"},\"image\":{\"@id\":\"https:\\\/\\\/jornalboasnoticias.com.br\\\/home\\\/cascavel-chega-a-372-mil-habitantes-e-se-consolida-como-5a-maior-cidade-do-parana\\\/#primaryimage\"},\"thumbnailUrl\":\"https:\\\/\\\/jornalboasnoticias.com.br\\\/home\\\/wp-content\\\/uploads\\\/2026\\\/08\\\/VISTA-PANORAMICAS15_jpg-scaled-e1788207731506.jpeg\",\"datePublished\":\"2026-08-31T20:22:36+00:00\",\"description\":\"Cascavel chega a 372 mil habitantes e se consolida como 5\u00aa maior cidade do Paran\u00e1\",\"breadcrumb\":{\"@id\":\"https:\\\/\\\/jornalboasnoticias.com.br\\\/home\\\/cascavel-chega-a-372-mil-habitantes-e-se-consolida-como-5a-maior-cidade-do-parana\\\/#breadcrumb\"},\"inLanguage\":\"pt-BR\",\"potentialAction\":[{\"@type\":\"ReadAction\",\"target\":[\"https:\\\/\\\/jornalboasnoticias.com.br\\\/home\\\/cascavel-chega-a-372-mil-habitantes-e-se-consolida-como-5a-maior-cidade-do-parana\\\/\"]}]},{\"@type\":\"ImageObject\",\"inLanguage\":\"pt-BR\",\"@id\":\"https:\\\/\\\/jornalboasnoticias.com.br\\\/home\\\/cascavel-chega-a-372-mil-habitantes-e-se-consolida-como-5a-maior-cidade-do-parana\\\/#primaryimage\",\"url\":\"https:\\\/\\\/jornalboasnoticias.com.br\\\/home\\\/wp-content\\\/uploads\\\/2026\\\/08\\\/VISTA-PANORAMICAS15_jpg-scaled-e1788207731506.jpeg\",\"contentUrl\":\"https:\\\/\\\/jornalboasnoticias.com.br\\\/home\\\/wp-content\\\/uploads\\\/2026\\\/08\\\/VISTA-PANORAMICAS15_jpg-scaled-e1788207731506.jpeg\",\"width\":1000,\"height\":495,\"caption\":\"Divulga\u00e7\u00e3o\"},{\"@type\":\"BreadcrumbList\",\"@id\":\"https:\\\/\\\/jornalboasnoticias.com.br\\\/home\\\/cascavel-chega-a-372-mil-habitantes-e-se-consolida-como-5a-maior-cidade-do-parana\\\/#breadcrumb\",\"itemListElement\":[{\"@type\":\"ListItem\",\"position\":1,\"name\":\"In\u00edcio\",\"item\":\"https:\\\/\\\/jornalboasnoticias.com.br\\\/home\\\/\"},{\"@type\":\"ListItem\",\"position\":2,\"name\":\"Cascavel chega a 372 mil habitantes e se consolida como 5\u00aa maior cidade do Paran\u00e1\"}]},{\"@type\":\"WebSite\",\"@id\":\"https:\\\/\\\/jornalboasnoticias.com.br\\\/home\\\/#website\",\"url\":\"https:\\\/\\\/jornalboasnoticias.com.br\\\/home\\\/\",\"name\":\"Jornal Boas Not\u00edcias\",\"description\":\"Boas not\u00edcias\",\"publisher\":{\"@id\":\"https:\\\/\\\/jornalboasnoticias.com.br\\\/home\\\/#organization\"},\"potentialAction\":[{\"@type\":\"SearchAction\",\"target\":{\"@type\":\"EntryPoint\",\"urlTemplate\":\"https:\\\/\\\/jornalboasnoticias.com.br\\\/home\\\/?s={search_term_string}\"},\"query-input\":{\"@type\":\"PropertyValueSpecification\",\"valueRequired\":true,\"valueName\":\"search_term_string\"}}],\"inLanguage\":\"pt-BR\"},{\"@type\":\"Organization\",\"@id\":\"https:\\\/\\\/jornalboasnoticias.com.br\\\/home\\\/#organization\",\"name\":\"Coq Editora Ltda\",\"alternateName\":\"Jornal Boas Noticias\",\"url\":\"https:\\\/\\\/jornalboasnoticias.com.br\\\/home\\\/\",\"logo\":{\"@type\":\"ImageObject\",\"inLanguage\":\"pt-BR\",\"@id\":\"https:\\\/\\\/jornalboasnoticias.com.br\\\/home\\\/#\\\/schema\\\/logo\\\/image\\\/\",\"url\":\"https:\\\/\\\/jornalboasnoticias.com.br\\\/home\\\/wp-content\\\/uploads\\\/2024\\\/07\\\/cropped-logo.jpg\",\"contentUrl\":\"https:\\\/\\\/jornalboasnoticias.com.br\\\/home\\\/wp-content\\\/uploads\\\/2024\\\/07\\\/cropped-logo.jpg\",\"width\":290,\"height\":142,\"caption\":\"Coq Editora Ltda\"},\"image\":{\"@id\":\"https:\\\/\\\/jornalboasnoticias.com.br\\\/home\\\/#\\\/schema\\\/logo\\\/image\\\/\"},\"sameAs\":[\"https:\\\/\\\/www.facebook.com\\\/boasnoticiasjornal\"]},{\"@type\":\"Person\",\"@id\":\"https:\\\/\\\/jornalboasnoticias.com.br\\\/home\\\/#\\\/schema\\\/person\\\/75f9ebde398c998c166475fb446bda62\",\"name\":\"Luiz Carlos da Cruz\",\"image\":{\"@type\":\"ImageObject\",\"inLanguage\":\"pt-BR\",\"@id\":\"https:\\\/\\\/secure.gravatar.com\\\/avatar\\\/e6f4f45301b6cb8572f7b076572e8ac11c1db80e805d8c8d0858cf286ce3ac3b?s=96&d=mm&r=g\",\"url\":\"https:\\\/\\\/secure.gravatar.com\\\/avatar\\\/e6f4f45301b6cb8572f7b076572e8ac11c1db80e805d8c8d0858cf286ce3ac3b?s=96&d=mm&r=g\",\"contentUrl\":\"https:\\\/\\\/secure.gravatar.com\\\/avatar\\\/e6f4f45301b6cb8572f7b076572e8ac11c1db80e805d8c8d0858cf286ce3ac3b?s=96&d=mm&r=g\",\"caption\":\"Luiz Carlos da Cruz\"},\"url\":\"https:\\\/\\\/jornalboasnoticias.com.br\\\/home\\\/author\\\/luiz-carlos-da-cruz\\\/\"}]}<\/script>\n<!-- \/ Yoast SEO plugin. -->","yoast_head_json":{"title":"Cascavel chega a 372 mil habitantes e se consolida como 5\u00aa maior cidade do Paran\u00e1 - Jornal","description":"Cascavel chega a 372 mil habitantes e se consolida como 5\u00aa maior cidade do Paran\u00e1","robots":{"index":"index","follow":"follow","max-snippet":"max-snippet:-1","max-image-preview":"max-image-preview:large","max-video-preview":"max-video-preview:-1"},"canonical":"https:\/\/jornalboasnoticias.com.br\/home\/cascavel-chega-a-372-mil-habitantes-e-se-consolida-como-5a-maior-cidade-do-parana\/","og_locale":"pt_BR","og_type":"article","og_title":"Cascavel chega a 372 mil habitantes e se consolida como 5\u00aa maior cidade do Paran\u00e1 - Jornal","og_description":"Cascavel chega a 372 mil habitantes e se consolida como 5\u00aa maior cidade do Paran\u00e1","og_url":"https:\/\/jornalboasnoticias.com.br\/home\/cascavel-chega-a-372-mil-habitantes-e-se-consolida-como-5a-maior-cidade-do-parana\/","og_site_name":"Jornal","article_publisher":"https:\/\/www.facebook.com\/boasnoticiasjornal","article_published_time":"2026-08-31T20:22:36+00:00","og_image":[{"width":1000,"height":495,"url":"https:\/\/jornalboasnoticias.com.br\/home\/wp-content\/uploads\/2026\/08\/VISTA-PANORAMICAS15_jpg-scaled-e1788207731506.jpeg","type":"image\/jpeg"}],"author":"Luiz Carlos da Cruz","twitter_card":"summary_large_image","twitter_misc":{"Escrito por":"Luiz Carlos da Cruz","Est. tempo de leitura":"4 minutos"},"schema":{"@context":"https:\/\/schema.org","@graph":[{"@type":"Article","@id":"https:\/\/jornalboasnoticias.com.br\/home\/cascavel-chega-a-372-mil-habitantes-e-se-consolida-como-5a-maior-cidade-do-parana\/#article","isPartOf":{"@id":"https:\/\/jornalboasnoticias.com.br\/home\/cascavel-chega-a-372-mil-habitantes-e-se-consolida-como-5a-maior-cidade-do-parana\/"},"author":{"name":"Luiz Carlos da Cruz","@id":"https:\/\/jornalboasnoticias.com.br\/home\/#\/schema\/person\/75f9ebde398c998c166475fb446bda62"},"headline":"Cascavel chega a 372 mil habitantes e se consolida como 5\u00aa maior cidade do Paran\u00e1","datePublished":"2026-08-31T20:22:36+00:00","mainEntityOfPage":{"@id":"https:\/\/jornalboasnoticias.com.br\/home\/cascavel-chega-a-372-mil-habitantes-e-se-consolida-como-5a-maior-cidade-do-parana\/"},"wordCount":716,"commentCount":0,"publisher":{"@id":"https:\/\/jornalboasnoticias.com.br\/home\/#organization"},"image":{"@id":"https:\/\/jornalboasnoticias.com.br\/home\/cascavel-chega-a-372-mil-habitantes-e-se-consolida-como-5a-maior-cidade-do-parana\/#primaryimage"},"thumbnailUrl":"https:\/\/jornalboasnoticias.com.br\/home\/wp-content\/uploads\/2026\/08\/VISTA-PANORAMICAS15_jpg-scaled-e1788207731506.jpeg","articleSection":["CASCAVEL","DESTAQUE"],"inLanguage":"pt-BR","potentialAction":[{"@type":"CommentAction","name":"Comment","target":["https:\/\/jornalboasnoticias.com.br\/home\/cascavel-chega-a-372-mil-habitantes-e-se-consolida-como-5a-maior-cidade-do-parana\/#respond"]}]},{"@type":"WebPage","@id":"https:\/\/jornalboasnoticias.com.br\/home\/cascavel-chega-a-372-mil-habitantes-e-se-consolida-como-5a-maior-cidade-do-parana\/","url":"https:\/\/jornalboasnoticias.com.br\/home\/cascavel-chega-a-372-mil-habitantes-e-se-consolida-como-5a-maior-cidade-do-parana\/","name":"Cascavel chega a 372 mil habitantes e se consolida como 5\u00aa maior cidade do Paran\u00e1 - Jornal","isPartOf":{"@id":"https:\/\/jornalboasnoticias.com.br\/home\/#website"},"primaryImageOfPage":{"@id":"https:\/\/jornalboasnoticias.com.br\/home\/cascavel-chega-a-372-mil-habitantes-e-se-consolida-como-5a-maior-cidade-do-parana\/#primaryimage"},"image":{"@id":"https:\/\/jornalboasnoticias.com.br\/home\/cascavel-chega-a-372-mil-habitantes-e-se-consolida-como-5a-maior-cidade-do-parana\/#primaryimage"},"thumbnailUrl":"https:\/\/jornalboasnoticias.com.br\/home\/wp-content\/uploads\/2026\/08\/VISTA-PANORAMICAS15_jpg-scaled-e1788207731506.jpeg","datePublished":"2026-08-31T20:22:36+00:00","description":"Cascavel chega a 372 mil habitantes e se consolida como 5\u00aa maior cidade do Paran\u00e1","breadcrumb":{"@id":"https:\/\/jornalboasnoticias.com.br\/home\/cascavel-chega-a-372-mil-habitantes-e-se-consolida-como-5a-maior-cidade-do-parana\/#breadcrumb"},"inLanguage":"pt-BR","potentialAction":[{"@type":"ReadAction","target":["https:\/\/jornalboasnoticias.com.br\/home\/cascavel-chega-a-372-mil-habitantes-e-se-consolida-como-5a-maior-cidade-do-parana\/"]}]},{"@type":"ImageObject","inLanguage":"pt-BR","@id":"https:\/\/jornalboasnoticias.com.br\/home\/cascavel-chega-a-372-mil-habitantes-e-se-consolida-como-5a-maior-cidade-do-parana\/#primaryimage","url":"https:\/\/jornalboasnoticias.com.br\/home\/wp-content\/uploads\/2026\/08\/VISTA-PANORAMICAS15_jpg-scaled-e1788207731506.jpeg","contentUrl":"https:\/\/jornalboasnoticias.com.br\/home\/wp-content\/uploads\/2026\/08\/VISTA-PANORAMICAS15_jpg-scaled-e1788207731506.jpeg","width":1000,"height":495,"caption":"Divulga\u00e7\u00e3o"},{"@type":"BreadcrumbList","@id":"https:\/\/jornalboasnoticias.com.br\/home\/cascavel-chega-a-372-mil-habitantes-e-se-consolida-como-5a-maior-cidade-do-parana\/#breadcrumb","itemListElement":[{"@type":"ListItem","position":1,"name":"In\u00edcio","item":"https:\/\/jornalboasnoticias.com.br\/home\/"},{"@type":"ListItem","position":2,"name":"Cascavel chega a 372 mil habitantes e se consolida como 5\u00aa maior cidade do Paran\u00e1"}]},{"@type":"WebSite","@id":"https:\/\/jornalboasnoticias.com.br\/home\/#website","url":"https:\/\/jornalboasnoticias.com.br\/home\/","name":"Jornal Boas Not\u00edcias","description":"Boas not\u00edcias","publisher":{"@id":"https:\/\/jornalboasnoticias.com.br\/home\/#organization"},"potentialAction":[{"@type":"SearchAction","target":{"@type":"EntryPoint","urlTemplate":"https:\/\/jornalboasnoticias.com.br\/home\/?s={search_term_string}"},"query-input":{"@type":"PropertyValueSpecification","valueRequired":true,"valueName":"search_term_string"}}],"inLanguage":"pt-BR"},{"@type":"Organization","@id":"https:\/\/jornalboasnoticias.com.br\/home\/#organization","name":"Coq Editora Ltda","alternateName":"Jornal Boas Noticias","url":"https:\/\/jornalboasnoticias.com.br\/home\/","logo":{"@type":"ImageObject","inLanguage":"pt-BR","@id":"https:\/\/jornalboasnoticias.com.br\/home\/#\/schema\/logo\/image\/","url":"https:\/\/jornalboasnoticias.com.br\/home\/wp-content\/uploads\/2024\/07\/cropped-logo.jpg","contentUrl":"https:\/\/jornalboasnoticias.com.br\/home\/wp-content\/uploads\/2024\/07\/cropped-logo.jpg","width":290,"height":142,"caption":"Coq Editora Ltda"},"image":{"@id":"https:\/\/jornalboasnoticias.com.br\/home\/#\/schema\/logo\/image\/"},"sameAs":["https:\/\/www.facebook.com\/boasnoticiasjornal"]},{"@type":"Person","@id":"https:\/\/jornalboasnoticias.com.br\/home\/#\/schema\/person\/75f9ebde398c998c166475fb446bda62","name":"Luiz Carlos da Cruz","image":{"@type":"ImageObject","inLanguage":"pt-BR","@id":"https:\/\/secure.gravatar.com\/avatar\/e6f4f45301b6cb8572f7b076572e8ac11c1db80e805d8c8d0858cf286ce3ac3b?s=96&d=mm&r=g","url":"https:\/\/secure.gravatar.com\/avatar\/e6f4f45301b6cb8572f7b076572e8ac11c1db80e805d8c8d0858cf286ce3ac3b?s=96&d=mm&r=g","contentUrl":"https:\/\/secure.gravatar.com\/avatar\/e6f4f45301b6cb8572f7b076572e8ac11c1db80e805d8c8d0858cf286ce3ac3b?s=96&d=mm&r=g","caption":"Luiz Carlos da Cruz"},"url":"https:\/\/jornalboasnoticias.com.br\/home\/author\/luiz-carlos-da-cruz\/"}]}},"_links":{"self":[{"href":"https:\/\/jornalboasnoticias.com.br\/home\/wp-json\/wp\/v2\/posts\/48745","targetHints":{"allow":["GET"]}}],"collection":[{"href":"https:\/\/jornalboasnoticias.com.br\/home\/wp-json\/wp\/v2\/posts"}],"about":[{"href":"https:\/\/jornalboasnoticias.com.br\/home\/wp-json\/wp\/v2\/types\/post"}],"author":[{"embeddable":true,"href":"https:\/\/jornalboasnoticias.com.br\/home\/wp-json\/wp\/v2\/users\/3"}],"replies":[{"embeddable":true,"href":"https:\/\/jornalboasnoticias.com.br\/home\/wp-json\/wp\/v2\/comments?post=48745"}],"version-history":[{"count":1,"href":"https:\/\/jornalboasnoticias.com.br\/home\/wp-json\/wp\/v2\/posts\/48745\/revisions"}],"predecessor-version":[{"id":48747,"href":"https:\/\/jornalboasnoticias.com.br\/home\/wp-json\/wp\/v2\/posts\/48745\/revisions\/48747"}],"wp:featuredmedia":[{"embeddable":true,"href":"https:\/\/jornalboasnoticias.com.br\/home\/wp-json\/wp\/v2\/media\/48746"}],"wp:attachment":[{"href":"https:\/\/jornalboasnoticias.com.br\/home\/wp-json\/wp\/v2\/media?parent=48745"}],"wp:term":[{"taxonomy":"category","embeddable":true,"href":"https:\/\/jornalboasnoticias.com.br\/home\/wp-json\/wp\/v2\/categories?post=48745"},{"taxonomy":"post_tag","embeddable":true,"href":"https:\/\/jornalboasnoticias.com.br\/home\/wp-json\/wp\/v2\/tags?post=48745"}],"curies":[{"name":"wp","href":"https:\/\/api.w.org\/{rel}","templated":true}]}}