{"id":48735,"date":"2026-08-31T18:09:17","date_gmt":"2026-08-31T18:09:17","guid":{"rendered":"https:\/\/jornalboasnoticias.com.br\/home\/?p=48735"},"modified":"2026-08-31T18:10:51","modified_gmt":"2026-08-31T18:10:51","slug":"sus-tera-tres-novos-medicamentos-para-cancer-de-pulmao","status":"publish","type":"post","link":"https:\/\/jornalboasnoticias.com.br\/home\/sus-tera-tres-novos-medicamentos-para-cancer-de-pulmao\/","title":{"rendered":"SUS ter\u00e1 tr\u00eas novos medicamentos para c\u00e2ncer de pulm\u00e3o"},"content":{"rendered":"<blockquote>\n<p style=\"text-align: center;\">Tratamentos de alto custo dever\u00e3o beneficiar cerca de 1,9 mil paciente<\/p>\n<\/blockquote>\n<figure id=\"attachment_87640\" aria-describedby=\"caption-attachment-87640\" style=\"width: 800px\" class=\"wp-caption aligncenter\"><img loading=\"lazy\" decoding=\"async\" class=\"size-large wp-image-87640\" src=\"https:\/\/portalcantagalo.com.br\/wp-content\/uploads\/2026\/08\/sus-1024x613.webp\" alt=\"\" width=\"800\" height=\"479\" \/><figcaption id=\"caption-attachment-87640\" class=\"wp-caption-text\">\u00a9 Fernando Fraz\u00e3o\/Ag\u00eancia Brasil<\/figcaption><\/figure>\n<p>Tr\u00eas novos medicamentos para o tratamento de c\u00e2ncer de pulm\u00e3o ser\u00e3o disponibilizados a pacientes em tratamento no Sistema \u00danico de Sa\u00fade (SUS) a partir de outubro. S\u00e3o eles o brigatinibe, o gefitinibe e o durvalumabe.\u00a0<img decoding=\"async\" src=\"https:\/\/agenciabrasil.ebc.com.br\/ebc.png?id=1701107&amp;o=node\" \/><img decoding=\"async\" src=\"https:\/\/agenciabrasil.ebc.com.br\/ebc.gif?id=1701107&amp;o=node\" \/><\/p>\n<p>De acordo com o Minist\u00e9rio da Sa\u00fade, cerca de 1,9 mil pacientes devem ser atendidos.\u00a0Consideradas medica\u00e7\u00f5es de alta tecnologia, os rem\u00e9dios podem custar at\u00e9 R$ 643 mil por ano na rede privada.<\/p>\n<p>O brigatinibe e o gefitinibe s\u00e3o duas terapias-alvo orais\u00a0que atuam diretamente sobre altera\u00e7\u00f5es espec\u00edficas das c\u00e9lulas cancer\u00edgenas. Uma das vantagens \u00e9 que o rem\u00e9dio pode ser administrado na casa do paciente com menor incid\u00eancia de eventos adversos em compara\u00e7\u00e3o aos esquemas convencionais de quimioterapia.<\/p>\n<p>O terceiro medicamento, o durvalumabe, estimula a capacidade do sistema imunol\u00f3gico de combater os tumores cancer\u00edgenos. Ele \u00e9 indicado para pacientes com c\u00e2ncer de pulm\u00e3o em est\u00e1gio 3, que n\u00e3o podem ser tratadas com cirurgia.<\/p>\n<p>\u201cO\u00a0tratamento demonstra ganhos na sobrevida global dos pacientes\u201d, segundo o minist\u00e9rio.<\/p>\n<p>As medica\u00e7\u00f5es ser\u00e3o financiadas integralmente pelo governo federal a partir da implementa\u00e7\u00e3o da Assist\u00eancia Farmac\u00eautica Oncol\u00f3gica (AF-Onco), criada para ampliar a oferta de tratamentos pelo SUS.<\/p>\n<p>De acordo com o minist\u00e9rio, ser\u00e3o ofertados por meio da AF-Onco 23 medicamentos oncol\u00f3gicos de alto custo, ampliando em 35% a oferta de tratamentos na rede p\u00fablica.<\/p>\n<p>A estimativa \u00e9 de que mais de 100 mil pessoas sejam contempladas pela pol\u00edtica, com or\u00e7amento anual estimado em R$ 2,1 bilh\u00f5es.<\/p>\n<p><em>Ag\u00eancia Brasil<\/em><\/p>\n","protected":false},"excerpt":{"rendered":"<p>Tratamentos de alto custo dever\u00e3o beneficiar cerca de 1,9 mil paciente Tr\u00eas novos medicamentos para<\/p>\n","protected":false},"author":3,"featured_media":48737,"comment_status":"open","ping_status":"open","sticky":false,"template":"","format":"standard","meta":{"footnotes":""},"categories":[3,7],"tags":[],"class_list":["post-48735","post","type-post","status-publish","format-standard","has-post-thumbnail","hentry","category-destaques","category-saude"],"yoast_head":"<!-- This site is optimized with the Yoast SEO plugin v28.3 - https:\/\/yoast.com\/product\/yoast-seo-wordpress\/ -->\n<title>SUS ter\u00e1 tr\u00eas novos medicamentos para c\u00e2ncer de pulm\u00e3o - Jornal<\/title>\n<meta name=\"description\" content=\"SUS ter\u00e1 tr\u00eas novos medicamentos para c\u00e2ncer de pulm\u00e3o\" \/>\n<meta name=\"robots\" content=\"index, follow, max-snippet:-1, max-image-preview:large, max-video-preview:-1\" \/>\n<link rel=\"canonical\" href=\"https:\/\/jornalboasnoticias.com.br\/home\/sus-tera-tres-novos-medicamentos-para-cancer-de-pulmao\/\" \/>\n<meta property=\"og:locale\" content=\"pt_BR\" \/>\n<meta property=\"og:type\" content=\"article\" \/>\n<meta property=\"og:title\" content=\"SUS ter\u00e1 tr\u00eas novos medicamentos para c\u00e2ncer de pulm\u00e3o - Jornal\" \/>\n<meta property=\"og:description\" content=\"SUS ter\u00e1 tr\u00eas novos medicamentos para c\u00e2ncer de pulm\u00e3o\" \/>\n<meta property=\"og:url\" content=\"https:\/\/jornalboasnoticias.com.br\/home\/sus-tera-tres-novos-medicamentos-para-cancer-de-pulmao\/\" \/>\n<meta property=\"og:site_name\" content=\"Jornal\" \/>\n<meta property=\"article:publisher\" content=\"https:\/\/www.facebook.com\/boasnoticiasjornal\" \/>\n<meta property=\"article:published_time\" content=\"2026-08-31T18:09:17+00:00\" \/>\n<meta property=\"article:modified_time\" content=\"2026-08-31T18:10:51+00:00\" \/>\n<meta property=\"og:image\" content=\"https:\/\/jornalboasnoticias.com.br\/home\/wp-content\/uploads\/2026\/08\/sus1-e1788199830138.jpg\" \/>\n\t<meta property=\"og:image:width\" content=\"1000\" \/>\n\t<meta property=\"og:image:height\" content=\"598\" \/>\n\t<meta property=\"og:image:type\" content=\"image\/jpeg\" \/>\n<meta name=\"author\" content=\"Luiz Carlos da Cruz\" \/>\n<meta name=\"twitter:card\" content=\"summary_large_image\" \/>\n<meta name=\"twitter:label1\" content=\"Escrito por\" \/>\n\t<meta name=\"twitter:data1\" content=\"Luiz Carlos da Cruz\" \/>\n\t<meta name=\"twitter:label2\" content=\"Est. tempo de leitura\" \/>\n\t<meta name=\"twitter:data2\" content=\"3 minutos\" \/>\n<script type=\"application\/ld+json\" class=\"yoast-schema-graph\">{\"@context\":\"https:\\\/\\\/schema.org\",\"@graph\":[{\"@type\":\"Article\",\"@id\":\"https:\\\/\\\/jornalboasnoticias.com.br\\\/home\\\/sus-tera-tres-novos-medicamentos-para-cancer-de-pulmao\\\/#article\",\"isPartOf\":{\"@id\":\"https:\\\/\\\/jornalboasnoticias.com.br\\\/home\\\/sus-tera-tres-novos-medicamentos-para-cancer-de-pulmao\\\/\"},\"author\":{\"name\":\"Luiz Carlos da Cruz\",\"@id\":\"https:\\\/\\\/jornalboasnoticias.com.br\\\/home\\\/#\\\/schema\\\/person\\\/75f9ebde398c998c166475fb446bda62\"},\"headline\":\"SUS ter\u00e1 tr\u00eas novos medicamentos para c\u00e2ncer de pulm\u00e3o\",\"datePublished\":\"2026-08-31T18:09:17+00:00\",\"dateModified\":\"2026-08-31T18:10:51+00:00\",\"mainEntityOfPage\":{\"@id\":\"https:\\\/\\\/jornalboasnoticias.com.br\\\/home\\\/sus-tera-tres-novos-medicamentos-para-cancer-de-pulmao\\\/\"},\"wordCount\":302,\"commentCount\":0,\"publisher\":{\"@id\":\"https:\\\/\\\/jornalboasnoticias.com.br\\\/home\\\/#organization\"},\"image\":{\"@id\":\"https:\\\/\\\/jornalboasnoticias.com.br\\\/home\\\/sus-tera-tres-novos-medicamentos-para-cancer-de-pulmao\\\/#primaryimage\"},\"thumbnailUrl\":\"https:\\\/\\\/jornalboasnoticias.com.br\\\/home\\\/wp-content\\\/uploads\\\/2026\\\/08\\\/sus1-e1788199830138.jpg\",\"articleSection\":[\"DESTAQUE\",\"SA\u00daDE\"],\"inLanguage\":\"pt-BR\",\"potentialAction\":[{\"@type\":\"CommentAction\",\"name\":\"Comment\",\"target\":[\"https:\\\/\\\/jornalboasnoticias.com.br\\\/home\\\/sus-tera-tres-novos-medicamentos-para-cancer-de-pulmao\\\/#respond\"]}]},{\"@type\":\"WebPage\",\"@id\":\"https:\\\/\\\/jornalboasnoticias.com.br\\\/home\\\/sus-tera-tres-novos-medicamentos-para-cancer-de-pulmao\\\/\",\"url\":\"https:\\\/\\\/jornalboasnoticias.com.br\\\/home\\\/sus-tera-tres-novos-medicamentos-para-cancer-de-pulmao\\\/\",\"name\":\"SUS ter\u00e1 tr\u00eas novos medicamentos para c\u00e2ncer de pulm\u00e3o - Jornal\",\"isPartOf\":{\"@id\":\"https:\\\/\\\/jornalboasnoticias.com.br\\\/home\\\/#website\"},\"primaryImageOfPage\":{\"@id\":\"https:\\\/\\\/jornalboasnoticias.com.br\\\/home\\\/sus-tera-tres-novos-medicamentos-para-cancer-de-pulmao\\\/#primaryimage\"},\"image\":{\"@id\":\"https:\\\/\\\/jornalboasnoticias.com.br\\\/home\\\/sus-tera-tres-novos-medicamentos-para-cancer-de-pulmao\\\/#primaryimage\"},\"thumbnailUrl\":\"https:\\\/\\\/jornalboasnoticias.com.br\\\/home\\\/wp-content\\\/uploads\\\/2026\\\/08\\\/sus1-e1788199830138.jpg\",\"datePublished\":\"2026-08-31T18:09:17+00:00\",\"dateModified\":\"2026-08-31T18:10:51+00:00\",\"description\":\"SUS ter\u00e1 tr\u00eas novos medicamentos para c\u00e2ncer de pulm\u00e3o\",\"breadcrumb\":{\"@id\":\"https:\\\/\\\/jornalboasnoticias.com.br\\\/home\\\/sus-tera-tres-novos-medicamentos-para-cancer-de-pulmao\\\/#breadcrumb\"},\"inLanguage\":\"pt-BR\",\"potentialAction\":[{\"@type\":\"ReadAction\",\"target\":[\"https:\\\/\\\/jornalboasnoticias.com.br\\\/home\\\/sus-tera-tres-novos-medicamentos-para-cancer-de-pulmao\\\/\"]}]},{\"@type\":\"ImageObject\",\"inLanguage\":\"pt-BR\",\"@id\":\"https:\\\/\\\/jornalboasnoticias.com.br\\\/home\\\/sus-tera-tres-novos-medicamentos-para-cancer-de-pulmao\\\/#primaryimage\",\"url\":\"https:\\\/\\\/jornalboasnoticias.com.br\\\/home\\\/wp-content\\\/uploads\\\/2026\\\/08\\\/sus1-e1788199830138.jpg\",\"contentUrl\":\"https:\\\/\\\/jornalboasnoticias.com.br\\\/home\\\/wp-content\\\/uploads\\\/2026\\\/08\\\/sus1-e1788199830138.jpg\",\"width\":1000,\"height\":598,\"caption\":\"\u00a9 Fernando Fraz\u00e3o\\\/Ag\u00eancia Brasil\"},{\"@type\":\"BreadcrumbList\",\"@id\":\"https:\\\/\\\/jornalboasnoticias.com.br\\\/home\\\/sus-tera-tres-novos-medicamentos-para-cancer-de-pulmao\\\/#breadcrumb\",\"itemListElement\":[{\"@type\":\"ListItem\",\"position\":1,\"name\":\"In\u00edcio\",\"item\":\"https:\\\/\\\/jornalboasnoticias.com.br\\\/home\\\/\"},{\"@type\":\"ListItem\",\"position\":2,\"name\":\"SUS ter\u00e1 tr\u00eas novos medicamentos para c\u00e2ncer de pulm\u00e3o\"}]},{\"@type\":\"WebSite\",\"@id\":\"https:\\\/\\\/jornalboasnoticias.com.br\\\/home\\\/#website\",\"url\":\"https:\\\/\\\/jornalboasnoticias.com.br\\\/home\\\/\",\"name\":\"Jornal Boas Not\u00edcias\",\"description\":\"Boas not\u00edcias\",\"publisher\":{\"@id\":\"https:\\\/\\\/jornalboasnoticias.com.br\\\/home\\\/#organization\"},\"potentialAction\":[{\"@type\":\"SearchAction\",\"target\":{\"@type\":\"EntryPoint\",\"urlTemplate\":\"https:\\\/\\\/jornalboasnoticias.com.br\\\/home\\\/?s={search_term_string}\"},\"query-input\":{\"@type\":\"PropertyValueSpecification\",\"valueRequired\":true,\"valueName\":\"search_term_string\"}}],\"inLanguage\":\"pt-BR\"},{\"@type\":\"Organization\",\"@id\":\"https:\\\/\\\/jornalboasnoticias.com.br\\\/home\\\/#organization\",\"name\":\"Coq Editora Ltda\",\"alternateName\":\"Jornal Boas Noticias\",\"url\":\"https:\\\/\\\/jornalboasnoticias.com.br\\\/home\\\/\",\"logo\":{\"@type\":\"ImageObject\",\"inLanguage\":\"pt-BR\",\"@id\":\"https:\\\/\\\/jornalboasnoticias.com.br\\\/home\\\/#\\\/schema\\\/logo\\\/image\\\/\",\"url\":\"https:\\\/\\\/jornalboasnoticias.com.br\\\/home\\\/wp-content\\\/uploads\\\/2024\\\/07\\\/cropped-logo.jpg\",\"contentUrl\":\"https:\\\/\\\/jornalboasnoticias.com.br\\\/home\\\/wp-content\\\/uploads\\\/2024\\\/07\\\/cropped-logo.jpg\",\"width\":290,\"height\":142,\"caption\":\"Coq Editora Ltda\"},\"image\":{\"@id\":\"https:\\\/\\\/jornalboasnoticias.com.br\\\/home\\\/#\\\/schema\\\/logo\\\/image\\\/\"},\"sameAs\":[\"https:\\\/\\\/www.facebook.com\\\/boasnoticiasjornal\"]},{\"@type\":\"Person\",\"@id\":\"https:\\\/\\\/jornalboasnoticias.com.br\\\/home\\\/#\\\/schema\\\/person\\\/75f9ebde398c998c166475fb446bda62\",\"name\":\"Luiz Carlos da Cruz\",\"image\":{\"@type\":\"ImageObject\",\"inLanguage\":\"pt-BR\",\"@id\":\"https:\\\/\\\/secure.gravatar.com\\\/avatar\\\/e6f4f45301b6cb8572f7b076572e8ac11c1db80e805d8c8d0858cf286ce3ac3b?s=96&d=mm&r=g\",\"url\":\"https:\\\/\\\/secure.gravatar.com\\\/avatar\\\/e6f4f45301b6cb8572f7b076572e8ac11c1db80e805d8c8d0858cf286ce3ac3b?s=96&d=mm&r=g\",\"contentUrl\":\"https:\\\/\\\/secure.gravatar.com\\\/avatar\\\/e6f4f45301b6cb8572f7b076572e8ac11c1db80e805d8c8d0858cf286ce3ac3b?s=96&d=mm&r=g\",\"caption\":\"Luiz Carlos da Cruz\"},\"url\":\"https:\\\/\\\/jornalboasnoticias.com.br\\\/home\\\/author\\\/luiz-carlos-da-cruz\\\/\"}]}<\/script>\n<!-- \/ Yoast SEO plugin. -->","yoast_head_json":{"title":"SUS ter\u00e1 tr\u00eas novos medicamentos para c\u00e2ncer de pulm\u00e3o - Jornal","description":"SUS ter\u00e1 tr\u00eas novos medicamentos para c\u00e2ncer de pulm\u00e3o","robots":{"index":"index","follow":"follow","max-snippet":"max-snippet:-1","max-image-preview":"max-image-preview:large","max-video-preview":"max-video-preview:-1"},"canonical":"https:\/\/jornalboasnoticias.com.br\/home\/sus-tera-tres-novos-medicamentos-para-cancer-de-pulmao\/","og_locale":"pt_BR","og_type":"article","og_title":"SUS ter\u00e1 tr\u00eas novos medicamentos para c\u00e2ncer de pulm\u00e3o - Jornal","og_description":"SUS ter\u00e1 tr\u00eas novos medicamentos para c\u00e2ncer de pulm\u00e3o","og_url":"https:\/\/jornalboasnoticias.com.br\/home\/sus-tera-tres-novos-medicamentos-para-cancer-de-pulmao\/","og_site_name":"Jornal","article_publisher":"https:\/\/www.facebook.com\/boasnoticiasjornal","article_published_time":"2026-08-31T18:09:17+00:00","article_modified_time":"2026-08-31T18:10:51+00:00","og_image":[{"width":1000,"height":598,"url":"https:\/\/jornalboasnoticias.com.br\/home\/wp-content\/uploads\/2026\/08\/sus1-e1788199830138.jpg","type":"image\/jpeg"}],"author":"Luiz Carlos da Cruz","twitter_card":"summary_large_image","twitter_misc":{"Escrito por":"Luiz Carlos da Cruz","Est. tempo de leitura":"3 minutos"},"schema":{"@context":"https:\/\/schema.org","@graph":[{"@type":"Article","@id":"https:\/\/jornalboasnoticias.com.br\/home\/sus-tera-tres-novos-medicamentos-para-cancer-de-pulmao\/#article","isPartOf":{"@id":"https:\/\/jornalboasnoticias.com.br\/home\/sus-tera-tres-novos-medicamentos-para-cancer-de-pulmao\/"},"author":{"name":"Luiz Carlos da Cruz","@id":"https:\/\/jornalboasnoticias.com.br\/home\/#\/schema\/person\/75f9ebde398c998c166475fb446bda62"},"headline":"SUS ter\u00e1 tr\u00eas novos medicamentos para c\u00e2ncer de pulm\u00e3o","datePublished":"2026-08-31T18:09:17+00:00","dateModified":"2026-08-31T18:10:51+00:00","mainEntityOfPage":{"@id":"https:\/\/jornalboasnoticias.com.br\/home\/sus-tera-tres-novos-medicamentos-para-cancer-de-pulmao\/"},"wordCount":302,"commentCount":0,"publisher":{"@id":"https:\/\/jornalboasnoticias.com.br\/home\/#organization"},"image":{"@id":"https:\/\/jornalboasnoticias.com.br\/home\/sus-tera-tres-novos-medicamentos-para-cancer-de-pulmao\/#primaryimage"},"thumbnailUrl":"https:\/\/jornalboasnoticias.com.br\/home\/wp-content\/uploads\/2026\/08\/sus1-e1788199830138.jpg","articleSection":["DESTAQUE","SA\u00daDE"],"inLanguage":"pt-BR","potentialAction":[{"@type":"CommentAction","name":"Comment","target":["https:\/\/jornalboasnoticias.com.br\/home\/sus-tera-tres-novos-medicamentos-para-cancer-de-pulmao\/#respond"]}]},{"@type":"WebPage","@id":"https:\/\/jornalboasnoticias.com.br\/home\/sus-tera-tres-novos-medicamentos-para-cancer-de-pulmao\/","url":"https:\/\/jornalboasnoticias.com.br\/home\/sus-tera-tres-novos-medicamentos-para-cancer-de-pulmao\/","name":"SUS ter\u00e1 tr\u00eas novos medicamentos para c\u00e2ncer de pulm\u00e3o - Jornal","isPartOf":{"@id":"https:\/\/jornalboasnoticias.com.br\/home\/#website"},"primaryImageOfPage":{"@id":"https:\/\/jornalboasnoticias.com.br\/home\/sus-tera-tres-novos-medicamentos-para-cancer-de-pulmao\/#primaryimage"},"image":{"@id":"https:\/\/jornalboasnoticias.com.br\/home\/sus-tera-tres-novos-medicamentos-para-cancer-de-pulmao\/#primaryimage"},"thumbnailUrl":"https:\/\/jornalboasnoticias.com.br\/home\/wp-content\/uploads\/2026\/08\/sus1-e1788199830138.jpg","datePublished":"2026-08-31T18:09:17+00:00","dateModified":"2026-08-31T18:10:51+00:00","description":"SUS ter\u00e1 tr\u00eas novos medicamentos para c\u00e2ncer de pulm\u00e3o","breadcrumb":{"@id":"https:\/\/jornalboasnoticias.com.br\/home\/sus-tera-tres-novos-medicamentos-para-cancer-de-pulmao\/#breadcrumb"},"inLanguage":"pt-BR","potentialAction":[{"@type":"ReadAction","target":["https:\/\/jornalboasnoticias.com.br\/home\/sus-tera-tres-novos-medicamentos-para-cancer-de-pulmao\/"]}]},{"@type":"ImageObject","inLanguage":"pt-BR","@id":"https:\/\/jornalboasnoticias.com.br\/home\/sus-tera-tres-novos-medicamentos-para-cancer-de-pulmao\/#primaryimage","url":"https:\/\/jornalboasnoticias.com.br\/home\/wp-content\/uploads\/2026\/08\/sus1-e1788199830138.jpg","contentUrl":"https:\/\/jornalboasnoticias.com.br\/home\/wp-content\/uploads\/2026\/08\/sus1-e1788199830138.jpg","width":1000,"height":598,"caption":"\u00a9 Fernando Fraz\u00e3o\/Ag\u00eancia Brasil"},{"@type":"BreadcrumbList","@id":"https:\/\/jornalboasnoticias.com.br\/home\/sus-tera-tres-novos-medicamentos-para-cancer-de-pulmao\/#breadcrumb","itemListElement":[{"@type":"ListItem","position":1,"name":"In\u00edcio","item":"https:\/\/jornalboasnoticias.com.br\/home\/"},{"@type":"ListItem","position":2,"name":"SUS ter\u00e1 tr\u00eas novos medicamentos para c\u00e2ncer de pulm\u00e3o"}]},{"@type":"WebSite","@id":"https:\/\/jornalboasnoticias.com.br\/home\/#website","url":"https:\/\/jornalboasnoticias.com.br\/home\/","name":"Jornal Boas Not\u00edcias","description":"Boas not\u00edcias","publisher":{"@id":"https:\/\/jornalboasnoticias.com.br\/home\/#organization"},"potentialAction":[{"@type":"SearchAction","target":{"@type":"EntryPoint","urlTemplate":"https:\/\/jornalboasnoticias.com.br\/home\/?s={search_term_string}"},"query-input":{"@type":"PropertyValueSpecification","valueRequired":true,"valueName":"search_term_string"}}],"inLanguage":"pt-BR"},{"@type":"Organization","@id":"https:\/\/jornalboasnoticias.com.br\/home\/#organization","name":"Coq Editora Ltda","alternateName":"Jornal Boas Noticias","url":"https:\/\/jornalboasnoticias.com.br\/home\/","logo":{"@type":"ImageObject","inLanguage":"pt-BR","@id":"https:\/\/jornalboasnoticias.com.br\/home\/#\/schema\/logo\/image\/","url":"https:\/\/jornalboasnoticias.com.br\/home\/wp-content\/uploads\/2024\/07\/cropped-logo.jpg","contentUrl":"https:\/\/jornalboasnoticias.com.br\/home\/wp-content\/uploads\/2024\/07\/cropped-logo.jpg","width":290,"height":142,"caption":"Coq Editora Ltda"},"image":{"@id":"https:\/\/jornalboasnoticias.com.br\/home\/#\/schema\/logo\/image\/"},"sameAs":["https:\/\/www.facebook.com\/boasnoticiasjornal"]},{"@type":"Person","@id":"https:\/\/jornalboasnoticias.com.br\/home\/#\/schema\/person\/75f9ebde398c998c166475fb446bda62","name":"Luiz Carlos da Cruz","image":{"@type":"ImageObject","inLanguage":"pt-BR","@id":"https:\/\/secure.gravatar.com\/avatar\/e6f4f45301b6cb8572f7b076572e8ac11c1db80e805d8c8d0858cf286ce3ac3b?s=96&d=mm&r=g","url":"https:\/\/secure.gravatar.com\/avatar\/e6f4f45301b6cb8572f7b076572e8ac11c1db80e805d8c8d0858cf286ce3ac3b?s=96&d=mm&r=g","contentUrl":"https:\/\/secure.gravatar.com\/avatar\/e6f4f45301b6cb8572f7b076572e8ac11c1db80e805d8c8d0858cf286ce3ac3b?s=96&d=mm&r=g","caption":"Luiz Carlos da Cruz"},"url":"https:\/\/jornalboasnoticias.com.br\/home\/author\/luiz-carlos-da-cruz\/"}]}},"_links":{"self":[{"href":"https:\/\/jornalboasnoticias.com.br\/home\/wp-json\/wp\/v2\/posts\/48735","targetHints":{"allow":["GET"]}}],"collection":[{"href":"https:\/\/jornalboasnoticias.com.br\/home\/wp-json\/wp\/v2\/posts"}],"about":[{"href":"https:\/\/jornalboasnoticias.com.br\/home\/wp-json\/wp\/v2\/types\/post"}],"author":[{"embeddable":true,"href":"https:\/\/jornalboasnoticias.com.br\/home\/wp-json\/wp\/v2\/users\/3"}],"replies":[{"embeddable":true,"href":"https:\/\/jornalboasnoticias.com.br\/home\/wp-json\/wp\/v2\/comments?post=48735"}],"version-history":[{"count":1,"href":"https:\/\/jornalboasnoticias.com.br\/home\/wp-json\/wp\/v2\/posts\/48735\/revisions"}],"predecessor-version":[{"id":48738,"href":"https:\/\/jornalboasnoticias.com.br\/home\/wp-json\/wp\/v2\/posts\/48735\/revisions\/48738"}],"wp:featuredmedia":[{"embeddable":true,"href":"https:\/\/jornalboasnoticias.com.br\/home\/wp-json\/wp\/v2\/media\/48737"}],"wp:attachment":[{"href":"https:\/\/jornalboasnoticias.com.br\/home\/wp-json\/wp\/v2\/media?parent=48735"}],"wp:term":[{"taxonomy":"category","embeddable":true,"href":"https:\/\/jornalboasnoticias.com.br\/home\/wp-json\/wp\/v2\/categories?post=48735"},{"taxonomy":"post_tag","embeddable":true,"href":"https:\/\/jornalboasnoticias.com.br\/home\/wp-json\/wp\/v2\/tags?post=48735"}],"curies":[{"name":"wp","href":"https:\/\/api.w.org\/{rel}","templated":true}]}}