{"id":48728,"date":"2026-08-31T14:47:31","date_gmt":"2026-08-31T14:47:31","guid":{"rendered":"https:\/\/jornalboasnoticias.com.br\/home\/?p=48728"},"modified":"2026-08-31T14:47:31","modified_gmt":"2026-08-31T14:47:31","slug":"tempestades-persistem-no-parana-nesta-terca-aliviam-na-quarta-e-voltam-na-quinta","status":"publish","type":"post","link":"https:\/\/jornalboasnoticias.com.br\/home\/tempestades-persistem-no-parana-nesta-terca-aliviam-na-quarta-e-voltam-na-quinta\/","title":{"rendered":"Tempestades persistem no Paran\u00e1 nesta ter\u00e7a, aliviam na quarta e voltam na quinta"},"content":{"rendered":"<blockquote>\n<p style=\"text-align: center;\">Chuva forte, granizo e ventos de at\u00e9 95,8 km\/h causaram estragos em diferentes regi\u00f5es do Estado; instabilidade retorna entre quinta e sexta-feira<\/p>\n<\/blockquote>\n<figure id=\"attachment_48729\" aria-describedby=\"caption-attachment-48729\" style=\"width: 1000px\" class=\"wp-caption alignnone\"><img loading=\"lazy\" decoding=\"async\" class=\"size-full wp-image-48729\" src=\"https:\/\/jornalboasnoticias.com.br\/home\/wp-content\/uploads\/2026\/08\/img_5997-scaled-e1788187606412.jpg\" alt=\"\" width=\"1000\" height=\"667\" \/><figcaption id=\"caption-attachment-48729\" class=\"wp-caption-text\">Foto: Jos\u00e9 Fernando Ogura\/Arquivo AEN<\/figcaption><\/figure>\n<p>As tempestades que atingiram o Paran\u00e1 durante o fim de semana ocasionaram danos em pelo menos dez munic\u00edpios, de acordo com a Defesa Civil Estadual. A chuva segue com forte intensidade em algumas regi\u00f5es do estado at\u00e9 esta ter\u00e7a-feira (1.\u00ba). Segundo o Simepar (Sistema de Tecnologia e Monitoramento Ambiental do Paran\u00e1), as tempestades d\u00e3o uma tr\u00e9gua na quarta (02), mas voltam entre quinta (03) e sexta-feira (03) ao Estado.<\/p>\n<p>As tempestades come\u00e7aram s\u00e1bado (29) devido a um conjunto de fatores: uma frente fria semi-estacion\u00e1ria na altura do Rio Grande do Sul, somada a um ar bastante aquecido e \u00famido sobre o Sul do Brasil de modo geral, e a presen\u00e7a de uma \u00e1rea de baixa press\u00e3o em superf\u00edcie, al\u00e9m de algumas perturba\u00e7\u00f5es meteorol\u00f3gicas em m\u00e9dios e altos n\u00edveis da atmosfera.<\/p>\n<p>\u00c1reas de instabilidade se formaram no Sul e no Leste do estado, bem como em pequenas \u00e1reas dos Campos Gerais e a faixa Central do Paran\u00e1. As temperaturas passaram dos 30\u00b0C em 36 esta\u00e7\u00f5es meteorol\u00f3gicas do Simepar pelo estado, o que tamb\u00e9m favoreceu a forma\u00e7\u00e3o de tempestades.<\/p>\n<p>Os volumes de chuva n\u00e3o passaram dos 10 mm, mas as rajadas de vento superaram 60 km\/h nas esta\u00e7\u00f5es meteorol\u00f3gicas do Simepar que ficam no Distrito de Entre Rios, em Guarapuava; em General Carneiro; Laranjeiras do Sul; Maring\u00e1; no Pico Marumbi; no Distrito de Horizonte, em Palmas; e em Santa Maria do Oeste.<\/p>\n<p>No domingo (30), com o aprofundamento da \u00e1rea de baixa press\u00e3o e a intensifica\u00e7\u00e3o do escoamento dos ventos da regi\u00e3o amaz\u00f4nica para o Sul do Brasil transportando calor e umidade, as chuvas que j\u00e1 vinham atuando com for\u00e7a sobre o Rio Grande do Sul e Santa Catarina avan\u00e7aram sobre o Paran\u00e1. O abafamento ficou mais persistente no Noroeste e Norte do estado, mas a converg\u00eancia dos ventos estava mais persistente sobre a metade sul e a regi\u00e3o Leste do Paran\u00e1, justamente onde foram registrados os maiores acumulados de chuva durante o domingo, al\u00e9m de precipita\u00e7\u00f5es de granizo.<\/p>\n<p>As rajadas de vento foram mais fortes em Santa Maria do Oeste \u00e0s 13h45 (95,8 km\/h); em Gua\u00edra \u00e0s 9h30 (74,2 km\/h); em Laranjeiras do Sul \u00e0s 12h30 (69,8 km\/h); em Guarapuava \u00e0s 7h (67,7 km\/h); em Toledo \u00e0s 10h30 (67 km\/h); e em Ponta Grossa \u00e0s 15h (65,9 km\/h). Os maiores volumes de domingo ocorreram nas esta\u00e7\u00f5es do Simepar em Morretes (73,4 mm), Uni\u00e3o da Vit\u00f3ria (66,4 mm), Curitiba (53,8 mm), Palmas (52,2 mm), e Cerro Azul (48,6 mm).<\/p>\n<p>No domingo, os sensores de raios do Simepar contabilizaram 30.313 raios nuvem-solo em 364 dos 399 munic\u00edpios paranaeneses. As cidades com maior incid\u00eancia foram Mangueirinha (939 raios) e Pinh\u00e3o (833 raios).<\/p>\n<h2><strong>OCORR\u00caNCIAS<\/strong><\/h2>\n<p>At\u00e9 o in\u00edcio da manh\u00e3 desta segunda-feira (31), a Defesa Civil Estadual registrou 10 munic\u00edpios com estragos decorrentes das tempestades com vendaval e granizo no fim de semana. Os casos mais graves foram em Pinh\u00e3o, no Centro-Sul do estado, onde o granizo danificou a cobertura de 304 im\u00f3veis. Situa\u00e7\u00e3o semelhante a de Marmeleiro, no Sudoeste, que contabilizou 300 resid\u00eancias danificadas em raz\u00e3o da queda de granizo. Tamb\u00e9m houve ocorr\u00eancias em Adrian\u00f3polis, Alto Piquiri, Arapoti, Cafezal do Sul, Cand\u00f3i, Londrina, Renascen\u00e7a e Toledo.<\/p>\n<p>Equipes dos N\u00facleos de Atua\u00e7\u00e3o Regional (NAR) prestam aux\u00edlio complementar aos munic\u00edpios desde o comunicado das ocorr\u00eancias. O levantamento total dos danos pelas prefeituras ainda est\u00e1 em andamento.<\/p>\n<p>Em raz\u00e3o das condi\u00e7\u00f5es adversas deste domingo, foram emitidos 30 alertas de risco alto (laranja) e 15 Defesa Civil Alerta, de risco muito alto (vermelho) com uso da tecnologia cell broadcast para as regi\u00f5es Sudoeste, Centro-Sul e Norte Pioneiro.<\/p>\n<h2><strong>PREVIS\u00c3O<\/strong><\/h2>\n<p>Ao longo da madrugada desta segunda-feira (31), \u00e1reas de instabilidade continuaram atuando sobre o Paran\u00e1. Antes mesmo das 9h, os volumes de chuva j\u00e1 tinham ultrapassado os 40 mm em S\u00e3o Jorge d&#8217;Oeste (42,2 mm), Capanema (53,4 mm), Cruzeiro do Igua\u00e7u (63,6 mm), Laranjeiras do Sul (57,4 mm), Quedas do Igua\u00e7u (46,2 mm), Nova Prata do Igua\u00e7u (57,8 mm), S\u00e3o Mateus do Sul (47,2 mm), Ver\u00ea (45,6 mm) e Boa Vista da Aparecida (74,2 mm).<\/p>\n<p>A atividade el\u00e9trica segue persistente. Nesta segunda-feira os sensores de raios do Simepar contabilizaram 11.800 raios nuvem-solo entre 0h e 10h, em 232 dos 399 munic\u00edpios do estado. As cidades com maior incid\u00eancia de raios foram Guarapuava (529) e Cand\u00f3i (518).<\/p>\n<p>A instabilidade persiste ao longo do dia, se estendendo sobre as demais regi\u00f5es paranaenses, principalmente no per\u00edodo da tarde. Devido \u00e0 nebulosidade e chuva persistente, as temperaturas ficam mais amenas na metade sul do estado. No Norte e Noroeste as temperaturas ficam mais elevadas, podendo chegar aos 30\u00b0C, at\u00e9 mesmo com presen\u00e7a de sol em alguns momentos.<\/p>\n<p>Entre a tarde e a noite, as chuvas avan\u00e7am para o Norte, Campos Gerais e Leste, e estendem-se at\u00e9 a madrugada da ter\u00e7a-feira (1.\u00ba). Ao longo do dia, a chuva fica mais concentrada sobre a faixa norte, regi\u00e3o dos Campos Gerais e Leste, com tend\u00eancia de melhoria nas condi\u00e7\u00f5es meteorol\u00f3gicas no Oeste, Centro e Sul do Paran\u00e1, onde o sol j\u00e1 aparece no per\u00edodo da tarde.<\/p>\n<p>As chuvas se afastam do Paran\u00e1, com o frio retornando sobre o estado entre a ter\u00e7a e a quarta-feira. H\u00e1 possibilidade para geada de fraca intensidade no extremo Sul do estado. O sol predomina na quarta e na quinta-feira (03), mas as temperaturas m\u00e1ximas n\u00e3o sobem muito: ficam abaixo dos 20\u00b0C no Centro-Sul, Sudeste e Leste, em torno dos 20\u00b0C no Oeste e Sudoeste, e acima dos 25\u00b0C no Norte e Noroeste.<\/p>\n<p>O Simepar j\u00e1 monitora o retorno das chuvas entre a quinta e a sexta-feira (04) sobre o Paran\u00e1. H\u00e1 previs\u00e3o de pancadas de chuva com trovoadas localizadas sobre todas as regi\u00f5es. Novos boletins ser\u00e3o emitidos nos pr\u00f3ximos dias.<\/p>\n<p><em>Informa\u00e7\u00f5es Simepar<\/em><\/p>\n","protected":false},"excerpt":{"rendered":"<p>Chuva forte, granizo e ventos de at\u00e9 95,8 km\/h causaram estragos em diferentes regi\u00f5es do<\/p>\n","protected":false},"author":3,"featured_media":48729,"comment_status":"open","ping_status":"open","sticky":false,"template":"","format":"standard","meta":{"footnotes":""},"categories":[3,4],"tags":[],"class_list":["post-48728","post","type-post","status-publish","format-standard","has-post-thumbnail","hentry","category-destaques","category-parana"],"yoast_head":"<!-- This site is optimized with the Yoast SEO plugin v28.3 - https:\/\/yoast.com\/product\/yoast-seo-wordpress\/ -->\n<title>Tempestades persistem no Paran\u00e1 nesta ter\u00e7a, aliviam na quarta e voltam na quinta - Jornal<\/title>\n<meta name=\"description\" content=\"Tempestades persistem no Paran\u00e1 nesta ter\u00e7a, aliviam na quarta e voltam na quinta\" \/>\n<meta name=\"robots\" content=\"index, follow, max-snippet:-1, max-image-preview:large, max-video-preview:-1\" \/>\n<link rel=\"canonical\" href=\"https:\/\/jornalboasnoticias.com.br\/home\/tempestades-persistem-no-parana-nesta-terca-aliviam-na-quarta-e-voltam-na-quinta\/\" \/>\n<meta property=\"og:locale\" content=\"pt_BR\" \/>\n<meta property=\"og:type\" content=\"article\" \/>\n<meta property=\"og:title\" content=\"Tempestades persistem no Paran\u00e1 nesta ter\u00e7a, aliviam na quarta e voltam na quinta - Jornal\" \/>\n<meta property=\"og:description\" content=\"Tempestades persistem no Paran\u00e1 nesta ter\u00e7a, aliviam na quarta e voltam na quinta\" \/>\n<meta property=\"og:url\" content=\"https:\/\/jornalboasnoticias.com.br\/home\/tempestades-persistem-no-parana-nesta-terca-aliviam-na-quarta-e-voltam-na-quinta\/\" \/>\n<meta property=\"og:site_name\" content=\"Jornal\" \/>\n<meta property=\"article:publisher\" content=\"https:\/\/www.facebook.com\/boasnoticiasjornal\" \/>\n<meta property=\"article:published_time\" content=\"2026-08-31T14:47:31+00:00\" \/>\n<meta property=\"og:image\" content=\"https:\/\/jornalboasnoticias.com.br\/home\/wp-content\/uploads\/2026\/08\/img_5997-scaled-e1788187606412.jpg\" \/>\n\t<meta property=\"og:image:width\" content=\"1000\" \/>\n\t<meta property=\"og:image:height\" content=\"667\" \/>\n\t<meta property=\"og:image:type\" content=\"image\/jpeg\" \/>\n<meta name=\"author\" content=\"Luiz Carlos da Cruz\" \/>\n<meta name=\"twitter:card\" content=\"summary_large_image\" \/>\n<meta name=\"twitter:label1\" content=\"Escrito por\" \/>\n\t<meta name=\"twitter:data1\" content=\"Luiz Carlos da Cruz\" \/>\n\t<meta name=\"twitter:label2\" content=\"Est. tempo de leitura\" \/>\n\t<meta name=\"twitter:data2\" content=\"6 minutos\" \/>\n<script type=\"application\/ld+json\" class=\"yoast-schema-graph\">{\"@context\":\"https:\\\/\\\/schema.org\",\"@graph\":[{\"@type\":\"Article\",\"@id\":\"https:\\\/\\\/jornalboasnoticias.com.br\\\/home\\\/tempestades-persistem-no-parana-nesta-terca-aliviam-na-quarta-e-voltam-na-quinta\\\/#article\",\"isPartOf\":{\"@id\":\"https:\\\/\\\/jornalboasnoticias.com.br\\\/home\\\/tempestades-persistem-no-parana-nesta-terca-aliviam-na-quarta-e-voltam-na-quinta\\\/\"},\"author\":{\"name\":\"Luiz Carlos da Cruz\",\"@id\":\"https:\\\/\\\/jornalboasnoticias.com.br\\\/home\\\/#\\\/schema\\\/person\\\/75f9ebde398c998c166475fb446bda62\"},\"headline\":\"Tempestades persistem no Paran\u00e1 nesta ter\u00e7a, aliviam na quarta e voltam na quinta\",\"datePublished\":\"2026-08-31T14:47:31+00:00\",\"mainEntityOfPage\":{\"@id\":\"https:\\\/\\\/jornalboasnoticias.com.br\\\/home\\\/tempestades-persistem-no-parana-nesta-terca-aliviam-na-quarta-e-voltam-na-quinta\\\/\"},\"wordCount\":1035,\"commentCount\":0,\"publisher\":{\"@id\":\"https:\\\/\\\/jornalboasnoticias.com.br\\\/home\\\/#organization\"},\"image\":{\"@id\":\"https:\\\/\\\/jornalboasnoticias.com.br\\\/home\\\/tempestades-persistem-no-parana-nesta-terca-aliviam-na-quarta-e-voltam-na-quinta\\\/#primaryimage\"},\"thumbnailUrl\":\"https:\\\/\\\/jornalboasnoticias.com.br\\\/home\\\/wp-content\\\/uploads\\\/2026\\\/08\\\/img_5997-scaled-e1788187606412.jpg\",\"articleSection\":[\"DESTAQUE\",\"PARAN\u00c1\"],\"inLanguage\":\"pt-BR\",\"potentialAction\":[{\"@type\":\"CommentAction\",\"name\":\"Comment\",\"target\":[\"https:\\\/\\\/jornalboasnoticias.com.br\\\/home\\\/tempestades-persistem-no-parana-nesta-terca-aliviam-na-quarta-e-voltam-na-quinta\\\/#respond\"]}]},{\"@type\":\"WebPage\",\"@id\":\"https:\\\/\\\/jornalboasnoticias.com.br\\\/home\\\/tempestades-persistem-no-parana-nesta-terca-aliviam-na-quarta-e-voltam-na-quinta\\\/\",\"url\":\"https:\\\/\\\/jornalboasnoticias.com.br\\\/home\\\/tempestades-persistem-no-parana-nesta-terca-aliviam-na-quarta-e-voltam-na-quinta\\\/\",\"name\":\"Tempestades persistem no Paran\u00e1 nesta ter\u00e7a, aliviam na quarta e voltam na quinta - Jornal\",\"isPartOf\":{\"@id\":\"https:\\\/\\\/jornalboasnoticias.com.br\\\/home\\\/#website\"},\"primaryImageOfPage\":{\"@id\":\"https:\\\/\\\/jornalboasnoticias.com.br\\\/home\\\/tempestades-persistem-no-parana-nesta-terca-aliviam-na-quarta-e-voltam-na-quinta\\\/#primaryimage\"},\"image\":{\"@id\":\"https:\\\/\\\/jornalboasnoticias.com.br\\\/home\\\/tempestades-persistem-no-parana-nesta-terca-aliviam-na-quarta-e-voltam-na-quinta\\\/#primaryimage\"},\"thumbnailUrl\":\"https:\\\/\\\/jornalboasnoticias.com.br\\\/home\\\/wp-content\\\/uploads\\\/2026\\\/08\\\/img_5997-scaled-e1788187606412.jpg\",\"datePublished\":\"2026-08-31T14:47:31+00:00\",\"description\":\"Tempestades persistem no Paran\u00e1 nesta ter\u00e7a, aliviam na quarta e voltam na quinta\",\"breadcrumb\":{\"@id\":\"https:\\\/\\\/jornalboasnoticias.com.br\\\/home\\\/tempestades-persistem-no-parana-nesta-terca-aliviam-na-quarta-e-voltam-na-quinta\\\/#breadcrumb\"},\"inLanguage\":\"pt-BR\",\"potentialAction\":[{\"@type\":\"ReadAction\",\"target\":[\"https:\\\/\\\/jornalboasnoticias.com.br\\\/home\\\/tempestades-persistem-no-parana-nesta-terca-aliviam-na-quarta-e-voltam-na-quinta\\\/\"]}]},{\"@type\":\"ImageObject\",\"inLanguage\":\"pt-BR\",\"@id\":\"https:\\\/\\\/jornalboasnoticias.com.br\\\/home\\\/tempestades-persistem-no-parana-nesta-terca-aliviam-na-quarta-e-voltam-na-quinta\\\/#primaryimage\",\"url\":\"https:\\\/\\\/jornalboasnoticias.com.br\\\/home\\\/wp-content\\\/uploads\\\/2026\\\/08\\\/img_5997-scaled-e1788187606412.jpg\",\"contentUrl\":\"https:\\\/\\\/jornalboasnoticias.com.br\\\/home\\\/wp-content\\\/uploads\\\/2026\\\/08\\\/img_5997-scaled-e1788187606412.jpg\",\"width\":1000,\"height\":667,\"caption\":\"Foto: Jos\u00e9 Fernando Ogura\\\/Arquivo AEN\"},{\"@type\":\"BreadcrumbList\",\"@id\":\"https:\\\/\\\/jornalboasnoticias.com.br\\\/home\\\/tempestades-persistem-no-parana-nesta-terca-aliviam-na-quarta-e-voltam-na-quinta\\\/#breadcrumb\",\"itemListElement\":[{\"@type\":\"ListItem\",\"position\":1,\"name\":\"In\u00edcio\",\"item\":\"https:\\\/\\\/jornalboasnoticias.com.br\\\/home\\\/\"},{\"@type\":\"ListItem\",\"position\":2,\"name\":\"Tempestades persistem no Paran\u00e1 nesta ter\u00e7a, aliviam na quarta e voltam na quinta\"}]},{\"@type\":\"WebSite\",\"@id\":\"https:\\\/\\\/jornalboasnoticias.com.br\\\/home\\\/#website\",\"url\":\"https:\\\/\\\/jornalboasnoticias.com.br\\\/home\\\/\",\"name\":\"Jornal Boas Not\u00edcias\",\"description\":\"Boas not\u00edcias\",\"publisher\":{\"@id\":\"https:\\\/\\\/jornalboasnoticias.com.br\\\/home\\\/#organization\"},\"potentialAction\":[{\"@type\":\"SearchAction\",\"target\":{\"@type\":\"EntryPoint\",\"urlTemplate\":\"https:\\\/\\\/jornalboasnoticias.com.br\\\/home\\\/?s={search_term_string}\"},\"query-input\":{\"@type\":\"PropertyValueSpecification\",\"valueRequired\":true,\"valueName\":\"search_term_string\"}}],\"inLanguage\":\"pt-BR\"},{\"@type\":\"Organization\",\"@id\":\"https:\\\/\\\/jornalboasnoticias.com.br\\\/home\\\/#organization\",\"name\":\"Coq Editora Ltda\",\"alternateName\":\"Jornal Boas Noticias\",\"url\":\"https:\\\/\\\/jornalboasnoticias.com.br\\\/home\\\/\",\"logo\":{\"@type\":\"ImageObject\",\"inLanguage\":\"pt-BR\",\"@id\":\"https:\\\/\\\/jornalboasnoticias.com.br\\\/home\\\/#\\\/schema\\\/logo\\\/image\\\/\",\"url\":\"https:\\\/\\\/jornalboasnoticias.com.br\\\/home\\\/wp-content\\\/uploads\\\/2024\\\/07\\\/cropped-logo.jpg\",\"contentUrl\":\"https:\\\/\\\/jornalboasnoticias.com.br\\\/home\\\/wp-content\\\/uploads\\\/2024\\\/07\\\/cropped-logo.jpg\",\"width\":290,\"height\":142,\"caption\":\"Coq Editora Ltda\"},\"image\":{\"@id\":\"https:\\\/\\\/jornalboasnoticias.com.br\\\/home\\\/#\\\/schema\\\/logo\\\/image\\\/\"},\"sameAs\":[\"https:\\\/\\\/www.facebook.com\\\/boasnoticiasjornal\"]},{\"@type\":\"Person\",\"@id\":\"https:\\\/\\\/jornalboasnoticias.com.br\\\/home\\\/#\\\/schema\\\/person\\\/75f9ebde398c998c166475fb446bda62\",\"name\":\"Luiz Carlos da Cruz\",\"image\":{\"@type\":\"ImageObject\",\"inLanguage\":\"pt-BR\",\"@id\":\"https:\\\/\\\/secure.gravatar.com\\\/avatar\\\/e6f4f45301b6cb8572f7b076572e8ac11c1db80e805d8c8d0858cf286ce3ac3b?s=96&d=mm&r=g\",\"url\":\"https:\\\/\\\/secure.gravatar.com\\\/avatar\\\/e6f4f45301b6cb8572f7b076572e8ac11c1db80e805d8c8d0858cf286ce3ac3b?s=96&d=mm&r=g\",\"contentUrl\":\"https:\\\/\\\/secure.gravatar.com\\\/avatar\\\/e6f4f45301b6cb8572f7b076572e8ac11c1db80e805d8c8d0858cf286ce3ac3b?s=96&d=mm&r=g\",\"caption\":\"Luiz Carlos da Cruz\"},\"url\":\"https:\\\/\\\/jornalboasnoticias.com.br\\\/home\\\/author\\\/luiz-carlos-da-cruz\\\/\"}]}<\/script>\n<!-- \/ Yoast SEO plugin. -->","yoast_head_json":{"title":"Tempestades persistem no Paran\u00e1 nesta ter\u00e7a, aliviam na quarta e voltam na quinta - Jornal","description":"Tempestades persistem no Paran\u00e1 nesta ter\u00e7a, aliviam na quarta e voltam na quinta","robots":{"index":"index","follow":"follow","max-snippet":"max-snippet:-1","max-image-preview":"max-image-preview:large","max-video-preview":"max-video-preview:-1"},"canonical":"https:\/\/jornalboasnoticias.com.br\/home\/tempestades-persistem-no-parana-nesta-terca-aliviam-na-quarta-e-voltam-na-quinta\/","og_locale":"pt_BR","og_type":"article","og_title":"Tempestades persistem no Paran\u00e1 nesta ter\u00e7a, aliviam na quarta e voltam na quinta - Jornal","og_description":"Tempestades persistem no Paran\u00e1 nesta ter\u00e7a, aliviam na quarta e voltam na quinta","og_url":"https:\/\/jornalboasnoticias.com.br\/home\/tempestades-persistem-no-parana-nesta-terca-aliviam-na-quarta-e-voltam-na-quinta\/","og_site_name":"Jornal","article_publisher":"https:\/\/www.facebook.com\/boasnoticiasjornal","article_published_time":"2026-08-31T14:47:31+00:00","og_image":[{"width":1000,"height":667,"url":"https:\/\/jornalboasnoticias.com.br\/home\/wp-content\/uploads\/2026\/08\/img_5997-scaled-e1788187606412.jpg","type":"image\/jpeg"}],"author":"Luiz Carlos da Cruz","twitter_card":"summary_large_image","twitter_misc":{"Escrito por":"Luiz Carlos da Cruz","Est. tempo de leitura":"6 minutos"},"schema":{"@context":"https:\/\/schema.org","@graph":[{"@type":"Article","@id":"https:\/\/jornalboasnoticias.com.br\/home\/tempestades-persistem-no-parana-nesta-terca-aliviam-na-quarta-e-voltam-na-quinta\/#article","isPartOf":{"@id":"https:\/\/jornalboasnoticias.com.br\/home\/tempestades-persistem-no-parana-nesta-terca-aliviam-na-quarta-e-voltam-na-quinta\/"},"author":{"name":"Luiz Carlos da Cruz","@id":"https:\/\/jornalboasnoticias.com.br\/home\/#\/schema\/person\/75f9ebde398c998c166475fb446bda62"},"headline":"Tempestades persistem no Paran\u00e1 nesta ter\u00e7a, aliviam na quarta e voltam na quinta","datePublished":"2026-08-31T14:47:31+00:00","mainEntityOfPage":{"@id":"https:\/\/jornalboasnoticias.com.br\/home\/tempestades-persistem-no-parana-nesta-terca-aliviam-na-quarta-e-voltam-na-quinta\/"},"wordCount":1035,"commentCount":0,"publisher":{"@id":"https:\/\/jornalboasnoticias.com.br\/home\/#organization"},"image":{"@id":"https:\/\/jornalboasnoticias.com.br\/home\/tempestades-persistem-no-parana-nesta-terca-aliviam-na-quarta-e-voltam-na-quinta\/#primaryimage"},"thumbnailUrl":"https:\/\/jornalboasnoticias.com.br\/home\/wp-content\/uploads\/2026\/08\/img_5997-scaled-e1788187606412.jpg","articleSection":["DESTAQUE","PARAN\u00c1"],"inLanguage":"pt-BR","potentialAction":[{"@type":"CommentAction","name":"Comment","target":["https:\/\/jornalboasnoticias.com.br\/home\/tempestades-persistem-no-parana-nesta-terca-aliviam-na-quarta-e-voltam-na-quinta\/#respond"]}]},{"@type":"WebPage","@id":"https:\/\/jornalboasnoticias.com.br\/home\/tempestades-persistem-no-parana-nesta-terca-aliviam-na-quarta-e-voltam-na-quinta\/","url":"https:\/\/jornalboasnoticias.com.br\/home\/tempestades-persistem-no-parana-nesta-terca-aliviam-na-quarta-e-voltam-na-quinta\/","name":"Tempestades persistem no Paran\u00e1 nesta ter\u00e7a, aliviam na quarta e voltam na quinta - Jornal","isPartOf":{"@id":"https:\/\/jornalboasnoticias.com.br\/home\/#website"},"primaryImageOfPage":{"@id":"https:\/\/jornalboasnoticias.com.br\/home\/tempestades-persistem-no-parana-nesta-terca-aliviam-na-quarta-e-voltam-na-quinta\/#primaryimage"},"image":{"@id":"https:\/\/jornalboasnoticias.com.br\/home\/tempestades-persistem-no-parana-nesta-terca-aliviam-na-quarta-e-voltam-na-quinta\/#primaryimage"},"thumbnailUrl":"https:\/\/jornalboasnoticias.com.br\/home\/wp-content\/uploads\/2026\/08\/img_5997-scaled-e1788187606412.jpg","datePublished":"2026-08-31T14:47:31+00:00","description":"Tempestades persistem no Paran\u00e1 nesta ter\u00e7a, aliviam na quarta e voltam na quinta","breadcrumb":{"@id":"https:\/\/jornalboasnoticias.com.br\/home\/tempestades-persistem-no-parana-nesta-terca-aliviam-na-quarta-e-voltam-na-quinta\/#breadcrumb"},"inLanguage":"pt-BR","potentialAction":[{"@type":"ReadAction","target":["https:\/\/jornalboasnoticias.com.br\/home\/tempestades-persistem-no-parana-nesta-terca-aliviam-na-quarta-e-voltam-na-quinta\/"]}]},{"@type":"ImageObject","inLanguage":"pt-BR","@id":"https:\/\/jornalboasnoticias.com.br\/home\/tempestades-persistem-no-parana-nesta-terca-aliviam-na-quarta-e-voltam-na-quinta\/#primaryimage","url":"https:\/\/jornalboasnoticias.com.br\/home\/wp-content\/uploads\/2026\/08\/img_5997-scaled-e1788187606412.jpg","contentUrl":"https:\/\/jornalboasnoticias.com.br\/home\/wp-content\/uploads\/2026\/08\/img_5997-scaled-e1788187606412.jpg","width":1000,"height":667,"caption":"Foto: Jos\u00e9 Fernando Ogura\/Arquivo AEN"},{"@type":"BreadcrumbList","@id":"https:\/\/jornalboasnoticias.com.br\/home\/tempestades-persistem-no-parana-nesta-terca-aliviam-na-quarta-e-voltam-na-quinta\/#breadcrumb","itemListElement":[{"@type":"ListItem","position":1,"name":"In\u00edcio","item":"https:\/\/jornalboasnoticias.com.br\/home\/"},{"@type":"ListItem","position":2,"name":"Tempestades persistem no Paran\u00e1 nesta ter\u00e7a, aliviam na quarta e voltam na quinta"}]},{"@type":"WebSite","@id":"https:\/\/jornalboasnoticias.com.br\/home\/#website","url":"https:\/\/jornalboasnoticias.com.br\/home\/","name":"Jornal Boas Not\u00edcias","description":"Boas not\u00edcias","publisher":{"@id":"https:\/\/jornalboasnoticias.com.br\/home\/#organization"},"potentialAction":[{"@type":"SearchAction","target":{"@type":"EntryPoint","urlTemplate":"https:\/\/jornalboasnoticias.com.br\/home\/?s={search_term_string}"},"query-input":{"@type":"PropertyValueSpecification","valueRequired":true,"valueName":"search_term_string"}}],"inLanguage":"pt-BR"},{"@type":"Organization","@id":"https:\/\/jornalboasnoticias.com.br\/home\/#organization","name":"Coq Editora Ltda","alternateName":"Jornal Boas Noticias","url":"https:\/\/jornalboasnoticias.com.br\/home\/","logo":{"@type":"ImageObject","inLanguage":"pt-BR","@id":"https:\/\/jornalboasnoticias.com.br\/home\/#\/schema\/logo\/image\/","url":"https:\/\/jornalboasnoticias.com.br\/home\/wp-content\/uploads\/2024\/07\/cropped-logo.jpg","contentUrl":"https:\/\/jornalboasnoticias.com.br\/home\/wp-content\/uploads\/2024\/07\/cropped-logo.jpg","width":290,"height":142,"caption":"Coq Editora Ltda"},"image":{"@id":"https:\/\/jornalboasnoticias.com.br\/home\/#\/schema\/logo\/image\/"},"sameAs":["https:\/\/www.facebook.com\/boasnoticiasjornal"]},{"@type":"Person","@id":"https:\/\/jornalboasnoticias.com.br\/home\/#\/schema\/person\/75f9ebde398c998c166475fb446bda62","name":"Luiz Carlos da Cruz","image":{"@type":"ImageObject","inLanguage":"pt-BR","@id":"https:\/\/secure.gravatar.com\/avatar\/e6f4f45301b6cb8572f7b076572e8ac11c1db80e805d8c8d0858cf286ce3ac3b?s=96&d=mm&r=g","url":"https:\/\/secure.gravatar.com\/avatar\/e6f4f45301b6cb8572f7b076572e8ac11c1db80e805d8c8d0858cf286ce3ac3b?s=96&d=mm&r=g","contentUrl":"https:\/\/secure.gravatar.com\/avatar\/e6f4f45301b6cb8572f7b076572e8ac11c1db80e805d8c8d0858cf286ce3ac3b?s=96&d=mm&r=g","caption":"Luiz Carlos da Cruz"},"url":"https:\/\/jornalboasnoticias.com.br\/home\/author\/luiz-carlos-da-cruz\/"}]}},"_links":{"self":[{"href":"https:\/\/jornalboasnoticias.com.br\/home\/wp-json\/wp\/v2\/posts\/48728","targetHints":{"allow":["GET"]}}],"collection":[{"href":"https:\/\/jornalboasnoticias.com.br\/home\/wp-json\/wp\/v2\/posts"}],"about":[{"href":"https:\/\/jornalboasnoticias.com.br\/home\/wp-json\/wp\/v2\/types\/post"}],"author":[{"embeddable":true,"href":"https:\/\/jornalboasnoticias.com.br\/home\/wp-json\/wp\/v2\/users\/3"}],"replies":[{"embeddable":true,"href":"https:\/\/jornalboasnoticias.com.br\/home\/wp-json\/wp\/v2\/comments?post=48728"}],"version-history":[{"count":1,"href":"https:\/\/jornalboasnoticias.com.br\/home\/wp-json\/wp\/v2\/posts\/48728\/revisions"}],"predecessor-version":[{"id":48730,"href":"https:\/\/jornalboasnoticias.com.br\/home\/wp-json\/wp\/v2\/posts\/48728\/revisions\/48730"}],"wp:featuredmedia":[{"embeddable":true,"href":"https:\/\/jornalboasnoticias.com.br\/home\/wp-json\/wp\/v2\/media\/48729"}],"wp:attachment":[{"href":"https:\/\/jornalboasnoticias.com.br\/home\/wp-json\/wp\/v2\/media?parent=48728"}],"wp:term":[{"taxonomy":"category","embeddable":true,"href":"https:\/\/jornalboasnoticias.com.br\/home\/wp-json\/wp\/v2\/categories?post=48728"},{"taxonomy":"post_tag","embeddable":true,"href":"https:\/\/jornalboasnoticias.com.br\/home\/wp-json\/wp\/v2\/tags?post=48728"}],"curies":[{"name":"wp","href":"https:\/\/api.w.org\/{rel}","templated":true}]}}