{"id":47405,"date":"2026-01-31T19:09:09","date_gmt":"2026-01-31T19:09:09","guid":{"rendered":"https:\/\/jornalboasnoticias.com.br\/home\/?p=47405"},"modified":"2026-02-02T19:09:53","modified_gmt":"2026-02-02T19:09:53","slug":"carmen-lucia-sera-relatora-de-codigo-de-etica-do-stf-anuncia-fachin","status":"publish","type":"post","link":"https:\/\/jornalboasnoticias.com.br\/home\/carmen-lucia-sera-relatora-de-codigo-de-etica-do-stf-anuncia-fachin\/","title":{"rendered":"C\u00e1rmen L\u00facia ser\u00e1 relatora de C\u00f3digo de \u00c9tica do STF, anuncia Fachin"},"content":{"rendered":"<div class=\"header-noticia full-width\">\n<div><img loading=\"lazy\" decoding=\"async\" class=\"alignnone size-full wp-image-47406\" src=\"https:\/\/jornalboasnoticias.com.br\/home\/wp-content\/uploads\/2026\/02\/abertura-stf-mc_abr_30012026-9.webp\" alt=\"\" width=\"1170\" height=\"700\" srcset=\"https:\/\/jornalboasnoticias.com.br\/home\/wp-content\/uploads\/2026\/02\/abertura-stf-mc_abr_30012026-9.webp 1170w, https:\/\/jornalboasnoticias.com.br\/home\/wp-content\/uploads\/2026\/02\/abertura-stf-mc_abr_30012026-9-300x179.webp 300w, https:\/\/jornalboasnoticias.com.br\/home\/wp-content\/uploads\/2026\/02\/abertura-stf-mc_abr_30012026-9-1024x613.webp 1024w, https:\/\/jornalboasnoticias.com.br\/home\/wp-content\/uploads\/2026\/02\/abertura-stf-mc_abr_30012026-9-768x459.webp 768w\" sizes=\"auto, (max-width: 1170px) 100vw, 1170px\" \/><\/div>\n<\/div>\n<blockquote>\n<div class=\"header-noticia full-width\">\n<div class=\"linha-fina-noticia\">Presidente da Corte diz que buscar\u00e1 di\u00e1logo para aprovar texto<\/div>\n<\/div>\n<\/blockquote>\n<div class=\"container-autoria\">\n<p><strong>O presidente do Supremo Tribunal Federal (STF), Edson Fachin, anunciou nesta segunda-feira (2) que a ministra C\u00e1men L\u00facia ser\u00e1 relatora da proposta de cria\u00e7\u00e3o de um c\u00f3digo de \u00e9tica para os integrantes da Corte.<\/strong><img decoding=\"async\" src=\"https:\/\/agenciabrasil.ebc.com.br\/ebc.png?id=1676773&amp;o=node\" \/><img decoding=\"async\" src=\"https:\/\/agenciabrasil.ebc.com.br\/ebc.gif?id=1676773&amp;o=node\" \/><\/p>\n<p>Fachin discursou durante a sess\u00e3o solene de\u00a0<strong>abertura do Ano Judici\u00e1rio de 2026<\/strong>, cerim\u00f4nia que marca a abertura dos trabalhos ap\u00f3s o per\u00edodo de recesso.\u00a0O ministro disse que as institui\u00e7\u00f5es t\u00eam desafios para se manterem \u00edntegras e com legitimidade.<\/p>\n<blockquote><p>&#8220;Momentos de adversidade exigem mais do que discurso, pedem responsabilidade institucional, clareza de limites e fidelidade absoluta \u00e0 Constitui\u00e7\u00e3o da Rep\u00fablica.&#8221;<\/p><\/blockquote>\n<p>O presidente do STF\u00a0afirmou que os ministros &#8220;respondem pelas escolhas que fazem&#8221; e que o \u00e9 momento \u00e9 de &#8220;autocorre\u00e7\u00e3o&#8221;.<\/p>\n<p>Diante da resist\u00eancia interna de ministros que s\u00e3o contra a aprova\u00e7\u00e3o de regras para regular a conduta da Corte,\u00a0<strong>Fachin prometeu que buscar\u00e1 o di\u00e1logo com os colegas pela aprova\u00e7\u00e3o do texto<\/strong>.<\/p>\n<p>&#8220;Vamos caminhar juntos na constru\u00e7\u00e3o do consenso no \u00e2mbito desse colegiado. Impende dialogar e construir confian\u00e7a p\u00fablica, porque nessa reside a verdadeira for\u00e7a do Estado Democr\u00e1tico de Direito&#8221;, afirmou durante a solenidade.<\/p>\n<p>A cerim\u00f4nia foi acompanhada pelo presidente Luiz In\u00e1cio Lula da Silva, os presidentes da C\u00e2mara dos Deputados, Hugo Motta (Republicanos-PB), e do Senado, Davi Alcolumbre (Uni\u00e3o-AP), al\u00e9m de outras autoridades.<\/p>\n<h2>Banco Master<\/h2>\n<p><strong>O an\u00fancio sobre a cria\u00e7\u00e3o de um c\u00f3digo de \u00e9tica para o STF ocorre ap\u00f3s membros da Corte\u00a0serem criticados publicamente pela condu\u00e7\u00e3o das investiga\u00e7\u00f5es envolvendo as fraudes no Banco Master.<\/strong><\/p>\n<p>No m\u00eas passado, o ministro Alexandre de Moraes negou ter participado de um encontro com o ex-presidente do Banco Regional de Bras\u00edlia (BRB) Paulo Henrique Costa, no primeiro semestre de 2025, na casa do banqueiro Daniel Vorcaro, dono do Banco Master.<\/p>\n<p>O suposto encontro foi noticiado pelo Portal Metr\u00f3poles e teria ocorrido em meio ao processo de tentativa de compra do Master pelo BRB. Em nota \u00e0 imprensa, Moraes classificou a reportagem como \u201cfalsa e mentirosa\u201d.<\/p>\n<p>Antes da liquida\u00e7\u00e3o do Master pelo Banco Central, o escrit\u00f3rio de advocacia Barci de Moraes, que pertence \u00e0 fam\u00edlia do ministro, prestou servi\u00e7os ao banco de Vorcaro.<\/p>\n<p>No in\u00edcio deste m\u00eas, o ministro Dias Toffoli passou a ser criticado por permanecer na condi\u00e7\u00e3o de relator do caso ap\u00f3s mat\u00e9rias jornal\u00edsticas informarem que a Pol\u00edcia Federal encontrou irregularidades em um fundo de investimento ligado ao Banco Master. O fundo comprou uma participa\u00e7\u00e3o no\u00a0<em>resort<\/em>\u00a0Tayay\u00e1, localizado no Paran\u00e1, que era de propriedade de familiares do ministro.<\/p>\n<p>Fachin tamb\u00e9m foi criticado por divulgar uma nota \u00e0 imprensa para defender a atua\u00e7\u00e3o de Toffoli.<\/p>\n<\/div>\n","protected":false},"excerpt":{"rendered":"<p>Presidente da Corte diz que buscar\u00e1 di\u00e1logo para aprovar texto O presidente do Supremo Tribunal<\/p>\n","protected":false},"author":4,"featured_media":47406,"comment_status":"open","ping_status":"open","sticky":false,"template":"","format":"standard","meta":{"footnotes":""},"categories":[6,3],"tags":[],"class_list":["post-47405","post","type-post","status-publish","format-standard","has-post-thumbnail","hentry","category-brasil","category-destaques"],"yoast_head":"<!-- This site is optimized with the Yoast SEO plugin v27.5 - https:\/\/yoast.com\/product\/yoast-seo-wordpress\/ -->\n<title>C\u00e1rmen L\u00facia ser\u00e1 relatora de C\u00f3digo de \u00c9tica do STF, anuncia Fachin - Jornal<\/title>\n<meta name=\"description\" content=\"C\u00e1rmen L\u00facia ser\u00e1 relatora de C\u00f3digo de \u00c9tica do STF, anuncia Fachin\" \/>\n<meta name=\"robots\" content=\"index, follow, max-snippet:-1, max-image-preview:large, max-video-preview:-1\" \/>\n<link rel=\"canonical\" href=\"https:\/\/jornalboasnoticias.com.br\/home\/carmen-lucia-sera-relatora-de-codigo-de-etica-do-stf-anuncia-fachin\/\" \/>\n<meta property=\"og:locale\" content=\"pt_BR\" \/>\n<meta property=\"og:type\" content=\"article\" \/>\n<meta property=\"og:title\" content=\"C\u00e1rmen L\u00facia ser\u00e1 relatora de C\u00f3digo de \u00c9tica do STF, anuncia Fachin - Jornal\" \/>\n<meta property=\"og:description\" content=\"C\u00e1rmen L\u00facia ser\u00e1 relatora de C\u00f3digo de \u00c9tica do STF, anuncia Fachin\" \/>\n<meta property=\"og:url\" content=\"https:\/\/jornalboasnoticias.com.br\/home\/carmen-lucia-sera-relatora-de-codigo-de-etica-do-stf-anuncia-fachin\/\" \/>\n<meta property=\"og:site_name\" content=\"Jornal\" \/>\n<meta property=\"article:publisher\" content=\"https:\/\/www.facebook.com\/boasnoticiasjornal\" \/>\n<meta property=\"article:published_time\" content=\"2026-01-31T19:09:09+00:00\" \/>\n<meta property=\"article:modified_time\" content=\"2026-02-02T19:09:53+00:00\" \/>\n<meta property=\"og:image\" content=\"https:\/\/jornalboasnoticias.com.br\/home\/wp-content\/uploads\/2026\/02\/abertura-stf-mc_abr_30012026-9.webp\" \/>\n\t<meta property=\"og:image:width\" content=\"1170\" \/>\n\t<meta property=\"og:image:height\" content=\"700\" \/>\n\t<meta property=\"og:image:type\" content=\"image\/webp\" \/>\n<meta name=\"author\" content=\"Ana Luiza Bonatto\" \/>\n<meta name=\"twitter:card\" content=\"summary_large_image\" \/>\n<meta name=\"twitter:label1\" content=\"Escrito por\" \/>\n\t<meta name=\"twitter:data1\" content=\"Ana Luiza Bonatto\" \/>\n\t<meta name=\"twitter:label2\" content=\"Est. tempo de leitura\" \/>\n\t<meta name=\"twitter:data2\" content=\"4 minutos\" \/>\n<script type=\"application\/ld+json\" class=\"yoast-schema-graph\">{\"@context\":\"https:\\\/\\\/schema.org\",\"@graph\":[{\"@type\":\"Article\",\"@id\":\"https:\\\/\\\/jornalboasnoticias.com.br\\\/home\\\/carmen-lucia-sera-relatora-de-codigo-de-etica-do-stf-anuncia-fachin\\\/#article\",\"isPartOf\":{\"@id\":\"https:\\\/\\\/jornalboasnoticias.com.br\\\/home\\\/carmen-lucia-sera-relatora-de-codigo-de-etica-do-stf-anuncia-fachin\\\/\"},\"author\":{\"name\":\"Ana Luiza Bonatto\",\"@id\":\"https:\\\/\\\/jornalboasnoticias.com.br\\\/home\\\/#\\\/schema\\\/person\\\/d641193e0afc6405b390164dac847971\"},\"headline\":\"C\u00e1rmen L\u00facia ser\u00e1 relatora de C\u00f3digo de \u00c9tica do STF, anuncia Fachin\",\"datePublished\":\"2026-01-31T19:09:09+00:00\",\"dateModified\":\"2026-02-02T19:09:53+00:00\",\"mainEntityOfPage\":{\"@id\":\"https:\\\/\\\/jornalboasnoticias.com.br\\\/home\\\/carmen-lucia-sera-relatora-de-codigo-de-etica-do-stf-anuncia-fachin\\\/\"},\"wordCount\":489,\"commentCount\":0,\"publisher\":{\"@id\":\"https:\\\/\\\/jornalboasnoticias.com.br\\\/home\\\/#organization\"},\"image\":{\"@id\":\"https:\\\/\\\/jornalboasnoticias.com.br\\\/home\\\/carmen-lucia-sera-relatora-de-codigo-de-etica-do-stf-anuncia-fachin\\\/#primaryimage\"},\"thumbnailUrl\":\"https:\\\/\\\/jornalboasnoticias.com.br\\\/home\\\/wp-content\\\/uploads\\\/2026\\\/02\\\/abertura-stf-mc_abr_30012026-9.webp\",\"articleSection\":[\"BRASIL\",\"DESTAQUE\"],\"inLanguage\":\"pt-BR\",\"potentialAction\":[{\"@type\":\"CommentAction\",\"name\":\"Comment\",\"target\":[\"https:\\\/\\\/jornalboasnoticias.com.br\\\/home\\\/carmen-lucia-sera-relatora-de-codigo-de-etica-do-stf-anuncia-fachin\\\/#respond\"]}]},{\"@type\":\"WebPage\",\"@id\":\"https:\\\/\\\/jornalboasnoticias.com.br\\\/home\\\/carmen-lucia-sera-relatora-de-codigo-de-etica-do-stf-anuncia-fachin\\\/\",\"url\":\"https:\\\/\\\/jornalboasnoticias.com.br\\\/home\\\/carmen-lucia-sera-relatora-de-codigo-de-etica-do-stf-anuncia-fachin\\\/\",\"name\":\"C\u00e1rmen L\u00facia ser\u00e1 relatora de C\u00f3digo de \u00c9tica do STF, anuncia Fachin - Jornal\",\"isPartOf\":{\"@id\":\"https:\\\/\\\/jornalboasnoticias.com.br\\\/home\\\/#website\"},\"primaryImageOfPage\":{\"@id\":\"https:\\\/\\\/jornalboasnoticias.com.br\\\/home\\\/carmen-lucia-sera-relatora-de-codigo-de-etica-do-stf-anuncia-fachin\\\/#primaryimage\"},\"image\":{\"@id\":\"https:\\\/\\\/jornalboasnoticias.com.br\\\/home\\\/carmen-lucia-sera-relatora-de-codigo-de-etica-do-stf-anuncia-fachin\\\/#primaryimage\"},\"thumbnailUrl\":\"https:\\\/\\\/jornalboasnoticias.com.br\\\/home\\\/wp-content\\\/uploads\\\/2026\\\/02\\\/abertura-stf-mc_abr_30012026-9.webp\",\"datePublished\":\"2026-01-31T19:09:09+00:00\",\"dateModified\":\"2026-02-02T19:09:53+00:00\",\"description\":\"C\u00e1rmen L\u00facia ser\u00e1 relatora de C\u00f3digo de \u00c9tica do STF, anuncia Fachin\",\"breadcrumb\":{\"@id\":\"https:\\\/\\\/jornalboasnoticias.com.br\\\/home\\\/carmen-lucia-sera-relatora-de-codigo-de-etica-do-stf-anuncia-fachin\\\/#breadcrumb\"},\"inLanguage\":\"pt-BR\",\"potentialAction\":[{\"@type\":\"ReadAction\",\"target\":[\"https:\\\/\\\/jornalboasnoticias.com.br\\\/home\\\/carmen-lucia-sera-relatora-de-codigo-de-etica-do-stf-anuncia-fachin\\\/\"]}]},{\"@type\":\"ImageObject\",\"inLanguage\":\"pt-BR\",\"@id\":\"https:\\\/\\\/jornalboasnoticias.com.br\\\/home\\\/carmen-lucia-sera-relatora-de-codigo-de-etica-do-stf-anuncia-fachin\\\/#primaryimage\",\"url\":\"https:\\\/\\\/jornalboasnoticias.com.br\\\/home\\\/wp-content\\\/uploads\\\/2026\\\/02\\\/abertura-stf-mc_abr_30012026-9.webp\",\"contentUrl\":\"https:\\\/\\\/jornalboasnoticias.com.br\\\/home\\\/wp-content\\\/uploads\\\/2026\\\/02\\\/abertura-stf-mc_abr_30012026-9.webp\",\"width\":1170,\"height\":700},{\"@type\":\"BreadcrumbList\",\"@id\":\"https:\\\/\\\/jornalboasnoticias.com.br\\\/home\\\/carmen-lucia-sera-relatora-de-codigo-de-etica-do-stf-anuncia-fachin\\\/#breadcrumb\",\"itemListElement\":[{\"@type\":\"ListItem\",\"position\":1,\"name\":\"In\u00edcio\",\"item\":\"https:\\\/\\\/jornalboasnoticias.com.br\\\/home\\\/\"},{\"@type\":\"ListItem\",\"position\":2,\"name\":\"C\u00e1rmen L\u00facia ser\u00e1 relatora de C\u00f3digo de \u00c9tica do STF, anuncia Fachin\"}]},{\"@type\":\"WebSite\",\"@id\":\"https:\\\/\\\/jornalboasnoticias.com.br\\\/home\\\/#website\",\"url\":\"https:\\\/\\\/jornalboasnoticias.com.br\\\/home\\\/\",\"name\":\"Jornal Boas Not\u00edcias\",\"description\":\"Boas not\u00edcias\",\"publisher\":{\"@id\":\"https:\\\/\\\/jornalboasnoticias.com.br\\\/home\\\/#organization\"},\"potentialAction\":[{\"@type\":\"SearchAction\",\"target\":{\"@type\":\"EntryPoint\",\"urlTemplate\":\"https:\\\/\\\/jornalboasnoticias.com.br\\\/home\\\/?s={search_term_string}\"},\"query-input\":{\"@type\":\"PropertyValueSpecification\",\"valueRequired\":true,\"valueName\":\"search_term_string\"}}],\"inLanguage\":\"pt-BR\"},{\"@type\":\"Organization\",\"@id\":\"https:\\\/\\\/jornalboasnoticias.com.br\\\/home\\\/#organization\",\"name\":\"Coq Editora Ltda\",\"alternateName\":\"Jornal Boas Noticias\",\"url\":\"https:\\\/\\\/jornalboasnoticias.com.br\\\/home\\\/\",\"logo\":{\"@type\":\"ImageObject\",\"inLanguage\":\"pt-BR\",\"@id\":\"https:\\\/\\\/jornalboasnoticias.com.br\\\/home\\\/#\\\/schema\\\/logo\\\/image\\\/\",\"url\":\"https:\\\/\\\/jornalboasnoticias.com.br\\\/home\\\/wp-content\\\/uploads\\\/2024\\\/07\\\/cropped-logo.jpg\",\"contentUrl\":\"https:\\\/\\\/jornalboasnoticias.com.br\\\/home\\\/wp-content\\\/uploads\\\/2024\\\/07\\\/cropped-logo.jpg\",\"width\":290,\"height\":142,\"caption\":\"Coq Editora Ltda\"},\"image\":{\"@id\":\"https:\\\/\\\/jornalboasnoticias.com.br\\\/home\\\/#\\\/schema\\\/logo\\\/image\\\/\"},\"sameAs\":[\"https:\\\/\\\/www.facebook.com\\\/boasnoticiasjornal\"]},{\"@type\":\"Person\",\"@id\":\"https:\\\/\\\/jornalboasnoticias.com.br\\\/home\\\/#\\\/schema\\\/person\\\/d641193e0afc6405b390164dac847971\",\"name\":\"Ana Luiza Bonatto\",\"image\":{\"@type\":\"ImageObject\",\"inLanguage\":\"pt-BR\",\"@id\":\"https:\\\/\\\/secure.gravatar.com\\\/avatar\\\/8a055ebe6373371f67ac6fcf313c0ac0b0a91157fdcdb9514fa62927373348f0?s=96&d=mm&r=g\",\"url\":\"https:\\\/\\\/secure.gravatar.com\\\/avatar\\\/8a055ebe6373371f67ac6fcf313c0ac0b0a91157fdcdb9514fa62927373348f0?s=96&d=mm&r=g\",\"contentUrl\":\"https:\\\/\\\/secure.gravatar.com\\\/avatar\\\/8a055ebe6373371f67ac6fcf313c0ac0b0a91157fdcdb9514fa62927373348f0?s=96&d=mm&r=g\",\"caption\":\"Ana Luiza Bonatto\"},\"url\":\"https:\\\/\\\/jornalboasnoticias.com.br\\\/home\\\/author\\\/ana-luiza\\\/\"}]}<\/script>\n<!-- \/ Yoast SEO plugin. -->","yoast_head_json":{"title":"C\u00e1rmen L\u00facia ser\u00e1 relatora de C\u00f3digo de \u00c9tica do STF, anuncia Fachin - Jornal","description":"C\u00e1rmen L\u00facia ser\u00e1 relatora de C\u00f3digo de \u00c9tica do STF, anuncia Fachin","robots":{"index":"index","follow":"follow","max-snippet":"max-snippet:-1","max-image-preview":"max-image-preview:large","max-video-preview":"max-video-preview:-1"},"canonical":"https:\/\/jornalboasnoticias.com.br\/home\/carmen-lucia-sera-relatora-de-codigo-de-etica-do-stf-anuncia-fachin\/","og_locale":"pt_BR","og_type":"article","og_title":"C\u00e1rmen L\u00facia ser\u00e1 relatora de C\u00f3digo de \u00c9tica do STF, anuncia Fachin - Jornal","og_description":"C\u00e1rmen L\u00facia ser\u00e1 relatora de C\u00f3digo de \u00c9tica do STF, anuncia Fachin","og_url":"https:\/\/jornalboasnoticias.com.br\/home\/carmen-lucia-sera-relatora-de-codigo-de-etica-do-stf-anuncia-fachin\/","og_site_name":"Jornal","article_publisher":"https:\/\/www.facebook.com\/boasnoticiasjornal","article_published_time":"2026-01-31T19:09:09+00:00","article_modified_time":"2026-02-02T19:09:53+00:00","og_image":[{"width":1170,"height":700,"url":"https:\/\/jornalboasnoticias.com.br\/home\/wp-content\/uploads\/2026\/02\/abertura-stf-mc_abr_30012026-9.webp","type":"image\/webp"}],"author":"Ana Luiza Bonatto","twitter_card":"summary_large_image","twitter_misc":{"Escrito por":"Ana Luiza Bonatto","Est. tempo de leitura":"4 minutos"},"schema":{"@context":"https:\/\/schema.org","@graph":[{"@type":"Article","@id":"https:\/\/jornalboasnoticias.com.br\/home\/carmen-lucia-sera-relatora-de-codigo-de-etica-do-stf-anuncia-fachin\/#article","isPartOf":{"@id":"https:\/\/jornalboasnoticias.com.br\/home\/carmen-lucia-sera-relatora-de-codigo-de-etica-do-stf-anuncia-fachin\/"},"author":{"name":"Ana Luiza Bonatto","@id":"https:\/\/jornalboasnoticias.com.br\/home\/#\/schema\/person\/d641193e0afc6405b390164dac847971"},"headline":"C\u00e1rmen L\u00facia ser\u00e1 relatora de C\u00f3digo de \u00c9tica do STF, anuncia Fachin","datePublished":"2026-01-31T19:09:09+00:00","dateModified":"2026-02-02T19:09:53+00:00","mainEntityOfPage":{"@id":"https:\/\/jornalboasnoticias.com.br\/home\/carmen-lucia-sera-relatora-de-codigo-de-etica-do-stf-anuncia-fachin\/"},"wordCount":489,"commentCount":0,"publisher":{"@id":"https:\/\/jornalboasnoticias.com.br\/home\/#organization"},"image":{"@id":"https:\/\/jornalboasnoticias.com.br\/home\/carmen-lucia-sera-relatora-de-codigo-de-etica-do-stf-anuncia-fachin\/#primaryimage"},"thumbnailUrl":"https:\/\/jornalboasnoticias.com.br\/home\/wp-content\/uploads\/2026\/02\/abertura-stf-mc_abr_30012026-9.webp","articleSection":["BRASIL","DESTAQUE"],"inLanguage":"pt-BR","potentialAction":[{"@type":"CommentAction","name":"Comment","target":["https:\/\/jornalboasnoticias.com.br\/home\/carmen-lucia-sera-relatora-de-codigo-de-etica-do-stf-anuncia-fachin\/#respond"]}]},{"@type":"WebPage","@id":"https:\/\/jornalboasnoticias.com.br\/home\/carmen-lucia-sera-relatora-de-codigo-de-etica-do-stf-anuncia-fachin\/","url":"https:\/\/jornalboasnoticias.com.br\/home\/carmen-lucia-sera-relatora-de-codigo-de-etica-do-stf-anuncia-fachin\/","name":"C\u00e1rmen L\u00facia ser\u00e1 relatora de C\u00f3digo de \u00c9tica do STF, anuncia Fachin - Jornal","isPartOf":{"@id":"https:\/\/jornalboasnoticias.com.br\/home\/#website"},"primaryImageOfPage":{"@id":"https:\/\/jornalboasnoticias.com.br\/home\/carmen-lucia-sera-relatora-de-codigo-de-etica-do-stf-anuncia-fachin\/#primaryimage"},"image":{"@id":"https:\/\/jornalboasnoticias.com.br\/home\/carmen-lucia-sera-relatora-de-codigo-de-etica-do-stf-anuncia-fachin\/#primaryimage"},"thumbnailUrl":"https:\/\/jornalboasnoticias.com.br\/home\/wp-content\/uploads\/2026\/02\/abertura-stf-mc_abr_30012026-9.webp","datePublished":"2026-01-31T19:09:09+00:00","dateModified":"2026-02-02T19:09:53+00:00","description":"C\u00e1rmen L\u00facia ser\u00e1 relatora de C\u00f3digo de \u00c9tica do STF, anuncia Fachin","breadcrumb":{"@id":"https:\/\/jornalboasnoticias.com.br\/home\/carmen-lucia-sera-relatora-de-codigo-de-etica-do-stf-anuncia-fachin\/#breadcrumb"},"inLanguage":"pt-BR","potentialAction":[{"@type":"ReadAction","target":["https:\/\/jornalboasnoticias.com.br\/home\/carmen-lucia-sera-relatora-de-codigo-de-etica-do-stf-anuncia-fachin\/"]}]},{"@type":"ImageObject","inLanguage":"pt-BR","@id":"https:\/\/jornalboasnoticias.com.br\/home\/carmen-lucia-sera-relatora-de-codigo-de-etica-do-stf-anuncia-fachin\/#primaryimage","url":"https:\/\/jornalboasnoticias.com.br\/home\/wp-content\/uploads\/2026\/02\/abertura-stf-mc_abr_30012026-9.webp","contentUrl":"https:\/\/jornalboasnoticias.com.br\/home\/wp-content\/uploads\/2026\/02\/abertura-stf-mc_abr_30012026-9.webp","width":1170,"height":700},{"@type":"BreadcrumbList","@id":"https:\/\/jornalboasnoticias.com.br\/home\/carmen-lucia-sera-relatora-de-codigo-de-etica-do-stf-anuncia-fachin\/#breadcrumb","itemListElement":[{"@type":"ListItem","position":1,"name":"In\u00edcio","item":"https:\/\/jornalboasnoticias.com.br\/home\/"},{"@type":"ListItem","position":2,"name":"C\u00e1rmen L\u00facia ser\u00e1 relatora de C\u00f3digo de \u00c9tica do STF, anuncia Fachin"}]},{"@type":"WebSite","@id":"https:\/\/jornalboasnoticias.com.br\/home\/#website","url":"https:\/\/jornalboasnoticias.com.br\/home\/","name":"Jornal Boas Not\u00edcias","description":"Boas not\u00edcias","publisher":{"@id":"https:\/\/jornalboasnoticias.com.br\/home\/#organization"},"potentialAction":[{"@type":"SearchAction","target":{"@type":"EntryPoint","urlTemplate":"https:\/\/jornalboasnoticias.com.br\/home\/?s={search_term_string}"},"query-input":{"@type":"PropertyValueSpecification","valueRequired":true,"valueName":"search_term_string"}}],"inLanguage":"pt-BR"},{"@type":"Organization","@id":"https:\/\/jornalboasnoticias.com.br\/home\/#organization","name":"Coq Editora Ltda","alternateName":"Jornal Boas Noticias","url":"https:\/\/jornalboasnoticias.com.br\/home\/","logo":{"@type":"ImageObject","inLanguage":"pt-BR","@id":"https:\/\/jornalboasnoticias.com.br\/home\/#\/schema\/logo\/image\/","url":"https:\/\/jornalboasnoticias.com.br\/home\/wp-content\/uploads\/2024\/07\/cropped-logo.jpg","contentUrl":"https:\/\/jornalboasnoticias.com.br\/home\/wp-content\/uploads\/2024\/07\/cropped-logo.jpg","width":290,"height":142,"caption":"Coq Editora Ltda"},"image":{"@id":"https:\/\/jornalboasnoticias.com.br\/home\/#\/schema\/logo\/image\/"},"sameAs":["https:\/\/www.facebook.com\/boasnoticiasjornal"]},{"@type":"Person","@id":"https:\/\/jornalboasnoticias.com.br\/home\/#\/schema\/person\/d641193e0afc6405b390164dac847971","name":"Ana Luiza Bonatto","image":{"@type":"ImageObject","inLanguage":"pt-BR","@id":"https:\/\/secure.gravatar.com\/avatar\/8a055ebe6373371f67ac6fcf313c0ac0b0a91157fdcdb9514fa62927373348f0?s=96&d=mm&r=g","url":"https:\/\/secure.gravatar.com\/avatar\/8a055ebe6373371f67ac6fcf313c0ac0b0a91157fdcdb9514fa62927373348f0?s=96&d=mm&r=g","contentUrl":"https:\/\/secure.gravatar.com\/avatar\/8a055ebe6373371f67ac6fcf313c0ac0b0a91157fdcdb9514fa62927373348f0?s=96&d=mm&r=g","caption":"Ana Luiza Bonatto"},"url":"https:\/\/jornalboasnoticias.com.br\/home\/author\/ana-luiza\/"}]}},"_links":{"self":[{"href":"https:\/\/jornalboasnoticias.com.br\/home\/wp-json\/wp\/v2\/posts\/47405","targetHints":{"allow":["GET"]}}],"collection":[{"href":"https:\/\/jornalboasnoticias.com.br\/home\/wp-json\/wp\/v2\/posts"}],"about":[{"href":"https:\/\/jornalboasnoticias.com.br\/home\/wp-json\/wp\/v2\/types\/post"}],"author":[{"embeddable":true,"href":"https:\/\/jornalboasnoticias.com.br\/home\/wp-json\/wp\/v2\/users\/4"}],"replies":[{"embeddable":true,"href":"https:\/\/jornalboasnoticias.com.br\/home\/wp-json\/wp\/v2\/comments?post=47405"}],"version-history":[{"count":1,"href":"https:\/\/jornalboasnoticias.com.br\/home\/wp-json\/wp\/v2\/posts\/47405\/revisions"}],"predecessor-version":[{"id":47407,"href":"https:\/\/jornalboasnoticias.com.br\/home\/wp-json\/wp\/v2\/posts\/47405\/revisions\/47407"}],"wp:featuredmedia":[{"embeddable":true,"href":"https:\/\/jornalboasnoticias.com.br\/home\/wp-json\/wp\/v2\/media\/47406"}],"wp:attachment":[{"href":"https:\/\/jornalboasnoticias.com.br\/home\/wp-json\/wp\/v2\/media?parent=47405"}],"wp:term":[{"taxonomy":"category","embeddable":true,"href":"https:\/\/jornalboasnoticias.com.br\/home\/wp-json\/wp\/v2\/categories?post=47405"},{"taxonomy":"post_tag","embeddable":true,"href":"https:\/\/jornalboasnoticias.com.br\/home\/wp-json\/wp\/v2\/tags?post=47405"}],"curies":[{"name":"wp","href":"https:\/\/api.w.org\/{rel}","templated":true}]}}