{"id":47350,"date":"2026-01-28T14:06:10","date_gmt":"2026-01-28T14:06:10","guid":{"rendered":"https:\/\/jornalboasnoticias.com.br\/home\/?p=47350"},"modified":"2026-01-28T14:06:10","modified_gmt":"2026-01-28T14:06:10","slug":"paranaense-retorna-ao-brasil-apos-9-meses-na-guerra-da-ucrania","status":"publish","type":"post","link":"https:\/\/jornalboasnoticias.com.br\/home\/paranaense-retorna-ao-brasil-apos-9-meses-na-guerra-da-ucrania\/","title":{"rendered":"Paranaense retorna ao Brasil ap\u00f3s 9 meses na guerra da Ucr\u00e2nia"},"content":{"rendered":"<figure id=\"attachment_47351\" aria-describedby=\"caption-attachment-47351\" style=\"width: 900px\" class=\"wp-caption alignnone\"><img loading=\"lazy\" decoding=\"async\" class=\"size-full wp-image-47351\" src=\"https:\/\/jornalboasnoticias.com.br\/home\/wp-content\/uploads\/2026\/01\/Maringanese-volta-ao-Brasil-apos-lutar-por-9-meses-em-guerra-na-Ucrania.webp\" alt=\"\" width=\"900\" height=\"600\" srcset=\"https:\/\/jornalboasnoticias.com.br\/home\/wp-content\/uploads\/2026\/01\/Maringanese-volta-ao-Brasil-apos-lutar-por-9-meses-em-guerra-na-Ucrania.webp 900w, https:\/\/jornalboasnoticias.com.br\/home\/wp-content\/uploads\/2026\/01\/Maringanese-volta-ao-Brasil-apos-lutar-por-9-meses-em-guerra-na-Ucrania-300x200.webp 300w, https:\/\/jornalboasnoticias.com.br\/home\/wp-content\/uploads\/2026\/01\/Maringanese-volta-ao-Brasil-apos-lutar-por-9-meses-em-guerra-na-Ucrania-768x512.webp 768w\" sizes=\"auto, (max-width: 900px) 100vw, 900px\" \/><figcaption id=\"caption-attachment-47351\" class=\"wp-caption-text\">Arquivo pessoal<\/figcaption><\/figure>\n<blockquote>\n<p data-start=\"69\" data-end=\"235\">Sargento de Maring\u00e1, de 33 anos, integrou grupo de brasileiros em miss\u00f5es na regi\u00e3o de Kupiansk e relatou ter vivido situa\u00e7\u00f5es de alto risco no front.<\/p>\n<\/blockquote>\n<p data-start=\"237\" data-end=\"620\">O sargento Dias, de 33 anos, natural de Maring\u00e1, voltou ao Brasil recentemente ap\u00f3s passar quase nove meses atuando na guerra da Ucr\u00e2nia. Instrutor militar e de defesa pessoal, ele integrou um grupo de opera\u00e7\u00f5es especiais formado por brasileiros e participou de miss\u00f5es em \u00e1reas consideradas estrat\u00e9gicas do conflito, incluindo a regi\u00e3o de Kupiansk, pr\u00f3xima \u00e0 fronteira com a R\u00fassia.<\/p>\n<p data-start=\"622\" data-end=\"933\">Ao comentar a experi\u00eancia, Dias relatou que esteve em situa\u00e7\u00f5es de confronto e sob amea\u00e7a constante, citando ataques com drones e epis\u00f3dios de combate em curta dist\u00e2ncia durante as opera\u00e7\u00f5es. O militar n\u00e3o detalhou o conte\u00fado das miss\u00f5es, mas descreveu o per\u00edodo como intenso e marcado por alto n\u00edvel de tens\u00e3o.<\/p>\n<p data-start=\"935\" data-end=\"1204\">Antes de seguir para a Ucr\u00e2nia, Dias trabalhava no Brasil como instrutor credenciado pela Pol\u00edcia Federal, com atua\u00e7\u00e3o em treinamentos voltados a for\u00e7as de seguran\u00e7a p\u00fablica e privada, clubes de tiro e empresas do setor. Ele tamb\u00e9m \u00e9 instrutor de Krav Maga e Muay Thai.<\/p>\n<p data-start=\"1206\" data-end=\"1534\">Al\u00e9m do trabalho t\u00e9cnico, o sargento desenvolve projetos focados em defesa pessoal feminina, iniciativa que, segundo ele, ganhou ainda mais import\u00e2ncia diante do aumento de casos de viol\u00eancia contra mulheres. A experi\u00eancia no exterior, afirma, tamb\u00e9m ampliou sua vis\u00e3o sobre preparo, preven\u00e7\u00e3o e disciplina em cen\u00e1rios de risco.<\/p>\n","protected":false},"excerpt":{"rendered":"<p>Sargento de Maring\u00e1, de 33 anos, integrou grupo de brasileiros em miss\u00f5es na regi\u00e3o de<\/p>\n","protected":false},"author":4,"featured_media":47351,"comment_status":"open","ping_status":"open","sticky":false,"template":"","format":"standard","meta":{"footnotes":""},"categories":[6,3],"tags":[],"class_list":["post-47350","post","type-post","status-publish","format-standard","has-post-thumbnail","hentry","category-brasil","category-destaques"],"yoast_head":"<!-- This site is optimized with the Yoast SEO plugin v27.5 - https:\/\/yoast.com\/product\/yoast-seo-wordpress\/ -->\n<title>Paranaense retorna ao Brasil ap\u00f3s 9 meses na guerra da Ucr\u00e2nia - Jornal<\/title>\n<meta name=\"description\" content=\"Paranaense retorna ao Brasil ap\u00f3s 9 meses na guerra da Ucr\u00e2nia\" \/>\n<meta name=\"robots\" content=\"index, follow, max-snippet:-1, max-image-preview:large, max-video-preview:-1\" \/>\n<link rel=\"canonical\" href=\"https:\/\/jornalboasnoticias.com.br\/home\/paranaense-retorna-ao-brasil-apos-9-meses-na-guerra-da-ucrania\/\" \/>\n<meta property=\"og:locale\" content=\"pt_BR\" \/>\n<meta property=\"og:type\" content=\"article\" \/>\n<meta property=\"og:title\" content=\"Paranaense retorna ao Brasil ap\u00f3s 9 meses na guerra da Ucr\u00e2nia - Jornal\" \/>\n<meta property=\"og:description\" content=\"Paranaense retorna ao Brasil ap\u00f3s 9 meses na guerra da Ucr\u00e2nia\" \/>\n<meta property=\"og:url\" content=\"https:\/\/jornalboasnoticias.com.br\/home\/paranaense-retorna-ao-brasil-apos-9-meses-na-guerra-da-ucrania\/\" \/>\n<meta property=\"og:site_name\" content=\"Jornal\" \/>\n<meta property=\"article:publisher\" content=\"https:\/\/www.facebook.com\/boasnoticiasjornal\" \/>\n<meta property=\"article:published_time\" content=\"2026-01-28T14:06:10+00:00\" \/>\n<meta property=\"og:image\" content=\"https:\/\/jornalboasnoticias.com.br\/home\/wp-content\/uploads\/2026\/01\/Maringanese-volta-ao-Brasil-apos-lutar-por-9-meses-em-guerra-na-Ucrania.webp\" \/>\n\t<meta property=\"og:image:width\" content=\"900\" \/>\n\t<meta property=\"og:image:height\" content=\"600\" \/>\n\t<meta property=\"og:image:type\" content=\"image\/webp\" \/>\n<meta name=\"author\" content=\"Ana Luiza Bonatto\" \/>\n<meta name=\"twitter:card\" content=\"summary_large_image\" \/>\n<meta name=\"twitter:label1\" content=\"Escrito por\" \/>\n\t<meta name=\"twitter:data1\" content=\"Ana Luiza Bonatto\" \/>\n\t<meta name=\"twitter:label2\" content=\"Est. tempo de leitura\" \/>\n\t<meta name=\"twitter:data2\" content=\"2 minutos\" \/>\n<script type=\"application\/ld+json\" class=\"yoast-schema-graph\">{\"@context\":\"https:\\\/\\\/schema.org\",\"@graph\":[{\"@type\":\"Article\",\"@id\":\"https:\\\/\\\/jornalboasnoticias.com.br\\\/home\\\/paranaense-retorna-ao-brasil-apos-9-meses-na-guerra-da-ucrania\\\/#article\",\"isPartOf\":{\"@id\":\"https:\\\/\\\/jornalboasnoticias.com.br\\\/home\\\/paranaense-retorna-ao-brasil-apos-9-meses-na-guerra-da-ucrania\\\/\"},\"author\":{\"name\":\"Ana Luiza Bonatto\",\"@id\":\"https:\\\/\\\/jornalboasnoticias.com.br\\\/home\\\/#\\\/schema\\\/person\\\/d641193e0afc6405b390164dac847971\"},\"headline\":\"Paranaense retorna ao Brasil ap\u00f3s 9 meses na guerra da Ucr\u00e2nia\",\"datePublished\":\"2026-01-28T14:06:10+00:00\",\"mainEntityOfPage\":{\"@id\":\"https:\\\/\\\/jornalboasnoticias.com.br\\\/home\\\/paranaense-retorna-ao-brasil-apos-9-meses-na-guerra-da-ucrania\\\/\"},\"wordCount\":286,\"commentCount\":0,\"publisher\":{\"@id\":\"https:\\\/\\\/jornalboasnoticias.com.br\\\/home\\\/#organization\"},\"image\":{\"@id\":\"https:\\\/\\\/jornalboasnoticias.com.br\\\/home\\\/paranaense-retorna-ao-brasil-apos-9-meses-na-guerra-da-ucrania\\\/#primaryimage\"},\"thumbnailUrl\":\"https:\\\/\\\/jornalboasnoticias.com.br\\\/home\\\/wp-content\\\/uploads\\\/2026\\\/01\\\/Maringanese-volta-ao-Brasil-apos-lutar-por-9-meses-em-guerra-na-Ucrania.webp\",\"articleSection\":[\"BRASIL\",\"DESTAQUE\"],\"inLanguage\":\"pt-BR\",\"potentialAction\":[{\"@type\":\"CommentAction\",\"name\":\"Comment\",\"target\":[\"https:\\\/\\\/jornalboasnoticias.com.br\\\/home\\\/paranaense-retorna-ao-brasil-apos-9-meses-na-guerra-da-ucrania\\\/#respond\"]}]},{\"@type\":\"WebPage\",\"@id\":\"https:\\\/\\\/jornalboasnoticias.com.br\\\/home\\\/paranaense-retorna-ao-brasil-apos-9-meses-na-guerra-da-ucrania\\\/\",\"url\":\"https:\\\/\\\/jornalboasnoticias.com.br\\\/home\\\/paranaense-retorna-ao-brasil-apos-9-meses-na-guerra-da-ucrania\\\/\",\"name\":\"Paranaense retorna ao Brasil ap\u00f3s 9 meses na guerra da Ucr\u00e2nia - Jornal\",\"isPartOf\":{\"@id\":\"https:\\\/\\\/jornalboasnoticias.com.br\\\/home\\\/#website\"},\"primaryImageOfPage\":{\"@id\":\"https:\\\/\\\/jornalboasnoticias.com.br\\\/home\\\/paranaense-retorna-ao-brasil-apos-9-meses-na-guerra-da-ucrania\\\/#primaryimage\"},\"image\":{\"@id\":\"https:\\\/\\\/jornalboasnoticias.com.br\\\/home\\\/paranaense-retorna-ao-brasil-apos-9-meses-na-guerra-da-ucrania\\\/#primaryimage\"},\"thumbnailUrl\":\"https:\\\/\\\/jornalboasnoticias.com.br\\\/home\\\/wp-content\\\/uploads\\\/2026\\\/01\\\/Maringanese-volta-ao-Brasil-apos-lutar-por-9-meses-em-guerra-na-Ucrania.webp\",\"datePublished\":\"2026-01-28T14:06:10+00:00\",\"description\":\"Paranaense retorna ao Brasil ap\u00f3s 9 meses na guerra da Ucr\u00e2nia\",\"breadcrumb\":{\"@id\":\"https:\\\/\\\/jornalboasnoticias.com.br\\\/home\\\/paranaense-retorna-ao-brasil-apos-9-meses-na-guerra-da-ucrania\\\/#breadcrumb\"},\"inLanguage\":\"pt-BR\",\"potentialAction\":[{\"@type\":\"ReadAction\",\"target\":[\"https:\\\/\\\/jornalboasnoticias.com.br\\\/home\\\/paranaense-retorna-ao-brasil-apos-9-meses-na-guerra-da-ucrania\\\/\"]}]},{\"@type\":\"ImageObject\",\"inLanguage\":\"pt-BR\",\"@id\":\"https:\\\/\\\/jornalboasnoticias.com.br\\\/home\\\/paranaense-retorna-ao-brasil-apos-9-meses-na-guerra-da-ucrania\\\/#primaryimage\",\"url\":\"https:\\\/\\\/jornalboasnoticias.com.br\\\/home\\\/wp-content\\\/uploads\\\/2026\\\/01\\\/Maringanese-volta-ao-Brasil-apos-lutar-por-9-meses-em-guerra-na-Ucrania.webp\",\"contentUrl\":\"https:\\\/\\\/jornalboasnoticias.com.br\\\/home\\\/wp-content\\\/uploads\\\/2026\\\/01\\\/Maringanese-volta-ao-Brasil-apos-lutar-por-9-meses-em-guerra-na-Ucrania.webp\",\"width\":900,\"height\":600,\"caption\":\"Arquivo pessoal\"},{\"@type\":\"BreadcrumbList\",\"@id\":\"https:\\\/\\\/jornalboasnoticias.com.br\\\/home\\\/paranaense-retorna-ao-brasil-apos-9-meses-na-guerra-da-ucrania\\\/#breadcrumb\",\"itemListElement\":[{\"@type\":\"ListItem\",\"position\":1,\"name\":\"In\u00edcio\",\"item\":\"https:\\\/\\\/jornalboasnoticias.com.br\\\/home\\\/\"},{\"@type\":\"ListItem\",\"position\":2,\"name\":\"Paranaense retorna ao Brasil ap\u00f3s 9 meses na guerra da Ucr\u00e2nia\"}]},{\"@type\":\"WebSite\",\"@id\":\"https:\\\/\\\/jornalboasnoticias.com.br\\\/home\\\/#website\",\"url\":\"https:\\\/\\\/jornalboasnoticias.com.br\\\/home\\\/\",\"name\":\"Jornal Boas Not\u00edcias\",\"description\":\"Boas not\u00edcias\",\"publisher\":{\"@id\":\"https:\\\/\\\/jornalboasnoticias.com.br\\\/home\\\/#organization\"},\"potentialAction\":[{\"@type\":\"SearchAction\",\"target\":{\"@type\":\"EntryPoint\",\"urlTemplate\":\"https:\\\/\\\/jornalboasnoticias.com.br\\\/home\\\/?s={search_term_string}\"},\"query-input\":{\"@type\":\"PropertyValueSpecification\",\"valueRequired\":true,\"valueName\":\"search_term_string\"}}],\"inLanguage\":\"pt-BR\"},{\"@type\":\"Organization\",\"@id\":\"https:\\\/\\\/jornalboasnoticias.com.br\\\/home\\\/#organization\",\"name\":\"Coq Editora Ltda\",\"alternateName\":\"Jornal Boas Noticias\",\"url\":\"https:\\\/\\\/jornalboasnoticias.com.br\\\/home\\\/\",\"logo\":{\"@type\":\"ImageObject\",\"inLanguage\":\"pt-BR\",\"@id\":\"https:\\\/\\\/jornalboasnoticias.com.br\\\/home\\\/#\\\/schema\\\/logo\\\/image\\\/\",\"url\":\"https:\\\/\\\/jornalboasnoticias.com.br\\\/home\\\/wp-content\\\/uploads\\\/2024\\\/07\\\/cropped-logo.jpg\",\"contentUrl\":\"https:\\\/\\\/jornalboasnoticias.com.br\\\/home\\\/wp-content\\\/uploads\\\/2024\\\/07\\\/cropped-logo.jpg\",\"width\":290,\"height\":142,\"caption\":\"Coq Editora Ltda\"},\"image\":{\"@id\":\"https:\\\/\\\/jornalboasnoticias.com.br\\\/home\\\/#\\\/schema\\\/logo\\\/image\\\/\"},\"sameAs\":[\"https:\\\/\\\/www.facebook.com\\\/boasnoticiasjornal\"]},{\"@type\":\"Person\",\"@id\":\"https:\\\/\\\/jornalboasnoticias.com.br\\\/home\\\/#\\\/schema\\\/person\\\/d641193e0afc6405b390164dac847971\",\"name\":\"Ana Luiza Bonatto\",\"image\":{\"@type\":\"ImageObject\",\"inLanguage\":\"pt-BR\",\"@id\":\"https:\\\/\\\/secure.gravatar.com\\\/avatar\\\/8a055ebe6373371f67ac6fcf313c0ac0b0a91157fdcdb9514fa62927373348f0?s=96&d=mm&r=g\",\"url\":\"https:\\\/\\\/secure.gravatar.com\\\/avatar\\\/8a055ebe6373371f67ac6fcf313c0ac0b0a91157fdcdb9514fa62927373348f0?s=96&d=mm&r=g\",\"contentUrl\":\"https:\\\/\\\/secure.gravatar.com\\\/avatar\\\/8a055ebe6373371f67ac6fcf313c0ac0b0a91157fdcdb9514fa62927373348f0?s=96&d=mm&r=g\",\"caption\":\"Ana Luiza Bonatto\"},\"url\":\"https:\\\/\\\/jornalboasnoticias.com.br\\\/home\\\/author\\\/ana-luiza\\\/\"}]}<\/script>\n<!-- \/ Yoast SEO plugin. -->","yoast_head_json":{"title":"Paranaense retorna ao Brasil ap\u00f3s 9 meses na guerra da Ucr\u00e2nia - Jornal","description":"Paranaense retorna ao Brasil ap\u00f3s 9 meses na guerra da Ucr\u00e2nia","robots":{"index":"index","follow":"follow","max-snippet":"max-snippet:-1","max-image-preview":"max-image-preview:large","max-video-preview":"max-video-preview:-1"},"canonical":"https:\/\/jornalboasnoticias.com.br\/home\/paranaense-retorna-ao-brasil-apos-9-meses-na-guerra-da-ucrania\/","og_locale":"pt_BR","og_type":"article","og_title":"Paranaense retorna ao Brasil ap\u00f3s 9 meses na guerra da Ucr\u00e2nia - Jornal","og_description":"Paranaense retorna ao Brasil ap\u00f3s 9 meses na guerra da Ucr\u00e2nia","og_url":"https:\/\/jornalboasnoticias.com.br\/home\/paranaense-retorna-ao-brasil-apos-9-meses-na-guerra-da-ucrania\/","og_site_name":"Jornal","article_publisher":"https:\/\/www.facebook.com\/boasnoticiasjornal","article_published_time":"2026-01-28T14:06:10+00:00","og_image":[{"width":900,"height":600,"url":"https:\/\/jornalboasnoticias.com.br\/home\/wp-content\/uploads\/2026\/01\/Maringanese-volta-ao-Brasil-apos-lutar-por-9-meses-em-guerra-na-Ucrania.webp","type":"image\/webp"}],"author":"Ana Luiza Bonatto","twitter_card":"summary_large_image","twitter_misc":{"Escrito por":"Ana Luiza Bonatto","Est. tempo de leitura":"2 minutos"},"schema":{"@context":"https:\/\/schema.org","@graph":[{"@type":"Article","@id":"https:\/\/jornalboasnoticias.com.br\/home\/paranaense-retorna-ao-brasil-apos-9-meses-na-guerra-da-ucrania\/#article","isPartOf":{"@id":"https:\/\/jornalboasnoticias.com.br\/home\/paranaense-retorna-ao-brasil-apos-9-meses-na-guerra-da-ucrania\/"},"author":{"name":"Ana Luiza Bonatto","@id":"https:\/\/jornalboasnoticias.com.br\/home\/#\/schema\/person\/d641193e0afc6405b390164dac847971"},"headline":"Paranaense retorna ao Brasil ap\u00f3s 9 meses na guerra da Ucr\u00e2nia","datePublished":"2026-01-28T14:06:10+00:00","mainEntityOfPage":{"@id":"https:\/\/jornalboasnoticias.com.br\/home\/paranaense-retorna-ao-brasil-apos-9-meses-na-guerra-da-ucrania\/"},"wordCount":286,"commentCount":0,"publisher":{"@id":"https:\/\/jornalboasnoticias.com.br\/home\/#organization"},"image":{"@id":"https:\/\/jornalboasnoticias.com.br\/home\/paranaense-retorna-ao-brasil-apos-9-meses-na-guerra-da-ucrania\/#primaryimage"},"thumbnailUrl":"https:\/\/jornalboasnoticias.com.br\/home\/wp-content\/uploads\/2026\/01\/Maringanese-volta-ao-Brasil-apos-lutar-por-9-meses-em-guerra-na-Ucrania.webp","articleSection":["BRASIL","DESTAQUE"],"inLanguage":"pt-BR","potentialAction":[{"@type":"CommentAction","name":"Comment","target":["https:\/\/jornalboasnoticias.com.br\/home\/paranaense-retorna-ao-brasil-apos-9-meses-na-guerra-da-ucrania\/#respond"]}]},{"@type":"WebPage","@id":"https:\/\/jornalboasnoticias.com.br\/home\/paranaense-retorna-ao-brasil-apos-9-meses-na-guerra-da-ucrania\/","url":"https:\/\/jornalboasnoticias.com.br\/home\/paranaense-retorna-ao-brasil-apos-9-meses-na-guerra-da-ucrania\/","name":"Paranaense retorna ao Brasil ap\u00f3s 9 meses na guerra da Ucr\u00e2nia - Jornal","isPartOf":{"@id":"https:\/\/jornalboasnoticias.com.br\/home\/#website"},"primaryImageOfPage":{"@id":"https:\/\/jornalboasnoticias.com.br\/home\/paranaense-retorna-ao-brasil-apos-9-meses-na-guerra-da-ucrania\/#primaryimage"},"image":{"@id":"https:\/\/jornalboasnoticias.com.br\/home\/paranaense-retorna-ao-brasil-apos-9-meses-na-guerra-da-ucrania\/#primaryimage"},"thumbnailUrl":"https:\/\/jornalboasnoticias.com.br\/home\/wp-content\/uploads\/2026\/01\/Maringanese-volta-ao-Brasil-apos-lutar-por-9-meses-em-guerra-na-Ucrania.webp","datePublished":"2026-01-28T14:06:10+00:00","description":"Paranaense retorna ao Brasil ap\u00f3s 9 meses na guerra da Ucr\u00e2nia","breadcrumb":{"@id":"https:\/\/jornalboasnoticias.com.br\/home\/paranaense-retorna-ao-brasil-apos-9-meses-na-guerra-da-ucrania\/#breadcrumb"},"inLanguage":"pt-BR","potentialAction":[{"@type":"ReadAction","target":["https:\/\/jornalboasnoticias.com.br\/home\/paranaense-retorna-ao-brasil-apos-9-meses-na-guerra-da-ucrania\/"]}]},{"@type":"ImageObject","inLanguage":"pt-BR","@id":"https:\/\/jornalboasnoticias.com.br\/home\/paranaense-retorna-ao-brasil-apos-9-meses-na-guerra-da-ucrania\/#primaryimage","url":"https:\/\/jornalboasnoticias.com.br\/home\/wp-content\/uploads\/2026\/01\/Maringanese-volta-ao-Brasil-apos-lutar-por-9-meses-em-guerra-na-Ucrania.webp","contentUrl":"https:\/\/jornalboasnoticias.com.br\/home\/wp-content\/uploads\/2026\/01\/Maringanese-volta-ao-Brasil-apos-lutar-por-9-meses-em-guerra-na-Ucrania.webp","width":900,"height":600,"caption":"Arquivo pessoal"},{"@type":"BreadcrumbList","@id":"https:\/\/jornalboasnoticias.com.br\/home\/paranaense-retorna-ao-brasil-apos-9-meses-na-guerra-da-ucrania\/#breadcrumb","itemListElement":[{"@type":"ListItem","position":1,"name":"In\u00edcio","item":"https:\/\/jornalboasnoticias.com.br\/home\/"},{"@type":"ListItem","position":2,"name":"Paranaense retorna ao Brasil ap\u00f3s 9 meses na guerra da Ucr\u00e2nia"}]},{"@type":"WebSite","@id":"https:\/\/jornalboasnoticias.com.br\/home\/#website","url":"https:\/\/jornalboasnoticias.com.br\/home\/","name":"Jornal Boas Not\u00edcias","description":"Boas not\u00edcias","publisher":{"@id":"https:\/\/jornalboasnoticias.com.br\/home\/#organization"},"potentialAction":[{"@type":"SearchAction","target":{"@type":"EntryPoint","urlTemplate":"https:\/\/jornalboasnoticias.com.br\/home\/?s={search_term_string}"},"query-input":{"@type":"PropertyValueSpecification","valueRequired":true,"valueName":"search_term_string"}}],"inLanguage":"pt-BR"},{"@type":"Organization","@id":"https:\/\/jornalboasnoticias.com.br\/home\/#organization","name":"Coq Editora Ltda","alternateName":"Jornal Boas Noticias","url":"https:\/\/jornalboasnoticias.com.br\/home\/","logo":{"@type":"ImageObject","inLanguage":"pt-BR","@id":"https:\/\/jornalboasnoticias.com.br\/home\/#\/schema\/logo\/image\/","url":"https:\/\/jornalboasnoticias.com.br\/home\/wp-content\/uploads\/2024\/07\/cropped-logo.jpg","contentUrl":"https:\/\/jornalboasnoticias.com.br\/home\/wp-content\/uploads\/2024\/07\/cropped-logo.jpg","width":290,"height":142,"caption":"Coq Editora Ltda"},"image":{"@id":"https:\/\/jornalboasnoticias.com.br\/home\/#\/schema\/logo\/image\/"},"sameAs":["https:\/\/www.facebook.com\/boasnoticiasjornal"]},{"@type":"Person","@id":"https:\/\/jornalboasnoticias.com.br\/home\/#\/schema\/person\/d641193e0afc6405b390164dac847971","name":"Ana Luiza Bonatto","image":{"@type":"ImageObject","inLanguage":"pt-BR","@id":"https:\/\/secure.gravatar.com\/avatar\/8a055ebe6373371f67ac6fcf313c0ac0b0a91157fdcdb9514fa62927373348f0?s=96&d=mm&r=g","url":"https:\/\/secure.gravatar.com\/avatar\/8a055ebe6373371f67ac6fcf313c0ac0b0a91157fdcdb9514fa62927373348f0?s=96&d=mm&r=g","contentUrl":"https:\/\/secure.gravatar.com\/avatar\/8a055ebe6373371f67ac6fcf313c0ac0b0a91157fdcdb9514fa62927373348f0?s=96&d=mm&r=g","caption":"Ana Luiza Bonatto"},"url":"https:\/\/jornalboasnoticias.com.br\/home\/author\/ana-luiza\/"}]}},"_links":{"self":[{"href":"https:\/\/jornalboasnoticias.com.br\/home\/wp-json\/wp\/v2\/posts\/47350","targetHints":{"allow":["GET"]}}],"collection":[{"href":"https:\/\/jornalboasnoticias.com.br\/home\/wp-json\/wp\/v2\/posts"}],"about":[{"href":"https:\/\/jornalboasnoticias.com.br\/home\/wp-json\/wp\/v2\/types\/post"}],"author":[{"embeddable":true,"href":"https:\/\/jornalboasnoticias.com.br\/home\/wp-json\/wp\/v2\/users\/4"}],"replies":[{"embeddable":true,"href":"https:\/\/jornalboasnoticias.com.br\/home\/wp-json\/wp\/v2\/comments?post=47350"}],"version-history":[{"count":1,"href":"https:\/\/jornalboasnoticias.com.br\/home\/wp-json\/wp\/v2\/posts\/47350\/revisions"}],"predecessor-version":[{"id":47352,"href":"https:\/\/jornalboasnoticias.com.br\/home\/wp-json\/wp\/v2\/posts\/47350\/revisions\/47352"}],"wp:featuredmedia":[{"embeddable":true,"href":"https:\/\/jornalboasnoticias.com.br\/home\/wp-json\/wp\/v2\/media\/47351"}],"wp:attachment":[{"href":"https:\/\/jornalboasnoticias.com.br\/home\/wp-json\/wp\/v2\/media?parent=47350"}],"wp:term":[{"taxonomy":"category","embeddable":true,"href":"https:\/\/jornalboasnoticias.com.br\/home\/wp-json\/wp\/v2\/categories?post=47350"},{"taxonomy":"post_tag","embeddable":true,"href":"https:\/\/jornalboasnoticias.com.br\/home\/wp-json\/wp\/v2\/tags?post=47350"}],"curies":[{"name":"wp","href":"https:\/\/api.w.org\/{rel}","templated":true}]}}