{"id":47343,"date":"2026-01-28T13:51:22","date_gmt":"2026-01-28T13:51:22","guid":{"rendered":"https:\/\/jornalboasnoticias.com.br\/home\/?p=47343"},"modified":"2026-01-28T13:51:22","modified_gmt":"2026-01-28T13:51:22","slug":"cao-orelha-o-que-diz-a-lei-sobre-crimes-contra-animais-no-brasil","status":"publish","type":"post","link":"https:\/\/jornalboasnoticias.com.br\/home\/cao-orelha-o-que-diz-a-lei-sobre-crimes-contra-animais-no-brasil\/","title":{"rendered":"C\u00e3o Orelha: o que diz a lei sobre crimes contra animais no Brasil"},"content":{"rendered":"<figure id=\"attachment_47344\" aria-describedby=\"caption-attachment-47344\" style=\"width: 900px\" class=\"wp-caption alignnone\"><img loading=\"lazy\" decoding=\"async\" class=\"size-full wp-image-47344\" src=\"https:\/\/jornalboasnoticias.com.br\/home\/wp-content\/uploads\/2026\/01\/Cao-Orelha-recebe-homenagem-nas-redes-sociais.webp\" alt=\"\" width=\"900\" height=\"600\" srcset=\"https:\/\/jornalboasnoticias.com.br\/home\/wp-content\/uploads\/2026\/01\/Cao-Orelha-recebe-homenagem-nas-redes-sociais.webp 900w, https:\/\/jornalboasnoticias.com.br\/home\/wp-content\/uploads\/2026\/01\/Cao-Orelha-recebe-homenagem-nas-redes-sociais-300x200.webp 300w, https:\/\/jornalboasnoticias.com.br\/home\/wp-content\/uploads\/2026\/01\/Cao-Orelha-recebe-homenagem-nas-redes-sociais-768x512.webp 768w\" sizes=\"auto, (max-width: 900px) 100vw, 900px\" \/><figcaption id=\"caption-attachment-47344\" class=\"wp-caption-text\">Reprodu\u00e7\u00e3o\/ Redes Sociais<\/figcaption><\/figure>\n<blockquote>\n<p data-start=\"80\" data-end=\"260\">Morte de c\u00e3o comunit\u00e1rio em Florian\u00f3polis reacende debate sobre puni\u00e7\u00f5es por maus-tratos e sobre como funciona a responsabiliza\u00e7\u00e3o quando h\u00e1 suspeitos adolescentes.<\/p>\n<\/blockquote>\n<p data-start=\"262\" data-end=\"692\">A morte do c\u00e3o comunit\u00e1rio conhecido como Orelha, que vivia havia cerca de dez anos na Praia Brava, em Florian\u00f3polis (SC), provocou como\u00e7\u00e3o nas redes sociais e aumentou a press\u00e3o por puni\u00e7\u00e3o aos respons\u00e1veis. O animal foi atacado no dia 15 e n\u00e3o resistiu aos ferimentos. A Pol\u00edcia Civil cumpriu mandados de busca e apreens\u00e3o no dia 26 no inqu\u00e9rito que apura o caso, que segue em investiga\u00e7\u00e3o.<\/p>\n<p data-start=\"694\" data-end=\"848\">Al\u00e9m da indigna\u00e7\u00e3o p\u00fablica, o epis\u00f3dio colocou em evid\u00eancia uma d\u00favida recorrente: afinal, qual \u00e9 a puni\u00e7\u00e3o prevista no Brasil para crimes contra animais?<\/p>\n<h2 data-start=\"850\" data-end=\"887\">O que a lei prev\u00ea para maus-tratos<\/h2>\n<p data-start=\"888\" data-end=\"1172\">No Brasil, maus-tratos a animais configuram crime previsto na Lei 9.605\/1998, com san\u00e7\u00f5es penais e administrativas. A pena geral indicada para maus-tratos \u00e9 de deten\u00e7\u00e3o e multa, e pode variar conforme o tipo de animal e as circunst\u00e2ncias do caso.<\/p>\n<p data-start=\"1174\" data-end=\"1449\">Quando se trata de c\u00e3es e gatos, a legisla\u00e7\u00e3o \u00e9 mais dura. A chamada Lei 14.064\/2020 elevou a puni\u00e7\u00e3o, prevendo reclus\u00e3o de 2 a 5 anos, al\u00e9m de multa e proibi\u00e7\u00e3o da guarda. Se o crime resultar na morte do animal, a pena pode ter aumento.<\/p>\n<h2 data-start=\"1451\" data-end=\"1492\">E quando os suspeitos s\u00e3o adolescentes<\/h2>\n<p data-start=\"1493\" data-end=\"1911\">Como o caso Orelha envolve adolescentes apontados como suspeitos, a responsabiliza\u00e7\u00e3o segue regras diferentes. Em vez de responderem criminalmente como adultos, eles podem responder por ato infracional e estar sujeitos a medidas socioeducativas, que v\u00e3o de advert\u00eancia e repara\u00e7\u00e3o do dano at\u00e9 semiliberdade e interna\u00e7\u00e3o, aplicada de forma excepcional e nos casos previstos em lei.<\/p>\n<h2 data-start=\"1913\" data-end=\"1958\">\u201cTeoria do Elo\u201d e o alerta das autoridades<\/h2>\n<p data-start=\"1959\" data-end=\"2257\">O Minist\u00e9rio do Meio Ambiente e Mudan\u00e7a do Clima destaca que a chamada \u201cTeoria do Elo\u201d aponta conex\u00e3o entre viol\u00eancia contra animais e viol\u00eancia contra pessoas e cita o dado de que, no Brasil, 71% dos agressores de animais tamb\u00e9m cometem crimes contra humanos.<\/p>\n","protected":false},"excerpt":{"rendered":"<p>Morte de c\u00e3o comunit\u00e1rio em Florian\u00f3polis reacende debate sobre puni\u00e7\u00f5es por maus-tratos e sobre como<\/p>\n","protected":false},"author":4,"featured_media":47344,"comment_status":"open","ping_status":"open","sticky":false,"template":"","format":"standard","meta":{"footnotes":""},"categories":[6,3],"tags":[],"class_list":["post-47343","post","type-post","status-publish","format-standard","has-post-thumbnail","hentry","category-brasil","category-destaques"],"yoast_head":"<!-- This site is optimized with the Yoast SEO plugin v27.5 - https:\/\/yoast.com\/product\/yoast-seo-wordpress\/ -->\n<title>C\u00e3o Orelha: o que diz a lei sobre crimes contra animais no Brasil - Jornal<\/title>\n<meta name=\"description\" content=\"C\u00e3o Orelha: o que diz a lei sobre crimes contra animais no Brasil\" \/>\n<meta name=\"robots\" content=\"index, follow, max-snippet:-1, max-image-preview:large, max-video-preview:-1\" \/>\n<link rel=\"canonical\" href=\"https:\/\/jornalboasnoticias.com.br\/home\/cao-orelha-o-que-diz-a-lei-sobre-crimes-contra-animais-no-brasil\/\" \/>\n<meta property=\"og:locale\" content=\"pt_BR\" \/>\n<meta property=\"og:type\" content=\"article\" \/>\n<meta property=\"og:title\" content=\"C\u00e3o Orelha: o que diz a lei sobre crimes contra animais no Brasil - Jornal\" \/>\n<meta property=\"og:description\" content=\"C\u00e3o Orelha: o que diz a lei sobre crimes contra animais no Brasil\" \/>\n<meta property=\"og:url\" content=\"https:\/\/jornalboasnoticias.com.br\/home\/cao-orelha-o-que-diz-a-lei-sobre-crimes-contra-animais-no-brasil\/\" \/>\n<meta property=\"og:site_name\" content=\"Jornal\" \/>\n<meta property=\"article:publisher\" content=\"https:\/\/www.facebook.com\/boasnoticiasjornal\" \/>\n<meta property=\"article:published_time\" content=\"2026-01-28T13:51:22+00:00\" \/>\n<meta property=\"og:image\" content=\"https:\/\/jornalboasnoticias.com.br\/home\/wp-content\/uploads\/2026\/01\/Cao-Orelha-recebe-homenagem-nas-redes-sociais.webp\" \/>\n\t<meta property=\"og:image:width\" content=\"900\" \/>\n\t<meta property=\"og:image:height\" content=\"600\" \/>\n\t<meta property=\"og:image:type\" content=\"image\/webp\" \/>\n<meta name=\"author\" content=\"Ana Luiza Bonatto\" \/>\n<meta name=\"twitter:card\" content=\"summary_large_image\" \/>\n<meta name=\"twitter:label1\" content=\"Escrito por\" \/>\n\t<meta name=\"twitter:data1\" content=\"Ana Luiza Bonatto\" \/>\n\t<meta name=\"twitter:label2\" content=\"Est. tempo de leitura\" \/>\n\t<meta name=\"twitter:data2\" content=\"3 minutos\" \/>\n<script type=\"application\/ld+json\" class=\"yoast-schema-graph\">{\"@context\":\"https:\\\/\\\/schema.org\",\"@graph\":[{\"@type\":\"Article\",\"@id\":\"https:\\\/\\\/jornalboasnoticias.com.br\\\/home\\\/cao-orelha-o-que-diz-a-lei-sobre-crimes-contra-animais-no-brasil\\\/#article\",\"isPartOf\":{\"@id\":\"https:\\\/\\\/jornalboasnoticias.com.br\\\/home\\\/cao-orelha-o-que-diz-a-lei-sobre-crimes-contra-animais-no-brasil\\\/\"},\"author\":{\"name\":\"Ana Luiza Bonatto\",\"@id\":\"https:\\\/\\\/jornalboasnoticias.com.br\\\/home\\\/#\\\/schema\\\/person\\\/d641193e0afc6405b390164dac847971\"},\"headline\":\"C\u00e3o Orelha: o que diz a lei sobre crimes contra animais no Brasil\",\"datePublished\":\"2026-01-28T13:51:22+00:00\",\"mainEntityOfPage\":{\"@id\":\"https:\\\/\\\/jornalboasnoticias.com.br\\\/home\\\/cao-orelha-o-que-diz-a-lei-sobre-crimes-contra-animais-no-brasil\\\/\"},\"wordCount\":380,\"commentCount\":0,\"publisher\":{\"@id\":\"https:\\\/\\\/jornalboasnoticias.com.br\\\/home\\\/#organization\"},\"image\":{\"@id\":\"https:\\\/\\\/jornalboasnoticias.com.br\\\/home\\\/cao-orelha-o-que-diz-a-lei-sobre-crimes-contra-animais-no-brasil\\\/#primaryimage\"},\"thumbnailUrl\":\"https:\\\/\\\/jornalboasnoticias.com.br\\\/home\\\/wp-content\\\/uploads\\\/2026\\\/01\\\/Cao-Orelha-recebe-homenagem-nas-redes-sociais.webp\",\"articleSection\":[\"BRASIL\",\"DESTAQUE\"],\"inLanguage\":\"pt-BR\",\"potentialAction\":[{\"@type\":\"CommentAction\",\"name\":\"Comment\",\"target\":[\"https:\\\/\\\/jornalboasnoticias.com.br\\\/home\\\/cao-orelha-o-que-diz-a-lei-sobre-crimes-contra-animais-no-brasil\\\/#respond\"]}]},{\"@type\":\"WebPage\",\"@id\":\"https:\\\/\\\/jornalboasnoticias.com.br\\\/home\\\/cao-orelha-o-que-diz-a-lei-sobre-crimes-contra-animais-no-brasil\\\/\",\"url\":\"https:\\\/\\\/jornalboasnoticias.com.br\\\/home\\\/cao-orelha-o-que-diz-a-lei-sobre-crimes-contra-animais-no-brasil\\\/\",\"name\":\"C\u00e3o Orelha: o que diz a lei sobre crimes contra animais no Brasil - Jornal\",\"isPartOf\":{\"@id\":\"https:\\\/\\\/jornalboasnoticias.com.br\\\/home\\\/#website\"},\"primaryImageOfPage\":{\"@id\":\"https:\\\/\\\/jornalboasnoticias.com.br\\\/home\\\/cao-orelha-o-que-diz-a-lei-sobre-crimes-contra-animais-no-brasil\\\/#primaryimage\"},\"image\":{\"@id\":\"https:\\\/\\\/jornalboasnoticias.com.br\\\/home\\\/cao-orelha-o-que-diz-a-lei-sobre-crimes-contra-animais-no-brasil\\\/#primaryimage\"},\"thumbnailUrl\":\"https:\\\/\\\/jornalboasnoticias.com.br\\\/home\\\/wp-content\\\/uploads\\\/2026\\\/01\\\/Cao-Orelha-recebe-homenagem-nas-redes-sociais.webp\",\"datePublished\":\"2026-01-28T13:51:22+00:00\",\"description\":\"C\u00e3o Orelha: o que diz a lei sobre crimes contra animais no Brasil\",\"breadcrumb\":{\"@id\":\"https:\\\/\\\/jornalboasnoticias.com.br\\\/home\\\/cao-orelha-o-que-diz-a-lei-sobre-crimes-contra-animais-no-brasil\\\/#breadcrumb\"},\"inLanguage\":\"pt-BR\",\"potentialAction\":[{\"@type\":\"ReadAction\",\"target\":[\"https:\\\/\\\/jornalboasnoticias.com.br\\\/home\\\/cao-orelha-o-que-diz-a-lei-sobre-crimes-contra-animais-no-brasil\\\/\"]}]},{\"@type\":\"ImageObject\",\"inLanguage\":\"pt-BR\",\"@id\":\"https:\\\/\\\/jornalboasnoticias.com.br\\\/home\\\/cao-orelha-o-que-diz-a-lei-sobre-crimes-contra-animais-no-brasil\\\/#primaryimage\",\"url\":\"https:\\\/\\\/jornalboasnoticias.com.br\\\/home\\\/wp-content\\\/uploads\\\/2026\\\/01\\\/Cao-Orelha-recebe-homenagem-nas-redes-sociais.webp\",\"contentUrl\":\"https:\\\/\\\/jornalboasnoticias.com.br\\\/home\\\/wp-content\\\/uploads\\\/2026\\\/01\\\/Cao-Orelha-recebe-homenagem-nas-redes-sociais.webp\",\"width\":900,\"height\":600,\"caption\":\"Reprodu\u00e7\u00e3o\\\/ Redes Sociais\"},{\"@type\":\"BreadcrumbList\",\"@id\":\"https:\\\/\\\/jornalboasnoticias.com.br\\\/home\\\/cao-orelha-o-que-diz-a-lei-sobre-crimes-contra-animais-no-brasil\\\/#breadcrumb\",\"itemListElement\":[{\"@type\":\"ListItem\",\"position\":1,\"name\":\"In\u00edcio\",\"item\":\"https:\\\/\\\/jornalboasnoticias.com.br\\\/home\\\/\"},{\"@type\":\"ListItem\",\"position\":2,\"name\":\"C\u00e3o Orelha: o que diz a lei sobre crimes contra animais no Brasil\"}]},{\"@type\":\"WebSite\",\"@id\":\"https:\\\/\\\/jornalboasnoticias.com.br\\\/home\\\/#website\",\"url\":\"https:\\\/\\\/jornalboasnoticias.com.br\\\/home\\\/\",\"name\":\"Jornal Boas Not\u00edcias\",\"description\":\"Boas not\u00edcias\",\"publisher\":{\"@id\":\"https:\\\/\\\/jornalboasnoticias.com.br\\\/home\\\/#organization\"},\"potentialAction\":[{\"@type\":\"SearchAction\",\"target\":{\"@type\":\"EntryPoint\",\"urlTemplate\":\"https:\\\/\\\/jornalboasnoticias.com.br\\\/home\\\/?s={search_term_string}\"},\"query-input\":{\"@type\":\"PropertyValueSpecification\",\"valueRequired\":true,\"valueName\":\"search_term_string\"}}],\"inLanguage\":\"pt-BR\"},{\"@type\":\"Organization\",\"@id\":\"https:\\\/\\\/jornalboasnoticias.com.br\\\/home\\\/#organization\",\"name\":\"Coq Editora Ltda\",\"alternateName\":\"Jornal Boas Noticias\",\"url\":\"https:\\\/\\\/jornalboasnoticias.com.br\\\/home\\\/\",\"logo\":{\"@type\":\"ImageObject\",\"inLanguage\":\"pt-BR\",\"@id\":\"https:\\\/\\\/jornalboasnoticias.com.br\\\/home\\\/#\\\/schema\\\/logo\\\/image\\\/\",\"url\":\"https:\\\/\\\/jornalboasnoticias.com.br\\\/home\\\/wp-content\\\/uploads\\\/2024\\\/07\\\/cropped-logo.jpg\",\"contentUrl\":\"https:\\\/\\\/jornalboasnoticias.com.br\\\/home\\\/wp-content\\\/uploads\\\/2024\\\/07\\\/cropped-logo.jpg\",\"width\":290,\"height\":142,\"caption\":\"Coq Editora Ltda\"},\"image\":{\"@id\":\"https:\\\/\\\/jornalboasnoticias.com.br\\\/home\\\/#\\\/schema\\\/logo\\\/image\\\/\"},\"sameAs\":[\"https:\\\/\\\/www.facebook.com\\\/boasnoticiasjornal\"]},{\"@type\":\"Person\",\"@id\":\"https:\\\/\\\/jornalboasnoticias.com.br\\\/home\\\/#\\\/schema\\\/person\\\/d641193e0afc6405b390164dac847971\",\"name\":\"Ana Luiza Bonatto\",\"image\":{\"@type\":\"ImageObject\",\"inLanguage\":\"pt-BR\",\"@id\":\"https:\\\/\\\/secure.gravatar.com\\\/avatar\\\/8a055ebe6373371f67ac6fcf313c0ac0b0a91157fdcdb9514fa62927373348f0?s=96&d=mm&r=g\",\"url\":\"https:\\\/\\\/secure.gravatar.com\\\/avatar\\\/8a055ebe6373371f67ac6fcf313c0ac0b0a91157fdcdb9514fa62927373348f0?s=96&d=mm&r=g\",\"contentUrl\":\"https:\\\/\\\/secure.gravatar.com\\\/avatar\\\/8a055ebe6373371f67ac6fcf313c0ac0b0a91157fdcdb9514fa62927373348f0?s=96&d=mm&r=g\",\"caption\":\"Ana Luiza Bonatto\"},\"url\":\"https:\\\/\\\/jornalboasnoticias.com.br\\\/home\\\/author\\\/ana-luiza\\\/\"}]}<\/script>\n<!-- \/ Yoast SEO plugin. -->","yoast_head_json":{"title":"C\u00e3o Orelha: o que diz a lei sobre crimes contra animais no Brasil - Jornal","description":"C\u00e3o Orelha: o que diz a lei sobre crimes contra animais no Brasil","robots":{"index":"index","follow":"follow","max-snippet":"max-snippet:-1","max-image-preview":"max-image-preview:large","max-video-preview":"max-video-preview:-1"},"canonical":"https:\/\/jornalboasnoticias.com.br\/home\/cao-orelha-o-que-diz-a-lei-sobre-crimes-contra-animais-no-brasil\/","og_locale":"pt_BR","og_type":"article","og_title":"C\u00e3o Orelha: o que diz a lei sobre crimes contra animais no Brasil - Jornal","og_description":"C\u00e3o Orelha: o que diz a lei sobre crimes contra animais no Brasil","og_url":"https:\/\/jornalboasnoticias.com.br\/home\/cao-orelha-o-que-diz-a-lei-sobre-crimes-contra-animais-no-brasil\/","og_site_name":"Jornal","article_publisher":"https:\/\/www.facebook.com\/boasnoticiasjornal","article_published_time":"2026-01-28T13:51:22+00:00","og_image":[{"width":900,"height":600,"url":"https:\/\/jornalboasnoticias.com.br\/home\/wp-content\/uploads\/2026\/01\/Cao-Orelha-recebe-homenagem-nas-redes-sociais.webp","type":"image\/webp"}],"author":"Ana Luiza Bonatto","twitter_card":"summary_large_image","twitter_misc":{"Escrito por":"Ana Luiza Bonatto","Est. tempo de leitura":"3 minutos"},"schema":{"@context":"https:\/\/schema.org","@graph":[{"@type":"Article","@id":"https:\/\/jornalboasnoticias.com.br\/home\/cao-orelha-o-que-diz-a-lei-sobre-crimes-contra-animais-no-brasil\/#article","isPartOf":{"@id":"https:\/\/jornalboasnoticias.com.br\/home\/cao-orelha-o-que-diz-a-lei-sobre-crimes-contra-animais-no-brasil\/"},"author":{"name":"Ana Luiza Bonatto","@id":"https:\/\/jornalboasnoticias.com.br\/home\/#\/schema\/person\/d641193e0afc6405b390164dac847971"},"headline":"C\u00e3o Orelha: o que diz a lei sobre crimes contra animais no Brasil","datePublished":"2026-01-28T13:51:22+00:00","mainEntityOfPage":{"@id":"https:\/\/jornalboasnoticias.com.br\/home\/cao-orelha-o-que-diz-a-lei-sobre-crimes-contra-animais-no-brasil\/"},"wordCount":380,"commentCount":0,"publisher":{"@id":"https:\/\/jornalboasnoticias.com.br\/home\/#organization"},"image":{"@id":"https:\/\/jornalboasnoticias.com.br\/home\/cao-orelha-o-que-diz-a-lei-sobre-crimes-contra-animais-no-brasil\/#primaryimage"},"thumbnailUrl":"https:\/\/jornalboasnoticias.com.br\/home\/wp-content\/uploads\/2026\/01\/Cao-Orelha-recebe-homenagem-nas-redes-sociais.webp","articleSection":["BRASIL","DESTAQUE"],"inLanguage":"pt-BR","potentialAction":[{"@type":"CommentAction","name":"Comment","target":["https:\/\/jornalboasnoticias.com.br\/home\/cao-orelha-o-que-diz-a-lei-sobre-crimes-contra-animais-no-brasil\/#respond"]}]},{"@type":"WebPage","@id":"https:\/\/jornalboasnoticias.com.br\/home\/cao-orelha-o-que-diz-a-lei-sobre-crimes-contra-animais-no-brasil\/","url":"https:\/\/jornalboasnoticias.com.br\/home\/cao-orelha-o-que-diz-a-lei-sobre-crimes-contra-animais-no-brasil\/","name":"C\u00e3o Orelha: o que diz a lei sobre crimes contra animais no Brasil - Jornal","isPartOf":{"@id":"https:\/\/jornalboasnoticias.com.br\/home\/#website"},"primaryImageOfPage":{"@id":"https:\/\/jornalboasnoticias.com.br\/home\/cao-orelha-o-que-diz-a-lei-sobre-crimes-contra-animais-no-brasil\/#primaryimage"},"image":{"@id":"https:\/\/jornalboasnoticias.com.br\/home\/cao-orelha-o-que-diz-a-lei-sobre-crimes-contra-animais-no-brasil\/#primaryimage"},"thumbnailUrl":"https:\/\/jornalboasnoticias.com.br\/home\/wp-content\/uploads\/2026\/01\/Cao-Orelha-recebe-homenagem-nas-redes-sociais.webp","datePublished":"2026-01-28T13:51:22+00:00","description":"C\u00e3o Orelha: o que diz a lei sobre crimes contra animais no Brasil","breadcrumb":{"@id":"https:\/\/jornalboasnoticias.com.br\/home\/cao-orelha-o-que-diz-a-lei-sobre-crimes-contra-animais-no-brasil\/#breadcrumb"},"inLanguage":"pt-BR","potentialAction":[{"@type":"ReadAction","target":["https:\/\/jornalboasnoticias.com.br\/home\/cao-orelha-o-que-diz-a-lei-sobre-crimes-contra-animais-no-brasil\/"]}]},{"@type":"ImageObject","inLanguage":"pt-BR","@id":"https:\/\/jornalboasnoticias.com.br\/home\/cao-orelha-o-que-diz-a-lei-sobre-crimes-contra-animais-no-brasil\/#primaryimage","url":"https:\/\/jornalboasnoticias.com.br\/home\/wp-content\/uploads\/2026\/01\/Cao-Orelha-recebe-homenagem-nas-redes-sociais.webp","contentUrl":"https:\/\/jornalboasnoticias.com.br\/home\/wp-content\/uploads\/2026\/01\/Cao-Orelha-recebe-homenagem-nas-redes-sociais.webp","width":900,"height":600,"caption":"Reprodu\u00e7\u00e3o\/ Redes Sociais"},{"@type":"BreadcrumbList","@id":"https:\/\/jornalboasnoticias.com.br\/home\/cao-orelha-o-que-diz-a-lei-sobre-crimes-contra-animais-no-brasil\/#breadcrumb","itemListElement":[{"@type":"ListItem","position":1,"name":"In\u00edcio","item":"https:\/\/jornalboasnoticias.com.br\/home\/"},{"@type":"ListItem","position":2,"name":"C\u00e3o Orelha: o que diz a lei sobre crimes contra animais no Brasil"}]},{"@type":"WebSite","@id":"https:\/\/jornalboasnoticias.com.br\/home\/#website","url":"https:\/\/jornalboasnoticias.com.br\/home\/","name":"Jornal Boas Not\u00edcias","description":"Boas not\u00edcias","publisher":{"@id":"https:\/\/jornalboasnoticias.com.br\/home\/#organization"},"potentialAction":[{"@type":"SearchAction","target":{"@type":"EntryPoint","urlTemplate":"https:\/\/jornalboasnoticias.com.br\/home\/?s={search_term_string}"},"query-input":{"@type":"PropertyValueSpecification","valueRequired":true,"valueName":"search_term_string"}}],"inLanguage":"pt-BR"},{"@type":"Organization","@id":"https:\/\/jornalboasnoticias.com.br\/home\/#organization","name":"Coq Editora Ltda","alternateName":"Jornal Boas Noticias","url":"https:\/\/jornalboasnoticias.com.br\/home\/","logo":{"@type":"ImageObject","inLanguage":"pt-BR","@id":"https:\/\/jornalboasnoticias.com.br\/home\/#\/schema\/logo\/image\/","url":"https:\/\/jornalboasnoticias.com.br\/home\/wp-content\/uploads\/2024\/07\/cropped-logo.jpg","contentUrl":"https:\/\/jornalboasnoticias.com.br\/home\/wp-content\/uploads\/2024\/07\/cropped-logo.jpg","width":290,"height":142,"caption":"Coq Editora Ltda"},"image":{"@id":"https:\/\/jornalboasnoticias.com.br\/home\/#\/schema\/logo\/image\/"},"sameAs":["https:\/\/www.facebook.com\/boasnoticiasjornal"]},{"@type":"Person","@id":"https:\/\/jornalboasnoticias.com.br\/home\/#\/schema\/person\/d641193e0afc6405b390164dac847971","name":"Ana Luiza Bonatto","image":{"@type":"ImageObject","inLanguage":"pt-BR","@id":"https:\/\/secure.gravatar.com\/avatar\/8a055ebe6373371f67ac6fcf313c0ac0b0a91157fdcdb9514fa62927373348f0?s=96&d=mm&r=g","url":"https:\/\/secure.gravatar.com\/avatar\/8a055ebe6373371f67ac6fcf313c0ac0b0a91157fdcdb9514fa62927373348f0?s=96&d=mm&r=g","contentUrl":"https:\/\/secure.gravatar.com\/avatar\/8a055ebe6373371f67ac6fcf313c0ac0b0a91157fdcdb9514fa62927373348f0?s=96&d=mm&r=g","caption":"Ana Luiza Bonatto"},"url":"https:\/\/jornalboasnoticias.com.br\/home\/author\/ana-luiza\/"}]}},"_links":{"self":[{"href":"https:\/\/jornalboasnoticias.com.br\/home\/wp-json\/wp\/v2\/posts\/47343","targetHints":{"allow":["GET"]}}],"collection":[{"href":"https:\/\/jornalboasnoticias.com.br\/home\/wp-json\/wp\/v2\/posts"}],"about":[{"href":"https:\/\/jornalboasnoticias.com.br\/home\/wp-json\/wp\/v2\/types\/post"}],"author":[{"embeddable":true,"href":"https:\/\/jornalboasnoticias.com.br\/home\/wp-json\/wp\/v2\/users\/4"}],"replies":[{"embeddable":true,"href":"https:\/\/jornalboasnoticias.com.br\/home\/wp-json\/wp\/v2\/comments?post=47343"}],"version-history":[{"count":1,"href":"https:\/\/jornalboasnoticias.com.br\/home\/wp-json\/wp\/v2\/posts\/47343\/revisions"}],"predecessor-version":[{"id":47345,"href":"https:\/\/jornalboasnoticias.com.br\/home\/wp-json\/wp\/v2\/posts\/47343\/revisions\/47345"}],"wp:featuredmedia":[{"embeddable":true,"href":"https:\/\/jornalboasnoticias.com.br\/home\/wp-json\/wp\/v2\/media\/47344"}],"wp:attachment":[{"href":"https:\/\/jornalboasnoticias.com.br\/home\/wp-json\/wp\/v2\/media?parent=47343"}],"wp:term":[{"taxonomy":"category","embeddable":true,"href":"https:\/\/jornalboasnoticias.com.br\/home\/wp-json\/wp\/v2\/categories?post=47343"},{"taxonomy":"post_tag","embeddable":true,"href":"https:\/\/jornalboasnoticias.com.br\/home\/wp-json\/wp\/v2\/tags?post=47343"}],"curies":[{"name":"wp","href":"https:\/\/api.w.org\/{rel}","templated":true}]}}