{"id":47336,"date":"2026-01-28T13:33:51","date_gmt":"2026-01-28T13:33:51","guid":{"rendered":"https:\/\/jornalboasnoticias.com.br\/home\/?p=47336"},"modified":"2026-01-28T13:33:51","modified_gmt":"2026-01-28T13:33:51","slug":"flavio-bolsonaro-diz-a-aliados-ter-acerto-com-zema-e-ratinho-jr","status":"publish","type":"post","link":"https:\/\/jornalboasnoticias.com.br\/home\/flavio-bolsonaro-diz-a-aliados-ter-acerto-com-zema-e-ratinho-jr\/","title":{"rendered":"Fl\u00e1vio Bolsonaro diz a aliados ter acerto com Zema e Ratinho Jr."},"content":{"rendered":"<figure id=\"attachment_47337\" aria-describedby=\"caption-attachment-47337\" style=\"width: 900px\" class=\"wp-caption alignnone\"><img loading=\"lazy\" decoding=\"async\" class=\"size-full wp-image-47337\" src=\"https:\/\/jornalboasnoticias.com.br\/home\/wp-content\/uploads\/2026\/01\/1a294e51-flavio-bolsonaro.webp\" alt=\"\" width=\"900\" height=\"600\" srcset=\"https:\/\/jornalboasnoticias.com.br\/home\/wp-content\/uploads\/2026\/01\/1a294e51-flavio-bolsonaro.webp 900w, https:\/\/jornalboasnoticias.com.br\/home\/wp-content\/uploads\/2026\/01\/1a294e51-flavio-bolsonaro-300x200.webp 300w, https:\/\/jornalboasnoticias.com.br\/home\/wp-content\/uploads\/2026\/01\/1a294e51-flavio-bolsonaro-768x512.webp 768w\" sizes=\"auto, (max-width: 900px) 100vw, 900px\" \/><figcaption id=\"caption-attachment-47337\" class=\"wp-caption-text\">HUGO BARRETO \/ METR\u00d3POLES @hugobarretophoto<\/figcaption><\/figure>\n<blockquote>\n<p data-start=\"250\" data-end=\"401\">Senador afirma estar \u201ctranquilo\u201d com pr\u00e9-candidaturas dos governadores e diz esperar apoio deles em eventual segundo turno contra Lula.<\/p>\n<\/blockquote>\n<p data-start=\"403\" data-end=\"800\">O senador Fl\u00e1vio Bolsonaro (PL-RJ) tem dito a aliados, nos \u00faltimos dias, que n\u00e3o v\u00ea amea\u00e7a imediata nas pr\u00e9-candidaturas ao Planalto dos governadores Romeu Zema (Novo-MG) e Ratinho J\u00fanior (PSD-PR). A avalia\u00e7\u00e3o, segundo interlocutores, \u00e9 de que a movimenta\u00e7\u00e3o dos dois faz parte do jogo pol\u00edtico do primeiro turno e n\u00e3o impediria uma converg\u00eancia mais adiante.<\/p>\n<p data-start=\"802\" data-end=\"1103\">De acordo com pessoas pr\u00f3ximas ao senador, Fl\u00e1vio afirma ter um entendimento com Zema e Ratinho Jr. para que ambos o apoiem caso a disputa presidencial avance para um eventual segundo turno contra o presidente Luiz In\u00e1cio Lula da Silva (PT), na elei\u00e7\u00e3o deste ano.<\/p>\n<p data-start=\"1105\" data-end=\"1406\">Apesar do relato, os dois governadores mant\u00eam publicamente suas pr\u00e9-candidaturas. Nos bastidores, a leitura \u00e9 que a perman\u00eancia no p\u00e1reo preserva capital pol\u00edtico e fortalece negocia\u00e7\u00f5es, sem fechar portas para um alinhamento posterior dentro do campo da direita.<\/p>\n<p data-start=\"1408\" data-end=\"1694\">Aliados de Fl\u00e1vio tamb\u00e9m sustentam que ele aparece como o nome mais competitivo do grupo nas pesquisas divulgadas at\u00e9 aqui, argumento usado para defender que apoios sejam organizados com mais clareza apenas na reta decisiva do calend\u00e1rio eleitoral.<\/p>\n","protected":false},"excerpt":{"rendered":"<p>Senador afirma estar \u201ctranquilo\u201d com pr\u00e9-candidaturas dos governadores e diz esperar apoio deles em eventual<\/p>\n","protected":false},"author":4,"featured_media":47337,"comment_status":"open","ping_status":"open","sticky":false,"template":"","format":"standard","meta":{"footnotes":""},"categories":[6,3],"tags":[],"class_list":["post-47336","post","type-post","status-publish","format-standard","has-post-thumbnail","hentry","category-brasil","category-destaques"],"yoast_head":"<!-- This site is optimized with the Yoast SEO plugin v27.5 - https:\/\/yoast.com\/product\/yoast-seo-wordpress\/ -->\n<title>Fl\u00e1vio Bolsonaro diz a aliados ter acerto com Zema e Ratinho Jr. - Jornal<\/title>\n<meta name=\"description\" content=\"Fl\u00e1vio Bolsonaro diz a aliados ter acerto com Zema e Ratinho Jr.\" \/>\n<meta name=\"robots\" content=\"index, follow, max-snippet:-1, max-image-preview:large, max-video-preview:-1\" \/>\n<link rel=\"canonical\" href=\"https:\/\/jornalboasnoticias.com.br\/home\/flavio-bolsonaro-diz-a-aliados-ter-acerto-com-zema-e-ratinho-jr\/\" \/>\n<meta property=\"og:locale\" content=\"pt_BR\" \/>\n<meta property=\"og:type\" content=\"article\" \/>\n<meta property=\"og:title\" content=\"Fl\u00e1vio Bolsonaro diz a aliados ter acerto com Zema e Ratinho Jr. - Jornal\" \/>\n<meta property=\"og:description\" content=\"Fl\u00e1vio Bolsonaro diz a aliados ter acerto com Zema e Ratinho Jr.\" \/>\n<meta property=\"og:url\" content=\"https:\/\/jornalboasnoticias.com.br\/home\/flavio-bolsonaro-diz-a-aliados-ter-acerto-com-zema-e-ratinho-jr\/\" \/>\n<meta property=\"og:site_name\" content=\"Jornal\" \/>\n<meta property=\"article:publisher\" content=\"https:\/\/www.facebook.com\/boasnoticiasjornal\" \/>\n<meta property=\"article:published_time\" content=\"2026-01-28T13:33:51+00:00\" \/>\n<meta property=\"og:image\" content=\"https:\/\/jornalboasnoticias.com.br\/home\/wp-content\/uploads\/2026\/01\/1a294e51-flavio-bolsonaro.webp\" \/>\n\t<meta property=\"og:image:width\" content=\"900\" \/>\n\t<meta property=\"og:image:height\" content=\"600\" \/>\n\t<meta property=\"og:image:type\" content=\"image\/webp\" \/>\n<meta name=\"author\" content=\"Ana Luiza Bonatto\" \/>\n<meta name=\"twitter:card\" content=\"summary_large_image\" \/>\n<meta name=\"twitter:label1\" content=\"Escrito por\" \/>\n\t<meta name=\"twitter:data1\" content=\"Ana Luiza Bonatto\" \/>\n\t<meta name=\"twitter:label2\" content=\"Est. tempo de leitura\" \/>\n\t<meta name=\"twitter:data2\" content=\"2 minutos\" \/>\n<script type=\"application\/ld+json\" class=\"yoast-schema-graph\">{\"@context\":\"https:\\\/\\\/schema.org\",\"@graph\":[{\"@type\":\"Article\",\"@id\":\"https:\\\/\\\/jornalboasnoticias.com.br\\\/home\\\/flavio-bolsonaro-diz-a-aliados-ter-acerto-com-zema-e-ratinho-jr\\\/#article\",\"isPartOf\":{\"@id\":\"https:\\\/\\\/jornalboasnoticias.com.br\\\/home\\\/flavio-bolsonaro-diz-a-aliados-ter-acerto-com-zema-e-ratinho-jr\\\/\"},\"author\":{\"name\":\"Ana Luiza Bonatto\",\"@id\":\"https:\\\/\\\/jornalboasnoticias.com.br\\\/home\\\/#\\\/schema\\\/person\\\/d641193e0afc6405b390164dac847971\"},\"headline\":\"Fl\u00e1vio Bolsonaro diz a aliados ter acerto com Zema e Ratinho Jr.\",\"datePublished\":\"2026-01-28T13:33:51+00:00\",\"mainEntityOfPage\":{\"@id\":\"https:\\\/\\\/jornalboasnoticias.com.br\\\/home\\\/flavio-bolsonaro-diz-a-aliados-ter-acerto-com-zema-e-ratinho-jr\\\/\"},\"wordCount\":243,\"commentCount\":0,\"publisher\":{\"@id\":\"https:\\\/\\\/jornalboasnoticias.com.br\\\/home\\\/#organization\"},\"image\":{\"@id\":\"https:\\\/\\\/jornalboasnoticias.com.br\\\/home\\\/flavio-bolsonaro-diz-a-aliados-ter-acerto-com-zema-e-ratinho-jr\\\/#primaryimage\"},\"thumbnailUrl\":\"https:\\\/\\\/jornalboasnoticias.com.br\\\/home\\\/wp-content\\\/uploads\\\/2026\\\/01\\\/1a294e51-flavio-bolsonaro.webp\",\"articleSection\":[\"BRASIL\",\"DESTAQUE\"],\"inLanguage\":\"pt-BR\",\"potentialAction\":[{\"@type\":\"CommentAction\",\"name\":\"Comment\",\"target\":[\"https:\\\/\\\/jornalboasnoticias.com.br\\\/home\\\/flavio-bolsonaro-diz-a-aliados-ter-acerto-com-zema-e-ratinho-jr\\\/#respond\"]}]},{\"@type\":\"WebPage\",\"@id\":\"https:\\\/\\\/jornalboasnoticias.com.br\\\/home\\\/flavio-bolsonaro-diz-a-aliados-ter-acerto-com-zema-e-ratinho-jr\\\/\",\"url\":\"https:\\\/\\\/jornalboasnoticias.com.br\\\/home\\\/flavio-bolsonaro-diz-a-aliados-ter-acerto-com-zema-e-ratinho-jr\\\/\",\"name\":\"Fl\u00e1vio Bolsonaro diz a aliados ter acerto com Zema e Ratinho Jr. - Jornal\",\"isPartOf\":{\"@id\":\"https:\\\/\\\/jornalboasnoticias.com.br\\\/home\\\/#website\"},\"primaryImageOfPage\":{\"@id\":\"https:\\\/\\\/jornalboasnoticias.com.br\\\/home\\\/flavio-bolsonaro-diz-a-aliados-ter-acerto-com-zema-e-ratinho-jr\\\/#primaryimage\"},\"image\":{\"@id\":\"https:\\\/\\\/jornalboasnoticias.com.br\\\/home\\\/flavio-bolsonaro-diz-a-aliados-ter-acerto-com-zema-e-ratinho-jr\\\/#primaryimage\"},\"thumbnailUrl\":\"https:\\\/\\\/jornalboasnoticias.com.br\\\/home\\\/wp-content\\\/uploads\\\/2026\\\/01\\\/1a294e51-flavio-bolsonaro.webp\",\"datePublished\":\"2026-01-28T13:33:51+00:00\",\"description\":\"Fl\u00e1vio Bolsonaro diz a aliados ter acerto com Zema e Ratinho Jr.\",\"breadcrumb\":{\"@id\":\"https:\\\/\\\/jornalboasnoticias.com.br\\\/home\\\/flavio-bolsonaro-diz-a-aliados-ter-acerto-com-zema-e-ratinho-jr\\\/#breadcrumb\"},\"inLanguage\":\"pt-BR\",\"potentialAction\":[{\"@type\":\"ReadAction\",\"target\":[\"https:\\\/\\\/jornalboasnoticias.com.br\\\/home\\\/flavio-bolsonaro-diz-a-aliados-ter-acerto-com-zema-e-ratinho-jr\\\/\"]}]},{\"@type\":\"ImageObject\",\"inLanguage\":\"pt-BR\",\"@id\":\"https:\\\/\\\/jornalboasnoticias.com.br\\\/home\\\/flavio-bolsonaro-diz-a-aliados-ter-acerto-com-zema-e-ratinho-jr\\\/#primaryimage\",\"url\":\"https:\\\/\\\/jornalboasnoticias.com.br\\\/home\\\/wp-content\\\/uploads\\\/2026\\\/01\\\/1a294e51-flavio-bolsonaro.webp\",\"contentUrl\":\"https:\\\/\\\/jornalboasnoticias.com.br\\\/home\\\/wp-content\\\/uploads\\\/2026\\\/01\\\/1a294e51-flavio-bolsonaro.webp\",\"width\":900,\"height\":600,\"caption\":\"HUGO BARRETO \\\/ METR\u00d3POLES @hugobarretophoto\"},{\"@type\":\"BreadcrumbList\",\"@id\":\"https:\\\/\\\/jornalboasnoticias.com.br\\\/home\\\/flavio-bolsonaro-diz-a-aliados-ter-acerto-com-zema-e-ratinho-jr\\\/#breadcrumb\",\"itemListElement\":[{\"@type\":\"ListItem\",\"position\":1,\"name\":\"In\u00edcio\",\"item\":\"https:\\\/\\\/jornalboasnoticias.com.br\\\/home\\\/\"},{\"@type\":\"ListItem\",\"position\":2,\"name\":\"Fl\u00e1vio Bolsonaro diz a aliados ter acerto com Zema e Ratinho Jr.\"}]},{\"@type\":\"WebSite\",\"@id\":\"https:\\\/\\\/jornalboasnoticias.com.br\\\/home\\\/#website\",\"url\":\"https:\\\/\\\/jornalboasnoticias.com.br\\\/home\\\/\",\"name\":\"Jornal Boas Not\u00edcias\",\"description\":\"Boas not\u00edcias\",\"publisher\":{\"@id\":\"https:\\\/\\\/jornalboasnoticias.com.br\\\/home\\\/#organization\"},\"potentialAction\":[{\"@type\":\"SearchAction\",\"target\":{\"@type\":\"EntryPoint\",\"urlTemplate\":\"https:\\\/\\\/jornalboasnoticias.com.br\\\/home\\\/?s={search_term_string}\"},\"query-input\":{\"@type\":\"PropertyValueSpecification\",\"valueRequired\":true,\"valueName\":\"search_term_string\"}}],\"inLanguage\":\"pt-BR\"},{\"@type\":\"Organization\",\"@id\":\"https:\\\/\\\/jornalboasnoticias.com.br\\\/home\\\/#organization\",\"name\":\"Coq Editora Ltda\",\"alternateName\":\"Jornal Boas Noticias\",\"url\":\"https:\\\/\\\/jornalboasnoticias.com.br\\\/home\\\/\",\"logo\":{\"@type\":\"ImageObject\",\"inLanguage\":\"pt-BR\",\"@id\":\"https:\\\/\\\/jornalboasnoticias.com.br\\\/home\\\/#\\\/schema\\\/logo\\\/image\\\/\",\"url\":\"https:\\\/\\\/jornalboasnoticias.com.br\\\/home\\\/wp-content\\\/uploads\\\/2024\\\/07\\\/cropped-logo.jpg\",\"contentUrl\":\"https:\\\/\\\/jornalboasnoticias.com.br\\\/home\\\/wp-content\\\/uploads\\\/2024\\\/07\\\/cropped-logo.jpg\",\"width\":290,\"height\":142,\"caption\":\"Coq Editora Ltda\"},\"image\":{\"@id\":\"https:\\\/\\\/jornalboasnoticias.com.br\\\/home\\\/#\\\/schema\\\/logo\\\/image\\\/\"},\"sameAs\":[\"https:\\\/\\\/www.facebook.com\\\/boasnoticiasjornal\"]},{\"@type\":\"Person\",\"@id\":\"https:\\\/\\\/jornalboasnoticias.com.br\\\/home\\\/#\\\/schema\\\/person\\\/d641193e0afc6405b390164dac847971\",\"name\":\"Ana Luiza Bonatto\",\"image\":{\"@type\":\"ImageObject\",\"inLanguage\":\"pt-BR\",\"@id\":\"https:\\\/\\\/secure.gravatar.com\\\/avatar\\\/8a055ebe6373371f67ac6fcf313c0ac0b0a91157fdcdb9514fa62927373348f0?s=96&d=mm&r=g\",\"url\":\"https:\\\/\\\/secure.gravatar.com\\\/avatar\\\/8a055ebe6373371f67ac6fcf313c0ac0b0a91157fdcdb9514fa62927373348f0?s=96&d=mm&r=g\",\"contentUrl\":\"https:\\\/\\\/secure.gravatar.com\\\/avatar\\\/8a055ebe6373371f67ac6fcf313c0ac0b0a91157fdcdb9514fa62927373348f0?s=96&d=mm&r=g\",\"caption\":\"Ana Luiza Bonatto\"},\"url\":\"https:\\\/\\\/jornalboasnoticias.com.br\\\/home\\\/author\\\/ana-luiza\\\/\"}]}<\/script>\n<!-- \/ Yoast SEO plugin. -->","yoast_head_json":{"title":"Fl\u00e1vio Bolsonaro diz a aliados ter acerto com Zema e Ratinho Jr. - Jornal","description":"Fl\u00e1vio Bolsonaro diz a aliados ter acerto com Zema e Ratinho Jr.","robots":{"index":"index","follow":"follow","max-snippet":"max-snippet:-1","max-image-preview":"max-image-preview:large","max-video-preview":"max-video-preview:-1"},"canonical":"https:\/\/jornalboasnoticias.com.br\/home\/flavio-bolsonaro-diz-a-aliados-ter-acerto-com-zema-e-ratinho-jr\/","og_locale":"pt_BR","og_type":"article","og_title":"Fl\u00e1vio Bolsonaro diz a aliados ter acerto com Zema e Ratinho Jr. - Jornal","og_description":"Fl\u00e1vio Bolsonaro diz a aliados ter acerto com Zema e Ratinho Jr.","og_url":"https:\/\/jornalboasnoticias.com.br\/home\/flavio-bolsonaro-diz-a-aliados-ter-acerto-com-zema-e-ratinho-jr\/","og_site_name":"Jornal","article_publisher":"https:\/\/www.facebook.com\/boasnoticiasjornal","article_published_time":"2026-01-28T13:33:51+00:00","og_image":[{"width":900,"height":600,"url":"https:\/\/jornalboasnoticias.com.br\/home\/wp-content\/uploads\/2026\/01\/1a294e51-flavio-bolsonaro.webp","type":"image\/webp"}],"author":"Ana Luiza Bonatto","twitter_card":"summary_large_image","twitter_misc":{"Escrito por":"Ana Luiza Bonatto","Est. tempo de leitura":"2 minutos"},"schema":{"@context":"https:\/\/schema.org","@graph":[{"@type":"Article","@id":"https:\/\/jornalboasnoticias.com.br\/home\/flavio-bolsonaro-diz-a-aliados-ter-acerto-com-zema-e-ratinho-jr\/#article","isPartOf":{"@id":"https:\/\/jornalboasnoticias.com.br\/home\/flavio-bolsonaro-diz-a-aliados-ter-acerto-com-zema-e-ratinho-jr\/"},"author":{"name":"Ana Luiza Bonatto","@id":"https:\/\/jornalboasnoticias.com.br\/home\/#\/schema\/person\/d641193e0afc6405b390164dac847971"},"headline":"Fl\u00e1vio Bolsonaro diz a aliados ter acerto com Zema e Ratinho Jr.","datePublished":"2026-01-28T13:33:51+00:00","mainEntityOfPage":{"@id":"https:\/\/jornalboasnoticias.com.br\/home\/flavio-bolsonaro-diz-a-aliados-ter-acerto-com-zema-e-ratinho-jr\/"},"wordCount":243,"commentCount":0,"publisher":{"@id":"https:\/\/jornalboasnoticias.com.br\/home\/#organization"},"image":{"@id":"https:\/\/jornalboasnoticias.com.br\/home\/flavio-bolsonaro-diz-a-aliados-ter-acerto-com-zema-e-ratinho-jr\/#primaryimage"},"thumbnailUrl":"https:\/\/jornalboasnoticias.com.br\/home\/wp-content\/uploads\/2026\/01\/1a294e51-flavio-bolsonaro.webp","articleSection":["BRASIL","DESTAQUE"],"inLanguage":"pt-BR","potentialAction":[{"@type":"CommentAction","name":"Comment","target":["https:\/\/jornalboasnoticias.com.br\/home\/flavio-bolsonaro-diz-a-aliados-ter-acerto-com-zema-e-ratinho-jr\/#respond"]}]},{"@type":"WebPage","@id":"https:\/\/jornalboasnoticias.com.br\/home\/flavio-bolsonaro-diz-a-aliados-ter-acerto-com-zema-e-ratinho-jr\/","url":"https:\/\/jornalboasnoticias.com.br\/home\/flavio-bolsonaro-diz-a-aliados-ter-acerto-com-zema-e-ratinho-jr\/","name":"Fl\u00e1vio Bolsonaro diz a aliados ter acerto com Zema e Ratinho Jr. - Jornal","isPartOf":{"@id":"https:\/\/jornalboasnoticias.com.br\/home\/#website"},"primaryImageOfPage":{"@id":"https:\/\/jornalboasnoticias.com.br\/home\/flavio-bolsonaro-diz-a-aliados-ter-acerto-com-zema-e-ratinho-jr\/#primaryimage"},"image":{"@id":"https:\/\/jornalboasnoticias.com.br\/home\/flavio-bolsonaro-diz-a-aliados-ter-acerto-com-zema-e-ratinho-jr\/#primaryimage"},"thumbnailUrl":"https:\/\/jornalboasnoticias.com.br\/home\/wp-content\/uploads\/2026\/01\/1a294e51-flavio-bolsonaro.webp","datePublished":"2026-01-28T13:33:51+00:00","description":"Fl\u00e1vio Bolsonaro diz a aliados ter acerto com Zema e Ratinho Jr.","breadcrumb":{"@id":"https:\/\/jornalboasnoticias.com.br\/home\/flavio-bolsonaro-diz-a-aliados-ter-acerto-com-zema-e-ratinho-jr\/#breadcrumb"},"inLanguage":"pt-BR","potentialAction":[{"@type":"ReadAction","target":["https:\/\/jornalboasnoticias.com.br\/home\/flavio-bolsonaro-diz-a-aliados-ter-acerto-com-zema-e-ratinho-jr\/"]}]},{"@type":"ImageObject","inLanguage":"pt-BR","@id":"https:\/\/jornalboasnoticias.com.br\/home\/flavio-bolsonaro-diz-a-aliados-ter-acerto-com-zema-e-ratinho-jr\/#primaryimage","url":"https:\/\/jornalboasnoticias.com.br\/home\/wp-content\/uploads\/2026\/01\/1a294e51-flavio-bolsonaro.webp","contentUrl":"https:\/\/jornalboasnoticias.com.br\/home\/wp-content\/uploads\/2026\/01\/1a294e51-flavio-bolsonaro.webp","width":900,"height":600,"caption":"HUGO BARRETO \/ METR\u00d3POLES @hugobarretophoto"},{"@type":"BreadcrumbList","@id":"https:\/\/jornalboasnoticias.com.br\/home\/flavio-bolsonaro-diz-a-aliados-ter-acerto-com-zema-e-ratinho-jr\/#breadcrumb","itemListElement":[{"@type":"ListItem","position":1,"name":"In\u00edcio","item":"https:\/\/jornalboasnoticias.com.br\/home\/"},{"@type":"ListItem","position":2,"name":"Fl\u00e1vio Bolsonaro diz a aliados ter acerto com Zema e Ratinho Jr."}]},{"@type":"WebSite","@id":"https:\/\/jornalboasnoticias.com.br\/home\/#website","url":"https:\/\/jornalboasnoticias.com.br\/home\/","name":"Jornal Boas Not\u00edcias","description":"Boas not\u00edcias","publisher":{"@id":"https:\/\/jornalboasnoticias.com.br\/home\/#organization"},"potentialAction":[{"@type":"SearchAction","target":{"@type":"EntryPoint","urlTemplate":"https:\/\/jornalboasnoticias.com.br\/home\/?s={search_term_string}"},"query-input":{"@type":"PropertyValueSpecification","valueRequired":true,"valueName":"search_term_string"}}],"inLanguage":"pt-BR"},{"@type":"Organization","@id":"https:\/\/jornalboasnoticias.com.br\/home\/#organization","name":"Coq Editora Ltda","alternateName":"Jornal Boas Noticias","url":"https:\/\/jornalboasnoticias.com.br\/home\/","logo":{"@type":"ImageObject","inLanguage":"pt-BR","@id":"https:\/\/jornalboasnoticias.com.br\/home\/#\/schema\/logo\/image\/","url":"https:\/\/jornalboasnoticias.com.br\/home\/wp-content\/uploads\/2024\/07\/cropped-logo.jpg","contentUrl":"https:\/\/jornalboasnoticias.com.br\/home\/wp-content\/uploads\/2024\/07\/cropped-logo.jpg","width":290,"height":142,"caption":"Coq Editora Ltda"},"image":{"@id":"https:\/\/jornalboasnoticias.com.br\/home\/#\/schema\/logo\/image\/"},"sameAs":["https:\/\/www.facebook.com\/boasnoticiasjornal"]},{"@type":"Person","@id":"https:\/\/jornalboasnoticias.com.br\/home\/#\/schema\/person\/d641193e0afc6405b390164dac847971","name":"Ana Luiza Bonatto","image":{"@type":"ImageObject","inLanguage":"pt-BR","@id":"https:\/\/secure.gravatar.com\/avatar\/8a055ebe6373371f67ac6fcf313c0ac0b0a91157fdcdb9514fa62927373348f0?s=96&d=mm&r=g","url":"https:\/\/secure.gravatar.com\/avatar\/8a055ebe6373371f67ac6fcf313c0ac0b0a91157fdcdb9514fa62927373348f0?s=96&d=mm&r=g","contentUrl":"https:\/\/secure.gravatar.com\/avatar\/8a055ebe6373371f67ac6fcf313c0ac0b0a91157fdcdb9514fa62927373348f0?s=96&d=mm&r=g","caption":"Ana Luiza Bonatto"},"url":"https:\/\/jornalboasnoticias.com.br\/home\/author\/ana-luiza\/"}]}},"_links":{"self":[{"href":"https:\/\/jornalboasnoticias.com.br\/home\/wp-json\/wp\/v2\/posts\/47336","targetHints":{"allow":["GET"]}}],"collection":[{"href":"https:\/\/jornalboasnoticias.com.br\/home\/wp-json\/wp\/v2\/posts"}],"about":[{"href":"https:\/\/jornalboasnoticias.com.br\/home\/wp-json\/wp\/v2\/types\/post"}],"author":[{"embeddable":true,"href":"https:\/\/jornalboasnoticias.com.br\/home\/wp-json\/wp\/v2\/users\/4"}],"replies":[{"embeddable":true,"href":"https:\/\/jornalboasnoticias.com.br\/home\/wp-json\/wp\/v2\/comments?post=47336"}],"version-history":[{"count":1,"href":"https:\/\/jornalboasnoticias.com.br\/home\/wp-json\/wp\/v2\/posts\/47336\/revisions"}],"predecessor-version":[{"id":47338,"href":"https:\/\/jornalboasnoticias.com.br\/home\/wp-json\/wp\/v2\/posts\/47336\/revisions\/47338"}],"wp:featuredmedia":[{"embeddable":true,"href":"https:\/\/jornalboasnoticias.com.br\/home\/wp-json\/wp\/v2\/media\/47337"}],"wp:attachment":[{"href":"https:\/\/jornalboasnoticias.com.br\/home\/wp-json\/wp\/v2\/media?parent=47336"}],"wp:term":[{"taxonomy":"category","embeddable":true,"href":"https:\/\/jornalboasnoticias.com.br\/home\/wp-json\/wp\/v2\/categories?post=47336"},{"taxonomy":"post_tag","embeddable":true,"href":"https:\/\/jornalboasnoticias.com.br\/home\/wp-json\/wp\/v2\/tags?post=47336"}],"curies":[{"name":"wp","href":"https:\/\/api.w.org\/{rel}","templated":true}]}}