{"id":47325,"date":"2026-01-27T21:48:37","date_gmt":"2026-01-27T21:48:37","guid":{"rendered":"https:\/\/jornalboasnoticias.com.br\/home\/?p=47325"},"modified":"2026-01-27T21:48:37","modified_gmt":"2026-01-27T21:48:37","slug":"influencer-de-esquerda-que-pediu-chuva-com-trovao-provoca-nikolas-apos-raio-em-ato-de-brasilia","status":"publish","type":"post","link":"https:\/\/jornalboasnoticias.com.br\/home\/influencer-de-esquerda-que-pediu-chuva-com-trovao-provoca-nikolas-apos-raio-em-ato-de-brasilia\/","title":{"rendered":"Influencer de esquerda que pediu \u201cchuva com trov\u00e3o\u201d provoca Nikolas ap\u00f3s raio em ato de Bras\u00edlia"},"content":{"rendered":"<p><img loading=\"lazy\" decoding=\"async\" class=\"alignnone size-full wp-image-47326\" src=\"https:\/\/jornalboasnoticias.com.br\/home\/wp-content\/uploads\/2026\/01\/IMG_0195.webp\" alt=\"\" width=\"900\" height=\"600\" srcset=\"https:\/\/jornalboasnoticias.com.br\/home\/wp-content\/uploads\/2026\/01\/IMG_0195.webp 900w, https:\/\/jornalboasnoticias.com.br\/home\/wp-content\/uploads\/2026\/01\/IMG_0195-300x200.webp 300w, https:\/\/jornalboasnoticias.com.br\/home\/wp-content\/uploads\/2026\/01\/IMG_0195-768x512.webp 768w\" sizes=\"auto, (max-width: 900px) 100vw, 900px\" \/><\/p>\n<blockquote><p>Irm\u00e3 M\u00f4nica publicou ora\u00e7\u00e3o na sexta-feira (23) e, depois, comemorou nas redes o temporal que atingiu manifestantes na Pra\u00e7a do Cruzeiro no domingo (25).<\/p><\/blockquote>\n<p>A influenciadora conhecida como Irm\u00e3 M\u00f4nica, que se apresenta nas redes como apoiadora do presidente Luiz In\u00e1cio Lula da Silva (PT), virou assunto ao publicar um v\u00eddeo, na sexta-feira (23), em que pede \u201cchuva com trov\u00e3o\u201d durante a caminhada organizada pelo deputado federal Nikolas Ferreira (PL-MG). Dias depois, ela divulgou uma nova grava\u00e7\u00e3o em tom de provoca\u00e7\u00e3o, associando o pedido ao temporal que atingiu participantes do ato em Bras\u00edlia no domingo (25).<span class=\"Apple-converted-space\">\u00a0<\/span><\/p>\n<p>A manifesta\u00e7\u00e3o ocorreu na Pra\u00e7a do Cruzeiro, local escolhido para o encerramento do evento liderado por Nikolas. Durante a chuva, um raio atingiu as proximidades da concentra\u00e7\u00e3o, e equipes de emerg\u00eancia prestaram atendimento aos participantes.<span class=\"Apple-converted-space\">\u00a0<\/span><\/p>\n<p>Segundo a Secretaria de Sa\u00fade do Distrito Federal, ao menos 11 pessoas foram encaminhadas ao Hospital Regional da Asa Norte (HRAN) no dia do ocorrido, sem registro de mortes. Em atualiza\u00e7\u00e3o divulgada no dia seguinte, a pasta informou que o HRAN atendeu 14 v\u00edtimas relacionadas ao raio, com alguns pacientes permanecendo em observa\u00e7\u00e3o e outros liberados.<span class=\"Apple-converted-space\">\u00a0<\/span><\/p>\n<p>No v\u00eddeo que circula nas redes, Irm\u00e3 M\u00f4nica aparece fazendo uma ora\u00e7\u00e3o e usa termos ofensivos para se referir a participantes do movimento. Na postagem posterior, ela volta a se manifestar e comemora o desfecho, o que ampliou a repercuss\u00e3o e gerou cr\u00edticas e debates sobre o teor das declara\u00e7\u00f5es.<span class=\"Apple-converted-space\">\u00a0<\/span><\/p>\n","protected":false},"excerpt":{"rendered":"<p>Irm\u00e3 M\u00f4nica publicou ora\u00e7\u00e3o na sexta-feira (23) e, depois, comemorou nas redes o temporal que<\/p>\n","protected":false},"author":4,"featured_media":47326,"comment_status":"open","ping_status":"open","sticky":false,"template":"","format":"standard","meta":{"footnotes":""},"categories":[6,3],"tags":[],"class_list":["post-47325","post","type-post","status-publish","format-standard","has-post-thumbnail","hentry","category-brasil","category-destaques"],"yoast_head":"<!-- This site is optimized with the Yoast SEO plugin v27.5 - https:\/\/yoast.com\/product\/yoast-seo-wordpress\/ -->\n<title>Influencer de esquerda que pediu \u201cchuva com trov\u00e3o\u201d provoca Nikolas ap\u00f3s raio em ato de Bras\u00edlia - Jornal<\/title>\n<meta name=\"description\" content=\"Influencer de esquerda que pediu \u201cchuva com trov\u00e3o\u201d provoca Nikolas ap\u00f3s raio em ato de Bras\u00edlia\" \/>\n<meta name=\"robots\" content=\"index, follow, max-snippet:-1, max-image-preview:large, max-video-preview:-1\" \/>\n<link rel=\"canonical\" href=\"https:\/\/jornalboasnoticias.com.br\/home\/influencer-de-esquerda-que-pediu-chuva-com-trovao-provoca-nikolas-apos-raio-em-ato-de-brasilia\/\" \/>\n<meta property=\"og:locale\" content=\"pt_BR\" \/>\n<meta property=\"og:type\" content=\"article\" \/>\n<meta property=\"og:title\" content=\"Influencer de esquerda que pediu \u201cchuva com trov\u00e3o\u201d provoca Nikolas ap\u00f3s raio em ato de Bras\u00edlia - Jornal\" \/>\n<meta property=\"og:description\" content=\"Influencer de esquerda que pediu \u201cchuva com trov\u00e3o\u201d provoca Nikolas ap\u00f3s raio em ato de Bras\u00edlia\" \/>\n<meta property=\"og:url\" content=\"https:\/\/jornalboasnoticias.com.br\/home\/influencer-de-esquerda-que-pediu-chuva-com-trovao-provoca-nikolas-apos-raio-em-ato-de-brasilia\/\" \/>\n<meta property=\"og:site_name\" content=\"Jornal\" \/>\n<meta property=\"article:publisher\" content=\"https:\/\/www.facebook.com\/boasnoticiasjornal\" \/>\n<meta property=\"article:published_time\" content=\"2026-01-27T21:48:37+00:00\" \/>\n<meta property=\"og:image\" content=\"https:\/\/jornalboasnoticias.com.br\/home\/wp-content\/uploads\/2026\/01\/IMG_0195.webp\" \/>\n\t<meta property=\"og:image:width\" content=\"900\" \/>\n\t<meta property=\"og:image:height\" content=\"600\" \/>\n\t<meta property=\"og:image:type\" content=\"image\/webp\" \/>\n<meta name=\"author\" content=\"Ana Luiza Bonatto\" \/>\n<meta name=\"twitter:card\" content=\"summary_large_image\" \/>\n<meta name=\"twitter:label1\" content=\"Escrito por\" \/>\n\t<meta name=\"twitter:data1\" content=\"Ana Luiza Bonatto\" \/>\n\t<meta name=\"twitter:label2\" content=\"Est. tempo de leitura\" \/>\n\t<meta name=\"twitter:data2\" content=\"2 minutos\" \/>\n<script type=\"application\/ld+json\" class=\"yoast-schema-graph\">{\"@context\":\"https:\\\/\\\/schema.org\",\"@graph\":[{\"@type\":\"Article\",\"@id\":\"https:\\\/\\\/jornalboasnoticias.com.br\\\/home\\\/influencer-de-esquerda-que-pediu-chuva-com-trovao-provoca-nikolas-apos-raio-em-ato-de-brasilia\\\/#article\",\"isPartOf\":{\"@id\":\"https:\\\/\\\/jornalboasnoticias.com.br\\\/home\\\/influencer-de-esquerda-que-pediu-chuva-com-trovao-provoca-nikolas-apos-raio-em-ato-de-brasilia\\\/\"},\"author\":{\"name\":\"Ana Luiza Bonatto\",\"@id\":\"https:\\\/\\\/jornalboasnoticias.com.br\\\/home\\\/#\\\/schema\\\/person\\\/d641193e0afc6405b390164dac847971\"},\"headline\":\"Influencer de esquerda que pediu \u201cchuva com trov\u00e3o\u201d provoca Nikolas ap\u00f3s raio em ato de Bras\u00edlia\",\"datePublished\":\"2026-01-27T21:48:37+00:00\",\"mainEntityOfPage\":{\"@id\":\"https:\\\/\\\/jornalboasnoticias.com.br\\\/home\\\/influencer-de-esquerda-que-pediu-chuva-com-trovao-provoca-nikolas-apos-raio-em-ato-de-brasilia\\\/\"},\"wordCount\":274,\"commentCount\":0,\"publisher\":{\"@id\":\"https:\\\/\\\/jornalboasnoticias.com.br\\\/home\\\/#organization\"},\"image\":{\"@id\":\"https:\\\/\\\/jornalboasnoticias.com.br\\\/home\\\/influencer-de-esquerda-que-pediu-chuva-com-trovao-provoca-nikolas-apos-raio-em-ato-de-brasilia\\\/#primaryimage\"},\"thumbnailUrl\":\"https:\\\/\\\/jornalboasnoticias.com.br\\\/home\\\/wp-content\\\/uploads\\\/2026\\\/01\\\/IMG_0195.webp\",\"articleSection\":[\"BRASIL\",\"DESTAQUE\"],\"inLanguage\":\"pt-BR\",\"potentialAction\":[{\"@type\":\"CommentAction\",\"name\":\"Comment\",\"target\":[\"https:\\\/\\\/jornalboasnoticias.com.br\\\/home\\\/influencer-de-esquerda-que-pediu-chuva-com-trovao-provoca-nikolas-apos-raio-em-ato-de-brasilia\\\/#respond\"]}]},{\"@type\":\"WebPage\",\"@id\":\"https:\\\/\\\/jornalboasnoticias.com.br\\\/home\\\/influencer-de-esquerda-que-pediu-chuva-com-trovao-provoca-nikolas-apos-raio-em-ato-de-brasilia\\\/\",\"url\":\"https:\\\/\\\/jornalboasnoticias.com.br\\\/home\\\/influencer-de-esquerda-que-pediu-chuva-com-trovao-provoca-nikolas-apos-raio-em-ato-de-brasilia\\\/\",\"name\":\"Influencer de esquerda que pediu \u201cchuva com trov\u00e3o\u201d provoca Nikolas ap\u00f3s raio em ato de Bras\u00edlia - Jornal\",\"isPartOf\":{\"@id\":\"https:\\\/\\\/jornalboasnoticias.com.br\\\/home\\\/#website\"},\"primaryImageOfPage\":{\"@id\":\"https:\\\/\\\/jornalboasnoticias.com.br\\\/home\\\/influencer-de-esquerda-que-pediu-chuva-com-trovao-provoca-nikolas-apos-raio-em-ato-de-brasilia\\\/#primaryimage\"},\"image\":{\"@id\":\"https:\\\/\\\/jornalboasnoticias.com.br\\\/home\\\/influencer-de-esquerda-que-pediu-chuva-com-trovao-provoca-nikolas-apos-raio-em-ato-de-brasilia\\\/#primaryimage\"},\"thumbnailUrl\":\"https:\\\/\\\/jornalboasnoticias.com.br\\\/home\\\/wp-content\\\/uploads\\\/2026\\\/01\\\/IMG_0195.webp\",\"datePublished\":\"2026-01-27T21:48:37+00:00\",\"description\":\"Influencer de esquerda que pediu \u201cchuva com trov\u00e3o\u201d provoca Nikolas ap\u00f3s raio em ato de Bras\u00edlia\",\"breadcrumb\":{\"@id\":\"https:\\\/\\\/jornalboasnoticias.com.br\\\/home\\\/influencer-de-esquerda-que-pediu-chuva-com-trovao-provoca-nikolas-apos-raio-em-ato-de-brasilia\\\/#breadcrumb\"},\"inLanguage\":\"pt-BR\",\"potentialAction\":[{\"@type\":\"ReadAction\",\"target\":[\"https:\\\/\\\/jornalboasnoticias.com.br\\\/home\\\/influencer-de-esquerda-que-pediu-chuva-com-trovao-provoca-nikolas-apos-raio-em-ato-de-brasilia\\\/\"]}]},{\"@type\":\"ImageObject\",\"inLanguage\":\"pt-BR\",\"@id\":\"https:\\\/\\\/jornalboasnoticias.com.br\\\/home\\\/influencer-de-esquerda-que-pediu-chuva-com-trovao-provoca-nikolas-apos-raio-em-ato-de-brasilia\\\/#primaryimage\",\"url\":\"https:\\\/\\\/jornalboasnoticias.com.br\\\/home\\\/wp-content\\\/uploads\\\/2026\\\/01\\\/IMG_0195.webp\",\"contentUrl\":\"https:\\\/\\\/jornalboasnoticias.com.br\\\/home\\\/wp-content\\\/uploads\\\/2026\\\/01\\\/IMG_0195.webp\",\"width\":900,\"height\":600},{\"@type\":\"BreadcrumbList\",\"@id\":\"https:\\\/\\\/jornalboasnoticias.com.br\\\/home\\\/influencer-de-esquerda-que-pediu-chuva-com-trovao-provoca-nikolas-apos-raio-em-ato-de-brasilia\\\/#breadcrumb\",\"itemListElement\":[{\"@type\":\"ListItem\",\"position\":1,\"name\":\"In\u00edcio\",\"item\":\"https:\\\/\\\/jornalboasnoticias.com.br\\\/home\\\/\"},{\"@type\":\"ListItem\",\"position\":2,\"name\":\"Influencer de esquerda que pediu \u201cchuva com trov\u00e3o\u201d provoca Nikolas ap\u00f3s raio em ato de Bras\u00edlia\"}]},{\"@type\":\"WebSite\",\"@id\":\"https:\\\/\\\/jornalboasnoticias.com.br\\\/home\\\/#website\",\"url\":\"https:\\\/\\\/jornalboasnoticias.com.br\\\/home\\\/\",\"name\":\"Jornal Boas Not\u00edcias\",\"description\":\"Boas not\u00edcias\",\"publisher\":{\"@id\":\"https:\\\/\\\/jornalboasnoticias.com.br\\\/home\\\/#organization\"},\"potentialAction\":[{\"@type\":\"SearchAction\",\"target\":{\"@type\":\"EntryPoint\",\"urlTemplate\":\"https:\\\/\\\/jornalboasnoticias.com.br\\\/home\\\/?s={search_term_string}\"},\"query-input\":{\"@type\":\"PropertyValueSpecification\",\"valueRequired\":true,\"valueName\":\"search_term_string\"}}],\"inLanguage\":\"pt-BR\"},{\"@type\":\"Organization\",\"@id\":\"https:\\\/\\\/jornalboasnoticias.com.br\\\/home\\\/#organization\",\"name\":\"Coq Editora Ltda\",\"alternateName\":\"Jornal Boas Noticias\",\"url\":\"https:\\\/\\\/jornalboasnoticias.com.br\\\/home\\\/\",\"logo\":{\"@type\":\"ImageObject\",\"inLanguage\":\"pt-BR\",\"@id\":\"https:\\\/\\\/jornalboasnoticias.com.br\\\/home\\\/#\\\/schema\\\/logo\\\/image\\\/\",\"url\":\"https:\\\/\\\/jornalboasnoticias.com.br\\\/home\\\/wp-content\\\/uploads\\\/2024\\\/07\\\/cropped-logo.jpg\",\"contentUrl\":\"https:\\\/\\\/jornalboasnoticias.com.br\\\/home\\\/wp-content\\\/uploads\\\/2024\\\/07\\\/cropped-logo.jpg\",\"width\":290,\"height\":142,\"caption\":\"Coq Editora Ltda\"},\"image\":{\"@id\":\"https:\\\/\\\/jornalboasnoticias.com.br\\\/home\\\/#\\\/schema\\\/logo\\\/image\\\/\"},\"sameAs\":[\"https:\\\/\\\/www.facebook.com\\\/boasnoticiasjornal\"]},{\"@type\":\"Person\",\"@id\":\"https:\\\/\\\/jornalboasnoticias.com.br\\\/home\\\/#\\\/schema\\\/person\\\/d641193e0afc6405b390164dac847971\",\"name\":\"Ana Luiza Bonatto\",\"image\":{\"@type\":\"ImageObject\",\"inLanguage\":\"pt-BR\",\"@id\":\"https:\\\/\\\/secure.gravatar.com\\\/avatar\\\/8a055ebe6373371f67ac6fcf313c0ac0b0a91157fdcdb9514fa62927373348f0?s=96&d=mm&r=g\",\"url\":\"https:\\\/\\\/secure.gravatar.com\\\/avatar\\\/8a055ebe6373371f67ac6fcf313c0ac0b0a91157fdcdb9514fa62927373348f0?s=96&d=mm&r=g\",\"contentUrl\":\"https:\\\/\\\/secure.gravatar.com\\\/avatar\\\/8a055ebe6373371f67ac6fcf313c0ac0b0a91157fdcdb9514fa62927373348f0?s=96&d=mm&r=g\",\"caption\":\"Ana Luiza Bonatto\"},\"url\":\"https:\\\/\\\/jornalboasnoticias.com.br\\\/home\\\/author\\\/ana-luiza\\\/\"}]}<\/script>\n<!-- \/ Yoast SEO plugin. -->","yoast_head_json":{"title":"Influencer de esquerda que pediu \u201cchuva com trov\u00e3o\u201d provoca Nikolas ap\u00f3s raio em ato de Bras\u00edlia - Jornal","description":"Influencer de esquerda que pediu \u201cchuva com trov\u00e3o\u201d provoca Nikolas ap\u00f3s raio em ato de Bras\u00edlia","robots":{"index":"index","follow":"follow","max-snippet":"max-snippet:-1","max-image-preview":"max-image-preview:large","max-video-preview":"max-video-preview:-1"},"canonical":"https:\/\/jornalboasnoticias.com.br\/home\/influencer-de-esquerda-que-pediu-chuva-com-trovao-provoca-nikolas-apos-raio-em-ato-de-brasilia\/","og_locale":"pt_BR","og_type":"article","og_title":"Influencer de esquerda que pediu \u201cchuva com trov\u00e3o\u201d provoca Nikolas ap\u00f3s raio em ato de Bras\u00edlia - Jornal","og_description":"Influencer de esquerda que pediu \u201cchuva com trov\u00e3o\u201d provoca Nikolas ap\u00f3s raio em ato de Bras\u00edlia","og_url":"https:\/\/jornalboasnoticias.com.br\/home\/influencer-de-esquerda-que-pediu-chuva-com-trovao-provoca-nikolas-apos-raio-em-ato-de-brasilia\/","og_site_name":"Jornal","article_publisher":"https:\/\/www.facebook.com\/boasnoticiasjornal","article_published_time":"2026-01-27T21:48:37+00:00","og_image":[{"width":900,"height":600,"url":"https:\/\/jornalboasnoticias.com.br\/home\/wp-content\/uploads\/2026\/01\/IMG_0195.webp","type":"image\/webp"}],"author":"Ana Luiza Bonatto","twitter_card":"summary_large_image","twitter_misc":{"Escrito por":"Ana Luiza Bonatto","Est. tempo de leitura":"2 minutos"},"schema":{"@context":"https:\/\/schema.org","@graph":[{"@type":"Article","@id":"https:\/\/jornalboasnoticias.com.br\/home\/influencer-de-esquerda-que-pediu-chuva-com-trovao-provoca-nikolas-apos-raio-em-ato-de-brasilia\/#article","isPartOf":{"@id":"https:\/\/jornalboasnoticias.com.br\/home\/influencer-de-esquerda-que-pediu-chuva-com-trovao-provoca-nikolas-apos-raio-em-ato-de-brasilia\/"},"author":{"name":"Ana Luiza Bonatto","@id":"https:\/\/jornalboasnoticias.com.br\/home\/#\/schema\/person\/d641193e0afc6405b390164dac847971"},"headline":"Influencer de esquerda que pediu \u201cchuva com trov\u00e3o\u201d provoca Nikolas ap\u00f3s raio em ato de Bras\u00edlia","datePublished":"2026-01-27T21:48:37+00:00","mainEntityOfPage":{"@id":"https:\/\/jornalboasnoticias.com.br\/home\/influencer-de-esquerda-que-pediu-chuva-com-trovao-provoca-nikolas-apos-raio-em-ato-de-brasilia\/"},"wordCount":274,"commentCount":0,"publisher":{"@id":"https:\/\/jornalboasnoticias.com.br\/home\/#organization"},"image":{"@id":"https:\/\/jornalboasnoticias.com.br\/home\/influencer-de-esquerda-que-pediu-chuva-com-trovao-provoca-nikolas-apos-raio-em-ato-de-brasilia\/#primaryimage"},"thumbnailUrl":"https:\/\/jornalboasnoticias.com.br\/home\/wp-content\/uploads\/2026\/01\/IMG_0195.webp","articleSection":["BRASIL","DESTAQUE"],"inLanguage":"pt-BR","potentialAction":[{"@type":"CommentAction","name":"Comment","target":["https:\/\/jornalboasnoticias.com.br\/home\/influencer-de-esquerda-que-pediu-chuva-com-trovao-provoca-nikolas-apos-raio-em-ato-de-brasilia\/#respond"]}]},{"@type":"WebPage","@id":"https:\/\/jornalboasnoticias.com.br\/home\/influencer-de-esquerda-que-pediu-chuva-com-trovao-provoca-nikolas-apos-raio-em-ato-de-brasilia\/","url":"https:\/\/jornalboasnoticias.com.br\/home\/influencer-de-esquerda-que-pediu-chuva-com-trovao-provoca-nikolas-apos-raio-em-ato-de-brasilia\/","name":"Influencer de esquerda que pediu \u201cchuva com trov\u00e3o\u201d provoca Nikolas ap\u00f3s raio em ato de Bras\u00edlia - Jornal","isPartOf":{"@id":"https:\/\/jornalboasnoticias.com.br\/home\/#website"},"primaryImageOfPage":{"@id":"https:\/\/jornalboasnoticias.com.br\/home\/influencer-de-esquerda-que-pediu-chuva-com-trovao-provoca-nikolas-apos-raio-em-ato-de-brasilia\/#primaryimage"},"image":{"@id":"https:\/\/jornalboasnoticias.com.br\/home\/influencer-de-esquerda-que-pediu-chuva-com-trovao-provoca-nikolas-apos-raio-em-ato-de-brasilia\/#primaryimage"},"thumbnailUrl":"https:\/\/jornalboasnoticias.com.br\/home\/wp-content\/uploads\/2026\/01\/IMG_0195.webp","datePublished":"2026-01-27T21:48:37+00:00","description":"Influencer de esquerda que pediu \u201cchuva com trov\u00e3o\u201d provoca Nikolas ap\u00f3s raio em ato de Bras\u00edlia","breadcrumb":{"@id":"https:\/\/jornalboasnoticias.com.br\/home\/influencer-de-esquerda-que-pediu-chuva-com-trovao-provoca-nikolas-apos-raio-em-ato-de-brasilia\/#breadcrumb"},"inLanguage":"pt-BR","potentialAction":[{"@type":"ReadAction","target":["https:\/\/jornalboasnoticias.com.br\/home\/influencer-de-esquerda-que-pediu-chuva-com-trovao-provoca-nikolas-apos-raio-em-ato-de-brasilia\/"]}]},{"@type":"ImageObject","inLanguage":"pt-BR","@id":"https:\/\/jornalboasnoticias.com.br\/home\/influencer-de-esquerda-que-pediu-chuva-com-trovao-provoca-nikolas-apos-raio-em-ato-de-brasilia\/#primaryimage","url":"https:\/\/jornalboasnoticias.com.br\/home\/wp-content\/uploads\/2026\/01\/IMG_0195.webp","contentUrl":"https:\/\/jornalboasnoticias.com.br\/home\/wp-content\/uploads\/2026\/01\/IMG_0195.webp","width":900,"height":600},{"@type":"BreadcrumbList","@id":"https:\/\/jornalboasnoticias.com.br\/home\/influencer-de-esquerda-que-pediu-chuva-com-trovao-provoca-nikolas-apos-raio-em-ato-de-brasilia\/#breadcrumb","itemListElement":[{"@type":"ListItem","position":1,"name":"In\u00edcio","item":"https:\/\/jornalboasnoticias.com.br\/home\/"},{"@type":"ListItem","position":2,"name":"Influencer de esquerda que pediu \u201cchuva com trov\u00e3o\u201d provoca Nikolas ap\u00f3s raio em ato de Bras\u00edlia"}]},{"@type":"WebSite","@id":"https:\/\/jornalboasnoticias.com.br\/home\/#website","url":"https:\/\/jornalboasnoticias.com.br\/home\/","name":"Jornal Boas Not\u00edcias","description":"Boas not\u00edcias","publisher":{"@id":"https:\/\/jornalboasnoticias.com.br\/home\/#organization"},"potentialAction":[{"@type":"SearchAction","target":{"@type":"EntryPoint","urlTemplate":"https:\/\/jornalboasnoticias.com.br\/home\/?s={search_term_string}"},"query-input":{"@type":"PropertyValueSpecification","valueRequired":true,"valueName":"search_term_string"}}],"inLanguage":"pt-BR"},{"@type":"Organization","@id":"https:\/\/jornalboasnoticias.com.br\/home\/#organization","name":"Coq Editora Ltda","alternateName":"Jornal Boas Noticias","url":"https:\/\/jornalboasnoticias.com.br\/home\/","logo":{"@type":"ImageObject","inLanguage":"pt-BR","@id":"https:\/\/jornalboasnoticias.com.br\/home\/#\/schema\/logo\/image\/","url":"https:\/\/jornalboasnoticias.com.br\/home\/wp-content\/uploads\/2024\/07\/cropped-logo.jpg","contentUrl":"https:\/\/jornalboasnoticias.com.br\/home\/wp-content\/uploads\/2024\/07\/cropped-logo.jpg","width":290,"height":142,"caption":"Coq Editora Ltda"},"image":{"@id":"https:\/\/jornalboasnoticias.com.br\/home\/#\/schema\/logo\/image\/"},"sameAs":["https:\/\/www.facebook.com\/boasnoticiasjornal"]},{"@type":"Person","@id":"https:\/\/jornalboasnoticias.com.br\/home\/#\/schema\/person\/d641193e0afc6405b390164dac847971","name":"Ana Luiza Bonatto","image":{"@type":"ImageObject","inLanguage":"pt-BR","@id":"https:\/\/secure.gravatar.com\/avatar\/8a055ebe6373371f67ac6fcf313c0ac0b0a91157fdcdb9514fa62927373348f0?s=96&d=mm&r=g","url":"https:\/\/secure.gravatar.com\/avatar\/8a055ebe6373371f67ac6fcf313c0ac0b0a91157fdcdb9514fa62927373348f0?s=96&d=mm&r=g","contentUrl":"https:\/\/secure.gravatar.com\/avatar\/8a055ebe6373371f67ac6fcf313c0ac0b0a91157fdcdb9514fa62927373348f0?s=96&d=mm&r=g","caption":"Ana Luiza Bonatto"},"url":"https:\/\/jornalboasnoticias.com.br\/home\/author\/ana-luiza\/"}]}},"_links":{"self":[{"href":"https:\/\/jornalboasnoticias.com.br\/home\/wp-json\/wp\/v2\/posts\/47325","targetHints":{"allow":["GET"]}}],"collection":[{"href":"https:\/\/jornalboasnoticias.com.br\/home\/wp-json\/wp\/v2\/posts"}],"about":[{"href":"https:\/\/jornalboasnoticias.com.br\/home\/wp-json\/wp\/v2\/types\/post"}],"author":[{"embeddable":true,"href":"https:\/\/jornalboasnoticias.com.br\/home\/wp-json\/wp\/v2\/users\/4"}],"replies":[{"embeddable":true,"href":"https:\/\/jornalboasnoticias.com.br\/home\/wp-json\/wp\/v2\/comments?post=47325"}],"version-history":[{"count":1,"href":"https:\/\/jornalboasnoticias.com.br\/home\/wp-json\/wp\/v2\/posts\/47325\/revisions"}],"predecessor-version":[{"id":47327,"href":"https:\/\/jornalboasnoticias.com.br\/home\/wp-json\/wp\/v2\/posts\/47325\/revisions\/47327"}],"wp:featuredmedia":[{"embeddable":true,"href":"https:\/\/jornalboasnoticias.com.br\/home\/wp-json\/wp\/v2\/media\/47326"}],"wp:attachment":[{"href":"https:\/\/jornalboasnoticias.com.br\/home\/wp-json\/wp\/v2\/media?parent=47325"}],"wp:term":[{"taxonomy":"category","embeddable":true,"href":"https:\/\/jornalboasnoticias.com.br\/home\/wp-json\/wp\/v2\/categories?post=47325"},{"taxonomy":"post_tag","embeddable":true,"href":"https:\/\/jornalboasnoticias.com.br\/home\/wp-json\/wp\/v2\/tags?post=47325"}],"curies":[{"name":"wp","href":"https:\/\/api.w.org\/{rel}","templated":true}]}}