{"id":47314,"date":"2026-01-26T17:15:54","date_gmt":"2026-01-26T17:15:54","guid":{"rendered":"https:\/\/jornalboasnoticias.com.br\/home\/?p=47314"},"modified":"2026-01-26T17:15:54","modified_gmt":"2026-01-26T17:15:54","slug":"veja-quantas-pessoas-estiveram-no-ato-de-nikolas-em-brasilia","status":"publish","type":"post","link":"https:\/\/jornalboasnoticias.com.br\/home\/veja-quantas-pessoas-estiveram-no-ato-de-nikolas-em-brasilia\/","title":{"rendered":"Veja quantas pessoas estiveram no ato de Nikolas em Bras\u00edlia"},"content":{"rendered":"<figure id=\"attachment_47315\" aria-describedby=\"caption-attachment-47315\" style=\"width: 900px\" class=\"wp-caption alignnone\"><img loading=\"lazy\" decoding=\"async\" class=\"wp-image-47315 size-full\" src=\"https:\/\/jornalboasnoticias.com.br\/home\/wp-content\/uploads\/2026\/01\/Nikolas4.webp\" alt=\"\" width=\"900\" height=\"600\" srcset=\"https:\/\/jornalboasnoticias.com.br\/home\/wp-content\/uploads\/2026\/01\/Nikolas4.webp 900w, https:\/\/jornalboasnoticias.com.br\/home\/wp-content\/uploads\/2026\/01\/Nikolas4-300x200.webp 300w, https:\/\/jornalboasnoticias.com.br\/home\/wp-content\/uploads\/2026\/01\/Nikolas4-768x512.webp 768w\" sizes=\"auto, (max-width: 900px) 100vw, 900px\" \/><figcaption id=\"caption-attachment-47315\" class=\"wp-caption-text\">VIN\u00cdCIUS SCHMIDT\/METR\u00d3POLES @vinicius.foto<\/figcaption><\/figure>\n<p data-start=\"67\" data-end=\"252\">Estimativa do Monitor do Debate Pol\u00edtico da USP, em parceria com a ONG More in Common, aponta cerca de 18 mil participantes no pico da manifesta\u00e7\u00e3o na Pra\u00e7a do Cruzeiro.<\/p>\n<p data-start=\"254\" data-end=\"611\">A manifesta\u00e7\u00e3o \u201cAcorda Brasil\u201d, convocada pelo deputado federal Nikolas Ferreira (PL-MG), reuniu cerca de 18 mil pessoas no domingo (25\/1), na Pra\u00e7a do Cruzeiro, em Bras\u00edlia (DF). O n\u00famero \u00e9 uma estimativa do Monitor do Debate Pol\u00edtico da Universidade de S\u00e3o Paulo (USP), realizada em parceria com a ONG More in Common.<\/p>\n<p data-start=\"613\" data-end=\"1038\">De acordo com o levantamento, a margem de erro \u00e9 de 12%. No momento de maior concentra\u00e7\u00e3o, o p\u00fablico estimado variou entre 15,8 mil e 20,1 mil participantes. A contagem foi feita a partir de fotos a\u00e9reas analisadas por softwares de intelig\u00eancia artificial. Foram 24 registros em dois hor\u00e1rios, \u00e0s 10h45 e \u00e0s 15h15, sendo que as imagens do pico, \u00e0s 15h15, serviram de base para o c\u00e1lculo.<\/p>\n<p data-start=\"1040\" data-end=\"1245\">O ato marcou o encerramento da \u201cCaminhada da Liberdade\u201d, que come\u00e7ou em Paracatu (MG) no dia 19 de janeiro e terminou na capital federal ap\u00f3s seis dias de mobiliza\u00e7\u00e3o.<\/p>\n<p data-start=\"1247\" data-end=\"1484\">Durante a manifesta\u00e7\u00e3o, houve forte chuva na regi\u00e3o e um raio atingiu as proximidades da Pra\u00e7a do Cruzeiro. Segundo a CNN Brasil, cerca de 30 pessoas ficaram feridas e receberam atendimento no local.<\/p>\n","protected":false},"excerpt":{"rendered":"<p>Estimativa do Monitor do Debate Pol\u00edtico da USP, em parceria com a ONG More in<\/p>\n","protected":false},"author":4,"featured_media":47315,"comment_status":"open","ping_status":"open","sticky":false,"template":"","format":"standard","meta":{"footnotes":""},"categories":[6,3],"tags":[],"class_list":["post-47314","post","type-post","status-publish","format-standard","has-post-thumbnail","hentry","category-brasil","category-destaques"],"yoast_head":"<!-- This site is optimized with the Yoast SEO plugin v27.5 - https:\/\/yoast.com\/product\/yoast-seo-wordpress\/ -->\n<title>Veja quantas pessoas estiveram no ato de Nikolas em Bras\u00edlia - Jornal<\/title>\n<meta name=\"description\" content=\"Veja quantas pessoas estiveram no ato de Nikolas em Bras\u00edlia\" \/>\n<meta name=\"robots\" content=\"index, follow, max-snippet:-1, max-image-preview:large, max-video-preview:-1\" \/>\n<link rel=\"canonical\" href=\"https:\/\/jornalboasnoticias.com.br\/home\/veja-quantas-pessoas-estiveram-no-ato-de-nikolas-em-brasilia\/\" \/>\n<meta property=\"og:locale\" content=\"pt_BR\" \/>\n<meta property=\"og:type\" content=\"article\" \/>\n<meta property=\"og:title\" content=\"Veja quantas pessoas estiveram no ato de Nikolas em Bras\u00edlia - Jornal\" \/>\n<meta property=\"og:description\" content=\"Veja quantas pessoas estiveram no ato de Nikolas em Bras\u00edlia\" \/>\n<meta property=\"og:url\" content=\"https:\/\/jornalboasnoticias.com.br\/home\/veja-quantas-pessoas-estiveram-no-ato-de-nikolas-em-brasilia\/\" \/>\n<meta property=\"og:site_name\" content=\"Jornal\" \/>\n<meta property=\"article:publisher\" content=\"https:\/\/www.facebook.com\/boasnoticiasjornal\" \/>\n<meta property=\"article:published_time\" content=\"2026-01-26T17:15:54+00:00\" \/>\n<meta property=\"og:image\" content=\"https:\/\/jornalboasnoticias.com.br\/home\/wp-content\/uploads\/2026\/01\/Nikolas4.webp\" \/>\n\t<meta property=\"og:image:width\" content=\"900\" \/>\n\t<meta property=\"og:image:height\" content=\"600\" \/>\n\t<meta property=\"og:image:type\" content=\"image\/webp\" \/>\n<meta name=\"author\" content=\"Ana Luiza Bonatto\" \/>\n<meta name=\"twitter:card\" content=\"summary_large_image\" \/>\n<meta name=\"twitter:label1\" content=\"Escrito por\" \/>\n\t<meta name=\"twitter:data1\" content=\"Ana Luiza Bonatto\" \/>\n\t<meta name=\"twitter:label2\" content=\"Est. tempo de leitura\" \/>\n\t<meta name=\"twitter:data2\" content=\"2 minutos\" \/>\n<script type=\"application\/ld+json\" class=\"yoast-schema-graph\">{\"@context\":\"https:\\\/\\\/schema.org\",\"@graph\":[{\"@type\":\"Article\",\"@id\":\"https:\\\/\\\/jornalboasnoticias.com.br\\\/home\\\/veja-quantas-pessoas-estiveram-no-ato-de-nikolas-em-brasilia\\\/#article\",\"isPartOf\":{\"@id\":\"https:\\\/\\\/jornalboasnoticias.com.br\\\/home\\\/veja-quantas-pessoas-estiveram-no-ato-de-nikolas-em-brasilia\\\/\"},\"author\":{\"name\":\"Ana Luiza Bonatto\",\"@id\":\"https:\\\/\\\/jornalboasnoticias.com.br\\\/home\\\/#\\\/schema\\\/person\\\/d641193e0afc6405b390164dac847971\"},\"headline\":\"Veja quantas pessoas estiveram no ato de Nikolas em Bras\u00edlia\",\"datePublished\":\"2026-01-26T17:15:54+00:00\",\"mainEntityOfPage\":{\"@id\":\"https:\\\/\\\/jornalboasnoticias.com.br\\\/home\\\/veja-quantas-pessoas-estiveram-no-ato-de-nikolas-em-brasilia\\\/\"},\"wordCount\":247,\"commentCount\":0,\"publisher\":{\"@id\":\"https:\\\/\\\/jornalboasnoticias.com.br\\\/home\\\/#organization\"},\"image\":{\"@id\":\"https:\\\/\\\/jornalboasnoticias.com.br\\\/home\\\/veja-quantas-pessoas-estiveram-no-ato-de-nikolas-em-brasilia\\\/#primaryimage\"},\"thumbnailUrl\":\"https:\\\/\\\/jornalboasnoticias.com.br\\\/home\\\/wp-content\\\/uploads\\\/2026\\\/01\\\/Nikolas4.webp\",\"articleSection\":[\"BRASIL\",\"DESTAQUE\"],\"inLanguage\":\"pt-BR\",\"potentialAction\":[{\"@type\":\"CommentAction\",\"name\":\"Comment\",\"target\":[\"https:\\\/\\\/jornalboasnoticias.com.br\\\/home\\\/veja-quantas-pessoas-estiveram-no-ato-de-nikolas-em-brasilia\\\/#respond\"]}]},{\"@type\":\"WebPage\",\"@id\":\"https:\\\/\\\/jornalboasnoticias.com.br\\\/home\\\/veja-quantas-pessoas-estiveram-no-ato-de-nikolas-em-brasilia\\\/\",\"url\":\"https:\\\/\\\/jornalboasnoticias.com.br\\\/home\\\/veja-quantas-pessoas-estiveram-no-ato-de-nikolas-em-brasilia\\\/\",\"name\":\"Veja quantas pessoas estiveram no ato de Nikolas em Bras\u00edlia - Jornal\",\"isPartOf\":{\"@id\":\"https:\\\/\\\/jornalboasnoticias.com.br\\\/home\\\/#website\"},\"primaryImageOfPage\":{\"@id\":\"https:\\\/\\\/jornalboasnoticias.com.br\\\/home\\\/veja-quantas-pessoas-estiveram-no-ato-de-nikolas-em-brasilia\\\/#primaryimage\"},\"image\":{\"@id\":\"https:\\\/\\\/jornalboasnoticias.com.br\\\/home\\\/veja-quantas-pessoas-estiveram-no-ato-de-nikolas-em-brasilia\\\/#primaryimage\"},\"thumbnailUrl\":\"https:\\\/\\\/jornalboasnoticias.com.br\\\/home\\\/wp-content\\\/uploads\\\/2026\\\/01\\\/Nikolas4.webp\",\"datePublished\":\"2026-01-26T17:15:54+00:00\",\"description\":\"Veja quantas pessoas estiveram no ato de Nikolas em Bras\u00edlia\",\"breadcrumb\":{\"@id\":\"https:\\\/\\\/jornalboasnoticias.com.br\\\/home\\\/veja-quantas-pessoas-estiveram-no-ato-de-nikolas-em-brasilia\\\/#breadcrumb\"},\"inLanguage\":\"pt-BR\",\"potentialAction\":[{\"@type\":\"ReadAction\",\"target\":[\"https:\\\/\\\/jornalboasnoticias.com.br\\\/home\\\/veja-quantas-pessoas-estiveram-no-ato-de-nikolas-em-brasilia\\\/\"]}]},{\"@type\":\"ImageObject\",\"inLanguage\":\"pt-BR\",\"@id\":\"https:\\\/\\\/jornalboasnoticias.com.br\\\/home\\\/veja-quantas-pessoas-estiveram-no-ato-de-nikolas-em-brasilia\\\/#primaryimage\",\"url\":\"https:\\\/\\\/jornalboasnoticias.com.br\\\/home\\\/wp-content\\\/uploads\\\/2026\\\/01\\\/Nikolas4.webp\",\"contentUrl\":\"https:\\\/\\\/jornalboasnoticias.com.br\\\/home\\\/wp-content\\\/uploads\\\/2026\\\/01\\\/Nikolas4.webp\",\"width\":900,\"height\":600},{\"@type\":\"BreadcrumbList\",\"@id\":\"https:\\\/\\\/jornalboasnoticias.com.br\\\/home\\\/veja-quantas-pessoas-estiveram-no-ato-de-nikolas-em-brasilia\\\/#breadcrumb\",\"itemListElement\":[{\"@type\":\"ListItem\",\"position\":1,\"name\":\"In\u00edcio\",\"item\":\"https:\\\/\\\/jornalboasnoticias.com.br\\\/home\\\/\"},{\"@type\":\"ListItem\",\"position\":2,\"name\":\"Veja quantas pessoas estiveram no ato de Nikolas em Bras\u00edlia\"}]},{\"@type\":\"WebSite\",\"@id\":\"https:\\\/\\\/jornalboasnoticias.com.br\\\/home\\\/#website\",\"url\":\"https:\\\/\\\/jornalboasnoticias.com.br\\\/home\\\/\",\"name\":\"Jornal Boas Not\u00edcias\",\"description\":\"Boas not\u00edcias\",\"publisher\":{\"@id\":\"https:\\\/\\\/jornalboasnoticias.com.br\\\/home\\\/#organization\"},\"potentialAction\":[{\"@type\":\"SearchAction\",\"target\":{\"@type\":\"EntryPoint\",\"urlTemplate\":\"https:\\\/\\\/jornalboasnoticias.com.br\\\/home\\\/?s={search_term_string}\"},\"query-input\":{\"@type\":\"PropertyValueSpecification\",\"valueRequired\":true,\"valueName\":\"search_term_string\"}}],\"inLanguage\":\"pt-BR\"},{\"@type\":\"Organization\",\"@id\":\"https:\\\/\\\/jornalboasnoticias.com.br\\\/home\\\/#organization\",\"name\":\"Coq Editora Ltda\",\"alternateName\":\"Jornal Boas Noticias\",\"url\":\"https:\\\/\\\/jornalboasnoticias.com.br\\\/home\\\/\",\"logo\":{\"@type\":\"ImageObject\",\"inLanguage\":\"pt-BR\",\"@id\":\"https:\\\/\\\/jornalboasnoticias.com.br\\\/home\\\/#\\\/schema\\\/logo\\\/image\\\/\",\"url\":\"https:\\\/\\\/jornalboasnoticias.com.br\\\/home\\\/wp-content\\\/uploads\\\/2024\\\/07\\\/cropped-logo.jpg\",\"contentUrl\":\"https:\\\/\\\/jornalboasnoticias.com.br\\\/home\\\/wp-content\\\/uploads\\\/2024\\\/07\\\/cropped-logo.jpg\",\"width\":290,\"height\":142,\"caption\":\"Coq Editora Ltda\"},\"image\":{\"@id\":\"https:\\\/\\\/jornalboasnoticias.com.br\\\/home\\\/#\\\/schema\\\/logo\\\/image\\\/\"},\"sameAs\":[\"https:\\\/\\\/www.facebook.com\\\/boasnoticiasjornal\"]},{\"@type\":\"Person\",\"@id\":\"https:\\\/\\\/jornalboasnoticias.com.br\\\/home\\\/#\\\/schema\\\/person\\\/d641193e0afc6405b390164dac847971\",\"name\":\"Ana Luiza Bonatto\",\"image\":{\"@type\":\"ImageObject\",\"inLanguage\":\"pt-BR\",\"@id\":\"https:\\\/\\\/secure.gravatar.com\\\/avatar\\\/8a055ebe6373371f67ac6fcf313c0ac0b0a91157fdcdb9514fa62927373348f0?s=96&d=mm&r=g\",\"url\":\"https:\\\/\\\/secure.gravatar.com\\\/avatar\\\/8a055ebe6373371f67ac6fcf313c0ac0b0a91157fdcdb9514fa62927373348f0?s=96&d=mm&r=g\",\"contentUrl\":\"https:\\\/\\\/secure.gravatar.com\\\/avatar\\\/8a055ebe6373371f67ac6fcf313c0ac0b0a91157fdcdb9514fa62927373348f0?s=96&d=mm&r=g\",\"caption\":\"Ana Luiza Bonatto\"},\"url\":\"https:\\\/\\\/jornalboasnoticias.com.br\\\/home\\\/author\\\/ana-luiza\\\/\"}]}<\/script>\n<!-- \/ Yoast SEO plugin. -->","yoast_head_json":{"title":"Veja quantas pessoas estiveram no ato de Nikolas em Bras\u00edlia - Jornal","description":"Veja quantas pessoas estiveram no ato de Nikolas em Bras\u00edlia","robots":{"index":"index","follow":"follow","max-snippet":"max-snippet:-1","max-image-preview":"max-image-preview:large","max-video-preview":"max-video-preview:-1"},"canonical":"https:\/\/jornalboasnoticias.com.br\/home\/veja-quantas-pessoas-estiveram-no-ato-de-nikolas-em-brasilia\/","og_locale":"pt_BR","og_type":"article","og_title":"Veja quantas pessoas estiveram no ato de Nikolas em Bras\u00edlia - Jornal","og_description":"Veja quantas pessoas estiveram no ato de Nikolas em Bras\u00edlia","og_url":"https:\/\/jornalboasnoticias.com.br\/home\/veja-quantas-pessoas-estiveram-no-ato-de-nikolas-em-brasilia\/","og_site_name":"Jornal","article_publisher":"https:\/\/www.facebook.com\/boasnoticiasjornal","article_published_time":"2026-01-26T17:15:54+00:00","og_image":[{"width":900,"height":600,"url":"https:\/\/jornalboasnoticias.com.br\/home\/wp-content\/uploads\/2026\/01\/Nikolas4.webp","type":"image\/webp"}],"author":"Ana Luiza Bonatto","twitter_card":"summary_large_image","twitter_misc":{"Escrito por":"Ana Luiza Bonatto","Est. tempo de leitura":"2 minutos"},"schema":{"@context":"https:\/\/schema.org","@graph":[{"@type":"Article","@id":"https:\/\/jornalboasnoticias.com.br\/home\/veja-quantas-pessoas-estiveram-no-ato-de-nikolas-em-brasilia\/#article","isPartOf":{"@id":"https:\/\/jornalboasnoticias.com.br\/home\/veja-quantas-pessoas-estiveram-no-ato-de-nikolas-em-brasilia\/"},"author":{"name":"Ana Luiza Bonatto","@id":"https:\/\/jornalboasnoticias.com.br\/home\/#\/schema\/person\/d641193e0afc6405b390164dac847971"},"headline":"Veja quantas pessoas estiveram no ato de Nikolas em Bras\u00edlia","datePublished":"2026-01-26T17:15:54+00:00","mainEntityOfPage":{"@id":"https:\/\/jornalboasnoticias.com.br\/home\/veja-quantas-pessoas-estiveram-no-ato-de-nikolas-em-brasilia\/"},"wordCount":247,"commentCount":0,"publisher":{"@id":"https:\/\/jornalboasnoticias.com.br\/home\/#organization"},"image":{"@id":"https:\/\/jornalboasnoticias.com.br\/home\/veja-quantas-pessoas-estiveram-no-ato-de-nikolas-em-brasilia\/#primaryimage"},"thumbnailUrl":"https:\/\/jornalboasnoticias.com.br\/home\/wp-content\/uploads\/2026\/01\/Nikolas4.webp","articleSection":["BRASIL","DESTAQUE"],"inLanguage":"pt-BR","potentialAction":[{"@type":"CommentAction","name":"Comment","target":["https:\/\/jornalboasnoticias.com.br\/home\/veja-quantas-pessoas-estiveram-no-ato-de-nikolas-em-brasilia\/#respond"]}]},{"@type":"WebPage","@id":"https:\/\/jornalboasnoticias.com.br\/home\/veja-quantas-pessoas-estiveram-no-ato-de-nikolas-em-brasilia\/","url":"https:\/\/jornalboasnoticias.com.br\/home\/veja-quantas-pessoas-estiveram-no-ato-de-nikolas-em-brasilia\/","name":"Veja quantas pessoas estiveram no ato de Nikolas em Bras\u00edlia - Jornal","isPartOf":{"@id":"https:\/\/jornalboasnoticias.com.br\/home\/#website"},"primaryImageOfPage":{"@id":"https:\/\/jornalboasnoticias.com.br\/home\/veja-quantas-pessoas-estiveram-no-ato-de-nikolas-em-brasilia\/#primaryimage"},"image":{"@id":"https:\/\/jornalboasnoticias.com.br\/home\/veja-quantas-pessoas-estiveram-no-ato-de-nikolas-em-brasilia\/#primaryimage"},"thumbnailUrl":"https:\/\/jornalboasnoticias.com.br\/home\/wp-content\/uploads\/2026\/01\/Nikolas4.webp","datePublished":"2026-01-26T17:15:54+00:00","description":"Veja quantas pessoas estiveram no ato de Nikolas em Bras\u00edlia","breadcrumb":{"@id":"https:\/\/jornalboasnoticias.com.br\/home\/veja-quantas-pessoas-estiveram-no-ato-de-nikolas-em-brasilia\/#breadcrumb"},"inLanguage":"pt-BR","potentialAction":[{"@type":"ReadAction","target":["https:\/\/jornalboasnoticias.com.br\/home\/veja-quantas-pessoas-estiveram-no-ato-de-nikolas-em-brasilia\/"]}]},{"@type":"ImageObject","inLanguage":"pt-BR","@id":"https:\/\/jornalboasnoticias.com.br\/home\/veja-quantas-pessoas-estiveram-no-ato-de-nikolas-em-brasilia\/#primaryimage","url":"https:\/\/jornalboasnoticias.com.br\/home\/wp-content\/uploads\/2026\/01\/Nikolas4.webp","contentUrl":"https:\/\/jornalboasnoticias.com.br\/home\/wp-content\/uploads\/2026\/01\/Nikolas4.webp","width":900,"height":600},{"@type":"BreadcrumbList","@id":"https:\/\/jornalboasnoticias.com.br\/home\/veja-quantas-pessoas-estiveram-no-ato-de-nikolas-em-brasilia\/#breadcrumb","itemListElement":[{"@type":"ListItem","position":1,"name":"In\u00edcio","item":"https:\/\/jornalboasnoticias.com.br\/home\/"},{"@type":"ListItem","position":2,"name":"Veja quantas pessoas estiveram no ato de Nikolas em Bras\u00edlia"}]},{"@type":"WebSite","@id":"https:\/\/jornalboasnoticias.com.br\/home\/#website","url":"https:\/\/jornalboasnoticias.com.br\/home\/","name":"Jornal Boas Not\u00edcias","description":"Boas not\u00edcias","publisher":{"@id":"https:\/\/jornalboasnoticias.com.br\/home\/#organization"},"potentialAction":[{"@type":"SearchAction","target":{"@type":"EntryPoint","urlTemplate":"https:\/\/jornalboasnoticias.com.br\/home\/?s={search_term_string}"},"query-input":{"@type":"PropertyValueSpecification","valueRequired":true,"valueName":"search_term_string"}}],"inLanguage":"pt-BR"},{"@type":"Organization","@id":"https:\/\/jornalboasnoticias.com.br\/home\/#organization","name":"Coq Editora Ltda","alternateName":"Jornal Boas Noticias","url":"https:\/\/jornalboasnoticias.com.br\/home\/","logo":{"@type":"ImageObject","inLanguage":"pt-BR","@id":"https:\/\/jornalboasnoticias.com.br\/home\/#\/schema\/logo\/image\/","url":"https:\/\/jornalboasnoticias.com.br\/home\/wp-content\/uploads\/2024\/07\/cropped-logo.jpg","contentUrl":"https:\/\/jornalboasnoticias.com.br\/home\/wp-content\/uploads\/2024\/07\/cropped-logo.jpg","width":290,"height":142,"caption":"Coq Editora Ltda"},"image":{"@id":"https:\/\/jornalboasnoticias.com.br\/home\/#\/schema\/logo\/image\/"},"sameAs":["https:\/\/www.facebook.com\/boasnoticiasjornal"]},{"@type":"Person","@id":"https:\/\/jornalboasnoticias.com.br\/home\/#\/schema\/person\/d641193e0afc6405b390164dac847971","name":"Ana Luiza Bonatto","image":{"@type":"ImageObject","inLanguage":"pt-BR","@id":"https:\/\/secure.gravatar.com\/avatar\/8a055ebe6373371f67ac6fcf313c0ac0b0a91157fdcdb9514fa62927373348f0?s=96&d=mm&r=g","url":"https:\/\/secure.gravatar.com\/avatar\/8a055ebe6373371f67ac6fcf313c0ac0b0a91157fdcdb9514fa62927373348f0?s=96&d=mm&r=g","contentUrl":"https:\/\/secure.gravatar.com\/avatar\/8a055ebe6373371f67ac6fcf313c0ac0b0a91157fdcdb9514fa62927373348f0?s=96&d=mm&r=g","caption":"Ana Luiza Bonatto"},"url":"https:\/\/jornalboasnoticias.com.br\/home\/author\/ana-luiza\/"}]}},"_links":{"self":[{"href":"https:\/\/jornalboasnoticias.com.br\/home\/wp-json\/wp\/v2\/posts\/47314","targetHints":{"allow":["GET"]}}],"collection":[{"href":"https:\/\/jornalboasnoticias.com.br\/home\/wp-json\/wp\/v2\/posts"}],"about":[{"href":"https:\/\/jornalboasnoticias.com.br\/home\/wp-json\/wp\/v2\/types\/post"}],"author":[{"embeddable":true,"href":"https:\/\/jornalboasnoticias.com.br\/home\/wp-json\/wp\/v2\/users\/4"}],"replies":[{"embeddable":true,"href":"https:\/\/jornalboasnoticias.com.br\/home\/wp-json\/wp\/v2\/comments?post=47314"}],"version-history":[{"count":2,"href":"https:\/\/jornalboasnoticias.com.br\/home\/wp-json\/wp\/v2\/posts\/47314\/revisions"}],"predecessor-version":[{"id":47317,"href":"https:\/\/jornalboasnoticias.com.br\/home\/wp-json\/wp\/v2\/posts\/47314\/revisions\/47317"}],"wp:featuredmedia":[{"embeddable":true,"href":"https:\/\/jornalboasnoticias.com.br\/home\/wp-json\/wp\/v2\/media\/47315"}],"wp:attachment":[{"href":"https:\/\/jornalboasnoticias.com.br\/home\/wp-json\/wp\/v2\/media?parent=47314"}],"wp:term":[{"taxonomy":"category","embeddable":true,"href":"https:\/\/jornalboasnoticias.com.br\/home\/wp-json\/wp\/v2\/categories?post=47314"},{"taxonomy":"post_tag","embeddable":true,"href":"https:\/\/jornalboasnoticias.com.br\/home\/wp-json\/wp\/v2\/tags?post=47314"}],"curies":[{"name":"wp","href":"https:\/\/api.w.org\/{rel}","templated":true}]}}