{"id":47305,"date":"2026-01-26T16:52:22","date_gmt":"2026-01-26T16:52:22","guid":{"rendered":"https:\/\/jornalboasnoticias.com.br\/home\/?p=47305"},"modified":"2026-01-26T16:52:22","modified_gmt":"2026-01-26T16:52:22","slug":"petrobras-reduz-preco-da-gasolina-para-distribuidoras-em-52-a-partir-de-terca-feira","status":"publish","type":"post","link":"https:\/\/jornalboasnoticias.com.br\/home\/petrobras-reduz-preco-da-gasolina-para-distribuidoras-em-52-a-partir-de-terca-feira\/","title":{"rendered":"Petrobras reduz pre\u00e7o da gasolina para distribuidoras em 5,2% a partir de ter\u00e7a-feira"},"content":{"rendered":"<figure id=\"attachment_47306\" aria-describedby=\"caption-attachment-47306\" style=\"width: 900px\" class=\"wp-caption alignnone\"><img loading=\"lazy\" decoding=\"async\" class=\"size-full wp-image-47306\" src=\"https:\/\/jornalboasnoticias.com.br\/home\/wp-content\/uploads\/2026\/01\/Gasolina.webp\" alt=\"\" width=\"900\" height=\"600\" srcset=\"https:\/\/jornalboasnoticias.com.br\/home\/wp-content\/uploads\/2026\/01\/Gasolina.webp 900w, https:\/\/jornalboasnoticias.com.br\/home\/wp-content\/uploads\/2026\/01\/Gasolina-300x200.webp 300w, https:\/\/jornalboasnoticias.com.br\/home\/wp-content\/uploads\/2026\/01\/Gasolina-768x512.webp 768w\" sizes=\"auto, (max-width: 900px) 100vw, 900px\" \/><figcaption id=\"caption-attachment-47306\" class=\"wp-caption-text\">Samuel Reis\/ Metr\u00f3poles @osamuelreiss<\/figcaption><\/figure>\n","protected":false},"excerpt":{"rendered":"","protected":false},"author":4,"featured_media":47306,"comment_status":"open","ping_status":"open","sticky":false,"template":"","format":"standard","meta":{"footnotes":""},"categories":[6,3],"tags":[],"class_list":["post-47305","post","type-post","status-publish","format-standard","has-post-thumbnail","hentry","category-brasil","category-destaques"],"yoast_head":"<!-- This site is optimized with the Yoast SEO plugin v27.5 - https:\/\/yoast.com\/product\/yoast-seo-wordpress\/ -->\n<title>Petrobras reduz pre\u00e7o da gasolina para distribuidoras em 5,2% a partir de ter\u00e7a-feira - Jornal<\/title>\n<meta name=\"description\" content=\"Petrobras reduz pre\u00e7o da gasolina para distribuidoras em 5,2% a partir de ter\u00e7a-feira\" \/>\n<meta name=\"robots\" content=\"index, follow, max-snippet:-1, max-image-preview:large, max-video-preview:-1\" \/>\n<link rel=\"canonical\" href=\"https:\/\/jornalboasnoticias.com.br\/home\/petrobras-reduz-preco-da-gasolina-para-distribuidoras-em-52-a-partir-de-terca-feira\/\" \/>\n<meta property=\"og:locale\" content=\"pt_BR\" \/>\n<meta property=\"og:type\" content=\"article\" \/>\n<meta property=\"og:title\" content=\"Petrobras reduz pre\u00e7o da gasolina para distribuidoras em 5,2% a partir de ter\u00e7a-feira - Jornal\" \/>\n<meta property=\"og:description\" content=\"Petrobras reduz pre\u00e7o da gasolina para distribuidoras em 5,2% a partir de ter\u00e7a-feira\" \/>\n<meta property=\"og:url\" content=\"https:\/\/jornalboasnoticias.com.br\/home\/petrobras-reduz-preco-da-gasolina-para-distribuidoras-em-52-a-partir-de-terca-feira\/\" \/>\n<meta property=\"og:site_name\" content=\"Jornal\" \/>\n<meta property=\"article:publisher\" content=\"https:\/\/www.facebook.com\/boasnoticiasjornal\" \/>\n<meta property=\"article:published_time\" content=\"2026-01-26T16:52:22+00:00\" \/>\n<meta property=\"og:image\" content=\"https:\/\/jornalboasnoticias.com.br\/home\/wp-content\/uploads\/2026\/01\/Gasolina.webp\" \/>\n\t<meta property=\"og:image:width\" content=\"900\" \/>\n\t<meta property=\"og:image:height\" content=\"600\" \/>\n\t<meta property=\"og:image:type\" content=\"image\/webp\" \/>\n<meta name=\"author\" content=\"Ana Luiza Bonatto\" \/>\n<meta name=\"twitter:card\" content=\"summary_large_image\" \/>\n<meta name=\"twitter:label1\" content=\"Escrito por\" \/>\n\t<meta name=\"twitter:data1\" content=\"Ana Luiza Bonatto\" \/>\n\t<meta name=\"twitter:label2\" content=\"Est. tempo de leitura\" \/>\n\t<meta name=\"twitter:data2\" content=\"1 minuto\" \/>\n<script type=\"application\/ld+json\" class=\"yoast-schema-graph\">{\"@context\":\"https:\\\/\\\/schema.org\",\"@graph\":[{\"@type\":\"Article\",\"@id\":\"https:\\\/\\\/jornalboasnoticias.com.br\\\/home\\\/petrobras-reduz-preco-da-gasolina-para-distribuidoras-em-52-a-partir-de-terca-feira\\\/#article\",\"isPartOf\":{\"@id\":\"https:\\\/\\\/jornalboasnoticias.com.br\\\/home\\\/petrobras-reduz-preco-da-gasolina-para-distribuidoras-em-52-a-partir-de-terca-feira\\\/\"},\"author\":{\"name\":\"Ana Luiza Bonatto\",\"@id\":\"https:\\\/\\\/jornalboasnoticias.com.br\\\/home\\\/#\\\/schema\\\/person\\\/d641193e0afc6405b390164dac847971\"},\"headline\":\"Petrobras reduz pre\u00e7o da gasolina para distribuidoras em 5,2% a partir de ter\u00e7a-feira\",\"datePublished\":\"2026-01-26T16:52:22+00:00\",\"mainEntityOfPage\":{\"@id\":\"https:\\\/\\\/jornalboasnoticias.com.br\\\/home\\\/petrobras-reduz-preco-da-gasolina-para-distribuidoras-em-52-a-partir-de-terca-feira\\\/\"},\"wordCount\":26,\"commentCount\":0,\"publisher\":{\"@id\":\"https:\\\/\\\/jornalboasnoticias.com.br\\\/home\\\/#organization\"},\"image\":{\"@id\":\"https:\\\/\\\/jornalboasnoticias.com.br\\\/home\\\/petrobras-reduz-preco-da-gasolina-para-distribuidoras-em-52-a-partir-de-terca-feira\\\/#primaryimage\"},\"thumbnailUrl\":\"https:\\\/\\\/jornalboasnoticias.com.br\\\/home\\\/wp-content\\\/uploads\\\/2026\\\/01\\\/Gasolina.webp\",\"articleSection\":[\"BRASIL\",\"DESTAQUE\"],\"inLanguage\":\"pt-BR\",\"potentialAction\":[{\"@type\":\"CommentAction\",\"name\":\"Comment\",\"target\":[\"https:\\\/\\\/jornalboasnoticias.com.br\\\/home\\\/petrobras-reduz-preco-da-gasolina-para-distribuidoras-em-52-a-partir-de-terca-feira\\\/#respond\"]}]},{\"@type\":\"WebPage\",\"@id\":\"https:\\\/\\\/jornalboasnoticias.com.br\\\/home\\\/petrobras-reduz-preco-da-gasolina-para-distribuidoras-em-52-a-partir-de-terca-feira\\\/\",\"url\":\"https:\\\/\\\/jornalboasnoticias.com.br\\\/home\\\/petrobras-reduz-preco-da-gasolina-para-distribuidoras-em-52-a-partir-de-terca-feira\\\/\",\"name\":\"Petrobras reduz pre\u00e7o da gasolina para distribuidoras em 5,2% a partir de ter\u00e7a-feira - Jornal\",\"isPartOf\":{\"@id\":\"https:\\\/\\\/jornalboasnoticias.com.br\\\/home\\\/#website\"},\"primaryImageOfPage\":{\"@id\":\"https:\\\/\\\/jornalboasnoticias.com.br\\\/home\\\/petrobras-reduz-preco-da-gasolina-para-distribuidoras-em-52-a-partir-de-terca-feira\\\/#primaryimage\"},\"image\":{\"@id\":\"https:\\\/\\\/jornalboasnoticias.com.br\\\/home\\\/petrobras-reduz-preco-da-gasolina-para-distribuidoras-em-52-a-partir-de-terca-feira\\\/#primaryimage\"},\"thumbnailUrl\":\"https:\\\/\\\/jornalboasnoticias.com.br\\\/home\\\/wp-content\\\/uploads\\\/2026\\\/01\\\/Gasolina.webp\",\"datePublished\":\"2026-01-26T16:52:22+00:00\",\"description\":\"Petrobras reduz pre\u00e7o da gasolina para distribuidoras em 5,2% a partir de ter\u00e7a-feira\",\"breadcrumb\":{\"@id\":\"https:\\\/\\\/jornalboasnoticias.com.br\\\/home\\\/petrobras-reduz-preco-da-gasolina-para-distribuidoras-em-52-a-partir-de-terca-feira\\\/#breadcrumb\"},\"inLanguage\":\"pt-BR\",\"potentialAction\":[{\"@type\":\"ReadAction\",\"target\":[\"https:\\\/\\\/jornalboasnoticias.com.br\\\/home\\\/petrobras-reduz-preco-da-gasolina-para-distribuidoras-em-52-a-partir-de-terca-feira\\\/\"]}]},{\"@type\":\"ImageObject\",\"inLanguage\":\"pt-BR\",\"@id\":\"https:\\\/\\\/jornalboasnoticias.com.br\\\/home\\\/petrobras-reduz-preco-da-gasolina-para-distribuidoras-em-52-a-partir-de-terca-feira\\\/#primaryimage\",\"url\":\"https:\\\/\\\/jornalboasnoticias.com.br\\\/home\\\/wp-content\\\/uploads\\\/2026\\\/01\\\/Gasolina.webp\",\"contentUrl\":\"https:\\\/\\\/jornalboasnoticias.com.br\\\/home\\\/wp-content\\\/uploads\\\/2026\\\/01\\\/Gasolina.webp\",\"width\":900,\"height\":600,\"caption\":\"Samuel Reis\\\/ Metr\u00f3poles @osamuelreiss\"},{\"@type\":\"BreadcrumbList\",\"@id\":\"https:\\\/\\\/jornalboasnoticias.com.br\\\/home\\\/petrobras-reduz-preco-da-gasolina-para-distribuidoras-em-52-a-partir-de-terca-feira\\\/#breadcrumb\",\"itemListElement\":[{\"@type\":\"ListItem\",\"position\":1,\"name\":\"In\u00edcio\",\"item\":\"https:\\\/\\\/jornalboasnoticias.com.br\\\/home\\\/\"},{\"@type\":\"ListItem\",\"position\":2,\"name\":\"Petrobras reduz pre\u00e7o da gasolina para distribuidoras em 5,2% a partir de ter\u00e7a-feira\"}]},{\"@type\":\"WebSite\",\"@id\":\"https:\\\/\\\/jornalboasnoticias.com.br\\\/home\\\/#website\",\"url\":\"https:\\\/\\\/jornalboasnoticias.com.br\\\/home\\\/\",\"name\":\"Jornal Boas Not\u00edcias\",\"description\":\"Boas not\u00edcias\",\"publisher\":{\"@id\":\"https:\\\/\\\/jornalboasnoticias.com.br\\\/home\\\/#organization\"},\"potentialAction\":[{\"@type\":\"SearchAction\",\"target\":{\"@type\":\"EntryPoint\",\"urlTemplate\":\"https:\\\/\\\/jornalboasnoticias.com.br\\\/home\\\/?s={search_term_string}\"},\"query-input\":{\"@type\":\"PropertyValueSpecification\",\"valueRequired\":true,\"valueName\":\"search_term_string\"}}],\"inLanguage\":\"pt-BR\"},{\"@type\":\"Organization\",\"@id\":\"https:\\\/\\\/jornalboasnoticias.com.br\\\/home\\\/#organization\",\"name\":\"Coq Editora Ltda\",\"alternateName\":\"Jornal Boas Noticias\",\"url\":\"https:\\\/\\\/jornalboasnoticias.com.br\\\/home\\\/\",\"logo\":{\"@type\":\"ImageObject\",\"inLanguage\":\"pt-BR\",\"@id\":\"https:\\\/\\\/jornalboasnoticias.com.br\\\/home\\\/#\\\/schema\\\/logo\\\/image\\\/\",\"url\":\"https:\\\/\\\/jornalboasnoticias.com.br\\\/home\\\/wp-content\\\/uploads\\\/2024\\\/07\\\/cropped-logo.jpg\",\"contentUrl\":\"https:\\\/\\\/jornalboasnoticias.com.br\\\/home\\\/wp-content\\\/uploads\\\/2024\\\/07\\\/cropped-logo.jpg\",\"width\":290,\"height\":142,\"caption\":\"Coq Editora Ltda\"},\"image\":{\"@id\":\"https:\\\/\\\/jornalboasnoticias.com.br\\\/home\\\/#\\\/schema\\\/logo\\\/image\\\/\"},\"sameAs\":[\"https:\\\/\\\/www.facebook.com\\\/boasnoticiasjornal\"]},{\"@type\":\"Person\",\"@id\":\"https:\\\/\\\/jornalboasnoticias.com.br\\\/home\\\/#\\\/schema\\\/person\\\/d641193e0afc6405b390164dac847971\",\"name\":\"Ana Luiza Bonatto\",\"image\":{\"@type\":\"ImageObject\",\"inLanguage\":\"pt-BR\",\"@id\":\"https:\\\/\\\/secure.gravatar.com\\\/avatar\\\/8a055ebe6373371f67ac6fcf313c0ac0b0a91157fdcdb9514fa62927373348f0?s=96&d=mm&r=g\",\"url\":\"https:\\\/\\\/secure.gravatar.com\\\/avatar\\\/8a055ebe6373371f67ac6fcf313c0ac0b0a91157fdcdb9514fa62927373348f0?s=96&d=mm&r=g\",\"contentUrl\":\"https:\\\/\\\/secure.gravatar.com\\\/avatar\\\/8a055ebe6373371f67ac6fcf313c0ac0b0a91157fdcdb9514fa62927373348f0?s=96&d=mm&r=g\",\"caption\":\"Ana Luiza Bonatto\"},\"url\":\"https:\\\/\\\/jornalboasnoticias.com.br\\\/home\\\/author\\\/ana-luiza\\\/\"}]}<\/script>\n<!-- \/ Yoast SEO plugin. -->","yoast_head_json":{"title":"Petrobras reduz pre\u00e7o da gasolina para distribuidoras em 5,2% a partir de ter\u00e7a-feira - Jornal","description":"Petrobras reduz pre\u00e7o da gasolina para distribuidoras em 5,2% a partir de ter\u00e7a-feira","robots":{"index":"index","follow":"follow","max-snippet":"max-snippet:-1","max-image-preview":"max-image-preview:large","max-video-preview":"max-video-preview:-1"},"canonical":"https:\/\/jornalboasnoticias.com.br\/home\/petrobras-reduz-preco-da-gasolina-para-distribuidoras-em-52-a-partir-de-terca-feira\/","og_locale":"pt_BR","og_type":"article","og_title":"Petrobras reduz pre\u00e7o da gasolina para distribuidoras em 5,2% a partir de ter\u00e7a-feira - Jornal","og_description":"Petrobras reduz pre\u00e7o da gasolina para distribuidoras em 5,2% a partir de ter\u00e7a-feira","og_url":"https:\/\/jornalboasnoticias.com.br\/home\/petrobras-reduz-preco-da-gasolina-para-distribuidoras-em-52-a-partir-de-terca-feira\/","og_site_name":"Jornal","article_publisher":"https:\/\/www.facebook.com\/boasnoticiasjornal","article_published_time":"2026-01-26T16:52:22+00:00","og_image":[{"width":900,"height":600,"url":"https:\/\/jornalboasnoticias.com.br\/home\/wp-content\/uploads\/2026\/01\/Gasolina.webp","type":"image\/webp"}],"author":"Ana Luiza Bonatto","twitter_card":"summary_large_image","twitter_misc":{"Escrito por":"Ana Luiza Bonatto","Est. tempo de leitura":"1 minuto"},"schema":{"@context":"https:\/\/schema.org","@graph":[{"@type":"Article","@id":"https:\/\/jornalboasnoticias.com.br\/home\/petrobras-reduz-preco-da-gasolina-para-distribuidoras-em-52-a-partir-de-terca-feira\/#article","isPartOf":{"@id":"https:\/\/jornalboasnoticias.com.br\/home\/petrobras-reduz-preco-da-gasolina-para-distribuidoras-em-52-a-partir-de-terca-feira\/"},"author":{"name":"Ana Luiza Bonatto","@id":"https:\/\/jornalboasnoticias.com.br\/home\/#\/schema\/person\/d641193e0afc6405b390164dac847971"},"headline":"Petrobras reduz pre\u00e7o da gasolina para distribuidoras em 5,2% a partir de ter\u00e7a-feira","datePublished":"2026-01-26T16:52:22+00:00","mainEntityOfPage":{"@id":"https:\/\/jornalboasnoticias.com.br\/home\/petrobras-reduz-preco-da-gasolina-para-distribuidoras-em-52-a-partir-de-terca-feira\/"},"wordCount":26,"commentCount":0,"publisher":{"@id":"https:\/\/jornalboasnoticias.com.br\/home\/#organization"},"image":{"@id":"https:\/\/jornalboasnoticias.com.br\/home\/petrobras-reduz-preco-da-gasolina-para-distribuidoras-em-52-a-partir-de-terca-feira\/#primaryimage"},"thumbnailUrl":"https:\/\/jornalboasnoticias.com.br\/home\/wp-content\/uploads\/2026\/01\/Gasolina.webp","articleSection":["BRASIL","DESTAQUE"],"inLanguage":"pt-BR","potentialAction":[{"@type":"CommentAction","name":"Comment","target":["https:\/\/jornalboasnoticias.com.br\/home\/petrobras-reduz-preco-da-gasolina-para-distribuidoras-em-52-a-partir-de-terca-feira\/#respond"]}]},{"@type":"WebPage","@id":"https:\/\/jornalboasnoticias.com.br\/home\/petrobras-reduz-preco-da-gasolina-para-distribuidoras-em-52-a-partir-de-terca-feira\/","url":"https:\/\/jornalboasnoticias.com.br\/home\/petrobras-reduz-preco-da-gasolina-para-distribuidoras-em-52-a-partir-de-terca-feira\/","name":"Petrobras reduz pre\u00e7o da gasolina para distribuidoras em 5,2% a partir de ter\u00e7a-feira - Jornal","isPartOf":{"@id":"https:\/\/jornalboasnoticias.com.br\/home\/#website"},"primaryImageOfPage":{"@id":"https:\/\/jornalboasnoticias.com.br\/home\/petrobras-reduz-preco-da-gasolina-para-distribuidoras-em-52-a-partir-de-terca-feira\/#primaryimage"},"image":{"@id":"https:\/\/jornalboasnoticias.com.br\/home\/petrobras-reduz-preco-da-gasolina-para-distribuidoras-em-52-a-partir-de-terca-feira\/#primaryimage"},"thumbnailUrl":"https:\/\/jornalboasnoticias.com.br\/home\/wp-content\/uploads\/2026\/01\/Gasolina.webp","datePublished":"2026-01-26T16:52:22+00:00","description":"Petrobras reduz pre\u00e7o da gasolina para distribuidoras em 5,2% a partir de ter\u00e7a-feira","breadcrumb":{"@id":"https:\/\/jornalboasnoticias.com.br\/home\/petrobras-reduz-preco-da-gasolina-para-distribuidoras-em-52-a-partir-de-terca-feira\/#breadcrumb"},"inLanguage":"pt-BR","potentialAction":[{"@type":"ReadAction","target":["https:\/\/jornalboasnoticias.com.br\/home\/petrobras-reduz-preco-da-gasolina-para-distribuidoras-em-52-a-partir-de-terca-feira\/"]}]},{"@type":"ImageObject","inLanguage":"pt-BR","@id":"https:\/\/jornalboasnoticias.com.br\/home\/petrobras-reduz-preco-da-gasolina-para-distribuidoras-em-52-a-partir-de-terca-feira\/#primaryimage","url":"https:\/\/jornalboasnoticias.com.br\/home\/wp-content\/uploads\/2026\/01\/Gasolina.webp","contentUrl":"https:\/\/jornalboasnoticias.com.br\/home\/wp-content\/uploads\/2026\/01\/Gasolina.webp","width":900,"height":600,"caption":"Samuel Reis\/ Metr\u00f3poles @osamuelreiss"},{"@type":"BreadcrumbList","@id":"https:\/\/jornalboasnoticias.com.br\/home\/petrobras-reduz-preco-da-gasolina-para-distribuidoras-em-52-a-partir-de-terca-feira\/#breadcrumb","itemListElement":[{"@type":"ListItem","position":1,"name":"In\u00edcio","item":"https:\/\/jornalboasnoticias.com.br\/home\/"},{"@type":"ListItem","position":2,"name":"Petrobras reduz pre\u00e7o da gasolina para distribuidoras em 5,2% a partir de ter\u00e7a-feira"}]},{"@type":"WebSite","@id":"https:\/\/jornalboasnoticias.com.br\/home\/#website","url":"https:\/\/jornalboasnoticias.com.br\/home\/","name":"Jornal Boas Not\u00edcias","description":"Boas not\u00edcias","publisher":{"@id":"https:\/\/jornalboasnoticias.com.br\/home\/#organization"},"potentialAction":[{"@type":"SearchAction","target":{"@type":"EntryPoint","urlTemplate":"https:\/\/jornalboasnoticias.com.br\/home\/?s={search_term_string}"},"query-input":{"@type":"PropertyValueSpecification","valueRequired":true,"valueName":"search_term_string"}}],"inLanguage":"pt-BR"},{"@type":"Organization","@id":"https:\/\/jornalboasnoticias.com.br\/home\/#organization","name":"Coq Editora Ltda","alternateName":"Jornal Boas Noticias","url":"https:\/\/jornalboasnoticias.com.br\/home\/","logo":{"@type":"ImageObject","inLanguage":"pt-BR","@id":"https:\/\/jornalboasnoticias.com.br\/home\/#\/schema\/logo\/image\/","url":"https:\/\/jornalboasnoticias.com.br\/home\/wp-content\/uploads\/2024\/07\/cropped-logo.jpg","contentUrl":"https:\/\/jornalboasnoticias.com.br\/home\/wp-content\/uploads\/2024\/07\/cropped-logo.jpg","width":290,"height":142,"caption":"Coq Editora Ltda"},"image":{"@id":"https:\/\/jornalboasnoticias.com.br\/home\/#\/schema\/logo\/image\/"},"sameAs":["https:\/\/www.facebook.com\/boasnoticiasjornal"]},{"@type":"Person","@id":"https:\/\/jornalboasnoticias.com.br\/home\/#\/schema\/person\/d641193e0afc6405b390164dac847971","name":"Ana Luiza Bonatto","image":{"@type":"ImageObject","inLanguage":"pt-BR","@id":"https:\/\/secure.gravatar.com\/avatar\/8a055ebe6373371f67ac6fcf313c0ac0b0a91157fdcdb9514fa62927373348f0?s=96&d=mm&r=g","url":"https:\/\/secure.gravatar.com\/avatar\/8a055ebe6373371f67ac6fcf313c0ac0b0a91157fdcdb9514fa62927373348f0?s=96&d=mm&r=g","contentUrl":"https:\/\/secure.gravatar.com\/avatar\/8a055ebe6373371f67ac6fcf313c0ac0b0a91157fdcdb9514fa62927373348f0?s=96&d=mm&r=g","caption":"Ana Luiza Bonatto"},"url":"https:\/\/jornalboasnoticias.com.br\/home\/author\/ana-luiza\/"}]}},"_links":{"self":[{"href":"https:\/\/jornalboasnoticias.com.br\/home\/wp-json\/wp\/v2\/posts\/47305","targetHints":{"allow":["GET"]}}],"collection":[{"href":"https:\/\/jornalboasnoticias.com.br\/home\/wp-json\/wp\/v2\/posts"}],"about":[{"href":"https:\/\/jornalboasnoticias.com.br\/home\/wp-json\/wp\/v2\/types\/post"}],"author":[{"embeddable":true,"href":"https:\/\/jornalboasnoticias.com.br\/home\/wp-json\/wp\/v2\/users\/4"}],"replies":[{"embeddable":true,"href":"https:\/\/jornalboasnoticias.com.br\/home\/wp-json\/wp\/v2\/comments?post=47305"}],"version-history":[{"count":1,"href":"https:\/\/jornalboasnoticias.com.br\/home\/wp-json\/wp\/v2\/posts\/47305\/revisions"}],"predecessor-version":[{"id":47307,"href":"https:\/\/jornalboasnoticias.com.br\/home\/wp-json\/wp\/v2\/posts\/47305\/revisions\/47307"}],"wp:featuredmedia":[{"embeddable":true,"href":"https:\/\/jornalboasnoticias.com.br\/home\/wp-json\/wp\/v2\/media\/47306"}],"wp:attachment":[{"href":"https:\/\/jornalboasnoticias.com.br\/home\/wp-json\/wp\/v2\/media?parent=47305"}],"wp:term":[{"taxonomy":"category","embeddable":true,"href":"https:\/\/jornalboasnoticias.com.br\/home\/wp-json\/wp\/v2\/categories?post=47305"},{"taxonomy":"post_tag","embeddable":true,"href":"https:\/\/jornalboasnoticias.com.br\/home\/wp-json\/wp\/v2\/tags?post=47305"}],"curies":[{"name":"wp","href":"https:\/\/api.w.org\/{rel}","templated":true}]}}