{"id":47302,"date":"2026-01-26T14:51:22","date_gmt":"2026-01-26T14:51:22","guid":{"rendered":"https:\/\/jornalboasnoticias.com.br\/home\/?p=47302"},"modified":"2026-01-26T14:51:22","modified_gmt":"2026-01-26T14:51:22","slug":"agencias-do-inss-fecham-de-quarta-a-sexta-feira-desta-semana","status":"publish","type":"post","link":"https:\/\/jornalboasnoticias.com.br\/home\/agencias-do-inss-fecham-de-quarta-a-sexta-feira-desta-semana\/","title":{"rendered":"Ag\u00eancias do INSS fecham de quarta a sexta-feira desta semana"},"content":{"rendered":"<div class=\"header-noticia full-width\">\n<div>\n<figure id=\"attachment_22267\" aria-describedby=\"caption-attachment-22267\" style=\"width: 600px\" class=\"wp-caption alignnone\"><img loading=\"lazy\" decoding=\"async\" class=\"size-full wp-image-22267\" src=\"https:\/\/jornalboasnoticias.com.br\/home\/wp-content\/uploads\/2022\/05\/previdencia-social-e1651580495726.jpg\" alt=\"\" width=\"600\" height=\"359\" srcset=\"https:\/\/jornalboasnoticias.com.br\/home\/wp-content\/uploads\/2022\/05\/previdencia-social-e1651580495726.jpg 600w, https:\/\/jornalboasnoticias.com.br\/home\/wp-content\/uploads\/2022\/05\/previdencia-social-e1651580495726-300x180.jpg 300w\" sizes=\"auto, (max-width: 600px) 100vw, 600px\" \/><figcaption id=\"caption-attachment-22267\" class=\"wp-caption-text\">\u00a9 Marcello Casal JrAg\u00eancia Brasil<\/figcaption><\/figure>\n<\/div>\n<\/div>\n<blockquote>\n<div class=\"header-noticia full-width\">\n<div class=\"linha-fina-noticia\">Canais remotos de atendimento, no entanto, funcionar\u00e3o normalmente<\/div>\n<\/div>\n<\/blockquote>\n<div class=\"container-autoria\">\n<p>As ag\u00eancias do Instituto Nacional do Seguro Social (INSS) em todo o pa\u00eds estar\u00e3o fechadas de quarta (28) a sexta-feira (30) para atendimento presencial em raz\u00e3o de melhorias programadas nos sistemas previdenci\u00e1rios da Dataprev, empresa respons\u00e1vel pela tecnologia da informa\u00e7\u00e3o da Previd\u00eancia Social.<img decoding=\"async\" src=\"https:\/\/agenciabrasil.ebc.com.br\/ebc.png?id=1676005&amp;o=node\" \/><img decoding=\"async\" src=\"https:\/\/agenciabrasil.ebc.com.br\/ebc.gif?id=1676005&amp;o=node\" \/><\/p>\n<p>Vale lembrar que os canais remotos de atendimento, como o\u00a0<a href=\"https:\/\/meu.inss.gov.br\/#\/login\" target=\"_blank\" rel=\"noopener\">Meu INSS<\/a>\u00a0(<em>site<\/em>\u00a0e aplicativo ) e a central telef\u00f4nica 135, funcionar\u00e3o normalmente at\u00e9 o dia 27, com mais de 100 servi\u00e7os dispon\u00edveis.<\/p>\n<p>O INSS alerta ainda que, a partir das 19h do dia 27 at\u00e9 o dia 31 de janeiro, o Meu INSS (<em>site<\/em>\u00a0e aplicativo) e a central telef\u00f4nica 135\u00a0ficar\u00e3o indispon\u00edveis.<\/p>\n<p>A medida, segundo o instituto, \u00e9 necess\u00e1ria para a moderniza\u00e7\u00e3o dos sistemas, de modo a assegurar maior estabilidade, seguran\u00e7a e efici\u00eancia dos servi\u00e7os.<\/p>\n<p>Para reduzir os impactos aos cidad\u00e3os, o INSS realizou atendimento\u00a0extra no \u00faltimo final de semana, \u201ccom o objetivo de antecipar agendamentos e compensar a suspens\u00e3o tempor\u00e1ria do servi\u00e7o\u00a0presencial\u201d.<\/p>\n<p>O instituto informou\u00a0ainda que garantiu o reencaixe\u00a0nos casos em que o benefici\u00e1rio preferiu receber atendimento presencial em dia \u00fatil.<\/p>\n<\/div>\n","protected":false},"excerpt":{"rendered":"<p>Canais remotos de atendimento, no entanto, funcionar\u00e3o normalmente As ag\u00eancias do Instituto Nacional do Seguro<\/p>\n","protected":false},"author":4,"featured_media":22267,"comment_status":"open","ping_status":"open","sticky":false,"template":"","format":"standard","meta":{"footnotes":""},"categories":[6,3],"tags":[],"class_list":["post-47302","post","type-post","status-publish","format-standard","has-post-thumbnail","hentry","category-brasil","category-destaques"],"yoast_head":"<!-- This site is optimized with the Yoast SEO plugin v27.5 - https:\/\/yoast.com\/product\/yoast-seo-wordpress\/ -->\n<title>Ag\u00eancias do INSS fecham de quarta a sexta-feira desta semana - Jornal<\/title>\n<meta name=\"description\" content=\"Ag\u00eancias do INSS fecham de quarta a sexta-feira desta semana\" \/>\n<meta name=\"robots\" content=\"index, follow, max-snippet:-1, max-image-preview:large, max-video-preview:-1\" \/>\n<link rel=\"canonical\" href=\"https:\/\/jornalboasnoticias.com.br\/home\/agencias-do-inss-fecham-de-quarta-a-sexta-feira-desta-semana\/\" \/>\n<meta property=\"og:locale\" content=\"pt_BR\" \/>\n<meta property=\"og:type\" content=\"article\" \/>\n<meta property=\"og:title\" content=\"Ag\u00eancias do INSS fecham de quarta a sexta-feira desta semana - Jornal\" \/>\n<meta property=\"og:description\" content=\"Ag\u00eancias do INSS fecham de quarta a sexta-feira desta semana\" \/>\n<meta property=\"og:url\" content=\"https:\/\/jornalboasnoticias.com.br\/home\/agencias-do-inss-fecham-de-quarta-a-sexta-feira-desta-semana\/\" \/>\n<meta property=\"og:site_name\" content=\"Jornal\" \/>\n<meta property=\"article:publisher\" content=\"https:\/\/www.facebook.com\/boasnoticiasjornal\" \/>\n<meta property=\"article:published_time\" content=\"2026-01-26T14:51:22+00:00\" \/>\n<meta property=\"og:image\" content=\"https:\/\/jornalboasnoticias.com.br\/home\/wp-content\/uploads\/2022\/05\/previdencia-social-e1651580495726.jpg\" \/>\n\t<meta property=\"og:image:width\" content=\"600\" \/>\n\t<meta property=\"og:image:height\" content=\"359\" \/>\n\t<meta property=\"og:image:type\" content=\"image\/jpeg\" \/>\n<meta name=\"author\" content=\"Ana Luiza Bonatto\" \/>\n<meta name=\"twitter:card\" content=\"summary_large_image\" \/>\n<meta name=\"twitter:label1\" content=\"Escrito por\" \/>\n\t<meta name=\"twitter:data1\" content=\"Ana Luiza Bonatto\" \/>\n\t<meta name=\"twitter:label2\" content=\"Est. tempo de leitura\" \/>\n\t<meta name=\"twitter:data2\" content=\"2 minutos\" \/>\n<script type=\"application\/ld+json\" class=\"yoast-schema-graph\">{\"@context\":\"https:\\\/\\\/schema.org\",\"@graph\":[{\"@type\":\"Article\",\"@id\":\"https:\\\/\\\/jornalboasnoticias.com.br\\\/home\\\/agencias-do-inss-fecham-de-quarta-a-sexta-feira-desta-semana\\\/#article\",\"isPartOf\":{\"@id\":\"https:\\\/\\\/jornalboasnoticias.com.br\\\/home\\\/agencias-do-inss-fecham-de-quarta-a-sexta-feira-desta-semana\\\/\"},\"author\":{\"name\":\"Ana Luiza Bonatto\",\"@id\":\"https:\\\/\\\/jornalboasnoticias.com.br\\\/home\\\/#\\\/schema\\\/person\\\/d641193e0afc6405b390164dac847971\"},\"headline\":\"Ag\u00eancias do INSS fecham de quarta a sexta-feira desta semana\",\"datePublished\":\"2026-01-26T14:51:22+00:00\",\"mainEntityOfPage\":{\"@id\":\"https:\\\/\\\/jornalboasnoticias.com.br\\\/home\\\/agencias-do-inss-fecham-de-quarta-a-sexta-feira-desta-semana\\\/\"},\"wordCount\":228,\"commentCount\":0,\"publisher\":{\"@id\":\"https:\\\/\\\/jornalboasnoticias.com.br\\\/home\\\/#organization\"},\"image\":{\"@id\":\"https:\\\/\\\/jornalboasnoticias.com.br\\\/home\\\/agencias-do-inss-fecham-de-quarta-a-sexta-feira-desta-semana\\\/#primaryimage\"},\"thumbnailUrl\":\"https:\\\/\\\/jornalboasnoticias.com.br\\\/home\\\/wp-content\\\/uploads\\\/2022\\\/05\\\/previdencia-social-e1651580495726.jpg\",\"articleSection\":[\"BRASIL\",\"DESTAQUE\"],\"inLanguage\":\"pt-BR\",\"potentialAction\":[{\"@type\":\"CommentAction\",\"name\":\"Comment\",\"target\":[\"https:\\\/\\\/jornalboasnoticias.com.br\\\/home\\\/agencias-do-inss-fecham-de-quarta-a-sexta-feira-desta-semana\\\/#respond\"]}]},{\"@type\":\"WebPage\",\"@id\":\"https:\\\/\\\/jornalboasnoticias.com.br\\\/home\\\/agencias-do-inss-fecham-de-quarta-a-sexta-feira-desta-semana\\\/\",\"url\":\"https:\\\/\\\/jornalboasnoticias.com.br\\\/home\\\/agencias-do-inss-fecham-de-quarta-a-sexta-feira-desta-semana\\\/\",\"name\":\"Ag\u00eancias do INSS fecham de quarta a sexta-feira desta semana - Jornal\",\"isPartOf\":{\"@id\":\"https:\\\/\\\/jornalboasnoticias.com.br\\\/home\\\/#website\"},\"primaryImageOfPage\":{\"@id\":\"https:\\\/\\\/jornalboasnoticias.com.br\\\/home\\\/agencias-do-inss-fecham-de-quarta-a-sexta-feira-desta-semana\\\/#primaryimage\"},\"image\":{\"@id\":\"https:\\\/\\\/jornalboasnoticias.com.br\\\/home\\\/agencias-do-inss-fecham-de-quarta-a-sexta-feira-desta-semana\\\/#primaryimage\"},\"thumbnailUrl\":\"https:\\\/\\\/jornalboasnoticias.com.br\\\/home\\\/wp-content\\\/uploads\\\/2022\\\/05\\\/previdencia-social-e1651580495726.jpg\",\"datePublished\":\"2026-01-26T14:51:22+00:00\",\"description\":\"Ag\u00eancias do INSS fecham de quarta a sexta-feira desta semana\",\"breadcrumb\":{\"@id\":\"https:\\\/\\\/jornalboasnoticias.com.br\\\/home\\\/agencias-do-inss-fecham-de-quarta-a-sexta-feira-desta-semana\\\/#breadcrumb\"},\"inLanguage\":\"pt-BR\",\"potentialAction\":[{\"@type\":\"ReadAction\",\"target\":[\"https:\\\/\\\/jornalboasnoticias.com.br\\\/home\\\/agencias-do-inss-fecham-de-quarta-a-sexta-feira-desta-semana\\\/\"]}]},{\"@type\":\"ImageObject\",\"inLanguage\":\"pt-BR\",\"@id\":\"https:\\\/\\\/jornalboasnoticias.com.br\\\/home\\\/agencias-do-inss-fecham-de-quarta-a-sexta-feira-desta-semana\\\/#primaryimage\",\"url\":\"https:\\\/\\\/jornalboasnoticias.com.br\\\/home\\\/wp-content\\\/uploads\\\/2022\\\/05\\\/previdencia-social-e1651580495726.jpg\",\"contentUrl\":\"https:\\\/\\\/jornalboasnoticias.com.br\\\/home\\\/wp-content\\\/uploads\\\/2022\\\/05\\\/previdencia-social-e1651580495726.jpg\",\"width\":600,\"height\":359,\"caption\":\"\u00a9 Marcello Casal JrAg\u00eancia Brasil\"},{\"@type\":\"BreadcrumbList\",\"@id\":\"https:\\\/\\\/jornalboasnoticias.com.br\\\/home\\\/agencias-do-inss-fecham-de-quarta-a-sexta-feira-desta-semana\\\/#breadcrumb\",\"itemListElement\":[{\"@type\":\"ListItem\",\"position\":1,\"name\":\"In\u00edcio\",\"item\":\"https:\\\/\\\/jornalboasnoticias.com.br\\\/home\\\/\"},{\"@type\":\"ListItem\",\"position\":2,\"name\":\"Ag\u00eancias do INSS fecham de quarta a sexta-feira desta semana\"}]},{\"@type\":\"WebSite\",\"@id\":\"https:\\\/\\\/jornalboasnoticias.com.br\\\/home\\\/#website\",\"url\":\"https:\\\/\\\/jornalboasnoticias.com.br\\\/home\\\/\",\"name\":\"Jornal Boas Not\u00edcias\",\"description\":\"Boas not\u00edcias\",\"publisher\":{\"@id\":\"https:\\\/\\\/jornalboasnoticias.com.br\\\/home\\\/#organization\"},\"potentialAction\":[{\"@type\":\"SearchAction\",\"target\":{\"@type\":\"EntryPoint\",\"urlTemplate\":\"https:\\\/\\\/jornalboasnoticias.com.br\\\/home\\\/?s={search_term_string}\"},\"query-input\":{\"@type\":\"PropertyValueSpecification\",\"valueRequired\":true,\"valueName\":\"search_term_string\"}}],\"inLanguage\":\"pt-BR\"},{\"@type\":\"Organization\",\"@id\":\"https:\\\/\\\/jornalboasnoticias.com.br\\\/home\\\/#organization\",\"name\":\"Coq Editora Ltda\",\"alternateName\":\"Jornal Boas Noticias\",\"url\":\"https:\\\/\\\/jornalboasnoticias.com.br\\\/home\\\/\",\"logo\":{\"@type\":\"ImageObject\",\"inLanguage\":\"pt-BR\",\"@id\":\"https:\\\/\\\/jornalboasnoticias.com.br\\\/home\\\/#\\\/schema\\\/logo\\\/image\\\/\",\"url\":\"https:\\\/\\\/jornalboasnoticias.com.br\\\/home\\\/wp-content\\\/uploads\\\/2024\\\/07\\\/cropped-logo.jpg\",\"contentUrl\":\"https:\\\/\\\/jornalboasnoticias.com.br\\\/home\\\/wp-content\\\/uploads\\\/2024\\\/07\\\/cropped-logo.jpg\",\"width\":290,\"height\":142,\"caption\":\"Coq Editora Ltda\"},\"image\":{\"@id\":\"https:\\\/\\\/jornalboasnoticias.com.br\\\/home\\\/#\\\/schema\\\/logo\\\/image\\\/\"},\"sameAs\":[\"https:\\\/\\\/www.facebook.com\\\/boasnoticiasjornal\"]},{\"@type\":\"Person\",\"@id\":\"https:\\\/\\\/jornalboasnoticias.com.br\\\/home\\\/#\\\/schema\\\/person\\\/d641193e0afc6405b390164dac847971\",\"name\":\"Ana Luiza Bonatto\",\"image\":{\"@type\":\"ImageObject\",\"inLanguage\":\"pt-BR\",\"@id\":\"https:\\\/\\\/secure.gravatar.com\\\/avatar\\\/8a055ebe6373371f67ac6fcf313c0ac0b0a91157fdcdb9514fa62927373348f0?s=96&d=mm&r=g\",\"url\":\"https:\\\/\\\/secure.gravatar.com\\\/avatar\\\/8a055ebe6373371f67ac6fcf313c0ac0b0a91157fdcdb9514fa62927373348f0?s=96&d=mm&r=g\",\"contentUrl\":\"https:\\\/\\\/secure.gravatar.com\\\/avatar\\\/8a055ebe6373371f67ac6fcf313c0ac0b0a91157fdcdb9514fa62927373348f0?s=96&d=mm&r=g\",\"caption\":\"Ana Luiza Bonatto\"},\"url\":\"https:\\\/\\\/jornalboasnoticias.com.br\\\/home\\\/author\\\/ana-luiza\\\/\"}]}<\/script>\n<!-- \/ Yoast SEO plugin. -->","yoast_head_json":{"title":"Ag\u00eancias do INSS fecham de quarta a sexta-feira desta semana - Jornal","description":"Ag\u00eancias do INSS fecham de quarta a sexta-feira desta semana","robots":{"index":"index","follow":"follow","max-snippet":"max-snippet:-1","max-image-preview":"max-image-preview:large","max-video-preview":"max-video-preview:-1"},"canonical":"https:\/\/jornalboasnoticias.com.br\/home\/agencias-do-inss-fecham-de-quarta-a-sexta-feira-desta-semana\/","og_locale":"pt_BR","og_type":"article","og_title":"Ag\u00eancias do INSS fecham de quarta a sexta-feira desta semana - Jornal","og_description":"Ag\u00eancias do INSS fecham de quarta a sexta-feira desta semana","og_url":"https:\/\/jornalboasnoticias.com.br\/home\/agencias-do-inss-fecham-de-quarta-a-sexta-feira-desta-semana\/","og_site_name":"Jornal","article_publisher":"https:\/\/www.facebook.com\/boasnoticiasjornal","article_published_time":"2026-01-26T14:51:22+00:00","og_image":[{"width":600,"height":359,"url":"https:\/\/jornalboasnoticias.com.br\/home\/wp-content\/uploads\/2022\/05\/previdencia-social-e1651580495726.jpg","type":"image\/jpeg"}],"author":"Ana Luiza Bonatto","twitter_card":"summary_large_image","twitter_misc":{"Escrito por":"Ana Luiza Bonatto","Est. tempo de leitura":"2 minutos"},"schema":{"@context":"https:\/\/schema.org","@graph":[{"@type":"Article","@id":"https:\/\/jornalboasnoticias.com.br\/home\/agencias-do-inss-fecham-de-quarta-a-sexta-feira-desta-semana\/#article","isPartOf":{"@id":"https:\/\/jornalboasnoticias.com.br\/home\/agencias-do-inss-fecham-de-quarta-a-sexta-feira-desta-semana\/"},"author":{"name":"Ana Luiza Bonatto","@id":"https:\/\/jornalboasnoticias.com.br\/home\/#\/schema\/person\/d641193e0afc6405b390164dac847971"},"headline":"Ag\u00eancias do INSS fecham de quarta a sexta-feira desta semana","datePublished":"2026-01-26T14:51:22+00:00","mainEntityOfPage":{"@id":"https:\/\/jornalboasnoticias.com.br\/home\/agencias-do-inss-fecham-de-quarta-a-sexta-feira-desta-semana\/"},"wordCount":228,"commentCount":0,"publisher":{"@id":"https:\/\/jornalboasnoticias.com.br\/home\/#organization"},"image":{"@id":"https:\/\/jornalboasnoticias.com.br\/home\/agencias-do-inss-fecham-de-quarta-a-sexta-feira-desta-semana\/#primaryimage"},"thumbnailUrl":"https:\/\/jornalboasnoticias.com.br\/home\/wp-content\/uploads\/2022\/05\/previdencia-social-e1651580495726.jpg","articleSection":["BRASIL","DESTAQUE"],"inLanguage":"pt-BR","potentialAction":[{"@type":"CommentAction","name":"Comment","target":["https:\/\/jornalboasnoticias.com.br\/home\/agencias-do-inss-fecham-de-quarta-a-sexta-feira-desta-semana\/#respond"]}]},{"@type":"WebPage","@id":"https:\/\/jornalboasnoticias.com.br\/home\/agencias-do-inss-fecham-de-quarta-a-sexta-feira-desta-semana\/","url":"https:\/\/jornalboasnoticias.com.br\/home\/agencias-do-inss-fecham-de-quarta-a-sexta-feira-desta-semana\/","name":"Ag\u00eancias do INSS fecham de quarta a sexta-feira desta semana - Jornal","isPartOf":{"@id":"https:\/\/jornalboasnoticias.com.br\/home\/#website"},"primaryImageOfPage":{"@id":"https:\/\/jornalboasnoticias.com.br\/home\/agencias-do-inss-fecham-de-quarta-a-sexta-feira-desta-semana\/#primaryimage"},"image":{"@id":"https:\/\/jornalboasnoticias.com.br\/home\/agencias-do-inss-fecham-de-quarta-a-sexta-feira-desta-semana\/#primaryimage"},"thumbnailUrl":"https:\/\/jornalboasnoticias.com.br\/home\/wp-content\/uploads\/2022\/05\/previdencia-social-e1651580495726.jpg","datePublished":"2026-01-26T14:51:22+00:00","description":"Ag\u00eancias do INSS fecham de quarta a sexta-feira desta semana","breadcrumb":{"@id":"https:\/\/jornalboasnoticias.com.br\/home\/agencias-do-inss-fecham-de-quarta-a-sexta-feira-desta-semana\/#breadcrumb"},"inLanguage":"pt-BR","potentialAction":[{"@type":"ReadAction","target":["https:\/\/jornalboasnoticias.com.br\/home\/agencias-do-inss-fecham-de-quarta-a-sexta-feira-desta-semana\/"]}]},{"@type":"ImageObject","inLanguage":"pt-BR","@id":"https:\/\/jornalboasnoticias.com.br\/home\/agencias-do-inss-fecham-de-quarta-a-sexta-feira-desta-semana\/#primaryimage","url":"https:\/\/jornalboasnoticias.com.br\/home\/wp-content\/uploads\/2022\/05\/previdencia-social-e1651580495726.jpg","contentUrl":"https:\/\/jornalboasnoticias.com.br\/home\/wp-content\/uploads\/2022\/05\/previdencia-social-e1651580495726.jpg","width":600,"height":359,"caption":"\u00a9 Marcello Casal JrAg\u00eancia Brasil"},{"@type":"BreadcrumbList","@id":"https:\/\/jornalboasnoticias.com.br\/home\/agencias-do-inss-fecham-de-quarta-a-sexta-feira-desta-semana\/#breadcrumb","itemListElement":[{"@type":"ListItem","position":1,"name":"In\u00edcio","item":"https:\/\/jornalboasnoticias.com.br\/home\/"},{"@type":"ListItem","position":2,"name":"Ag\u00eancias do INSS fecham de quarta a sexta-feira desta semana"}]},{"@type":"WebSite","@id":"https:\/\/jornalboasnoticias.com.br\/home\/#website","url":"https:\/\/jornalboasnoticias.com.br\/home\/","name":"Jornal Boas Not\u00edcias","description":"Boas not\u00edcias","publisher":{"@id":"https:\/\/jornalboasnoticias.com.br\/home\/#organization"},"potentialAction":[{"@type":"SearchAction","target":{"@type":"EntryPoint","urlTemplate":"https:\/\/jornalboasnoticias.com.br\/home\/?s={search_term_string}"},"query-input":{"@type":"PropertyValueSpecification","valueRequired":true,"valueName":"search_term_string"}}],"inLanguage":"pt-BR"},{"@type":"Organization","@id":"https:\/\/jornalboasnoticias.com.br\/home\/#organization","name":"Coq Editora Ltda","alternateName":"Jornal Boas Noticias","url":"https:\/\/jornalboasnoticias.com.br\/home\/","logo":{"@type":"ImageObject","inLanguage":"pt-BR","@id":"https:\/\/jornalboasnoticias.com.br\/home\/#\/schema\/logo\/image\/","url":"https:\/\/jornalboasnoticias.com.br\/home\/wp-content\/uploads\/2024\/07\/cropped-logo.jpg","contentUrl":"https:\/\/jornalboasnoticias.com.br\/home\/wp-content\/uploads\/2024\/07\/cropped-logo.jpg","width":290,"height":142,"caption":"Coq Editora Ltda"},"image":{"@id":"https:\/\/jornalboasnoticias.com.br\/home\/#\/schema\/logo\/image\/"},"sameAs":["https:\/\/www.facebook.com\/boasnoticiasjornal"]},{"@type":"Person","@id":"https:\/\/jornalboasnoticias.com.br\/home\/#\/schema\/person\/d641193e0afc6405b390164dac847971","name":"Ana Luiza Bonatto","image":{"@type":"ImageObject","inLanguage":"pt-BR","@id":"https:\/\/secure.gravatar.com\/avatar\/8a055ebe6373371f67ac6fcf313c0ac0b0a91157fdcdb9514fa62927373348f0?s=96&d=mm&r=g","url":"https:\/\/secure.gravatar.com\/avatar\/8a055ebe6373371f67ac6fcf313c0ac0b0a91157fdcdb9514fa62927373348f0?s=96&d=mm&r=g","contentUrl":"https:\/\/secure.gravatar.com\/avatar\/8a055ebe6373371f67ac6fcf313c0ac0b0a91157fdcdb9514fa62927373348f0?s=96&d=mm&r=g","caption":"Ana Luiza Bonatto"},"url":"https:\/\/jornalboasnoticias.com.br\/home\/author\/ana-luiza\/"}]}},"_links":{"self":[{"href":"https:\/\/jornalboasnoticias.com.br\/home\/wp-json\/wp\/v2\/posts\/47302","targetHints":{"allow":["GET"]}}],"collection":[{"href":"https:\/\/jornalboasnoticias.com.br\/home\/wp-json\/wp\/v2\/posts"}],"about":[{"href":"https:\/\/jornalboasnoticias.com.br\/home\/wp-json\/wp\/v2\/types\/post"}],"author":[{"embeddable":true,"href":"https:\/\/jornalboasnoticias.com.br\/home\/wp-json\/wp\/v2\/users\/4"}],"replies":[{"embeddable":true,"href":"https:\/\/jornalboasnoticias.com.br\/home\/wp-json\/wp\/v2\/comments?post=47302"}],"version-history":[{"count":1,"href":"https:\/\/jornalboasnoticias.com.br\/home\/wp-json\/wp\/v2\/posts\/47302\/revisions"}],"predecessor-version":[{"id":47303,"href":"https:\/\/jornalboasnoticias.com.br\/home\/wp-json\/wp\/v2\/posts\/47302\/revisions\/47303"}],"wp:featuredmedia":[{"embeddable":true,"href":"https:\/\/jornalboasnoticias.com.br\/home\/wp-json\/wp\/v2\/media\/22267"}],"wp:attachment":[{"href":"https:\/\/jornalboasnoticias.com.br\/home\/wp-json\/wp\/v2\/media?parent=47302"}],"wp:term":[{"taxonomy":"category","embeddable":true,"href":"https:\/\/jornalboasnoticias.com.br\/home\/wp-json\/wp\/v2\/categories?post=47302"},{"taxonomy":"post_tag","embeddable":true,"href":"https:\/\/jornalboasnoticias.com.br\/home\/wp-json\/wp\/v2\/tags?post=47302"}],"curies":[{"name":"wp","href":"https:\/\/api.w.org\/{rel}","templated":true}]}}