{"id":47275,"date":"2026-01-26T12:10:13","date_gmt":"2026-01-26T12:10:13","guid":{"rendered":"https:\/\/jornalboasnoticias.com.br\/home\/?p=47275"},"modified":"2026-01-26T12:10:13","modified_gmt":"2026-01-26T12:10:13","slug":"nikolas-visita-feridos-por-raio-em-ato-no-df-e-diz-que-maioria-ja-teve-alta","status":"publish","type":"post","link":"https:\/\/jornalboasnoticias.com.br\/home\/nikolas-visita-feridos-por-raio-em-ato-no-df-e-diz-que-maioria-ja-teve-alta\/","title":{"rendered":"Nikolas visita feridos por raio em ato no DF e diz que maioria j\u00e1 teve alta"},"content":{"rendered":"<figure id=\"attachment_47276\" aria-describedby=\"caption-attachment-47276\" style=\"width: 900px\" class=\"wp-caption alignnone\"><img loading=\"lazy\" decoding=\"async\" class=\"size-full wp-image-47276\" src=\"https:\/\/jornalboasnoticias.com.br\/home\/wp-content\/uploads\/2026\/01\/Nikolas-Hospital-ok.webp\" alt=\"\" width=\"900\" height=\"600\" srcset=\"https:\/\/jornalboasnoticias.com.br\/home\/wp-content\/uploads\/2026\/01\/Nikolas-Hospital-ok.webp 900w, https:\/\/jornalboasnoticias.com.br\/home\/wp-content\/uploads\/2026\/01\/Nikolas-Hospital-ok-300x200.webp 300w, https:\/\/jornalboasnoticias.com.br\/home\/wp-content\/uploads\/2026\/01\/Nikolas-Hospital-ok-768x512.webp 768w\" sizes=\"auto, (max-width: 900px) 100vw, 900px\" \/><figcaption id=\"caption-attachment-47276\" class=\"wp-caption-text\">Jo\u00e3o Paulo Nunes<\/figcaption><\/figure>\n<blockquote>\n<p data-start=\"81\" data-end=\"275\">Segundo dados divulgados por bombeiros e pela rede p\u00fablica de sa\u00fade, n\u00e3o houve registro de mortes e apenas poucos pacientes seguiam em observa\u00e7\u00e3o at\u00e9 o in\u00edcio da noite de domingo.<\/p>\n<\/blockquote>\n<p data-start=\"277\" data-end=\"643\">O deputado federal Nikolas Ferreira visitou, no come\u00e7o da noite deste domingo (25\/1), manifestantes internados no Hospital de Base de Bras\u00edlia ap\u00f3s um raio atingir o local de um ato na Pra\u00e7a do Cruzeiro, no Distrito Federal. Ap\u00f3s conversar com a equipe m\u00e9dica, o parlamentar afirmou que a maior parte dos atendidos j\u00e1 recebeu alta e prestou solidariedade \u00e0s v\u00edtimas.<\/p>\n<p data-start=\"645\" data-end=\"925\">\u201cEu n\u00e3o poderia deixar de vir aqui prestar solidariedade, dizer que tem muita gente orando por eles, para que se recuperem logo para poder voltar ajudar nosso pa\u00eds\u201d, declarou. Nikolas tamb\u00e9m classificou o epis\u00f3dio como um \u201cincidente natural\u201d e disse que o caso \u201cfoge do controle\u201d.<\/p>\n<p data-start=\"927\" data-end=\"1223\">De acordo com o Corpo de Bombeiros do DF, 89 pessoas foram atendidas na Pra\u00e7a do Cruzeiro durante a manifesta\u00e7\u00e3o, com predomin\u00e2ncia de casos de hipotermia. Ao todo, 47 foram transportadas para unidades de sa\u00fade, e 11 precisaram de cuidados m\u00e9dicos mais espec\u00edficos por causa da descarga el\u00e9trica.<\/p>\n<p data-start=\"1225\" data-end=\"1489\">J\u00e1 o Instituto de Gest\u00e3o Estrat\u00e9gica de Sa\u00fade do DF (IgesDF) informou que 27 pessoas deram entrada no Hospital de Base ap\u00f3s serem atingidas pela descarga. Outras 14 foram atendidas no Hospital Regional da Asa Norte (HRAN). At\u00e9 as 18h, n\u00e3o havia registro de mortos.<\/p>\n<p data-start=\"1491\" data-end=\"1759\">Testemunhas relataram o susto no momento do raio. A servidora M\u00f4nica Vidal, de 45 anos, disse que viu um clar\u00e3o intenso e que as pessoas ca\u00edram no ch\u00e3o. A diarista Raquel Freire, tamb\u00e9m de 45 anos, contou que sentiu o impacto e percebeu v\u00e1rias pessoas caindo ao redor.<\/p>\n<p data-start=\"1761\" data-end=\"2022\">Informa\u00e7\u00f5es preliminares indicam que um raio teria atingido um guindaste usado na manifesta\u00e7\u00e3o e, em seguida, a descarga se espalhou, ferindo participantes. O ato fazia parte de uma mobiliza\u00e7\u00e3o que chegou a Bras\u00edlia ap\u00f3s uma caminhada iniciada em Paracatu (MG).<\/p>\n","protected":false},"excerpt":{"rendered":"<p>Segundo dados divulgados por bombeiros e pela rede p\u00fablica de sa\u00fade, n\u00e3o houve registro de<\/p>\n","protected":false},"author":4,"featured_media":47276,"comment_status":"open","ping_status":"open","sticky":false,"template":"","format":"standard","meta":{"footnotes":""},"categories":[6,3],"tags":[],"class_list":["post-47275","post","type-post","status-publish","format-standard","has-post-thumbnail","hentry","category-brasil","category-destaques"],"yoast_head":"<!-- This site is optimized with the Yoast SEO plugin v27.5 - https:\/\/yoast.com\/product\/yoast-seo-wordpress\/ -->\n<title>Nikolas visita feridos por raio em ato no DF e diz que maioria j\u00e1 teve alta - Jornal<\/title>\n<meta name=\"description\" content=\"Nikolas visita feridos por raio em ato no DF e diz que maioria j\u00e1 teve alta\" \/>\n<meta name=\"robots\" content=\"index, follow, max-snippet:-1, max-image-preview:large, max-video-preview:-1\" \/>\n<link rel=\"canonical\" href=\"https:\/\/jornalboasnoticias.com.br\/home\/nikolas-visita-feridos-por-raio-em-ato-no-df-e-diz-que-maioria-ja-teve-alta\/\" \/>\n<meta property=\"og:locale\" content=\"pt_BR\" \/>\n<meta property=\"og:type\" content=\"article\" \/>\n<meta property=\"og:title\" content=\"Nikolas visita feridos por raio em ato no DF e diz que maioria j\u00e1 teve alta - Jornal\" \/>\n<meta property=\"og:description\" content=\"Nikolas visita feridos por raio em ato no DF e diz que maioria j\u00e1 teve alta\" \/>\n<meta property=\"og:url\" content=\"https:\/\/jornalboasnoticias.com.br\/home\/nikolas-visita-feridos-por-raio-em-ato-no-df-e-diz-que-maioria-ja-teve-alta\/\" \/>\n<meta property=\"og:site_name\" content=\"Jornal\" \/>\n<meta property=\"article:publisher\" content=\"https:\/\/www.facebook.com\/boasnoticiasjornal\" \/>\n<meta property=\"article:published_time\" content=\"2026-01-26T12:10:13+00:00\" \/>\n<meta property=\"og:image\" content=\"https:\/\/jornalboasnoticias.com.br\/home\/wp-content\/uploads\/2026\/01\/Nikolas-Hospital-ok.webp\" \/>\n\t<meta property=\"og:image:width\" content=\"900\" \/>\n\t<meta property=\"og:image:height\" content=\"600\" \/>\n\t<meta property=\"og:image:type\" content=\"image\/webp\" \/>\n<meta name=\"author\" content=\"Ana Luiza Bonatto\" \/>\n<meta name=\"twitter:card\" content=\"summary_large_image\" \/>\n<meta name=\"twitter:label1\" content=\"Escrito por\" \/>\n\t<meta name=\"twitter:data1\" content=\"Ana Luiza Bonatto\" \/>\n\t<meta name=\"twitter:label2\" content=\"Est. tempo de leitura\" \/>\n\t<meta name=\"twitter:data2\" content=\"3 minutos\" \/>\n<script type=\"application\/ld+json\" class=\"yoast-schema-graph\">{\"@context\":\"https:\\\/\\\/schema.org\",\"@graph\":[{\"@type\":\"Article\",\"@id\":\"https:\\\/\\\/jornalboasnoticias.com.br\\\/home\\\/nikolas-visita-feridos-por-raio-em-ato-no-df-e-diz-que-maioria-ja-teve-alta\\\/#article\",\"isPartOf\":{\"@id\":\"https:\\\/\\\/jornalboasnoticias.com.br\\\/home\\\/nikolas-visita-feridos-por-raio-em-ato-no-df-e-diz-que-maioria-ja-teve-alta\\\/\"},\"author\":{\"name\":\"Ana Luiza Bonatto\",\"@id\":\"https:\\\/\\\/jornalboasnoticias.com.br\\\/home\\\/#\\\/schema\\\/person\\\/d641193e0afc6405b390164dac847971\"},\"headline\":\"Nikolas visita feridos por raio em ato no DF e diz que maioria j\u00e1 teve alta\",\"datePublished\":\"2026-01-26T12:10:13+00:00\",\"mainEntityOfPage\":{\"@id\":\"https:\\\/\\\/jornalboasnoticias.com.br\\\/home\\\/nikolas-visita-feridos-por-raio-em-ato-no-df-e-diz-que-maioria-ja-teve-alta\\\/\"},\"wordCount\":375,\"commentCount\":0,\"publisher\":{\"@id\":\"https:\\\/\\\/jornalboasnoticias.com.br\\\/home\\\/#organization\"},\"image\":{\"@id\":\"https:\\\/\\\/jornalboasnoticias.com.br\\\/home\\\/nikolas-visita-feridos-por-raio-em-ato-no-df-e-diz-que-maioria-ja-teve-alta\\\/#primaryimage\"},\"thumbnailUrl\":\"https:\\\/\\\/jornalboasnoticias.com.br\\\/home\\\/wp-content\\\/uploads\\\/2026\\\/01\\\/Nikolas-Hospital-ok.webp\",\"articleSection\":[\"BRASIL\",\"DESTAQUE\"],\"inLanguage\":\"pt-BR\",\"potentialAction\":[{\"@type\":\"CommentAction\",\"name\":\"Comment\",\"target\":[\"https:\\\/\\\/jornalboasnoticias.com.br\\\/home\\\/nikolas-visita-feridos-por-raio-em-ato-no-df-e-diz-que-maioria-ja-teve-alta\\\/#respond\"]}]},{\"@type\":\"WebPage\",\"@id\":\"https:\\\/\\\/jornalboasnoticias.com.br\\\/home\\\/nikolas-visita-feridos-por-raio-em-ato-no-df-e-diz-que-maioria-ja-teve-alta\\\/\",\"url\":\"https:\\\/\\\/jornalboasnoticias.com.br\\\/home\\\/nikolas-visita-feridos-por-raio-em-ato-no-df-e-diz-que-maioria-ja-teve-alta\\\/\",\"name\":\"Nikolas visita feridos por raio em ato no DF e diz que maioria j\u00e1 teve alta - Jornal\",\"isPartOf\":{\"@id\":\"https:\\\/\\\/jornalboasnoticias.com.br\\\/home\\\/#website\"},\"primaryImageOfPage\":{\"@id\":\"https:\\\/\\\/jornalboasnoticias.com.br\\\/home\\\/nikolas-visita-feridos-por-raio-em-ato-no-df-e-diz-que-maioria-ja-teve-alta\\\/#primaryimage\"},\"image\":{\"@id\":\"https:\\\/\\\/jornalboasnoticias.com.br\\\/home\\\/nikolas-visita-feridos-por-raio-em-ato-no-df-e-diz-que-maioria-ja-teve-alta\\\/#primaryimage\"},\"thumbnailUrl\":\"https:\\\/\\\/jornalboasnoticias.com.br\\\/home\\\/wp-content\\\/uploads\\\/2026\\\/01\\\/Nikolas-Hospital-ok.webp\",\"datePublished\":\"2026-01-26T12:10:13+00:00\",\"description\":\"Nikolas visita feridos por raio em ato no DF e diz que maioria j\u00e1 teve alta\",\"breadcrumb\":{\"@id\":\"https:\\\/\\\/jornalboasnoticias.com.br\\\/home\\\/nikolas-visita-feridos-por-raio-em-ato-no-df-e-diz-que-maioria-ja-teve-alta\\\/#breadcrumb\"},\"inLanguage\":\"pt-BR\",\"potentialAction\":[{\"@type\":\"ReadAction\",\"target\":[\"https:\\\/\\\/jornalboasnoticias.com.br\\\/home\\\/nikolas-visita-feridos-por-raio-em-ato-no-df-e-diz-que-maioria-ja-teve-alta\\\/\"]}]},{\"@type\":\"ImageObject\",\"inLanguage\":\"pt-BR\",\"@id\":\"https:\\\/\\\/jornalboasnoticias.com.br\\\/home\\\/nikolas-visita-feridos-por-raio-em-ato-no-df-e-diz-que-maioria-ja-teve-alta\\\/#primaryimage\",\"url\":\"https:\\\/\\\/jornalboasnoticias.com.br\\\/home\\\/wp-content\\\/uploads\\\/2026\\\/01\\\/Nikolas-Hospital-ok.webp\",\"contentUrl\":\"https:\\\/\\\/jornalboasnoticias.com.br\\\/home\\\/wp-content\\\/uploads\\\/2026\\\/01\\\/Nikolas-Hospital-ok.webp\",\"width\":900,\"height\":600,\"caption\":\"Jo\u00e3o Paulo Nunes\"},{\"@type\":\"BreadcrumbList\",\"@id\":\"https:\\\/\\\/jornalboasnoticias.com.br\\\/home\\\/nikolas-visita-feridos-por-raio-em-ato-no-df-e-diz-que-maioria-ja-teve-alta\\\/#breadcrumb\",\"itemListElement\":[{\"@type\":\"ListItem\",\"position\":1,\"name\":\"In\u00edcio\",\"item\":\"https:\\\/\\\/jornalboasnoticias.com.br\\\/home\\\/\"},{\"@type\":\"ListItem\",\"position\":2,\"name\":\"Nikolas visita feridos por raio em ato no DF e diz que maioria j\u00e1 teve alta\"}]},{\"@type\":\"WebSite\",\"@id\":\"https:\\\/\\\/jornalboasnoticias.com.br\\\/home\\\/#website\",\"url\":\"https:\\\/\\\/jornalboasnoticias.com.br\\\/home\\\/\",\"name\":\"Jornal Boas Not\u00edcias\",\"description\":\"Boas not\u00edcias\",\"publisher\":{\"@id\":\"https:\\\/\\\/jornalboasnoticias.com.br\\\/home\\\/#organization\"},\"potentialAction\":[{\"@type\":\"SearchAction\",\"target\":{\"@type\":\"EntryPoint\",\"urlTemplate\":\"https:\\\/\\\/jornalboasnoticias.com.br\\\/home\\\/?s={search_term_string}\"},\"query-input\":{\"@type\":\"PropertyValueSpecification\",\"valueRequired\":true,\"valueName\":\"search_term_string\"}}],\"inLanguage\":\"pt-BR\"},{\"@type\":\"Organization\",\"@id\":\"https:\\\/\\\/jornalboasnoticias.com.br\\\/home\\\/#organization\",\"name\":\"Coq Editora Ltda\",\"alternateName\":\"Jornal Boas Noticias\",\"url\":\"https:\\\/\\\/jornalboasnoticias.com.br\\\/home\\\/\",\"logo\":{\"@type\":\"ImageObject\",\"inLanguage\":\"pt-BR\",\"@id\":\"https:\\\/\\\/jornalboasnoticias.com.br\\\/home\\\/#\\\/schema\\\/logo\\\/image\\\/\",\"url\":\"https:\\\/\\\/jornalboasnoticias.com.br\\\/home\\\/wp-content\\\/uploads\\\/2024\\\/07\\\/cropped-logo.jpg\",\"contentUrl\":\"https:\\\/\\\/jornalboasnoticias.com.br\\\/home\\\/wp-content\\\/uploads\\\/2024\\\/07\\\/cropped-logo.jpg\",\"width\":290,\"height\":142,\"caption\":\"Coq Editora Ltda\"},\"image\":{\"@id\":\"https:\\\/\\\/jornalboasnoticias.com.br\\\/home\\\/#\\\/schema\\\/logo\\\/image\\\/\"},\"sameAs\":[\"https:\\\/\\\/www.facebook.com\\\/boasnoticiasjornal\"]},{\"@type\":\"Person\",\"@id\":\"https:\\\/\\\/jornalboasnoticias.com.br\\\/home\\\/#\\\/schema\\\/person\\\/d641193e0afc6405b390164dac847971\",\"name\":\"Ana Luiza Bonatto\",\"image\":{\"@type\":\"ImageObject\",\"inLanguage\":\"pt-BR\",\"@id\":\"https:\\\/\\\/secure.gravatar.com\\\/avatar\\\/8a055ebe6373371f67ac6fcf313c0ac0b0a91157fdcdb9514fa62927373348f0?s=96&d=mm&r=g\",\"url\":\"https:\\\/\\\/secure.gravatar.com\\\/avatar\\\/8a055ebe6373371f67ac6fcf313c0ac0b0a91157fdcdb9514fa62927373348f0?s=96&d=mm&r=g\",\"contentUrl\":\"https:\\\/\\\/secure.gravatar.com\\\/avatar\\\/8a055ebe6373371f67ac6fcf313c0ac0b0a91157fdcdb9514fa62927373348f0?s=96&d=mm&r=g\",\"caption\":\"Ana Luiza Bonatto\"},\"url\":\"https:\\\/\\\/jornalboasnoticias.com.br\\\/home\\\/author\\\/ana-luiza\\\/\"}]}<\/script>\n<!-- \/ Yoast SEO plugin. -->","yoast_head_json":{"title":"Nikolas visita feridos por raio em ato no DF e diz que maioria j\u00e1 teve alta - Jornal","description":"Nikolas visita feridos por raio em ato no DF e diz que maioria j\u00e1 teve alta","robots":{"index":"index","follow":"follow","max-snippet":"max-snippet:-1","max-image-preview":"max-image-preview:large","max-video-preview":"max-video-preview:-1"},"canonical":"https:\/\/jornalboasnoticias.com.br\/home\/nikolas-visita-feridos-por-raio-em-ato-no-df-e-diz-que-maioria-ja-teve-alta\/","og_locale":"pt_BR","og_type":"article","og_title":"Nikolas visita feridos por raio em ato no DF e diz que maioria j\u00e1 teve alta - Jornal","og_description":"Nikolas visita feridos por raio em ato no DF e diz que maioria j\u00e1 teve alta","og_url":"https:\/\/jornalboasnoticias.com.br\/home\/nikolas-visita-feridos-por-raio-em-ato-no-df-e-diz-que-maioria-ja-teve-alta\/","og_site_name":"Jornal","article_publisher":"https:\/\/www.facebook.com\/boasnoticiasjornal","article_published_time":"2026-01-26T12:10:13+00:00","og_image":[{"width":900,"height":600,"url":"https:\/\/jornalboasnoticias.com.br\/home\/wp-content\/uploads\/2026\/01\/Nikolas-Hospital-ok.webp","type":"image\/webp"}],"author":"Ana Luiza Bonatto","twitter_card":"summary_large_image","twitter_misc":{"Escrito por":"Ana Luiza Bonatto","Est. tempo de leitura":"3 minutos"},"schema":{"@context":"https:\/\/schema.org","@graph":[{"@type":"Article","@id":"https:\/\/jornalboasnoticias.com.br\/home\/nikolas-visita-feridos-por-raio-em-ato-no-df-e-diz-que-maioria-ja-teve-alta\/#article","isPartOf":{"@id":"https:\/\/jornalboasnoticias.com.br\/home\/nikolas-visita-feridos-por-raio-em-ato-no-df-e-diz-que-maioria-ja-teve-alta\/"},"author":{"name":"Ana Luiza Bonatto","@id":"https:\/\/jornalboasnoticias.com.br\/home\/#\/schema\/person\/d641193e0afc6405b390164dac847971"},"headline":"Nikolas visita feridos por raio em ato no DF e diz que maioria j\u00e1 teve alta","datePublished":"2026-01-26T12:10:13+00:00","mainEntityOfPage":{"@id":"https:\/\/jornalboasnoticias.com.br\/home\/nikolas-visita-feridos-por-raio-em-ato-no-df-e-diz-que-maioria-ja-teve-alta\/"},"wordCount":375,"commentCount":0,"publisher":{"@id":"https:\/\/jornalboasnoticias.com.br\/home\/#organization"},"image":{"@id":"https:\/\/jornalboasnoticias.com.br\/home\/nikolas-visita-feridos-por-raio-em-ato-no-df-e-diz-que-maioria-ja-teve-alta\/#primaryimage"},"thumbnailUrl":"https:\/\/jornalboasnoticias.com.br\/home\/wp-content\/uploads\/2026\/01\/Nikolas-Hospital-ok.webp","articleSection":["BRASIL","DESTAQUE"],"inLanguage":"pt-BR","potentialAction":[{"@type":"CommentAction","name":"Comment","target":["https:\/\/jornalboasnoticias.com.br\/home\/nikolas-visita-feridos-por-raio-em-ato-no-df-e-diz-que-maioria-ja-teve-alta\/#respond"]}]},{"@type":"WebPage","@id":"https:\/\/jornalboasnoticias.com.br\/home\/nikolas-visita-feridos-por-raio-em-ato-no-df-e-diz-que-maioria-ja-teve-alta\/","url":"https:\/\/jornalboasnoticias.com.br\/home\/nikolas-visita-feridos-por-raio-em-ato-no-df-e-diz-que-maioria-ja-teve-alta\/","name":"Nikolas visita feridos por raio em ato no DF e diz que maioria j\u00e1 teve alta - Jornal","isPartOf":{"@id":"https:\/\/jornalboasnoticias.com.br\/home\/#website"},"primaryImageOfPage":{"@id":"https:\/\/jornalboasnoticias.com.br\/home\/nikolas-visita-feridos-por-raio-em-ato-no-df-e-diz-que-maioria-ja-teve-alta\/#primaryimage"},"image":{"@id":"https:\/\/jornalboasnoticias.com.br\/home\/nikolas-visita-feridos-por-raio-em-ato-no-df-e-diz-que-maioria-ja-teve-alta\/#primaryimage"},"thumbnailUrl":"https:\/\/jornalboasnoticias.com.br\/home\/wp-content\/uploads\/2026\/01\/Nikolas-Hospital-ok.webp","datePublished":"2026-01-26T12:10:13+00:00","description":"Nikolas visita feridos por raio em ato no DF e diz que maioria j\u00e1 teve alta","breadcrumb":{"@id":"https:\/\/jornalboasnoticias.com.br\/home\/nikolas-visita-feridos-por-raio-em-ato-no-df-e-diz-que-maioria-ja-teve-alta\/#breadcrumb"},"inLanguage":"pt-BR","potentialAction":[{"@type":"ReadAction","target":["https:\/\/jornalboasnoticias.com.br\/home\/nikolas-visita-feridos-por-raio-em-ato-no-df-e-diz-que-maioria-ja-teve-alta\/"]}]},{"@type":"ImageObject","inLanguage":"pt-BR","@id":"https:\/\/jornalboasnoticias.com.br\/home\/nikolas-visita-feridos-por-raio-em-ato-no-df-e-diz-que-maioria-ja-teve-alta\/#primaryimage","url":"https:\/\/jornalboasnoticias.com.br\/home\/wp-content\/uploads\/2026\/01\/Nikolas-Hospital-ok.webp","contentUrl":"https:\/\/jornalboasnoticias.com.br\/home\/wp-content\/uploads\/2026\/01\/Nikolas-Hospital-ok.webp","width":900,"height":600,"caption":"Jo\u00e3o Paulo Nunes"},{"@type":"BreadcrumbList","@id":"https:\/\/jornalboasnoticias.com.br\/home\/nikolas-visita-feridos-por-raio-em-ato-no-df-e-diz-que-maioria-ja-teve-alta\/#breadcrumb","itemListElement":[{"@type":"ListItem","position":1,"name":"In\u00edcio","item":"https:\/\/jornalboasnoticias.com.br\/home\/"},{"@type":"ListItem","position":2,"name":"Nikolas visita feridos por raio em ato no DF e diz que maioria j\u00e1 teve alta"}]},{"@type":"WebSite","@id":"https:\/\/jornalboasnoticias.com.br\/home\/#website","url":"https:\/\/jornalboasnoticias.com.br\/home\/","name":"Jornal Boas Not\u00edcias","description":"Boas not\u00edcias","publisher":{"@id":"https:\/\/jornalboasnoticias.com.br\/home\/#organization"},"potentialAction":[{"@type":"SearchAction","target":{"@type":"EntryPoint","urlTemplate":"https:\/\/jornalboasnoticias.com.br\/home\/?s={search_term_string}"},"query-input":{"@type":"PropertyValueSpecification","valueRequired":true,"valueName":"search_term_string"}}],"inLanguage":"pt-BR"},{"@type":"Organization","@id":"https:\/\/jornalboasnoticias.com.br\/home\/#organization","name":"Coq Editora Ltda","alternateName":"Jornal Boas Noticias","url":"https:\/\/jornalboasnoticias.com.br\/home\/","logo":{"@type":"ImageObject","inLanguage":"pt-BR","@id":"https:\/\/jornalboasnoticias.com.br\/home\/#\/schema\/logo\/image\/","url":"https:\/\/jornalboasnoticias.com.br\/home\/wp-content\/uploads\/2024\/07\/cropped-logo.jpg","contentUrl":"https:\/\/jornalboasnoticias.com.br\/home\/wp-content\/uploads\/2024\/07\/cropped-logo.jpg","width":290,"height":142,"caption":"Coq Editora Ltda"},"image":{"@id":"https:\/\/jornalboasnoticias.com.br\/home\/#\/schema\/logo\/image\/"},"sameAs":["https:\/\/www.facebook.com\/boasnoticiasjornal"]},{"@type":"Person","@id":"https:\/\/jornalboasnoticias.com.br\/home\/#\/schema\/person\/d641193e0afc6405b390164dac847971","name":"Ana Luiza Bonatto","image":{"@type":"ImageObject","inLanguage":"pt-BR","@id":"https:\/\/secure.gravatar.com\/avatar\/8a055ebe6373371f67ac6fcf313c0ac0b0a91157fdcdb9514fa62927373348f0?s=96&d=mm&r=g","url":"https:\/\/secure.gravatar.com\/avatar\/8a055ebe6373371f67ac6fcf313c0ac0b0a91157fdcdb9514fa62927373348f0?s=96&d=mm&r=g","contentUrl":"https:\/\/secure.gravatar.com\/avatar\/8a055ebe6373371f67ac6fcf313c0ac0b0a91157fdcdb9514fa62927373348f0?s=96&d=mm&r=g","caption":"Ana Luiza Bonatto"},"url":"https:\/\/jornalboasnoticias.com.br\/home\/author\/ana-luiza\/"}]}},"_links":{"self":[{"href":"https:\/\/jornalboasnoticias.com.br\/home\/wp-json\/wp\/v2\/posts\/47275","targetHints":{"allow":["GET"]}}],"collection":[{"href":"https:\/\/jornalboasnoticias.com.br\/home\/wp-json\/wp\/v2\/posts"}],"about":[{"href":"https:\/\/jornalboasnoticias.com.br\/home\/wp-json\/wp\/v2\/types\/post"}],"author":[{"embeddable":true,"href":"https:\/\/jornalboasnoticias.com.br\/home\/wp-json\/wp\/v2\/users\/4"}],"replies":[{"embeddable":true,"href":"https:\/\/jornalboasnoticias.com.br\/home\/wp-json\/wp\/v2\/comments?post=47275"}],"version-history":[{"count":1,"href":"https:\/\/jornalboasnoticias.com.br\/home\/wp-json\/wp\/v2\/posts\/47275\/revisions"}],"predecessor-version":[{"id":47277,"href":"https:\/\/jornalboasnoticias.com.br\/home\/wp-json\/wp\/v2\/posts\/47275\/revisions\/47277"}],"wp:featuredmedia":[{"embeddable":true,"href":"https:\/\/jornalboasnoticias.com.br\/home\/wp-json\/wp\/v2\/media\/47276"}],"wp:attachment":[{"href":"https:\/\/jornalboasnoticias.com.br\/home\/wp-json\/wp\/v2\/media?parent=47275"}],"wp:term":[{"taxonomy":"category","embeddable":true,"href":"https:\/\/jornalboasnoticias.com.br\/home\/wp-json\/wp\/v2\/categories?post=47275"},{"taxonomy":"post_tag","embeddable":true,"href":"https:\/\/jornalboasnoticias.com.br\/home\/wp-json\/wp\/v2\/tags?post=47275"}],"curies":[{"name":"wp","href":"https:\/\/api.w.org\/{rel}","templated":true}]}}