{"id":47268,"date":"2026-01-26T11:57:19","date_gmt":"2026-01-26T11:57:19","guid":{"rendered":"https:\/\/jornalboasnoticias.com.br\/home\/?p=47268"},"modified":"2026-01-26T11:57:34","modified_gmt":"2026-01-26T11:57:34","slug":"47268-2","status":"publish","type":"post","link":"https:\/\/jornalboasnoticias.com.br\/home\/47268-2\/","title":{"rendered":"Lula vai \u00e0 \u00cdndia com miss\u00e3o para ampliar com\u00e9rcio e parcerias tecnol\u00f3gicas"},"content":{"rendered":"<figure id=\"attachment_47269\" aria-describedby=\"caption-attachment-47269\" style=\"width: 900px\" class=\"wp-caption alignnone\"><img loading=\"lazy\" decoding=\"async\" class=\"size-full wp-image-47269\" src=\"https:\/\/jornalboasnoticias.com.br\/home\/wp-content\/uploads\/2026\/01\/Lula-e-Narendra2.webp\" alt=\"\" width=\"900\" height=\"600\" srcset=\"https:\/\/jornalboasnoticias.com.br\/home\/wp-content\/uploads\/2026\/01\/Lula-e-Narendra2.webp 900w, https:\/\/jornalboasnoticias.com.br\/home\/wp-content\/uploads\/2026\/01\/Lula-e-Narendra2-300x200.webp 300w, https:\/\/jornalboasnoticias.com.br\/home\/wp-content\/uploads\/2026\/01\/Lula-e-Narendra2-768x512.webp 768w\" sizes=\"auto, (max-width: 900px) 100vw, 900px\" \/><figcaption id=\"caption-attachment-47269\" class=\"wp-caption-text\">Marcelo Camargo\/Ag\u00eancia Brasil<\/figcaption><\/figure>\n<blockquote>\n<p data-start=\"80\" data-end=\"234\">Viagem ocorre de 19 a 21 de fevereiro e busca diversificar exporta\u00e7\u00f5es, atrair investimentos e fortalecer coopera\u00e7\u00e3o em \u00e1reas estrat\u00e9gicas.<\/p>\n<\/blockquote>\n<p data-start=\"236\" data-end=\"653\">O presidente Luiz In\u00e1cio Lula da Silva lidera uma miss\u00e3o oficial \u00e0 \u00cdndia entre os dias 19 e 21 de fevereiro, com foco em ampliar as parcerias comerciais e abrir novas frentes de coopera\u00e7\u00e3o tecnol\u00f3gica com o pa\u00eds mais populoso do mundo. A estrat\u00e9gia do governo \u00e9 aumentar o leque de produtos negociados e, ao mesmo tempo, reduzir a depend\u00eancia econ\u00f4mica dos grandes polos globais, especialmente Estados Unidos e China.<\/p>\n<p data-start=\"655\" data-end=\"893\">Auxiliares do Planalto indicam que Lula quer uma comitiva robusta. Para isso, a ApexBrasil abriu credenciamento para at\u00e9 200 empres\u00e1rios integrarem a delega\u00e7\u00e3o. At\u00e9 a \u00faltima sexta-feira, cerca de 150 inscri\u00e7\u00f5es j\u00e1 haviam sido registradas.<\/p>\n<h3 data-start=\"895\" data-end=\"943\">O que est\u00e1 em jogo nas conversas com a \u00cdndia<\/h3>\n<p data-start=\"944\" data-end=\"1304\">A aproxima\u00e7\u00e3o entre os pa\u00edses vem sendo constru\u00edda desde 2025. Em outubro, Geraldo Alckmin e Jos\u00e9 M\u00facio Monteiro se reuniram com o ministro da Defesa indiano, Rajnath Singh, para tratar de temas ligados \u00e0 soberania e \u00e0 \u00e1rea de Defesa. Na mesma viagem, Alckmin tamb\u00e9m abordou a amplia\u00e7\u00e3o do Acordo de Prefer\u00eancias Tarif\u00e1rias Mercosul-\u00cdndia, em vigor desde 2009.<\/p>\n<p data-start=\"1306\" data-end=\"1492\">Na \u00faltima sexta-feira (23\/1), Lula conversou por telefone com o primeiro-ministro Narendra Modi. Entre os temas, esteve a defesa de mudan\u00e7as nas Na\u00e7\u00f5es Unidas e no Conselho de Seguran\u00e7a.<\/p>\n<p data-start=\"1494\" data-end=\"1662\">Outro sinal da prioridade dada \u00e0 rela\u00e7\u00e3o \u00e9 a instala\u00e7\u00e3o de um escrit\u00f3rio de neg\u00f3cios brasileiro no pa\u00eds, iniciativa reservada a um n\u00famero reduzido de destinos no mundo.<\/p>\n<h3 data-start=\"1664\" data-end=\"1707\">Com\u00e9rcio em alta, mas com desequil\u00edbrio<\/h3>\n<p data-start=\"1708\" data-end=\"1915\">A \u00cdndia foi o d\u00e9cimo principal destino das exporta\u00e7\u00f5es brasileiras em 2025, com US$ 6,9 bilh\u00f5es. No mesmo per\u00edodo, o Brasil importou US$ 8,4 bilh\u00f5es do pa\u00eds asi\u00e1tico, resultando em d\u00e9ficit de US$ 1,5 bilh\u00e3o.<\/p>\n<p data-start=\"1917\" data-end=\"2153\">O governo quer reduzir a concentra\u00e7\u00e3o das vendas externas. Em 2025, o petr\u00f3leo respondeu por cerca de 30% do que o Brasil exportou para a \u00cdndia. As exporta\u00e7\u00f5es e importa\u00e7\u00f5es cresceram no ano, com altas de 30,2% e 21,9%, respectivamente.<\/p>\n<h3 data-start=\"2155\" data-end=\"2185\">Parcerias al\u00e9m do com\u00e9rcio<\/h3>\n<p data-start=\"2186\" data-end=\"2535\">A agenda tamb\u00e9m mira coopera\u00e7\u00e3o em \u00e1reas consideradas estrat\u00e9gicas, como biocombust\u00edveis, terras raras e solu\u00e7\u00f5es de pagamentos, incluindo discuss\u00f5es sobre integra\u00e7\u00e3o entre o Pix e o sistema indiano de transfer\u00eancias. H\u00e1 ainda previs\u00e3o de oferta de coopera\u00e7\u00e3o voltada \u00e0 agricultura familiar, com participa\u00e7\u00e3o de representante da Embrapa na comitiva.<\/p>\n<h3 data-start=\"2537\" data-end=\"2577\">Prepara\u00e7\u00e3o para atrair investimentos<\/h3>\n<p data-start=\"2578\" data-end=\"2857\">Para refor\u00e7ar o car\u00e1ter econ\u00f4mico da visita, o Brasil alugou por dois dias um audit\u00f3rio com capacidade para cerca de 500 pessoas. A expectativa \u00e9 que Lula se re\u00fana com grandes investidores indianos e que a agenda inclua an\u00fancios de investimentos planejados para os pr\u00f3ximos anos.<\/p>\n<p data-start=\"2859\" data-end=\"3064\">Nos bastidores, o Planalto tamb\u00e9m v\u00ea a viagem como oportunidade de consolidar a imagem de Lula como lideran\u00e7a com interlocu\u00e7\u00e3o internacional, em um momento em que o tema volta ao centro do debate pol\u00edtico.<\/p>\n","protected":false},"excerpt":{"rendered":"<p>Viagem ocorre de 19 a 21 de fevereiro e busca diversificar exporta\u00e7\u00f5es, atrair investimentos e<\/p>\n","protected":false},"author":4,"featured_media":47269,"comment_status":"open","ping_status":"open","sticky":false,"template":"","format":"standard","meta":{"footnotes":""},"categories":[3,9],"tags":[],"class_list":["post-47268","post","type-post","status-publish","format-standard","has-post-thumbnail","hentry","category-destaques","category-internacional"],"yoast_head":"<!-- This site is optimized with the Yoast SEO plugin v27.5 - https:\/\/yoast.com\/product\/yoast-seo-wordpress\/ -->\n<title>Lula vai \u00e0 \u00cdndia com miss\u00e3o para ampliar com\u00e9rcio e parcerias tecnol\u00f3gicas - Jornal<\/title>\n<meta name=\"description\" content=\"Lula vai \u00e0 \u00cdndia com miss\u00e3o para ampliar com\u00e9rcio e parcerias tecnol\u00f3gicas\" \/>\n<meta name=\"robots\" content=\"index, follow, max-snippet:-1, max-image-preview:large, max-video-preview:-1\" \/>\n<link rel=\"canonical\" href=\"https:\/\/jornalboasnoticias.com.br\/home\/47268-2\/\" \/>\n<meta property=\"og:locale\" content=\"pt_BR\" \/>\n<meta property=\"og:type\" content=\"article\" \/>\n<meta property=\"og:title\" content=\"Lula vai \u00e0 \u00cdndia com miss\u00e3o para ampliar com\u00e9rcio e parcerias tecnol\u00f3gicas - Jornal\" \/>\n<meta property=\"og:description\" content=\"Lula vai \u00e0 \u00cdndia com miss\u00e3o para ampliar com\u00e9rcio e parcerias tecnol\u00f3gicas\" \/>\n<meta property=\"og:url\" content=\"https:\/\/jornalboasnoticias.com.br\/home\/47268-2\/\" \/>\n<meta property=\"og:site_name\" content=\"Jornal\" \/>\n<meta property=\"article:publisher\" content=\"https:\/\/www.facebook.com\/boasnoticiasjornal\" \/>\n<meta property=\"article:published_time\" content=\"2026-01-26T11:57:19+00:00\" \/>\n<meta property=\"article:modified_time\" content=\"2026-01-26T11:57:34+00:00\" \/>\n<meta property=\"og:image\" content=\"https:\/\/jornalboasnoticias.com.br\/home\/wp-content\/uploads\/2026\/01\/Lula-e-Narendra2.webp\" \/>\n\t<meta property=\"og:image:width\" content=\"900\" \/>\n\t<meta property=\"og:image:height\" content=\"600\" \/>\n\t<meta property=\"og:image:type\" content=\"image\/webp\" \/>\n<meta name=\"author\" content=\"Ana Luiza Bonatto\" \/>\n<meta name=\"twitter:card\" content=\"summary_large_image\" \/>\n<meta name=\"twitter:label1\" content=\"Escrito por\" \/>\n\t<meta name=\"twitter:data1\" content=\"Ana Luiza Bonatto\" \/>\n\t<meta name=\"twitter:label2\" content=\"Est. tempo de leitura\" \/>\n\t<meta name=\"twitter:data2\" content=\"3 minutos\" \/>\n<script type=\"application\/ld+json\" class=\"yoast-schema-graph\">{\"@context\":\"https:\\\/\\\/schema.org\",\"@graph\":[{\"@type\":\"Article\",\"@id\":\"https:\\\/\\\/jornalboasnoticias.com.br\\\/home\\\/47268-2\\\/#article\",\"isPartOf\":{\"@id\":\"https:\\\/\\\/jornalboasnoticias.com.br\\\/home\\\/47268-2\\\/\"},\"author\":{\"name\":\"Ana Luiza Bonatto\",\"@id\":\"https:\\\/\\\/jornalboasnoticias.com.br\\\/home\\\/#\\\/schema\\\/person\\\/d641193e0afc6405b390164dac847971\"},\"headline\":\"Lula vai \u00e0 \u00cdndia com miss\u00e3o para ampliar com\u00e9rcio e parcerias tecnol\u00f3gicas\",\"datePublished\":\"2026-01-26T11:57:19+00:00\",\"dateModified\":\"2026-01-26T11:57:34+00:00\",\"mainEntityOfPage\":{\"@id\":\"https:\\\/\\\/jornalboasnoticias.com.br\\\/home\\\/47268-2\\\/\"},\"wordCount\":540,\"commentCount\":0,\"publisher\":{\"@id\":\"https:\\\/\\\/jornalboasnoticias.com.br\\\/home\\\/#organization\"},\"image\":{\"@id\":\"https:\\\/\\\/jornalboasnoticias.com.br\\\/home\\\/47268-2\\\/#primaryimage\"},\"thumbnailUrl\":\"https:\\\/\\\/jornalboasnoticias.com.br\\\/home\\\/wp-content\\\/uploads\\\/2026\\\/01\\\/Lula-e-Narendra2.webp\",\"articleSection\":[\"DESTAQUE\",\"INTERNACIONAL\"],\"inLanguage\":\"pt-BR\",\"potentialAction\":[{\"@type\":\"CommentAction\",\"name\":\"Comment\",\"target\":[\"https:\\\/\\\/jornalboasnoticias.com.br\\\/home\\\/47268-2\\\/#respond\"]}]},{\"@type\":\"WebPage\",\"@id\":\"https:\\\/\\\/jornalboasnoticias.com.br\\\/home\\\/47268-2\\\/\",\"url\":\"https:\\\/\\\/jornalboasnoticias.com.br\\\/home\\\/47268-2\\\/\",\"name\":\"Lula vai \u00e0 \u00cdndia com miss\u00e3o para ampliar com\u00e9rcio e parcerias tecnol\u00f3gicas - Jornal\",\"isPartOf\":{\"@id\":\"https:\\\/\\\/jornalboasnoticias.com.br\\\/home\\\/#website\"},\"primaryImageOfPage\":{\"@id\":\"https:\\\/\\\/jornalboasnoticias.com.br\\\/home\\\/47268-2\\\/#primaryimage\"},\"image\":{\"@id\":\"https:\\\/\\\/jornalboasnoticias.com.br\\\/home\\\/47268-2\\\/#primaryimage\"},\"thumbnailUrl\":\"https:\\\/\\\/jornalboasnoticias.com.br\\\/home\\\/wp-content\\\/uploads\\\/2026\\\/01\\\/Lula-e-Narendra2.webp\",\"datePublished\":\"2026-01-26T11:57:19+00:00\",\"dateModified\":\"2026-01-26T11:57:34+00:00\",\"description\":\"Lula vai \u00e0 \u00cdndia com miss\u00e3o para ampliar com\u00e9rcio e parcerias tecnol\u00f3gicas\",\"breadcrumb\":{\"@id\":\"https:\\\/\\\/jornalboasnoticias.com.br\\\/home\\\/47268-2\\\/#breadcrumb\"},\"inLanguage\":\"pt-BR\",\"potentialAction\":[{\"@type\":\"ReadAction\",\"target\":[\"https:\\\/\\\/jornalboasnoticias.com.br\\\/home\\\/47268-2\\\/\"]}]},{\"@type\":\"ImageObject\",\"inLanguage\":\"pt-BR\",\"@id\":\"https:\\\/\\\/jornalboasnoticias.com.br\\\/home\\\/47268-2\\\/#primaryimage\",\"url\":\"https:\\\/\\\/jornalboasnoticias.com.br\\\/home\\\/wp-content\\\/uploads\\\/2026\\\/01\\\/Lula-e-Narendra2.webp\",\"contentUrl\":\"https:\\\/\\\/jornalboasnoticias.com.br\\\/home\\\/wp-content\\\/uploads\\\/2026\\\/01\\\/Lula-e-Narendra2.webp\",\"width\":900,\"height\":600,\"caption\":\"Marcelo Camargo\\\/Ag\u00eancia Brasil\"},{\"@type\":\"BreadcrumbList\",\"@id\":\"https:\\\/\\\/jornalboasnoticias.com.br\\\/home\\\/47268-2\\\/#breadcrumb\",\"itemListElement\":[{\"@type\":\"ListItem\",\"position\":1,\"name\":\"In\u00edcio\",\"item\":\"https:\\\/\\\/jornalboasnoticias.com.br\\\/home\\\/\"},{\"@type\":\"ListItem\",\"position\":2,\"name\":\"Lula vai \u00e0 \u00cdndia com miss\u00e3o para ampliar com\u00e9rcio e parcerias tecnol\u00f3gicas\"}]},{\"@type\":\"WebSite\",\"@id\":\"https:\\\/\\\/jornalboasnoticias.com.br\\\/home\\\/#website\",\"url\":\"https:\\\/\\\/jornalboasnoticias.com.br\\\/home\\\/\",\"name\":\"Jornal Boas Not\u00edcias\",\"description\":\"Boas not\u00edcias\",\"publisher\":{\"@id\":\"https:\\\/\\\/jornalboasnoticias.com.br\\\/home\\\/#organization\"},\"potentialAction\":[{\"@type\":\"SearchAction\",\"target\":{\"@type\":\"EntryPoint\",\"urlTemplate\":\"https:\\\/\\\/jornalboasnoticias.com.br\\\/home\\\/?s={search_term_string}\"},\"query-input\":{\"@type\":\"PropertyValueSpecification\",\"valueRequired\":true,\"valueName\":\"search_term_string\"}}],\"inLanguage\":\"pt-BR\"},{\"@type\":\"Organization\",\"@id\":\"https:\\\/\\\/jornalboasnoticias.com.br\\\/home\\\/#organization\",\"name\":\"Coq Editora Ltda\",\"alternateName\":\"Jornal Boas Noticias\",\"url\":\"https:\\\/\\\/jornalboasnoticias.com.br\\\/home\\\/\",\"logo\":{\"@type\":\"ImageObject\",\"inLanguage\":\"pt-BR\",\"@id\":\"https:\\\/\\\/jornalboasnoticias.com.br\\\/home\\\/#\\\/schema\\\/logo\\\/image\\\/\",\"url\":\"https:\\\/\\\/jornalboasnoticias.com.br\\\/home\\\/wp-content\\\/uploads\\\/2024\\\/07\\\/cropped-logo.jpg\",\"contentUrl\":\"https:\\\/\\\/jornalboasnoticias.com.br\\\/home\\\/wp-content\\\/uploads\\\/2024\\\/07\\\/cropped-logo.jpg\",\"width\":290,\"height\":142,\"caption\":\"Coq Editora Ltda\"},\"image\":{\"@id\":\"https:\\\/\\\/jornalboasnoticias.com.br\\\/home\\\/#\\\/schema\\\/logo\\\/image\\\/\"},\"sameAs\":[\"https:\\\/\\\/www.facebook.com\\\/boasnoticiasjornal\"]},{\"@type\":\"Person\",\"@id\":\"https:\\\/\\\/jornalboasnoticias.com.br\\\/home\\\/#\\\/schema\\\/person\\\/d641193e0afc6405b390164dac847971\",\"name\":\"Ana Luiza Bonatto\",\"image\":{\"@type\":\"ImageObject\",\"inLanguage\":\"pt-BR\",\"@id\":\"https:\\\/\\\/secure.gravatar.com\\\/avatar\\\/8a055ebe6373371f67ac6fcf313c0ac0b0a91157fdcdb9514fa62927373348f0?s=96&d=mm&r=g\",\"url\":\"https:\\\/\\\/secure.gravatar.com\\\/avatar\\\/8a055ebe6373371f67ac6fcf313c0ac0b0a91157fdcdb9514fa62927373348f0?s=96&d=mm&r=g\",\"contentUrl\":\"https:\\\/\\\/secure.gravatar.com\\\/avatar\\\/8a055ebe6373371f67ac6fcf313c0ac0b0a91157fdcdb9514fa62927373348f0?s=96&d=mm&r=g\",\"caption\":\"Ana Luiza Bonatto\"},\"url\":\"https:\\\/\\\/jornalboasnoticias.com.br\\\/home\\\/author\\\/ana-luiza\\\/\"}]}<\/script>\n<!-- \/ Yoast SEO plugin. -->","yoast_head_json":{"title":"Lula vai \u00e0 \u00cdndia com miss\u00e3o para ampliar com\u00e9rcio e parcerias tecnol\u00f3gicas - Jornal","description":"Lula vai \u00e0 \u00cdndia com miss\u00e3o para ampliar com\u00e9rcio e parcerias tecnol\u00f3gicas","robots":{"index":"index","follow":"follow","max-snippet":"max-snippet:-1","max-image-preview":"max-image-preview:large","max-video-preview":"max-video-preview:-1"},"canonical":"https:\/\/jornalboasnoticias.com.br\/home\/47268-2\/","og_locale":"pt_BR","og_type":"article","og_title":"Lula vai \u00e0 \u00cdndia com miss\u00e3o para ampliar com\u00e9rcio e parcerias tecnol\u00f3gicas - Jornal","og_description":"Lula vai \u00e0 \u00cdndia com miss\u00e3o para ampliar com\u00e9rcio e parcerias tecnol\u00f3gicas","og_url":"https:\/\/jornalboasnoticias.com.br\/home\/47268-2\/","og_site_name":"Jornal","article_publisher":"https:\/\/www.facebook.com\/boasnoticiasjornal","article_published_time":"2026-01-26T11:57:19+00:00","article_modified_time":"2026-01-26T11:57:34+00:00","og_image":[{"width":900,"height":600,"url":"https:\/\/jornalboasnoticias.com.br\/home\/wp-content\/uploads\/2026\/01\/Lula-e-Narendra2.webp","type":"image\/webp"}],"author":"Ana Luiza Bonatto","twitter_card":"summary_large_image","twitter_misc":{"Escrito por":"Ana Luiza Bonatto","Est. tempo de leitura":"3 minutos"},"schema":{"@context":"https:\/\/schema.org","@graph":[{"@type":"Article","@id":"https:\/\/jornalboasnoticias.com.br\/home\/47268-2\/#article","isPartOf":{"@id":"https:\/\/jornalboasnoticias.com.br\/home\/47268-2\/"},"author":{"name":"Ana Luiza Bonatto","@id":"https:\/\/jornalboasnoticias.com.br\/home\/#\/schema\/person\/d641193e0afc6405b390164dac847971"},"headline":"Lula vai \u00e0 \u00cdndia com miss\u00e3o para ampliar com\u00e9rcio e parcerias tecnol\u00f3gicas","datePublished":"2026-01-26T11:57:19+00:00","dateModified":"2026-01-26T11:57:34+00:00","mainEntityOfPage":{"@id":"https:\/\/jornalboasnoticias.com.br\/home\/47268-2\/"},"wordCount":540,"commentCount":0,"publisher":{"@id":"https:\/\/jornalboasnoticias.com.br\/home\/#organization"},"image":{"@id":"https:\/\/jornalboasnoticias.com.br\/home\/47268-2\/#primaryimage"},"thumbnailUrl":"https:\/\/jornalboasnoticias.com.br\/home\/wp-content\/uploads\/2026\/01\/Lula-e-Narendra2.webp","articleSection":["DESTAQUE","INTERNACIONAL"],"inLanguage":"pt-BR","potentialAction":[{"@type":"CommentAction","name":"Comment","target":["https:\/\/jornalboasnoticias.com.br\/home\/47268-2\/#respond"]}]},{"@type":"WebPage","@id":"https:\/\/jornalboasnoticias.com.br\/home\/47268-2\/","url":"https:\/\/jornalboasnoticias.com.br\/home\/47268-2\/","name":"Lula vai \u00e0 \u00cdndia com miss\u00e3o para ampliar com\u00e9rcio e parcerias tecnol\u00f3gicas - Jornal","isPartOf":{"@id":"https:\/\/jornalboasnoticias.com.br\/home\/#website"},"primaryImageOfPage":{"@id":"https:\/\/jornalboasnoticias.com.br\/home\/47268-2\/#primaryimage"},"image":{"@id":"https:\/\/jornalboasnoticias.com.br\/home\/47268-2\/#primaryimage"},"thumbnailUrl":"https:\/\/jornalboasnoticias.com.br\/home\/wp-content\/uploads\/2026\/01\/Lula-e-Narendra2.webp","datePublished":"2026-01-26T11:57:19+00:00","dateModified":"2026-01-26T11:57:34+00:00","description":"Lula vai \u00e0 \u00cdndia com miss\u00e3o para ampliar com\u00e9rcio e parcerias tecnol\u00f3gicas","breadcrumb":{"@id":"https:\/\/jornalboasnoticias.com.br\/home\/47268-2\/#breadcrumb"},"inLanguage":"pt-BR","potentialAction":[{"@type":"ReadAction","target":["https:\/\/jornalboasnoticias.com.br\/home\/47268-2\/"]}]},{"@type":"ImageObject","inLanguage":"pt-BR","@id":"https:\/\/jornalboasnoticias.com.br\/home\/47268-2\/#primaryimage","url":"https:\/\/jornalboasnoticias.com.br\/home\/wp-content\/uploads\/2026\/01\/Lula-e-Narendra2.webp","contentUrl":"https:\/\/jornalboasnoticias.com.br\/home\/wp-content\/uploads\/2026\/01\/Lula-e-Narendra2.webp","width":900,"height":600,"caption":"Marcelo Camargo\/Ag\u00eancia Brasil"},{"@type":"BreadcrumbList","@id":"https:\/\/jornalboasnoticias.com.br\/home\/47268-2\/#breadcrumb","itemListElement":[{"@type":"ListItem","position":1,"name":"In\u00edcio","item":"https:\/\/jornalboasnoticias.com.br\/home\/"},{"@type":"ListItem","position":2,"name":"Lula vai \u00e0 \u00cdndia com miss\u00e3o para ampliar com\u00e9rcio e parcerias tecnol\u00f3gicas"}]},{"@type":"WebSite","@id":"https:\/\/jornalboasnoticias.com.br\/home\/#website","url":"https:\/\/jornalboasnoticias.com.br\/home\/","name":"Jornal Boas Not\u00edcias","description":"Boas not\u00edcias","publisher":{"@id":"https:\/\/jornalboasnoticias.com.br\/home\/#organization"},"potentialAction":[{"@type":"SearchAction","target":{"@type":"EntryPoint","urlTemplate":"https:\/\/jornalboasnoticias.com.br\/home\/?s={search_term_string}"},"query-input":{"@type":"PropertyValueSpecification","valueRequired":true,"valueName":"search_term_string"}}],"inLanguage":"pt-BR"},{"@type":"Organization","@id":"https:\/\/jornalboasnoticias.com.br\/home\/#organization","name":"Coq Editora Ltda","alternateName":"Jornal Boas Noticias","url":"https:\/\/jornalboasnoticias.com.br\/home\/","logo":{"@type":"ImageObject","inLanguage":"pt-BR","@id":"https:\/\/jornalboasnoticias.com.br\/home\/#\/schema\/logo\/image\/","url":"https:\/\/jornalboasnoticias.com.br\/home\/wp-content\/uploads\/2024\/07\/cropped-logo.jpg","contentUrl":"https:\/\/jornalboasnoticias.com.br\/home\/wp-content\/uploads\/2024\/07\/cropped-logo.jpg","width":290,"height":142,"caption":"Coq Editora Ltda"},"image":{"@id":"https:\/\/jornalboasnoticias.com.br\/home\/#\/schema\/logo\/image\/"},"sameAs":["https:\/\/www.facebook.com\/boasnoticiasjornal"]},{"@type":"Person","@id":"https:\/\/jornalboasnoticias.com.br\/home\/#\/schema\/person\/d641193e0afc6405b390164dac847971","name":"Ana Luiza Bonatto","image":{"@type":"ImageObject","inLanguage":"pt-BR","@id":"https:\/\/secure.gravatar.com\/avatar\/8a055ebe6373371f67ac6fcf313c0ac0b0a91157fdcdb9514fa62927373348f0?s=96&d=mm&r=g","url":"https:\/\/secure.gravatar.com\/avatar\/8a055ebe6373371f67ac6fcf313c0ac0b0a91157fdcdb9514fa62927373348f0?s=96&d=mm&r=g","contentUrl":"https:\/\/secure.gravatar.com\/avatar\/8a055ebe6373371f67ac6fcf313c0ac0b0a91157fdcdb9514fa62927373348f0?s=96&d=mm&r=g","caption":"Ana Luiza Bonatto"},"url":"https:\/\/jornalboasnoticias.com.br\/home\/author\/ana-luiza\/"}]}},"_links":{"self":[{"href":"https:\/\/jornalboasnoticias.com.br\/home\/wp-json\/wp\/v2\/posts\/47268","targetHints":{"allow":["GET"]}}],"collection":[{"href":"https:\/\/jornalboasnoticias.com.br\/home\/wp-json\/wp\/v2\/posts"}],"about":[{"href":"https:\/\/jornalboasnoticias.com.br\/home\/wp-json\/wp\/v2\/types\/post"}],"author":[{"embeddable":true,"href":"https:\/\/jornalboasnoticias.com.br\/home\/wp-json\/wp\/v2\/users\/4"}],"replies":[{"embeddable":true,"href":"https:\/\/jornalboasnoticias.com.br\/home\/wp-json\/wp\/v2\/comments?post=47268"}],"version-history":[{"count":2,"href":"https:\/\/jornalboasnoticias.com.br\/home\/wp-json\/wp\/v2\/posts\/47268\/revisions"}],"predecessor-version":[{"id":47271,"href":"https:\/\/jornalboasnoticias.com.br\/home\/wp-json\/wp\/v2\/posts\/47268\/revisions\/47271"}],"wp:featuredmedia":[{"embeddable":true,"href":"https:\/\/jornalboasnoticias.com.br\/home\/wp-json\/wp\/v2\/media\/47269"}],"wp:attachment":[{"href":"https:\/\/jornalboasnoticias.com.br\/home\/wp-json\/wp\/v2\/media?parent=47268"}],"wp:term":[{"taxonomy":"category","embeddable":true,"href":"https:\/\/jornalboasnoticias.com.br\/home\/wp-json\/wp\/v2\/categories?post=47268"},{"taxonomy":"post_tag","embeddable":true,"href":"https:\/\/jornalboasnoticias.com.br\/home\/wp-json\/wp\/v2\/tags?post=47268"}],"curies":[{"name":"wp","href":"https:\/\/api.w.org\/{rel}","templated":true}]}}