{"id":47260,"date":"2026-01-26T11:41:49","date_gmt":"2026-01-26T11:41:49","guid":{"rendered":"https:\/\/jornalboasnoticias.com.br\/home\/?p=47260"},"modified":"2026-01-26T11:41:49","modified_gmt":"2026-01-26T11:41:49","slug":"depoimentos-da-pf-podem-definir-se-caso-master-fica-no-stf","status":"publish","type":"post","link":"https:\/\/jornalboasnoticias.com.br\/home\/depoimentos-da-pf-podem-definir-se-caso-master-fica-no-stf\/","title":{"rendered":"Depoimentos da PF podem definir se Caso Master fica no STF"},"content":{"rendered":"<figure id=\"attachment_47261\" aria-describedby=\"caption-attachment-47261\" style=\"width: 900px\" class=\"wp-caption alignnone\"><img loading=\"lazy\" decoding=\"async\" class=\"size-full wp-image-47261\" src=\"https:\/\/jornalboasnoticias.com.br\/home\/wp-content\/uploads\/2026\/01\/0162fe65-ministro-do-supremo-tribunal-federal-stf-jose-antonio-dias-toffoli-metropoles-14-scaled-1.webp\" alt=\"\" width=\"900\" height=\"600\" srcset=\"https:\/\/jornalboasnoticias.com.br\/home\/wp-content\/uploads\/2026\/01\/0162fe65-ministro-do-supremo-tribunal-federal-stf-jose-antonio-dias-toffoli-metropoles-14-scaled-1.webp 900w, https:\/\/jornalboasnoticias.com.br\/home\/wp-content\/uploads\/2026\/01\/0162fe65-ministro-do-supremo-tribunal-federal-stf-jose-antonio-dias-toffoli-metropoles-14-scaled-1-300x200.webp 300w, https:\/\/jornalboasnoticias.com.br\/home\/wp-content\/uploads\/2026\/01\/0162fe65-ministro-do-supremo-tribunal-federal-stf-jose-antonio-dias-toffoli-metropoles-14-scaled-1-768x512.webp 768w\" sizes=\"auto, (max-width: 900px) 100vw, 900px\" \/><figcaption id=\"caption-attachment-47261\" class=\"wp-caption-text\">VIN\u00cdCIUS SCHMIDT\/METR\u00d3POLES @vinicius.foto<\/figcaption><\/figure>\n<blockquote>\n<p data-start=\"85\" data-end=\"227\">Ministro do STF deve aguardar as oitivas de oito investigados e ouvir a PGR antes de decidir se o inqu\u00e9rito permanece na Corte.<\/p>\n<\/blockquote>\n<p data-start=\"229\" data-end=\"597\">O ministro Dias Toffoli, do Supremo Tribunal Federal (STF), avalia a possibilidade de enviar o chamado Caso Master de volta \u00e0 primeira inst\u00e2ncia. A defini\u00e7\u00e3o deve ocorrer ap\u00f3s a fase de depoimentos conduzida pela Pol\u00edcia Federal, marcada para esta segunda-feira (26\/1) e ter\u00e7a-feira (27\/1), quando oito investigados ser\u00e3o ouvidos no \u00e2mbito da Opera\u00e7\u00e3o Compliance Zero.<\/p>\n<p data-start=\"599\" data-end=\"1045\">A discuss\u00e3o sobre a compet\u00eancia do STF ganhou for\u00e7a porque, neste momento, as apura\u00e7\u00f5es seguem na Corte em raz\u00e3o da suspeita de envolvimento de uma autoridade com prerrogativa de foro. O caso foi encaminhado ao Supremo ap\u00f3s men\u00e7\u00e3o ao deputado Jo\u00e3o Carlos Bacelar (PL-BA), citado em documentos recolhidos pela Pol\u00edcia Federal. At\u00e9 aqui, por\u00e9m, n\u00e3o foram apresentados ind\u00edcios concretos que confirmem participa\u00e7\u00e3o do parlamentar no suposto esquema.<\/p>\n<p data-start=\"1047\" data-end=\"1436\">Em decis\u00e3o anterior, Toffoli explicou que manteve o processo no STF justamente por ainda n\u00e3o estar delimitada a eventual participa\u00e7\u00e3o de autoridade com foro. Ao assumir a relatoria, o ministro suspendeu o andamento em outras inst\u00e2ncias, sem invalidar dilig\u00eancias j\u00e1 realizadas, e determinou que novas medidas investigativas passem pelo crivo do Supremo para evitar questionamentos futuros.<\/p>\n<p data-start=\"1438\" data-end=\"1684\">As investiga\u00e7\u00f5es, que tamb\u00e9m t\u00eam desdobramentos na Justi\u00e7a de S\u00e3o Paulo, apuram suspeitas de irregularidades relacionadas \u00e0 tentativa de compra do Banco Master pelo Banco de Bras\u00edlia (BRB). Conforme apontado nos autos, h\u00e1 ind\u00edcios de crimes como:<\/p>\n<ul data-start=\"1686\" data-end=\"1902\">\n<li data-start=\"1686\" data-end=\"1766\">\n<p data-start=\"1688\" data-end=\"1766\">organiza\u00e7\u00e3o criminosa voltada \u00e0 gest\u00e3o fraudulenta de institui\u00e7\u00e3o financeira<\/p>\n<\/li>\n<li data-start=\"1767\" data-end=\"1818\">\n<p data-start=\"1769\" data-end=\"1818\">induzimento ou manuten\u00e7\u00e3o de investidor em erro<\/p>\n<\/li>\n<li data-start=\"1819\" data-end=\"1878\">\n<p data-start=\"1821\" data-end=\"1878\">uso de informa\u00e7\u00e3o privilegiada e manipula\u00e7\u00e3o de mercado<\/p>\n<\/li>\n<li data-start=\"1879\" data-end=\"1902\">\n<p data-start=\"1881\" data-end=\"1902\">lavagem de capitais<\/p>\n<\/li>\n<\/ul>\n<p data-start=\"1904\" data-end=\"2214\">Antes de decidir pelo eventual retorno do caso \u00e0 primeira inst\u00e2ncia, Toffoli deve considerar o conte\u00fado das oitivas e ouvir a Procuradoria-Geral da Rep\u00fablica (PGR). O presidente do STF, ministro Edson Fachin, j\u00e1 se manifestou em defesa do relator e indicou que n\u00e3o pretende interferir na condu\u00e7\u00e3o do inqu\u00e9rito.<\/p>\n<h3 data-start=\"2216\" data-end=\"2254\"><\/h3>\n","protected":false},"excerpt":{"rendered":"<p>Ministro do STF deve aguardar as oitivas de oito investigados e ouvir a PGR antes<\/p>\n","protected":false},"author":4,"featured_media":47261,"comment_status":"open","ping_status":"open","sticky":false,"template":"","format":"standard","meta":{"footnotes":""},"categories":[6,3],"tags":[],"class_list":["post-47260","post","type-post","status-publish","format-standard","has-post-thumbnail","hentry","category-brasil","category-destaques"],"yoast_head":"<!-- This site is optimized with the Yoast SEO plugin v27.5 - https:\/\/yoast.com\/product\/yoast-seo-wordpress\/ -->\n<title>Depoimentos da PF podem definir se Caso Master fica no STF - Jornal<\/title>\n<meta name=\"description\" content=\"Depoimentos da PF podem definir se Caso Master fica no STF\" \/>\n<meta name=\"robots\" content=\"index, follow, max-snippet:-1, max-image-preview:large, max-video-preview:-1\" \/>\n<link rel=\"canonical\" href=\"https:\/\/jornalboasnoticias.com.br\/home\/depoimentos-da-pf-podem-definir-se-caso-master-fica-no-stf\/\" \/>\n<meta property=\"og:locale\" content=\"pt_BR\" \/>\n<meta property=\"og:type\" content=\"article\" \/>\n<meta property=\"og:title\" content=\"Depoimentos da PF podem definir se Caso Master fica no STF - Jornal\" \/>\n<meta property=\"og:description\" content=\"Depoimentos da PF podem definir se Caso Master fica no STF\" \/>\n<meta property=\"og:url\" content=\"https:\/\/jornalboasnoticias.com.br\/home\/depoimentos-da-pf-podem-definir-se-caso-master-fica-no-stf\/\" \/>\n<meta property=\"og:site_name\" content=\"Jornal\" \/>\n<meta property=\"article:publisher\" content=\"https:\/\/www.facebook.com\/boasnoticiasjornal\" \/>\n<meta property=\"article:published_time\" content=\"2026-01-26T11:41:49+00:00\" \/>\n<meta property=\"og:image\" content=\"https:\/\/jornalboasnoticias.com.br\/home\/wp-content\/uploads\/2026\/01\/0162fe65-ministro-do-supremo-tribunal-federal-stf-jose-antonio-dias-toffoli-metropoles-14-scaled-1.webp\" \/>\n\t<meta property=\"og:image:width\" content=\"900\" \/>\n\t<meta property=\"og:image:height\" content=\"600\" \/>\n\t<meta property=\"og:image:type\" content=\"image\/webp\" \/>\n<meta name=\"author\" content=\"Ana Luiza Bonatto\" \/>\n<meta name=\"twitter:card\" content=\"summary_large_image\" \/>\n<meta name=\"twitter:label1\" content=\"Escrito por\" \/>\n\t<meta name=\"twitter:data1\" content=\"Ana Luiza Bonatto\" \/>\n\t<meta name=\"twitter:label2\" content=\"Est. tempo de leitura\" \/>\n\t<meta name=\"twitter:data2\" content=\"2 minutos\" \/>\n<script type=\"application\/ld+json\" class=\"yoast-schema-graph\">{\"@context\":\"https:\\\/\\\/schema.org\",\"@graph\":[{\"@type\":\"Article\",\"@id\":\"https:\\\/\\\/jornalboasnoticias.com.br\\\/home\\\/depoimentos-da-pf-podem-definir-se-caso-master-fica-no-stf\\\/#article\",\"isPartOf\":{\"@id\":\"https:\\\/\\\/jornalboasnoticias.com.br\\\/home\\\/depoimentos-da-pf-podem-definir-se-caso-master-fica-no-stf\\\/\"},\"author\":{\"name\":\"Ana Luiza Bonatto\",\"@id\":\"https:\\\/\\\/jornalboasnoticias.com.br\\\/home\\\/#\\\/schema\\\/person\\\/d641193e0afc6405b390164dac847971\"},\"headline\":\"Depoimentos da PF podem definir se Caso Master fica no STF\",\"datePublished\":\"2026-01-26T11:41:49+00:00\",\"mainEntityOfPage\":{\"@id\":\"https:\\\/\\\/jornalboasnoticias.com.br\\\/home\\\/depoimentos-da-pf-podem-definir-se-caso-master-fica-no-stf\\\/\"},\"wordCount\":378,\"commentCount\":0,\"publisher\":{\"@id\":\"https:\\\/\\\/jornalboasnoticias.com.br\\\/home\\\/#organization\"},\"image\":{\"@id\":\"https:\\\/\\\/jornalboasnoticias.com.br\\\/home\\\/depoimentos-da-pf-podem-definir-se-caso-master-fica-no-stf\\\/#primaryimage\"},\"thumbnailUrl\":\"https:\\\/\\\/jornalboasnoticias.com.br\\\/home\\\/wp-content\\\/uploads\\\/2026\\\/01\\\/0162fe65-ministro-do-supremo-tribunal-federal-stf-jose-antonio-dias-toffoli-metropoles-14-scaled-1.webp\",\"articleSection\":[\"BRASIL\",\"DESTAQUE\"],\"inLanguage\":\"pt-BR\",\"potentialAction\":[{\"@type\":\"CommentAction\",\"name\":\"Comment\",\"target\":[\"https:\\\/\\\/jornalboasnoticias.com.br\\\/home\\\/depoimentos-da-pf-podem-definir-se-caso-master-fica-no-stf\\\/#respond\"]}]},{\"@type\":\"WebPage\",\"@id\":\"https:\\\/\\\/jornalboasnoticias.com.br\\\/home\\\/depoimentos-da-pf-podem-definir-se-caso-master-fica-no-stf\\\/\",\"url\":\"https:\\\/\\\/jornalboasnoticias.com.br\\\/home\\\/depoimentos-da-pf-podem-definir-se-caso-master-fica-no-stf\\\/\",\"name\":\"Depoimentos da PF podem definir se Caso Master fica no STF - Jornal\",\"isPartOf\":{\"@id\":\"https:\\\/\\\/jornalboasnoticias.com.br\\\/home\\\/#website\"},\"primaryImageOfPage\":{\"@id\":\"https:\\\/\\\/jornalboasnoticias.com.br\\\/home\\\/depoimentos-da-pf-podem-definir-se-caso-master-fica-no-stf\\\/#primaryimage\"},\"image\":{\"@id\":\"https:\\\/\\\/jornalboasnoticias.com.br\\\/home\\\/depoimentos-da-pf-podem-definir-se-caso-master-fica-no-stf\\\/#primaryimage\"},\"thumbnailUrl\":\"https:\\\/\\\/jornalboasnoticias.com.br\\\/home\\\/wp-content\\\/uploads\\\/2026\\\/01\\\/0162fe65-ministro-do-supremo-tribunal-federal-stf-jose-antonio-dias-toffoli-metropoles-14-scaled-1.webp\",\"datePublished\":\"2026-01-26T11:41:49+00:00\",\"description\":\"Depoimentos da PF podem definir se Caso Master fica no STF\",\"breadcrumb\":{\"@id\":\"https:\\\/\\\/jornalboasnoticias.com.br\\\/home\\\/depoimentos-da-pf-podem-definir-se-caso-master-fica-no-stf\\\/#breadcrumb\"},\"inLanguage\":\"pt-BR\",\"potentialAction\":[{\"@type\":\"ReadAction\",\"target\":[\"https:\\\/\\\/jornalboasnoticias.com.br\\\/home\\\/depoimentos-da-pf-podem-definir-se-caso-master-fica-no-stf\\\/\"]}]},{\"@type\":\"ImageObject\",\"inLanguage\":\"pt-BR\",\"@id\":\"https:\\\/\\\/jornalboasnoticias.com.br\\\/home\\\/depoimentos-da-pf-podem-definir-se-caso-master-fica-no-stf\\\/#primaryimage\",\"url\":\"https:\\\/\\\/jornalboasnoticias.com.br\\\/home\\\/wp-content\\\/uploads\\\/2026\\\/01\\\/0162fe65-ministro-do-supremo-tribunal-federal-stf-jose-antonio-dias-toffoli-metropoles-14-scaled-1.webp\",\"contentUrl\":\"https:\\\/\\\/jornalboasnoticias.com.br\\\/home\\\/wp-content\\\/uploads\\\/2026\\\/01\\\/0162fe65-ministro-do-supremo-tribunal-federal-stf-jose-antonio-dias-toffoli-metropoles-14-scaled-1.webp\",\"width\":900,\"height\":600,\"caption\":\"VIN\u00cdCIUS SCHMIDT\\\/METR\u00d3POLES @vinicius.foto\"},{\"@type\":\"BreadcrumbList\",\"@id\":\"https:\\\/\\\/jornalboasnoticias.com.br\\\/home\\\/depoimentos-da-pf-podem-definir-se-caso-master-fica-no-stf\\\/#breadcrumb\",\"itemListElement\":[{\"@type\":\"ListItem\",\"position\":1,\"name\":\"In\u00edcio\",\"item\":\"https:\\\/\\\/jornalboasnoticias.com.br\\\/home\\\/\"},{\"@type\":\"ListItem\",\"position\":2,\"name\":\"Depoimentos da PF podem definir se Caso Master fica no STF\"}]},{\"@type\":\"WebSite\",\"@id\":\"https:\\\/\\\/jornalboasnoticias.com.br\\\/home\\\/#website\",\"url\":\"https:\\\/\\\/jornalboasnoticias.com.br\\\/home\\\/\",\"name\":\"Jornal Boas Not\u00edcias\",\"description\":\"Boas not\u00edcias\",\"publisher\":{\"@id\":\"https:\\\/\\\/jornalboasnoticias.com.br\\\/home\\\/#organization\"},\"potentialAction\":[{\"@type\":\"SearchAction\",\"target\":{\"@type\":\"EntryPoint\",\"urlTemplate\":\"https:\\\/\\\/jornalboasnoticias.com.br\\\/home\\\/?s={search_term_string}\"},\"query-input\":{\"@type\":\"PropertyValueSpecification\",\"valueRequired\":true,\"valueName\":\"search_term_string\"}}],\"inLanguage\":\"pt-BR\"},{\"@type\":\"Organization\",\"@id\":\"https:\\\/\\\/jornalboasnoticias.com.br\\\/home\\\/#organization\",\"name\":\"Coq Editora Ltda\",\"alternateName\":\"Jornal Boas Noticias\",\"url\":\"https:\\\/\\\/jornalboasnoticias.com.br\\\/home\\\/\",\"logo\":{\"@type\":\"ImageObject\",\"inLanguage\":\"pt-BR\",\"@id\":\"https:\\\/\\\/jornalboasnoticias.com.br\\\/home\\\/#\\\/schema\\\/logo\\\/image\\\/\",\"url\":\"https:\\\/\\\/jornalboasnoticias.com.br\\\/home\\\/wp-content\\\/uploads\\\/2024\\\/07\\\/cropped-logo.jpg\",\"contentUrl\":\"https:\\\/\\\/jornalboasnoticias.com.br\\\/home\\\/wp-content\\\/uploads\\\/2024\\\/07\\\/cropped-logo.jpg\",\"width\":290,\"height\":142,\"caption\":\"Coq Editora Ltda\"},\"image\":{\"@id\":\"https:\\\/\\\/jornalboasnoticias.com.br\\\/home\\\/#\\\/schema\\\/logo\\\/image\\\/\"},\"sameAs\":[\"https:\\\/\\\/www.facebook.com\\\/boasnoticiasjornal\"]},{\"@type\":\"Person\",\"@id\":\"https:\\\/\\\/jornalboasnoticias.com.br\\\/home\\\/#\\\/schema\\\/person\\\/d641193e0afc6405b390164dac847971\",\"name\":\"Ana Luiza Bonatto\",\"image\":{\"@type\":\"ImageObject\",\"inLanguage\":\"pt-BR\",\"@id\":\"https:\\\/\\\/secure.gravatar.com\\\/avatar\\\/8a055ebe6373371f67ac6fcf313c0ac0b0a91157fdcdb9514fa62927373348f0?s=96&d=mm&r=g\",\"url\":\"https:\\\/\\\/secure.gravatar.com\\\/avatar\\\/8a055ebe6373371f67ac6fcf313c0ac0b0a91157fdcdb9514fa62927373348f0?s=96&d=mm&r=g\",\"contentUrl\":\"https:\\\/\\\/secure.gravatar.com\\\/avatar\\\/8a055ebe6373371f67ac6fcf313c0ac0b0a91157fdcdb9514fa62927373348f0?s=96&d=mm&r=g\",\"caption\":\"Ana Luiza Bonatto\"},\"url\":\"https:\\\/\\\/jornalboasnoticias.com.br\\\/home\\\/author\\\/ana-luiza\\\/\"}]}<\/script>\n<!-- \/ Yoast SEO plugin. -->","yoast_head_json":{"title":"Depoimentos da PF podem definir se Caso Master fica no STF - Jornal","description":"Depoimentos da PF podem definir se Caso Master fica no STF","robots":{"index":"index","follow":"follow","max-snippet":"max-snippet:-1","max-image-preview":"max-image-preview:large","max-video-preview":"max-video-preview:-1"},"canonical":"https:\/\/jornalboasnoticias.com.br\/home\/depoimentos-da-pf-podem-definir-se-caso-master-fica-no-stf\/","og_locale":"pt_BR","og_type":"article","og_title":"Depoimentos da PF podem definir se Caso Master fica no STF - Jornal","og_description":"Depoimentos da PF podem definir se Caso Master fica no STF","og_url":"https:\/\/jornalboasnoticias.com.br\/home\/depoimentos-da-pf-podem-definir-se-caso-master-fica-no-stf\/","og_site_name":"Jornal","article_publisher":"https:\/\/www.facebook.com\/boasnoticiasjornal","article_published_time":"2026-01-26T11:41:49+00:00","og_image":[{"width":900,"height":600,"url":"https:\/\/jornalboasnoticias.com.br\/home\/wp-content\/uploads\/2026\/01\/0162fe65-ministro-do-supremo-tribunal-federal-stf-jose-antonio-dias-toffoli-metropoles-14-scaled-1.webp","type":"image\/webp"}],"author":"Ana Luiza Bonatto","twitter_card":"summary_large_image","twitter_misc":{"Escrito por":"Ana Luiza Bonatto","Est. tempo de leitura":"2 minutos"},"schema":{"@context":"https:\/\/schema.org","@graph":[{"@type":"Article","@id":"https:\/\/jornalboasnoticias.com.br\/home\/depoimentos-da-pf-podem-definir-se-caso-master-fica-no-stf\/#article","isPartOf":{"@id":"https:\/\/jornalboasnoticias.com.br\/home\/depoimentos-da-pf-podem-definir-se-caso-master-fica-no-stf\/"},"author":{"name":"Ana Luiza Bonatto","@id":"https:\/\/jornalboasnoticias.com.br\/home\/#\/schema\/person\/d641193e0afc6405b390164dac847971"},"headline":"Depoimentos da PF podem definir se Caso Master fica no STF","datePublished":"2026-01-26T11:41:49+00:00","mainEntityOfPage":{"@id":"https:\/\/jornalboasnoticias.com.br\/home\/depoimentos-da-pf-podem-definir-se-caso-master-fica-no-stf\/"},"wordCount":378,"commentCount":0,"publisher":{"@id":"https:\/\/jornalboasnoticias.com.br\/home\/#organization"},"image":{"@id":"https:\/\/jornalboasnoticias.com.br\/home\/depoimentos-da-pf-podem-definir-se-caso-master-fica-no-stf\/#primaryimage"},"thumbnailUrl":"https:\/\/jornalboasnoticias.com.br\/home\/wp-content\/uploads\/2026\/01\/0162fe65-ministro-do-supremo-tribunal-federal-stf-jose-antonio-dias-toffoli-metropoles-14-scaled-1.webp","articleSection":["BRASIL","DESTAQUE"],"inLanguage":"pt-BR","potentialAction":[{"@type":"CommentAction","name":"Comment","target":["https:\/\/jornalboasnoticias.com.br\/home\/depoimentos-da-pf-podem-definir-se-caso-master-fica-no-stf\/#respond"]}]},{"@type":"WebPage","@id":"https:\/\/jornalboasnoticias.com.br\/home\/depoimentos-da-pf-podem-definir-se-caso-master-fica-no-stf\/","url":"https:\/\/jornalboasnoticias.com.br\/home\/depoimentos-da-pf-podem-definir-se-caso-master-fica-no-stf\/","name":"Depoimentos da PF podem definir se Caso Master fica no STF - Jornal","isPartOf":{"@id":"https:\/\/jornalboasnoticias.com.br\/home\/#website"},"primaryImageOfPage":{"@id":"https:\/\/jornalboasnoticias.com.br\/home\/depoimentos-da-pf-podem-definir-se-caso-master-fica-no-stf\/#primaryimage"},"image":{"@id":"https:\/\/jornalboasnoticias.com.br\/home\/depoimentos-da-pf-podem-definir-se-caso-master-fica-no-stf\/#primaryimage"},"thumbnailUrl":"https:\/\/jornalboasnoticias.com.br\/home\/wp-content\/uploads\/2026\/01\/0162fe65-ministro-do-supremo-tribunal-federal-stf-jose-antonio-dias-toffoli-metropoles-14-scaled-1.webp","datePublished":"2026-01-26T11:41:49+00:00","description":"Depoimentos da PF podem definir se Caso Master fica no STF","breadcrumb":{"@id":"https:\/\/jornalboasnoticias.com.br\/home\/depoimentos-da-pf-podem-definir-se-caso-master-fica-no-stf\/#breadcrumb"},"inLanguage":"pt-BR","potentialAction":[{"@type":"ReadAction","target":["https:\/\/jornalboasnoticias.com.br\/home\/depoimentos-da-pf-podem-definir-se-caso-master-fica-no-stf\/"]}]},{"@type":"ImageObject","inLanguage":"pt-BR","@id":"https:\/\/jornalboasnoticias.com.br\/home\/depoimentos-da-pf-podem-definir-se-caso-master-fica-no-stf\/#primaryimage","url":"https:\/\/jornalboasnoticias.com.br\/home\/wp-content\/uploads\/2026\/01\/0162fe65-ministro-do-supremo-tribunal-federal-stf-jose-antonio-dias-toffoli-metropoles-14-scaled-1.webp","contentUrl":"https:\/\/jornalboasnoticias.com.br\/home\/wp-content\/uploads\/2026\/01\/0162fe65-ministro-do-supremo-tribunal-federal-stf-jose-antonio-dias-toffoli-metropoles-14-scaled-1.webp","width":900,"height":600,"caption":"VIN\u00cdCIUS SCHMIDT\/METR\u00d3POLES @vinicius.foto"},{"@type":"BreadcrumbList","@id":"https:\/\/jornalboasnoticias.com.br\/home\/depoimentos-da-pf-podem-definir-se-caso-master-fica-no-stf\/#breadcrumb","itemListElement":[{"@type":"ListItem","position":1,"name":"In\u00edcio","item":"https:\/\/jornalboasnoticias.com.br\/home\/"},{"@type":"ListItem","position":2,"name":"Depoimentos da PF podem definir se Caso Master fica no STF"}]},{"@type":"WebSite","@id":"https:\/\/jornalboasnoticias.com.br\/home\/#website","url":"https:\/\/jornalboasnoticias.com.br\/home\/","name":"Jornal Boas Not\u00edcias","description":"Boas not\u00edcias","publisher":{"@id":"https:\/\/jornalboasnoticias.com.br\/home\/#organization"},"potentialAction":[{"@type":"SearchAction","target":{"@type":"EntryPoint","urlTemplate":"https:\/\/jornalboasnoticias.com.br\/home\/?s={search_term_string}"},"query-input":{"@type":"PropertyValueSpecification","valueRequired":true,"valueName":"search_term_string"}}],"inLanguage":"pt-BR"},{"@type":"Organization","@id":"https:\/\/jornalboasnoticias.com.br\/home\/#organization","name":"Coq Editora Ltda","alternateName":"Jornal Boas Noticias","url":"https:\/\/jornalboasnoticias.com.br\/home\/","logo":{"@type":"ImageObject","inLanguage":"pt-BR","@id":"https:\/\/jornalboasnoticias.com.br\/home\/#\/schema\/logo\/image\/","url":"https:\/\/jornalboasnoticias.com.br\/home\/wp-content\/uploads\/2024\/07\/cropped-logo.jpg","contentUrl":"https:\/\/jornalboasnoticias.com.br\/home\/wp-content\/uploads\/2024\/07\/cropped-logo.jpg","width":290,"height":142,"caption":"Coq Editora Ltda"},"image":{"@id":"https:\/\/jornalboasnoticias.com.br\/home\/#\/schema\/logo\/image\/"},"sameAs":["https:\/\/www.facebook.com\/boasnoticiasjornal"]},{"@type":"Person","@id":"https:\/\/jornalboasnoticias.com.br\/home\/#\/schema\/person\/d641193e0afc6405b390164dac847971","name":"Ana Luiza Bonatto","image":{"@type":"ImageObject","inLanguage":"pt-BR","@id":"https:\/\/secure.gravatar.com\/avatar\/8a055ebe6373371f67ac6fcf313c0ac0b0a91157fdcdb9514fa62927373348f0?s=96&d=mm&r=g","url":"https:\/\/secure.gravatar.com\/avatar\/8a055ebe6373371f67ac6fcf313c0ac0b0a91157fdcdb9514fa62927373348f0?s=96&d=mm&r=g","contentUrl":"https:\/\/secure.gravatar.com\/avatar\/8a055ebe6373371f67ac6fcf313c0ac0b0a91157fdcdb9514fa62927373348f0?s=96&d=mm&r=g","caption":"Ana Luiza Bonatto"},"url":"https:\/\/jornalboasnoticias.com.br\/home\/author\/ana-luiza\/"}]}},"_links":{"self":[{"href":"https:\/\/jornalboasnoticias.com.br\/home\/wp-json\/wp\/v2\/posts\/47260","targetHints":{"allow":["GET"]}}],"collection":[{"href":"https:\/\/jornalboasnoticias.com.br\/home\/wp-json\/wp\/v2\/posts"}],"about":[{"href":"https:\/\/jornalboasnoticias.com.br\/home\/wp-json\/wp\/v2\/types\/post"}],"author":[{"embeddable":true,"href":"https:\/\/jornalboasnoticias.com.br\/home\/wp-json\/wp\/v2\/users\/4"}],"replies":[{"embeddable":true,"href":"https:\/\/jornalboasnoticias.com.br\/home\/wp-json\/wp\/v2\/comments?post=47260"}],"version-history":[{"count":1,"href":"https:\/\/jornalboasnoticias.com.br\/home\/wp-json\/wp\/v2\/posts\/47260\/revisions"}],"predecessor-version":[{"id":47262,"href":"https:\/\/jornalboasnoticias.com.br\/home\/wp-json\/wp\/v2\/posts\/47260\/revisions\/47262"}],"wp:featuredmedia":[{"embeddable":true,"href":"https:\/\/jornalboasnoticias.com.br\/home\/wp-json\/wp\/v2\/media\/47261"}],"wp:attachment":[{"href":"https:\/\/jornalboasnoticias.com.br\/home\/wp-json\/wp\/v2\/media?parent=47260"}],"wp:term":[{"taxonomy":"category","embeddable":true,"href":"https:\/\/jornalboasnoticias.com.br\/home\/wp-json\/wp\/v2\/categories?post=47260"},{"taxonomy":"post_tag","embeddable":true,"href":"https:\/\/jornalboasnoticias.com.br\/home\/wp-json\/wp\/v2\/tags?post=47260"}],"curies":[{"name":"wp","href":"https:\/\/api.w.org\/{rel}","templated":true}]}}