{"id":47252,"date":"2026-01-23T13:54:30","date_gmt":"2026-01-23T13:54:30","guid":{"rendered":"https:\/\/jornalboasnoticias.com.br\/home\/?p=47252"},"modified":"2026-01-23T13:54:30","modified_gmt":"2026-01-23T13:54:30","slug":"agencias-do-inss-abrem-para-atendimento-extra-neste-sabado-e-domingo","status":"publish","type":"post","link":"https:\/\/jornalboasnoticias.com.br\/home\/agencias-do-inss-abrem-para-atendimento-extra-neste-sabado-e-domingo\/","title":{"rendered":"Ag\u00eancias do INSS abrem para atendimento extra neste s\u00e1bado e domingo"},"content":{"rendered":"<div class=\"header-noticia full-width\">\n<div>\n<figure id=\"attachment_22267\" aria-describedby=\"caption-attachment-22267\" style=\"width: 600px\" class=\"wp-caption alignnone\"><img loading=\"lazy\" decoding=\"async\" class=\"size-full wp-image-22267\" src=\"https:\/\/jornalboasnoticias.com.br\/home\/wp-content\/uploads\/2022\/05\/previdencia-social-e1651580495726.jpg\" alt=\"\" width=\"600\" height=\"359\" srcset=\"https:\/\/jornalboasnoticias.com.br\/home\/wp-content\/uploads\/2022\/05\/previdencia-social-e1651580495726.jpg 600w, https:\/\/jornalboasnoticias.com.br\/home\/wp-content\/uploads\/2022\/05\/previdencia-social-e1651580495726-300x180.jpg 300w\" sizes=\"auto, (max-width: 600px) 100vw, 600px\" \/><figcaption id=\"caption-attachment-22267\" class=\"wp-caption-text\">\u00a9 Marcello Casal JrAg\u00eancia Brasil<\/figcaption><\/figure>\n<\/div>\n<\/div>\n<blockquote>\n<div class=\"header-noticia full-width\">\n<div class=\"linha-fina-noticia\">Ag\u00eancias n\u00e3o abrir\u00e3o do dia 28 ao dia 31 de janeiro<\/div>\n<\/div>\n<\/blockquote>\n<div>\n<p>As ag\u00eancias do Instituto Nacional do Seguro Social (INSS) em todo o pa\u00eds abrir\u00e3o para atendimento presencial extra neste s\u00e1bado (24) e domingo (25).\u00a0<strong>O objetivo \u00e9 antecipar agendamentos e compensar a suspens\u00e3o dos servi\u00e7os presenciais dos dias 28, 29 e 30 de janeiro.<\/strong><img decoding=\"async\" src=\"https:\/\/agenciabrasil.ebc.com.br\/ebc.png?id=1675701&amp;o=node\" \/><img decoding=\"async\" src=\"https:\/\/agenciabrasil.ebc.com.br\/ebc.gif?id=1675701&amp;o=node\" \/><\/p>\n<p>O INSS informou que, nos casos em que o benefici\u00e1rio preferir atendimento em um dia \u00fatil, ser\u00e1 providenciado o reencaixe.<\/p>\n<p><strong>Os canais remotos de atendimento como o\u00a0<a href=\"http:\/\/https\/\/meu.inss.gov.br\/#\/login\" target=\"_blank\" rel=\"noopener\">Meu INSS<\/a>, por site e aplicativo, e a central telef\u00f4nica 135, funcionar\u00e3o normalmente at\u00e9 o dia 27, com mais de 100 servi\u00e7os dispon\u00edveis.<\/strong><\/p>\n<h2>Manuten\u00e7\u00e3o<\/h2>\n<p>Na pr\u00f3xima quarta-feira (28), quinta-feira (29) e sexta-feira (30) as ag\u00eancias do INSS em todo o pa\u00eds estar\u00e3o fechadas para atendimento presencial em raz\u00e3o de melhorias programadas nos sistemas previdenci\u00e1rios da Dataprev, empresa respons\u00e1vel pela tecnologia da informa\u00e7\u00e3o da Previd\u00eancia Social.<\/p>\n<p><strong>Os canais remotos de atendimento Meu INSS (site e aplicativo) e a central telef\u00f4nica 135 tamb\u00e9m ficar\u00e3o indispon\u00edveis a partir das 19h do dia 27 at\u00e9 o dia 31.<\/strong><\/p>\n<p>A medida, segundo o INSS, \u00e9 necess\u00e1ria para a moderniza\u00e7\u00e3o dos sistemas, para assegurar maior estabilidade, seguran\u00e7a e efici\u00eancia dos servi\u00e7os.<\/p>\n<\/div>\n","protected":false},"excerpt":{"rendered":"<p>Ag\u00eancias n\u00e3o abrir\u00e3o do dia 28 ao dia 31 de janeiro As ag\u00eancias do Instituto<\/p>\n","protected":false},"author":4,"featured_media":22267,"comment_status":"open","ping_status":"open","sticky":false,"template":"","format":"standard","meta":{"footnotes":""},"categories":[6,3],"tags":[],"class_list":["post-47252","post","type-post","status-publish","format-standard","has-post-thumbnail","hentry","category-brasil","category-destaques"],"yoast_head":"<!-- This site is optimized with the Yoast SEO plugin v27.5 - https:\/\/yoast.com\/product\/yoast-seo-wordpress\/ -->\n<title>Ag\u00eancias do INSS abrem para atendimento extra neste s\u00e1bado e domingo - Jornal<\/title>\n<meta name=\"description\" content=\"Ag\u00eancias do INSS abrem para atendimento extra neste s\u00e1bado e domingo\" \/>\n<meta name=\"robots\" content=\"index, follow, max-snippet:-1, max-image-preview:large, max-video-preview:-1\" \/>\n<link rel=\"canonical\" href=\"https:\/\/jornalboasnoticias.com.br\/home\/agencias-do-inss-abrem-para-atendimento-extra-neste-sabado-e-domingo\/\" \/>\n<meta property=\"og:locale\" content=\"pt_BR\" \/>\n<meta property=\"og:type\" content=\"article\" \/>\n<meta property=\"og:title\" content=\"Ag\u00eancias do INSS abrem para atendimento extra neste s\u00e1bado e domingo - Jornal\" \/>\n<meta property=\"og:description\" content=\"Ag\u00eancias do INSS abrem para atendimento extra neste s\u00e1bado e domingo\" \/>\n<meta property=\"og:url\" content=\"https:\/\/jornalboasnoticias.com.br\/home\/agencias-do-inss-abrem-para-atendimento-extra-neste-sabado-e-domingo\/\" \/>\n<meta property=\"og:site_name\" content=\"Jornal\" \/>\n<meta property=\"article:publisher\" content=\"https:\/\/www.facebook.com\/boasnoticiasjornal\" \/>\n<meta property=\"article:published_time\" content=\"2026-01-23T13:54:30+00:00\" \/>\n<meta property=\"og:image\" content=\"https:\/\/jornalboasnoticias.com.br\/home\/wp-content\/uploads\/2022\/05\/previdencia-social-e1651580495726.jpg\" \/>\n\t<meta property=\"og:image:width\" content=\"600\" \/>\n\t<meta property=\"og:image:height\" content=\"359\" \/>\n\t<meta property=\"og:image:type\" content=\"image\/jpeg\" \/>\n<meta name=\"author\" content=\"Ana Luiza Bonatto\" \/>\n<meta name=\"twitter:card\" content=\"summary_large_image\" \/>\n<meta name=\"twitter:label1\" content=\"Escrito por\" \/>\n\t<meta name=\"twitter:data1\" content=\"Ana Luiza Bonatto\" \/>\n\t<meta name=\"twitter:label2\" content=\"Est. tempo de leitura\" \/>\n\t<meta name=\"twitter:data2\" content=\"2 minutos\" \/>\n<script type=\"application\/ld+json\" class=\"yoast-schema-graph\">{\"@context\":\"https:\\\/\\\/schema.org\",\"@graph\":[{\"@type\":\"Article\",\"@id\":\"https:\\\/\\\/jornalboasnoticias.com.br\\\/home\\\/agencias-do-inss-abrem-para-atendimento-extra-neste-sabado-e-domingo\\\/#article\",\"isPartOf\":{\"@id\":\"https:\\\/\\\/jornalboasnoticias.com.br\\\/home\\\/agencias-do-inss-abrem-para-atendimento-extra-neste-sabado-e-domingo\\\/\"},\"author\":{\"name\":\"Ana Luiza Bonatto\",\"@id\":\"https:\\\/\\\/jornalboasnoticias.com.br\\\/home\\\/#\\\/schema\\\/person\\\/d641193e0afc6405b390164dac847971\"},\"headline\":\"Ag\u00eancias do INSS abrem para atendimento extra neste s\u00e1bado e domingo\",\"datePublished\":\"2026-01-23T13:54:30+00:00\",\"mainEntityOfPage\":{\"@id\":\"https:\\\/\\\/jornalboasnoticias.com.br\\\/home\\\/agencias-do-inss-abrem-para-atendimento-extra-neste-sabado-e-domingo\\\/\"},\"wordCount\":237,\"commentCount\":0,\"publisher\":{\"@id\":\"https:\\\/\\\/jornalboasnoticias.com.br\\\/home\\\/#organization\"},\"image\":{\"@id\":\"https:\\\/\\\/jornalboasnoticias.com.br\\\/home\\\/agencias-do-inss-abrem-para-atendimento-extra-neste-sabado-e-domingo\\\/#primaryimage\"},\"thumbnailUrl\":\"https:\\\/\\\/jornalboasnoticias.com.br\\\/home\\\/wp-content\\\/uploads\\\/2022\\\/05\\\/previdencia-social-e1651580495726.jpg\",\"articleSection\":[\"BRASIL\",\"DESTAQUE\"],\"inLanguage\":\"pt-BR\",\"potentialAction\":[{\"@type\":\"CommentAction\",\"name\":\"Comment\",\"target\":[\"https:\\\/\\\/jornalboasnoticias.com.br\\\/home\\\/agencias-do-inss-abrem-para-atendimento-extra-neste-sabado-e-domingo\\\/#respond\"]}]},{\"@type\":\"WebPage\",\"@id\":\"https:\\\/\\\/jornalboasnoticias.com.br\\\/home\\\/agencias-do-inss-abrem-para-atendimento-extra-neste-sabado-e-domingo\\\/\",\"url\":\"https:\\\/\\\/jornalboasnoticias.com.br\\\/home\\\/agencias-do-inss-abrem-para-atendimento-extra-neste-sabado-e-domingo\\\/\",\"name\":\"Ag\u00eancias do INSS abrem para atendimento extra neste s\u00e1bado e domingo - Jornal\",\"isPartOf\":{\"@id\":\"https:\\\/\\\/jornalboasnoticias.com.br\\\/home\\\/#website\"},\"primaryImageOfPage\":{\"@id\":\"https:\\\/\\\/jornalboasnoticias.com.br\\\/home\\\/agencias-do-inss-abrem-para-atendimento-extra-neste-sabado-e-domingo\\\/#primaryimage\"},\"image\":{\"@id\":\"https:\\\/\\\/jornalboasnoticias.com.br\\\/home\\\/agencias-do-inss-abrem-para-atendimento-extra-neste-sabado-e-domingo\\\/#primaryimage\"},\"thumbnailUrl\":\"https:\\\/\\\/jornalboasnoticias.com.br\\\/home\\\/wp-content\\\/uploads\\\/2022\\\/05\\\/previdencia-social-e1651580495726.jpg\",\"datePublished\":\"2026-01-23T13:54:30+00:00\",\"description\":\"Ag\u00eancias do INSS abrem para atendimento extra neste s\u00e1bado e domingo\",\"breadcrumb\":{\"@id\":\"https:\\\/\\\/jornalboasnoticias.com.br\\\/home\\\/agencias-do-inss-abrem-para-atendimento-extra-neste-sabado-e-domingo\\\/#breadcrumb\"},\"inLanguage\":\"pt-BR\",\"potentialAction\":[{\"@type\":\"ReadAction\",\"target\":[\"https:\\\/\\\/jornalboasnoticias.com.br\\\/home\\\/agencias-do-inss-abrem-para-atendimento-extra-neste-sabado-e-domingo\\\/\"]}]},{\"@type\":\"ImageObject\",\"inLanguage\":\"pt-BR\",\"@id\":\"https:\\\/\\\/jornalboasnoticias.com.br\\\/home\\\/agencias-do-inss-abrem-para-atendimento-extra-neste-sabado-e-domingo\\\/#primaryimage\",\"url\":\"https:\\\/\\\/jornalboasnoticias.com.br\\\/home\\\/wp-content\\\/uploads\\\/2022\\\/05\\\/previdencia-social-e1651580495726.jpg\",\"contentUrl\":\"https:\\\/\\\/jornalboasnoticias.com.br\\\/home\\\/wp-content\\\/uploads\\\/2022\\\/05\\\/previdencia-social-e1651580495726.jpg\",\"width\":600,\"height\":359,\"caption\":\"\u00a9 Marcello Casal JrAg\u00eancia Brasil\"},{\"@type\":\"BreadcrumbList\",\"@id\":\"https:\\\/\\\/jornalboasnoticias.com.br\\\/home\\\/agencias-do-inss-abrem-para-atendimento-extra-neste-sabado-e-domingo\\\/#breadcrumb\",\"itemListElement\":[{\"@type\":\"ListItem\",\"position\":1,\"name\":\"In\u00edcio\",\"item\":\"https:\\\/\\\/jornalboasnoticias.com.br\\\/home\\\/\"},{\"@type\":\"ListItem\",\"position\":2,\"name\":\"Ag\u00eancias do INSS abrem para atendimento extra neste s\u00e1bado e domingo\"}]},{\"@type\":\"WebSite\",\"@id\":\"https:\\\/\\\/jornalboasnoticias.com.br\\\/home\\\/#website\",\"url\":\"https:\\\/\\\/jornalboasnoticias.com.br\\\/home\\\/\",\"name\":\"Jornal Boas Not\u00edcias\",\"description\":\"Boas not\u00edcias\",\"publisher\":{\"@id\":\"https:\\\/\\\/jornalboasnoticias.com.br\\\/home\\\/#organization\"},\"potentialAction\":[{\"@type\":\"SearchAction\",\"target\":{\"@type\":\"EntryPoint\",\"urlTemplate\":\"https:\\\/\\\/jornalboasnoticias.com.br\\\/home\\\/?s={search_term_string}\"},\"query-input\":{\"@type\":\"PropertyValueSpecification\",\"valueRequired\":true,\"valueName\":\"search_term_string\"}}],\"inLanguage\":\"pt-BR\"},{\"@type\":\"Organization\",\"@id\":\"https:\\\/\\\/jornalboasnoticias.com.br\\\/home\\\/#organization\",\"name\":\"Coq Editora Ltda\",\"alternateName\":\"Jornal Boas Noticias\",\"url\":\"https:\\\/\\\/jornalboasnoticias.com.br\\\/home\\\/\",\"logo\":{\"@type\":\"ImageObject\",\"inLanguage\":\"pt-BR\",\"@id\":\"https:\\\/\\\/jornalboasnoticias.com.br\\\/home\\\/#\\\/schema\\\/logo\\\/image\\\/\",\"url\":\"https:\\\/\\\/jornalboasnoticias.com.br\\\/home\\\/wp-content\\\/uploads\\\/2024\\\/07\\\/cropped-logo.jpg\",\"contentUrl\":\"https:\\\/\\\/jornalboasnoticias.com.br\\\/home\\\/wp-content\\\/uploads\\\/2024\\\/07\\\/cropped-logo.jpg\",\"width\":290,\"height\":142,\"caption\":\"Coq Editora Ltda\"},\"image\":{\"@id\":\"https:\\\/\\\/jornalboasnoticias.com.br\\\/home\\\/#\\\/schema\\\/logo\\\/image\\\/\"},\"sameAs\":[\"https:\\\/\\\/www.facebook.com\\\/boasnoticiasjornal\"]},{\"@type\":\"Person\",\"@id\":\"https:\\\/\\\/jornalboasnoticias.com.br\\\/home\\\/#\\\/schema\\\/person\\\/d641193e0afc6405b390164dac847971\",\"name\":\"Ana Luiza Bonatto\",\"image\":{\"@type\":\"ImageObject\",\"inLanguage\":\"pt-BR\",\"@id\":\"https:\\\/\\\/secure.gravatar.com\\\/avatar\\\/8a055ebe6373371f67ac6fcf313c0ac0b0a91157fdcdb9514fa62927373348f0?s=96&d=mm&r=g\",\"url\":\"https:\\\/\\\/secure.gravatar.com\\\/avatar\\\/8a055ebe6373371f67ac6fcf313c0ac0b0a91157fdcdb9514fa62927373348f0?s=96&d=mm&r=g\",\"contentUrl\":\"https:\\\/\\\/secure.gravatar.com\\\/avatar\\\/8a055ebe6373371f67ac6fcf313c0ac0b0a91157fdcdb9514fa62927373348f0?s=96&d=mm&r=g\",\"caption\":\"Ana Luiza Bonatto\"},\"url\":\"https:\\\/\\\/jornalboasnoticias.com.br\\\/home\\\/author\\\/ana-luiza\\\/\"}]}<\/script>\n<!-- \/ Yoast SEO plugin. -->","yoast_head_json":{"title":"Ag\u00eancias do INSS abrem para atendimento extra neste s\u00e1bado e domingo - Jornal","description":"Ag\u00eancias do INSS abrem para atendimento extra neste s\u00e1bado e domingo","robots":{"index":"index","follow":"follow","max-snippet":"max-snippet:-1","max-image-preview":"max-image-preview:large","max-video-preview":"max-video-preview:-1"},"canonical":"https:\/\/jornalboasnoticias.com.br\/home\/agencias-do-inss-abrem-para-atendimento-extra-neste-sabado-e-domingo\/","og_locale":"pt_BR","og_type":"article","og_title":"Ag\u00eancias do INSS abrem para atendimento extra neste s\u00e1bado e domingo - Jornal","og_description":"Ag\u00eancias do INSS abrem para atendimento extra neste s\u00e1bado e domingo","og_url":"https:\/\/jornalboasnoticias.com.br\/home\/agencias-do-inss-abrem-para-atendimento-extra-neste-sabado-e-domingo\/","og_site_name":"Jornal","article_publisher":"https:\/\/www.facebook.com\/boasnoticiasjornal","article_published_time":"2026-01-23T13:54:30+00:00","og_image":[{"width":600,"height":359,"url":"https:\/\/jornalboasnoticias.com.br\/home\/wp-content\/uploads\/2022\/05\/previdencia-social-e1651580495726.jpg","type":"image\/jpeg"}],"author":"Ana Luiza Bonatto","twitter_card":"summary_large_image","twitter_misc":{"Escrito por":"Ana Luiza Bonatto","Est. tempo de leitura":"2 minutos"},"schema":{"@context":"https:\/\/schema.org","@graph":[{"@type":"Article","@id":"https:\/\/jornalboasnoticias.com.br\/home\/agencias-do-inss-abrem-para-atendimento-extra-neste-sabado-e-domingo\/#article","isPartOf":{"@id":"https:\/\/jornalboasnoticias.com.br\/home\/agencias-do-inss-abrem-para-atendimento-extra-neste-sabado-e-domingo\/"},"author":{"name":"Ana Luiza Bonatto","@id":"https:\/\/jornalboasnoticias.com.br\/home\/#\/schema\/person\/d641193e0afc6405b390164dac847971"},"headline":"Ag\u00eancias do INSS abrem para atendimento extra neste s\u00e1bado e domingo","datePublished":"2026-01-23T13:54:30+00:00","mainEntityOfPage":{"@id":"https:\/\/jornalboasnoticias.com.br\/home\/agencias-do-inss-abrem-para-atendimento-extra-neste-sabado-e-domingo\/"},"wordCount":237,"commentCount":0,"publisher":{"@id":"https:\/\/jornalboasnoticias.com.br\/home\/#organization"},"image":{"@id":"https:\/\/jornalboasnoticias.com.br\/home\/agencias-do-inss-abrem-para-atendimento-extra-neste-sabado-e-domingo\/#primaryimage"},"thumbnailUrl":"https:\/\/jornalboasnoticias.com.br\/home\/wp-content\/uploads\/2022\/05\/previdencia-social-e1651580495726.jpg","articleSection":["BRASIL","DESTAQUE"],"inLanguage":"pt-BR","potentialAction":[{"@type":"CommentAction","name":"Comment","target":["https:\/\/jornalboasnoticias.com.br\/home\/agencias-do-inss-abrem-para-atendimento-extra-neste-sabado-e-domingo\/#respond"]}]},{"@type":"WebPage","@id":"https:\/\/jornalboasnoticias.com.br\/home\/agencias-do-inss-abrem-para-atendimento-extra-neste-sabado-e-domingo\/","url":"https:\/\/jornalboasnoticias.com.br\/home\/agencias-do-inss-abrem-para-atendimento-extra-neste-sabado-e-domingo\/","name":"Ag\u00eancias do INSS abrem para atendimento extra neste s\u00e1bado e domingo - Jornal","isPartOf":{"@id":"https:\/\/jornalboasnoticias.com.br\/home\/#website"},"primaryImageOfPage":{"@id":"https:\/\/jornalboasnoticias.com.br\/home\/agencias-do-inss-abrem-para-atendimento-extra-neste-sabado-e-domingo\/#primaryimage"},"image":{"@id":"https:\/\/jornalboasnoticias.com.br\/home\/agencias-do-inss-abrem-para-atendimento-extra-neste-sabado-e-domingo\/#primaryimage"},"thumbnailUrl":"https:\/\/jornalboasnoticias.com.br\/home\/wp-content\/uploads\/2022\/05\/previdencia-social-e1651580495726.jpg","datePublished":"2026-01-23T13:54:30+00:00","description":"Ag\u00eancias do INSS abrem para atendimento extra neste s\u00e1bado e domingo","breadcrumb":{"@id":"https:\/\/jornalboasnoticias.com.br\/home\/agencias-do-inss-abrem-para-atendimento-extra-neste-sabado-e-domingo\/#breadcrumb"},"inLanguage":"pt-BR","potentialAction":[{"@type":"ReadAction","target":["https:\/\/jornalboasnoticias.com.br\/home\/agencias-do-inss-abrem-para-atendimento-extra-neste-sabado-e-domingo\/"]}]},{"@type":"ImageObject","inLanguage":"pt-BR","@id":"https:\/\/jornalboasnoticias.com.br\/home\/agencias-do-inss-abrem-para-atendimento-extra-neste-sabado-e-domingo\/#primaryimage","url":"https:\/\/jornalboasnoticias.com.br\/home\/wp-content\/uploads\/2022\/05\/previdencia-social-e1651580495726.jpg","contentUrl":"https:\/\/jornalboasnoticias.com.br\/home\/wp-content\/uploads\/2022\/05\/previdencia-social-e1651580495726.jpg","width":600,"height":359,"caption":"\u00a9 Marcello Casal JrAg\u00eancia Brasil"},{"@type":"BreadcrumbList","@id":"https:\/\/jornalboasnoticias.com.br\/home\/agencias-do-inss-abrem-para-atendimento-extra-neste-sabado-e-domingo\/#breadcrumb","itemListElement":[{"@type":"ListItem","position":1,"name":"In\u00edcio","item":"https:\/\/jornalboasnoticias.com.br\/home\/"},{"@type":"ListItem","position":2,"name":"Ag\u00eancias do INSS abrem para atendimento extra neste s\u00e1bado e domingo"}]},{"@type":"WebSite","@id":"https:\/\/jornalboasnoticias.com.br\/home\/#website","url":"https:\/\/jornalboasnoticias.com.br\/home\/","name":"Jornal Boas Not\u00edcias","description":"Boas not\u00edcias","publisher":{"@id":"https:\/\/jornalboasnoticias.com.br\/home\/#organization"},"potentialAction":[{"@type":"SearchAction","target":{"@type":"EntryPoint","urlTemplate":"https:\/\/jornalboasnoticias.com.br\/home\/?s={search_term_string}"},"query-input":{"@type":"PropertyValueSpecification","valueRequired":true,"valueName":"search_term_string"}}],"inLanguage":"pt-BR"},{"@type":"Organization","@id":"https:\/\/jornalboasnoticias.com.br\/home\/#organization","name":"Coq Editora Ltda","alternateName":"Jornal Boas Noticias","url":"https:\/\/jornalboasnoticias.com.br\/home\/","logo":{"@type":"ImageObject","inLanguage":"pt-BR","@id":"https:\/\/jornalboasnoticias.com.br\/home\/#\/schema\/logo\/image\/","url":"https:\/\/jornalboasnoticias.com.br\/home\/wp-content\/uploads\/2024\/07\/cropped-logo.jpg","contentUrl":"https:\/\/jornalboasnoticias.com.br\/home\/wp-content\/uploads\/2024\/07\/cropped-logo.jpg","width":290,"height":142,"caption":"Coq Editora Ltda"},"image":{"@id":"https:\/\/jornalboasnoticias.com.br\/home\/#\/schema\/logo\/image\/"},"sameAs":["https:\/\/www.facebook.com\/boasnoticiasjornal"]},{"@type":"Person","@id":"https:\/\/jornalboasnoticias.com.br\/home\/#\/schema\/person\/d641193e0afc6405b390164dac847971","name":"Ana Luiza Bonatto","image":{"@type":"ImageObject","inLanguage":"pt-BR","@id":"https:\/\/secure.gravatar.com\/avatar\/8a055ebe6373371f67ac6fcf313c0ac0b0a91157fdcdb9514fa62927373348f0?s=96&d=mm&r=g","url":"https:\/\/secure.gravatar.com\/avatar\/8a055ebe6373371f67ac6fcf313c0ac0b0a91157fdcdb9514fa62927373348f0?s=96&d=mm&r=g","contentUrl":"https:\/\/secure.gravatar.com\/avatar\/8a055ebe6373371f67ac6fcf313c0ac0b0a91157fdcdb9514fa62927373348f0?s=96&d=mm&r=g","caption":"Ana Luiza Bonatto"},"url":"https:\/\/jornalboasnoticias.com.br\/home\/author\/ana-luiza\/"}]}},"_links":{"self":[{"href":"https:\/\/jornalboasnoticias.com.br\/home\/wp-json\/wp\/v2\/posts\/47252","targetHints":{"allow":["GET"]}}],"collection":[{"href":"https:\/\/jornalboasnoticias.com.br\/home\/wp-json\/wp\/v2\/posts"}],"about":[{"href":"https:\/\/jornalboasnoticias.com.br\/home\/wp-json\/wp\/v2\/types\/post"}],"author":[{"embeddable":true,"href":"https:\/\/jornalboasnoticias.com.br\/home\/wp-json\/wp\/v2\/users\/4"}],"replies":[{"embeddable":true,"href":"https:\/\/jornalboasnoticias.com.br\/home\/wp-json\/wp\/v2\/comments?post=47252"}],"version-history":[{"count":1,"href":"https:\/\/jornalboasnoticias.com.br\/home\/wp-json\/wp\/v2\/posts\/47252\/revisions"}],"predecessor-version":[{"id":47253,"href":"https:\/\/jornalboasnoticias.com.br\/home\/wp-json\/wp\/v2\/posts\/47252\/revisions\/47253"}],"wp:featuredmedia":[{"embeddable":true,"href":"https:\/\/jornalboasnoticias.com.br\/home\/wp-json\/wp\/v2\/media\/22267"}],"wp:attachment":[{"href":"https:\/\/jornalboasnoticias.com.br\/home\/wp-json\/wp\/v2\/media?parent=47252"}],"wp:term":[{"taxonomy":"category","embeddable":true,"href":"https:\/\/jornalboasnoticias.com.br\/home\/wp-json\/wp\/v2\/categories?post=47252"},{"taxonomy":"post_tag","embeddable":true,"href":"https:\/\/jornalboasnoticias.com.br\/home\/wp-json\/wp\/v2\/tags?post=47252"}],"curies":[{"name":"wp","href":"https:\/\/api.w.org\/{rel}","templated":true}]}}