{"id":47226,"date":"2026-01-21T13:42:27","date_gmt":"2026-01-21T13:42:27","guid":{"rendered":"https:\/\/jornalboasnoticias.com.br\/home\/?p=47226"},"modified":"2026-01-21T13:42:27","modified_gmt":"2026-01-21T13:42:27","slug":"pane-eletrica-obriga-air-force-one-a-retornar-e-atrasa-viagem-de-trump-a-davos","status":"publish","type":"post","link":"https:\/\/jornalboasnoticias.com.br\/home\/pane-eletrica-obriga-air-force-one-a-retornar-e-atrasa-viagem-de-trump-a-davos\/","title":{"rendered":"Pane el\u00e9trica obriga Air Force One a retornar e atrasa viagem de Trump a Davos"},"content":{"rendered":"<figure id=\"attachment_47227\" aria-describedby=\"caption-attachment-47227\" style=\"width: 900px\" class=\"wp-caption alignnone\"><img loading=\"lazy\" decoding=\"async\" class=\"size-full wp-image-47227\" src=\"https:\/\/jornalboasnoticias.com.br\/home\/wp-content\/uploads\/2026\/01\/d7e2530d-air-force-one.webp\" alt=\"\" width=\"900\" height=\"593\" srcset=\"https:\/\/jornalboasnoticias.com.br\/home\/wp-content\/uploads\/2026\/01\/d7e2530d-air-force-one.webp 900w, https:\/\/jornalboasnoticias.com.br\/home\/wp-content\/uploads\/2026\/01\/d7e2530d-air-force-one-300x198.webp 300w, https:\/\/jornalboasnoticias.com.br\/home\/wp-content\/uploads\/2026\/01\/d7e2530d-air-force-one-768x506.webp 768w\" sizes=\"auto, (max-width: 900px) 100vw, 900px\" \/><figcaption id=\"caption-attachment-47227\" class=\"wp-caption-text\">MGN Online \/ US Air Force<\/figcaption><\/figure>\n<blockquote>\n<p data-start=\"84\" data-end=\"236\"><strong data-start=\"84\" data-end=\"236\">Falha foi considerada \u201cmenor\u201d pela Casa Branca. Presidente seguiu para a Su\u00ed\u00e7a em aeronave reserva, e agenda no F\u00f3rum Econ\u00f4mico Mundial teve atraso.<\/strong><\/p>\n<\/blockquote>\n<p data-start=\"238\" data-end=\"569\">O avi\u00e3o presidencial dos Estados Unidos, o Air Force One, precisou retornar \u00e0 base ap\u00f3s um problema el\u00e9trico identificado pouco depois da decolagem, com o presidente Donald Trump a bordo. A Casa Branca informou que a decis\u00e3o de voltar ocorreu por precau\u00e7\u00e3o, ap\u00f3s a tripula\u00e7\u00e3o perceber a falha.<\/p>\n<p data-start=\"571\" data-end=\"962\">Segundo relatos de imprensa americana, houve um breve apag\u00e3o de luzes na cabine destinada aos jornalistas, e a aeronave voltou para a regi\u00e3o de Washington ainda no in\u00edcio do trajeto rumo \u00e0 Su\u00ed\u00e7a. Trump e a comitiva foram ent\u00e3o transferidos para um avi\u00e3o reserva, um Air Force C-32, e seguiram viagem para participar do F\u00f3rum Econ\u00f4mico Mundial, em Davos.<\/p>\n<p data-start=\"964\" data-end=\"1234\">A Casa Branca informou que o imprevisto causaria atraso de algumas horas na chegada do presidente aos compromissos do evento. O discurso de Trump em Davos estava previsto para a manh\u00e3 desta quarta-feira (21), no hor\u00e1rio de Bras\u00edlia.<\/p>\n<p data-start=\"1236\" data-end=\"1448\">O epis\u00f3dio tamb\u00e9m reacende o debate sobre a idade da frota do Air Force One, cujas aeronaves est\u00e3o em servi\u00e7o h\u00e1 d\u00e9cadas, enquanto o projeto de substitui\u00e7\u00e3o enfrenta atrasos.<\/p>\n","protected":false},"excerpt":{"rendered":"<p>Falha foi considerada \u201cmenor\u201d pela Casa Branca. Presidente seguiu para a Su\u00ed\u00e7a em aeronave reserva,<\/p>\n","protected":false},"author":4,"featured_media":47227,"comment_status":"open","ping_status":"open","sticky":false,"template":"","format":"standard","meta":{"footnotes":""},"categories":[3,9],"tags":[],"class_list":["post-47226","post","type-post","status-publish","format-standard","has-post-thumbnail","hentry","category-destaques","category-internacional"],"yoast_head":"<!-- This site is optimized with the Yoast SEO plugin v27.5 - https:\/\/yoast.com\/product\/yoast-seo-wordpress\/ -->\n<title>Pane el\u00e9trica obriga Air Force One a retornar e atrasa viagem de Trump a Davos - Jornal<\/title>\n<meta name=\"description\" content=\"Pane el\u00e9trica obriga Air Force One a retornar e atrasa viagem de Trump a Davos\" \/>\n<meta name=\"robots\" content=\"index, follow, max-snippet:-1, max-image-preview:large, max-video-preview:-1\" \/>\n<link rel=\"canonical\" href=\"https:\/\/jornalboasnoticias.com.br\/home\/pane-eletrica-obriga-air-force-one-a-retornar-e-atrasa-viagem-de-trump-a-davos\/\" \/>\n<meta property=\"og:locale\" content=\"pt_BR\" \/>\n<meta property=\"og:type\" content=\"article\" \/>\n<meta property=\"og:title\" content=\"Pane el\u00e9trica obriga Air Force One a retornar e atrasa viagem de Trump a Davos - Jornal\" \/>\n<meta property=\"og:description\" content=\"Pane el\u00e9trica obriga Air Force One a retornar e atrasa viagem de Trump a Davos\" \/>\n<meta property=\"og:url\" content=\"https:\/\/jornalboasnoticias.com.br\/home\/pane-eletrica-obriga-air-force-one-a-retornar-e-atrasa-viagem-de-trump-a-davos\/\" \/>\n<meta property=\"og:site_name\" content=\"Jornal\" \/>\n<meta property=\"article:publisher\" content=\"https:\/\/www.facebook.com\/boasnoticiasjornal\" \/>\n<meta property=\"article:published_time\" content=\"2026-01-21T13:42:27+00:00\" \/>\n<meta property=\"og:image\" content=\"https:\/\/jornalboasnoticias.com.br\/home\/wp-content\/uploads\/2026\/01\/d7e2530d-air-force-one.webp\" \/>\n\t<meta property=\"og:image:width\" content=\"900\" \/>\n\t<meta property=\"og:image:height\" content=\"593\" \/>\n\t<meta property=\"og:image:type\" content=\"image\/webp\" \/>\n<meta name=\"author\" content=\"Ana Luiza Bonatto\" \/>\n<meta name=\"twitter:card\" content=\"summary_large_image\" \/>\n<meta name=\"twitter:label1\" content=\"Escrito por\" \/>\n\t<meta name=\"twitter:data1\" content=\"Ana Luiza Bonatto\" \/>\n\t<meta name=\"twitter:label2\" content=\"Est. tempo de leitura\" \/>\n\t<meta name=\"twitter:data2\" content=\"2 minutos\" \/>\n<script type=\"application\/ld+json\" class=\"yoast-schema-graph\">{\"@context\":\"https:\\\/\\\/schema.org\",\"@graph\":[{\"@type\":\"Article\",\"@id\":\"https:\\\/\\\/jornalboasnoticias.com.br\\\/home\\\/pane-eletrica-obriga-air-force-one-a-retornar-e-atrasa-viagem-de-trump-a-davos\\\/#article\",\"isPartOf\":{\"@id\":\"https:\\\/\\\/jornalboasnoticias.com.br\\\/home\\\/pane-eletrica-obriga-air-force-one-a-retornar-e-atrasa-viagem-de-trump-a-davos\\\/\"},\"author\":{\"name\":\"Ana Luiza Bonatto\",\"@id\":\"https:\\\/\\\/jornalboasnoticias.com.br\\\/home\\\/#\\\/schema\\\/person\\\/d641193e0afc6405b390164dac847971\"},\"headline\":\"Pane el\u00e9trica obriga Air Force One a retornar e atrasa viagem de Trump a Davos\",\"datePublished\":\"2026-01-21T13:42:27+00:00\",\"mainEntityOfPage\":{\"@id\":\"https:\\\/\\\/jornalboasnoticias.com.br\\\/home\\\/pane-eletrica-obriga-air-force-one-a-retornar-e-atrasa-viagem-de-trump-a-davos\\\/\"},\"wordCount\":248,\"commentCount\":0,\"publisher\":{\"@id\":\"https:\\\/\\\/jornalboasnoticias.com.br\\\/home\\\/#organization\"},\"image\":{\"@id\":\"https:\\\/\\\/jornalboasnoticias.com.br\\\/home\\\/pane-eletrica-obriga-air-force-one-a-retornar-e-atrasa-viagem-de-trump-a-davos\\\/#primaryimage\"},\"thumbnailUrl\":\"https:\\\/\\\/jornalboasnoticias.com.br\\\/home\\\/wp-content\\\/uploads\\\/2026\\\/01\\\/d7e2530d-air-force-one.webp\",\"articleSection\":[\"DESTAQUE\",\"INTERNACIONAL\"],\"inLanguage\":\"pt-BR\",\"potentialAction\":[{\"@type\":\"CommentAction\",\"name\":\"Comment\",\"target\":[\"https:\\\/\\\/jornalboasnoticias.com.br\\\/home\\\/pane-eletrica-obriga-air-force-one-a-retornar-e-atrasa-viagem-de-trump-a-davos\\\/#respond\"]}]},{\"@type\":\"WebPage\",\"@id\":\"https:\\\/\\\/jornalboasnoticias.com.br\\\/home\\\/pane-eletrica-obriga-air-force-one-a-retornar-e-atrasa-viagem-de-trump-a-davos\\\/\",\"url\":\"https:\\\/\\\/jornalboasnoticias.com.br\\\/home\\\/pane-eletrica-obriga-air-force-one-a-retornar-e-atrasa-viagem-de-trump-a-davos\\\/\",\"name\":\"Pane el\u00e9trica obriga Air Force One a retornar e atrasa viagem de Trump a Davos - Jornal\",\"isPartOf\":{\"@id\":\"https:\\\/\\\/jornalboasnoticias.com.br\\\/home\\\/#website\"},\"primaryImageOfPage\":{\"@id\":\"https:\\\/\\\/jornalboasnoticias.com.br\\\/home\\\/pane-eletrica-obriga-air-force-one-a-retornar-e-atrasa-viagem-de-trump-a-davos\\\/#primaryimage\"},\"image\":{\"@id\":\"https:\\\/\\\/jornalboasnoticias.com.br\\\/home\\\/pane-eletrica-obriga-air-force-one-a-retornar-e-atrasa-viagem-de-trump-a-davos\\\/#primaryimage\"},\"thumbnailUrl\":\"https:\\\/\\\/jornalboasnoticias.com.br\\\/home\\\/wp-content\\\/uploads\\\/2026\\\/01\\\/d7e2530d-air-force-one.webp\",\"datePublished\":\"2026-01-21T13:42:27+00:00\",\"description\":\"Pane el\u00e9trica obriga Air Force One a retornar e atrasa viagem de Trump a Davos\",\"breadcrumb\":{\"@id\":\"https:\\\/\\\/jornalboasnoticias.com.br\\\/home\\\/pane-eletrica-obriga-air-force-one-a-retornar-e-atrasa-viagem-de-trump-a-davos\\\/#breadcrumb\"},\"inLanguage\":\"pt-BR\",\"potentialAction\":[{\"@type\":\"ReadAction\",\"target\":[\"https:\\\/\\\/jornalboasnoticias.com.br\\\/home\\\/pane-eletrica-obriga-air-force-one-a-retornar-e-atrasa-viagem-de-trump-a-davos\\\/\"]}]},{\"@type\":\"ImageObject\",\"inLanguage\":\"pt-BR\",\"@id\":\"https:\\\/\\\/jornalboasnoticias.com.br\\\/home\\\/pane-eletrica-obriga-air-force-one-a-retornar-e-atrasa-viagem-de-trump-a-davos\\\/#primaryimage\",\"url\":\"https:\\\/\\\/jornalboasnoticias.com.br\\\/home\\\/wp-content\\\/uploads\\\/2026\\\/01\\\/d7e2530d-air-force-one.webp\",\"contentUrl\":\"https:\\\/\\\/jornalboasnoticias.com.br\\\/home\\\/wp-content\\\/uploads\\\/2026\\\/01\\\/d7e2530d-air-force-one.webp\",\"width\":900,\"height\":593,\"caption\":\"MGN Online \\\/ US Air Force\"},{\"@type\":\"BreadcrumbList\",\"@id\":\"https:\\\/\\\/jornalboasnoticias.com.br\\\/home\\\/pane-eletrica-obriga-air-force-one-a-retornar-e-atrasa-viagem-de-trump-a-davos\\\/#breadcrumb\",\"itemListElement\":[{\"@type\":\"ListItem\",\"position\":1,\"name\":\"In\u00edcio\",\"item\":\"https:\\\/\\\/jornalboasnoticias.com.br\\\/home\\\/\"},{\"@type\":\"ListItem\",\"position\":2,\"name\":\"Pane el\u00e9trica obriga Air Force One a retornar e atrasa viagem de Trump a Davos\"}]},{\"@type\":\"WebSite\",\"@id\":\"https:\\\/\\\/jornalboasnoticias.com.br\\\/home\\\/#website\",\"url\":\"https:\\\/\\\/jornalboasnoticias.com.br\\\/home\\\/\",\"name\":\"Jornal Boas Not\u00edcias\",\"description\":\"Boas not\u00edcias\",\"publisher\":{\"@id\":\"https:\\\/\\\/jornalboasnoticias.com.br\\\/home\\\/#organization\"},\"potentialAction\":[{\"@type\":\"SearchAction\",\"target\":{\"@type\":\"EntryPoint\",\"urlTemplate\":\"https:\\\/\\\/jornalboasnoticias.com.br\\\/home\\\/?s={search_term_string}\"},\"query-input\":{\"@type\":\"PropertyValueSpecification\",\"valueRequired\":true,\"valueName\":\"search_term_string\"}}],\"inLanguage\":\"pt-BR\"},{\"@type\":\"Organization\",\"@id\":\"https:\\\/\\\/jornalboasnoticias.com.br\\\/home\\\/#organization\",\"name\":\"Coq Editora Ltda\",\"alternateName\":\"Jornal Boas Noticias\",\"url\":\"https:\\\/\\\/jornalboasnoticias.com.br\\\/home\\\/\",\"logo\":{\"@type\":\"ImageObject\",\"inLanguage\":\"pt-BR\",\"@id\":\"https:\\\/\\\/jornalboasnoticias.com.br\\\/home\\\/#\\\/schema\\\/logo\\\/image\\\/\",\"url\":\"https:\\\/\\\/jornalboasnoticias.com.br\\\/home\\\/wp-content\\\/uploads\\\/2024\\\/07\\\/cropped-logo.jpg\",\"contentUrl\":\"https:\\\/\\\/jornalboasnoticias.com.br\\\/home\\\/wp-content\\\/uploads\\\/2024\\\/07\\\/cropped-logo.jpg\",\"width\":290,\"height\":142,\"caption\":\"Coq Editora Ltda\"},\"image\":{\"@id\":\"https:\\\/\\\/jornalboasnoticias.com.br\\\/home\\\/#\\\/schema\\\/logo\\\/image\\\/\"},\"sameAs\":[\"https:\\\/\\\/www.facebook.com\\\/boasnoticiasjornal\"]},{\"@type\":\"Person\",\"@id\":\"https:\\\/\\\/jornalboasnoticias.com.br\\\/home\\\/#\\\/schema\\\/person\\\/d641193e0afc6405b390164dac847971\",\"name\":\"Ana Luiza Bonatto\",\"image\":{\"@type\":\"ImageObject\",\"inLanguage\":\"pt-BR\",\"@id\":\"https:\\\/\\\/secure.gravatar.com\\\/avatar\\\/8a055ebe6373371f67ac6fcf313c0ac0b0a91157fdcdb9514fa62927373348f0?s=96&d=mm&r=g\",\"url\":\"https:\\\/\\\/secure.gravatar.com\\\/avatar\\\/8a055ebe6373371f67ac6fcf313c0ac0b0a91157fdcdb9514fa62927373348f0?s=96&d=mm&r=g\",\"contentUrl\":\"https:\\\/\\\/secure.gravatar.com\\\/avatar\\\/8a055ebe6373371f67ac6fcf313c0ac0b0a91157fdcdb9514fa62927373348f0?s=96&d=mm&r=g\",\"caption\":\"Ana Luiza Bonatto\"},\"url\":\"https:\\\/\\\/jornalboasnoticias.com.br\\\/home\\\/author\\\/ana-luiza\\\/\"}]}<\/script>\n<!-- \/ Yoast SEO plugin. -->","yoast_head_json":{"title":"Pane el\u00e9trica obriga Air Force One a retornar e atrasa viagem de Trump a Davos - Jornal","description":"Pane el\u00e9trica obriga Air Force One a retornar e atrasa viagem de Trump a Davos","robots":{"index":"index","follow":"follow","max-snippet":"max-snippet:-1","max-image-preview":"max-image-preview:large","max-video-preview":"max-video-preview:-1"},"canonical":"https:\/\/jornalboasnoticias.com.br\/home\/pane-eletrica-obriga-air-force-one-a-retornar-e-atrasa-viagem-de-trump-a-davos\/","og_locale":"pt_BR","og_type":"article","og_title":"Pane el\u00e9trica obriga Air Force One a retornar e atrasa viagem de Trump a Davos - Jornal","og_description":"Pane el\u00e9trica obriga Air Force One a retornar e atrasa viagem de Trump a Davos","og_url":"https:\/\/jornalboasnoticias.com.br\/home\/pane-eletrica-obriga-air-force-one-a-retornar-e-atrasa-viagem-de-trump-a-davos\/","og_site_name":"Jornal","article_publisher":"https:\/\/www.facebook.com\/boasnoticiasjornal","article_published_time":"2026-01-21T13:42:27+00:00","og_image":[{"width":900,"height":593,"url":"https:\/\/jornalboasnoticias.com.br\/home\/wp-content\/uploads\/2026\/01\/d7e2530d-air-force-one.webp","type":"image\/webp"}],"author":"Ana Luiza Bonatto","twitter_card":"summary_large_image","twitter_misc":{"Escrito por":"Ana Luiza Bonatto","Est. tempo de leitura":"2 minutos"},"schema":{"@context":"https:\/\/schema.org","@graph":[{"@type":"Article","@id":"https:\/\/jornalboasnoticias.com.br\/home\/pane-eletrica-obriga-air-force-one-a-retornar-e-atrasa-viagem-de-trump-a-davos\/#article","isPartOf":{"@id":"https:\/\/jornalboasnoticias.com.br\/home\/pane-eletrica-obriga-air-force-one-a-retornar-e-atrasa-viagem-de-trump-a-davos\/"},"author":{"name":"Ana Luiza Bonatto","@id":"https:\/\/jornalboasnoticias.com.br\/home\/#\/schema\/person\/d641193e0afc6405b390164dac847971"},"headline":"Pane el\u00e9trica obriga Air Force One a retornar e atrasa viagem de Trump a Davos","datePublished":"2026-01-21T13:42:27+00:00","mainEntityOfPage":{"@id":"https:\/\/jornalboasnoticias.com.br\/home\/pane-eletrica-obriga-air-force-one-a-retornar-e-atrasa-viagem-de-trump-a-davos\/"},"wordCount":248,"commentCount":0,"publisher":{"@id":"https:\/\/jornalboasnoticias.com.br\/home\/#organization"},"image":{"@id":"https:\/\/jornalboasnoticias.com.br\/home\/pane-eletrica-obriga-air-force-one-a-retornar-e-atrasa-viagem-de-trump-a-davos\/#primaryimage"},"thumbnailUrl":"https:\/\/jornalboasnoticias.com.br\/home\/wp-content\/uploads\/2026\/01\/d7e2530d-air-force-one.webp","articleSection":["DESTAQUE","INTERNACIONAL"],"inLanguage":"pt-BR","potentialAction":[{"@type":"CommentAction","name":"Comment","target":["https:\/\/jornalboasnoticias.com.br\/home\/pane-eletrica-obriga-air-force-one-a-retornar-e-atrasa-viagem-de-trump-a-davos\/#respond"]}]},{"@type":"WebPage","@id":"https:\/\/jornalboasnoticias.com.br\/home\/pane-eletrica-obriga-air-force-one-a-retornar-e-atrasa-viagem-de-trump-a-davos\/","url":"https:\/\/jornalboasnoticias.com.br\/home\/pane-eletrica-obriga-air-force-one-a-retornar-e-atrasa-viagem-de-trump-a-davos\/","name":"Pane el\u00e9trica obriga Air Force One a retornar e atrasa viagem de Trump a Davos - Jornal","isPartOf":{"@id":"https:\/\/jornalboasnoticias.com.br\/home\/#website"},"primaryImageOfPage":{"@id":"https:\/\/jornalboasnoticias.com.br\/home\/pane-eletrica-obriga-air-force-one-a-retornar-e-atrasa-viagem-de-trump-a-davos\/#primaryimage"},"image":{"@id":"https:\/\/jornalboasnoticias.com.br\/home\/pane-eletrica-obriga-air-force-one-a-retornar-e-atrasa-viagem-de-trump-a-davos\/#primaryimage"},"thumbnailUrl":"https:\/\/jornalboasnoticias.com.br\/home\/wp-content\/uploads\/2026\/01\/d7e2530d-air-force-one.webp","datePublished":"2026-01-21T13:42:27+00:00","description":"Pane el\u00e9trica obriga Air Force One a retornar e atrasa viagem de Trump a Davos","breadcrumb":{"@id":"https:\/\/jornalboasnoticias.com.br\/home\/pane-eletrica-obriga-air-force-one-a-retornar-e-atrasa-viagem-de-trump-a-davos\/#breadcrumb"},"inLanguage":"pt-BR","potentialAction":[{"@type":"ReadAction","target":["https:\/\/jornalboasnoticias.com.br\/home\/pane-eletrica-obriga-air-force-one-a-retornar-e-atrasa-viagem-de-trump-a-davos\/"]}]},{"@type":"ImageObject","inLanguage":"pt-BR","@id":"https:\/\/jornalboasnoticias.com.br\/home\/pane-eletrica-obriga-air-force-one-a-retornar-e-atrasa-viagem-de-trump-a-davos\/#primaryimage","url":"https:\/\/jornalboasnoticias.com.br\/home\/wp-content\/uploads\/2026\/01\/d7e2530d-air-force-one.webp","contentUrl":"https:\/\/jornalboasnoticias.com.br\/home\/wp-content\/uploads\/2026\/01\/d7e2530d-air-force-one.webp","width":900,"height":593,"caption":"MGN Online \/ US Air Force"},{"@type":"BreadcrumbList","@id":"https:\/\/jornalboasnoticias.com.br\/home\/pane-eletrica-obriga-air-force-one-a-retornar-e-atrasa-viagem-de-trump-a-davos\/#breadcrumb","itemListElement":[{"@type":"ListItem","position":1,"name":"In\u00edcio","item":"https:\/\/jornalboasnoticias.com.br\/home\/"},{"@type":"ListItem","position":2,"name":"Pane el\u00e9trica obriga Air Force One a retornar e atrasa viagem de Trump a Davos"}]},{"@type":"WebSite","@id":"https:\/\/jornalboasnoticias.com.br\/home\/#website","url":"https:\/\/jornalboasnoticias.com.br\/home\/","name":"Jornal Boas Not\u00edcias","description":"Boas not\u00edcias","publisher":{"@id":"https:\/\/jornalboasnoticias.com.br\/home\/#organization"},"potentialAction":[{"@type":"SearchAction","target":{"@type":"EntryPoint","urlTemplate":"https:\/\/jornalboasnoticias.com.br\/home\/?s={search_term_string}"},"query-input":{"@type":"PropertyValueSpecification","valueRequired":true,"valueName":"search_term_string"}}],"inLanguage":"pt-BR"},{"@type":"Organization","@id":"https:\/\/jornalboasnoticias.com.br\/home\/#organization","name":"Coq Editora Ltda","alternateName":"Jornal Boas Noticias","url":"https:\/\/jornalboasnoticias.com.br\/home\/","logo":{"@type":"ImageObject","inLanguage":"pt-BR","@id":"https:\/\/jornalboasnoticias.com.br\/home\/#\/schema\/logo\/image\/","url":"https:\/\/jornalboasnoticias.com.br\/home\/wp-content\/uploads\/2024\/07\/cropped-logo.jpg","contentUrl":"https:\/\/jornalboasnoticias.com.br\/home\/wp-content\/uploads\/2024\/07\/cropped-logo.jpg","width":290,"height":142,"caption":"Coq Editora Ltda"},"image":{"@id":"https:\/\/jornalboasnoticias.com.br\/home\/#\/schema\/logo\/image\/"},"sameAs":["https:\/\/www.facebook.com\/boasnoticiasjornal"]},{"@type":"Person","@id":"https:\/\/jornalboasnoticias.com.br\/home\/#\/schema\/person\/d641193e0afc6405b390164dac847971","name":"Ana Luiza Bonatto","image":{"@type":"ImageObject","inLanguage":"pt-BR","@id":"https:\/\/secure.gravatar.com\/avatar\/8a055ebe6373371f67ac6fcf313c0ac0b0a91157fdcdb9514fa62927373348f0?s=96&d=mm&r=g","url":"https:\/\/secure.gravatar.com\/avatar\/8a055ebe6373371f67ac6fcf313c0ac0b0a91157fdcdb9514fa62927373348f0?s=96&d=mm&r=g","contentUrl":"https:\/\/secure.gravatar.com\/avatar\/8a055ebe6373371f67ac6fcf313c0ac0b0a91157fdcdb9514fa62927373348f0?s=96&d=mm&r=g","caption":"Ana Luiza Bonatto"},"url":"https:\/\/jornalboasnoticias.com.br\/home\/author\/ana-luiza\/"}]}},"_links":{"self":[{"href":"https:\/\/jornalboasnoticias.com.br\/home\/wp-json\/wp\/v2\/posts\/47226","targetHints":{"allow":["GET"]}}],"collection":[{"href":"https:\/\/jornalboasnoticias.com.br\/home\/wp-json\/wp\/v2\/posts"}],"about":[{"href":"https:\/\/jornalboasnoticias.com.br\/home\/wp-json\/wp\/v2\/types\/post"}],"author":[{"embeddable":true,"href":"https:\/\/jornalboasnoticias.com.br\/home\/wp-json\/wp\/v2\/users\/4"}],"replies":[{"embeddable":true,"href":"https:\/\/jornalboasnoticias.com.br\/home\/wp-json\/wp\/v2\/comments?post=47226"}],"version-history":[{"count":1,"href":"https:\/\/jornalboasnoticias.com.br\/home\/wp-json\/wp\/v2\/posts\/47226\/revisions"}],"predecessor-version":[{"id":47228,"href":"https:\/\/jornalboasnoticias.com.br\/home\/wp-json\/wp\/v2\/posts\/47226\/revisions\/47228"}],"wp:featuredmedia":[{"embeddable":true,"href":"https:\/\/jornalboasnoticias.com.br\/home\/wp-json\/wp\/v2\/media\/47227"}],"wp:attachment":[{"href":"https:\/\/jornalboasnoticias.com.br\/home\/wp-json\/wp\/v2\/media?parent=47226"}],"wp:term":[{"taxonomy":"category","embeddable":true,"href":"https:\/\/jornalboasnoticias.com.br\/home\/wp-json\/wp\/v2\/categories?post=47226"},{"taxonomy":"post_tag","embeddable":true,"href":"https:\/\/jornalboasnoticias.com.br\/home\/wp-json\/wp\/v2\/tags?post=47226"}],"curies":[{"name":"wp","href":"https:\/\/api.w.org\/{rel}","templated":true}]}}