{"id":47217,"date":"2026-01-21T13:19:22","date_gmt":"2026-01-21T13:19:22","guid":{"rendered":"https:\/\/jornalboasnoticias.com.br\/home\/?p=47217"},"modified":"2026-01-21T13:19:22","modified_gmt":"2026-01-21T13:19:22","slug":"groenlandia-no-centro-da-crise-trump-eleva-o-tom-e-europa-discute-reacao-conjunta","status":"publish","type":"post","link":"https:\/\/jornalboasnoticias.com.br\/home\/groenlandia-no-centro-da-crise-trump-eleva-o-tom-e-europa-discute-reacao-conjunta\/","title":{"rendered":"Groenl\u00e2ndia no centro da crise: Trump eleva o tom e Europa discute rea\u00e7\u00e3o conjunta"},"content":{"rendered":"<p><img loading=\"lazy\" decoding=\"async\" class=\"alignnone size-full wp-image-47218\" src=\"https:\/\/jornalboasnoticias.com.br\/home\/wp-content\/uploads\/2026\/01\/5454b18a-trump-groelandia.webp\" alt=\"\" width=\"900\" height=\"600\" srcset=\"https:\/\/jornalboasnoticias.com.br\/home\/wp-content\/uploads\/2026\/01\/5454b18a-trump-groelandia.webp 900w, https:\/\/jornalboasnoticias.com.br\/home\/wp-content\/uploads\/2026\/01\/5454b18a-trump-groelandia-300x200.webp 300w, https:\/\/jornalboasnoticias.com.br\/home\/wp-content\/uploads\/2026\/01\/5454b18a-trump-groelandia-768x512.webp 768w\" sizes=\"auto, (max-width: 900px) 100vw, 900px\" \/><\/p>\n<blockquote>\n<p data-start=\"0\" data-end=\"316\"><em data-start=\"89\" data-end=\"278\">Declara\u00e7\u00f5es do presidente dos EUA sobre controlar a ilha aumentam a tens\u00e3o com aliados, levantam d\u00favidas sobre a coes\u00e3o da Otan e reabrem o risco de guerra comercial com a Uni\u00e3o Europeia.<\/em><\/p>\n<\/blockquote>\n<p data-start=\"318\" data-end=\"754\">A ofensiva pol\u00edtica do presidente dos Estados Unidos, Donald Trump, para colocar a Groenl\u00e2ndia sob controle americano ganhou for\u00e7a a cada novo pronunciamento e passou a provocar rea\u00e7\u00f5es mais duras na Europa. O tema, que por anos ficou no campo da provoca\u00e7\u00e3o diplom\u00e1tica, agora pressiona diretamente a rela\u00e7\u00e3o entre Washington e aliados hist\u00f3ricos, com reflexos na Otan e no com\u00e9rcio transatl\u00e2ntico.<\/p>\n<p data-start=\"756\" data-end=\"1026\">Na ter\u00e7a-feira, 20 de janeiro, Trump voltou a endurecer o discurso e afirmou que \u201cn\u00e3o h\u00e1 volta\u201d em seu objetivo, sem descartar medidas mais agressivas. Questionado sobre at\u00e9 onde iria, respondeu de forma vaga: \u201cvoc\u00eas v\u00e3o descobrir\u201d.<\/p>\n<h3 data-start=\"1028\" data-end=\"1064\">Por que a Groenl\u00e2ndia virou alvo<\/h3>\n<p data-start=\"1065\" data-end=\"1376\">A Groenl\u00e2ndia \u00e9 um territ\u00f3rio aut\u00f4nomo ligado ao Reino da Dinamarca, que responde por pol\u00edtica externa e defesa. A ilha tem posi\u00e7\u00e3o estrat\u00e9gica no \u00c1rtico, onde j\u00e1 existem estruturas militares dos Estados Unidos e interesses crescentes ligados a rotas e seguran\u00e7a na regi\u00e3o.<\/p>\n<p data-start=\"1378\" data-end=\"1689\">Do lado groenland\u00eas, a preocupa\u00e7\u00e3o tamb\u00e9m subiu de n\u00edvel. O primeiro-ministro Jens-Frederik Nielsen afirmou que considera improv\u00e1vel um conflito militar, mas disse que a possibilidade n\u00e3o pode ser descartada e que a popula\u00e7\u00e3o deve estar preparada para cen\u00e1rios de escalada.<\/p>\n<h3 data-start=\"1691\" data-end=\"1729\">Rea\u00e7\u00e3o da Europa e press\u00e3o na Otan<\/h3>\n<p data-start=\"1730\" data-end=\"1985\">Em resposta, a primeira-ministra da Dinamarca, Mette Frederiksen, reafirmou que soberania n\u00e3o est\u00e1 em negocia\u00e7\u00e3o e que o pa\u00eds est\u00e1 disposto a dialogar sobre seguran\u00e7a e economia, mas n\u00e3o sobre abrir m\u00e3o do territ\u00f3rio.<\/p>\n<p data-start=\"1987\" data-end=\"2388\">O tema tamb\u00e9m dominou discuss\u00f5es em f\u00f3runs internacionais. Em Davos, o presidente franc\u00eas Emmanuel Macron criticou a \u201clei do mais forte\u201d e defendeu que a Europa n\u00e3o ceda a intimida\u00e7\u00f5es. J\u00e1 a presidente da Comiss\u00e3o Europeia, Ursula von der Leyen, voltou a falar em independ\u00eancia estrat\u00e9gica do continente em um cen\u00e1rio de \u201cmudan\u00e7a s\u00edsmica\u201d no ambiente geopol\u00edtico.<\/p>\n<h3 data-start=\"2390\" data-end=\"2449\">Risco econ\u00f4mico e a resposta \u201cbazuca\u201d da Uni\u00e3o Europeia<\/h3>\n<p data-start=\"2450\" data-end=\"2853\">A crise n\u00e3o ficou restrita \u00e0 diplomacia. A amea\u00e7a de tarifas americanas ligadas ao impasse da Groenl\u00e2ndia acelerou discuss\u00f5es sobre retalia\u00e7\u00e3o comercial na Uni\u00e3o Europeia, incluindo a reativa\u00e7\u00e3o de um pacote que pode alcan\u00e7ar 93 bilh\u00f5es de euros e a poss\u00edvel ado\u00e7\u00e3o do Instrumento Anticoer\u00e7\u00e3o, mecanismo criado para responder a press\u00f5es econ\u00f4micas de outros pa\u00edses.<\/p>\n<p data-start=\"2855\" data-end=\"3125\">A avalia\u00e7\u00e3o entre diplomatas \u00e9 que o epis\u00f3dio pode testar a unidade europeia e a capacidade de coordena\u00e7\u00e3o do bloco diante de uma press\u00e3o direta dos Estados Unidos, em um momento de sensibilidade para a seguran\u00e7a no Atl\u00e2ntico Norte.<\/p>\n","protected":false},"excerpt":{"rendered":"<p>Declara\u00e7\u00f5es do presidente dos EUA sobre controlar a ilha aumentam a tens\u00e3o com aliados, levantam<\/p>\n","protected":false},"author":4,"featured_media":47218,"comment_status":"open","ping_status":"open","sticky":false,"template":"","format":"standard","meta":{"footnotes":""},"categories":[3,9],"tags":[],"class_list":["post-47217","post","type-post","status-publish","format-standard","has-post-thumbnail","hentry","category-destaques","category-internacional"],"yoast_head":"<!-- This site is optimized with the Yoast SEO plugin v27.5 - https:\/\/yoast.com\/product\/yoast-seo-wordpress\/ -->\n<title>Groenl\u00e2ndia no centro da crise: Trump eleva o tom e Europa discute rea\u00e7\u00e3o conjunta - Jornal<\/title>\n<meta name=\"description\" content=\"Groenl\u00e2ndia no centro da crise: Trump eleva o tom e Europa discute rea\u00e7\u00e3o conjunta\" \/>\n<meta name=\"robots\" content=\"index, follow, max-snippet:-1, max-image-preview:large, max-video-preview:-1\" \/>\n<link rel=\"canonical\" href=\"https:\/\/jornalboasnoticias.com.br\/home\/groenlandia-no-centro-da-crise-trump-eleva-o-tom-e-europa-discute-reacao-conjunta\/\" \/>\n<meta property=\"og:locale\" content=\"pt_BR\" \/>\n<meta property=\"og:type\" content=\"article\" \/>\n<meta property=\"og:title\" content=\"Groenl\u00e2ndia no centro da crise: Trump eleva o tom e Europa discute rea\u00e7\u00e3o conjunta - Jornal\" \/>\n<meta property=\"og:description\" content=\"Groenl\u00e2ndia no centro da crise: Trump eleva o tom e Europa discute rea\u00e7\u00e3o conjunta\" \/>\n<meta property=\"og:url\" content=\"https:\/\/jornalboasnoticias.com.br\/home\/groenlandia-no-centro-da-crise-trump-eleva-o-tom-e-europa-discute-reacao-conjunta\/\" \/>\n<meta property=\"og:site_name\" content=\"Jornal\" \/>\n<meta property=\"article:publisher\" content=\"https:\/\/www.facebook.com\/boasnoticiasjornal\" \/>\n<meta property=\"article:published_time\" content=\"2026-01-21T13:19:22+00:00\" \/>\n<meta property=\"og:image\" content=\"https:\/\/jornalboasnoticias.com.br\/home\/wp-content\/uploads\/2026\/01\/5454b18a-trump-groelandia.webp\" \/>\n\t<meta property=\"og:image:width\" content=\"900\" \/>\n\t<meta property=\"og:image:height\" content=\"600\" \/>\n\t<meta property=\"og:image:type\" content=\"image\/webp\" \/>\n<meta name=\"author\" content=\"Ana Luiza Bonatto\" \/>\n<meta name=\"twitter:card\" content=\"summary_large_image\" \/>\n<meta name=\"twitter:label1\" content=\"Escrito por\" \/>\n\t<meta name=\"twitter:data1\" content=\"Ana Luiza Bonatto\" \/>\n\t<meta name=\"twitter:label2\" content=\"Est. tempo de leitura\" \/>\n\t<meta name=\"twitter:data2\" content=\"3 minutos\" \/>\n<script type=\"application\/ld+json\" class=\"yoast-schema-graph\">{\"@context\":\"https:\\\/\\\/schema.org\",\"@graph\":[{\"@type\":\"Article\",\"@id\":\"https:\\\/\\\/jornalboasnoticias.com.br\\\/home\\\/groenlandia-no-centro-da-crise-trump-eleva-o-tom-e-europa-discute-reacao-conjunta\\\/#article\",\"isPartOf\":{\"@id\":\"https:\\\/\\\/jornalboasnoticias.com.br\\\/home\\\/groenlandia-no-centro-da-crise-trump-eleva-o-tom-e-europa-discute-reacao-conjunta\\\/\"},\"author\":{\"name\":\"Ana Luiza Bonatto\",\"@id\":\"https:\\\/\\\/jornalboasnoticias.com.br\\\/home\\\/#\\\/schema\\\/person\\\/d641193e0afc6405b390164dac847971\"},\"headline\":\"Groenl\u00e2ndia no centro da crise: Trump eleva o tom e Europa discute rea\u00e7\u00e3o conjunta\",\"datePublished\":\"2026-01-21T13:19:22+00:00\",\"mainEntityOfPage\":{\"@id\":\"https:\\\/\\\/jornalboasnoticias.com.br\\\/home\\\/groenlandia-no-centro-da-crise-trump-eleva-o-tom-e-europa-discute-reacao-conjunta\\\/\"},\"wordCount\":512,\"commentCount\":0,\"publisher\":{\"@id\":\"https:\\\/\\\/jornalboasnoticias.com.br\\\/home\\\/#organization\"},\"image\":{\"@id\":\"https:\\\/\\\/jornalboasnoticias.com.br\\\/home\\\/groenlandia-no-centro-da-crise-trump-eleva-o-tom-e-europa-discute-reacao-conjunta\\\/#primaryimage\"},\"thumbnailUrl\":\"https:\\\/\\\/jornalboasnoticias.com.br\\\/home\\\/wp-content\\\/uploads\\\/2026\\\/01\\\/5454b18a-trump-groelandia.webp\",\"articleSection\":[\"DESTAQUE\",\"INTERNACIONAL\"],\"inLanguage\":\"pt-BR\",\"potentialAction\":[{\"@type\":\"CommentAction\",\"name\":\"Comment\",\"target\":[\"https:\\\/\\\/jornalboasnoticias.com.br\\\/home\\\/groenlandia-no-centro-da-crise-trump-eleva-o-tom-e-europa-discute-reacao-conjunta\\\/#respond\"]}]},{\"@type\":\"WebPage\",\"@id\":\"https:\\\/\\\/jornalboasnoticias.com.br\\\/home\\\/groenlandia-no-centro-da-crise-trump-eleva-o-tom-e-europa-discute-reacao-conjunta\\\/\",\"url\":\"https:\\\/\\\/jornalboasnoticias.com.br\\\/home\\\/groenlandia-no-centro-da-crise-trump-eleva-o-tom-e-europa-discute-reacao-conjunta\\\/\",\"name\":\"Groenl\u00e2ndia no centro da crise: Trump eleva o tom e Europa discute rea\u00e7\u00e3o conjunta - Jornal\",\"isPartOf\":{\"@id\":\"https:\\\/\\\/jornalboasnoticias.com.br\\\/home\\\/#website\"},\"primaryImageOfPage\":{\"@id\":\"https:\\\/\\\/jornalboasnoticias.com.br\\\/home\\\/groenlandia-no-centro-da-crise-trump-eleva-o-tom-e-europa-discute-reacao-conjunta\\\/#primaryimage\"},\"image\":{\"@id\":\"https:\\\/\\\/jornalboasnoticias.com.br\\\/home\\\/groenlandia-no-centro-da-crise-trump-eleva-o-tom-e-europa-discute-reacao-conjunta\\\/#primaryimage\"},\"thumbnailUrl\":\"https:\\\/\\\/jornalboasnoticias.com.br\\\/home\\\/wp-content\\\/uploads\\\/2026\\\/01\\\/5454b18a-trump-groelandia.webp\",\"datePublished\":\"2026-01-21T13:19:22+00:00\",\"description\":\"Groenl\u00e2ndia no centro da crise: Trump eleva o tom e Europa discute rea\u00e7\u00e3o conjunta\",\"breadcrumb\":{\"@id\":\"https:\\\/\\\/jornalboasnoticias.com.br\\\/home\\\/groenlandia-no-centro-da-crise-trump-eleva-o-tom-e-europa-discute-reacao-conjunta\\\/#breadcrumb\"},\"inLanguage\":\"pt-BR\",\"potentialAction\":[{\"@type\":\"ReadAction\",\"target\":[\"https:\\\/\\\/jornalboasnoticias.com.br\\\/home\\\/groenlandia-no-centro-da-crise-trump-eleva-o-tom-e-europa-discute-reacao-conjunta\\\/\"]}]},{\"@type\":\"ImageObject\",\"inLanguage\":\"pt-BR\",\"@id\":\"https:\\\/\\\/jornalboasnoticias.com.br\\\/home\\\/groenlandia-no-centro-da-crise-trump-eleva-o-tom-e-europa-discute-reacao-conjunta\\\/#primaryimage\",\"url\":\"https:\\\/\\\/jornalboasnoticias.com.br\\\/home\\\/wp-content\\\/uploads\\\/2026\\\/01\\\/5454b18a-trump-groelandia.webp\",\"contentUrl\":\"https:\\\/\\\/jornalboasnoticias.com.br\\\/home\\\/wp-content\\\/uploads\\\/2026\\\/01\\\/5454b18a-trump-groelandia.webp\",\"width\":900,\"height\":600},{\"@type\":\"BreadcrumbList\",\"@id\":\"https:\\\/\\\/jornalboasnoticias.com.br\\\/home\\\/groenlandia-no-centro-da-crise-trump-eleva-o-tom-e-europa-discute-reacao-conjunta\\\/#breadcrumb\",\"itemListElement\":[{\"@type\":\"ListItem\",\"position\":1,\"name\":\"In\u00edcio\",\"item\":\"https:\\\/\\\/jornalboasnoticias.com.br\\\/home\\\/\"},{\"@type\":\"ListItem\",\"position\":2,\"name\":\"Groenl\u00e2ndia no centro da crise: Trump eleva o tom e Europa discute rea\u00e7\u00e3o conjunta\"}]},{\"@type\":\"WebSite\",\"@id\":\"https:\\\/\\\/jornalboasnoticias.com.br\\\/home\\\/#website\",\"url\":\"https:\\\/\\\/jornalboasnoticias.com.br\\\/home\\\/\",\"name\":\"Jornal Boas Not\u00edcias\",\"description\":\"Boas not\u00edcias\",\"publisher\":{\"@id\":\"https:\\\/\\\/jornalboasnoticias.com.br\\\/home\\\/#organization\"},\"potentialAction\":[{\"@type\":\"SearchAction\",\"target\":{\"@type\":\"EntryPoint\",\"urlTemplate\":\"https:\\\/\\\/jornalboasnoticias.com.br\\\/home\\\/?s={search_term_string}\"},\"query-input\":{\"@type\":\"PropertyValueSpecification\",\"valueRequired\":true,\"valueName\":\"search_term_string\"}}],\"inLanguage\":\"pt-BR\"},{\"@type\":\"Organization\",\"@id\":\"https:\\\/\\\/jornalboasnoticias.com.br\\\/home\\\/#organization\",\"name\":\"Coq Editora Ltda\",\"alternateName\":\"Jornal Boas Noticias\",\"url\":\"https:\\\/\\\/jornalboasnoticias.com.br\\\/home\\\/\",\"logo\":{\"@type\":\"ImageObject\",\"inLanguage\":\"pt-BR\",\"@id\":\"https:\\\/\\\/jornalboasnoticias.com.br\\\/home\\\/#\\\/schema\\\/logo\\\/image\\\/\",\"url\":\"https:\\\/\\\/jornalboasnoticias.com.br\\\/home\\\/wp-content\\\/uploads\\\/2024\\\/07\\\/cropped-logo.jpg\",\"contentUrl\":\"https:\\\/\\\/jornalboasnoticias.com.br\\\/home\\\/wp-content\\\/uploads\\\/2024\\\/07\\\/cropped-logo.jpg\",\"width\":290,\"height\":142,\"caption\":\"Coq Editora Ltda\"},\"image\":{\"@id\":\"https:\\\/\\\/jornalboasnoticias.com.br\\\/home\\\/#\\\/schema\\\/logo\\\/image\\\/\"},\"sameAs\":[\"https:\\\/\\\/www.facebook.com\\\/boasnoticiasjornal\"]},{\"@type\":\"Person\",\"@id\":\"https:\\\/\\\/jornalboasnoticias.com.br\\\/home\\\/#\\\/schema\\\/person\\\/d641193e0afc6405b390164dac847971\",\"name\":\"Ana Luiza Bonatto\",\"image\":{\"@type\":\"ImageObject\",\"inLanguage\":\"pt-BR\",\"@id\":\"https:\\\/\\\/secure.gravatar.com\\\/avatar\\\/8a055ebe6373371f67ac6fcf313c0ac0b0a91157fdcdb9514fa62927373348f0?s=96&d=mm&r=g\",\"url\":\"https:\\\/\\\/secure.gravatar.com\\\/avatar\\\/8a055ebe6373371f67ac6fcf313c0ac0b0a91157fdcdb9514fa62927373348f0?s=96&d=mm&r=g\",\"contentUrl\":\"https:\\\/\\\/secure.gravatar.com\\\/avatar\\\/8a055ebe6373371f67ac6fcf313c0ac0b0a91157fdcdb9514fa62927373348f0?s=96&d=mm&r=g\",\"caption\":\"Ana Luiza Bonatto\"},\"url\":\"https:\\\/\\\/jornalboasnoticias.com.br\\\/home\\\/author\\\/ana-luiza\\\/\"}]}<\/script>\n<!-- \/ Yoast SEO plugin. -->","yoast_head_json":{"title":"Groenl\u00e2ndia no centro da crise: Trump eleva o tom e Europa discute rea\u00e7\u00e3o conjunta - Jornal","description":"Groenl\u00e2ndia no centro da crise: Trump eleva o tom e Europa discute rea\u00e7\u00e3o conjunta","robots":{"index":"index","follow":"follow","max-snippet":"max-snippet:-1","max-image-preview":"max-image-preview:large","max-video-preview":"max-video-preview:-1"},"canonical":"https:\/\/jornalboasnoticias.com.br\/home\/groenlandia-no-centro-da-crise-trump-eleva-o-tom-e-europa-discute-reacao-conjunta\/","og_locale":"pt_BR","og_type":"article","og_title":"Groenl\u00e2ndia no centro da crise: Trump eleva o tom e Europa discute rea\u00e7\u00e3o conjunta - Jornal","og_description":"Groenl\u00e2ndia no centro da crise: Trump eleva o tom e Europa discute rea\u00e7\u00e3o conjunta","og_url":"https:\/\/jornalboasnoticias.com.br\/home\/groenlandia-no-centro-da-crise-trump-eleva-o-tom-e-europa-discute-reacao-conjunta\/","og_site_name":"Jornal","article_publisher":"https:\/\/www.facebook.com\/boasnoticiasjornal","article_published_time":"2026-01-21T13:19:22+00:00","og_image":[{"width":900,"height":600,"url":"https:\/\/jornalboasnoticias.com.br\/home\/wp-content\/uploads\/2026\/01\/5454b18a-trump-groelandia.webp","type":"image\/webp"}],"author":"Ana Luiza Bonatto","twitter_card":"summary_large_image","twitter_misc":{"Escrito por":"Ana Luiza Bonatto","Est. tempo de leitura":"3 minutos"},"schema":{"@context":"https:\/\/schema.org","@graph":[{"@type":"Article","@id":"https:\/\/jornalboasnoticias.com.br\/home\/groenlandia-no-centro-da-crise-trump-eleva-o-tom-e-europa-discute-reacao-conjunta\/#article","isPartOf":{"@id":"https:\/\/jornalboasnoticias.com.br\/home\/groenlandia-no-centro-da-crise-trump-eleva-o-tom-e-europa-discute-reacao-conjunta\/"},"author":{"name":"Ana Luiza Bonatto","@id":"https:\/\/jornalboasnoticias.com.br\/home\/#\/schema\/person\/d641193e0afc6405b390164dac847971"},"headline":"Groenl\u00e2ndia no centro da crise: Trump eleva o tom e Europa discute rea\u00e7\u00e3o conjunta","datePublished":"2026-01-21T13:19:22+00:00","mainEntityOfPage":{"@id":"https:\/\/jornalboasnoticias.com.br\/home\/groenlandia-no-centro-da-crise-trump-eleva-o-tom-e-europa-discute-reacao-conjunta\/"},"wordCount":512,"commentCount":0,"publisher":{"@id":"https:\/\/jornalboasnoticias.com.br\/home\/#organization"},"image":{"@id":"https:\/\/jornalboasnoticias.com.br\/home\/groenlandia-no-centro-da-crise-trump-eleva-o-tom-e-europa-discute-reacao-conjunta\/#primaryimage"},"thumbnailUrl":"https:\/\/jornalboasnoticias.com.br\/home\/wp-content\/uploads\/2026\/01\/5454b18a-trump-groelandia.webp","articleSection":["DESTAQUE","INTERNACIONAL"],"inLanguage":"pt-BR","potentialAction":[{"@type":"CommentAction","name":"Comment","target":["https:\/\/jornalboasnoticias.com.br\/home\/groenlandia-no-centro-da-crise-trump-eleva-o-tom-e-europa-discute-reacao-conjunta\/#respond"]}]},{"@type":"WebPage","@id":"https:\/\/jornalboasnoticias.com.br\/home\/groenlandia-no-centro-da-crise-trump-eleva-o-tom-e-europa-discute-reacao-conjunta\/","url":"https:\/\/jornalboasnoticias.com.br\/home\/groenlandia-no-centro-da-crise-trump-eleva-o-tom-e-europa-discute-reacao-conjunta\/","name":"Groenl\u00e2ndia no centro da crise: Trump eleva o tom e Europa discute rea\u00e7\u00e3o conjunta - Jornal","isPartOf":{"@id":"https:\/\/jornalboasnoticias.com.br\/home\/#website"},"primaryImageOfPage":{"@id":"https:\/\/jornalboasnoticias.com.br\/home\/groenlandia-no-centro-da-crise-trump-eleva-o-tom-e-europa-discute-reacao-conjunta\/#primaryimage"},"image":{"@id":"https:\/\/jornalboasnoticias.com.br\/home\/groenlandia-no-centro-da-crise-trump-eleva-o-tom-e-europa-discute-reacao-conjunta\/#primaryimage"},"thumbnailUrl":"https:\/\/jornalboasnoticias.com.br\/home\/wp-content\/uploads\/2026\/01\/5454b18a-trump-groelandia.webp","datePublished":"2026-01-21T13:19:22+00:00","description":"Groenl\u00e2ndia no centro da crise: Trump eleva o tom e Europa discute rea\u00e7\u00e3o conjunta","breadcrumb":{"@id":"https:\/\/jornalboasnoticias.com.br\/home\/groenlandia-no-centro-da-crise-trump-eleva-o-tom-e-europa-discute-reacao-conjunta\/#breadcrumb"},"inLanguage":"pt-BR","potentialAction":[{"@type":"ReadAction","target":["https:\/\/jornalboasnoticias.com.br\/home\/groenlandia-no-centro-da-crise-trump-eleva-o-tom-e-europa-discute-reacao-conjunta\/"]}]},{"@type":"ImageObject","inLanguage":"pt-BR","@id":"https:\/\/jornalboasnoticias.com.br\/home\/groenlandia-no-centro-da-crise-trump-eleva-o-tom-e-europa-discute-reacao-conjunta\/#primaryimage","url":"https:\/\/jornalboasnoticias.com.br\/home\/wp-content\/uploads\/2026\/01\/5454b18a-trump-groelandia.webp","contentUrl":"https:\/\/jornalboasnoticias.com.br\/home\/wp-content\/uploads\/2026\/01\/5454b18a-trump-groelandia.webp","width":900,"height":600},{"@type":"BreadcrumbList","@id":"https:\/\/jornalboasnoticias.com.br\/home\/groenlandia-no-centro-da-crise-trump-eleva-o-tom-e-europa-discute-reacao-conjunta\/#breadcrumb","itemListElement":[{"@type":"ListItem","position":1,"name":"In\u00edcio","item":"https:\/\/jornalboasnoticias.com.br\/home\/"},{"@type":"ListItem","position":2,"name":"Groenl\u00e2ndia no centro da crise: Trump eleva o tom e Europa discute rea\u00e7\u00e3o conjunta"}]},{"@type":"WebSite","@id":"https:\/\/jornalboasnoticias.com.br\/home\/#website","url":"https:\/\/jornalboasnoticias.com.br\/home\/","name":"Jornal Boas Not\u00edcias","description":"Boas not\u00edcias","publisher":{"@id":"https:\/\/jornalboasnoticias.com.br\/home\/#organization"},"potentialAction":[{"@type":"SearchAction","target":{"@type":"EntryPoint","urlTemplate":"https:\/\/jornalboasnoticias.com.br\/home\/?s={search_term_string}"},"query-input":{"@type":"PropertyValueSpecification","valueRequired":true,"valueName":"search_term_string"}}],"inLanguage":"pt-BR"},{"@type":"Organization","@id":"https:\/\/jornalboasnoticias.com.br\/home\/#organization","name":"Coq Editora Ltda","alternateName":"Jornal Boas Noticias","url":"https:\/\/jornalboasnoticias.com.br\/home\/","logo":{"@type":"ImageObject","inLanguage":"pt-BR","@id":"https:\/\/jornalboasnoticias.com.br\/home\/#\/schema\/logo\/image\/","url":"https:\/\/jornalboasnoticias.com.br\/home\/wp-content\/uploads\/2024\/07\/cropped-logo.jpg","contentUrl":"https:\/\/jornalboasnoticias.com.br\/home\/wp-content\/uploads\/2024\/07\/cropped-logo.jpg","width":290,"height":142,"caption":"Coq Editora Ltda"},"image":{"@id":"https:\/\/jornalboasnoticias.com.br\/home\/#\/schema\/logo\/image\/"},"sameAs":["https:\/\/www.facebook.com\/boasnoticiasjornal"]},{"@type":"Person","@id":"https:\/\/jornalboasnoticias.com.br\/home\/#\/schema\/person\/d641193e0afc6405b390164dac847971","name":"Ana Luiza Bonatto","image":{"@type":"ImageObject","inLanguage":"pt-BR","@id":"https:\/\/secure.gravatar.com\/avatar\/8a055ebe6373371f67ac6fcf313c0ac0b0a91157fdcdb9514fa62927373348f0?s=96&d=mm&r=g","url":"https:\/\/secure.gravatar.com\/avatar\/8a055ebe6373371f67ac6fcf313c0ac0b0a91157fdcdb9514fa62927373348f0?s=96&d=mm&r=g","contentUrl":"https:\/\/secure.gravatar.com\/avatar\/8a055ebe6373371f67ac6fcf313c0ac0b0a91157fdcdb9514fa62927373348f0?s=96&d=mm&r=g","caption":"Ana Luiza Bonatto"},"url":"https:\/\/jornalboasnoticias.com.br\/home\/author\/ana-luiza\/"}]}},"_links":{"self":[{"href":"https:\/\/jornalboasnoticias.com.br\/home\/wp-json\/wp\/v2\/posts\/47217","targetHints":{"allow":["GET"]}}],"collection":[{"href":"https:\/\/jornalboasnoticias.com.br\/home\/wp-json\/wp\/v2\/posts"}],"about":[{"href":"https:\/\/jornalboasnoticias.com.br\/home\/wp-json\/wp\/v2\/types\/post"}],"author":[{"embeddable":true,"href":"https:\/\/jornalboasnoticias.com.br\/home\/wp-json\/wp\/v2\/users\/4"}],"replies":[{"embeddable":true,"href":"https:\/\/jornalboasnoticias.com.br\/home\/wp-json\/wp\/v2\/comments?post=47217"}],"version-history":[{"count":1,"href":"https:\/\/jornalboasnoticias.com.br\/home\/wp-json\/wp\/v2\/posts\/47217\/revisions"}],"predecessor-version":[{"id":47219,"href":"https:\/\/jornalboasnoticias.com.br\/home\/wp-json\/wp\/v2\/posts\/47217\/revisions\/47219"}],"wp:featuredmedia":[{"embeddable":true,"href":"https:\/\/jornalboasnoticias.com.br\/home\/wp-json\/wp\/v2\/media\/47218"}],"wp:attachment":[{"href":"https:\/\/jornalboasnoticias.com.br\/home\/wp-json\/wp\/v2\/media?parent=47217"}],"wp:term":[{"taxonomy":"category","embeddable":true,"href":"https:\/\/jornalboasnoticias.com.br\/home\/wp-json\/wp\/v2\/categories?post=47217"},{"taxonomy":"post_tag","embeddable":true,"href":"https:\/\/jornalboasnoticias.com.br\/home\/wp-json\/wp\/v2\/tags?post=47217"}],"curies":[{"name":"wp","href":"https:\/\/api.w.org\/{rel}","templated":true}]}}