{"id":47205,"date":"2026-01-21T12:43:05","date_gmt":"2026-01-21T12:43:05","guid":{"rendered":"https:\/\/jornalboasnoticias.com.br\/home\/?p=47205"},"modified":"2026-01-21T12:43:05","modified_gmt":"2026-01-21T12:43:05","slug":"cobranca-de-malafaia-leva-damares-a-divulgar-lista-ligada-a-cpmi-do-inss","status":"publish","type":"post","link":"https:\/\/jornalboasnoticias.com.br\/home\/cobranca-de-malafaia-leva-damares-a-divulgar-lista-ligada-a-cpmi-do-inss\/","title":{"rendered":"Cobran\u00e7a de Malafaia leva Damares a divulgar lista ligada \u00e0 CPMI do INSS"},"content":{"rendered":"<figure id=\"attachment_47206\" aria-describedby=\"caption-attachment-47206\" style=\"width: 900px\" class=\"wp-caption alignnone\"><img loading=\"lazy\" decoding=\"async\" class=\"size-full wp-image-47206\" src=\"https:\/\/jornalboasnoticias.com.br\/home\/wp-content\/uploads\/2026\/01\/1edd0358-damares-malafaia.webp\" alt=\"\" width=\"900\" height=\"600\" srcset=\"https:\/\/jornalboasnoticias.com.br\/home\/wp-content\/uploads\/2026\/01\/1edd0358-damares-malafaia.webp 900w, https:\/\/jornalboasnoticias.com.br\/home\/wp-content\/uploads\/2026\/01\/1edd0358-damares-malafaia-300x200.webp 300w, https:\/\/jornalboasnoticias.com.br\/home\/wp-content\/uploads\/2026\/01\/1edd0358-damares-malafaia-768x512.webp 768w\" sizes=\"auto, (max-width: 900px) 100vw, 900px\" \/><figcaption id=\"caption-attachment-47206\" class=\"wp-caption-text\">Reprodu\u00e7\u00e3o<\/figcaption><\/figure>\n<blockquote>\n<p data-start=\"78\" data-end=\"330\"><strong data-start=\"78\" data-end=\"292\">Troca de acusa\u00e7\u00f5es entre a senadora e o pastor reacendeu uma disputa antiga e terminou com a publica\u00e7\u00e3o de requerimentos que mencionam igrejas e l\u00edderes religiosos no caso dos descontos indevidos em benef\u00edcios.<\/strong><\/p>\n<\/blockquote>\n<p data-start=\"332\" data-end=\"709\">A mais recente troca de farpas entre a senadora <strong data-start=\"380\" data-end=\"412\">Damares Alves (Republicanos)<\/strong> e o pastor <strong data-start=\"424\" data-end=\"442\">Silas Malafaia<\/strong> acabou colocando holofotes sobre uma lista de nomes e institui\u00e7\u00f5es citadas em requerimentos da <strong data-start=\"538\" data-end=\"554\">CPMI do INSS<\/strong>, comiss\u00e3o que apura suspeitas de fraudes envolvendo descontos indevidos em benef\u00edcios de aposentados e pensionistas.<\/p>\n<p data-start=\"711\" data-end=\"1034\">O embate ganhou for\u00e7a depois que Damares afirmou, em entrevista, que <strong data-start=\"780\" data-end=\"852\">igrejas evang\u00e9licas teriam aparecido em apura\u00e7\u00f5es ligadas ao esquema<\/strong>. Malafaia reagiu publicamente e cobrou que a senadora apresentasse nomes e provas, dizendo que acusa\u00e7\u00f5es desse tipo precisariam ser detalhadas.<\/p>\n<p data-start=\"1036\" data-end=\"1374\">Em resposta, Damares publicou uma lista com <strong data-start=\"1080\" data-end=\"1157\">requerimentos de convite, convoca\u00e7\u00e3o e pedidos de transfer\u00eancia de sigilo<\/strong>, al\u00e9m de registros de igrejas que teriam recebido <strong data-start=\"1208\" data-end=\"1252\">transfer\u00eancias banc\u00e1rias de investigados<\/strong>. A senadora afirmou que o material re\u00fane documentos apresentados no \u00e2mbito da CPMI.<\/p>\n<h3 data-start=\"1376\" data-end=\"1406\">O pano de fundo da disputa<\/h3>\n<p data-start=\"1407\" data-end=\"1710\">Segundo relatos citados na reportagem, a tens\u00e3o entre Damares e Malafaia n\u00e3o \u00e9 recente e remonta ao in\u00edcio do governo Bolsonaro, em disputas por espa\u00e7o pol\u00edtico e influ\u00eancia no campo conservador, com men\u00e7\u00f5es ao senador <strong data-start=\"1626\" data-end=\"1641\">Magno Malta<\/strong> como elemento desse hist\u00f3rico.<\/p>\n<h3 data-start=\"1712\" data-end=\"1743\">Lista divulgada por Damares<\/h3>\n<p data-start=\"1744\" data-end=\"1889\">A rela\u00e7\u00e3o publicada re\u00fane itens ligados a requerimentos e movimenta\u00e7\u00f5es financeiras sob an\u00e1lise. Entre os nomes e institui\u00e7\u00f5es citados, aparecem:<\/p>\n<p data-start=\"1891\" data-end=\"1902\"><strong data-start=\"1891\" data-end=\"1902\">Igrejas<\/strong><\/p>\n<ul data-start=\"1903\" data-end=\"2112\">\n<li data-start=\"1903\" data-end=\"1922\">\n<p data-start=\"1905\" data-end=\"1922\">Adora\u00e7\u00e3o Church<\/p>\n<\/li>\n<li data-start=\"1923\" data-end=\"1973\">\n<p data-start=\"1925\" data-end=\"1973\">Igreja Assembleia de Deus Minist\u00e9rio do Renovo<\/p>\n<\/li>\n<li data-start=\"1974\" data-end=\"2037\">\n<p data-start=\"1976\" data-end=\"2037\">Minist\u00e9rio Deus \u00e9 Fiel Church, identificada como SeteChurch<\/p>\n<\/li>\n<li data-start=\"2038\" data-end=\"2112\">\n<p data-start=\"2040\" data-end=\"2112\">Igreja Evang\u00e9lica Campo de Anatote<\/p>\n<\/li>\n<\/ul>\n<p data-start=\"2114\" data-end=\"2147\"><strong data-start=\"2114\" data-end=\"2147\">Pastores e l\u00edderes religiosos<\/strong><\/p>\n<ul data-start=\"2148\" data-end=\"2317\">\n<li data-start=\"2148\" data-end=\"2173\">\n<p data-start=\"2150\" data-end=\"2173\">Fabiano Campos Zettel<\/p>\n<\/li>\n<li data-start=\"2174\" data-end=\"2205\">\n<p data-start=\"2176\" data-end=\"2205\">Cesar Belucci do Nascimento<\/p>\n<\/li>\n<li data-start=\"2206\" data-end=\"2231\">\n<p data-start=\"2208\" data-end=\"2231\">Andr\u00e9 Machado Valad\u00e3o<\/p>\n<\/li>\n<li data-start=\"2232\" data-end=\"2261\">\n<p data-start=\"2234\" data-end=\"2261\">P\u00e9ricles Albino Gon\u00e7alves<\/p>\n<\/li>\n<li data-start=\"2262\" data-end=\"2317\">\n<p data-start=\"2264\" data-end=\"2317\">Andr\u00e9 Fernandes<\/p>\n<\/li>\n<\/ul>\n<p data-start=\"2319\" data-end=\"2557\">O caso segue em discuss\u00e3o na CPMI e, at\u00e9 aqui, a lista divulgada \u00e9 tratada como um compilado de requerimentos e registros relacionados \u00e0 apura\u00e7\u00e3o, n\u00e3o como conclus\u00e3o definitiva sobre responsabilidade.<\/p>\n","protected":false},"excerpt":{"rendered":"<p>Troca de acusa\u00e7\u00f5es entre a senadora e o pastor reacendeu uma disputa antiga e terminou<\/p>\n","protected":false},"author":4,"featured_media":47206,"comment_status":"open","ping_status":"open","sticky":false,"template":"","format":"standard","meta":{"footnotes":""},"categories":[6,3],"tags":[],"class_list":["post-47205","post","type-post","status-publish","format-standard","has-post-thumbnail","hentry","category-brasil","category-destaques"],"yoast_head":"<!-- This site is optimized with the Yoast SEO plugin v27.5 - https:\/\/yoast.com\/product\/yoast-seo-wordpress\/ -->\n<title>Cobran\u00e7a de Malafaia leva Damares a divulgar lista ligada \u00e0 CPMI do INSS - Jornal<\/title>\n<meta name=\"description\" content=\"Cobran\u00e7a de Malafaia leva Damares a divulgar lista ligada \u00e0 CPMI do INSS\" \/>\n<meta name=\"robots\" content=\"index, follow, max-snippet:-1, max-image-preview:large, max-video-preview:-1\" \/>\n<link rel=\"canonical\" href=\"https:\/\/jornalboasnoticias.com.br\/home\/cobranca-de-malafaia-leva-damares-a-divulgar-lista-ligada-a-cpmi-do-inss\/\" \/>\n<meta property=\"og:locale\" content=\"pt_BR\" \/>\n<meta property=\"og:type\" content=\"article\" \/>\n<meta property=\"og:title\" content=\"Cobran\u00e7a de Malafaia leva Damares a divulgar lista ligada \u00e0 CPMI do INSS - Jornal\" \/>\n<meta property=\"og:description\" content=\"Cobran\u00e7a de Malafaia leva Damares a divulgar lista ligada \u00e0 CPMI do INSS\" \/>\n<meta property=\"og:url\" content=\"https:\/\/jornalboasnoticias.com.br\/home\/cobranca-de-malafaia-leva-damares-a-divulgar-lista-ligada-a-cpmi-do-inss\/\" \/>\n<meta property=\"og:site_name\" content=\"Jornal\" \/>\n<meta property=\"article:publisher\" content=\"https:\/\/www.facebook.com\/boasnoticiasjornal\" \/>\n<meta property=\"article:published_time\" content=\"2026-01-21T12:43:05+00:00\" \/>\n<meta property=\"og:image\" content=\"https:\/\/jornalboasnoticias.com.br\/home\/wp-content\/uploads\/2026\/01\/1edd0358-damares-malafaia.webp\" \/>\n\t<meta property=\"og:image:width\" content=\"900\" \/>\n\t<meta property=\"og:image:height\" content=\"600\" \/>\n\t<meta property=\"og:image:type\" content=\"image\/webp\" \/>\n<meta name=\"author\" content=\"Ana Luiza Bonatto\" \/>\n<meta name=\"twitter:card\" content=\"summary_large_image\" \/>\n<meta name=\"twitter:label1\" content=\"Escrito por\" \/>\n\t<meta name=\"twitter:data1\" content=\"Ana Luiza Bonatto\" \/>\n\t<meta name=\"twitter:label2\" content=\"Est. tempo de leitura\" \/>\n\t<meta name=\"twitter:data2\" content=\"2 minutos\" \/>\n<script type=\"application\/ld+json\" class=\"yoast-schema-graph\">{\"@context\":\"https:\\\/\\\/schema.org\",\"@graph\":[{\"@type\":\"Article\",\"@id\":\"https:\\\/\\\/jornalboasnoticias.com.br\\\/home\\\/cobranca-de-malafaia-leva-damares-a-divulgar-lista-ligada-a-cpmi-do-inss\\\/#article\",\"isPartOf\":{\"@id\":\"https:\\\/\\\/jornalboasnoticias.com.br\\\/home\\\/cobranca-de-malafaia-leva-damares-a-divulgar-lista-ligada-a-cpmi-do-inss\\\/\"},\"author\":{\"name\":\"Ana Luiza Bonatto\",\"@id\":\"https:\\\/\\\/jornalboasnoticias.com.br\\\/home\\\/#\\\/schema\\\/person\\\/d641193e0afc6405b390164dac847971\"},\"headline\":\"Cobran\u00e7a de Malafaia leva Damares a divulgar lista ligada \u00e0 CPMI do INSS\",\"datePublished\":\"2026-01-21T12:43:05+00:00\",\"mainEntityOfPage\":{\"@id\":\"https:\\\/\\\/jornalboasnoticias.com.br\\\/home\\\/cobranca-de-malafaia-leva-damares-a-divulgar-lista-ligada-a-cpmi-do-inss\\\/\"},\"wordCount\":368,\"commentCount\":0,\"publisher\":{\"@id\":\"https:\\\/\\\/jornalboasnoticias.com.br\\\/home\\\/#organization\"},\"image\":{\"@id\":\"https:\\\/\\\/jornalboasnoticias.com.br\\\/home\\\/cobranca-de-malafaia-leva-damares-a-divulgar-lista-ligada-a-cpmi-do-inss\\\/#primaryimage\"},\"thumbnailUrl\":\"https:\\\/\\\/jornalboasnoticias.com.br\\\/home\\\/wp-content\\\/uploads\\\/2026\\\/01\\\/1edd0358-damares-malafaia.webp\",\"articleSection\":[\"BRASIL\",\"DESTAQUE\"],\"inLanguage\":\"pt-BR\",\"potentialAction\":[{\"@type\":\"CommentAction\",\"name\":\"Comment\",\"target\":[\"https:\\\/\\\/jornalboasnoticias.com.br\\\/home\\\/cobranca-de-malafaia-leva-damares-a-divulgar-lista-ligada-a-cpmi-do-inss\\\/#respond\"]}]},{\"@type\":\"WebPage\",\"@id\":\"https:\\\/\\\/jornalboasnoticias.com.br\\\/home\\\/cobranca-de-malafaia-leva-damares-a-divulgar-lista-ligada-a-cpmi-do-inss\\\/\",\"url\":\"https:\\\/\\\/jornalboasnoticias.com.br\\\/home\\\/cobranca-de-malafaia-leva-damares-a-divulgar-lista-ligada-a-cpmi-do-inss\\\/\",\"name\":\"Cobran\u00e7a de Malafaia leva Damares a divulgar lista ligada \u00e0 CPMI do INSS - Jornal\",\"isPartOf\":{\"@id\":\"https:\\\/\\\/jornalboasnoticias.com.br\\\/home\\\/#website\"},\"primaryImageOfPage\":{\"@id\":\"https:\\\/\\\/jornalboasnoticias.com.br\\\/home\\\/cobranca-de-malafaia-leva-damares-a-divulgar-lista-ligada-a-cpmi-do-inss\\\/#primaryimage\"},\"image\":{\"@id\":\"https:\\\/\\\/jornalboasnoticias.com.br\\\/home\\\/cobranca-de-malafaia-leva-damares-a-divulgar-lista-ligada-a-cpmi-do-inss\\\/#primaryimage\"},\"thumbnailUrl\":\"https:\\\/\\\/jornalboasnoticias.com.br\\\/home\\\/wp-content\\\/uploads\\\/2026\\\/01\\\/1edd0358-damares-malafaia.webp\",\"datePublished\":\"2026-01-21T12:43:05+00:00\",\"description\":\"Cobran\u00e7a de Malafaia leva Damares a divulgar lista ligada \u00e0 CPMI do INSS\",\"breadcrumb\":{\"@id\":\"https:\\\/\\\/jornalboasnoticias.com.br\\\/home\\\/cobranca-de-malafaia-leva-damares-a-divulgar-lista-ligada-a-cpmi-do-inss\\\/#breadcrumb\"},\"inLanguage\":\"pt-BR\",\"potentialAction\":[{\"@type\":\"ReadAction\",\"target\":[\"https:\\\/\\\/jornalboasnoticias.com.br\\\/home\\\/cobranca-de-malafaia-leva-damares-a-divulgar-lista-ligada-a-cpmi-do-inss\\\/\"]}]},{\"@type\":\"ImageObject\",\"inLanguage\":\"pt-BR\",\"@id\":\"https:\\\/\\\/jornalboasnoticias.com.br\\\/home\\\/cobranca-de-malafaia-leva-damares-a-divulgar-lista-ligada-a-cpmi-do-inss\\\/#primaryimage\",\"url\":\"https:\\\/\\\/jornalboasnoticias.com.br\\\/home\\\/wp-content\\\/uploads\\\/2026\\\/01\\\/1edd0358-damares-malafaia.webp\",\"contentUrl\":\"https:\\\/\\\/jornalboasnoticias.com.br\\\/home\\\/wp-content\\\/uploads\\\/2026\\\/01\\\/1edd0358-damares-malafaia.webp\",\"width\":900,\"height\":600,\"caption\":\"Reprodu\u00e7\u00e3o\"},{\"@type\":\"BreadcrumbList\",\"@id\":\"https:\\\/\\\/jornalboasnoticias.com.br\\\/home\\\/cobranca-de-malafaia-leva-damares-a-divulgar-lista-ligada-a-cpmi-do-inss\\\/#breadcrumb\",\"itemListElement\":[{\"@type\":\"ListItem\",\"position\":1,\"name\":\"In\u00edcio\",\"item\":\"https:\\\/\\\/jornalboasnoticias.com.br\\\/home\\\/\"},{\"@type\":\"ListItem\",\"position\":2,\"name\":\"Cobran\u00e7a de Malafaia leva Damares a divulgar lista ligada \u00e0 CPMI do INSS\"}]},{\"@type\":\"WebSite\",\"@id\":\"https:\\\/\\\/jornalboasnoticias.com.br\\\/home\\\/#website\",\"url\":\"https:\\\/\\\/jornalboasnoticias.com.br\\\/home\\\/\",\"name\":\"Jornal Boas Not\u00edcias\",\"description\":\"Boas not\u00edcias\",\"publisher\":{\"@id\":\"https:\\\/\\\/jornalboasnoticias.com.br\\\/home\\\/#organization\"},\"potentialAction\":[{\"@type\":\"SearchAction\",\"target\":{\"@type\":\"EntryPoint\",\"urlTemplate\":\"https:\\\/\\\/jornalboasnoticias.com.br\\\/home\\\/?s={search_term_string}\"},\"query-input\":{\"@type\":\"PropertyValueSpecification\",\"valueRequired\":true,\"valueName\":\"search_term_string\"}}],\"inLanguage\":\"pt-BR\"},{\"@type\":\"Organization\",\"@id\":\"https:\\\/\\\/jornalboasnoticias.com.br\\\/home\\\/#organization\",\"name\":\"Coq Editora Ltda\",\"alternateName\":\"Jornal Boas Noticias\",\"url\":\"https:\\\/\\\/jornalboasnoticias.com.br\\\/home\\\/\",\"logo\":{\"@type\":\"ImageObject\",\"inLanguage\":\"pt-BR\",\"@id\":\"https:\\\/\\\/jornalboasnoticias.com.br\\\/home\\\/#\\\/schema\\\/logo\\\/image\\\/\",\"url\":\"https:\\\/\\\/jornalboasnoticias.com.br\\\/home\\\/wp-content\\\/uploads\\\/2024\\\/07\\\/cropped-logo.jpg\",\"contentUrl\":\"https:\\\/\\\/jornalboasnoticias.com.br\\\/home\\\/wp-content\\\/uploads\\\/2024\\\/07\\\/cropped-logo.jpg\",\"width\":290,\"height\":142,\"caption\":\"Coq Editora Ltda\"},\"image\":{\"@id\":\"https:\\\/\\\/jornalboasnoticias.com.br\\\/home\\\/#\\\/schema\\\/logo\\\/image\\\/\"},\"sameAs\":[\"https:\\\/\\\/www.facebook.com\\\/boasnoticiasjornal\"]},{\"@type\":\"Person\",\"@id\":\"https:\\\/\\\/jornalboasnoticias.com.br\\\/home\\\/#\\\/schema\\\/person\\\/d641193e0afc6405b390164dac847971\",\"name\":\"Ana Luiza Bonatto\",\"image\":{\"@type\":\"ImageObject\",\"inLanguage\":\"pt-BR\",\"@id\":\"https:\\\/\\\/secure.gravatar.com\\\/avatar\\\/8a055ebe6373371f67ac6fcf313c0ac0b0a91157fdcdb9514fa62927373348f0?s=96&d=mm&r=g\",\"url\":\"https:\\\/\\\/secure.gravatar.com\\\/avatar\\\/8a055ebe6373371f67ac6fcf313c0ac0b0a91157fdcdb9514fa62927373348f0?s=96&d=mm&r=g\",\"contentUrl\":\"https:\\\/\\\/secure.gravatar.com\\\/avatar\\\/8a055ebe6373371f67ac6fcf313c0ac0b0a91157fdcdb9514fa62927373348f0?s=96&d=mm&r=g\",\"caption\":\"Ana Luiza Bonatto\"},\"url\":\"https:\\\/\\\/jornalboasnoticias.com.br\\\/home\\\/author\\\/ana-luiza\\\/\"}]}<\/script>\n<!-- \/ Yoast SEO plugin. -->","yoast_head_json":{"title":"Cobran\u00e7a de Malafaia leva Damares a divulgar lista ligada \u00e0 CPMI do INSS - Jornal","description":"Cobran\u00e7a de Malafaia leva Damares a divulgar lista ligada \u00e0 CPMI do INSS","robots":{"index":"index","follow":"follow","max-snippet":"max-snippet:-1","max-image-preview":"max-image-preview:large","max-video-preview":"max-video-preview:-1"},"canonical":"https:\/\/jornalboasnoticias.com.br\/home\/cobranca-de-malafaia-leva-damares-a-divulgar-lista-ligada-a-cpmi-do-inss\/","og_locale":"pt_BR","og_type":"article","og_title":"Cobran\u00e7a de Malafaia leva Damares a divulgar lista ligada \u00e0 CPMI do INSS - Jornal","og_description":"Cobran\u00e7a de Malafaia leva Damares a divulgar lista ligada \u00e0 CPMI do INSS","og_url":"https:\/\/jornalboasnoticias.com.br\/home\/cobranca-de-malafaia-leva-damares-a-divulgar-lista-ligada-a-cpmi-do-inss\/","og_site_name":"Jornal","article_publisher":"https:\/\/www.facebook.com\/boasnoticiasjornal","article_published_time":"2026-01-21T12:43:05+00:00","og_image":[{"width":900,"height":600,"url":"https:\/\/jornalboasnoticias.com.br\/home\/wp-content\/uploads\/2026\/01\/1edd0358-damares-malafaia.webp","type":"image\/webp"}],"author":"Ana Luiza Bonatto","twitter_card":"summary_large_image","twitter_misc":{"Escrito por":"Ana Luiza Bonatto","Est. tempo de leitura":"2 minutos"},"schema":{"@context":"https:\/\/schema.org","@graph":[{"@type":"Article","@id":"https:\/\/jornalboasnoticias.com.br\/home\/cobranca-de-malafaia-leva-damares-a-divulgar-lista-ligada-a-cpmi-do-inss\/#article","isPartOf":{"@id":"https:\/\/jornalboasnoticias.com.br\/home\/cobranca-de-malafaia-leva-damares-a-divulgar-lista-ligada-a-cpmi-do-inss\/"},"author":{"name":"Ana Luiza Bonatto","@id":"https:\/\/jornalboasnoticias.com.br\/home\/#\/schema\/person\/d641193e0afc6405b390164dac847971"},"headline":"Cobran\u00e7a de Malafaia leva Damares a divulgar lista ligada \u00e0 CPMI do INSS","datePublished":"2026-01-21T12:43:05+00:00","mainEntityOfPage":{"@id":"https:\/\/jornalboasnoticias.com.br\/home\/cobranca-de-malafaia-leva-damares-a-divulgar-lista-ligada-a-cpmi-do-inss\/"},"wordCount":368,"commentCount":0,"publisher":{"@id":"https:\/\/jornalboasnoticias.com.br\/home\/#organization"},"image":{"@id":"https:\/\/jornalboasnoticias.com.br\/home\/cobranca-de-malafaia-leva-damares-a-divulgar-lista-ligada-a-cpmi-do-inss\/#primaryimage"},"thumbnailUrl":"https:\/\/jornalboasnoticias.com.br\/home\/wp-content\/uploads\/2026\/01\/1edd0358-damares-malafaia.webp","articleSection":["BRASIL","DESTAQUE"],"inLanguage":"pt-BR","potentialAction":[{"@type":"CommentAction","name":"Comment","target":["https:\/\/jornalboasnoticias.com.br\/home\/cobranca-de-malafaia-leva-damares-a-divulgar-lista-ligada-a-cpmi-do-inss\/#respond"]}]},{"@type":"WebPage","@id":"https:\/\/jornalboasnoticias.com.br\/home\/cobranca-de-malafaia-leva-damares-a-divulgar-lista-ligada-a-cpmi-do-inss\/","url":"https:\/\/jornalboasnoticias.com.br\/home\/cobranca-de-malafaia-leva-damares-a-divulgar-lista-ligada-a-cpmi-do-inss\/","name":"Cobran\u00e7a de Malafaia leva Damares a divulgar lista ligada \u00e0 CPMI do INSS - Jornal","isPartOf":{"@id":"https:\/\/jornalboasnoticias.com.br\/home\/#website"},"primaryImageOfPage":{"@id":"https:\/\/jornalboasnoticias.com.br\/home\/cobranca-de-malafaia-leva-damares-a-divulgar-lista-ligada-a-cpmi-do-inss\/#primaryimage"},"image":{"@id":"https:\/\/jornalboasnoticias.com.br\/home\/cobranca-de-malafaia-leva-damares-a-divulgar-lista-ligada-a-cpmi-do-inss\/#primaryimage"},"thumbnailUrl":"https:\/\/jornalboasnoticias.com.br\/home\/wp-content\/uploads\/2026\/01\/1edd0358-damares-malafaia.webp","datePublished":"2026-01-21T12:43:05+00:00","description":"Cobran\u00e7a de Malafaia leva Damares a divulgar lista ligada \u00e0 CPMI do INSS","breadcrumb":{"@id":"https:\/\/jornalboasnoticias.com.br\/home\/cobranca-de-malafaia-leva-damares-a-divulgar-lista-ligada-a-cpmi-do-inss\/#breadcrumb"},"inLanguage":"pt-BR","potentialAction":[{"@type":"ReadAction","target":["https:\/\/jornalboasnoticias.com.br\/home\/cobranca-de-malafaia-leva-damares-a-divulgar-lista-ligada-a-cpmi-do-inss\/"]}]},{"@type":"ImageObject","inLanguage":"pt-BR","@id":"https:\/\/jornalboasnoticias.com.br\/home\/cobranca-de-malafaia-leva-damares-a-divulgar-lista-ligada-a-cpmi-do-inss\/#primaryimage","url":"https:\/\/jornalboasnoticias.com.br\/home\/wp-content\/uploads\/2026\/01\/1edd0358-damares-malafaia.webp","contentUrl":"https:\/\/jornalboasnoticias.com.br\/home\/wp-content\/uploads\/2026\/01\/1edd0358-damares-malafaia.webp","width":900,"height":600,"caption":"Reprodu\u00e7\u00e3o"},{"@type":"BreadcrumbList","@id":"https:\/\/jornalboasnoticias.com.br\/home\/cobranca-de-malafaia-leva-damares-a-divulgar-lista-ligada-a-cpmi-do-inss\/#breadcrumb","itemListElement":[{"@type":"ListItem","position":1,"name":"In\u00edcio","item":"https:\/\/jornalboasnoticias.com.br\/home\/"},{"@type":"ListItem","position":2,"name":"Cobran\u00e7a de Malafaia leva Damares a divulgar lista ligada \u00e0 CPMI do INSS"}]},{"@type":"WebSite","@id":"https:\/\/jornalboasnoticias.com.br\/home\/#website","url":"https:\/\/jornalboasnoticias.com.br\/home\/","name":"Jornal Boas Not\u00edcias","description":"Boas not\u00edcias","publisher":{"@id":"https:\/\/jornalboasnoticias.com.br\/home\/#organization"},"potentialAction":[{"@type":"SearchAction","target":{"@type":"EntryPoint","urlTemplate":"https:\/\/jornalboasnoticias.com.br\/home\/?s={search_term_string}"},"query-input":{"@type":"PropertyValueSpecification","valueRequired":true,"valueName":"search_term_string"}}],"inLanguage":"pt-BR"},{"@type":"Organization","@id":"https:\/\/jornalboasnoticias.com.br\/home\/#organization","name":"Coq Editora Ltda","alternateName":"Jornal Boas Noticias","url":"https:\/\/jornalboasnoticias.com.br\/home\/","logo":{"@type":"ImageObject","inLanguage":"pt-BR","@id":"https:\/\/jornalboasnoticias.com.br\/home\/#\/schema\/logo\/image\/","url":"https:\/\/jornalboasnoticias.com.br\/home\/wp-content\/uploads\/2024\/07\/cropped-logo.jpg","contentUrl":"https:\/\/jornalboasnoticias.com.br\/home\/wp-content\/uploads\/2024\/07\/cropped-logo.jpg","width":290,"height":142,"caption":"Coq Editora Ltda"},"image":{"@id":"https:\/\/jornalboasnoticias.com.br\/home\/#\/schema\/logo\/image\/"},"sameAs":["https:\/\/www.facebook.com\/boasnoticiasjornal"]},{"@type":"Person","@id":"https:\/\/jornalboasnoticias.com.br\/home\/#\/schema\/person\/d641193e0afc6405b390164dac847971","name":"Ana Luiza Bonatto","image":{"@type":"ImageObject","inLanguage":"pt-BR","@id":"https:\/\/secure.gravatar.com\/avatar\/8a055ebe6373371f67ac6fcf313c0ac0b0a91157fdcdb9514fa62927373348f0?s=96&d=mm&r=g","url":"https:\/\/secure.gravatar.com\/avatar\/8a055ebe6373371f67ac6fcf313c0ac0b0a91157fdcdb9514fa62927373348f0?s=96&d=mm&r=g","contentUrl":"https:\/\/secure.gravatar.com\/avatar\/8a055ebe6373371f67ac6fcf313c0ac0b0a91157fdcdb9514fa62927373348f0?s=96&d=mm&r=g","caption":"Ana Luiza Bonatto"},"url":"https:\/\/jornalboasnoticias.com.br\/home\/author\/ana-luiza\/"}]}},"_links":{"self":[{"href":"https:\/\/jornalboasnoticias.com.br\/home\/wp-json\/wp\/v2\/posts\/47205","targetHints":{"allow":["GET"]}}],"collection":[{"href":"https:\/\/jornalboasnoticias.com.br\/home\/wp-json\/wp\/v2\/posts"}],"about":[{"href":"https:\/\/jornalboasnoticias.com.br\/home\/wp-json\/wp\/v2\/types\/post"}],"author":[{"embeddable":true,"href":"https:\/\/jornalboasnoticias.com.br\/home\/wp-json\/wp\/v2\/users\/4"}],"replies":[{"embeddable":true,"href":"https:\/\/jornalboasnoticias.com.br\/home\/wp-json\/wp\/v2\/comments?post=47205"}],"version-history":[{"count":1,"href":"https:\/\/jornalboasnoticias.com.br\/home\/wp-json\/wp\/v2\/posts\/47205\/revisions"}],"predecessor-version":[{"id":47207,"href":"https:\/\/jornalboasnoticias.com.br\/home\/wp-json\/wp\/v2\/posts\/47205\/revisions\/47207"}],"wp:featuredmedia":[{"embeddable":true,"href":"https:\/\/jornalboasnoticias.com.br\/home\/wp-json\/wp\/v2\/media\/47206"}],"wp:attachment":[{"href":"https:\/\/jornalboasnoticias.com.br\/home\/wp-json\/wp\/v2\/media?parent=47205"}],"wp:term":[{"taxonomy":"category","embeddable":true,"href":"https:\/\/jornalboasnoticias.com.br\/home\/wp-json\/wp\/v2\/categories?post=47205"},{"taxonomy":"post_tag","embeddable":true,"href":"https:\/\/jornalboasnoticias.com.br\/home\/wp-json\/wp\/v2\/tags?post=47205"}],"curies":[{"name":"wp","href":"https:\/\/api.w.org\/{rel}","templated":true}]}}