{"id":47194,"date":"2026-01-20T12:45:46","date_gmt":"2026-01-20T12:45:46","guid":{"rendered":"https:\/\/jornalboasnoticias.com.br\/home\/?p=47194"},"modified":"2026-01-20T12:45:46","modified_gmt":"2026-01-20T12:45:46","slug":"enamed-veja-cursos-de-medicina-que-terao-sancoes-por-desempenho-ruim","status":"publish","type":"post","link":"https:\/\/jornalboasnoticias.com.br\/home\/enamed-veja-cursos-de-medicina-que-terao-sancoes-por-desempenho-ruim\/","title":{"rendered":"Enamed: Veja cursos de medicina que ter\u00e3o san\u00e7\u00f5es por desempenho ruim"},"content":{"rendered":"<div class=\"header-noticia full-width\">\n<div>\n<figure id=\"attachment_47195\" aria-describedby=\"caption-attachment-47195\" style=\"width: 1170px\" class=\"wp-caption alignnone\"><img loading=\"lazy\" decoding=\"async\" class=\"size-full wp-image-47195\" src=\"https:\/\/jornalboasnoticias.com.br\/home\/wp-content\/uploads\/2026\/01\/revalida_mcamgo_abr_100720211818-7.webp\" alt=\"\" width=\"1170\" height=\"700\" srcset=\"https:\/\/jornalboasnoticias.com.br\/home\/wp-content\/uploads\/2026\/01\/revalida_mcamgo_abr_100720211818-7.webp 1170w, https:\/\/jornalboasnoticias.com.br\/home\/wp-content\/uploads\/2026\/01\/revalida_mcamgo_abr_100720211818-7-300x179.webp 300w, https:\/\/jornalboasnoticias.com.br\/home\/wp-content\/uploads\/2026\/01\/revalida_mcamgo_abr_100720211818-7-1024x613.webp 1024w, https:\/\/jornalboasnoticias.com.br\/home\/wp-content\/uploads\/2026\/01\/revalida_mcamgo_abr_100720211818-7-768x459.webp 768w\" sizes=\"auto, (max-width: 1170px) 100vw, 1170px\" \/><figcaption id=\"caption-attachment-47195\" class=\"wp-caption-text\">\u00a9 Marcelo Camargo\/Ag\u00eancia Brasil<\/figcaption><\/figure>\n<\/div>\n<\/div>\n<blockquote>\n<div class=\"header-noticia full-width\">\n<div class=\"linha-fina-noticia\">Cerca de 30% dos cursos analisados tiveram avalia\u00e7\u00e3o insatisfat\u00f3ria<\/div>\n<\/div>\n<\/blockquote>\n<div class=\"container-autoria\">\n<p><strong>Nesta segunda-feira\u00a0 (19), o Minist\u00e9rio da Educa\u00e7\u00e3o (MEC)\u00a0apresentou os resultados\u00a0da primeira edi\u00e7\u00e3o Exame Nacional de Avalia\u00e7\u00e3o da Forma\u00e7\u00e3o M\u00e9dica (Enamed), que avaliou 351 cursos de medicina em todo o pa\u00eds.\u00a0<\/strong>Desse total, cerca de 30% tiveram desempenho insatisfat\u00f3rio, quando menos de 60% dos estudantes foram considerados proficientes.\u00a0<img decoding=\"async\" src=\"https:\/\/agenciabrasil.ebc.com.br\/ebc.png?id=1675398&amp;o=node\" \/><img decoding=\"async\" src=\"https:\/\/agenciabrasil.ebc.com.br\/ebc.gif?id=1675398&amp;o=node\" \/><\/p>\n<p><strong>A partir da publica\u00e7\u00e3o dos dados, os cursos com nota insatisfat\u00f3ria e que pertencem ao Sistema Federal de Ensino, que inclui as universidades federais e as institui\u00e7\u00f5es privadas, passar\u00e3o por um processo de supervis\u00e3o em que podem ser adotadas medidas cautelares.<\/strong>\u00a0Ao todo, s\u00e3o 99 cursos nessa situa\u00e7\u00e3o (confira a lista abaixo). As institui\u00e7\u00f5es p\u00fablicas estaduais, distritais e municipais n\u00e3o passam pelo processo, uma vez que\u00a0 s\u00e3o supervisionadas pelos respectivos conselhos e secretarias de educa\u00e7\u00e3o locais.<\/p>\n<p class=\"rtecenter\"><strong>&gt;&gt;O MEC divulgou em seu site a lista com as notas de todos os cursos avaliados.\u00a0<a href=\"https:\/\/www.gov.br\/mec\/pt-br\/assuntos\/noticias\/2026\/janeiro\/enamed-divulgadas-avaliacao-dos-cursos-de-medicina-e-medidas-de-supervisao\">Confira aqui.<\/a>\u00a0<\/strong><\/p>\n<h2>Medidas<\/h2>\n<p><strong>As san\u00e7\u00f5es, de acordo com o MEC, ser\u00e3o escalonadas e podem prever desde a redu\u00e7\u00e3o de vagas at\u00e9 a suspens\u00e3o de oferta via Fundo de Financiamento Estudantil (Fies). As medidas cautelares ser\u00e3o aplicadas conforme o desempenho do curso.\u00a0\u00a0<\/strong><\/p>\n<blockquote><p>\u201cQuanto maior o risco ou amea\u00e7a ao interesse p\u00fablico, mais graves ser\u00e3o as medidas adotadas\u201d, informou o MEC.<\/p><\/blockquote>\n<p>Ap\u00f3s a publica\u00e7\u00e3o dos resultados no Di\u00e1rio Oficial da Uni\u00e3o, esses 99 cursos ter\u00e3o 30 dias para apresentar a defesa ao MEC, antes que as san\u00e7\u00f5es entrem em vigor. Ap\u00f3s o prazo, as medidas valer\u00e3o at\u00e9 a pr\u00f3xima aplica\u00e7\u00e3o do Enamed, prevista para outubro de 2026.<\/p>\n<h2>Resultados<\/h2>\n<p>Os melhores desempenhos no Enamed foram observados entre 6.502 estudantes de institui\u00e7\u00f5es federais, que apresentaram uma pontua\u00e7\u00e3o m\u00e9dia de 83,1% de profici\u00eancia, seguido dos alunos das estaduais, com m\u00e9dia de 86,6%, entre os 2.402 inscritos.<\/p>\n<p>Os piores desempenhos foram dos 944 concluintes da rede municipal, que somaram uma m\u00e9dia de 49,7% da pontua\u00e7\u00e3o m\u00e1xima, com resultado m\u00e9dio considerado insuficiente pelo exame. Os 15.409 estudantes da rede privada com fins lucrativos tamb\u00e9m apresentaram uma m\u00e9dia de apenas 57,2% da pontua\u00e7\u00e3o m\u00e1xima.<\/p>\n<h2>Enamed<\/h2>\n<p>Criado em abril de 2025,\u00a0 o Enamed \u00e9 a adapta\u00e7\u00e3o do Exame Nacional de Avalia\u00e7\u00e3o dos Estudantes (Enade) para estudantes concluintes do curso de medicina, com o objetivo de avaliar a forma\u00e7\u00e3o m\u00e9dica no Brasil. O exame \u00e9 obrigat\u00f3rio e o resultado obtido pelo estudante pode ser usado para ingressar nos programa de resid\u00eancia m\u00e9dica unificado do MEC, organizado pela Empresa Brasileira de Servi\u00e7os Hospitalares (Ebserh) por meio do Exame Nacional de Resid\u00eancia (Enare).<\/p>\n<p><strong>Confira a lista dos 99 cursos de medicina que ser\u00e3o supervisionados\u00a0<\/strong><\/p>\n<ul>\n<li>Centro Universit\u00e1rio do Panatanal (Unipantanal) &#8211; privada com fins lucrativos &#8211; C\u00e1rceres (MT)<\/li>\n<li>Universidade Est\u00e1cio de S\u00e1 (UNESA) \u2013 privada com fins lucrativos \u2013 Angra dos Reis (RJ)<\/li>\n<li>Faculdade Metropolitana (UNNESA) \u2013 privada com fins lucrativos \u2013 Porto Velho (RO)<\/li>\n<li>Centro Universit\u00e1rio Alfredo Nasser (UNIFAN) \u2013 privada com fins lucrativos \u2013 Aparecida de Goi\u00e2nia (GO)<\/li>\n<li>Faculdades de Dracena \u2013 privada sem fins lucrativos \u2013 Dracena (SP)<\/li>\n<li>Centro Universit\u00e1rio de Adamantina (FAI) \u2013 especial \u2013 Adamantina (SP)<\/li>\n<li>Centro Universit\u00e1rio do Pantanal (Unipantanal) \u2013 privada com fins lucrativos \u2013 C\u00e1ceres (MT)<\/li>\n<li>Centro Universit\u00e1rio Est\u00e1cio do Cear\u00e1 (Est\u00e1cio Cear\u00e1) \u2013 privada com fins lucrativos \u2013 Fortaleza (CE)<\/li>\n<li>Centro Universit\u00e1rio Est\u00e1cio de Ribeir\u00e3o Preto (Est\u00e1cio RP) \u2013 privada com fins lucrativos \u2013 Ribeir\u00e3o Preto (SP)<\/li>\n<li>Centro Universit\u00e1rio Est\u00e1cio de S\u00e3o Paulo (Est\u00e1cio SP) \u2013 privada com fins lucrativos \u2013 S\u00e3o Paulo (SP)<\/li>\n<li>Centro Universit\u00e1rio Est\u00e1cio de Santa Catarina (Est\u00e1cio SC) \u2013 privada com fins lucrativos \u2013 S\u00e3o Jos\u00e9 (SC)<\/li>\n<li>Centro Universit\u00e1rio Est\u00e1cio de Belo Horizonte (Est\u00e1cio BH) \u2013 privada com fins lucrativos \u2013 Belo Horizonte (MG)<\/li>\n<li>Centro Universit\u00e1rio Est\u00e1cio de Bras\u00edlia (Est\u00e1cio Bras\u00edlia) \u2013 privada com fins lucrativos \u2013 Bras\u00edlia (DF)<\/li>\n<li>Centro Universit\u00e1rio Est\u00e1cio de Goi\u00e1s (Est\u00e1cio Goi\u00e1s) \u2013 privada com fins lucrativos \u2013 Goi\u00e2nia (GO)<\/li>\n<li>Centro Universit\u00e1rio Est\u00e1cio de Juiz de Fora (Est\u00e1cio JF) \u2013 privada com fins lucrativos \u2013 Juiz de Fora (MG)<\/li>\n<li>Centro Universit\u00e1rio Est\u00e1cio de Natal (Est\u00e1cio Natal) \u2013 privada com fins lucrativos \u2013 Natal (RN)<\/li>\n<li>Centro Universit\u00e1rio Est\u00e1cio de Recife (Est\u00e1cio Recife) \u2013 privada com fins lucrativos \u2013 Recife (PE)<\/li>\n<li>Centro Universit\u00e1rio Est\u00e1cio de Salvador (Est\u00e1cio Salvador) \u2013 privada com fins lucrativos \u2013 Salvador (BA)<\/li>\n<li>Centro Universit\u00e1rio Est\u00e1cio de Teresina (Est\u00e1cio Teresina) \u2013 privada com fins lucrativos \u2013 Teresina (PI)<\/li>\n<li>Centro Universit\u00e1rio Est\u00e1cio do Par\u00e1 (Est\u00e1cio Par\u00e1) \u2013 privada com fins lucrativos \u2013 Bel\u00e9m (PA)<\/li>\n<li>Centro Universit\u00e1rio Est\u00e1cio do Rio Grande do Sul (Est\u00e1cio RS) \u2013 privada com fins lucrativos \u2013 Porto Alegre (RS)<\/li>\n<li>Centro Universit\u00e1rio Est\u00e1cio do Amazonas (Est\u00e1cio Amazonas) \u2013 privada com fins lucrativos \u2013 Manaus (AM)<\/li>\n<li>Centro Universit\u00e1rio Est\u00e1cio do Maranh\u00e3o (Est\u00e1cio MA) \u2013 privada com fins lucrativos \u2013 S\u00e3o Lu\u00eds (MA)<\/li>\n<li>Centro Universit\u00e1rio Est\u00e1cio do Piau\u00ed (Est\u00e1cio PI) \u2013 privada com fins lucrativos \u2013 Teresina (PI)<\/li>\n<li>Centro Universit\u00e1rio Est\u00e1cio do Tocantins (Est\u00e1cio TO) \u2013 privada com fins lucrativos \u2013 Palmas (TO)<\/li>\n<li>Centro Universit\u00e1rio Est\u00e1cio do Amap\u00e1 (Est\u00e1cio AP) \u2013 privada com fins lucrativos \u2013 Macap\u00e1 (AP)<\/li>\n<li>Centro Universit\u00e1rio Est\u00e1cio do Acre (Est\u00e1cio AC) \u2013 privada com fins lucrativos \u2013 Rio Branco (AC)<\/li>\n<li>Centro Universit\u00e1rio Est\u00e1cio de Vit\u00f3ria (Est\u00e1cio Vit\u00f3ria) \u2013 privada com fins lucrativos \u2013 Vit\u00f3ria (ES)<\/li>\n<li>Centro Universit\u00e1rio Est\u00e1cio de Campinas (Est\u00e1cio Campinas) \u2013 privada com fins lucrativos \u2013 Campinas (SP)<\/li>\n<li>Centro Universit\u00e1rio Est\u00e1cio de Sorocaba (Est\u00e1cio Sorocaba) \u2013 privada com fins lucrativos \u2013 Sorocaba (SP)<\/li>\n<li>Centro Universit\u00e1rio Est\u00e1cio de Santos (Est\u00e1cio Santos) \u2013 privada com fins lucrativos \u2013 Santos (SP)<\/li>\n<li>Centro Universit\u00e1rio Est\u00e1cio de S\u00e3o Jos\u00e9 dos Campos (Est\u00e1cio SJC) \u2013 privada com fins lucrativos \u2013 S\u00e3o Jos\u00e9 dos Campos (SP)<\/li>\n<li>Centro Universit\u00e1rio Est\u00e1cio de Taubat\u00e9 (Est\u00e1cio Taubat\u00e9) \u2013 privada com fins lucrativos \u2013 Taubat\u00e9 (SP)<\/li>\n<li>Centro Universit\u00e1rio Est\u00e1cio de Guarulhos (Est\u00e1cio Guarulhos) \u2013 privada com fins lucrativos \u2013 Guarulhos (SP)<\/li>\n<li>Centro Universit\u00e1rio Est\u00e1cio de Osasco (Est\u00e1cio Osasco) \u2013 privada com fins lucrativos \u2013 Osasco (SP)<\/li>\n<li>Centro Universit\u00e1rio Est\u00e1cio de Santo Andr\u00e9 (Est\u00e1cio Santo Andr\u00e9) \u2013 privada com fins lucrativos \u2013 Santo Andr\u00e9 (SP)<\/li>\n<li>Centro Universit\u00e1rio Est\u00e1cio de S\u00e3o Bernardo do Campo (Est\u00e1cio SBC) \u2013 privada com fins lucrativos \u2013 S\u00e3o Bernardo do Campo (SP)<\/li>\n<li>Centro Universit\u00e1rio Est\u00e1cio de Diadema (Est\u00e1cio Diadema) \u2013 privada com fins lucrativos \u2013 Diadema (SP)<\/li>\n<li>Centro Universit\u00e1rio Est\u00e1cio de Mau\u00e1 (Est\u00e1cio Mau\u00e1) \u2013 privada com fins lucrativos \u2013 Mau\u00e1 (SP)<\/li>\n<li>Centro Universit\u00e1rio Est\u00e1cio de Suzano (Est\u00e1cio Suzano) \u2013 privada com fins lucrativos \u2013 Suzano (SP)<\/li>\n<li>Centro Universit\u00e1rio Est\u00e1cio de Mogi das Cruzes (Est\u00e1cio Mogi) \u2013 privada com fins lucrativos \u2013 Mogi das Cruzes (SP)<\/li>\n<li>Centro Universit\u00e1rio Est\u00e1cio de Barueri (Est\u00e1cio Barueri) \u2013 privada com fins lucrativos \u2013 Barueri (SP)<\/li>\n<li>Centro Universit\u00e1rio Est\u00e1cio de Cotia (Est\u00e1cio Cotia) \u2013 privada com fins lucrativos \u2013 Cotia (SP)<\/li>\n<li>Centro Universit\u00e1rio Est\u00e1cio de Jundia\u00ed (Est\u00e1cio Jundia\u00ed) \u2013 privada com fins lucrativos \u2013 Jundia\u00ed (SP)<\/li>\n<li>Centro Universit\u00e1rio Est\u00e1cio de Limeira (Est\u00e1cio Limeira) \u2013 privada com fins lucrativos \u2013 Limeira (SP)<\/li>\n<li>Centro Universit\u00e1rio Est\u00e1cio de Piracicaba (Est\u00e1cio Piracicaba) \u2013 privada com fins lucrativos \u2013 Piracicaba (SP)<\/li>\n<li>Centro Universit\u00e1rio Est\u00e1cio de Rio Claro (Est\u00e1cio Rio Claro) \u2013 privada com fins lucrativos \u2013 Rio Claro (SP)<\/li>\n<li>Centro Universit\u00e1rio Est\u00e1cio de Araraquara (Est\u00e1cio Araraquara) \u2013 privada com fins lucrativos \u2013 Araraquara (SP)<\/li>\n<li>Centro Universit\u00e1rio Est\u00e1cio de Franca (Est\u00e1cio Franca) \u2013 privada com fins lucrativos \u2013 Franca (SP)<\/li>\n<li>Centro Universit\u00e1rio Est\u00e1cio de S\u00e3o Carlos (Est\u00e1cio S\u00e3o Carlos) \u2013 privada com fins lucrativos \u2013 S\u00e3o Carlos (SP)<\/li>\n<li>Centro Universit\u00e1rio Est\u00e1cio de Bauru (Est\u00e1cio Bauru) \u2013 privada com fins lucrativos \u2013 Bauru (SP)<\/li>\n<li>Centro Universit\u00e1rio Est\u00e1cio de Mar\u00edlia (Est\u00e1cio Mar\u00edlia) \u2013 privada com fins lucrativos \u2013 Mar\u00edlia (SP)<\/li>\n<li>Centro Universit\u00e1rio Est\u00e1cio de Presidente Prudente (Est\u00e1cio PP) \u2013 privada com fins lucrativos \u2013 Presidente Prudente (SP)<\/li>\n<li>Centro Universit\u00e1rio Est\u00e1cio de Ara\u00e7atuba (Est\u00e1cio Ara\u00e7atuba) \u2013 privada com fins lucrativos \u2013 Ara\u00e7atuba (SP)<\/li>\n<li>Centro Universit\u00e1rio Est\u00e1cio de S\u00e3o Jos\u00e9 do Rio Preto (Est\u00e1cio SJRP) \u2013 privada com fins lucrativos \u2013 S\u00e3o Jos\u00e9 do Rio Preto (SP)<\/li>\n<li>Centro Universit\u00e1rio Est\u00e1cio de Catanduva (Est\u00e1cio Catanduva) \u2013 privada com fins lucrativos \u2013 Catanduva (SP)<\/li>\n<li>Centro Universit\u00e1rio Est\u00e1cio de Votuporanga (Est\u00e1cio Votu) \u2013 privada com fins lucrativos \u2013 Votuporanga (SP)<\/li>\n<li>Centro Universit\u00e1rio Est\u00e1cio de Fernand\u00f3polis (Est\u00e1cio Fernand\u00f3polis) \u2013 privada com fins lucrativos \u2013 Fernand\u00f3polis (SP)<\/li>\n<li>Centro Universit\u00e1rio Est\u00e1cio de Jales (Est\u00e1cio Jales) \u2013 privada com fins lucrativos \u2013 Jales (SP)<\/li>\n<li>Centro Universit\u00e1rio Est\u00e1cio de Itapeva (Est\u00e1cio Itapeva) \u2013 privada com fins lucrativos \u2013 Itapeva (SP)<\/li>\n<li>Centro Universit\u00e1rio Est\u00e1cio de Registro (Est\u00e1cio Registro) \u2013 privada com fins lucrativos \u2013 Registro (SP)<\/li>\n<li>Centro Universit\u00e1rio Est\u00e1cio de Peru\u00edbe (Est\u00e1cio Peru\u00edbe) \u2013 privada com fins lucrativos \u2013 Peru\u00edbe (SP)<\/li>\n<li>Centro Universit\u00e1rio Est\u00e1cio de Praia Grande (Est\u00e1cio PG) \u2013 privada com fins lucrativos \u2013 Praia Grande (SP)<\/li>\n<li>Centro Universit\u00e1rio Est\u00e1cio de Cubat\u00e3o (Est\u00e1cio Cubat\u00e3o) \u2013 privada com fins lucrativos \u2013 Cubat\u00e3o (SP)<\/li>\n<li>Centro Universit\u00e1rio Est\u00e1cio de Guaruj\u00e1 (Est\u00e1cio Guaruj\u00e1) \u2013 privada com fins lucrativos \u2013 Guaruj\u00e1 (SP)<\/li>\n<li>Centro Universit\u00e1rio Est\u00e1cio de S\u00e3o Vicente (Est\u00e1cio SV) \u2013 privada com fins lucrativos \u2013 S\u00e3o Vicente (SP)<\/li>\n<li>Centro Universit\u00e1rio Est\u00e1cio de Santos (Est\u00e1cio Santos II) \u2013 privada com fins lucrativos \u2013 Santos (SP)<\/li>\n<li>Centro Universit\u00e1rio Est\u00e1cio de Praia Grande (Est\u00e1cio PG II) \u2013 privada com fins lucrativos \u2013 Praia Grande (SP)<\/li>\n<\/ul>\n<\/div>\n","protected":false},"excerpt":{"rendered":"<p>Cerca de 30% dos cursos analisados tiveram avalia\u00e7\u00e3o insatisfat\u00f3ria Nesta segunda-feira\u00a0 (19), o Minist\u00e9rio da<\/p>\n","protected":false},"author":4,"featured_media":47195,"comment_status":"open","ping_status":"open","sticky":false,"template":"","format":"standard","meta":{"footnotes":""},"categories":[3,8],"tags":[],"class_list":["post-47194","post","type-post","status-publish","format-standard","has-post-thumbnail","hentry","category-destaques","category-educacao"],"yoast_head":"<!-- This site is optimized with the Yoast SEO plugin v27.5 - https:\/\/yoast.com\/product\/yoast-seo-wordpress\/ -->\n<title>Enamed: Veja cursos de medicina que ter\u00e3o san\u00e7\u00f5es por desempenho ruim - Jornal<\/title>\n<meta name=\"description\" content=\"Enamed: Veja cursos de medicina que ter\u00e3o san\u00e7\u00f5es por desempenho ruim\" \/>\n<meta name=\"robots\" content=\"index, follow, max-snippet:-1, max-image-preview:large, max-video-preview:-1\" \/>\n<link rel=\"canonical\" href=\"https:\/\/jornalboasnoticias.com.br\/home\/enamed-veja-cursos-de-medicina-que-terao-sancoes-por-desempenho-ruim\/\" \/>\n<meta property=\"og:locale\" content=\"pt_BR\" \/>\n<meta property=\"og:type\" content=\"article\" \/>\n<meta property=\"og:title\" content=\"Enamed: Veja cursos de medicina que ter\u00e3o san\u00e7\u00f5es por desempenho ruim - Jornal\" \/>\n<meta property=\"og:description\" content=\"Enamed: Veja cursos de medicina que ter\u00e3o san\u00e7\u00f5es por desempenho ruim\" \/>\n<meta property=\"og:url\" content=\"https:\/\/jornalboasnoticias.com.br\/home\/enamed-veja-cursos-de-medicina-que-terao-sancoes-por-desempenho-ruim\/\" \/>\n<meta property=\"og:site_name\" content=\"Jornal\" \/>\n<meta property=\"article:publisher\" content=\"https:\/\/www.facebook.com\/boasnoticiasjornal\" \/>\n<meta property=\"article:published_time\" content=\"2026-01-20T12:45:46+00:00\" \/>\n<meta property=\"og:image\" content=\"https:\/\/jornalboasnoticias.com.br\/home\/wp-content\/uploads\/2026\/01\/revalida_mcamgo_abr_100720211818-7.webp\" \/>\n\t<meta property=\"og:image:width\" content=\"1170\" \/>\n\t<meta property=\"og:image:height\" content=\"700\" \/>\n\t<meta property=\"og:image:type\" content=\"image\/webp\" \/>\n<meta name=\"author\" content=\"Ana Luiza Bonatto\" \/>\n<meta name=\"twitter:card\" content=\"summary_large_image\" \/>\n<meta name=\"twitter:label1\" content=\"Escrito por\" \/>\n\t<meta name=\"twitter:data1\" content=\"Ana Luiza Bonatto\" \/>\n\t<meta name=\"twitter:label2\" content=\"Est. tempo de leitura\" \/>\n\t<meta name=\"twitter:data2\" content=\"9 minutos\" \/>\n<script type=\"application\/ld+json\" class=\"yoast-schema-graph\">{\"@context\":\"https:\\\/\\\/schema.org\",\"@graph\":[{\"@type\":\"Article\",\"@id\":\"https:\\\/\\\/jornalboasnoticias.com.br\\\/home\\\/enamed-veja-cursos-de-medicina-que-terao-sancoes-por-desempenho-ruim\\\/#article\",\"isPartOf\":{\"@id\":\"https:\\\/\\\/jornalboasnoticias.com.br\\\/home\\\/enamed-veja-cursos-de-medicina-que-terao-sancoes-por-desempenho-ruim\\\/\"},\"author\":{\"name\":\"Ana Luiza Bonatto\",\"@id\":\"https:\\\/\\\/jornalboasnoticias.com.br\\\/home\\\/#\\\/schema\\\/person\\\/d641193e0afc6405b390164dac847971\"},\"headline\":\"Enamed: Veja cursos de medicina que ter\u00e3o san\u00e7\u00f5es por desempenho ruim\",\"datePublished\":\"2026-01-20T12:45:46+00:00\",\"mainEntityOfPage\":{\"@id\":\"https:\\\/\\\/jornalboasnoticias.com.br\\\/home\\\/enamed-veja-cursos-de-medicina-que-terao-sancoes-por-desempenho-ruim\\\/\"},\"wordCount\":1657,\"commentCount\":0,\"publisher\":{\"@id\":\"https:\\\/\\\/jornalboasnoticias.com.br\\\/home\\\/#organization\"},\"image\":{\"@id\":\"https:\\\/\\\/jornalboasnoticias.com.br\\\/home\\\/enamed-veja-cursos-de-medicina-que-terao-sancoes-por-desempenho-ruim\\\/#primaryimage\"},\"thumbnailUrl\":\"https:\\\/\\\/jornalboasnoticias.com.br\\\/home\\\/wp-content\\\/uploads\\\/2026\\\/01\\\/revalida_mcamgo_abr_100720211818-7.webp\",\"articleSection\":[\"DESTAQUE\",\"EDUCA\u00c7\u00c3O\"],\"inLanguage\":\"pt-BR\",\"potentialAction\":[{\"@type\":\"CommentAction\",\"name\":\"Comment\",\"target\":[\"https:\\\/\\\/jornalboasnoticias.com.br\\\/home\\\/enamed-veja-cursos-de-medicina-que-terao-sancoes-por-desempenho-ruim\\\/#respond\"]}]},{\"@type\":\"WebPage\",\"@id\":\"https:\\\/\\\/jornalboasnoticias.com.br\\\/home\\\/enamed-veja-cursos-de-medicina-que-terao-sancoes-por-desempenho-ruim\\\/\",\"url\":\"https:\\\/\\\/jornalboasnoticias.com.br\\\/home\\\/enamed-veja-cursos-de-medicina-que-terao-sancoes-por-desempenho-ruim\\\/\",\"name\":\"Enamed: Veja cursos de medicina que ter\u00e3o san\u00e7\u00f5es por desempenho ruim - Jornal\",\"isPartOf\":{\"@id\":\"https:\\\/\\\/jornalboasnoticias.com.br\\\/home\\\/#website\"},\"primaryImageOfPage\":{\"@id\":\"https:\\\/\\\/jornalboasnoticias.com.br\\\/home\\\/enamed-veja-cursos-de-medicina-que-terao-sancoes-por-desempenho-ruim\\\/#primaryimage\"},\"image\":{\"@id\":\"https:\\\/\\\/jornalboasnoticias.com.br\\\/home\\\/enamed-veja-cursos-de-medicina-que-terao-sancoes-por-desempenho-ruim\\\/#primaryimage\"},\"thumbnailUrl\":\"https:\\\/\\\/jornalboasnoticias.com.br\\\/home\\\/wp-content\\\/uploads\\\/2026\\\/01\\\/revalida_mcamgo_abr_100720211818-7.webp\",\"datePublished\":\"2026-01-20T12:45:46+00:00\",\"description\":\"Enamed: Veja cursos de medicina que ter\u00e3o san\u00e7\u00f5es por desempenho ruim\",\"breadcrumb\":{\"@id\":\"https:\\\/\\\/jornalboasnoticias.com.br\\\/home\\\/enamed-veja-cursos-de-medicina-que-terao-sancoes-por-desempenho-ruim\\\/#breadcrumb\"},\"inLanguage\":\"pt-BR\",\"potentialAction\":[{\"@type\":\"ReadAction\",\"target\":[\"https:\\\/\\\/jornalboasnoticias.com.br\\\/home\\\/enamed-veja-cursos-de-medicina-que-terao-sancoes-por-desempenho-ruim\\\/\"]}]},{\"@type\":\"ImageObject\",\"inLanguage\":\"pt-BR\",\"@id\":\"https:\\\/\\\/jornalboasnoticias.com.br\\\/home\\\/enamed-veja-cursos-de-medicina-que-terao-sancoes-por-desempenho-ruim\\\/#primaryimage\",\"url\":\"https:\\\/\\\/jornalboasnoticias.com.br\\\/home\\\/wp-content\\\/uploads\\\/2026\\\/01\\\/revalida_mcamgo_abr_100720211818-7.webp\",\"contentUrl\":\"https:\\\/\\\/jornalboasnoticias.com.br\\\/home\\\/wp-content\\\/uploads\\\/2026\\\/01\\\/revalida_mcamgo_abr_100720211818-7.webp\",\"width\":1170,\"height\":700,\"caption\":\"\u00a9 Marcelo Camargo\\\/Ag\u00eancia Brasil\"},{\"@type\":\"BreadcrumbList\",\"@id\":\"https:\\\/\\\/jornalboasnoticias.com.br\\\/home\\\/enamed-veja-cursos-de-medicina-que-terao-sancoes-por-desempenho-ruim\\\/#breadcrumb\",\"itemListElement\":[{\"@type\":\"ListItem\",\"position\":1,\"name\":\"In\u00edcio\",\"item\":\"https:\\\/\\\/jornalboasnoticias.com.br\\\/home\\\/\"},{\"@type\":\"ListItem\",\"position\":2,\"name\":\"Enamed: Veja cursos de medicina que ter\u00e3o san\u00e7\u00f5es por desempenho ruim\"}]},{\"@type\":\"WebSite\",\"@id\":\"https:\\\/\\\/jornalboasnoticias.com.br\\\/home\\\/#website\",\"url\":\"https:\\\/\\\/jornalboasnoticias.com.br\\\/home\\\/\",\"name\":\"Jornal Boas Not\u00edcias\",\"description\":\"Boas not\u00edcias\",\"publisher\":{\"@id\":\"https:\\\/\\\/jornalboasnoticias.com.br\\\/home\\\/#organization\"},\"potentialAction\":[{\"@type\":\"SearchAction\",\"target\":{\"@type\":\"EntryPoint\",\"urlTemplate\":\"https:\\\/\\\/jornalboasnoticias.com.br\\\/home\\\/?s={search_term_string}\"},\"query-input\":{\"@type\":\"PropertyValueSpecification\",\"valueRequired\":true,\"valueName\":\"search_term_string\"}}],\"inLanguage\":\"pt-BR\"},{\"@type\":\"Organization\",\"@id\":\"https:\\\/\\\/jornalboasnoticias.com.br\\\/home\\\/#organization\",\"name\":\"Coq Editora Ltda\",\"alternateName\":\"Jornal Boas Noticias\",\"url\":\"https:\\\/\\\/jornalboasnoticias.com.br\\\/home\\\/\",\"logo\":{\"@type\":\"ImageObject\",\"inLanguage\":\"pt-BR\",\"@id\":\"https:\\\/\\\/jornalboasnoticias.com.br\\\/home\\\/#\\\/schema\\\/logo\\\/image\\\/\",\"url\":\"https:\\\/\\\/jornalboasnoticias.com.br\\\/home\\\/wp-content\\\/uploads\\\/2024\\\/07\\\/cropped-logo.jpg\",\"contentUrl\":\"https:\\\/\\\/jornalboasnoticias.com.br\\\/home\\\/wp-content\\\/uploads\\\/2024\\\/07\\\/cropped-logo.jpg\",\"width\":290,\"height\":142,\"caption\":\"Coq Editora Ltda\"},\"image\":{\"@id\":\"https:\\\/\\\/jornalboasnoticias.com.br\\\/home\\\/#\\\/schema\\\/logo\\\/image\\\/\"},\"sameAs\":[\"https:\\\/\\\/www.facebook.com\\\/boasnoticiasjornal\"]},{\"@type\":\"Person\",\"@id\":\"https:\\\/\\\/jornalboasnoticias.com.br\\\/home\\\/#\\\/schema\\\/person\\\/d641193e0afc6405b390164dac847971\",\"name\":\"Ana Luiza Bonatto\",\"image\":{\"@type\":\"ImageObject\",\"inLanguage\":\"pt-BR\",\"@id\":\"https:\\\/\\\/secure.gravatar.com\\\/avatar\\\/8a055ebe6373371f67ac6fcf313c0ac0b0a91157fdcdb9514fa62927373348f0?s=96&d=mm&r=g\",\"url\":\"https:\\\/\\\/secure.gravatar.com\\\/avatar\\\/8a055ebe6373371f67ac6fcf313c0ac0b0a91157fdcdb9514fa62927373348f0?s=96&d=mm&r=g\",\"contentUrl\":\"https:\\\/\\\/secure.gravatar.com\\\/avatar\\\/8a055ebe6373371f67ac6fcf313c0ac0b0a91157fdcdb9514fa62927373348f0?s=96&d=mm&r=g\",\"caption\":\"Ana Luiza Bonatto\"},\"url\":\"https:\\\/\\\/jornalboasnoticias.com.br\\\/home\\\/author\\\/ana-luiza\\\/\"}]}<\/script>\n<!-- \/ Yoast SEO plugin. -->","yoast_head_json":{"title":"Enamed: Veja cursos de medicina que ter\u00e3o san\u00e7\u00f5es por desempenho ruim - Jornal","description":"Enamed: Veja cursos de medicina que ter\u00e3o san\u00e7\u00f5es por desempenho ruim","robots":{"index":"index","follow":"follow","max-snippet":"max-snippet:-1","max-image-preview":"max-image-preview:large","max-video-preview":"max-video-preview:-1"},"canonical":"https:\/\/jornalboasnoticias.com.br\/home\/enamed-veja-cursos-de-medicina-que-terao-sancoes-por-desempenho-ruim\/","og_locale":"pt_BR","og_type":"article","og_title":"Enamed: Veja cursos de medicina que ter\u00e3o san\u00e7\u00f5es por desempenho ruim - Jornal","og_description":"Enamed: Veja cursos de medicina que ter\u00e3o san\u00e7\u00f5es por desempenho ruim","og_url":"https:\/\/jornalboasnoticias.com.br\/home\/enamed-veja-cursos-de-medicina-que-terao-sancoes-por-desempenho-ruim\/","og_site_name":"Jornal","article_publisher":"https:\/\/www.facebook.com\/boasnoticiasjornal","article_published_time":"2026-01-20T12:45:46+00:00","og_image":[{"width":1170,"height":700,"url":"https:\/\/jornalboasnoticias.com.br\/home\/wp-content\/uploads\/2026\/01\/revalida_mcamgo_abr_100720211818-7.webp","type":"image\/webp"}],"author":"Ana Luiza Bonatto","twitter_card":"summary_large_image","twitter_misc":{"Escrito por":"Ana Luiza Bonatto","Est. tempo de leitura":"9 minutos"},"schema":{"@context":"https:\/\/schema.org","@graph":[{"@type":"Article","@id":"https:\/\/jornalboasnoticias.com.br\/home\/enamed-veja-cursos-de-medicina-que-terao-sancoes-por-desempenho-ruim\/#article","isPartOf":{"@id":"https:\/\/jornalboasnoticias.com.br\/home\/enamed-veja-cursos-de-medicina-que-terao-sancoes-por-desempenho-ruim\/"},"author":{"name":"Ana Luiza Bonatto","@id":"https:\/\/jornalboasnoticias.com.br\/home\/#\/schema\/person\/d641193e0afc6405b390164dac847971"},"headline":"Enamed: Veja cursos de medicina que ter\u00e3o san\u00e7\u00f5es por desempenho ruim","datePublished":"2026-01-20T12:45:46+00:00","mainEntityOfPage":{"@id":"https:\/\/jornalboasnoticias.com.br\/home\/enamed-veja-cursos-de-medicina-que-terao-sancoes-por-desempenho-ruim\/"},"wordCount":1657,"commentCount":0,"publisher":{"@id":"https:\/\/jornalboasnoticias.com.br\/home\/#organization"},"image":{"@id":"https:\/\/jornalboasnoticias.com.br\/home\/enamed-veja-cursos-de-medicina-que-terao-sancoes-por-desempenho-ruim\/#primaryimage"},"thumbnailUrl":"https:\/\/jornalboasnoticias.com.br\/home\/wp-content\/uploads\/2026\/01\/revalida_mcamgo_abr_100720211818-7.webp","articleSection":["DESTAQUE","EDUCA\u00c7\u00c3O"],"inLanguage":"pt-BR","potentialAction":[{"@type":"CommentAction","name":"Comment","target":["https:\/\/jornalboasnoticias.com.br\/home\/enamed-veja-cursos-de-medicina-que-terao-sancoes-por-desempenho-ruim\/#respond"]}]},{"@type":"WebPage","@id":"https:\/\/jornalboasnoticias.com.br\/home\/enamed-veja-cursos-de-medicina-que-terao-sancoes-por-desempenho-ruim\/","url":"https:\/\/jornalboasnoticias.com.br\/home\/enamed-veja-cursos-de-medicina-que-terao-sancoes-por-desempenho-ruim\/","name":"Enamed: Veja cursos de medicina que ter\u00e3o san\u00e7\u00f5es por desempenho ruim - Jornal","isPartOf":{"@id":"https:\/\/jornalboasnoticias.com.br\/home\/#website"},"primaryImageOfPage":{"@id":"https:\/\/jornalboasnoticias.com.br\/home\/enamed-veja-cursos-de-medicina-que-terao-sancoes-por-desempenho-ruim\/#primaryimage"},"image":{"@id":"https:\/\/jornalboasnoticias.com.br\/home\/enamed-veja-cursos-de-medicina-que-terao-sancoes-por-desempenho-ruim\/#primaryimage"},"thumbnailUrl":"https:\/\/jornalboasnoticias.com.br\/home\/wp-content\/uploads\/2026\/01\/revalida_mcamgo_abr_100720211818-7.webp","datePublished":"2026-01-20T12:45:46+00:00","description":"Enamed: Veja cursos de medicina que ter\u00e3o san\u00e7\u00f5es por desempenho ruim","breadcrumb":{"@id":"https:\/\/jornalboasnoticias.com.br\/home\/enamed-veja-cursos-de-medicina-que-terao-sancoes-por-desempenho-ruim\/#breadcrumb"},"inLanguage":"pt-BR","potentialAction":[{"@type":"ReadAction","target":["https:\/\/jornalboasnoticias.com.br\/home\/enamed-veja-cursos-de-medicina-que-terao-sancoes-por-desempenho-ruim\/"]}]},{"@type":"ImageObject","inLanguage":"pt-BR","@id":"https:\/\/jornalboasnoticias.com.br\/home\/enamed-veja-cursos-de-medicina-que-terao-sancoes-por-desempenho-ruim\/#primaryimage","url":"https:\/\/jornalboasnoticias.com.br\/home\/wp-content\/uploads\/2026\/01\/revalida_mcamgo_abr_100720211818-7.webp","contentUrl":"https:\/\/jornalboasnoticias.com.br\/home\/wp-content\/uploads\/2026\/01\/revalida_mcamgo_abr_100720211818-7.webp","width":1170,"height":700,"caption":"\u00a9 Marcelo Camargo\/Ag\u00eancia Brasil"},{"@type":"BreadcrumbList","@id":"https:\/\/jornalboasnoticias.com.br\/home\/enamed-veja-cursos-de-medicina-que-terao-sancoes-por-desempenho-ruim\/#breadcrumb","itemListElement":[{"@type":"ListItem","position":1,"name":"In\u00edcio","item":"https:\/\/jornalboasnoticias.com.br\/home\/"},{"@type":"ListItem","position":2,"name":"Enamed: Veja cursos de medicina que ter\u00e3o san\u00e7\u00f5es por desempenho ruim"}]},{"@type":"WebSite","@id":"https:\/\/jornalboasnoticias.com.br\/home\/#website","url":"https:\/\/jornalboasnoticias.com.br\/home\/","name":"Jornal Boas Not\u00edcias","description":"Boas not\u00edcias","publisher":{"@id":"https:\/\/jornalboasnoticias.com.br\/home\/#organization"},"potentialAction":[{"@type":"SearchAction","target":{"@type":"EntryPoint","urlTemplate":"https:\/\/jornalboasnoticias.com.br\/home\/?s={search_term_string}"},"query-input":{"@type":"PropertyValueSpecification","valueRequired":true,"valueName":"search_term_string"}}],"inLanguage":"pt-BR"},{"@type":"Organization","@id":"https:\/\/jornalboasnoticias.com.br\/home\/#organization","name":"Coq Editora Ltda","alternateName":"Jornal Boas Noticias","url":"https:\/\/jornalboasnoticias.com.br\/home\/","logo":{"@type":"ImageObject","inLanguage":"pt-BR","@id":"https:\/\/jornalboasnoticias.com.br\/home\/#\/schema\/logo\/image\/","url":"https:\/\/jornalboasnoticias.com.br\/home\/wp-content\/uploads\/2024\/07\/cropped-logo.jpg","contentUrl":"https:\/\/jornalboasnoticias.com.br\/home\/wp-content\/uploads\/2024\/07\/cropped-logo.jpg","width":290,"height":142,"caption":"Coq Editora Ltda"},"image":{"@id":"https:\/\/jornalboasnoticias.com.br\/home\/#\/schema\/logo\/image\/"},"sameAs":["https:\/\/www.facebook.com\/boasnoticiasjornal"]},{"@type":"Person","@id":"https:\/\/jornalboasnoticias.com.br\/home\/#\/schema\/person\/d641193e0afc6405b390164dac847971","name":"Ana Luiza Bonatto","image":{"@type":"ImageObject","inLanguage":"pt-BR","@id":"https:\/\/secure.gravatar.com\/avatar\/8a055ebe6373371f67ac6fcf313c0ac0b0a91157fdcdb9514fa62927373348f0?s=96&d=mm&r=g","url":"https:\/\/secure.gravatar.com\/avatar\/8a055ebe6373371f67ac6fcf313c0ac0b0a91157fdcdb9514fa62927373348f0?s=96&d=mm&r=g","contentUrl":"https:\/\/secure.gravatar.com\/avatar\/8a055ebe6373371f67ac6fcf313c0ac0b0a91157fdcdb9514fa62927373348f0?s=96&d=mm&r=g","caption":"Ana Luiza Bonatto"},"url":"https:\/\/jornalboasnoticias.com.br\/home\/author\/ana-luiza\/"}]}},"_links":{"self":[{"href":"https:\/\/jornalboasnoticias.com.br\/home\/wp-json\/wp\/v2\/posts\/47194","targetHints":{"allow":["GET"]}}],"collection":[{"href":"https:\/\/jornalboasnoticias.com.br\/home\/wp-json\/wp\/v2\/posts"}],"about":[{"href":"https:\/\/jornalboasnoticias.com.br\/home\/wp-json\/wp\/v2\/types\/post"}],"author":[{"embeddable":true,"href":"https:\/\/jornalboasnoticias.com.br\/home\/wp-json\/wp\/v2\/users\/4"}],"replies":[{"embeddable":true,"href":"https:\/\/jornalboasnoticias.com.br\/home\/wp-json\/wp\/v2\/comments?post=47194"}],"version-history":[{"count":1,"href":"https:\/\/jornalboasnoticias.com.br\/home\/wp-json\/wp\/v2\/posts\/47194\/revisions"}],"predecessor-version":[{"id":47196,"href":"https:\/\/jornalboasnoticias.com.br\/home\/wp-json\/wp\/v2\/posts\/47194\/revisions\/47196"}],"wp:featuredmedia":[{"embeddable":true,"href":"https:\/\/jornalboasnoticias.com.br\/home\/wp-json\/wp\/v2\/media\/47195"}],"wp:attachment":[{"href":"https:\/\/jornalboasnoticias.com.br\/home\/wp-json\/wp\/v2\/media?parent=47194"}],"wp:term":[{"taxonomy":"category","embeddable":true,"href":"https:\/\/jornalboasnoticias.com.br\/home\/wp-json\/wp\/v2\/categories?post=47194"},{"taxonomy":"post_tag","embeddable":true,"href":"https:\/\/jornalboasnoticias.com.br\/home\/wp-json\/wp\/v2\/tags?post=47194"}],"curies":[{"name":"wp","href":"https:\/\/api.w.org\/{rel}","templated":true}]}}