{"id":47191,"date":"2026-01-20T12:40:21","date_gmt":"2026-01-20T12:40:21","guid":{"rendered":"https:\/\/jornalboasnoticias.com.br\/home\/?p=47191"},"modified":"2026-01-20T12:40:21","modified_gmt":"2026-01-20T12:40:21","slug":"exportacao-de-cafe-do-brasil-cai-em-2025-mas-bate-recorde-em-receita","status":"publish","type":"post","link":"https:\/\/jornalboasnoticias.com.br\/home\/exportacao-de-cafe-do-brasil-cai-em-2025-mas-bate-recorde-em-receita\/","title":{"rendered":"Exporta\u00e7\u00e3o de caf\u00e9 do Brasil cai em 2025, mas bate recorde em receita"},"content":{"rendered":"<div class=\"header-noticia full-width\">\n<div>\n<figure id=\"attachment_47192\" aria-describedby=\"caption-attachment-47192\" style=\"width: 1170px\" class=\"wp-caption alignnone\"><img loading=\"lazy\" decoding=\"async\" class=\"size-full wp-image-47192\" src=\"https:\/\/jornalboasnoticias.com.br\/home\/wp-content\/uploads\/2026\/01\/mca_abr_17061917250.jpg\" alt=\"\" width=\"1170\" height=\"700\" srcset=\"https:\/\/jornalboasnoticias.com.br\/home\/wp-content\/uploads\/2026\/01\/mca_abr_17061917250.jpg 1170w, https:\/\/jornalboasnoticias.com.br\/home\/wp-content\/uploads\/2026\/01\/mca_abr_17061917250-300x179.jpg 300w, https:\/\/jornalboasnoticias.com.br\/home\/wp-content\/uploads\/2026\/01\/mca_abr_17061917250-1024x613.jpg 1024w, https:\/\/jornalboasnoticias.com.br\/home\/wp-content\/uploads\/2026\/01\/mca_abr_17061917250-768x459.jpg 768w\" sizes=\"auto, (max-width: 1170px) 100vw, 1170px\" \/><figcaption id=\"caption-attachment-47192\" class=\"wp-caption-text\">\u00a9 Marcello Casal jr\/Ag\u00eancia Brasil<\/figcaption><\/figure>\n<\/div>\n<\/div>\n<blockquote>\n<div class=\"header-noticia full-width\">\n<div class=\"linha-fina-noticia\">Dados s\u00e3o do Conselho dos Exportadores de Caf\u00e9 do Brasil (Cecaf\u00e9)<\/div>\n<\/div>\n<\/blockquote>\n<div class=\"container-autoria\">\n<p><strong>O Brasil vendeu ao exterior, em 2025, 40,04 milh\u00f5es de sacas de 60 quilos (kg) de caf\u00e9, uma queda de 20,8% em rela\u00e7\u00e3o a 2024. No entanto, a receita da exporta\u00e7\u00e3o do produto no ano passado bateu recorde: US$ 15,586 bilh\u00f5es, um aumento de 24,1% na compara\u00e7\u00e3o com o ano anterior. Os dados, divulgados nesta segunda-feira (19), s\u00e3o do Conselho dos Exportadores de Caf\u00e9 do Brasil (Cecaf\u00e9).<\/strong><img decoding=\"async\" src=\"https:\/\/agenciabrasil.ebc.com.br\/ebc.png?id=1675399&amp;o=node\" \/><img decoding=\"async\" src=\"https:\/\/agenciabrasil.ebc.com.br\/ebc.gif?id=1675399&amp;o=node\" \/><\/p>\n<p><strong>A receita das vendas ao exterior\u00a0registrada em 2025\u00a0\u00e9 a maior desde 1990<\/strong>, quando a Cecaf\u00e9 iniciou o levantamento. As exporta\u00e7\u00f5es brasileiras tiveram como destino 121 pa\u00edses.<\/p>\n<p>De acordo com o\u00a0presidente do Cecaf\u00e9, M\u00e1rcio Ferreira,\u00a0<strong>o recorde \u00e9 resultado do aumento do valor do produto em 2025 e de investimentos do setor em qualidade.<\/strong><\/p>\n<p>\u201cTivemos m\u00e9dias mensais de pre\u00e7o maiores em 2025 e nossos cafeicultores, bem organizados, mant\u00eam seus investimentos em tecnologia, inova\u00e7\u00e3o e qualidade, o que eleva o patamar dos caf\u00e9s do Brasil e, consequentemente, o seu valor. N\u00e3o \u00e0 toa, somos a \u00fanica origem do mundo que consegue exportar para mais de 120 pa\u00edses, respondendo por mais de um ter\u00e7o do\u00a0<em>market share<\/em>\u00a0global\u201d, disse.<\/p>\n<h2>Tarifa\u00e7o<\/h2>\n<p>De acordo com Ferreira,\u00a0<strong>a diminui\u00e7\u00e3o no n\u00famero de sacas exportadas j\u00e1 era aguardada em 2025 em raz\u00e3o do clima e dos embarques recordes registrados um ano antes, o que reduziu os estoques<\/strong>. \u201cExportamos um volume hist\u00f3rico em 2024, reduzindo o montante de caf\u00e9 armazenado no pa\u00eds, e a safra do ano passado foi impactada pelo clima, combina\u00e7\u00e3o que culminou na limita\u00e7\u00e3o da disponibilidade do produto\u201d, explicou.<\/p>\n<p><strong>Tamb\u00e9m influenciaram o resultado, segundo ele, as tarifas de 50% impostas pelos Estados Unidos sobre o produto brasileiro<\/strong>.<\/p>\n<blockquote><p>\u201cNos quase quatro meses de vig\u00eancia do tarifa\u00e7o sobre todos os tipos de caf\u00e9 do Brasil, entre o come\u00e7o de agosto e o fim de novembro \u2013 vale lembrar que o sol\u00favel ainda segue taxado \u2013, nossos embarques aos norte-americanos despencaram 55%, majoritariamente afetados por essas taxas\u201d, destacou.<\/p><\/blockquote>\n<h2>Principais destinos<\/h2>\n<p><strong>Com a aquisi\u00e7\u00e3o de 5,4 milh\u00f5es de sacas, a Alemanha assumiu a lideran\u00e7a entre os maiores importadores dos caf\u00e9s do Brasil no ano passado<\/strong>, apesar de o volume implicar queda de 28,8% das vendas ao pa\u00eds, na compara\u00e7\u00e3o com 2024. Esse montante representou 13,5% de todos os embarques brasileiros do produto\u00a0em 2025.<\/p>\n<p><strong>Os Estados Unidos, usualmente l\u00edderes dessa classifica\u00e7\u00e3o, desceram \u00e0 segunda posi\u00e7\u00e3o no ano passado, como reflexo do decl\u00ednio observado no per\u00edodo de vig\u00eancia do tarifa\u00e7o<\/strong>. Os estadunidenses importaram 5,3 milh\u00f5es de sacas em 2025 \u2013 13,4% do total, com queda de 33,9% frente aos 12 meses de 2024.<\/p>\n<h2>Tipos de caf\u00e9<\/h2>\n<p>Nos 12 meses do ano passado, o caf\u00e9 ar\u00e1bica foi a esp\u00e9cie mais exportada pelo Brasil, com 32,3 milh\u00f5es de sacas vendidas ao exterior. Esse volume equivale a 80,7% do total.<\/p>\n<p>A esp\u00e9cie can\u00e9fora (conilon e robusta) vem na sequ\u00eancia, com o embarque de 3,9 milh\u00f5es de sacas (10% do total), seguida pelo setor de caf\u00e9 sol\u00favel, com 3,6 milh\u00f5es de sacas (9,2%), e pelo segmento de caf\u00e9 torrado e torrado e mo\u00eddo, com 58.474 sacas (0,1%).<\/p>\n<p><em><strong>Ag\u00ebncia Brasil<\/strong><\/em><\/p>\n<\/div>\n","protected":false},"excerpt":{"rendered":"<p>Dados s\u00e3o do Conselho dos Exportadores de Caf\u00e9 do Brasil (Cecaf\u00e9) O Brasil vendeu ao<\/p>\n","protected":false},"author":4,"featured_media":47192,"comment_status":"open","ping_status":"open","sticky":false,"template":"","format":"standard","meta":{"footnotes":""},"categories":[6,3],"tags":[],"class_list":["post-47191","post","type-post","status-publish","format-standard","has-post-thumbnail","hentry","category-brasil","category-destaques"],"yoast_head":"<!-- This site is optimized with the Yoast SEO plugin v27.5 - https:\/\/yoast.com\/product\/yoast-seo-wordpress\/ -->\n<title>Exporta\u00e7\u00e3o de caf\u00e9 do Brasil cai em 2025, mas bate recorde em receita - Jornal<\/title>\n<meta name=\"description\" content=\"Exporta\u00e7\u00e3o de caf\u00e9 do Brasil cai em 2025, mas bate recorde em receita\" \/>\n<meta name=\"robots\" content=\"index, follow, max-snippet:-1, max-image-preview:large, max-video-preview:-1\" \/>\n<link rel=\"canonical\" href=\"https:\/\/jornalboasnoticias.com.br\/home\/exportacao-de-cafe-do-brasil-cai-em-2025-mas-bate-recorde-em-receita\/\" \/>\n<meta property=\"og:locale\" content=\"pt_BR\" \/>\n<meta property=\"og:type\" content=\"article\" \/>\n<meta property=\"og:title\" content=\"Exporta\u00e7\u00e3o de caf\u00e9 do Brasil cai em 2025, mas bate recorde em receita - Jornal\" \/>\n<meta property=\"og:description\" content=\"Exporta\u00e7\u00e3o de caf\u00e9 do Brasil cai em 2025, mas bate recorde em receita\" \/>\n<meta property=\"og:url\" content=\"https:\/\/jornalboasnoticias.com.br\/home\/exportacao-de-cafe-do-brasil-cai-em-2025-mas-bate-recorde-em-receita\/\" \/>\n<meta property=\"og:site_name\" content=\"Jornal\" \/>\n<meta property=\"article:publisher\" content=\"https:\/\/www.facebook.com\/boasnoticiasjornal\" \/>\n<meta property=\"article:published_time\" content=\"2026-01-20T12:40:21+00:00\" \/>\n<meta property=\"og:image\" content=\"https:\/\/jornalboasnoticias.com.br\/home\/wp-content\/uploads\/2026\/01\/mca_abr_17061917250.jpg\" \/>\n\t<meta property=\"og:image:width\" content=\"1170\" \/>\n\t<meta property=\"og:image:height\" content=\"700\" \/>\n\t<meta property=\"og:image:type\" content=\"image\/jpeg\" \/>\n<meta name=\"author\" content=\"Ana Luiza Bonatto\" \/>\n<meta name=\"twitter:card\" content=\"summary_large_image\" \/>\n<meta name=\"twitter:label1\" content=\"Escrito por\" \/>\n\t<meta name=\"twitter:data1\" content=\"Ana Luiza Bonatto\" \/>\n\t<meta name=\"twitter:label2\" content=\"Est. tempo de leitura\" \/>\n\t<meta name=\"twitter:data2\" content=\"4 minutos\" \/>\n<script type=\"application\/ld+json\" class=\"yoast-schema-graph\">{\"@context\":\"https:\\\/\\\/schema.org\",\"@graph\":[{\"@type\":\"Article\",\"@id\":\"https:\\\/\\\/jornalboasnoticias.com.br\\\/home\\\/exportacao-de-cafe-do-brasil-cai-em-2025-mas-bate-recorde-em-receita\\\/#article\",\"isPartOf\":{\"@id\":\"https:\\\/\\\/jornalboasnoticias.com.br\\\/home\\\/exportacao-de-cafe-do-brasil-cai-em-2025-mas-bate-recorde-em-receita\\\/\"},\"author\":{\"name\":\"Ana Luiza Bonatto\",\"@id\":\"https:\\\/\\\/jornalboasnoticias.com.br\\\/home\\\/#\\\/schema\\\/person\\\/d641193e0afc6405b390164dac847971\"},\"headline\":\"Exporta\u00e7\u00e3o de caf\u00e9 do Brasil cai em 2025, mas bate recorde em receita\",\"datePublished\":\"2026-01-20T12:40:21+00:00\",\"mainEntityOfPage\":{\"@id\":\"https:\\\/\\\/jornalboasnoticias.com.br\\\/home\\\/exportacao-de-cafe-do-brasil-cai-em-2025-mas-bate-recorde-em-receita\\\/\"},\"wordCount\":553,\"commentCount\":0,\"publisher\":{\"@id\":\"https:\\\/\\\/jornalboasnoticias.com.br\\\/home\\\/#organization\"},\"image\":{\"@id\":\"https:\\\/\\\/jornalboasnoticias.com.br\\\/home\\\/exportacao-de-cafe-do-brasil-cai-em-2025-mas-bate-recorde-em-receita\\\/#primaryimage\"},\"thumbnailUrl\":\"https:\\\/\\\/jornalboasnoticias.com.br\\\/home\\\/wp-content\\\/uploads\\\/2026\\\/01\\\/mca_abr_17061917250.jpg\",\"articleSection\":[\"BRASIL\",\"DESTAQUE\"],\"inLanguage\":\"pt-BR\",\"potentialAction\":[{\"@type\":\"CommentAction\",\"name\":\"Comment\",\"target\":[\"https:\\\/\\\/jornalboasnoticias.com.br\\\/home\\\/exportacao-de-cafe-do-brasil-cai-em-2025-mas-bate-recorde-em-receita\\\/#respond\"]}]},{\"@type\":\"WebPage\",\"@id\":\"https:\\\/\\\/jornalboasnoticias.com.br\\\/home\\\/exportacao-de-cafe-do-brasil-cai-em-2025-mas-bate-recorde-em-receita\\\/\",\"url\":\"https:\\\/\\\/jornalboasnoticias.com.br\\\/home\\\/exportacao-de-cafe-do-brasil-cai-em-2025-mas-bate-recorde-em-receita\\\/\",\"name\":\"Exporta\u00e7\u00e3o de caf\u00e9 do Brasil cai em 2025, mas bate recorde em receita - Jornal\",\"isPartOf\":{\"@id\":\"https:\\\/\\\/jornalboasnoticias.com.br\\\/home\\\/#website\"},\"primaryImageOfPage\":{\"@id\":\"https:\\\/\\\/jornalboasnoticias.com.br\\\/home\\\/exportacao-de-cafe-do-brasil-cai-em-2025-mas-bate-recorde-em-receita\\\/#primaryimage\"},\"image\":{\"@id\":\"https:\\\/\\\/jornalboasnoticias.com.br\\\/home\\\/exportacao-de-cafe-do-brasil-cai-em-2025-mas-bate-recorde-em-receita\\\/#primaryimage\"},\"thumbnailUrl\":\"https:\\\/\\\/jornalboasnoticias.com.br\\\/home\\\/wp-content\\\/uploads\\\/2026\\\/01\\\/mca_abr_17061917250.jpg\",\"datePublished\":\"2026-01-20T12:40:21+00:00\",\"description\":\"Exporta\u00e7\u00e3o de caf\u00e9 do Brasil cai em 2025, mas bate recorde em receita\",\"breadcrumb\":{\"@id\":\"https:\\\/\\\/jornalboasnoticias.com.br\\\/home\\\/exportacao-de-cafe-do-brasil-cai-em-2025-mas-bate-recorde-em-receita\\\/#breadcrumb\"},\"inLanguage\":\"pt-BR\",\"potentialAction\":[{\"@type\":\"ReadAction\",\"target\":[\"https:\\\/\\\/jornalboasnoticias.com.br\\\/home\\\/exportacao-de-cafe-do-brasil-cai-em-2025-mas-bate-recorde-em-receita\\\/\"]}]},{\"@type\":\"ImageObject\",\"inLanguage\":\"pt-BR\",\"@id\":\"https:\\\/\\\/jornalboasnoticias.com.br\\\/home\\\/exportacao-de-cafe-do-brasil-cai-em-2025-mas-bate-recorde-em-receita\\\/#primaryimage\",\"url\":\"https:\\\/\\\/jornalboasnoticias.com.br\\\/home\\\/wp-content\\\/uploads\\\/2026\\\/01\\\/mca_abr_17061917250.jpg\",\"contentUrl\":\"https:\\\/\\\/jornalboasnoticias.com.br\\\/home\\\/wp-content\\\/uploads\\\/2026\\\/01\\\/mca_abr_17061917250.jpg\",\"width\":1170,\"height\":700,\"caption\":\"\u00a9 Marcello Casal jr\\\/Ag\u00eancia Brasil\"},{\"@type\":\"BreadcrumbList\",\"@id\":\"https:\\\/\\\/jornalboasnoticias.com.br\\\/home\\\/exportacao-de-cafe-do-brasil-cai-em-2025-mas-bate-recorde-em-receita\\\/#breadcrumb\",\"itemListElement\":[{\"@type\":\"ListItem\",\"position\":1,\"name\":\"In\u00edcio\",\"item\":\"https:\\\/\\\/jornalboasnoticias.com.br\\\/home\\\/\"},{\"@type\":\"ListItem\",\"position\":2,\"name\":\"Exporta\u00e7\u00e3o de caf\u00e9 do Brasil cai em 2025, mas bate recorde em receita\"}]},{\"@type\":\"WebSite\",\"@id\":\"https:\\\/\\\/jornalboasnoticias.com.br\\\/home\\\/#website\",\"url\":\"https:\\\/\\\/jornalboasnoticias.com.br\\\/home\\\/\",\"name\":\"Jornal Boas Not\u00edcias\",\"description\":\"Boas not\u00edcias\",\"publisher\":{\"@id\":\"https:\\\/\\\/jornalboasnoticias.com.br\\\/home\\\/#organization\"},\"potentialAction\":[{\"@type\":\"SearchAction\",\"target\":{\"@type\":\"EntryPoint\",\"urlTemplate\":\"https:\\\/\\\/jornalboasnoticias.com.br\\\/home\\\/?s={search_term_string}\"},\"query-input\":{\"@type\":\"PropertyValueSpecification\",\"valueRequired\":true,\"valueName\":\"search_term_string\"}}],\"inLanguage\":\"pt-BR\"},{\"@type\":\"Organization\",\"@id\":\"https:\\\/\\\/jornalboasnoticias.com.br\\\/home\\\/#organization\",\"name\":\"Coq Editora Ltda\",\"alternateName\":\"Jornal Boas Noticias\",\"url\":\"https:\\\/\\\/jornalboasnoticias.com.br\\\/home\\\/\",\"logo\":{\"@type\":\"ImageObject\",\"inLanguage\":\"pt-BR\",\"@id\":\"https:\\\/\\\/jornalboasnoticias.com.br\\\/home\\\/#\\\/schema\\\/logo\\\/image\\\/\",\"url\":\"https:\\\/\\\/jornalboasnoticias.com.br\\\/home\\\/wp-content\\\/uploads\\\/2024\\\/07\\\/cropped-logo.jpg\",\"contentUrl\":\"https:\\\/\\\/jornalboasnoticias.com.br\\\/home\\\/wp-content\\\/uploads\\\/2024\\\/07\\\/cropped-logo.jpg\",\"width\":290,\"height\":142,\"caption\":\"Coq Editora Ltda\"},\"image\":{\"@id\":\"https:\\\/\\\/jornalboasnoticias.com.br\\\/home\\\/#\\\/schema\\\/logo\\\/image\\\/\"},\"sameAs\":[\"https:\\\/\\\/www.facebook.com\\\/boasnoticiasjornal\"]},{\"@type\":\"Person\",\"@id\":\"https:\\\/\\\/jornalboasnoticias.com.br\\\/home\\\/#\\\/schema\\\/person\\\/d641193e0afc6405b390164dac847971\",\"name\":\"Ana Luiza Bonatto\",\"image\":{\"@type\":\"ImageObject\",\"inLanguage\":\"pt-BR\",\"@id\":\"https:\\\/\\\/secure.gravatar.com\\\/avatar\\\/8a055ebe6373371f67ac6fcf313c0ac0b0a91157fdcdb9514fa62927373348f0?s=96&d=mm&r=g\",\"url\":\"https:\\\/\\\/secure.gravatar.com\\\/avatar\\\/8a055ebe6373371f67ac6fcf313c0ac0b0a91157fdcdb9514fa62927373348f0?s=96&d=mm&r=g\",\"contentUrl\":\"https:\\\/\\\/secure.gravatar.com\\\/avatar\\\/8a055ebe6373371f67ac6fcf313c0ac0b0a91157fdcdb9514fa62927373348f0?s=96&d=mm&r=g\",\"caption\":\"Ana Luiza Bonatto\"},\"url\":\"https:\\\/\\\/jornalboasnoticias.com.br\\\/home\\\/author\\\/ana-luiza\\\/\"}]}<\/script>\n<!-- \/ Yoast SEO plugin. -->","yoast_head_json":{"title":"Exporta\u00e7\u00e3o de caf\u00e9 do Brasil cai em 2025, mas bate recorde em receita - Jornal","description":"Exporta\u00e7\u00e3o de caf\u00e9 do Brasil cai em 2025, mas bate recorde em receita","robots":{"index":"index","follow":"follow","max-snippet":"max-snippet:-1","max-image-preview":"max-image-preview:large","max-video-preview":"max-video-preview:-1"},"canonical":"https:\/\/jornalboasnoticias.com.br\/home\/exportacao-de-cafe-do-brasil-cai-em-2025-mas-bate-recorde-em-receita\/","og_locale":"pt_BR","og_type":"article","og_title":"Exporta\u00e7\u00e3o de caf\u00e9 do Brasil cai em 2025, mas bate recorde em receita - Jornal","og_description":"Exporta\u00e7\u00e3o de caf\u00e9 do Brasil cai em 2025, mas bate recorde em receita","og_url":"https:\/\/jornalboasnoticias.com.br\/home\/exportacao-de-cafe-do-brasil-cai-em-2025-mas-bate-recorde-em-receita\/","og_site_name":"Jornal","article_publisher":"https:\/\/www.facebook.com\/boasnoticiasjornal","article_published_time":"2026-01-20T12:40:21+00:00","og_image":[{"width":1170,"height":700,"url":"https:\/\/jornalboasnoticias.com.br\/home\/wp-content\/uploads\/2026\/01\/mca_abr_17061917250.jpg","type":"image\/jpeg"}],"author":"Ana Luiza Bonatto","twitter_card":"summary_large_image","twitter_misc":{"Escrito por":"Ana Luiza Bonatto","Est. tempo de leitura":"4 minutos"},"schema":{"@context":"https:\/\/schema.org","@graph":[{"@type":"Article","@id":"https:\/\/jornalboasnoticias.com.br\/home\/exportacao-de-cafe-do-brasil-cai-em-2025-mas-bate-recorde-em-receita\/#article","isPartOf":{"@id":"https:\/\/jornalboasnoticias.com.br\/home\/exportacao-de-cafe-do-brasil-cai-em-2025-mas-bate-recorde-em-receita\/"},"author":{"name":"Ana Luiza Bonatto","@id":"https:\/\/jornalboasnoticias.com.br\/home\/#\/schema\/person\/d641193e0afc6405b390164dac847971"},"headline":"Exporta\u00e7\u00e3o de caf\u00e9 do Brasil cai em 2025, mas bate recorde em receita","datePublished":"2026-01-20T12:40:21+00:00","mainEntityOfPage":{"@id":"https:\/\/jornalboasnoticias.com.br\/home\/exportacao-de-cafe-do-brasil-cai-em-2025-mas-bate-recorde-em-receita\/"},"wordCount":553,"commentCount":0,"publisher":{"@id":"https:\/\/jornalboasnoticias.com.br\/home\/#organization"},"image":{"@id":"https:\/\/jornalboasnoticias.com.br\/home\/exportacao-de-cafe-do-brasil-cai-em-2025-mas-bate-recorde-em-receita\/#primaryimage"},"thumbnailUrl":"https:\/\/jornalboasnoticias.com.br\/home\/wp-content\/uploads\/2026\/01\/mca_abr_17061917250.jpg","articleSection":["BRASIL","DESTAQUE"],"inLanguage":"pt-BR","potentialAction":[{"@type":"CommentAction","name":"Comment","target":["https:\/\/jornalboasnoticias.com.br\/home\/exportacao-de-cafe-do-brasil-cai-em-2025-mas-bate-recorde-em-receita\/#respond"]}]},{"@type":"WebPage","@id":"https:\/\/jornalboasnoticias.com.br\/home\/exportacao-de-cafe-do-brasil-cai-em-2025-mas-bate-recorde-em-receita\/","url":"https:\/\/jornalboasnoticias.com.br\/home\/exportacao-de-cafe-do-brasil-cai-em-2025-mas-bate-recorde-em-receita\/","name":"Exporta\u00e7\u00e3o de caf\u00e9 do Brasil cai em 2025, mas bate recorde em receita - Jornal","isPartOf":{"@id":"https:\/\/jornalboasnoticias.com.br\/home\/#website"},"primaryImageOfPage":{"@id":"https:\/\/jornalboasnoticias.com.br\/home\/exportacao-de-cafe-do-brasil-cai-em-2025-mas-bate-recorde-em-receita\/#primaryimage"},"image":{"@id":"https:\/\/jornalboasnoticias.com.br\/home\/exportacao-de-cafe-do-brasil-cai-em-2025-mas-bate-recorde-em-receita\/#primaryimage"},"thumbnailUrl":"https:\/\/jornalboasnoticias.com.br\/home\/wp-content\/uploads\/2026\/01\/mca_abr_17061917250.jpg","datePublished":"2026-01-20T12:40:21+00:00","description":"Exporta\u00e7\u00e3o de caf\u00e9 do Brasil cai em 2025, mas bate recorde em receita","breadcrumb":{"@id":"https:\/\/jornalboasnoticias.com.br\/home\/exportacao-de-cafe-do-brasil-cai-em-2025-mas-bate-recorde-em-receita\/#breadcrumb"},"inLanguage":"pt-BR","potentialAction":[{"@type":"ReadAction","target":["https:\/\/jornalboasnoticias.com.br\/home\/exportacao-de-cafe-do-brasil-cai-em-2025-mas-bate-recorde-em-receita\/"]}]},{"@type":"ImageObject","inLanguage":"pt-BR","@id":"https:\/\/jornalboasnoticias.com.br\/home\/exportacao-de-cafe-do-brasil-cai-em-2025-mas-bate-recorde-em-receita\/#primaryimage","url":"https:\/\/jornalboasnoticias.com.br\/home\/wp-content\/uploads\/2026\/01\/mca_abr_17061917250.jpg","contentUrl":"https:\/\/jornalboasnoticias.com.br\/home\/wp-content\/uploads\/2026\/01\/mca_abr_17061917250.jpg","width":1170,"height":700,"caption":"\u00a9 Marcello Casal jr\/Ag\u00eancia Brasil"},{"@type":"BreadcrumbList","@id":"https:\/\/jornalboasnoticias.com.br\/home\/exportacao-de-cafe-do-brasil-cai-em-2025-mas-bate-recorde-em-receita\/#breadcrumb","itemListElement":[{"@type":"ListItem","position":1,"name":"In\u00edcio","item":"https:\/\/jornalboasnoticias.com.br\/home\/"},{"@type":"ListItem","position":2,"name":"Exporta\u00e7\u00e3o de caf\u00e9 do Brasil cai em 2025, mas bate recorde em receita"}]},{"@type":"WebSite","@id":"https:\/\/jornalboasnoticias.com.br\/home\/#website","url":"https:\/\/jornalboasnoticias.com.br\/home\/","name":"Jornal Boas Not\u00edcias","description":"Boas not\u00edcias","publisher":{"@id":"https:\/\/jornalboasnoticias.com.br\/home\/#organization"},"potentialAction":[{"@type":"SearchAction","target":{"@type":"EntryPoint","urlTemplate":"https:\/\/jornalboasnoticias.com.br\/home\/?s={search_term_string}"},"query-input":{"@type":"PropertyValueSpecification","valueRequired":true,"valueName":"search_term_string"}}],"inLanguage":"pt-BR"},{"@type":"Organization","@id":"https:\/\/jornalboasnoticias.com.br\/home\/#organization","name":"Coq Editora Ltda","alternateName":"Jornal Boas Noticias","url":"https:\/\/jornalboasnoticias.com.br\/home\/","logo":{"@type":"ImageObject","inLanguage":"pt-BR","@id":"https:\/\/jornalboasnoticias.com.br\/home\/#\/schema\/logo\/image\/","url":"https:\/\/jornalboasnoticias.com.br\/home\/wp-content\/uploads\/2024\/07\/cropped-logo.jpg","contentUrl":"https:\/\/jornalboasnoticias.com.br\/home\/wp-content\/uploads\/2024\/07\/cropped-logo.jpg","width":290,"height":142,"caption":"Coq Editora Ltda"},"image":{"@id":"https:\/\/jornalboasnoticias.com.br\/home\/#\/schema\/logo\/image\/"},"sameAs":["https:\/\/www.facebook.com\/boasnoticiasjornal"]},{"@type":"Person","@id":"https:\/\/jornalboasnoticias.com.br\/home\/#\/schema\/person\/d641193e0afc6405b390164dac847971","name":"Ana Luiza Bonatto","image":{"@type":"ImageObject","inLanguage":"pt-BR","@id":"https:\/\/secure.gravatar.com\/avatar\/8a055ebe6373371f67ac6fcf313c0ac0b0a91157fdcdb9514fa62927373348f0?s=96&d=mm&r=g","url":"https:\/\/secure.gravatar.com\/avatar\/8a055ebe6373371f67ac6fcf313c0ac0b0a91157fdcdb9514fa62927373348f0?s=96&d=mm&r=g","contentUrl":"https:\/\/secure.gravatar.com\/avatar\/8a055ebe6373371f67ac6fcf313c0ac0b0a91157fdcdb9514fa62927373348f0?s=96&d=mm&r=g","caption":"Ana Luiza Bonatto"},"url":"https:\/\/jornalboasnoticias.com.br\/home\/author\/ana-luiza\/"}]}},"_links":{"self":[{"href":"https:\/\/jornalboasnoticias.com.br\/home\/wp-json\/wp\/v2\/posts\/47191","targetHints":{"allow":["GET"]}}],"collection":[{"href":"https:\/\/jornalboasnoticias.com.br\/home\/wp-json\/wp\/v2\/posts"}],"about":[{"href":"https:\/\/jornalboasnoticias.com.br\/home\/wp-json\/wp\/v2\/types\/post"}],"author":[{"embeddable":true,"href":"https:\/\/jornalboasnoticias.com.br\/home\/wp-json\/wp\/v2\/users\/4"}],"replies":[{"embeddable":true,"href":"https:\/\/jornalboasnoticias.com.br\/home\/wp-json\/wp\/v2\/comments?post=47191"}],"version-history":[{"count":1,"href":"https:\/\/jornalboasnoticias.com.br\/home\/wp-json\/wp\/v2\/posts\/47191\/revisions"}],"predecessor-version":[{"id":47193,"href":"https:\/\/jornalboasnoticias.com.br\/home\/wp-json\/wp\/v2\/posts\/47191\/revisions\/47193"}],"wp:featuredmedia":[{"embeddable":true,"href":"https:\/\/jornalboasnoticias.com.br\/home\/wp-json\/wp\/v2\/media\/47192"}],"wp:attachment":[{"href":"https:\/\/jornalboasnoticias.com.br\/home\/wp-json\/wp\/v2\/media?parent=47191"}],"wp:term":[{"taxonomy":"category","embeddable":true,"href":"https:\/\/jornalboasnoticias.com.br\/home\/wp-json\/wp\/v2\/categories?post=47191"},{"taxonomy":"post_tag","embeddable":true,"href":"https:\/\/jornalboasnoticias.com.br\/home\/wp-json\/wp\/v2\/tags?post=47191"}],"curies":[{"name":"wp","href":"https:\/\/api.w.org\/{rel}","templated":true}]}}