{"id":47182,"date":"2026-01-20T12:26:32","date_gmt":"2026-01-20T12:26:32","guid":{"rendered":"https:\/\/jornalboasnoticias.com.br\/home\/?p=47182"},"modified":"2026-01-20T12:26:32","modified_gmt":"2026-01-20T12:26:32","slug":"ira-cortaram-a-internet-para-poder-matar-relatam-moradores","status":"publish","type":"post","link":"https:\/\/jornalboasnoticias.com.br\/home\/ira-cortaram-a-internet-para-poder-matar-relatam-moradores\/","title":{"rendered":"Ir\u00e3: \u201cCortaram a internet para poder matar\u201d, relatam moradores"},"content":{"rendered":"<figure id=\"attachment_47183\" aria-describedby=\"caption-attachment-47183\" style=\"width: 900px\" class=\"wp-caption alignnone\"><img loading=\"lazy\" decoding=\"async\" class=\"size-full wp-image-47183\" src=\"https:\/\/jornalboasnoticias.com.br\/home\/wp-content\/uploads\/2026\/01\/bf6c2fbb-policia-antiterrorismo-do-ira.webp\" alt=\"\" width=\"900\" height=\"596\" srcset=\"https:\/\/jornalboasnoticias.com.br\/home\/wp-content\/uploads\/2026\/01\/bf6c2fbb-policia-antiterrorismo-do-ira.webp 900w, https:\/\/jornalboasnoticias.com.br\/home\/wp-content\/uploads\/2026\/01\/bf6c2fbb-policia-antiterrorismo-do-ira-300x199.webp 300w, https:\/\/jornalboasnoticias.com.br\/home\/wp-content\/uploads\/2026\/01\/bf6c2fbb-policia-antiterrorismo-do-ira-768x509.webp 768w\" sizes=\"auto, (max-width: 900px) 100vw, 900px\" \/><figcaption id=\"caption-attachment-47183\" class=\"wp-caption-text\">Reprodu\u00e7\u00e3o\/X<\/figcaption><\/figure>\n<blockquote>\n<p data-start=\"68\" data-end=\"244\"><strong data-start=\"68\" data-end=\"244\">Com a internet fora do ar por dias, iranianos afirmam que a repress\u00e3o se intensificou e que o bloqueio dificulta a divulga\u00e7\u00e3o de den\u00fancias e informa\u00e7\u00f5es sobre os protestos.<\/strong><\/p>\n<\/blockquote>\n<p data-start=\"246\" data-end=\"674\">Em meio ao corte de internet no Ir\u00e3, moradores e testemunhas relatam que a repress\u00e3o do regime se tornou mais dura nas \u00faltimas semanas, enquanto o pa\u00eds vive um apag\u00e3o de informa\u00e7\u00f5es. Na passagem de fronteira de Kapik\u00f6y, entre Ir\u00e3 e Turquia, pessoas que deixaram o territ\u00f3rio iraniano dizem que o bloqueio digital teria sido usado para reduzir a circula\u00e7\u00e3o de v\u00eddeos e relatos e, assim, ampliar o controle sobre as manifesta\u00e7\u00f5es.<\/p>\n<p data-start=\"676\" data-end=\"1083\">Segundo entrevistados, o cen\u00e1rio nas ruas passou a ser de forte presen\u00e7a de for\u00e7as de seguran\u00e7a e patrulhamento em pontos estrat\u00e9gicos, com uma \u201ccalma fr\u00e1gil\u201d ap\u00f3s semanas de protestos. Embora liga\u00e7\u00f5es e servi\u00e7os de mensagens tenham voltado a funcionar, o acesso \u00e0 internet permaneceu inst\u00e1vel, com relatos de restabelecimento tempor\u00e1rio seguido de novos bloqueios, conforme apontou a organiza\u00e7\u00e3o NetBlocks.<\/p>\n<p data-start=\"1085\" data-end=\"1537\">O impacto do apag\u00e3o tamb\u00e9m aparece na vida pr\u00e1tica. Com voos cancelados e o ambiente de incerteza, parte da popula\u00e7\u00e3o busca sair do pa\u00eds para conseguir contato com familiares no exterior ou simplesmente se afastar do clima de tens\u00e3o. Na fronteira, tamb\u00e9m circulam comerciantes e trabalhadores informais, em um retrato de dificuldades econ\u00f4micas agravadas por alta de pre\u00e7os e desvaloriza\u00e7\u00e3o da moeda, fatores que ajudaram a impulsionar as mobiliza\u00e7\u00f5es.<\/p>\n<p data-start=\"1539\" data-end=\"1961\">Uma moradora de Teer\u00e3, identificada com nome alterado por seguran\u00e7a, contou que a queda da conex\u00e3o teria sido um ponto de virada. Para ela, o bloqueio serviria para permitir a\u00e7\u00f5es mais violentas sem exposi\u00e7\u00e3o imediata. Outros entrevistados afirmaram que, desta vez, a repress\u00e3o estaria em um n\u00edvel diferente de ondas anteriores de protestos, e dizem conhecer v\u00edtimas diretamente, o que amplia a sensa\u00e7\u00e3o de medo e revolta.<\/p>\n<h3 data-start=\"1963\" data-end=\"2003\">Pris\u00f5es, mortes e vers\u00f5es em disputa<\/h3>\n<p data-start=\"2004\" data-end=\"2292\">As autoridades iranianas reconheceram milhares de pris\u00f5es. Organiza\u00e7\u00f5es de direitos humanos, por outro lado, alegam n\u00fameros maiores e relatam mortes em escala significativa, sem confirma\u00e7\u00e3o independente ampla devido ao bloqueio de comunica\u00e7\u00e3o e \u00e0 dificuldade de verifica\u00e7\u00e3o no territ\u00f3rio.<\/p>\n<p data-start=\"2294\" data-end=\"2615\">O governo sustenta que houve mortes, mas atribui parte delas a ataques e a\u00e7\u00f5es de \u201cterroristas\u201d e v\u00e2ndalos, al\u00e9m de afirmar que os protestos teriam interfer\u00eancia externa. J\u00e1 manifestantes e moradores ouvidos rejeitam essa narrativa e dizem que se trata de mobiliza\u00e7\u00e3o interna, motivada por insatisfa\u00e7\u00e3o pol\u00edtica e social.<\/p>\n<p data-start=\"2617\" data-end=\"2850\">Entre os relatos reunidos, o sentimento mais repetido \u00e9 o de perda de legitimidade do regime e frustra\u00e7\u00e3o com a falta de resposta internacional efetiva, ao mesmo tempo em que muitos afirmam n\u00e3o enxergar uma sa\u00edda r\u00e1pida para a crise.<\/p>\n","protected":false},"excerpt":{"rendered":"<p>Com a internet fora do ar por dias, iranianos afirmam que a repress\u00e3o se intensificou<\/p>\n","protected":false},"author":4,"featured_media":47183,"comment_status":"open","ping_status":"open","sticky":false,"template":"","format":"standard","meta":{"footnotes":""},"categories":[3,9],"tags":[],"class_list":["post-47182","post","type-post","status-publish","format-standard","has-post-thumbnail","hentry","category-destaques","category-internacional"],"yoast_head":"<!-- This site is optimized with the Yoast SEO plugin v27.5 - https:\/\/yoast.com\/product\/yoast-seo-wordpress\/ -->\n<title>Ir\u00e3: \u201cCortaram a internet para poder matar\u201d, relatam moradores - Jornal<\/title>\n<meta name=\"description\" content=\"Ir\u00e3: \u201cCortaram a internet para poder matar\u201d, relatam moradores\" \/>\n<meta name=\"robots\" content=\"index, follow, max-snippet:-1, max-image-preview:large, max-video-preview:-1\" \/>\n<link rel=\"canonical\" href=\"https:\/\/jornalboasnoticias.com.br\/home\/ira-cortaram-a-internet-para-poder-matar-relatam-moradores\/\" \/>\n<meta property=\"og:locale\" content=\"pt_BR\" \/>\n<meta property=\"og:type\" content=\"article\" \/>\n<meta property=\"og:title\" content=\"Ir\u00e3: \u201cCortaram a internet para poder matar\u201d, relatam moradores - Jornal\" \/>\n<meta property=\"og:description\" content=\"Ir\u00e3: \u201cCortaram a internet para poder matar\u201d, relatam moradores\" \/>\n<meta property=\"og:url\" content=\"https:\/\/jornalboasnoticias.com.br\/home\/ira-cortaram-a-internet-para-poder-matar-relatam-moradores\/\" \/>\n<meta property=\"og:site_name\" content=\"Jornal\" \/>\n<meta property=\"article:publisher\" content=\"https:\/\/www.facebook.com\/boasnoticiasjornal\" \/>\n<meta property=\"article:published_time\" content=\"2026-01-20T12:26:32+00:00\" \/>\n<meta property=\"og:image\" content=\"https:\/\/jornalboasnoticias.com.br\/home\/wp-content\/uploads\/2026\/01\/bf6c2fbb-policia-antiterrorismo-do-ira.webp\" \/>\n\t<meta property=\"og:image:width\" content=\"900\" \/>\n\t<meta property=\"og:image:height\" content=\"596\" \/>\n\t<meta property=\"og:image:type\" content=\"image\/webp\" \/>\n<meta name=\"author\" content=\"Ana Luiza Bonatto\" \/>\n<meta name=\"twitter:card\" content=\"summary_large_image\" \/>\n<meta name=\"twitter:label1\" content=\"Escrito por\" \/>\n\t<meta name=\"twitter:data1\" content=\"Ana Luiza Bonatto\" \/>\n\t<meta name=\"twitter:label2\" content=\"Est. tempo de leitura\" \/>\n\t<meta name=\"twitter:data2\" content=\"3 minutos\" \/>\n<script type=\"application\/ld+json\" class=\"yoast-schema-graph\">{\"@context\":\"https:\\\/\\\/schema.org\",\"@graph\":[{\"@type\":\"Article\",\"@id\":\"https:\\\/\\\/jornalboasnoticias.com.br\\\/home\\\/ira-cortaram-a-internet-para-poder-matar-relatam-moradores\\\/#article\",\"isPartOf\":{\"@id\":\"https:\\\/\\\/jornalboasnoticias.com.br\\\/home\\\/ira-cortaram-a-internet-para-poder-matar-relatam-moradores\\\/\"},\"author\":{\"name\":\"Ana Luiza Bonatto\",\"@id\":\"https:\\\/\\\/jornalboasnoticias.com.br\\\/home\\\/#\\\/schema\\\/person\\\/d641193e0afc6405b390164dac847971\"},\"headline\":\"Ir\u00e3: \u201cCortaram a internet para poder matar\u201d, relatam moradores\",\"datePublished\":\"2026-01-20T12:26:32+00:00\",\"mainEntityOfPage\":{\"@id\":\"https:\\\/\\\/jornalboasnoticias.com.br\\\/home\\\/ira-cortaram-a-internet-para-poder-matar-relatam-moradores\\\/\"},\"wordCount\":510,\"commentCount\":0,\"publisher\":{\"@id\":\"https:\\\/\\\/jornalboasnoticias.com.br\\\/home\\\/#organization\"},\"image\":{\"@id\":\"https:\\\/\\\/jornalboasnoticias.com.br\\\/home\\\/ira-cortaram-a-internet-para-poder-matar-relatam-moradores\\\/#primaryimage\"},\"thumbnailUrl\":\"https:\\\/\\\/jornalboasnoticias.com.br\\\/home\\\/wp-content\\\/uploads\\\/2026\\\/01\\\/bf6c2fbb-policia-antiterrorismo-do-ira.webp\",\"articleSection\":[\"DESTAQUE\",\"INTERNACIONAL\"],\"inLanguage\":\"pt-BR\",\"potentialAction\":[{\"@type\":\"CommentAction\",\"name\":\"Comment\",\"target\":[\"https:\\\/\\\/jornalboasnoticias.com.br\\\/home\\\/ira-cortaram-a-internet-para-poder-matar-relatam-moradores\\\/#respond\"]}]},{\"@type\":\"WebPage\",\"@id\":\"https:\\\/\\\/jornalboasnoticias.com.br\\\/home\\\/ira-cortaram-a-internet-para-poder-matar-relatam-moradores\\\/\",\"url\":\"https:\\\/\\\/jornalboasnoticias.com.br\\\/home\\\/ira-cortaram-a-internet-para-poder-matar-relatam-moradores\\\/\",\"name\":\"Ir\u00e3: \u201cCortaram a internet para poder matar\u201d, relatam moradores - Jornal\",\"isPartOf\":{\"@id\":\"https:\\\/\\\/jornalboasnoticias.com.br\\\/home\\\/#website\"},\"primaryImageOfPage\":{\"@id\":\"https:\\\/\\\/jornalboasnoticias.com.br\\\/home\\\/ira-cortaram-a-internet-para-poder-matar-relatam-moradores\\\/#primaryimage\"},\"image\":{\"@id\":\"https:\\\/\\\/jornalboasnoticias.com.br\\\/home\\\/ira-cortaram-a-internet-para-poder-matar-relatam-moradores\\\/#primaryimage\"},\"thumbnailUrl\":\"https:\\\/\\\/jornalboasnoticias.com.br\\\/home\\\/wp-content\\\/uploads\\\/2026\\\/01\\\/bf6c2fbb-policia-antiterrorismo-do-ira.webp\",\"datePublished\":\"2026-01-20T12:26:32+00:00\",\"description\":\"Ir\u00e3: \u201cCortaram a internet para poder matar\u201d, relatam moradores\",\"breadcrumb\":{\"@id\":\"https:\\\/\\\/jornalboasnoticias.com.br\\\/home\\\/ira-cortaram-a-internet-para-poder-matar-relatam-moradores\\\/#breadcrumb\"},\"inLanguage\":\"pt-BR\",\"potentialAction\":[{\"@type\":\"ReadAction\",\"target\":[\"https:\\\/\\\/jornalboasnoticias.com.br\\\/home\\\/ira-cortaram-a-internet-para-poder-matar-relatam-moradores\\\/\"]}]},{\"@type\":\"ImageObject\",\"inLanguage\":\"pt-BR\",\"@id\":\"https:\\\/\\\/jornalboasnoticias.com.br\\\/home\\\/ira-cortaram-a-internet-para-poder-matar-relatam-moradores\\\/#primaryimage\",\"url\":\"https:\\\/\\\/jornalboasnoticias.com.br\\\/home\\\/wp-content\\\/uploads\\\/2026\\\/01\\\/bf6c2fbb-policia-antiterrorismo-do-ira.webp\",\"contentUrl\":\"https:\\\/\\\/jornalboasnoticias.com.br\\\/home\\\/wp-content\\\/uploads\\\/2026\\\/01\\\/bf6c2fbb-policia-antiterrorismo-do-ira.webp\",\"width\":900,\"height\":596,\"caption\":\"Reprodu\u00e7\u00e3o\\\/X\"},{\"@type\":\"BreadcrumbList\",\"@id\":\"https:\\\/\\\/jornalboasnoticias.com.br\\\/home\\\/ira-cortaram-a-internet-para-poder-matar-relatam-moradores\\\/#breadcrumb\",\"itemListElement\":[{\"@type\":\"ListItem\",\"position\":1,\"name\":\"In\u00edcio\",\"item\":\"https:\\\/\\\/jornalboasnoticias.com.br\\\/home\\\/\"},{\"@type\":\"ListItem\",\"position\":2,\"name\":\"Ir\u00e3: \u201cCortaram a internet para poder matar\u201d, relatam moradores\"}]},{\"@type\":\"WebSite\",\"@id\":\"https:\\\/\\\/jornalboasnoticias.com.br\\\/home\\\/#website\",\"url\":\"https:\\\/\\\/jornalboasnoticias.com.br\\\/home\\\/\",\"name\":\"Jornal Boas Not\u00edcias\",\"description\":\"Boas not\u00edcias\",\"publisher\":{\"@id\":\"https:\\\/\\\/jornalboasnoticias.com.br\\\/home\\\/#organization\"},\"potentialAction\":[{\"@type\":\"SearchAction\",\"target\":{\"@type\":\"EntryPoint\",\"urlTemplate\":\"https:\\\/\\\/jornalboasnoticias.com.br\\\/home\\\/?s={search_term_string}\"},\"query-input\":{\"@type\":\"PropertyValueSpecification\",\"valueRequired\":true,\"valueName\":\"search_term_string\"}}],\"inLanguage\":\"pt-BR\"},{\"@type\":\"Organization\",\"@id\":\"https:\\\/\\\/jornalboasnoticias.com.br\\\/home\\\/#organization\",\"name\":\"Coq Editora Ltda\",\"alternateName\":\"Jornal Boas Noticias\",\"url\":\"https:\\\/\\\/jornalboasnoticias.com.br\\\/home\\\/\",\"logo\":{\"@type\":\"ImageObject\",\"inLanguage\":\"pt-BR\",\"@id\":\"https:\\\/\\\/jornalboasnoticias.com.br\\\/home\\\/#\\\/schema\\\/logo\\\/image\\\/\",\"url\":\"https:\\\/\\\/jornalboasnoticias.com.br\\\/home\\\/wp-content\\\/uploads\\\/2024\\\/07\\\/cropped-logo.jpg\",\"contentUrl\":\"https:\\\/\\\/jornalboasnoticias.com.br\\\/home\\\/wp-content\\\/uploads\\\/2024\\\/07\\\/cropped-logo.jpg\",\"width\":290,\"height\":142,\"caption\":\"Coq Editora Ltda\"},\"image\":{\"@id\":\"https:\\\/\\\/jornalboasnoticias.com.br\\\/home\\\/#\\\/schema\\\/logo\\\/image\\\/\"},\"sameAs\":[\"https:\\\/\\\/www.facebook.com\\\/boasnoticiasjornal\"]},{\"@type\":\"Person\",\"@id\":\"https:\\\/\\\/jornalboasnoticias.com.br\\\/home\\\/#\\\/schema\\\/person\\\/d641193e0afc6405b390164dac847971\",\"name\":\"Ana Luiza Bonatto\",\"image\":{\"@type\":\"ImageObject\",\"inLanguage\":\"pt-BR\",\"@id\":\"https:\\\/\\\/secure.gravatar.com\\\/avatar\\\/8a055ebe6373371f67ac6fcf313c0ac0b0a91157fdcdb9514fa62927373348f0?s=96&d=mm&r=g\",\"url\":\"https:\\\/\\\/secure.gravatar.com\\\/avatar\\\/8a055ebe6373371f67ac6fcf313c0ac0b0a91157fdcdb9514fa62927373348f0?s=96&d=mm&r=g\",\"contentUrl\":\"https:\\\/\\\/secure.gravatar.com\\\/avatar\\\/8a055ebe6373371f67ac6fcf313c0ac0b0a91157fdcdb9514fa62927373348f0?s=96&d=mm&r=g\",\"caption\":\"Ana Luiza Bonatto\"},\"url\":\"https:\\\/\\\/jornalboasnoticias.com.br\\\/home\\\/author\\\/ana-luiza\\\/\"}]}<\/script>\n<!-- \/ Yoast SEO plugin. -->","yoast_head_json":{"title":"Ir\u00e3: \u201cCortaram a internet para poder matar\u201d, relatam moradores - Jornal","description":"Ir\u00e3: \u201cCortaram a internet para poder matar\u201d, relatam moradores","robots":{"index":"index","follow":"follow","max-snippet":"max-snippet:-1","max-image-preview":"max-image-preview:large","max-video-preview":"max-video-preview:-1"},"canonical":"https:\/\/jornalboasnoticias.com.br\/home\/ira-cortaram-a-internet-para-poder-matar-relatam-moradores\/","og_locale":"pt_BR","og_type":"article","og_title":"Ir\u00e3: \u201cCortaram a internet para poder matar\u201d, relatam moradores - Jornal","og_description":"Ir\u00e3: \u201cCortaram a internet para poder matar\u201d, relatam moradores","og_url":"https:\/\/jornalboasnoticias.com.br\/home\/ira-cortaram-a-internet-para-poder-matar-relatam-moradores\/","og_site_name":"Jornal","article_publisher":"https:\/\/www.facebook.com\/boasnoticiasjornal","article_published_time":"2026-01-20T12:26:32+00:00","og_image":[{"width":900,"height":596,"url":"https:\/\/jornalboasnoticias.com.br\/home\/wp-content\/uploads\/2026\/01\/bf6c2fbb-policia-antiterrorismo-do-ira.webp","type":"image\/webp"}],"author":"Ana Luiza Bonatto","twitter_card":"summary_large_image","twitter_misc":{"Escrito por":"Ana Luiza Bonatto","Est. tempo de leitura":"3 minutos"},"schema":{"@context":"https:\/\/schema.org","@graph":[{"@type":"Article","@id":"https:\/\/jornalboasnoticias.com.br\/home\/ira-cortaram-a-internet-para-poder-matar-relatam-moradores\/#article","isPartOf":{"@id":"https:\/\/jornalboasnoticias.com.br\/home\/ira-cortaram-a-internet-para-poder-matar-relatam-moradores\/"},"author":{"name":"Ana Luiza Bonatto","@id":"https:\/\/jornalboasnoticias.com.br\/home\/#\/schema\/person\/d641193e0afc6405b390164dac847971"},"headline":"Ir\u00e3: \u201cCortaram a internet para poder matar\u201d, relatam moradores","datePublished":"2026-01-20T12:26:32+00:00","mainEntityOfPage":{"@id":"https:\/\/jornalboasnoticias.com.br\/home\/ira-cortaram-a-internet-para-poder-matar-relatam-moradores\/"},"wordCount":510,"commentCount":0,"publisher":{"@id":"https:\/\/jornalboasnoticias.com.br\/home\/#organization"},"image":{"@id":"https:\/\/jornalboasnoticias.com.br\/home\/ira-cortaram-a-internet-para-poder-matar-relatam-moradores\/#primaryimage"},"thumbnailUrl":"https:\/\/jornalboasnoticias.com.br\/home\/wp-content\/uploads\/2026\/01\/bf6c2fbb-policia-antiterrorismo-do-ira.webp","articleSection":["DESTAQUE","INTERNACIONAL"],"inLanguage":"pt-BR","potentialAction":[{"@type":"CommentAction","name":"Comment","target":["https:\/\/jornalboasnoticias.com.br\/home\/ira-cortaram-a-internet-para-poder-matar-relatam-moradores\/#respond"]}]},{"@type":"WebPage","@id":"https:\/\/jornalboasnoticias.com.br\/home\/ira-cortaram-a-internet-para-poder-matar-relatam-moradores\/","url":"https:\/\/jornalboasnoticias.com.br\/home\/ira-cortaram-a-internet-para-poder-matar-relatam-moradores\/","name":"Ir\u00e3: \u201cCortaram a internet para poder matar\u201d, relatam moradores - Jornal","isPartOf":{"@id":"https:\/\/jornalboasnoticias.com.br\/home\/#website"},"primaryImageOfPage":{"@id":"https:\/\/jornalboasnoticias.com.br\/home\/ira-cortaram-a-internet-para-poder-matar-relatam-moradores\/#primaryimage"},"image":{"@id":"https:\/\/jornalboasnoticias.com.br\/home\/ira-cortaram-a-internet-para-poder-matar-relatam-moradores\/#primaryimage"},"thumbnailUrl":"https:\/\/jornalboasnoticias.com.br\/home\/wp-content\/uploads\/2026\/01\/bf6c2fbb-policia-antiterrorismo-do-ira.webp","datePublished":"2026-01-20T12:26:32+00:00","description":"Ir\u00e3: \u201cCortaram a internet para poder matar\u201d, relatam moradores","breadcrumb":{"@id":"https:\/\/jornalboasnoticias.com.br\/home\/ira-cortaram-a-internet-para-poder-matar-relatam-moradores\/#breadcrumb"},"inLanguage":"pt-BR","potentialAction":[{"@type":"ReadAction","target":["https:\/\/jornalboasnoticias.com.br\/home\/ira-cortaram-a-internet-para-poder-matar-relatam-moradores\/"]}]},{"@type":"ImageObject","inLanguage":"pt-BR","@id":"https:\/\/jornalboasnoticias.com.br\/home\/ira-cortaram-a-internet-para-poder-matar-relatam-moradores\/#primaryimage","url":"https:\/\/jornalboasnoticias.com.br\/home\/wp-content\/uploads\/2026\/01\/bf6c2fbb-policia-antiterrorismo-do-ira.webp","contentUrl":"https:\/\/jornalboasnoticias.com.br\/home\/wp-content\/uploads\/2026\/01\/bf6c2fbb-policia-antiterrorismo-do-ira.webp","width":900,"height":596,"caption":"Reprodu\u00e7\u00e3o\/X"},{"@type":"BreadcrumbList","@id":"https:\/\/jornalboasnoticias.com.br\/home\/ira-cortaram-a-internet-para-poder-matar-relatam-moradores\/#breadcrumb","itemListElement":[{"@type":"ListItem","position":1,"name":"In\u00edcio","item":"https:\/\/jornalboasnoticias.com.br\/home\/"},{"@type":"ListItem","position":2,"name":"Ir\u00e3: \u201cCortaram a internet para poder matar\u201d, relatam moradores"}]},{"@type":"WebSite","@id":"https:\/\/jornalboasnoticias.com.br\/home\/#website","url":"https:\/\/jornalboasnoticias.com.br\/home\/","name":"Jornal Boas Not\u00edcias","description":"Boas not\u00edcias","publisher":{"@id":"https:\/\/jornalboasnoticias.com.br\/home\/#organization"},"potentialAction":[{"@type":"SearchAction","target":{"@type":"EntryPoint","urlTemplate":"https:\/\/jornalboasnoticias.com.br\/home\/?s={search_term_string}"},"query-input":{"@type":"PropertyValueSpecification","valueRequired":true,"valueName":"search_term_string"}}],"inLanguage":"pt-BR"},{"@type":"Organization","@id":"https:\/\/jornalboasnoticias.com.br\/home\/#organization","name":"Coq Editora Ltda","alternateName":"Jornal Boas Noticias","url":"https:\/\/jornalboasnoticias.com.br\/home\/","logo":{"@type":"ImageObject","inLanguage":"pt-BR","@id":"https:\/\/jornalboasnoticias.com.br\/home\/#\/schema\/logo\/image\/","url":"https:\/\/jornalboasnoticias.com.br\/home\/wp-content\/uploads\/2024\/07\/cropped-logo.jpg","contentUrl":"https:\/\/jornalboasnoticias.com.br\/home\/wp-content\/uploads\/2024\/07\/cropped-logo.jpg","width":290,"height":142,"caption":"Coq Editora Ltda"},"image":{"@id":"https:\/\/jornalboasnoticias.com.br\/home\/#\/schema\/logo\/image\/"},"sameAs":["https:\/\/www.facebook.com\/boasnoticiasjornal"]},{"@type":"Person","@id":"https:\/\/jornalboasnoticias.com.br\/home\/#\/schema\/person\/d641193e0afc6405b390164dac847971","name":"Ana Luiza Bonatto","image":{"@type":"ImageObject","inLanguage":"pt-BR","@id":"https:\/\/secure.gravatar.com\/avatar\/8a055ebe6373371f67ac6fcf313c0ac0b0a91157fdcdb9514fa62927373348f0?s=96&d=mm&r=g","url":"https:\/\/secure.gravatar.com\/avatar\/8a055ebe6373371f67ac6fcf313c0ac0b0a91157fdcdb9514fa62927373348f0?s=96&d=mm&r=g","contentUrl":"https:\/\/secure.gravatar.com\/avatar\/8a055ebe6373371f67ac6fcf313c0ac0b0a91157fdcdb9514fa62927373348f0?s=96&d=mm&r=g","caption":"Ana Luiza Bonatto"},"url":"https:\/\/jornalboasnoticias.com.br\/home\/author\/ana-luiza\/"}]}},"_links":{"self":[{"href":"https:\/\/jornalboasnoticias.com.br\/home\/wp-json\/wp\/v2\/posts\/47182","targetHints":{"allow":["GET"]}}],"collection":[{"href":"https:\/\/jornalboasnoticias.com.br\/home\/wp-json\/wp\/v2\/posts"}],"about":[{"href":"https:\/\/jornalboasnoticias.com.br\/home\/wp-json\/wp\/v2\/types\/post"}],"author":[{"embeddable":true,"href":"https:\/\/jornalboasnoticias.com.br\/home\/wp-json\/wp\/v2\/users\/4"}],"replies":[{"embeddable":true,"href":"https:\/\/jornalboasnoticias.com.br\/home\/wp-json\/wp\/v2\/comments?post=47182"}],"version-history":[{"count":1,"href":"https:\/\/jornalboasnoticias.com.br\/home\/wp-json\/wp\/v2\/posts\/47182\/revisions"}],"predecessor-version":[{"id":47184,"href":"https:\/\/jornalboasnoticias.com.br\/home\/wp-json\/wp\/v2\/posts\/47182\/revisions\/47184"}],"wp:featuredmedia":[{"embeddable":true,"href":"https:\/\/jornalboasnoticias.com.br\/home\/wp-json\/wp\/v2\/media\/47183"}],"wp:attachment":[{"href":"https:\/\/jornalboasnoticias.com.br\/home\/wp-json\/wp\/v2\/media?parent=47182"}],"wp:term":[{"taxonomy":"category","embeddable":true,"href":"https:\/\/jornalboasnoticias.com.br\/home\/wp-json\/wp\/v2\/categories?post=47182"},{"taxonomy":"post_tag","embeddable":true,"href":"https:\/\/jornalboasnoticias.com.br\/home\/wp-json\/wp\/v2\/tags?post=47182"}],"curies":[{"name":"wp","href":"https:\/\/api.w.org\/{rel}","templated":true}]}}