{"id":47179,"date":"2026-01-20T12:23:49","date_gmt":"2026-01-20T12:23:49","guid":{"rendered":"https:\/\/jornalboasnoticias.com.br\/home\/?p=47179"},"modified":"2026-01-20T12:23:49","modified_gmt":"2026-01-20T12:23:49","slug":"justica-italiana-julga-extradicao-de-carla-zambelli-nesta-terca-feira","status":"publish","type":"post","link":"https:\/\/jornalboasnoticias.com.br\/home\/justica-italiana-julga-extradicao-de-carla-zambelli-nesta-terca-feira\/","title":{"rendered":"Justi\u00e7a italiana julga extradi\u00e7\u00e3o de Carla Zambelli nesta ter\u00e7a-feira"},"content":{"rendered":"<figure id=\"attachment_47180\" aria-describedby=\"caption-attachment-47180\" style=\"width: 1200px\" class=\"wp-caption alignnone\"><img loading=\"lazy\" decoding=\"async\" class=\"size-full wp-image-47180\" src=\"https:\/\/jornalboasnoticias.com.br\/home\/wp-content\/uploads\/2026\/01\/Oitiva-de-testemunha.-Dep.-Carla-Zambelli.webp\" alt=\"\" width=\"1200\" height=\"740\" srcset=\"https:\/\/jornalboasnoticias.com.br\/home\/wp-content\/uploads\/2026\/01\/Oitiva-de-testemunha.-Dep.-Carla-Zambelli.webp 1200w, https:\/\/jornalboasnoticias.com.br\/home\/wp-content\/uploads\/2026\/01\/Oitiva-de-testemunha.-Dep.-Carla-Zambelli-300x185.webp 300w, https:\/\/jornalboasnoticias.com.br\/home\/wp-content\/uploads\/2026\/01\/Oitiva-de-testemunha.-Dep.-Carla-Zambelli-1024x631.webp 1024w, https:\/\/jornalboasnoticias.com.br\/home\/wp-content\/uploads\/2026\/01\/Oitiva-de-testemunha.-Dep.-Carla-Zambelli-768x474.webp 768w\" sizes=\"auto, (max-width: 1200px) 100vw, 1200px\" \/><figcaption id=\"caption-attachment-47180\" class=\"wp-caption-text\">Foto: Renato Ara\u00fajo<\/figcaption><\/figure>\n<blockquote>\n<p data-start=\"75\" data-end=\"285\"><strong data-start=\"75\" data-end=\"247\">Corte de Apela\u00e7\u00e3o de Roma retoma o caso ap\u00f3s adiamentos. Defesa deve pedir que ela cumpra pena na It\u00e1lia e questionar condi\u00e7\u00f5es da penitenci\u00e1ria onde ficaria no Brasil.<\/strong><\/p>\n<\/blockquote>\n<p data-start=\"287\" data-end=\"560\">A Corte de Apela\u00e7\u00e3o de Roma decide nesta ter\u00e7a-feira (20) se a ex-deputada federal Carla Zambelli ser\u00e1 extraditada ao Brasil. O julgamento est\u00e1 previsto para ocorrer a portas fechadas e volta \u00e0 pauta ap\u00f3s uma sequ\u00eancia de adiamentos.<\/p>\n<p data-start=\"562\" data-end=\"852\">Zambelli est\u00e1 presa na It\u00e1lia e \u00e9 alvo de pedido de extradi\u00e7\u00e3o feito pelo governo brasileiro. No Brasil, ela foi condenada por participa\u00e7\u00e3o na invas\u00e3o aos sistemas do Conselho Nacional de Justi\u00e7a (CNJ), caso que tamb\u00e9m envolve o hacker Walter Delgatti.<\/p>\n<h3 data-start=\"854\" data-end=\"889\">Por que o julgamento foi adiado<\/h3>\n<p data-start=\"890\" data-end=\"1294\">As sess\u00f5es anteriores foram remarcadas por diferentes motivos, incluindo paralisa\u00e7\u00f5es na It\u00e1lia e a necessidade de analisar novos documentos apresentados ao processo. Em dezembro, a Justi\u00e7a italiana tamb\u00e9m recebeu informa\u00e7\u00f5es do STF sobre o local em que Zambelli ficaria detida caso fosse enviada ao Brasil, o que contribuiu para o novo adiamento at\u00e9 a data de hoje.<\/p>\n<h3 data-start=\"1296\" data-end=\"1326\">O que a defesa deve alegar<\/h3>\n<p data-start=\"1327\" data-end=\"1663\">A expectativa \u00e9 de que os advogados tentem manter Zambelli na It\u00e1lia, pedindo que eventual pena seja cumprida no pa\u00eds europeu. Entre os argumentos, a defesa deve questionar condi\u00e7\u00f5es da penitenci\u00e1ria conhecida como Colmeia, no Distrito Federal, citando preocupa\u00e7\u00f5es relacionadas a direitos humanos.<\/p>\n<p data-start=\"1665\" data-end=\"1797\">O Minist\u00e9rio P\u00fablico da It\u00e1lia j\u00e1 se manifestou anteriormente de forma favor\u00e1vel \u00e0 extradi\u00e7\u00e3o.<\/p>\n","protected":false},"excerpt":{"rendered":"<p>Corte de Apela\u00e7\u00e3o de Roma retoma o caso ap\u00f3s adiamentos. Defesa deve pedir que ela<\/p>\n","protected":false},"author":4,"featured_media":47180,"comment_status":"open","ping_status":"open","sticky":false,"template":"","format":"standard","meta":{"footnotes":""},"categories":[3,9],"tags":[],"class_list":["post-47179","post","type-post","status-publish","format-standard","has-post-thumbnail","hentry","category-destaques","category-internacional"],"yoast_head":"<!-- This site is optimized with the Yoast SEO plugin v27.5 - https:\/\/yoast.com\/product\/yoast-seo-wordpress\/ -->\n<title>Justi\u00e7a italiana julga extradi\u00e7\u00e3o de Carla Zambelli nesta ter\u00e7a-feira - Jornal<\/title>\n<meta name=\"description\" content=\"Justi\u00e7a italiana julga extradi\u00e7\u00e3o de Carla Zambelli nesta ter\u00e7a-feira\" \/>\n<meta name=\"robots\" content=\"index, follow, max-snippet:-1, max-image-preview:large, max-video-preview:-1\" \/>\n<link rel=\"canonical\" href=\"https:\/\/jornalboasnoticias.com.br\/home\/justica-italiana-julga-extradicao-de-carla-zambelli-nesta-terca-feira\/\" \/>\n<meta property=\"og:locale\" content=\"pt_BR\" \/>\n<meta property=\"og:type\" content=\"article\" \/>\n<meta property=\"og:title\" content=\"Justi\u00e7a italiana julga extradi\u00e7\u00e3o de Carla Zambelli nesta ter\u00e7a-feira - Jornal\" \/>\n<meta property=\"og:description\" content=\"Justi\u00e7a italiana julga extradi\u00e7\u00e3o de Carla Zambelli nesta ter\u00e7a-feira\" \/>\n<meta property=\"og:url\" content=\"https:\/\/jornalboasnoticias.com.br\/home\/justica-italiana-julga-extradicao-de-carla-zambelli-nesta-terca-feira\/\" \/>\n<meta property=\"og:site_name\" content=\"Jornal\" \/>\n<meta property=\"article:publisher\" content=\"https:\/\/www.facebook.com\/boasnoticiasjornal\" \/>\n<meta property=\"article:published_time\" content=\"2026-01-20T12:23:49+00:00\" \/>\n<meta property=\"og:image\" content=\"https:\/\/jornalboasnoticias.com.br\/home\/wp-content\/uploads\/2026\/01\/Oitiva-de-testemunha.-Dep.-Carla-Zambelli.webp\" \/>\n\t<meta property=\"og:image:width\" content=\"1200\" \/>\n\t<meta property=\"og:image:height\" content=\"740\" \/>\n\t<meta property=\"og:image:type\" content=\"image\/webp\" \/>\n<meta name=\"author\" content=\"Ana Luiza Bonatto\" \/>\n<meta name=\"twitter:card\" content=\"summary_large_image\" \/>\n<meta name=\"twitter:label1\" content=\"Escrito por\" \/>\n\t<meta name=\"twitter:data1\" content=\"Ana Luiza Bonatto\" \/>\n\t<meta name=\"twitter:label2\" content=\"Est. tempo de leitura\" \/>\n\t<meta name=\"twitter:data2\" content=\"2 minutos\" \/>\n<script type=\"application\/ld+json\" class=\"yoast-schema-graph\">{\"@context\":\"https:\\\/\\\/schema.org\",\"@graph\":[{\"@type\":\"Article\",\"@id\":\"https:\\\/\\\/jornalboasnoticias.com.br\\\/home\\\/justica-italiana-julga-extradicao-de-carla-zambelli-nesta-terca-feira\\\/#article\",\"isPartOf\":{\"@id\":\"https:\\\/\\\/jornalboasnoticias.com.br\\\/home\\\/justica-italiana-julga-extradicao-de-carla-zambelli-nesta-terca-feira\\\/\"},\"author\":{\"name\":\"Ana Luiza Bonatto\",\"@id\":\"https:\\\/\\\/jornalboasnoticias.com.br\\\/home\\\/#\\\/schema\\\/person\\\/d641193e0afc6405b390164dac847971\"},\"headline\":\"Justi\u00e7a italiana julga extradi\u00e7\u00e3o de Carla Zambelli nesta ter\u00e7a-feira\",\"datePublished\":\"2026-01-20T12:23:49+00:00\",\"mainEntityOfPage\":{\"@id\":\"https:\\\/\\\/jornalboasnoticias.com.br\\\/home\\\/justica-italiana-julga-extradicao-de-carla-zambelli-nesta-terca-feira\\\/\"},\"wordCount\":282,\"commentCount\":0,\"publisher\":{\"@id\":\"https:\\\/\\\/jornalboasnoticias.com.br\\\/home\\\/#organization\"},\"image\":{\"@id\":\"https:\\\/\\\/jornalboasnoticias.com.br\\\/home\\\/justica-italiana-julga-extradicao-de-carla-zambelli-nesta-terca-feira\\\/#primaryimage\"},\"thumbnailUrl\":\"https:\\\/\\\/jornalboasnoticias.com.br\\\/home\\\/wp-content\\\/uploads\\\/2026\\\/01\\\/Oitiva-de-testemunha.-Dep.-Carla-Zambelli.webp\",\"articleSection\":[\"DESTAQUE\",\"INTERNACIONAL\"],\"inLanguage\":\"pt-BR\",\"potentialAction\":[{\"@type\":\"CommentAction\",\"name\":\"Comment\",\"target\":[\"https:\\\/\\\/jornalboasnoticias.com.br\\\/home\\\/justica-italiana-julga-extradicao-de-carla-zambelli-nesta-terca-feira\\\/#respond\"]}]},{\"@type\":\"WebPage\",\"@id\":\"https:\\\/\\\/jornalboasnoticias.com.br\\\/home\\\/justica-italiana-julga-extradicao-de-carla-zambelli-nesta-terca-feira\\\/\",\"url\":\"https:\\\/\\\/jornalboasnoticias.com.br\\\/home\\\/justica-italiana-julga-extradicao-de-carla-zambelli-nesta-terca-feira\\\/\",\"name\":\"Justi\u00e7a italiana julga extradi\u00e7\u00e3o de Carla Zambelli nesta ter\u00e7a-feira - Jornal\",\"isPartOf\":{\"@id\":\"https:\\\/\\\/jornalboasnoticias.com.br\\\/home\\\/#website\"},\"primaryImageOfPage\":{\"@id\":\"https:\\\/\\\/jornalboasnoticias.com.br\\\/home\\\/justica-italiana-julga-extradicao-de-carla-zambelli-nesta-terca-feira\\\/#primaryimage\"},\"image\":{\"@id\":\"https:\\\/\\\/jornalboasnoticias.com.br\\\/home\\\/justica-italiana-julga-extradicao-de-carla-zambelli-nesta-terca-feira\\\/#primaryimage\"},\"thumbnailUrl\":\"https:\\\/\\\/jornalboasnoticias.com.br\\\/home\\\/wp-content\\\/uploads\\\/2026\\\/01\\\/Oitiva-de-testemunha.-Dep.-Carla-Zambelli.webp\",\"datePublished\":\"2026-01-20T12:23:49+00:00\",\"description\":\"Justi\u00e7a italiana julga extradi\u00e7\u00e3o de Carla Zambelli nesta ter\u00e7a-feira\",\"breadcrumb\":{\"@id\":\"https:\\\/\\\/jornalboasnoticias.com.br\\\/home\\\/justica-italiana-julga-extradicao-de-carla-zambelli-nesta-terca-feira\\\/#breadcrumb\"},\"inLanguage\":\"pt-BR\",\"potentialAction\":[{\"@type\":\"ReadAction\",\"target\":[\"https:\\\/\\\/jornalboasnoticias.com.br\\\/home\\\/justica-italiana-julga-extradicao-de-carla-zambelli-nesta-terca-feira\\\/\"]}]},{\"@type\":\"ImageObject\",\"inLanguage\":\"pt-BR\",\"@id\":\"https:\\\/\\\/jornalboasnoticias.com.br\\\/home\\\/justica-italiana-julga-extradicao-de-carla-zambelli-nesta-terca-feira\\\/#primaryimage\",\"url\":\"https:\\\/\\\/jornalboasnoticias.com.br\\\/home\\\/wp-content\\\/uploads\\\/2026\\\/01\\\/Oitiva-de-testemunha.-Dep.-Carla-Zambelli.webp\",\"contentUrl\":\"https:\\\/\\\/jornalboasnoticias.com.br\\\/home\\\/wp-content\\\/uploads\\\/2026\\\/01\\\/Oitiva-de-testemunha.-Dep.-Carla-Zambelli.webp\",\"width\":1200,\"height\":740,\"caption\":\"Foto: Renato ra\u00fajo\"},{\"@type\":\"BreadcrumbList\",\"@id\":\"https:\\\/\\\/jornalboasnoticias.com.br\\\/home\\\/justica-italiana-julga-extradicao-de-carla-zambelli-nesta-terca-feira\\\/#breadcrumb\",\"itemListElement\":[{\"@type\":\"ListItem\",\"position\":1,\"name\":\"In\u00edcio\",\"item\":\"https:\\\/\\\/jornalboasnoticias.com.br\\\/home\\\/\"},{\"@type\":\"ListItem\",\"position\":2,\"name\":\"Justi\u00e7a italiana julga extradi\u00e7\u00e3o de Carla Zambelli nesta ter\u00e7a-feira\"}]},{\"@type\":\"WebSite\",\"@id\":\"https:\\\/\\\/jornalboasnoticias.com.br\\\/home\\\/#website\",\"url\":\"https:\\\/\\\/jornalboasnoticias.com.br\\\/home\\\/\",\"name\":\"Jornal Boas Not\u00edcias\",\"description\":\"Boas not\u00edcias\",\"publisher\":{\"@id\":\"https:\\\/\\\/jornalboasnoticias.com.br\\\/home\\\/#organization\"},\"potentialAction\":[{\"@type\":\"SearchAction\",\"target\":{\"@type\":\"EntryPoint\",\"urlTemplate\":\"https:\\\/\\\/jornalboasnoticias.com.br\\\/home\\\/?s={search_term_string}\"},\"query-input\":{\"@type\":\"PropertyValueSpecification\",\"valueRequired\":true,\"valueName\":\"search_term_string\"}}],\"inLanguage\":\"pt-BR\"},{\"@type\":\"Organization\",\"@id\":\"https:\\\/\\\/jornalboasnoticias.com.br\\\/home\\\/#organization\",\"name\":\"Coq Editora Ltda\",\"alternateName\":\"Jornal Boas Noticias\",\"url\":\"https:\\\/\\\/jornalboasnoticias.com.br\\\/home\\\/\",\"logo\":{\"@type\":\"ImageObject\",\"inLanguage\":\"pt-BR\",\"@id\":\"https:\\\/\\\/jornalboasnoticias.com.br\\\/home\\\/#\\\/schema\\\/logo\\\/image\\\/\",\"url\":\"https:\\\/\\\/jornalboasnoticias.com.br\\\/home\\\/wp-content\\\/uploads\\\/2024\\\/07\\\/cropped-logo.jpg\",\"contentUrl\":\"https:\\\/\\\/jornalboasnoticias.com.br\\\/home\\\/wp-content\\\/uploads\\\/2024\\\/07\\\/cropped-logo.jpg\",\"width\":290,\"height\":142,\"caption\":\"Coq Editora Ltda\"},\"image\":{\"@id\":\"https:\\\/\\\/jornalboasnoticias.com.br\\\/home\\\/#\\\/schema\\\/logo\\\/image\\\/\"},\"sameAs\":[\"https:\\\/\\\/www.facebook.com\\\/boasnoticiasjornal\"]},{\"@type\":\"Person\",\"@id\":\"https:\\\/\\\/jornalboasnoticias.com.br\\\/home\\\/#\\\/schema\\\/person\\\/d641193e0afc6405b390164dac847971\",\"name\":\"Ana Luiza Bonatto\",\"image\":{\"@type\":\"ImageObject\",\"inLanguage\":\"pt-BR\",\"@id\":\"https:\\\/\\\/secure.gravatar.com\\\/avatar\\\/8a055ebe6373371f67ac6fcf313c0ac0b0a91157fdcdb9514fa62927373348f0?s=96&d=mm&r=g\",\"url\":\"https:\\\/\\\/secure.gravatar.com\\\/avatar\\\/8a055ebe6373371f67ac6fcf313c0ac0b0a91157fdcdb9514fa62927373348f0?s=96&d=mm&r=g\",\"contentUrl\":\"https:\\\/\\\/secure.gravatar.com\\\/avatar\\\/8a055ebe6373371f67ac6fcf313c0ac0b0a91157fdcdb9514fa62927373348f0?s=96&d=mm&r=g\",\"caption\":\"Ana Luiza Bonatto\"},\"url\":\"https:\\\/\\\/jornalboasnoticias.com.br\\\/home\\\/author\\\/ana-luiza\\\/\"}]}<\/script>\n<!-- \/ Yoast SEO plugin. -->","yoast_head_json":{"title":"Justi\u00e7a italiana julga extradi\u00e7\u00e3o de Carla Zambelli nesta ter\u00e7a-feira - Jornal","description":"Justi\u00e7a italiana julga extradi\u00e7\u00e3o de Carla Zambelli nesta ter\u00e7a-feira","robots":{"index":"index","follow":"follow","max-snippet":"max-snippet:-1","max-image-preview":"max-image-preview:large","max-video-preview":"max-video-preview:-1"},"canonical":"https:\/\/jornalboasnoticias.com.br\/home\/justica-italiana-julga-extradicao-de-carla-zambelli-nesta-terca-feira\/","og_locale":"pt_BR","og_type":"article","og_title":"Justi\u00e7a italiana julga extradi\u00e7\u00e3o de Carla Zambelli nesta ter\u00e7a-feira - Jornal","og_description":"Justi\u00e7a italiana julga extradi\u00e7\u00e3o de Carla Zambelli nesta ter\u00e7a-feira","og_url":"https:\/\/jornalboasnoticias.com.br\/home\/justica-italiana-julga-extradicao-de-carla-zambelli-nesta-terca-feira\/","og_site_name":"Jornal","article_publisher":"https:\/\/www.facebook.com\/boasnoticiasjornal","article_published_time":"2026-01-20T12:23:49+00:00","og_image":[{"width":1200,"height":740,"url":"https:\/\/jornalboasnoticias.com.br\/home\/wp-content\/uploads\/2026\/01\/Oitiva-de-testemunha.-Dep.-Carla-Zambelli.webp","type":"image\/webp"}],"author":"Ana Luiza Bonatto","twitter_card":"summary_large_image","twitter_misc":{"Escrito por":"Ana Luiza Bonatto","Est. tempo de leitura":"2 minutos"},"schema":{"@context":"https:\/\/schema.org","@graph":[{"@type":"Article","@id":"https:\/\/jornalboasnoticias.com.br\/home\/justica-italiana-julga-extradicao-de-carla-zambelli-nesta-terca-feira\/#article","isPartOf":{"@id":"https:\/\/jornalboasnoticias.com.br\/home\/justica-italiana-julga-extradicao-de-carla-zambelli-nesta-terca-feira\/"},"author":{"name":"Ana Luiza Bonatto","@id":"https:\/\/jornalboasnoticias.com.br\/home\/#\/schema\/person\/d641193e0afc6405b390164dac847971"},"headline":"Justi\u00e7a italiana julga extradi\u00e7\u00e3o de Carla Zambelli nesta ter\u00e7a-feira","datePublished":"2026-01-20T12:23:49+00:00","mainEntityOfPage":{"@id":"https:\/\/jornalboasnoticias.com.br\/home\/justica-italiana-julga-extradicao-de-carla-zambelli-nesta-terca-feira\/"},"wordCount":282,"commentCount":0,"publisher":{"@id":"https:\/\/jornalboasnoticias.com.br\/home\/#organization"},"image":{"@id":"https:\/\/jornalboasnoticias.com.br\/home\/justica-italiana-julga-extradicao-de-carla-zambelli-nesta-terca-feira\/#primaryimage"},"thumbnailUrl":"https:\/\/jornalboasnoticias.com.br\/home\/wp-content\/uploads\/2026\/01\/Oitiva-de-testemunha.-Dep.-Carla-Zambelli.webp","articleSection":["DESTAQUE","INTERNACIONAL"],"inLanguage":"pt-BR","potentialAction":[{"@type":"CommentAction","name":"Comment","target":["https:\/\/jornalboasnoticias.com.br\/home\/justica-italiana-julga-extradicao-de-carla-zambelli-nesta-terca-feira\/#respond"]}]},{"@type":"WebPage","@id":"https:\/\/jornalboasnoticias.com.br\/home\/justica-italiana-julga-extradicao-de-carla-zambelli-nesta-terca-feira\/","url":"https:\/\/jornalboasnoticias.com.br\/home\/justica-italiana-julga-extradicao-de-carla-zambelli-nesta-terca-feira\/","name":"Justi\u00e7a italiana julga extradi\u00e7\u00e3o de Carla Zambelli nesta ter\u00e7a-feira - Jornal","isPartOf":{"@id":"https:\/\/jornalboasnoticias.com.br\/home\/#website"},"primaryImageOfPage":{"@id":"https:\/\/jornalboasnoticias.com.br\/home\/justica-italiana-julga-extradicao-de-carla-zambelli-nesta-terca-feira\/#primaryimage"},"image":{"@id":"https:\/\/jornalboasnoticias.com.br\/home\/justica-italiana-julga-extradicao-de-carla-zambelli-nesta-terca-feira\/#primaryimage"},"thumbnailUrl":"https:\/\/jornalboasnoticias.com.br\/home\/wp-content\/uploads\/2026\/01\/Oitiva-de-testemunha.-Dep.-Carla-Zambelli.webp","datePublished":"2026-01-20T12:23:49+00:00","description":"Justi\u00e7a italiana julga extradi\u00e7\u00e3o de Carla Zambelli nesta ter\u00e7a-feira","breadcrumb":{"@id":"https:\/\/jornalboasnoticias.com.br\/home\/justica-italiana-julga-extradicao-de-carla-zambelli-nesta-terca-feira\/#breadcrumb"},"inLanguage":"pt-BR","potentialAction":[{"@type":"ReadAction","target":["https:\/\/jornalboasnoticias.com.br\/home\/justica-italiana-julga-extradicao-de-carla-zambelli-nesta-terca-feira\/"]}]},{"@type":"ImageObject","inLanguage":"pt-BR","@id":"https:\/\/jornalboasnoticias.com.br\/home\/justica-italiana-julga-extradicao-de-carla-zambelli-nesta-terca-feira\/#primaryimage","url":"https:\/\/jornalboasnoticias.com.br\/home\/wp-content\/uploads\/2026\/01\/Oitiva-de-testemunha.-Dep.-Carla-Zambelli.webp","contentUrl":"https:\/\/jornalboasnoticias.com.br\/home\/wp-content\/uploads\/2026\/01\/Oitiva-de-testemunha.-Dep.-Carla-Zambelli.webp","width":1200,"height":740,"caption":"Foto: Renato ra\u00fajo"},{"@type":"BreadcrumbList","@id":"https:\/\/jornalboasnoticias.com.br\/home\/justica-italiana-julga-extradicao-de-carla-zambelli-nesta-terca-feira\/#breadcrumb","itemListElement":[{"@type":"ListItem","position":1,"name":"In\u00edcio","item":"https:\/\/jornalboasnoticias.com.br\/home\/"},{"@type":"ListItem","position":2,"name":"Justi\u00e7a italiana julga extradi\u00e7\u00e3o de Carla Zambelli nesta ter\u00e7a-feira"}]},{"@type":"WebSite","@id":"https:\/\/jornalboasnoticias.com.br\/home\/#website","url":"https:\/\/jornalboasnoticias.com.br\/home\/","name":"Jornal Boas Not\u00edcias","description":"Boas not\u00edcias","publisher":{"@id":"https:\/\/jornalboasnoticias.com.br\/home\/#organization"},"potentialAction":[{"@type":"SearchAction","target":{"@type":"EntryPoint","urlTemplate":"https:\/\/jornalboasnoticias.com.br\/home\/?s={search_term_string}"},"query-input":{"@type":"PropertyValueSpecification","valueRequired":true,"valueName":"search_term_string"}}],"inLanguage":"pt-BR"},{"@type":"Organization","@id":"https:\/\/jornalboasnoticias.com.br\/home\/#organization","name":"Coq Editora Ltda","alternateName":"Jornal Boas Noticias","url":"https:\/\/jornalboasnoticias.com.br\/home\/","logo":{"@type":"ImageObject","inLanguage":"pt-BR","@id":"https:\/\/jornalboasnoticias.com.br\/home\/#\/schema\/logo\/image\/","url":"https:\/\/jornalboasnoticias.com.br\/home\/wp-content\/uploads\/2024\/07\/cropped-logo.jpg","contentUrl":"https:\/\/jornalboasnoticias.com.br\/home\/wp-content\/uploads\/2024\/07\/cropped-logo.jpg","width":290,"height":142,"caption":"Coq Editora Ltda"},"image":{"@id":"https:\/\/jornalboasnoticias.com.br\/home\/#\/schema\/logo\/image\/"},"sameAs":["https:\/\/www.facebook.com\/boasnoticiasjornal"]},{"@type":"Person","@id":"https:\/\/jornalboasnoticias.com.br\/home\/#\/schema\/person\/d641193e0afc6405b390164dac847971","name":"Ana Luiza Bonatto","image":{"@type":"ImageObject","inLanguage":"pt-BR","@id":"https:\/\/secure.gravatar.com\/avatar\/8a055ebe6373371f67ac6fcf313c0ac0b0a91157fdcdb9514fa62927373348f0?s=96&d=mm&r=g","url":"https:\/\/secure.gravatar.com\/avatar\/8a055ebe6373371f67ac6fcf313c0ac0b0a91157fdcdb9514fa62927373348f0?s=96&d=mm&r=g","contentUrl":"https:\/\/secure.gravatar.com\/avatar\/8a055ebe6373371f67ac6fcf313c0ac0b0a91157fdcdb9514fa62927373348f0?s=96&d=mm&r=g","caption":"Ana Luiza Bonatto"},"url":"https:\/\/jornalboasnoticias.com.br\/home\/author\/ana-luiza\/"}]}},"_links":{"self":[{"href":"https:\/\/jornalboasnoticias.com.br\/home\/wp-json\/wp\/v2\/posts\/47179","targetHints":{"allow":["GET"]}}],"collection":[{"href":"https:\/\/jornalboasnoticias.com.br\/home\/wp-json\/wp\/v2\/posts"}],"about":[{"href":"https:\/\/jornalboasnoticias.com.br\/home\/wp-json\/wp\/v2\/types\/post"}],"author":[{"embeddable":true,"href":"https:\/\/jornalboasnoticias.com.br\/home\/wp-json\/wp\/v2\/users\/4"}],"replies":[{"embeddable":true,"href":"https:\/\/jornalboasnoticias.com.br\/home\/wp-json\/wp\/v2\/comments?post=47179"}],"version-history":[{"count":1,"href":"https:\/\/jornalboasnoticias.com.br\/home\/wp-json\/wp\/v2\/posts\/47179\/revisions"}],"predecessor-version":[{"id":47181,"href":"https:\/\/jornalboasnoticias.com.br\/home\/wp-json\/wp\/v2\/posts\/47179\/revisions\/47181"}],"wp:featuredmedia":[{"embeddable":true,"href":"https:\/\/jornalboasnoticias.com.br\/home\/wp-json\/wp\/v2\/media\/47180"}],"wp:attachment":[{"href":"https:\/\/jornalboasnoticias.com.br\/home\/wp-json\/wp\/v2\/media?parent=47179"}],"wp:term":[{"taxonomy":"category","embeddable":true,"href":"https:\/\/jornalboasnoticias.com.br\/home\/wp-json\/wp\/v2\/categories?post=47179"},{"taxonomy":"post_tag","embeddable":true,"href":"https:\/\/jornalboasnoticias.com.br\/home\/wp-json\/wp\/v2\/tags?post=47179"}],"curies":[{"name":"wp","href":"https:\/\/api.w.org\/{rel}","templated":true}]}}