{"id":47170,"date":"2026-01-19T19:22:15","date_gmt":"2026-01-19T19:22:15","guid":{"rendered":"https:\/\/jornalboasnoticias.com.br\/home\/?p=47170"},"modified":"2026-01-19T19:22:15","modified_gmt":"2026-01-19T19:22:15","slug":"faturamento-da-industria-sobe-mas-emprego-cai-pelo-terceiro-mes","status":"publish","type":"post","link":"https:\/\/jornalboasnoticias.com.br\/home\/faturamento-da-industria-sobe-mas-emprego-cai-pelo-terceiro-mes\/","title":{"rendered":"Faturamento da ind\u00fastria sobe, mas emprego cai pelo terceiro m\u00eas"},"content":{"rendered":"<div class=\"header-noticia full-width\">\n<div>\n<figure id=\"attachment_47171\" aria-describedby=\"caption-attachment-47171\" style=\"width: 1170px\" class=\"wp-caption alignnone\"><img loading=\"lazy\" decoding=\"async\" class=\"size-full wp-image-47171\" src=\"https:\/\/jornalboasnoticias.com.br\/home\/wp-content\/uploads\/2026\/01\/17342982700_9f14892dc8_o.webp\" alt=\"\" width=\"1170\" height=\"700\" srcset=\"https:\/\/jornalboasnoticias.com.br\/home\/wp-content\/uploads\/2026\/01\/17342982700_9f14892dc8_o.webp 1170w, https:\/\/jornalboasnoticias.com.br\/home\/wp-content\/uploads\/2026\/01\/17342982700_9f14892dc8_o-300x179.webp 300w, https:\/\/jornalboasnoticias.com.br\/home\/wp-content\/uploads\/2026\/01\/17342982700_9f14892dc8_o-1024x613.webp 1024w, https:\/\/jornalboasnoticias.com.br\/home\/wp-content\/uploads\/2026\/01\/17342982700_9f14892dc8_o-768x459.webp 768w\" sizes=\"auto, (max-width: 1170px) 100vw, 1170px\" \/><figcaption id=\"caption-attachment-47171\" class=\"wp-caption-text\">\u00a9 CNI\/Miguel \u00c2ngelo<\/figcaption><\/figure>\n<\/div>\n<\/div>\n<blockquote>\n<div class=\"header-noticia full-width\">\n<div class=\"linha-fina-noticia\">Juros reduzem ritmo do setor e afetam mercado de trabalho, aponta CNI<\/div>\n<\/div>\n<\/blockquote>\n<div>\n<p>O faturamento real da ind\u00fastria de transforma\u00e7\u00e3o voltou a crescer em novembro de 2025, mas o mercado de trabalho do setor segue em desacelera\u00e7\u00e3o. Dados dos Indicadores Industriais, divulgados nesta segunda-feira (19) pela Confedera\u00e7\u00e3o Nacional da Ind\u00fastria (CNI), mostram que\u00a0<strong>o emprego industrial caiu pelo terceiro m\u00eas consecutivo, mesmo com a recupera\u00e7\u00e3o pontual da atividade<\/strong>.<img decoding=\"async\" src=\"https:\/\/agenciabrasil.ebc.com.br\/ebc.png?id=1675364&amp;o=node\" \/><img decoding=\"async\" src=\"https:\/\/agenciabrasil.ebc.com.br\/ebc.gif?id=1675364&amp;o=node\" \/><\/p>\n<p>Segundo a CNI, a perda de ritmo do emprego se intensificou a partir de setembro, refletindo os efeitos do aperto monet\u00e1rio e do enfraquecimento gradual da atividade industrial ao longo do segundo semestre.<\/p>\n<p><strong>Principais n\u00fameros da ind\u00fastria em novembro:<\/strong><\/p>\n<ul>\n<li>Faturamento real: alta de 1,2% em rela\u00e7\u00e3o a outubro;<\/li>\n<li>Emprego industrial: queda de 0,2%, terceira retra\u00e7\u00e3o consecutiva;<\/li>\n<li>Emprego desde setembro: recuo acumulado de 0,6%;<\/li>\n<li>Emprego no ano: alta de 1,7% entre janeiro e novembro de 2025.<\/li>\n<\/ul>\n<p>De acordo com Marcelo Azevedo, gerente de An\u00e1lise Econ\u00f4mica da CNI, o emprego reagiu \u00e0 melhora da atividade iniciada em 2023 e que teve seu auge em 2024, mas come\u00e7ou a perder for\u00e7a com o aumento da taxa Selic, iniciado ainda no ano passado.<\/p>\n<p>\u201cSomente ap\u00f3s meses de resultados mais fracos da atividade industrial, o emprego passou a ser afetado\u201d, explica Azevedo, ressaltando que demiss\u00f5es e recontrata\u00e7\u00f5es s\u00e3o custosas para a ind\u00fastria, que depende de m\u00e3o de obra qualificada.<\/p>\n<h2>Mercado de trabalho: al\u00edvio pontual, ano negativo<\/h2>\n<p>Outros indicadores ligados ao mercado de trabalho tiveram melhora em novembro, ap\u00f3s uma sequ\u00eancia de resultados negativos, mas seguem acumulando perdas no ano.<\/p>\n<p><strong>Massa salarial real:<\/strong><\/p>\n<ul>\n<li>Alta de 1,5% em novembro, ap\u00f3s quatro quedas seguidas;<\/li>\n<li>Queda de 2,3% no acumulado do ano.<\/li>\n<\/ul>\n<p><strong>Rendimento m\u00e9dio real:<\/strong><\/p>\n<ul>\n<li>Aumento de 1,6% no m\u00eas;<\/li>\n<li>Recuo de 4% de janeiro a novembro.<\/li>\n<\/ul>\n<h2>Perda de f\u00f4lego<\/h2>\n<p>Apesar do crescimento do faturamento em novembro, a atividade industrial segue mostrando sinais de desacelera\u00e7\u00e3o no acumulado do ano.<\/p>\n<p><strong>Faturamento acumulado em 2025<\/strong>:<\/p>\n<ul>\n<li>Alta de apenas 0,3%<\/li>\n<\/ul>\n<p><strong>Horas trabalhadas na produ\u00e7\u00e3o:<\/strong><\/p>\n<ul>\n<li>Queda de 0,7% em novembro;<\/li>\n<li>Alta de 0,9% no acumulado do ano.<\/li>\n<\/ul>\n<p><strong>Utiliza\u00e7\u00e3o da Capacidade Instalada (UCI):<\/strong><\/p>\n<ul>\n<li>Recuo de 0,6 ponto percentual em novembro, para 77,5%;<\/li>\n<li>2,4 pontos percentuais abaixo do n\u00edvel de novembro de 2024.<\/li>\n<\/ul>\n<p>Segundo a CNI,<strong>\u00a0a redu\u00e7\u00e3o gradual do crescimento do faturamento ao longo de 2025 refor\u00e7a a expectativa de perda de ritmo da ind\u00fastria, especialmente na segunda metade do ano, em um ambiente marcado por juros elevados e menor dinamismo da demanda.<\/strong><\/p>\n<\/div>\n<blockquote>\n<div class=\"subheader\">\n<div class=\"container-autoria\"><\/div>\n<\/div>\n<\/blockquote>\n","protected":false},"excerpt":{"rendered":"<p>Juros reduzem ritmo do setor e afetam mercado de trabalho, aponta CNI O faturamento real<\/p>\n","protected":false},"author":4,"featured_media":47171,"comment_status":"open","ping_status":"open","sticky":false,"template":"","format":"standard","meta":{"footnotes":""},"categories":[6,3],"tags":[],"class_list":["post-47170","post","type-post","status-publish","format-standard","has-post-thumbnail","hentry","category-brasil","category-destaques"],"yoast_head":"<!-- This site is optimized with the Yoast SEO plugin v27.5 - https:\/\/yoast.com\/product\/yoast-seo-wordpress\/ -->\n<title>Faturamento da ind\u00fastria sobe, mas emprego cai pelo terceiro m\u00eas - Jornal<\/title>\n<meta name=\"description\" content=\"Faturamento da ind\u00fastria sobe, mas emprego cai pelo terceiro m\u00eas\" \/>\n<meta name=\"robots\" content=\"index, follow, max-snippet:-1, max-image-preview:large, max-video-preview:-1\" \/>\n<link rel=\"canonical\" href=\"https:\/\/jornalboasnoticias.com.br\/home\/faturamento-da-industria-sobe-mas-emprego-cai-pelo-terceiro-mes\/\" \/>\n<meta property=\"og:locale\" content=\"pt_BR\" \/>\n<meta property=\"og:type\" content=\"article\" \/>\n<meta property=\"og:title\" content=\"Faturamento da ind\u00fastria sobe, mas emprego cai pelo terceiro m\u00eas - Jornal\" \/>\n<meta property=\"og:description\" content=\"Faturamento da ind\u00fastria sobe, mas emprego cai pelo terceiro m\u00eas\" \/>\n<meta property=\"og:url\" content=\"https:\/\/jornalboasnoticias.com.br\/home\/faturamento-da-industria-sobe-mas-emprego-cai-pelo-terceiro-mes\/\" \/>\n<meta property=\"og:site_name\" content=\"Jornal\" \/>\n<meta property=\"article:publisher\" content=\"https:\/\/www.facebook.com\/boasnoticiasjornal\" \/>\n<meta property=\"article:published_time\" content=\"2026-01-19T19:22:15+00:00\" \/>\n<meta property=\"og:image\" content=\"https:\/\/jornalboasnoticias.com.br\/home\/wp-content\/uploads\/2026\/01\/17342982700_9f14892dc8_o.webp\" \/>\n\t<meta property=\"og:image:width\" content=\"1170\" \/>\n\t<meta property=\"og:image:height\" content=\"700\" \/>\n\t<meta property=\"og:image:type\" content=\"image\/webp\" \/>\n<meta name=\"author\" content=\"Ana Luiza Bonatto\" \/>\n<meta name=\"twitter:card\" content=\"summary_large_image\" \/>\n<meta name=\"twitter:label1\" content=\"Escrito por\" \/>\n\t<meta name=\"twitter:data1\" content=\"Ana Luiza Bonatto\" \/>\n\t<meta name=\"twitter:label2\" content=\"Est. tempo de leitura\" \/>\n\t<meta name=\"twitter:data2\" content=\"3 minutos\" \/>\n<script type=\"application\/ld+json\" class=\"yoast-schema-graph\">{\"@context\":\"https:\\\/\\\/schema.org\",\"@graph\":[{\"@type\":\"Article\",\"@id\":\"https:\\\/\\\/jornalboasnoticias.com.br\\\/home\\\/faturamento-da-industria-sobe-mas-emprego-cai-pelo-terceiro-mes\\\/#article\",\"isPartOf\":{\"@id\":\"https:\\\/\\\/jornalboasnoticias.com.br\\\/home\\\/faturamento-da-industria-sobe-mas-emprego-cai-pelo-terceiro-mes\\\/\"},\"author\":{\"name\":\"Ana Luiza Bonatto\",\"@id\":\"https:\\\/\\\/jornalboasnoticias.com.br\\\/home\\\/#\\\/schema\\\/person\\\/d641193e0afc6405b390164dac847971\"},\"headline\":\"Faturamento da ind\u00fastria sobe, mas emprego cai pelo terceiro m\u00eas\",\"datePublished\":\"2026-01-19T19:22:15+00:00\",\"mainEntityOfPage\":{\"@id\":\"https:\\\/\\\/jornalboasnoticias.com.br\\\/home\\\/faturamento-da-industria-sobe-mas-emprego-cai-pelo-terceiro-mes\\\/\"},\"wordCount\":431,\"commentCount\":0,\"publisher\":{\"@id\":\"https:\\\/\\\/jornalboasnoticias.com.br\\\/home\\\/#organization\"},\"image\":{\"@id\":\"https:\\\/\\\/jornalboasnoticias.com.br\\\/home\\\/faturamento-da-industria-sobe-mas-emprego-cai-pelo-terceiro-mes\\\/#primaryimage\"},\"thumbnailUrl\":\"https:\\\/\\\/jornalboasnoticias.com.br\\\/home\\\/wp-content\\\/uploads\\\/2026\\\/01\\\/17342982700_9f14892dc8_o.webp\",\"articleSection\":[\"BRASIL\",\"DESTAQUE\"],\"inLanguage\":\"pt-BR\",\"potentialAction\":[{\"@type\":\"CommentAction\",\"name\":\"Comment\",\"target\":[\"https:\\\/\\\/jornalboasnoticias.com.br\\\/home\\\/faturamento-da-industria-sobe-mas-emprego-cai-pelo-terceiro-mes\\\/#respond\"]}]},{\"@type\":\"WebPage\",\"@id\":\"https:\\\/\\\/jornalboasnoticias.com.br\\\/home\\\/faturamento-da-industria-sobe-mas-emprego-cai-pelo-terceiro-mes\\\/\",\"url\":\"https:\\\/\\\/jornalboasnoticias.com.br\\\/home\\\/faturamento-da-industria-sobe-mas-emprego-cai-pelo-terceiro-mes\\\/\",\"name\":\"Faturamento da ind\u00fastria sobe, mas emprego cai pelo terceiro m\u00eas - Jornal\",\"isPartOf\":{\"@id\":\"https:\\\/\\\/jornalboasnoticias.com.br\\\/home\\\/#website\"},\"primaryImageOfPage\":{\"@id\":\"https:\\\/\\\/jornalboasnoticias.com.br\\\/home\\\/faturamento-da-industria-sobe-mas-emprego-cai-pelo-terceiro-mes\\\/#primaryimage\"},\"image\":{\"@id\":\"https:\\\/\\\/jornalboasnoticias.com.br\\\/home\\\/faturamento-da-industria-sobe-mas-emprego-cai-pelo-terceiro-mes\\\/#primaryimage\"},\"thumbnailUrl\":\"https:\\\/\\\/jornalboasnoticias.com.br\\\/home\\\/wp-content\\\/uploads\\\/2026\\\/01\\\/17342982700_9f14892dc8_o.webp\",\"datePublished\":\"2026-01-19T19:22:15+00:00\",\"description\":\"Faturamento da ind\u00fastria sobe, mas emprego cai pelo terceiro m\u00eas\",\"breadcrumb\":{\"@id\":\"https:\\\/\\\/jornalboasnoticias.com.br\\\/home\\\/faturamento-da-industria-sobe-mas-emprego-cai-pelo-terceiro-mes\\\/#breadcrumb\"},\"inLanguage\":\"pt-BR\",\"potentialAction\":[{\"@type\":\"ReadAction\",\"target\":[\"https:\\\/\\\/jornalboasnoticias.com.br\\\/home\\\/faturamento-da-industria-sobe-mas-emprego-cai-pelo-terceiro-mes\\\/\"]}]},{\"@type\":\"ImageObject\",\"inLanguage\":\"pt-BR\",\"@id\":\"https:\\\/\\\/jornalboasnoticias.com.br\\\/home\\\/faturamento-da-industria-sobe-mas-emprego-cai-pelo-terceiro-mes\\\/#primaryimage\",\"url\":\"https:\\\/\\\/jornalboasnoticias.com.br\\\/home\\\/wp-content\\\/uploads\\\/2026\\\/01\\\/17342982700_9f14892dc8_o.webp\",\"contentUrl\":\"https:\\\/\\\/jornalboasnoticias.com.br\\\/home\\\/wp-content\\\/uploads\\\/2026\\\/01\\\/17342982700_9f14892dc8_o.webp\",\"width\":1170,\"height\":700,\"caption\":\"\u00a9 CNI\\\/Miguel \u00c2ngelo\"},{\"@type\":\"BreadcrumbList\",\"@id\":\"https:\\\/\\\/jornalboasnoticias.com.br\\\/home\\\/faturamento-da-industria-sobe-mas-emprego-cai-pelo-terceiro-mes\\\/#breadcrumb\",\"itemListElement\":[{\"@type\":\"ListItem\",\"position\":1,\"name\":\"In\u00edcio\",\"item\":\"https:\\\/\\\/jornalboasnoticias.com.br\\\/home\\\/\"},{\"@type\":\"ListItem\",\"position\":2,\"name\":\"Faturamento da ind\u00fastria sobe, mas emprego cai pelo terceiro m\u00eas\"}]},{\"@type\":\"WebSite\",\"@id\":\"https:\\\/\\\/jornalboasnoticias.com.br\\\/home\\\/#website\",\"url\":\"https:\\\/\\\/jornalboasnoticias.com.br\\\/home\\\/\",\"name\":\"Jornal Boas Not\u00edcias\",\"description\":\"Boas not\u00edcias\",\"publisher\":{\"@id\":\"https:\\\/\\\/jornalboasnoticias.com.br\\\/home\\\/#organization\"},\"potentialAction\":[{\"@type\":\"SearchAction\",\"target\":{\"@type\":\"EntryPoint\",\"urlTemplate\":\"https:\\\/\\\/jornalboasnoticias.com.br\\\/home\\\/?s={search_term_string}\"},\"query-input\":{\"@type\":\"PropertyValueSpecification\",\"valueRequired\":true,\"valueName\":\"search_term_string\"}}],\"inLanguage\":\"pt-BR\"},{\"@type\":\"Organization\",\"@id\":\"https:\\\/\\\/jornalboasnoticias.com.br\\\/home\\\/#organization\",\"name\":\"Coq Editora Ltda\",\"alternateName\":\"Jornal Boas Noticias\",\"url\":\"https:\\\/\\\/jornalboasnoticias.com.br\\\/home\\\/\",\"logo\":{\"@type\":\"ImageObject\",\"inLanguage\":\"pt-BR\",\"@id\":\"https:\\\/\\\/jornalboasnoticias.com.br\\\/home\\\/#\\\/schema\\\/logo\\\/image\\\/\",\"url\":\"https:\\\/\\\/jornalboasnoticias.com.br\\\/home\\\/wp-content\\\/uploads\\\/2024\\\/07\\\/cropped-logo.jpg\",\"contentUrl\":\"https:\\\/\\\/jornalboasnoticias.com.br\\\/home\\\/wp-content\\\/uploads\\\/2024\\\/07\\\/cropped-logo.jpg\",\"width\":290,\"height\":142,\"caption\":\"Coq Editora Ltda\"},\"image\":{\"@id\":\"https:\\\/\\\/jornalboasnoticias.com.br\\\/home\\\/#\\\/schema\\\/logo\\\/image\\\/\"},\"sameAs\":[\"https:\\\/\\\/www.facebook.com\\\/boasnoticiasjornal\"]},{\"@type\":\"Person\",\"@id\":\"https:\\\/\\\/jornalboasnoticias.com.br\\\/home\\\/#\\\/schema\\\/person\\\/d641193e0afc6405b390164dac847971\",\"name\":\"Ana Luiza Bonatto\",\"image\":{\"@type\":\"ImageObject\",\"inLanguage\":\"pt-BR\",\"@id\":\"https:\\\/\\\/secure.gravatar.com\\\/avatar\\\/8a055ebe6373371f67ac6fcf313c0ac0b0a91157fdcdb9514fa62927373348f0?s=96&d=mm&r=g\",\"url\":\"https:\\\/\\\/secure.gravatar.com\\\/avatar\\\/8a055ebe6373371f67ac6fcf313c0ac0b0a91157fdcdb9514fa62927373348f0?s=96&d=mm&r=g\",\"contentUrl\":\"https:\\\/\\\/secure.gravatar.com\\\/avatar\\\/8a055ebe6373371f67ac6fcf313c0ac0b0a91157fdcdb9514fa62927373348f0?s=96&d=mm&r=g\",\"caption\":\"Ana Luiza Bonatto\"},\"url\":\"https:\\\/\\\/jornalboasnoticias.com.br\\\/home\\\/author\\\/ana-luiza\\\/\"}]}<\/script>\n<!-- \/ Yoast SEO plugin. -->","yoast_head_json":{"title":"Faturamento da ind\u00fastria sobe, mas emprego cai pelo terceiro m\u00eas - Jornal","description":"Faturamento da ind\u00fastria sobe, mas emprego cai pelo terceiro m\u00eas","robots":{"index":"index","follow":"follow","max-snippet":"max-snippet:-1","max-image-preview":"max-image-preview:large","max-video-preview":"max-video-preview:-1"},"canonical":"https:\/\/jornalboasnoticias.com.br\/home\/faturamento-da-industria-sobe-mas-emprego-cai-pelo-terceiro-mes\/","og_locale":"pt_BR","og_type":"article","og_title":"Faturamento da ind\u00fastria sobe, mas emprego cai pelo terceiro m\u00eas - Jornal","og_description":"Faturamento da ind\u00fastria sobe, mas emprego cai pelo terceiro m\u00eas","og_url":"https:\/\/jornalboasnoticias.com.br\/home\/faturamento-da-industria-sobe-mas-emprego-cai-pelo-terceiro-mes\/","og_site_name":"Jornal","article_publisher":"https:\/\/www.facebook.com\/boasnoticiasjornal","article_published_time":"2026-01-19T19:22:15+00:00","og_image":[{"width":1170,"height":700,"url":"https:\/\/jornalboasnoticias.com.br\/home\/wp-content\/uploads\/2026\/01\/17342982700_9f14892dc8_o.webp","type":"image\/webp"}],"author":"Ana Luiza Bonatto","twitter_card":"summary_large_image","twitter_misc":{"Escrito por":"Ana Luiza Bonatto","Est. tempo de leitura":"3 minutos"},"schema":{"@context":"https:\/\/schema.org","@graph":[{"@type":"Article","@id":"https:\/\/jornalboasnoticias.com.br\/home\/faturamento-da-industria-sobe-mas-emprego-cai-pelo-terceiro-mes\/#article","isPartOf":{"@id":"https:\/\/jornalboasnoticias.com.br\/home\/faturamento-da-industria-sobe-mas-emprego-cai-pelo-terceiro-mes\/"},"author":{"name":"Ana Luiza Bonatto","@id":"https:\/\/jornalboasnoticias.com.br\/home\/#\/schema\/person\/d641193e0afc6405b390164dac847971"},"headline":"Faturamento da ind\u00fastria sobe, mas emprego cai pelo terceiro m\u00eas","datePublished":"2026-01-19T19:22:15+00:00","mainEntityOfPage":{"@id":"https:\/\/jornalboasnoticias.com.br\/home\/faturamento-da-industria-sobe-mas-emprego-cai-pelo-terceiro-mes\/"},"wordCount":431,"commentCount":0,"publisher":{"@id":"https:\/\/jornalboasnoticias.com.br\/home\/#organization"},"image":{"@id":"https:\/\/jornalboasnoticias.com.br\/home\/faturamento-da-industria-sobe-mas-emprego-cai-pelo-terceiro-mes\/#primaryimage"},"thumbnailUrl":"https:\/\/jornalboasnoticias.com.br\/home\/wp-content\/uploads\/2026\/01\/17342982700_9f14892dc8_o.webp","articleSection":["BRASIL","DESTAQUE"],"inLanguage":"pt-BR","potentialAction":[{"@type":"CommentAction","name":"Comment","target":["https:\/\/jornalboasnoticias.com.br\/home\/faturamento-da-industria-sobe-mas-emprego-cai-pelo-terceiro-mes\/#respond"]}]},{"@type":"WebPage","@id":"https:\/\/jornalboasnoticias.com.br\/home\/faturamento-da-industria-sobe-mas-emprego-cai-pelo-terceiro-mes\/","url":"https:\/\/jornalboasnoticias.com.br\/home\/faturamento-da-industria-sobe-mas-emprego-cai-pelo-terceiro-mes\/","name":"Faturamento da ind\u00fastria sobe, mas emprego cai pelo terceiro m\u00eas - Jornal","isPartOf":{"@id":"https:\/\/jornalboasnoticias.com.br\/home\/#website"},"primaryImageOfPage":{"@id":"https:\/\/jornalboasnoticias.com.br\/home\/faturamento-da-industria-sobe-mas-emprego-cai-pelo-terceiro-mes\/#primaryimage"},"image":{"@id":"https:\/\/jornalboasnoticias.com.br\/home\/faturamento-da-industria-sobe-mas-emprego-cai-pelo-terceiro-mes\/#primaryimage"},"thumbnailUrl":"https:\/\/jornalboasnoticias.com.br\/home\/wp-content\/uploads\/2026\/01\/17342982700_9f14892dc8_o.webp","datePublished":"2026-01-19T19:22:15+00:00","description":"Faturamento da ind\u00fastria sobe, mas emprego cai pelo terceiro m\u00eas","breadcrumb":{"@id":"https:\/\/jornalboasnoticias.com.br\/home\/faturamento-da-industria-sobe-mas-emprego-cai-pelo-terceiro-mes\/#breadcrumb"},"inLanguage":"pt-BR","potentialAction":[{"@type":"ReadAction","target":["https:\/\/jornalboasnoticias.com.br\/home\/faturamento-da-industria-sobe-mas-emprego-cai-pelo-terceiro-mes\/"]}]},{"@type":"ImageObject","inLanguage":"pt-BR","@id":"https:\/\/jornalboasnoticias.com.br\/home\/faturamento-da-industria-sobe-mas-emprego-cai-pelo-terceiro-mes\/#primaryimage","url":"https:\/\/jornalboasnoticias.com.br\/home\/wp-content\/uploads\/2026\/01\/17342982700_9f14892dc8_o.webp","contentUrl":"https:\/\/jornalboasnoticias.com.br\/home\/wp-content\/uploads\/2026\/01\/17342982700_9f14892dc8_o.webp","width":1170,"height":700,"caption":"\u00a9 CNI\/Miguel \u00c2ngelo"},{"@type":"BreadcrumbList","@id":"https:\/\/jornalboasnoticias.com.br\/home\/faturamento-da-industria-sobe-mas-emprego-cai-pelo-terceiro-mes\/#breadcrumb","itemListElement":[{"@type":"ListItem","position":1,"name":"In\u00edcio","item":"https:\/\/jornalboasnoticias.com.br\/home\/"},{"@type":"ListItem","position":2,"name":"Faturamento da ind\u00fastria sobe, mas emprego cai pelo terceiro m\u00eas"}]},{"@type":"WebSite","@id":"https:\/\/jornalboasnoticias.com.br\/home\/#website","url":"https:\/\/jornalboasnoticias.com.br\/home\/","name":"Jornal Boas Not\u00edcias","description":"Boas not\u00edcias","publisher":{"@id":"https:\/\/jornalboasnoticias.com.br\/home\/#organization"},"potentialAction":[{"@type":"SearchAction","target":{"@type":"EntryPoint","urlTemplate":"https:\/\/jornalboasnoticias.com.br\/home\/?s={search_term_string}"},"query-input":{"@type":"PropertyValueSpecification","valueRequired":true,"valueName":"search_term_string"}}],"inLanguage":"pt-BR"},{"@type":"Organization","@id":"https:\/\/jornalboasnoticias.com.br\/home\/#organization","name":"Coq Editora Ltda","alternateName":"Jornal Boas Noticias","url":"https:\/\/jornalboasnoticias.com.br\/home\/","logo":{"@type":"ImageObject","inLanguage":"pt-BR","@id":"https:\/\/jornalboasnoticias.com.br\/home\/#\/schema\/logo\/image\/","url":"https:\/\/jornalboasnoticias.com.br\/home\/wp-content\/uploads\/2024\/07\/cropped-logo.jpg","contentUrl":"https:\/\/jornalboasnoticias.com.br\/home\/wp-content\/uploads\/2024\/07\/cropped-logo.jpg","width":290,"height":142,"caption":"Coq Editora Ltda"},"image":{"@id":"https:\/\/jornalboasnoticias.com.br\/home\/#\/schema\/logo\/image\/"},"sameAs":["https:\/\/www.facebook.com\/boasnoticiasjornal"]},{"@type":"Person","@id":"https:\/\/jornalboasnoticias.com.br\/home\/#\/schema\/person\/d641193e0afc6405b390164dac847971","name":"Ana Luiza Bonatto","image":{"@type":"ImageObject","inLanguage":"pt-BR","@id":"https:\/\/secure.gravatar.com\/avatar\/8a055ebe6373371f67ac6fcf313c0ac0b0a91157fdcdb9514fa62927373348f0?s=96&d=mm&r=g","url":"https:\/\/secure.gravatar.com\/avatar\/8a055ebe6373371f67ac6fcf313c0ac0b0a91157fdcdb9514fa62927373348f0?s=96&d=mm&r=g","contentUrl":"https:\/\/secure.gravatar.com\/avatar\/8a055ebe6373371f67ac6fcf313c0ac0b0a91157fdcdb9514fa62927373348f0?s=96&d=mm&r=g","caption":"Ana Luiza Bonatto"},"url":"https:\/\/jornalboasnoticias.com.br\/home\/author\/ana-luiza\/"}]}},"_links":{"self":[{"href":"https:\/\/jornalboasnoticias.com.br\/home\/wp-json\/wp\/v2\/posts\/47170","targetHints":{"allow":["GET"]}}],"collection":[{"href":"https:\/\/jornalboasnoticias.com.br\/home\/wp-json\/wp\/v2\/posts"}],"about":[{"href":"https:\/\/jornalboasnoticias.com.br\/home\/wp-json\/wp\/v2\/types\/post"}],"author":[{"embeddable":true,"href":"https:\/\/jornalboasnoticias.com.br\/home\/wp-json\/wp\/v2\/users\/4"}],"replies":[{"embeddable":true,"href":"https:\/\/jornalboasnoticias.com.br\/home\/wp-json\/wp\/v2\/comments?post=47170"}],"version-history":[{"count":1,"href":"https:\/\/jornalboasnoticias.com.br\/home\/wp-json\/wp\/v2\/posts\/47170\/revisions"}],"predecessor-version":[{"id":47172,"href":"https:\/\/jornalboasnoticias.com.br\/home\/wp-json\/wp\/v2\/posts\/47170\/revisions\/47172"}],"wp:featuredmedia":[{"embeddable":true,"href":"https:\/\/jornalboasnoticias.com.br\/home\/wp-json\/wp\/v2\/media\/47171"}],"wp:attachment":[{"href":"https:\/\/jornalboasnoticias.com.br\/home\/wp-json\/wp\/v2\/media?parent=47170"}],"wp:term":[{"taxonomy":"category","embeddable":true,"href":"https:\/\/jornalboasnoticias.com.br\/home\/wp-json\/wp\/v2\/categories?post=47170"},{"taxonomy":"post_tag","embeddable":true,"href":"https:\/\/jornalboasnoticias.com.br\/home\/wp-json\/wp\/v2\/tags?post=47170"}],"curies":[{"name":"wp","href":"https:\/\/api.w.org\/{rel}","templated":true}]}}