{"id":47143,"date":"2026-01-19T16:59:39","date_gmt":"2026-01-19T16:59:39","guid":{"rendered":"https:\/\/jornalboasnoticias.com.br\/home\/?p=47143"},"modified":"2026-01-19T16:59:39","modified_gmt":"2026-01-19T16:59:39","slug":"candidato-ao-segundo-turno-em-portugal-ja-ameacou-prender-lula","status":"publish","type":"post","link":"https:\/\/jornalboasnoticias.com.br\/home\/candidato-ao-segundo-turno-em-portugal-ja-ameacou-prender-lula\/","title":{"rendered":"Candidato ao segundo turno em Portugal j\u00e1 amea\u00e7ou \u201cprender Lula\u201d"},"content":{"rendered":"<figure id=\"attachment_47138\" aria-describedby=\"caption-attachment-47138\" style=\"width: 900px\" class=\"wp-caption alignnone\"><img loading=\"lazy\" decoding=\"async\" class=\"size-full wp-image-47138\" src=\"https:\/\/jornalboasnoticias.com.br\/home\/wp-content\/uploads\/2026\/01\/2c44af60-presidente-lula-deu-posse-ao-novo-ministro-da-justica-e-seguranca-publica-wellington-cesar-.jpg\" alt=\"\" width=\"900\" height=\"600\" srcset=\"https:\/\/jornalboasnoticias.com.br\/home\/wp-content\/uploads\/2026\/01\/2c44af60-presidente-lula-deu-posse-ao-novo-ministro-da-justica-e-seguranca-publica-wellington-cesar-.jpg 900w, https:\/\/jornalboasnoticias.com.br\/home\/wp-content\/uploads\/2026\/01\/2c44af60-presidente-lula-deu-posse-ao-novo-ministro-da-justica-e-seguranca-publica-wellington-cesar--300x200.jpg 300w, https:\/\/jornalboasnoticias.com.br\/home\/wp-content\/uploads\/2026\/01\/2c44af60-presidente-lula-deu-posse-ao-novo-ministro-da-justica-e-seguranca-publica-wellington-cesar--768x512.jpg 768w\" sizes=\"auto, (max-width: 900px) 100vw, 900px\" \/><figcaption id=\"caption-attachment-47138\" class=\"wp-caption-text\">KEBEC NOGUEIRA\/METR\u00d3POLES @kebecfotografo<\/figcaption><\/figure>\n<blockquote>\n<p data-start=\"114\" data-end=\"268\"><strong data-start=\"114\" data-end=\"268\">Declara\u00e7\u00e3o foi publicada em 2024 nas redes sociais e voltou a repercutir ap\u00f3s Andr\u00e9 Ventura avan\u00e7ar \u00e0 disputa presidencial contra Ant\u00f3nio Jos\u00e9 Seguro.<\/strong><\/p>\n<\/blockquote>\n<p data-start=\"270\" data-end=\"593\">O deputado Andr\u00e9 Ventura, l\u00edder do partido Chega e candidato da extrema direita que avan\u00e7ou ao segundo turno das elei\u00e7\u00f5es presidenciais em Portugal, j\u00e1 fez cr\u00edticas duras ao presidente Luiz In\u00e1cio Lula da Silva e chegou a afirmar que levaria \u201calgemas\u201d para \u201cencaminhar o ladr\u00e3o para a pris\u00e3o\u201d caso encontrasse o brasileiro.<\/p>\n<p data-start=\"595\" data-end=\"845\">A declara\u00e7\u00e3o foi publicada por Ventura em novembro de 2024 em uma postagem na rede social X. Na ocasi\u00e3o, ele comentou uma foto do ent\u00e3o primeiro ministro portugu\u00eas, Lu\u00eds Montenegro, ao lado de Lula durante a c\u00fapula do G20 realizada no Rio de Janeiro.<\/p>\n<p data-start=\"847\" data-end=\"1092\">Na publica\u00e7\u00e3o, Ventura afirmou que, se fosse primeiro ministro, aquele encontro \u201cnunca\u201d aconteceria. Ele acrescentou que, caso fosse inevit\u00e1vel, levaria algemas para \u201cprender\u201d Lula, usando o termo \u201cladr\u00e3o\u201d ao se referir ao presidente brasileiro.<\/p>\n<h3 data-start=\"1094\" data-end=\"1127\">Contexto pol\u00edtico em Portugal<\/h3>\n<p data-start=\"1128\" data-end=\"1423\">Atualmente, Ventura disputa o cargo de presidente, e n\u00e3o de primeiro ministro, que \u00e9 o chefe de governo. Portugal adota o modelo semipresidencialista, em que o presidente tem fun\u00e7\u00f5es principalmente institucionais e cerimoniais, enquanto o primeiro ministro conduz o governo e a agenda executiva.<\/p>\n<p data-start=\"1425\" data-end=\"1592\">Ventura enfrentar\u00e1 no segundo turno o socialista Ant\u00f3nio Jos\u00e9 Seguro, que terminou a primeira rodada na lideran\u00e7a. A vota\u00e7\u00e3o decisiva est\u00e1 marcada para 8 de fevereiro.<\/p>\n<p data-start=\"1594\" data-end=\"1724\">O atual presidente de Portugal \u00e9 Marcelo Rebelo de Sousa. Pela Constitui\u00e7\u00e3o portuguesa, ele n\u00e3o pode disputar um terceiro mandato.<\/p>\n","protected":false},"excerpt":{"rendered":"<p>Declara\u00e7\u00e3o foi publicada em 2024 nas redes sociais e voltou a repercutir ap\u00f3s Andr\u00e9 Ventura<\/p>\n","protected":false},"author":4,"featured_media":47138,"comment_status":"open","ping_status":"open","sticky":false,"template":"","format":"standard","meta":{"footnotes":""},"categories":[1],"tags":[],"class_list":["post-47143","post","type-post","status-publish","format-standard","has-post-thumbnail","hentry","category-uncategorized"],"yoast_head":"<!-- This site is optimized with the Yoast SEO plugin v27.5 - https:\/\/yoast.com\/product\/yoast-seo-wordpress\/ -->\n<title>Candidato ao segundo turno em Portugal j\u00e1 amea\u00e7ou \u201cprender Lula\u201d - Jornal<\/title>\n<meta name=\"description\" content=\"Candidato ao segundo turno em Portugal j\u00e1 amea\u00e7ou \u201cprender Lula\u201d\" \/>\n<meta name=\"robots\" content=\"index, follow, max-snippet:-1, max-image-preview:large, max-video-preview:-1\" \/>\n<link rel=\"canonical\" href=\"https:\/\/jornalboasnoticias.com.br\/home\/candidato-ao-segundo-turno-em-portugal-ja-ameacou-prender-lula\/\" \/>\n<meta property=\"og:locale\" content=\"pt_BR\" \/>\n<meta property=\"og:type\" content=\"article\" \/>\n<meta property=\"og:title\" content=\"Candidato ao segundo turno em Portugal j\u00e1 amea\u00e7ou \u201cprender Lula\u201d - Jornal\" \/>\n<meta property=\"og:description\" content=\"Candidato ao segundo turno em Portugal j\u00e1 amea\u00e7ou \u201cprender Lula\u201d\" \/>\n<meta property=\"og:url\" content=\"https:\/\/jornalboasnoticias.com.br\/home\/candidato-ao-segundo-turno-em-portugal-ja-ameacou-prender-lula\/\" \/>\n<meta property=\"og:site_name\" content=\"Jornal\" \/>\n<meta property=\"article:publisher\" content=\"https:\/\/www.facebook.com\/boasnoticiasjornal\" \/>\n<meta property=\"article:published_time\" content=\"2026-01-19T16:59:39+00:00\" \/>\n<meta property=\"og:image\" content=\"https:\/\/jornalboasnoticias.com.br\/home\/wp-content\/uploads\/2026\/01\/2c44af60-presidente-lula-deu-posse-ao-novo-ministro-da-justica-e-seguranca-publica-wellington-cesar-.jpg\" \/>\n\t<meta property=\"og:image:width\" content=\"900\" \/>\n\t<meta property=\"og:image:height\" content=\"600\" \/>\n\t<meta property=\"og:image:type\" content=\"image\/jpeg\" \/>\n<meta name=\"author\" content=\"Ana Luiza Bonatto\" \/>\n<meta name=\"twitter:card\" content=\"summary_large_image\" \/>\n<meta name=\"twitter:label1\" content=\"Escrito por\" \/>\n\t<meta name=\"twitter:data1\" content=\"Ana Luiza Bonatto\" \/>\n\t<meta name=\"twitter:label2\" content=\"Est. tempo de leitura\" \/>\n\t<meta name=\"twitter:data2\" content=\"2 minutos\" \/>\n<script type=\"application\/ld+json\" class=\"yoast-schema-graph\">{\"@context\":\"https:\\\/\\\/schema.org\",\"@graph\":[{\"@type\":\"Article\",\"@id\":\"https:\\\/\\\/jornalboasnoticias.com.br\\\/home\\\/candidato-ao-segundo-turno-em-portugal-ja-ameacou-prender-lula\\\/#article\",\"isPartOf\":{\"@id\":\"https:\\\/\\\/jornalboasnoticias.com.br\\\/home\\\/candidato-ao-segundo-turno-em-portugal-ja-ameacou-prender-lula\\\/\"},\"author\":{\"name\":\"Ana Luiza Bonatto\",\"@id\":\"https:\\\/\\\/jornalboasnoticias.com.br\\\/home\\\/#\\\/schema\\\/person\\\/d641193e0afc6405b390164dac847971\"},\"headline\":\"Candidato ao segundo turno em Portugal j\u00e1 amea\u00e7ou \u201cprender Lula\u201d\",\"datePublished\":\"2026-01-19T16:59:39+00:00\",\"mainEntityOfPage\":{\"@id\":\"https:\\\/\\\/jornalboasnoticias.com.br\\\/home\\\/candidato-ao-segundo-turno-em-portugal-ja-ameacou-prender-lula\\\/\"},\"wordCount\":292,\"commentCount\":0,\"publisher\":{\"@id\":\"https:\\\/\\\/jornalboasnoticias.com.br\\\/home\\\/#organization\"},\"image\":{\"@id\":\"https:\\\/\\\/jornalboasnoticias.com.br\\\/home\\\/candidato-ao-segundo-turno-em-portugal-ja-ameacou-prender-lula\\\/#primaryimage\"},\"thumbnailUrl\":\"https:\\\/\\\/jornalboasnoticias.com.br\\\/home\\\/wp-content\\\/uploads\\\/2026\\\/01\\\/2c44af60-presidente-lula-deu-posse-ao-novo-ministro-da-justica-e-seguranca-publica-wellington-cesar-.jpg\",\"articleSection\":[\"Uncategorized\"],\"inLanguage\":\"pt-BR\",\"potentialAction\":[{\"@type\":\"CommentAction\",\"name\":\"Comment\",\"target\":[\"https:\\\/\\\/jornalboasnoticias.com.br\\\/home\\\/candidato-ao-segundo-turno-em-portugal-ja-ameacou-prender-lula\\\/#respond\"]}]},{\"@type\":\"WebPage\",\"@id\":\"https:\\\/\\\/jornalboasnoticias.com.br\\\/home\\\/candidato-ao-segundo-turno-em-portugal-ja-ameacou-prender-lula\\\/\",\"url\":\"https:\\\/\\\/jornalboasnoticias.com.br\\\/home\\\/candidato-ao-segundo-turno-em-portugal-ja-ameacou-prender-lula\\\/\",\"name\":\"Candidato ao segundo turno em Portugal j\u00e1 amea\u00e7ou \u201cprender Lula\u201d - Jornal\",\"isPartOf\":{\"@id\":\"https:\\\/\\\/jornalboasnoticias.com.br\\\/home\\\/#website\"},\"primaryImageOfPage\":{\"@id\":\"https:\\\/\\\/jornalboasnoticias.com.br\\\/home\\\/candidato-ao-segundo-turno-em-portugal-ja-ameacou-prender-lula\\\/#primaryimage\"},\"image\":{\"@id\":\"https:\\\/\\\/jornalboasnoticias.com.br\\\/home\\\/candidato-ao-segundo-turno-em-portugal-ja-ameacou-prender-lula\\\/#primaryimage\"},\"thumbnailUrl\":\"https:\\\/\\\/jornalboasnoticias.com.br\\\/home\\\/wp-content\\\/uploads\\\/2026\\\/01\\\/2c44af60-presidente-lula-deu-posse-ao-novo-ministro-da-justica-e-seguranca-publica-wellington-cesar-.jpg\",\"datePublished\":\"2026-01-19T16:59:39+00:00\",\"description\":\"Candidato ao segundo turno em Portugal j\u00e1 amea\u00e7ou \u201cprender Lula\u201d\",\"breadcrumb\":{\"@id\":\"https:\\\/\\\/jornalboasnoticias.com.br\\\/home\\\/candidato-ao-segundo-turno-em-portugal-ja-ameacou-prender-lula\\\/#breadcrumb\"},\"inLanguage\":\"pt-BR\",\"potentialAction\":[{\"@type\":\"ReadAction\",\"target\":[\"https:\\\/\\\/jornalboasnoticias.com.br\\\/home\\\/candidato-ao-segundo-turno-em-portugal-ja-ameacou-prender-lula\\\/\"]}]},{\"@type\":\"ImageObject\",\"inLanguage\":\"pt-BR\",\"@id\":\"https:\\\/\\\/jornalboasnoticias.com.br\\\/home\\\/candidato-ao-segundo-turno-em-portugal-ja-ameacou-prender-lula\\\/#primaryimage\",\"url\":\"https:\\\/\\\/jornalboasnoticias.com.br\\\/home\\\/wp-content\\\/uploads\\\/2026\\\/01\\\/2c44af60-presidente-lula-deu-posse-ao-novo-ministro-da-justica-e-seguranca-publica-wellington-cesar-.jpg\",\"contentUrl\":\"https:\\\/\\\/jornalboasnoticias.com.br\\\/home\\\/wp-content\\\/uploads\\\/2026\\\/01\\\/2c44af60-presidente-lula-deu-posse-ao-novo-ministro-da-justica-e-seguranca-publica-wellington-cesar-.jpg\",\"width\":900,\"height\":600,\"caption\":\"KEBEC NOGUEIRA\\\/METR\u00d3POLES @kebecfotografo\"},{\"@type\":\"BreadcrumbList\",\"@id\":\"https:\\\/\\\/jornalboasnoticias.com.br\\\/home\\\/candidato-ao-segundo-turno-em-portugal-ja-ameacou-prender-lula\\\/#breadcrumb\",\"itemListElement\":[{\"@type\":\"ListItem\",\"position\":1,\"name\":\"In\u00edcio\",\"item\":\"https:\\\/\\\/jornalboasnoticias.com.br\\\/home\\\/\"},{\"@type\":\"ListItem\",\"position\":2,\"name\":\"Candidato ao segundo turno em Portugal j\u00e1 amea\u00e7ou \u201cprender Lula\u201d\"}]},{\"@type\":\"WebSite\",\"@id\":\"https:\\\/\\\/jornalboasnoticias.com.br\\\/home\\\/#website\",\"url\":\"https:\\\/\\\/jornalboasnoticias.com.br\\\/home\\\/\",\"name\":\"Jornal Boas Not\u00edcias\",\"description\":\"Boas not\u00edcias\",\"publisher\":{\"@id\":\"https:\\\/\\\/jornalboasnoticias.com.br\\\/home\\\/#organization\"},\"potentialAction\":[{\"@type\":\"SearchAction\",\"target\":{\"@type\":\"EntryPoint\",\"urlTemplate\":\"https:\\\/\\\/jornalboasnoticias.com.br\\\/home\\\/?s={search_term_string}\"},\"query-input\":{\"@type\":\"PropertyValueSpecification\",\"valueRequired\":true,\"valueName\":\"search_term_string\"}}],\"inLanguage\":\"pt-BR\"},{\"@type\":\"Organization\",\"@id\":\"https:\\\/\\\/jornalboasnoticias.com.br\\\/home\\\/#organization\",\"name\":\"Coq Editora Ltda\",\"alternateName\":\"Jornal Boas Noticias\",\"url\":\"https:\\\/\\\/jornalboasnoticias.com.br\\\/home\\\/\",\"logo\":{\"@type\":\"ImageObject\",\"inLanguage\":\"pt-BR\",\"@id\":\"https:\\\/\\\/jornalboasnoticias.com.br\\\/home\\\/#\\\/schema\\\/logo\\\/image\\\/\",\"url\":\"https:\\\/\\\/jornalboasnoticias.com.br\\\/home\\\/wp-content\\\/uploads\\\/2024\\\/07\\\/cropped-logo.jpg\",\"contentUrl\":\"https:\\\/\\\/jornalboasnoticias.com.br\\\/home\\\/wp-content\\\/uploads\\\/2024\\\/07\\\/cropped-logo.jpg\",\"width\":290,\"height\":142,\"caption\":\"Coq Editora Ltda\"},\"image\":{\"@id\":\"https:\\\/\\\/jornalboasnoticias.com.br\\\/home\\\/#\\\/schema\\\/logo\\\/image\\\/\"},\"sameAs\":[\"https:\\\/\\\/www.facebook.com\\\/boasnoticiasjornal\"]},{\"@type\":\"Person\",\"@id\":\"https:\\\/\\\/jornalboasnoticias.com.br\\\/home\\\/#\\\/schema\\\/person\\\/d641193e0afc6405b390164dac847971\",\"name\":\"Ana Luiza Bonatto\",\"image\":{\"@type\":\"ImageObject\",\"inLanguage\":\"pt-BR\",\"@id\":\"https:\\\/\\\/secure.gravatar.com\\\/avatar\\\/8a055ebe6373371f67ac6fcf313c0ac0b0a91157fdcdb9514fa62927373348f0?s=96&d=mm&r=g\",\"url\":\"https:\\\/\\\/secure.gravatar.com\\\/avatar\\\/8a055ebe6373371f67ac6fcf313c0ac0b0a91157fdcdb9514fa62927373348f0?s=96&d=mm&r=g\",\"contentUrl\":\"https:\\\/\\\/secure.gravatar.com\\\/avatar\\\/8a055ebe6373371f67ac6fcf313c0ac0b0a91157fdcdb9514fa62927373348f0?s=96&d=mm&r=g\",\"caption\":\"Ana Luiza Bonatto\"},\"url\":\"https:\\\/\\\/jornalboasnoticias.com.br\\\/home\\\/author\\\/ana-luiza\\\/\"}]}<\/script>\n<!-- \/ Yoast SEO plugin. -->","yoast_head_json":{"title":"Candidato ao segundo turno em Portugal j\u00e1 amea\u00e7ou \u201cprender Lula\u201d - Jornal","description":"Candidato ao segundo turno em Portugal j\u00e1 amea\u00e7ou \u201cprender Lula\u201d","robots":{"index":"index","follow":"follow","max-snippet":"max-snippet:-1","max-image-preview":"max-image-preview:large","max-video-preview":"max-video-preview:-1"},"canonical":"https:\/\/jornalboasnoticias.com.br\/home\/candidato-ao-segundo-turno-em-portugal-ja-ameacou-prender-lula\/","og_locale":"pt_BR","og_type":"article","og_title":"Candidato ao segundo turno em Portugal j\u00e1 amea\u00e7ou \u201cprender Lula\u201d - Jornal","og_description":"Candidato ao segundo turno em Portugal j\u00e1 amea\u00e7ou \u201cprender Lula\u201d","og_url":"https:\/\/jornalboasnoticias.com.br\/home\/candidato-ao-segundo-turno-em-portugal-ja-ameacou-prender-lula\/","og_site_name":"Jornal","article_publisher":"https:\/\/www.facebook.com\/boasnoticiasjornal","article_published_time":"2026-01-19T16:59:39+00:00","og_image":[{"width":900,"height":600,"url":"https:\/\/jornalboasnoticias.com.br\/home\/wp-content\/uploads\/2026\/01\/2c44af60-presidente-lula-deu-posse-ao-novo-ministro-da-justica-e-seguranca-publica-wellington-cesar-.jpg","type":"image\/jpeg"}],"author":"Ana Luiza Bonatto","twitter_card":"summary_large_image","twitter_misc":{"Escrito por":"Ana Luiza Bonatto","Est. tempo de leitura":"2 minutos"},"schema":{"@context":"https:\/\/schema.org","@graph":[{"@type":"Article","@id":"https:\/\/jornalboasnoticias.com.br\/home\/candidato-ao-segundo-turno-em-portugal-ja-ameacou-prender-lula\/#article","isPartOf":{"@id":"https:\/\/jornalboasnoticias.com.br\/home\/candidato-ao-segundo-turno-em-portugal-ja-ameacou-prender-lula\/"},"author":{"name":"Ana Luiza Bonatto","@id":"https:\/\/jornalboasnoticias.com.br\/home\/#\/schema\/person\/d641193e0afc6405b390164dac847971"},"headline":"Candidato ao segundo turno em Portugal j\u00e1 amea\u00e7ou \u201cprender Lula\u201d","datePublished":"2026-01-19T16:59:39+00:00","mainEntityOfPage":{"@id":"https:\/\/jornalboasnoticias.com.br\/home\/candidato-ao-segundo-turno-em-portugal-ja-ameacou-prender-lula\/"},"wordCount":292,"commentCount":0,"publisher":{"@id":"https:\/\/jornalboasnoticias.com.br\/home\/#organization"},"image":{"@id":"https:\/\/jornalboasnoticias.com.br\/home\/candidato-ao-segundo-turno-em-portugal-ja-ameacou-prender-lula\/#primaryimage"},"thumbnailUrl":"https:\/\/jornalboasnoticias.com.br\/home\/wp-content\/uploads\/2026\/01\/2c44af60-presidente-lula-deu-posse-ao-novo-ministro-da-justica-e-seguranca-publica-wellington-cesar-.jpg","articleSection":["Uncategorized"],"inLanguage":"pt-BR","potentialAction":[{"@type":"CommentAction","name":"Comment","target":["https:\/\/jornalboasnoticias.com.br\/home\/candidato-ao-segundo-turno-em-portugal-ja-ameacou-prender-lula\/#respond"]}]},{"@type":"WebPage","@id":"https:\/\/jornalboasnoticias.com.br\/home\/candidato-ao-segundo-turno-em-portugal-ja-ameacou-prender-lula\/","url":"https:\/\/jornalboasnoticias.com.br\/home\/candidato-ao-segundo-turno-em-portugal-ja-ameacou-prender-lula\/","name":"Candidato ao segundo turno em Portugal j\u00e1 amea\u00e7ou \u201cprender Lula\u201d - Jornal","isPartOf":{"@id":"https:\/\/jornalboasnoticias.com.br\/home\/#website"},"primaryImageOfPage":{"@id":"https:\/\/jornalboasnoticias.com.br\/home\/candidato-ao-segundo-turno-em-portugal-ja-ameacou-prender-lula\/#primaryimage"},"image":{"@id":"https:\/\/jornalboasnoticias.com.br\/home\/candidato-ao-segundo-turno-em-portugal-ja-ameacou-prender-lula\/#primaryimage"},"thumbnailUrl":"https:\/\/jornalboasnoticias.com.br\/home\/wp-content\/uploads\/2026\/01\/2c44af60-presidente-lula-deu-posse-ao-novo-ministro-da-justica-e-seguranca-publica-wellington-cesar-.jpg","datePublished":"2026-01-19T16:59:39+00:00","description":"Candidato ao segundo turno em Portugal j\u00e1 amea\u00e7ou \u201cprender Lula\u201d","breadcrumb":{"@id":"https:\/\/jornalboasnoticias.com.br\/home\/candidato-ao-segundo-turno-em-portugal-ja-ameacou-prender-lula\/#breadcrumb"},"inLanguage":"pt-BR","potentialAction":[{"@type":"ReadAction","target":["https:\/\/jornalboasnoticias.com.br\/home\/candidato-ao-segundo-turno-em-portugal-ja-ameacou-prender-lula\/"]}]},{"@type":"ImageObject","inLanguage":"pt-BR","@id":"https:\/\/jornalboasnoticias.com.br\/home\/candidato-ao-segundo-turno-em-portugal-ja-ameacou-prender-lula\/#primaryimage","url":"https:\/\/jornalboasnoticias.com.br\/home\/wp-content\/uploads\/2026\/01\/2c44af60-presidente-lula-deu-posse-ao-novo-ministro-da-justica-e-seguranca-publica-wellington-cesar-.jpg","contentUrl":"https:\/\/jornalboasnoticias.com.br\/home\/wp-content\/uploads\/2026\/01\/2c44af60-presidente-lula-deu-posse-ao-novo-ministro-da-justica-e-seguranca-publica-wellington-cesar-.jpg","width":900,"height":600,"caption":"KEBEC NOGUEIRA\/METR\u00d3POLES @kebecfotografo"},{"@type":"BreadcrumbList","@id":"https:\/\/jornalboasnoticias.com.br\/home\/candidato-ao-segundo-turno-em-portugal-ja-ameacou-prender-lula\/#breadcrumb","itemListElement":[{"@type":"ListItem","position":1,"name":"In\u00edcio","item":"https:\/\/jornalboasnoticias.com.br\/home\/"},{"@type":"ListItem","position":2,"name":"Candidato ao segundo turno em Portugal j\u00e1 amea\u00e7ou \u201cprender Lula\u201d"}]},{"@type":"WebSite","@id":"https:\/\/jornalboasnoticias.com.br\/home\/#website","url":"https:\/\/jornalboasnoticias.com.br\/home\/","name":"Jornal Boas Not\u00edcias","description":"Boas not\u00edcias","publisher":{"@id":"https:\/\/jornalboasnoticias.com.br\/home\/#organization"},"potentialAction":[{"@type":"SearchAction","target":{"@type":"EntryPoint","urlTemplate":"https:\/\/jornalboasnoticias.com.br\/home\/?s={search_term_string}"},"query-input":{"@type":"PropertyValueSpecification","valueRequired":true,"valueName":"search_term_string"}}],"inLanguage":"pt-BR"},{"@type":"Organization","@id":"https:\/\/jornalboasnoticias.com.br\/home\/#organization","name":"Coq Editora Ltda","alternateName":"Jornal Boas Noticias","url":"https:\/\/jornalboasnoticias.com.br\/home\/","logo":{"@type":"ImageObject","inLanguage":"pt-BR","@id":"https:\/\/jornalboasnoticias.com.br\/home\/#\/schema\/logo\/image\/","url":"https:\/\/jornalboasnoticias.com.br\/home\/wp-content\/uploads\/2024\/07\/cropped-logo.jpg","contentUrl":"https:\/\/jornalboasnoticias.com.br\/home\/wp-content\/uploads\/2024\/07\/cropped-logo.jpg","width":290,"height":142,"caption":"Coq Editora Ltda"},"image":{"@id":"https:\/\/jornalboasnoticias.com.br\/home\/#\/schema\/logo\/image\/"},"sameAs":["https:\/\/www.facebook.com\/boasnoticiasjornal"]},{"@type":"Person","@id":"https:\/\/jornalboasnoticias.com.br\/home\/#\/schema\/person\/d641193e0afc6405b390164dac847971","name":"Ana Luiza Bonatto","image":{"@type":"ImageObject","inLanguage":"pt-BR","@id":"https:\/\/secure.gravatar.com\/avatar\/8a055ebe6373371f67ac6fcf313c0ac0b0a91157fdcdb9514fa62927373348f0?s=96&d=mm&r=g","url":"https:\/\/secure.gravatar.com\/avatar\/8a055ebe6373371f67ac6fcf313c0ac0b0a91157fdcdb9514fa62927373348f0?s=96&d=mm&r=g","contentUrl":"https:\/\/secure.gravatar.com\/avatar\/8a055ebe6373371f67ac6fcf313c0ac0b0a91157fdcdb9514fa62927373348f0?s=96&d=mm&r=g","caption":"Ana Luiza Bonatto"},"url":"https:\/\/jornalboasnoticias.com.br\/home\/author\/ana-luiza\/"}]}},"_links":{"self":[{"href":"https:\/\/jornalboasnoticias.com.br\/home\/wp-json\/wp\/v2\/posts\/47143","targetHints":{"allow":["GET"]}}],"collection":[{"href":"https:\/\/jornalboasnoticias.com.br\/home\/wp-json\/wp\/v2\/posts"}],"about":[{"href":"https:\/\/jornalboasnoticias.com.br\/home\/wp-json\/wp\/v2\/types\/post"}],"author":[{"embeddable":true,"href":"https:\/\/jornalboasnoticias.com.br\/home\/wp-json\/wp\/v2\/users\/4"}],"replies":[{"embeddable":true,"href":"https:\/\/jornalboasnoticias.com.br\/home\/wp-json\/wp\/v2\/comments?post=47143"}],"version-history":[{"count":2,"href":"https:\/\/jornalboasnoticias.com.br\/home\/wp-json\/wp\/v2\/posts\/47143\/revisions"}],"predecessor-version":[{"id":47145,"href":"https:\/\/jornalboasnoticias.com.br\/home\/wp-json\/wp\/v2\/posts\/47143\/revisions\/47145"}],"wp:featuredmedia":[{"embeddable":true,"href":"https:\/\/jornalboasnoticias.com.br\/home\/wp-json\/wp\/v2\/media\/47138"}],"wp:attachment":[{"href":"https:\/\/jornalboasnoticias.com.br\/home\/wp-json\/wp\/v2\/media?parent=47143"}],"wp:term":[{"taxonomy":"category","embeddable":true,"href":"https:\/\/jornalboasnoticias.com.br\/home\/wp-json\/wp\/v2\/categories?post=47143"},{"taxonomy":"post_tag","embeddable":true,"href":"https:\/\/jornalboasnoticias.com.br\/home\/wp-json\/wp\/v2\/tags?post=47143"}],"curies":[{"name":"wp","href":"https:\/\/api.w.org\/{rel}","templated":true}]}}