{"id":47133,"date":"2026-01-18T21:16:05","date_gmt":"2026-01-18T21:16:05","guid":{"rendered":"https:\/\/jornalboasnoticias.com.br\/home\/?p=47133"},"modified":"2026-01-18T21:16:05","modified_gmt":"2026-01-18T21:16:05","slug":"exorcismo-em-vila-morador-e-condenado-e-deve-indenizar-vizinha","status":"publish","type":"post","link":"https:\/\/jornalboasnoticias.com.br\/home\/exorcismo-em-vila-morador-e-condenado-e-deve-indenizar-vizinha\/","title":{"rendered":"\u201cExorcismo\u201d em vila: morador \u00e9 condenado e deve indenizar vizinha"},"content":{"rendered":"<figure id=\"attachment_47134\" aria-describedby=\"caption-attachment-47134\" style=\"width: 900px\" class=\"wp-caption alignnone\"><img loading=\"lazy\" decoding=\"async\" class=\"size-full wp-image-47134\" src=\"https:\/\/jornalboasnoticias.com.br\/home\/wp-content\/uploads\/2026\/01\/752d9110-velas.webp\" alt=\"\" width=\"900\" height=\"600\" srcset=\"https:\/\/jornalboasnoticias.com.br\/home\/wp-content\/uploads\/2026\/01\/752d9110-velas.webp 900w, https:\/\/jornalboasnoticias.com.br\/home\/wp-content\/uploads\/2026\/01\/752d9110-velas-300x200.webp 300w, https:\/\/jornalboasnoticias.com.br\/home\/wp-content\/uploads\/2026\/01\/752d9110-velas-768x512.webp 768w\" sizes=\"auto, (max-width: 900px) 100vw, 900px\" \/><figcaption id=\"caption-attachment-47134\" class=\"wp-caption-text\">Getty Images<\/figcaption><\/figure>\n<blockquote>\n<p data-start=\"90\" data-end=\"254\"><strong data-start=\"90\" data-end=\"254\">Decis\u00e3o do Juizado Especial do M\u00e9ier apontou perturba\u00e7\u00e3o do sossego e constrangimento, e fixou indeniza\u00e7\u00e3o de R$ 5 mil, al\u00e9m de multa em caso de descumprimento.<\/strong><\/p>\n<\/blockquote>\n<p data-start=\"256\" data-end=\"610\">A Justi\u00e7a do Rio de Janeiro determinou a proibi\u00e7\u00e3o de rituais religiosos em \u00e1rea comum de uma vila residencial e condenou um morador a indenizar uma vizinha por danos morais. A decis\u00e3o, do 13\u00ba Juizado Especial C\u00edvel da Regional do M\u00e9ier, impede a realiza\u00e7\u00e3o de pr\u00e1ticas na servid\u00e3o de passagem e na entrada das resid\u00eancias compartilhadas pelos moradores.<\/p>\n<p data-start=\"612\" data-end=\"900\">O caso envolve vizinhos que dividem uma passagem de acesso entre dois im\u00f3veis. Segundo a autora da a\u00e7\u00e3o, adepta do espiritismo, o r\u00e9u promovia pr\u00e1ticas de benzeria e exorcismo no local comum, muitas vezes em voz alta e durante a noite, o que teria provocado constrangimento e perturba\u00e7\u00e3o.<\/p>\n<p data-start=\"902\" data-end=\"1221\">Conforme descrito no processo, o morador chegou a levar terceiros usando vestimentas religiosas para apontar e benzer a casa da vizinha. Em algumas ocasi\u00f5es, ainda segundo os autos, ele teria proferido frases como \u201cvai para o inferno, Satan\u00e1s\u201d e \u201cesp\u00edrito maligno\u201d ao v\u00ea-la passar pela servid\u00e3o ou permanecer no port\u00e3o.<\/p>\n<p data-start=\"1223\" data-end=\"1520\">Em sua defesa, o r\u00e9u afirmou que apenas exercia sua liberdade de cren\u00e7a de forma discreta e negou a realiza\u00e7\u00e3o de cultos ou reuni\u00f5es. A argumenta\u00e7\u00e3o foi rejeitada pela magistrada, que se baseou em v\u00eddeos anexados ao processo para reconhecer a repeti\u00e7\u00e3o das condutas e o preju\u00edzo causado \u00e0 vizinha.<\/p>\n<p data-start=\"1522\" data-end=\"1998\">Na senten\u00e7a, a ju\u00edza ressaltou que a liberdade religiosa \u00e9 garantida pela Constitui\u00e7\u00e3o, mas n\u00e3o \u00e9 um direito absoluto. Segundo o entendimento, ela deve ser conciliada com o direito de vizinhan\u00e7a, o sossego dos moradores e a finalidade do condom\u00ednio, conforme prev\u00ea o C\u00f3digo Civil e a Lei n\u00ba 4.591\/1964. A decis\u00e3o tamb\u00e9m destacou o car\u00e1ter laico do Estado brasileiro e a necessidade de que manifesta\u00e7\u00f5es religiosas ocorram em locais apropriados, sem impor pr\u00e1ticas a terceiros.<\/p>\n<p data-start=\"2000\" data-end=\"2226\">O morador foi condenado a pagar <strong data-start=\"2032\" data-end=\"2044\">R$ 5 mil<\/strong> por danos morais e obrigado a se abster de realizar rituais na servid\u00e3o de passagem, nos corredores e no port\u00e3o da vila. Em caso de descumprimento, foi fixada multa de <strong data-start=\"2213\" data-end=\"2225\">R$ 1 mil<\/strong>.<\/p>\n<p data-start=\"2228\" data-end=\"2409\">A decis\u00e3o n\u00e3o impede que ele realize rituais na via p\u00fablica em frente \u00e0 vila, desde que o port\u00e3o permane\u00e7a fechado e sejam adotadas medidas para preservar a seguran\u00e7a dos moradores.<\/p>\n","protected":false},"excerpt":{"rendered":"<p>Decis\u00e3o do Juizado Especial do M\u00e9ier apontou perturba\u00e7\u00e3o do sossego e constrangimento, e fixou indeniza\u00e7\u00e3o<\/p>\n","protected":false},"author":4,"featured_media":47134,"comment_status":"open","ping_status":"open","sticky":false,"template":"","format":"standard","meta":{"footnotes":""},"categories":[6,3],"tags":[],"class_list":["post-47133","post","type-post","status-publish","format-standard","has-post-thumbnail","hentry","category-brasil","category-destaques"],"yoast_head":"<!-- This site is optimized with the Yoast SEO plugin v27.5 - https:\/\/yoast.com\/product\/yoast-seo-wordpress\/ -->\n<title>\u201cExorcismo\u201d em vila: morador \u00e9 condenado e deve indenizar vizinha - Jornal<\/title>\n<meta name=\"description\" content=\"\u201cExorcismo\u201d em vila: morador \u00e9 condenado e deve indenizar vizinha\" \/>\n<meta name=\"robots\" content=\"index, follow, max-snippet:-1, max-image-preview:large, max-video-preview:-1\" \/>\n<link rel=\"canonical\" href=\"https:\/\/jornalboasnoticias.com.br\/home\/exorcismo-em-vila-morador-e-condenado-e-deve-indenizar-vizinha\/\" \/>\n<meta property=\"og:locale\" content=\"pt_BR\" \/>\n<meta property=\"og:type\" content=\"article\" \/>\n<meta property=\"og:title\" content=\"\u201cExorcismo\u201d em vila: morador \u00e9 condenado e deve indenizar vizinha - Jornal\" \/>\n<meta property=\"og:description\" content=\"\u201cExorcismo\u201d em vila: morador \u00e9 condenado e deve indenizar vizinha\" \/>\n<meta property=\"og:url\" content=\"https:\/\/jornalboasnoticias.com.br\/home\/exorcismo-em-vila-morador-e-condenado-e-deve-indenizar-vizinha\/\" \/>\n<meta property=\"og:site_name\" content=\"Jornal\" \/>\n<meta property=\"article:publisher\" content=\"https:\/\/www.facebook.com\/boasnoticiasjornal\" \/>\n<meta property=\"article:published_time\" content=\"2026-01-18T21:16:05+00:00\" \/>\n<meta property=\"og:image\" content=\"https:\/\/jornalboasnoticias.com.br\/home\/wp-content\/uploads\/2026\/01\/752d9110-velas.webp\" \/>\n\t<meta property=\"og:image:width\" content=\"900\" \/>\n\t<meta property=\"og:image:height\" content=\"600\" \/>\n\t<meta property=\"og:image:type\" content=\"image\/webp\" \/>\n<meta name=\"author\" content=\"Ana Luiza Bonatto\" \/>\n<meta name=\"twitter:card\" content=\"summary_large_image\" \/>\n<meta name=\"twitter:label1\" content=\"Escrito por\" \/>\n\t<meta name=\"twitter:data1\" content=\"Ana Luiza Bonatto\" \/>\n\t<meta name=\"twitter:label2\" content=\"Est. tempo de leitura\" \/>\n\t<meta name=\"twitter:data2\" content=\"3 minutos\" \/>\n<script type=\"application\/ld+json\" class=\"yoast-schema-graph\">{\"@context\":\"https:\\\/\\\/schema.org\",\"@graph\":[{\"@type\":\"Article\",\"@id\":\"https:\\\/\\\/jornalboasnoticias.com.br\\\/home\\\/exorcismo-em-vila-morador-e-condenado-e-deve-indenizar-vizinha\\\/#article\",\"isPartOf\":{\"@id\":\"https:\\\/\\\/jornalboasnoticias.com.br\\\/home\\\/exorcismo-em-vila-morador-e-condenado-e-deve-indenizar-vizinha\\\/\"},\"author\":{\"name\":\"Ana Luiza Bonatto\",\"@id\":\"https:\\\/\\\/jornalboasnoticias.com.br\\\/home\\\/#\\\/schema\\\/person\\\/d641193e0afc6405b390164dac847971\"},\"headline\":\"\u201cExorcismo\u201d em vila: morador \u00e9 condenado e deve indenizar vizinha\",\"datePublished\":\"2026-01-18T21:16:05+00:00\",\"mainEntityOfPage\":{\"@id\":\"https:\\\/\\\/jornalboasnoticias.com.br\\\/home\\\/exorcismo-em-vila-morador-e-condenado-e-deve-indenizar-vizinha\\\/\"},\"wordCount\":443,\"commentCount\":0,\"publisher\":{\"@id\":\"https:\\\/\\\/jornalboasnoticias.com.br\\\/home\\\/#organization\"},\"image\":{\"@id\":\"https:\\\/\\\/jornalboasnoticias.com.br\\\/home\\\/exorcismo-em-vila-morador-e-condenado-e-deve-indenizar-vizinha\\\/#primaryimage\"},\"thumbnailUrl\":\"https:\\\/\\\/jornalboasnoticias.com.br\\\/home\\\/wp-content\\\/uploads\\\/2026\\\/01\\\/752d9110-velas.webp\",\"articleSection\":[\"BRASIL\",\"DESTAQUE\"],\"inLanguage\":\"pt-BR\",\"potentialAction\":[{\"@type\":\"CommentAction\",\"name\":\"Comment\",\"target\":[\"https:\\\/\\\/jornalboasnoticias.com.br\\\/home\\\/exorcismo-em-vila-morador-e-condenado-e-deve-indenizar-vizinha\\\/#respond\"]}]},{\"@type\":\"WebPage\",\"@id\":\"https:\\\/\\\/jornalboasnoticias.com.br\\\/home\\\/exorcismo-em-vila-morador-e-condenado-e-deve-indenizar-vizinha\\\/\",\"url\":\"https:\\\/\\\/jornalboasnoticias.com.br\\\/home\\\/exorcismo-em-vila-morador-e-condenado-e-deve-indenizar-vizinha\\\/\",\"name\":\"\u201cExorcismo\u201d em vila: morador \u00e9 condenado e deve indenizar vizinha - Jornal\",\"isPartOf\":{\"@id\":\"https:\\\/\\\/jornalboasnoticias.com.br\\\/home\\\/#website\"},\"primaryImageOfPage\":{\"@id\":\"https:\\\/\\\/jornalboasnoticias.com.br\\\/home\\\/exorcismo-em-vila-morador-e-condenado-e-deve-indenizar-vizinha\\\/#primaryimage\"},\"image\":{\"@id\":\"https:\\\/\\\/jornalboasnoticias.com.br\\\/home\\\/exorcismo-em-vila-morador-e-condenado-e-deve-indenizar-vizinha\\\/#primaryimage\"},\"thumbnailUrl\":\"https:\\\/\\\/jornalboasnoticias.com.br\\\/home\\\/wp-content\\\/uploads\\\/2026\\\/01\\\/752d9110-velas.webp\",\"datePublished\":\"2026-01-18T21:16:05+00:00\",\"description\":\"\u201cExorcismo\u201d em vila: morador \u00e9 condenado e deve indenizar vizinha\",\"breadcrumb\":{\"@id\":\"https:\\\/\\\/jornalboasnoticias.com.br\\\/home\\\/exorcismo-em-vila-morador-e-condenado-e-deve-indenizar-vizinha\\\/#breadcrumb\"},\"inLanguage\":\"pt-BR\",\"potentialAction\":[{\"@type\":\"ReadAction\",\"target\":[\"https:\\\/\\\/jornalboasnoticias.com.br\\\/home\\\/exorcismo-em-vila-morador-e-condenado-e-deve-indenizar-vizinha\\\/\"]}]},{\"@type\":\"ImageObject\",\"inLanguage\":\"pt-BR\",\"@id\":\"https:\\\/\\\/jornalboasnoticias.com.br\\\/home\\\/exorcismo-em-vila-morador-e-condenado-e-deve-indenizar-vizinha\\\/#primaryimage\",\"url\":\"https:\\\/\\\/jornalboasnoticias.com.br\\\/home\\\/wp-content\\\/uploads\\\/2026\\\/01\\\/752d9110-velas.webp\",\"contentUrl\":\"https:\\\/\\\/jornalboasnoticias.com.br\\\/home\\\/wp-content\\\/uploads\\\/2026\\\/01\\\/752d9110-velas.webp\",\"width\":900,\"height\":600,\"caption\":\"Getty Images\"},{\"@type\":\"BreadcrumbList\",\"@id\":\"https:\\\/\\\/jornalboasnoticias.com.br\\\/home\\\/exorcismo-em-vila-morador-e-condenado-e-deve-indenizar-vizinha\\\/#breadcrumb\",\"itemListElement\":[{\"@type\":\"ListItem\",\"position\":1,\"name\":\"In\u00edcio\",\"item\":\"https:\\\/\\\/jornalboasnoticias.com.br\\\/home\\\/\"},{\"@type\":\"ListItem\",\"position\":2,\"name\":\"\u201cExorcismo\u201d em vila: morador \u00e9 condenado e deve indenizar vizinha\"}]},{\"@type\":\"WebSite\",\"@id\":\"https:\\\/\\\/jornalboasnoticias.com.br\\\/home\\\/#website\",\"url\":\"https:\\\/\\\/jornalboasnoticias.com.br\\\/home\\\/\",\"name\":\"Jornal Boas Not\u00edcias\",\"description\":\"Boas not\u00edcias\",\"publisher\":{\"@id\":\"https:\\\/\\\/jornalboasnoticias.com.br\\\/home\\\/#organization\"},\"potentialAction\":[{\"@type\":\"SearchAction\",\"target\":{\"@type\":\"EntryPoint\",\"urlTemplate\":\"https:\\\/\\\/jornalboasnoticias.com.br\\\/home\\\/?s={search_term_string}\"},\"query-input\":{\"@type\":\"PropertyValueSpecification\",\"valueRequired\":true,\"valueName\":\"search_term_string\"}}],\"inLanguage\":\"pt-BR\"},{\"@type\":\"Organization\",\"@id\":\"https:\\\/\\\/jornalboasnoticias.com.br\\\/home\\\/#organization\",\"name\":\"Coq Editora Ltda\",\"alternateName\":\"Jornal Boas Noticias\",\"url\":\"https:\\\/\\\/jornalboasnoticias.com.br\\\/home\\\/\",\"logo\":{\"@type\":\"ImageObject\",\"inLanguage\":\"pt-BR\",\"@id\":\"https:\\\/\\\/jornalboasnoticias.com.br\\\/home\\\/#\\\/schema\\\/logo\\\/image\\\/\",\"url\":\"https:\\\/\\\/jornalboasnoticias.com.br\\\/home\\\/wp-content\\\/uploads\\\/2024\\\/07\\\/cropped-logo.jpg\",\"contentUrl\":\"https:\\\/\\\/jornalboasnoticias.com.br\\\/home\\\/wp-content\\\/uploads\\\/2024\\\/07\\\/cropped-logo.jpg\",\"width\":290,\"height\":142,\"caption\":\"Coq Editora Ltda\"},\"image\":{\"@id\":\"https:\\\/\\\/jornalboasnoticias.com.br\\\/home\\\/#\\\/schema\\\/logo\\\/image\\\/\"},\"sameAs\":[\"https:\\\/\\\/www.facebook.com\\\/boasnoticiasjornal\"]},{\"@type\":\"Person\",\"@id\":\"https:\\\/\\\/jornalboasnoticias.com.br\\\/home\\\/#\\\/schema\\\/person\\\/d641193e0afc6405b390164dac847971\",\"name\":\"Ana Luiza Bonatto\",\"image\":{\"@type\":\"ImageObject\",\"inLanguage\":\"pt-BR\",\"@id\":\"https:\\\/\\\/secure.gravatar.com\\\/avatar\\\/8a055ebe6373371f67ac6fcf313c0ac0b0a91157fdcdb9514fa62927373348f0?s=96&d=mm&r=g\",\"url\":\"https:\\\/\\\/secure.gravatar.com\\\/avatar\\\/8a055ebe6373371f67ac6fcf313c0ac0b0a91157fdcdb9514fa62927373348f0?s=96&d=mm&r=g\",\"contentUrl\":\"https:\\\/\\\/secure.gravatar.com\\\/avatar\\\/8a055ebe6373371f67ac6fcf313c0ac0b0a91157fdcdb9514fa62927373348f0?s=96&d=mm&r=g\",\"caption\":\"Ana Luiza Bonatto\"},\"url\":\"https:\\\/\\\/jornalboasnoticias.com.br\\\/home\\\/author\\\/ana-luiza\\\/\"}]}<\/script>\n<!-- \/ Yoast SEO plugin. -->","yoast_head_json":{"title":"\u201cExorcismo\u201d em vila: morador \u00e9 condenado e deve indenizar vizinha - Jornal","description":"\u201cExorcismo\u201d em vila: morador \u00e9 condenado e deve indenizar vizinha","robots":{"index":"index","follow":"follow","max-snippet":"max-snippet:-1","max-image-preview":"max-image-preview:large","max-video-preview":"max-video-preview:-1"},"canonical":"https:\/\/jornalboasnoticias.com.br\/home\/exorcismo-em-vila-morador-e-condenado-e-deve-indenizar-vizinha\/","og_locale":"pt_BR","og_type":"article","og_title":"\u201cExorcismo\u201d em vila: morador \u00e9 condenado e deve indenizar vizinha - Jornal","og_description":"\u201cExorcismo\u201d em vila: morador \u00e9 condenado e deve indenizar vizinha","og_url":"https:\/\/jornalboasnoticias.com.br\/home\/exorcismo-em-vila-morador-e-condenado-e-deve-indenizar-vizinha\/","og_site_name":"Jornal","article_publisher":"https:\/\/www.facebook.com\/boasnoticiasjornal","article_published_time":"2026-01-18T21:16:05+00:00","og_image":[{"width":900,"height":600,"url":"https:\/\/jornalboasnoticias.com.br\/home\/wp-content\/uploads\/2026\/01\/752d9110-velas.webp","type":"image\/webp"}],"author":"Ana Luiza Bonatto","twitter_card":"summary_large_image","twitter_misc":{"Escrito por":"Ana Luiza Bonatto","Est. tempo de leitura":"3 minutos"},"schema":{"@context":"https:\/\/schema.org","@graph":[{"@type":"Article","@id":"https:\/\/jornalboasnoticias.com.br\/home\/exorcismo-em-vila-morador-e-condenado-e-deve-indenizar-vizinha\/#article","isPartOf":{"@id":"https:\/\/jornalboasnoticias.com.br\/home\/exorcismo-em-vila-morador-e-condenado-e-deve-indenizar-vizinha\/"},"author":{"name":"Ana Luiza Bonatto","@id":"https:\/\/jornalboasnoticias.com.br\/home\/#\/schema\/person\/d641193e0afc6405b390164dac847971"},"headline":"\u201cExorcismo\u201d em vila: morador \u00e9 condenado e deve indenizar vizinha","datePublished":"2026-01-18T21:16:05+00:00","mainEntityOfPage":{"@id":"https:\/\/jornalboasnoticias.com.br\/home\/exorcismo-em-vila-morador-e-condenado-e-deve-indenizar-vizinha\/"},"wordCount":443,"commentCount":0,"publisher":{"@id":"https:\/\/jornalboasnoticias.com.br\/home\/#organization"},"image":{"@id":"https:\/\/jornalboasnoticias.com.br\/home\/exorcismo-em-vila-morador-e-condenado-e-deve-indenizar-vizinha\/#primaryimage"},"thumbnailUrl":"https:\/\/jornalboasnoticias.com.br\/home\/wp-content\/uploads\/2026\/01\/752d9110-velas.webp","articleSection":["BRASIL","DESTAQUE"],"inLanguage":"pt-BR","potentialAction":[{"@type":"CommentAction","name":"Comment","target":["https:\/\/jornalboasnoticias.com.br\/home\/exorcismo-em-vila-morador-e-condenado-e-deve-indenizar-vizinha\/#respond"]}]},{"@type":"WebPage","@id":"https:\/\/jornalboasnoticias.com.br\/home\/exorcismo-em-vila-morador-e-condenado-e-deve-indenizar-vizinha\/","url":"https:\/\/jornalboasnoticias.com.br\/home\/exorcismo-em-vila-morador-e-condenado-e-deve-indenizar-vizinha\/","name":"\u201cExorcismo\u201d em vila: morador \u00e9 condenado e deve indenizar vizinha - Jornal","isPartOf":{"@id":"https:\/\/jornalboasnoticias.com.br\/home\/#website"},"primaryImageOfPage":{"@id":"https:\/\/jornalboasnoticias.com.br\/home\/exorcismo-em-vila-morador-e-condenado-e-deve-indenizar-vizinha\/#primaryimage"},"image":{"@id":"https:\/\/jornalboasnoticias.com.br\/home\/exorcismo-em-vila-morador-e-condenado-e-deve-indenizar-vizinha\/#primaryimage"},"thumbnailUrl":"https:\/\/jornalboasnoticias.com.br\/home\/wp-content\/uploads\/2026\/01\/752d9110-velas.webp","datePublished":"2026-01-18T21:16:05+00:00","description":"\u201cExorcismo\u201d em vila: morador \u00e9 condenado e deve indenizar vizinha","breadcrumb":{"@id":"https:\/\/jornalboasnoticias.com.br\/home\/exorcismo-em-vila-morador-e-condenado-e-deve-indenizar-vizinha\/#breadcrumb"},"inLanguage":"pt-BR","potentialAction":[{"@type":"ReadAction","target":["https:\/\/jornalboasnoticias.com.br\/home\/exorcismo-em-vila-morador-e-condenado-e-deve-indenizar-vizinha\/"]}]},{"@type":"ImageObject","inLanguage":"pt-BR","@id":"https:\/\/jornalboasnoticias.com.br\/home\/exorcismo-em-vila-morador-e-condenado-e-deve-indenizar-vizinha\/#primaryimage","url":"https:\/\/jornalboasnoticias.com.br\/home\/wp-content\/uploads\/2026\/01\/752d9110-velas.webp","contentUrl":"https:\/\/jornalboasnoticias.com.br\/home\/wp-content\/uploads\/2026\/01\/752d9110-velas.webp","width":900,"height":600,"caption":"Getty Images"},{"@type":"BreadcrumbList","@id":"https:\/\/jornalboasnoticias.com.br\/home\/exorcismo-em-vila-morador-e-condenado-e-deve-indenizar-vizinha\/#breadcrumb","itemListElement":[{"@type":"ListItem","position":1,"name":"In\u00edcio","item":"https:\/\/jornalboasnoticias.com.br\/home\/"},{"@type":"ListItem","position":2,"name":"\u201cExorcismo\u201d em vila: morador \u00e9 condenado e deve indenizar vizinha"}]},{"@type":"WebSite","@id":"https:\/\/jornalboasnoticias.com.br\/home\/#website","url":"https:\/\/jornalboasnoticias.com.br\/home\/","name":"Jornal Boas Not\u00edcias","description":"Boas not\u00edcias","publisher":{"@id":"https:\/\/jornalboasnoticias.com.br\/home\/#organization"},"potentialAction":[{"@type":"SearchAction","target":{"@type":"EntryPoint","urlTemplate":"https:\/\/jornalboasnoticias.com.br\/home\/?s={search_term_string}"},"query-input":{"@type":"PropertyValueSpecification","valueRequired":true,"valueName":"search_term_string"}}],"inLanguage":"pt-BR"},{"@type":"Organization","@id":"https:\/\/jornalboasnoticias.com.br\/home\/#organization","name":"Coq Editora Ltda","alternateName":"Jornal Boas Noticias","url":"https:\/\/jornalboasnoticias.com.br\/home\/","logo":{"@type":"ImageObject","inLanguage":"pt-BR","@id":"https:\/\/jornalboasnoticias.com.br\/home\/#\/schema\/logo\/image\/","url":"https:\/\/jornalboasnoticias.com.br\/home\/wp-content\/uploads\/2024\/07\/cropped-logo.jpg","contentUrl":"https:\/\/jornalboasnoticias.com.br\/home\/wp-content\/uploads\/2024\/07\/cropped-logo.jpg","width":290,"height":142,"caption":"Coq Editora Ltda"},"image":{"@id":"https:\/\/jornalboasnoticias.com.br\/home\/#\/schema\/logo\/image\/"},"sameAs":["https:\/\/www.facebook.com\/boasnoticiasjornal"]},{"@type":"Person","@id":"https:\/\/jornalboasnoticias.com.br\/home\/#\/schema\/person\/d641193e0afc6405b390164dac847971","name":"Ana Luiza Bonatto","image":{"@type":"ImageObject","inLanguage":"pt-BR","@id":"https:\/\/secure.gravatar.com\/avatar\/8a055ebe6373371f67ac6fcf313c0ac0b0a91157fdcdb9514fa62927373348f0?s=96&d=mm&r=g","url":"https:\/\/secure.gravatar.com\/avatar\/8a055ebe6373371f67ac6fcf313c0ac0b0a91157fdcdb9514fa62927373348f0?s=96&d=mm&r=g","contentUrl":"https:\/\/secure.gravatar.com\/avatar\/8a055ebe6373371f67ac6fcf313c0ac0b0a91157fdcdb9514fa62927373348f0?s=96&d=mm&r=g","caption":"Ana Luiza Bonatto"},"url":"https:\/\/jornalboasnoticias.com.br\/home\/author\/ana-luiza\/"}]}},"_links":{"self":[{"href":"https:\/\/jornalboasnoticias.com.br\/home\/wp-json\/wp\/v2\/posts\/47133","targetHints":{"allow":["GET"]}}],"collection":[{"href":"https:\/\/jornalboasnoticias.com.br\/home\/wp-json\/wp\/v2\/posts"}],"about":[{"href":"https:\/\/jornalboasnoticias.com.br\/home\/wp-json\/wp\/v2\/types\/post"}],"author":[{"embeddable":true,"href":"https:\/\/jornalboasnoticias.com.br\/home\/wp-json\/wp\/v2\/users\/4"}],"replies":[{"embeddable":true,"href":"https:\/\/jornalboasnoticias.com.br\/home\/wp-json\/wp\/v2\/comments?post=47133"}],"version-history":[{"count":2,"href":"https:\/\/jornalboasnoticias.com.br\/home\/wp-json\/wp\/v2\/posts\/47133\/revisions"}],"predecessor-version":[{"id":47136,"href":"https:\/\/jornalboasnoticias.com.br\/home\/wp-json\/wp\/v2\/posts\/47133\/revisions\/47136"}],"wp:featuredmedia":[{"embeddable":true,"href":"https:\/\/jornalboasnoticias.com.br\/home\/wp-json\/wp\/v2\/media\/47134"}],"wp:attachment":[{"href":"https:\/\/jornalboasnoticias.com.br\/home\/wp-json\/wp\/v2\/media?parent=47133"}],"wp:term":[{"taxonomy":"category","embeddable":true,"href":"https:\/\/jornalboasnoticias.com.br\/home\/wp-json\/wp\/v2\/categories?post=47133"},{"taxonomy":"post_tag","embeddable":true,"href":"https:\/\/jornalboasnoticias.com.br\/home\/wp-json\/wp\/v2\/tags?post=47133"}],"curies":[{"name":"wp","href":"https:\/\/api.w.org\/{rel}","templated":true}]}}