{"id":47130,"date":"2026-01-18T21:07:51","date_gmt":"2026-01-18T21:07:51","guid":{"rendered":"https:\/\/jornalboasnoticias.com.br\/home\/?p=47130"},"modified":"2026-01-18T21:07:51","modified_gmt":"2026-01-18T21:07:51","slug":"saiba-quem-e-a-influencer-argentina-acusada-de-injuria-racial-no-rio-de-janeiro","status":"publish","type":"post","link":"https:\/\/jornalboasnoticias.com.br\/home\/saiba-quem-e-a-influencer-argentina-acusada-de-injuria-racial-no-rio-de-janeiro\/","title":{"rendered":"Saiba quem \u00e9 a influencer argentina acusada de inj\u00faria racial no Rio de Janeiro"},"content":{"rendered":"<figure id=\"attachment_47131\" aria-describedby=\"caption-attachment-47131\" style=\"width: 900px\" class=\"wp-caption alignnone\"><img loading=\"lazy\" decoding=\"async\" class=\"size-full wp-image-47131\" src=\"https:\/\/jornalboasnoticias.com.br\/home\/wp-content\/uploads\/2026\/01\/e842576e-racismo-argentina-.webp\" alt=\"\" width=\"900\" height=\"600\" srcset=\"https:\/\/jornalboasnoticias.com.br\/home\/wp-content\/uploads\/2026\/01\/e842576e-racismo-argentina-.webp 900w, https:\/\/jornalboasnoticias.com.br\/home\/wp-content\/uploads\/2026\/01\/e842576e-racismo-argentina--300x200.webp 300w, https:\/\/jornalboasnoticias.com.br\/home\/wp-content\/uploads\/2026\/01\/e842576e-racismo-argentina--768x512.webp 768w\" sizes=\"auto, (max-width: 900px) 100vw, 900px\" \/><figcaption id=\"caption-attachment-47131\" class=\"wp-caption-text\">Reprodu\u00e7a\u00f5\/Redes sociais<\/figcaption><\/figure>\n<blockquote>\n<p data-start=\"85\" data-end=\"273\"><strong data-start=\"85\" data-end=\"273\">Advogada de 29 anos, Agostina P\u00e1ez ganhou proje\u00e7\u00e3o nas redes sociais e \u00e9 investigada ap\u00f3s confus\u00e3o em bar de Ipanema. Justi\u00e7a determinou medidas cautelares, e o caso segue em apura\u00e7\u00e3o.<\/strong><\/p>\n<\/blockquote>\n<p data-start=\"275\" data-end=\"644\">A advogada <strong data-start=\"286\" data-end=\"303\">Agostina P\u00e1ez<\/strong>, de 29 anos, \u00e9 a turista argentina acusada de <strong data-start=\"350\" data-end=\"368\">inj\u00faria racial<\/strong> contra o gerente de um bar em <strong data-start=\"399\" data-end=\"410\">Ipanema<\/strong>, na Zona Sul do Rio de Janeiro, na \u00faltima quarta-feira (14\/1). Al\u00e9m de atuar na \u00e1rea jur\u00eddica, ela mant\u00e9m presen\u00e7a como influencer nas redes sociais e, segundo informa\u00e7\u00f5es divulgadas sobre o caso, soma cerca de <strong data-start=\"622\" data-end=\"643\">80 mil seguidores<\/strong>.<\/p>\n<p data-start=\"646\" data-end=\"1002\">Imagens que circulam sobre o epis\u00f3dio mostram Agostina fazendo gestos enquanto \u00e9 repreendida por pessoas que a acompanhavam. No s\u00e1bado (17\/1), a Justi\u00e7a determinou medidas cautelares, incluindo <strong data-start=\"840\" data-end=\"868\">monitoramento eletr\u00f4nico<\/strong>. A ordem de apreens\u00e3o de passaporte tamb\u00e9m foi determinada, mas a turista teria viajado ao Brasil apenas com documento de identidade.<\/p>\n<p data-start=\"1004\" data-end=\"1201\">Nas redes, os perfis atribu\u00eddos a Agostina ficaram fora do ar. O TikTok foi desativado e a conta do Instagram aparece como suspensa. Ela \u00e9 natural de <strong data-start=\"1154\" data-end=\"1177\">Santiago del Estero<\/strong>, no norte da Argentina.<\/p>\n<h3 data-start=\"1203\" data-end=\"1229\">O que aconteceu no bar<\/h3>\n<p data-start=\"1230\" data-end=\"1499\">De acordo com o relato apresentado pelas autoridades, a confus\u00e3o come\u00e7ou por um suposto problema no pagamento da conta. O gerente teria solicitado que a cliente aguardasse enquanto o estabelecimento verificava imagens de c\u00e2meras de seguran\u00e7a para esclarecer a situa\u00e7\u00e3o.<\/p>\n<p data-start=\"1501\" data-end=\"1709\">Ainda segundo o registro policial, foi nesse momento que a turista teria iniciado ofensas discriminat\u00f3rias. O gerente afirmou que passou a gravar as atitudes e procurou a delegacia para formalizar a den\u00fancia.<\/p>\n<h3 data-start=\"1711\" data-end=\"1736\">Gestos e investiga\u00e7\u00e3o<\/h3>\n<p data-start=\"1737\" data-end=\"2015\">As imagens divulgadas mostram a mulher imitando gestos de macaco e reproduzindo sons do animal. Ap\u00f3s tomarem conhecimento do caso, agentes iniciaram dilig\u00eancias para localizar a turista. A investiga\u00e7\u00e3o segue em andamento para apurar os fatos e reunir elementos sobre o ocorrido.<\/p>\n<h3 data-start=\"2017\" data-end=\"2055\">Informa\u00e7\u00f5es pessoais e repercuss\u00e3o<\/h3>\n<p data-start=\"2056\" data-end=\"2368\">Reportagens citadas sobre o caso indicam que Agostina \u00e9 filha de um empres\u00e1rio do setor de transportes na Argentina e que h\u00e1 desdobramentos envolvendo disputas e acusa\u00e7\u00f5es no \u00e2mbito familiar, mencionadas por ve\u00edculos locais. Esse contexto tamb\u00e9m passou a circular nas redes ap\u00f3s a repercuss\u00e3o do epis\u00f3dio no Rio.<\/p>\n","protected":false},"excerpt":{"rendered":"<p>Advogada de 29 anos, Agostina P\u00e1ez ganhou proje\u00e7\u00e3o nas redes sociais e \u00e9 investigada ap\u00f3s<\/p>\n","protected":false},"author":4,"featured_media":47131,"comment_status":"open","ping_status":"open","sticky":false,"template":"","format":"standard","meta":{"footnotes":""},"categories":[6,3],"tags":[],"class_list":["post-47130","post","type-post","status-publish","format-standard","has-post-thumbnail","hentry","category-brasil","category-destaques"],"yoast_head":"<!-- This site is optimized with the Yoast SEO plugin v27.5 - https:\/\/yoast.com\/product\/yoast-seo-wordpress\/ -->\n<title>Saiba quem \u00e9 a influencer argentina acusada de inj\u00faria racial no Rio de Janeiro - Jornal<\/title>\n<meta name=\"description\" content=\"Saiba quem \u00e9 a influencer argentina acusada de inj\u00faria racial no Rio de Janeiro\" \/>\n<meta name=\"robots\" content=\"index, follow, max-snippet:-1, max-image-preview:large, max-video-preview:-1\" \/>\n<link rel=\"canonical\" href=\"https:\/\/jornalboasnoticias.com.br\/home\/saiba-quem-e-a-influencer-argentina-acusada-de-injuria-racial-no-rio-de-janeiro\/\" \/>\n<meta property=\"og:locale\" content=\"pt_BR\" \/>\n<meta property=\"og:type\" content=\"article\" \/>\n<meta property=\"og:title\" content=\"Saiba quem \u00e9 a influencer argentina acusada de inj\u00faria racial no Rio de Janeiro - Jornal\" \/>\n<meta property=\"og:description\" content=\"Saiba quem \u00e9 a influencer argentina acusada de inj\u00faria racial no Rio de Janeiro\" \/>\n<meta property=\"og:url\" content=\"https:\/\/jornalboasnoticias.com.br\/home\/saiba-quem-e-a-influencer-argentina-acusada-de-injuria-racial-no-rio-de-janeiro\/\" \/>\n<meta property=\"og:site_name\" content=\"Jornal\" \/>\n<meta property=\"article:publisher\" content=\"https:\/\/www.facebook.com\/boasnoticiasjornal\" \/>\n<meta property=\"article:published_time\" content=\"2026-01-18T21:07:51+00:00\" \/>\n<meta property=\"og:image\" content=\"https:\/\/jornalboasnoticias.com.br\/home\/wp-content\/uploads\/2026\/01\/e842576e-racismo-argentina-.webp\" \/>\n\t<meta property=\"og:image:width\" content=\"900\" \/>\n\t<meta property=\"og:image:height\" content=\"600\" \/>\n\t<meta property=\"og:image:type\" content=\"image\/webp\" \/>\n<meta name=\"author\" content=\"Ana Luiza Bonatto\" \/>\n<meta name=\"twitter:card\" content=\"summary_large_image\" \/>\n<meta name=\"twitter:label1\" content=\"Escrito por\" \/>\n\t<meta name=\"twitter:data1\" content=\"Ana Luiza Bonatto\" \/>\n\t<meta name=\"twitter:label2\" content=\"Est. tempo de leitura\" \/>\n\t<meta name=\"twitter:data2\" content=\"3 minutos\" \/>\n<script type=\"application\/ld+json\" class=\"yoast-schema-graph\">{\"@context\":\"https:\\\/\\\/schema.org\",\"@graph\":[{\"@type\":\"Article\",\"@id\":\"https:\\\/\\\/jornalboasnoticias.com.br\\\/home\\\/saiba-quem-e-a-influencer-argentina-acusada-de-injuria-racial-no-rio-de-janeiro\\\/#article\",\"isPartOf\":{\"@id\":\"https:\\\/\\\/jornalboasnoticias.com.br\\\/home\\\/saiba-quem-e-a-influencer-argentina-acusada-de-injuria-racial-no-rio-de-janeiro\\\/\"},\"author\":{\"name\":\"Ana Luiza Bonatto\",\"@id\":\"https:\\\/\\\/jornalboasnoticias.com.br\\\/home\\\/#\\\/schema\\\/person\\\/d641193e0afc6405b390164dac847971\"},\"headline\":\"Saiba quem \u00e9 a influencer argentina acusada de inj\u00faria racial no Rio de Janeiro\",\"datePublished\":\"2026-01-18T21:07:51+00:00\",\"mainEntityOfPage\":{\"@id\":\"https:\\\/\\\/jornalboasnoticias.com.br\\\/home\\\/saiba-quem-e-a-influencer-argentina-acusada-de-injuria-racial-no-rio-de-janeiro\\\/\"},\"wordCount\":405,\"commentCount\":0,\"publisher\":{\"@id\":\"https:\\\/\\\/jornalboasnoticias.com.br\\\/home\\\/#organization\"},\"image\":{\"@id\":\"https:\\\/\\\/jornalboasnoticias.com.br\\\/home\\\/saiba-quem-e-a-influencer-argentina-acusada-de-injuria-racial-no-rio-de-janeiro\\\/#primaryimage\"},\"thumbnailUrl\":\"https:\\\/\\\/jornalboasnoticias.com.br\\\/home\\\/wp-content\\\/uploads\\\/2026\\\/01\\\/e842576e-racismo-argentina-.webp\",\"articleSection\":[\"BRASIL\",\"DESTAQUE\"],\"inLanguage\":\"pt-BR\",\"potentialAction\":[{\"@type\":\"CommentAction\",\"name\":\"Comment\",\"target\":[\"https:\\\/\\\/jornalboasnoticias.com.br\\\/home\\\/saiba-quem-e-a-influencer-argentina-acusada-de-injuria-racial-no-rio-de-janeiro\\\/#respond\"]}]},{\"@type\":\"WebPage\",\"@id\":\"https:\\\/\\\/jornalboasnoticias.com.br\\\/home\\\/saiba-quem-e-a-influencer-argentina-acusada-de-injuria-racial-no-rio-de-janeiro\\\/\",\"url\":\"https:\\\/\\\/jornalboasnoticias.com.br\\\/home\\\/saiba-quem-e-a-influencer-argentina-acusada-de-injuria-racial-no-rio-de-janeiro\\\/\",\"name\":\"Saiba quem \u00e9 a influencer argentina acusada de inj\u00faria racial no Rio de Janeiro - Jornal\",\"isPartOf\":{\"@id\":\"https:\\\/\\\/jornalboasnoticias.com.br\\\/home\\\/#website\"},\"primaryImageOfPage\":{\"@id\":\"https:\\\/\\\/jornalboasnoticias.com.br\\\/home\\\/saiba-quem-e-a-influencer-argentina-acusada-de-injuria-racial-no-rio-de-janeiro\\\/#primaryimage\"},\"image\":{\"@id\":\"https:\\\/\\\/jornalboasnoticias.com.br\\\/home\\\/saiba-quem-e-a-influencer-argentina-acusada-de-injuria-racial-no-rio-de-janeiro\\\/#primaryimage\"},\"thumbnailUrl\":\"https:\\\/\\\/jornalboasnoticias.com.br\\\/home\\\/wp-content\\\/uploads\\\/2026\\\/01\\\/e842576e-racismo-argentina-.webp\",\"datePublished\":\"2026-01-18T21:07:51+00:00\",\"description\":\"Saiba quem \u00e9 a influencer argentina acusada de inj\u00faria racial no Rio de Janeiro\",\"breadcrumb\":{\"@id\":\"https:\\\/\\\/jornalboasnoticias.com.br\\\/home\\\/saiba-quem-e-a-influencer-argentina-acusada-de-injuria-racial-no-rio-de-janeiro\\\/#breadcrumb\"},\"inLanguage\":\"pt-BR\",\"potentialAction\":[{\"@type\":\"ReadAction\",\"target\":[\"https:\\\/\\\/jornalboasnoticias.com.br\\\/home\\\/saiba-quem-e-a-influencer-argentina-acusada-de-injuria-racial-no-rio-de-janeiro\\\/\"]}]},{\"@type\":\"ImageObject\",\"inLanguage\":\"pt-BR\",\"@id\":\"https:\\\/\\\/jornalboasnoticias.com.br\\\/home\\\/saiba-quem-e-a-influencer-argentina-acusada-de-injuria-racial-no-rio-de-janeiro\\\/#primaryimage\",\"url\":\"https:\\\/\\\/jornalboasnoticias.com.br\\\/home\\\/wp-content\\\/uploads\\\/2026\\\/01\\\/e842576e-racismo-argentina-.webp\",\"contentUrl\":\"https:\\\/\\\/jornalboasnoticias.com.br\\\/home\\\/wp-content\\\/uploads\\\/2026\\\/01\\\/e842576e-racismo-argentina-.webp\",\"width\":900,\"height\":600,\"caption\":\"Reprodu\u00e7a\u00f5\\\/Redes sociais\"},{\"@type\":\"BreadcrumbList\",\"@id\":\"https:\\\/\\\/jornalboasnoticias.com.br\\\/home\\\/saiba-quem-e-a-influencer-argentina-acusada-de-injuria-racial-no-rio-de-janeiro\\\/#breadcrumb\",\"itemListElement\":[{\"@type\":\"ListItem\",\"position\":1,\"name\":\"In\u00edcio\",\"item\":\"https:\\\/\\\/jornalboasnoticias.com.br\\\/home\\\/\"},{\"@type\":\"ListItem\",\"position\":2,\"name\":\"Saiba quem \u00e9 a influencer argentina acusada de inj\u00faria racial no Rio de Janeiro\"}]},{\"@type\":\"WebSite\",\"@id\":\"https:\\\/\\\/jornalboasnoticias.com.br\\\/home\\\/#website\",\"url\":\"https:\\\/\\\/jornalboasnoticias.com.br\\\/home\\\/\",\"name\":\"Jornal Boas Not\u00edcias\",\"description\":\"Boas not\u00edcias\",\"publisher\":{\"@id\":\"https:\\\/\\\/jornalboasnoticias.com.br\\\/home\\\/#organization\"},\"potentialAction\":[{\"@type\":\"SearchAction\",\"target\":{\"@type\":\"EntryPoint\",\"urlTemplate\":\"https:\\\/\\\/jornalboasnoticias.com.br\\\/home\\\/?s={search_term_string}\"},\"query-input\":{\"@type\":\"PropertyValueSpecification\",\"valueRequired\":true,\"valueName\":\"search_term_string\"}}],\"inLanguage\":\"pt-BR\"},{\"@type\":\"Organization\",\"@id\":\"https:\\\/\\\/jornalboasnoticias.com.br\\\/home\\\/#organization\",\"name\":\"Coq Editora Ltda\",\"alternateName\":\"Jornal Boas Noticias\",\"url\":\"https:\\\/\\\/jornalboasnoticias.com.br\\\/home\\\/\",\"logo\":{\"@type\":\"ImageObject\",\"inLanguage\":\"pt-BR\",\"@id\":\"https:\\\/\\\/jornalboasnoticias.com.br\\\/home\\\/#\\\/schema\\\/logo\\\/image\\\/\",\"url\":\"https:\\\/\\\/jornalboasnoticias.com.br\\\/home\\\/wp-content\\\/uploads\\\/2024\\\/07\\\/cropped-logo.jpg\",\"contentUrl\":\"https:\\\/\\\/jornalboasnoticias.com.br\\\/home\\\/wp-content\\\/uploads\\\/2024\\\/07\\\/cropped-logo.jpg\",\"width\":290,\"height\":142,\"caption\":\"Coq Editora Ltda\"},\"image\":{\"@id\":\"https:\\\/\\\/jornalboasnoticias.com.br\\\/home\\\/#\\\/schema\\\/logo\\\/image\\\/\"},\"sameAs\":[\"https:\\\/\\\/www.facebook.com\\\/boasnoticiasjornal\"]},{\"@type\":\"Person\",\"@id\":\"https:\\\/\\\/jornalboasnoticias.com.br\\\/home\\\/#\\\/schema\\\/person\\\/d641193e0afc6405b390164dac847971\",\"name\":\"Ana Luiza Bonatto\",\"image\":{\"@type\":\"ImageObject\",\"inLanguage\":\"pt-BR\",\"@id\":\"https:\\\/\\\/secure.gravatar.com\\\/avatar\\\/8a055ebe6373371f67ac6fcf313c0ac0b0a91157fdcdb9514fa62927373348f0?s=96&d=mm&r=g\",\"url\":\"https:\\\/\\\/secure.gravatar.com\\\/avatar\\\/8a055ebe6373371f67ac6fcf313c0ac0b0a91157fdcdb9514fa62927373348f0?s=96&d=mm&r=g\",\"contentUrl\":\"https:\\\/\\\/secure.gravatar.com\\\/avatar\\\/8a055ebe6373371f67ac6fcf313c0ac0b0a91157fdcdb9514fa62927373348f0?s=96&d=mm&r=g\",\"caption\":\"Ana Luiza Bonatto\"},\"url\":\"https:\\\/\\\/jornalboasnoticias.com.br\\\/home\\\/author\\\/ana-luiza\\\/\"}]}<\/script>\n<!-- \/ Yoast SEO plugin. -->","yoast_head_json":{"title":"Saiba quem \u00e9 a influencer argentina acusada de inj\u00faria racial no Rio de Janeiro - Jornal","description":"Saiba quem \u00e9 a influencer argentina acusada de inj\u00faria racial no Rio de Janeiro","robots":{"index":"index","follow":"follow","max-snippet":"max-snippet:-1","max-image-preview":"max-image-preview:large","max-video-preview":"max-video-preview:-1"},"canonical":"https:\/\/jornalboasnoticias.com.br\/home\/saiba-quem-e-a-influencer-argentina-acusada-de-injuria-racial-no-rio-de-janeiro\/","og_locale":"pt_BR","og_type":"article","og_title":"Saiba quem \u00e9 a influencer argentina acusada de inj\u00faria racial no Rio de Janeiro - Jornal","og_description":"Saiba quem \u00e9 a influencer argentina acusada de inj\u00faria racial no Rio de Janeiro","og_url":"https:\/\/jornalboasnoticias.com.br\/home\/saiba-quem-e-a-influencer-argentina-acusada-de-injuria-racial-no-rio-de-janeiro\/","og_site_name":"Jornal","article_publisher":"https:\/\/www.facebook.com\/boasnoticiasjornal","article_published_time":"2026-01-18T21:07:51+00:00","og_image":[{"width":900,"height":600,"url":"https:\/\/jornalboasnoticias.com.br\/home\/wp-content\/uploads\/2026\/01\/e842576e-racismo-argentina-.webp","type":"image\/webp"}],"author":"Ana Luiza Bonatto","twitter_card":"summary_large_image","twitter_misc":{"Escrito por":"Ana Luiza Bonatto","Est. tempo de leitura":"3 minutos"},"schema":{"@context":"https:\/\/schema.org","@graph":[{"@type":"Article","@id":"https:\/\/jornalboasnoticias.com.br\/home\/saiba-quem-e-a-influencer-argentina-acusada-de-injuria-racial-no-rio-de-janeiro\/#article","isPartOf":{"@id":"https:\/\/jornalboasnoticias.com.br\/home\/saiba-quem-e-a-influencer-argentina-acusada-de-injuria-racial-no-rio-de-janeiro\/"},"author":{"name":"Ana Luiza Bonatto","@id":"https:\/\/jornalboasnoticias.com.br\/home\/#\/schema\/person\/d641193e0afc6405b390164dac847971"},"headline":"Saiba quem \u00e9 a influencer argentina acusada de inj\u00faria racial no Rio de Janeiro","datePublished":"2026-01-18T21:07:51+00:00","mainEntityOfPage":{"@id":"https:\/\/jornalboasnoticias.com.br\/home\/saiba-quem-e-a-influencer-argentina-acusada-de-injuria-racial-no-rio-de-janeiro\/"},"wordCount":405,"commentCount":0,"publisher":{"@id":"https:\/\/jornalboasnoticias.com.br\/home\/#organization"},"image":{"@id":"https:\/\/jornalboasnoticias.com.br\/home\/saiba-quem-e-a-influencer-argentina-acusada-de-injuria-racial-no-rio-de-janeiro\/#primaryimage"},"thumbnailUrl":"https:\/\/jornalboasnoticias.com.br\/home\/wp-content\/uploads\/2026\/01\/e842576e-racismo-argentina-.webp","articleSection":["BRASIL","DESTAQUE"],"inLanguage":"pt-BR","potentialAction":[{"@type":"CommentAction","name":"Comment","target":["https:\/\/jornalboasnoticias.com.br\/home\/saiba-quem-e-a-influencer-argentina-acusada-de-injuria-racial-no-rio-de-janeiro\/#respond"]}]},{"@type":"WebPage","@id":"https:\/\/jornalboasnoticias.com.br\/home\/saiba-quem-e-a-influencer-argentina-acusada-de-injuria-racial-no-rio-de-janeiro\/","url":"https:\/\/jornalboasnoticias.com.br\/home\/saiba-quem-e-a-influencer-argentina-acusada-de-injuria-racial-no-rio-de-janeiro\/","name":"Saiba quem \u00e9 a influencer argentina acusada de inj\u00faria racial no Rio de Janeiro - Jornal","isPartOf":{"@id":"https:\/\/jornalboasnoticias.com.br\/home\/#website"},"primaryImageOfPage":{"@id":"https:\/\/jornalboasnoticias.com.br\/home\/saiba-quem-e-a-influencer-argentina-acusada-de-injuria-racial-no-rio-de-janeiro\/#primaryimage"},"image":{"@id":"https:\/\/jornalboasnoticias.com.br\/home\/saiba-quem-e-a-influencer-argentina-acusada-de-injuria-racial-no-rio-de-janeiro\/#primaryimage"},"thumbnailUrl":"https:\/\/jornalboasnoticias.com.br\/home\/wp-content\/uploads\/2026\/01\/e842576e-racismo-argentina-.webp","datePublished":"2026-01-18T21:07:51+00:00","description":"Saiba quem \u00e9 a influencer argentina acusada de inj\u00faria racial no Rio de Janeiro","breadcrumb":{"@id":"https:\/\/jornalboasnoticias.com.br\/home\/saiba-quem-e-a-influencer-argentina-acusada-de-injuria-racial-no-rio-de-janeiro\/#breadcrumb"},"inLanguage":"pt-BR","potentialAction":[{"@type":"ReadAction","target":["https:\/\/jornalboasnoticias.com.br\/home\/saiba-quem-e-a-influencer-argentina-acusada-de-injuria-racial-no-rio-de-janeiro\/"]}]},{"@type":"ImageObject","inLanguage":"pt-BR","@id":"https:\/\/jornalboasnoticias.com.br\/home\/saiba-quem-e-a-influencer-argentina-acusada-de-injuria-racial-no-rio-de-janeiro\/#primaryimage","url":"https:\/\/jornalboasnoticias.com.br\/home\/wp-content\/uploads\/2026\/01\/e842576e-racismo-argentina-.webp","contentUrl":"https:\/\/jornalboasnoticias.com.br\/home\/wp-content\/uploads\/2026\/01\/e842576e-racismo-argentina-.webp","width":900,"height":600,"caption":"Reprodu\u00e7a\u00f5\/Redes sociais"},{"@type":"BreadcrumbList","@id":"https:\/\/jornalboasnoticias.com.br\/home\/saiba-quem-e-a-influencer-argentina-acusada-de-injuria-racial-no-rio-de-janeiro\/#breadcrumb","itemListElement":[{"@type":"ListItem","position":1,"name":"In\u00edcio","item":"https:\/\/jornalboasnoticias.com.br\/home\/"},{"@type":"ListItem","position":2,"name":"Saiba quem \u00e9 a influencer argentina acusada de inj\u00faria racial no Rio de Janeiro"}]},{"@type":"WebSite","@id":"https:\/\/jornalboasnoticias.com.br\/home\/#website","url":"https:\/\/jornalboasnoticias.com.br\/home\/","name":"Jornal Boas Not\u00edcias","description":"Boas not\u00edcias","publisher":{"@id":"https:\/\/jornalboasnoticias.com.br\/home\/#organization"},"potentialAction":[{"@type":"SearchAction","target":{"@type":"EntryPoint","urlTemplate":"https:\/\/jornalboasnoticias.com.br\/home\/?s={search_term_string}"},"query-input":{"@type":"PropertyValueSpecification","valueRequired":true,"valueName":"search_term_string"}}],"inLanguage":"pt-BR"},{"@type":"Organization","@id":"https:\/\/jornalboasnoticias.com.br\/home\/#organization","name":"Coq Editora Ltda","alternateName":"Jornal Boas Noticias","url":"https:\/\/jornalboasnoticias.com.br\/home\/","logo":{"@type":"ImageObject","inLanguage":"pt-BR","@id":"https:\/\/jornalboasnoticias.com.br\/home\/#\/schema\/logo\/image\/","url":"https:\/\/jornalboasnoticias.com.br\/home\/wp-content\/uploads\/2024\/07\/cropped-logo.jpg","contentUrl":"https:\/\/jornalboasnoticias.com.br\/home\/wp-content\/uploads\/2024\/07\/cropped-logo.jpg","width":290,"height":142,"caption":"Coq Editora Ltda"},"image":{"@id":"https:\/\/jornalboasnoticias.com.br\/home\/#\/schema\/logo\/image\/"},"sameAs":["https:\/\/www.facebook.com\/boasnoticiasjornal"]},{"@type":"Person","@id":"https:\/\/jornalboasnoticias.com.br\/home\/#\/schema\/person\/d641193e0afc6405b390164dac847971","name":"Ana Luiza Bonatto","image":{"@type":"ImageObject","inLanguage":"pt-BR","@id":"https:\/\/secure.gravatar.com\/avatar\/8a055ebe6373371f67ac6fcf313c0ac0b0a91157fdcdb9514fa62927373348f0?s=96&d=mm&r=g","url":"https:\/\/secure.gravatar.com\/avatar\/8a055ebe6373371f67ac6fcf313c0ac0b0a91157fdcdb9514fa62927373348f0?s=96&d=mm&r=g","contentUrl":"https:\/\/secure.gravatar.com\/avatar\/8a055ebe6373371f67ac6fcf313c0ac0b0a91157fdcdb9514fa62927373348f0?s=96&d=mm&r=g","caption":"Ana Luiza Bonatto"},"url":"https:\/\/jornalboasnoticias.com.br\/home\/author\/ana-luiza\/"}]}},"_links":{"self":[{"href":"https:\/\/jornalboasnoticias.com.br\/home\/wp-json\/wp\/v2\/posts\/47130","targetHints":{"allow":["GET"]}}],"collection":[{"href":"https:\/\/jornalboasnoticias.com.br\/home\/wp-json\/wp\/v2\/posts"}],"about":[{"href":"https:\/\/jornalboasnoticias.com.br\/home\/wp-json\/wp\/v2\/types\/post"}],"author":[{"embeddable":true,"href":"https:\/\/jornalboasnoticias.com.br\/home\/wp-json\/wp\/v2\/users\/4"}],"replies":[{"embeddable":true,"href":"https:\/\/jornalboasnoticias.com.br\/home\/wp-json\/wp\/v2\/comments?post=47130"}],"version-history":[{"count":1,"href":"https:\/\/jornalboasnoticias.com.br\/home\/wp-json\/wp\/v2\/posts\/47130\/revisions"}],"predecessor-version":[{"id":47132,"href":"https:\/\/jornalboasnoticias.com.br\/home\/wp-json\/wp\/v2\/posts\/47130\/revisions\/47132"}],"wp:featuredmedia":[{"embeddable":true,"href":"https:\/\/jornalboasnoticias.com.br\/home\/wp-json\/wp\/v2\/media\/47131"}],"wp:attachment":[{"href":"https:\/\/jornalboasnoticias.com.br\/home\/wp-json\/wp\/v2\/media?parent=47130"}],"wp:term":[{"taxonomy":"category","embeddable":true,"href":"https:\/\/jornalboasnoticias.com.br\/home\/wp-json\/wp\/v2\/categories?post=47130"},{"taxonomy":"post_tag","embeddable":true,"href":"https:\/\/jornalboasnoticias.com.br\/home\/wp-json\/wp\/v2\/tags?post=47130"}],"curies":[{"name":"wp","href":"https:\/\/api.w.org\/{rel}","templated":true}]}}