{"id":47116,"date":"2026-01-18T20:50:37","date_gmt":"2026-01-18T20:50:37","guid":{"rendered":"https:\/\/jornalboasnoticias.com.br\/home\/?p=47116"},"modified":"2026-01-18T20:50:37","modified_gmt":"2026-01-18T20:50:37","slug":"nao-pode-ser-repassado-diz-fundacao-nobel-apos-machado-afirmar-que-doou-medalha-a-trump","status":"publish","type":"post","link":"https:\/\/jornalboasnoticias.com.br\/home\/nao-pode-ser-repassado-diz-fundacao-nobel-apos-machado-afirmar-que-doou-medalha-a-trump\/","title":{"rendered":"\u201cN\u00e3o pode ser repassado\u201d, diz Funda\u00e7\u00e3o Nobel ap\u00f3s Machado afirmar que doou medalha a Trump"},"content":{"rendered":"<figure id=\"attachment_47117\" aria-describedby=\"caption-attachment-47117\" style=\"width: 1200px\" class=\"wp-caption alignnone\"><img loading=\"lazy\" decoding=\"async\" class=\"size-full wp-image-47117\" src=\"https:\/\/jornalboasnoticias.com.br\/home\/wp-content\/uploads\/2026\/01\/bec03ccb-trump-e-corina.jpg\" alt=\"\" width=\"1200\" height=\"800\" srcset=\"https:\/\/jornalboasnoticias.com.br\/home\/wp-content\/uploads\/2026\/01\/bec03ccb-trump-e-corina.jpg 1200w, https:\/\/jornalboasnoticias.com.br\/home\/wp-content\/uploads\/2026\/01\/bec03ccb-trump-e-corina-300x200.jpg 300w, https:\/\/jornalboasnoticias.com.br\/home\/wp-content\/uploads\/2026\/01\/bec03ccb-trump-e-corina-1024x683.jpg 1024w, https:\/\/jornalboasnoticias.com.br\/home\/wp-content\/uploads\/2026\/01\/bec03ccb-trump-e-corina-768x512.jpg 768w, https:\/\/jornalboasnoticias.com.br\/home\/wp-content\/uploads\/2026\/01\/bec03ccb-trump-e-corina-900x600.jpg 900w\" sizes=\"auto, (max-width: 1200px) 100vw, 1200px\" \/><figcaption id=\"caption-attachment-47117\" class=\"wp-caption-text\">Divulga\u00e7\u00e3o\/Casa Branca<\/figcaption><\/figure>\n<blockquote>\n<p data-start=\"100\" data-end=\"253\"><strong data-start=\"100\" data-end=\"253\">Entidade refor\u00e7a que o Pr\u00eamio Nobel \u00e9 pessoal e n\u00e3o pode ser transferido, mesmo de forma simb\u00f3lica, ap\u00f3s declara\u00e7\u00e3o da l\u00edder da oposi\u00e7\u00e3o venezuelana.<\/strong><\/p>\n<\/blockquote>\n<p data-start=\"255\" data-end=\"557\">A Funda\u00e7\u00e3o Nobel divulgou uma nota neste domingo (18\/1) ap\u00f3s a l\u00edder da oposi\u00e7\u00e3o venezuelana Mar\u00eda Corina Machado afirmar que entregou sua medalha do Pr\u00eamio Nobel da Paz ao presidente dos Estados Unidos, Donald Trump. Segundo o relato, o encontro e a entrega ocorreram em 15 de janeiro, na Casa Branca.<\/p>\n<p data-start=\"559\" data-end=\"884\">No comunicado, a Funda\u00e7\u00e3o afirmou que segue as determina\u00e7\u00f5es do testamento de Alfred Nobel e refor\u00e7ou que os pr\u00eamios devem ser concedidos exclusivamente \u00e0queles que \u201ctiveram conferido o maior benef\u00edcio \u00e0 humanidade\u201d. A entidade tamb\u00e9m destacou que a honraria n\u00e3o pode ser transferida ou distribu\u00edda, nem mesmo simbolicamente.<\/p>\n<h3 data-start=\"886\" data-end=\"915\">Declara\u00e7\u00f5es e repercuss\u00e3o<\/h3>\n<p data-start=\"916\" data-end=\"1160\">Machado disse, em publica\u00e7\u00e3o nas redes sociais, que entregou a medalha a Trump durante a reuni\u00e3o entre os dois. Em resposta, o presidente norte-americano afirmou que foi uma \u201cgrande honra\u201d conhec\u00ea-la e receber a medalha, agradecendo pelo gesto.<\/p>\n<p data-start=\"1162\" data-end=\"1434\">A nota da Funda\u00e7\u00e3o Nobel foi interpretada como uma tentativa de esclarecer que o reconhecimento do pr\u00eamio permanece vinculado ao laureado e \u00e0s regras estabelecidas para a concess\u00e3o da honraria, independentemente de qualquer gesto pol\u00edtico envolvendo a medalha como objeto.<\/p>\n","protected":false},"excerpt":{"rendered":"<p>Entidade refor\u00e7a que o Pr\u00eamio Nobel \u00e9 pessoal e n\u00e3o pode ser transferido, mesmo de<\/p>\n","protected":false},"author":4,"featured_media":47117,"comment_status":"open","ping_status":"open","sticky":false,"template":"","format":"standard","meta":{"footnotes":""},"categories":[3,9],"tags":[],"class_list":["post-47116","post","type-post","status-publish","format-standard","has-post-thumbnail","hentry","category-destaques","category-internacional"],"yoast_head":"<!-- This site is optimized with the Yoast SEO plugin v27.5 - https:\/\/yoast.com\/product\/yoast-seo-wordpress\/ -->\n<title>\u201cN\u00e3o pode ser repassado\u201d, diz Funda\u00e7\u00e3o Nobel ap\u00f3s Machado afirmar que doou medalha a Trump - Jornal<\/title>\n<meta name=\"description\" content=\"\u201cN\u00e3o pode ser repassado\u201d, diz Funda\u00e7\u00e3o Nobel ap\u00f3s Machado afirmar que doou medalha a Trump\" \/>\n<meta name=\"robots\" content=\"index, follow, max-snippet:-1, max-image-preview:large, max-video-preview:-1\" \/>\n<link rel=\"canonical\" href=\"https:\/\/jornalboasnoticias.com.br\/home\/nao-pode-ser-repassado-diz-fundacao-nobel-apos-machado-afirmar-que-doou-medalha-a-trump\/\" \/>\n<meta property=\"og:locale\" content=\"pt_BR\" \/>\n<meta property=\"og:type\" content=\"article\" \/>\n<meta property=\"og:title\" content=\"\u201cN\u00e3o pode ser repassado\u201d, diz Funda\u00e7\u00e3o Nobel ap\u00f3s Machado afirmar que doou medalha a Trump - Jornal\" \/>\n<meta property=\"og:description\" content=\"\u201cN\u00e3o pode ser repassado\u201d, diz Funda\u00e7\u00e3o Nobel ap\u00f3s Machado afirmar que doou medalha a Trump\" \/>\n<meta property=\"og:url\" content=\"https:\/\/jornalboasnoticias.com.br\/home\/nao-pode-ser-repassado-diz-fundacao-nobel-apos-machado-afirmar-que-doou-medalha-a-trump\/\" \/>\n<meta property=\"og:site_name\" content=\"Jornal\" \/>\n<meta property=\"article:publisher\" content=\"https:\/\/www.facebook.com\/boasnoticiasjornal\" \/>\n<meta property=\"article:published_time\" content=\"2026-01-18T20:50:37+00:00\" \/>\n<meta property=\"og:image\" content=\"https:\/\/jornalboasnoticias.com.br\/home\/wp-content\/uploads\/2026\/01\/bec03ccb-trump-e-corina.jpg\" \/>\n\t<meta property=\"og:image:width\" content=\"1200\" \/>\n\t<meta property=\"og:image:height\" content=\"800\" \/>\n\t<meta property=\"og:image:type\" content=\"image\/jpeg\" \/>\n<meta name=\"author\" content=\"Ana Luiza Bonatto\" \/>\n<meta name=\"twitter:card\" content=\"summary_large_image\" \/>\n<meta name=\"twitter:label1\" content=\"Escrito por\" \/>\n\t<meta name=\"twitter:data1\" content=\"Ana Luiza Bonatto\" \/>\n\t<meta name=\"twitter:label2\" content=\"Est. tempo de leitura\" \/>\n\t<meta name=\"twitter:data2\" content=\"2 minutos\" \/>\n<script type=\"application\/ld+json\" class=\"yoast-schema-graph\">{\"@context\":\"https:\\\/\\\/schema.org\",\"@graph\":[{\"@type\":\"Article\",\"@id\":\"https:\\\/\\\/jornalboasnoticias.com.br\\\/home\\\/nao-pode-ser-repassado-diz-fundacao-nobel-apos-machado-afirmar-que-doou-medalha-a-trump\\\/#article\",\"isPartOf\":{\"@id\":\"https:\\\/\\\/jornalboasnoticias.com.br\\\/home\\\/nao-pode-ser-repassado-diz-fundacao-nobel-apos-machado-afirmar-que-doou-medalha-a-trump\\\/\"},\"author\":{\"name\":\"Ana Luiza Bonatto\",\"@id\":\"https:\\\/\\\/jornalboasnoticias.com.br\\\/home\\\/#\\\/schema\\\/person\\\/d641193e0afc6405b390164dac847971\"},\"headline\":\"\u201cN\u00e3o pode ser repassado\u201d, diz Funda\u00e7\u00e3o Nobel ap\u00f3s Machado afirmar que doou medalha a Trump\",\"datePublished\":\"2026-01-18T20:50:37+00:00\",\"mainEntityOfPage\":{\"@id\":\"https:\\\/\\\/jornalboasnoticias.com.br\\\/home\\\/nao-pode-ser-repassado-diz-fundacao-nobel-apos-machado-afirmar-que-doou-medalha-a-trump\\\/\"},\"wordCount\":260,\"commentCount\":0,\"publisher\":{\"@id\":\"https:\\\/\\\/jornalboasnoticias.com.br\\\/home\\\/#organization\"},\"image\":{\"@id\":\"https:\\\/\\\/jornalboasnoticias.com.br\\\/home\\\/nao-pode-ser-repassado-diz-fundacao-nobel-apos-machado-afirmar-que-doou-medalha-a-trump\\\/#primaryimage\"},\"thumbnailUrl\":\"https:\\\/\\\/jornalboasnoticias.com.br\\\/home\\\/wp-content\\\/uploads\\\/2026\\\/01\\\/bec03ccb-trump-e-corina.jpg\",\"articleSection\":[\"DESTAQUE\",\"INTERNACIONAL\"],\"inLanguage\":\"pt-BR\",\"potentialAction\":[{\"@type\":\"CommentAction\",\"name\":\"Comment\",\"target\":[\"https:\\\/\\\/jornalboasnoticias.com.br\\\/home\\\/nao-pode-ser-repassado-diz-fundacao-nobel-apos-machado-afirmar-que-doou-medalha-a-trump\\\/#respond\"]}]},{\"@type\":\"WebPage\",\"@id\":\"https:\\\/\\\/jornalboasnoticias.com.br\\\/home\\\/nao-pode-ser-repassado-diz-fundacao-nobel-apos-machado-afirmar-que-doou-medalha-a-trump\\\/\",\"url\":\"https:\\\/\\\/jornalboasnoticias.com.br\\\/home\\\/nao-pode-ser-repassado-diz-fundacao-nobel-apos-machado-afirmar-que-doou-medalha-a-trump\\\/\",\"name\":\"\u201cN\u00e3o pode ser repassado\u201d, diz Funda\u00e7\u00e3o Nobel ap\u00f3s Machado afirmar que doou medalha a Trump - Jornal\",\"isPartOf\":{\"@id\":\"https:\\\/\\\/jornalboasnoticias.com.br\\\/home\\\/#website\"},\"primaryImageOfPage\":{\"@id\":\"https:\\\/\\\/jornalboasnoticias.com.br\\\/home\\\/nao-pode-ser-repassado-diz-fundacao-nobel-apos-machado-afirmar-que-doou-medalha-a-trump\\\/#primaryimage\"},\"image\":{\"@id\":\"https:\\\/\\\/jornalboasnoticias.com.br\\\/home\\\/nao-pode-ser-repassado-diz-fundacao-nobel-apos-machado-afirmar-que-doou-medalha-a-trump\\\/#primaryimage\"},\"thumbnailUrl\":\"https:\\\/\\\/jornalboasnoticias.com.br\\\/home\\\/wp-content\\\/uploads\\\/2026\\\/01\\\/bec03ccb-trump-e-corina.jpg\",\"datePublished\":\"2026-01-18T20:50:37+00:00\",\"description\":\"\u201cN\u00e3o pode ser repassado\u201d, diz Funda\u00e7\u00e3o Nobel ap\u00f3s Machado afirmar que doou medalha a Trump\",\"breadcrumb\":{\"@id\":\"https:\\\/\\\/jornalboasnoticias.com.br\\\/home\\\/nao-pode-ser-repassado-diz-fundacao-nobel-apos-machado-afirmar-que-doou-medalha-a-trump\\\/#breadcrumb\"},\"inLanguage\":\"pt-BR\",\"potentialAction\":[{\"@type\":\"ReadAction\",\"target\":[\"https:\\\/\\\/jornalboasnoticias.com.br\\\/home\\\/nao-pode-ser-repassado-diz-fundacao-nobel-apos-machado-afirmar-que-doou-medalha-a-trump\\\/\"]}]},{\"@type\":\"ImageObject\",\"inLanguage\":\"pt-BR\",\"@id\":\"https:\\\/\\\/jornalboasnoticias.com.br\\\/home\\\/nao-pode-ser-repassado-diz-fundacao-nobel-apos-machado-afirmar-que-doou-medalha-a-trump\\\/#primaryimage\",\"url\":\"https:\\\/\\\/jornalboasnoticias.com.br\\\/home\\\/wp-content\\\/uploads\\\/2026\\\/01\\\/bec03ccb-trump-e-corina.jpg\",\"contentUrl\":\"https:\\\/\\\/jornalboasnoticias.com.br\\\/home\\\/wp-content\\\/uploads\\\/2026\\\/01\\\/bec03ccb-trump-e-corina.jpg\",\"width\":1200,\"height\":800,\"caption\":\"Divulga\u00e7\u00e3o\\\/Casa Branca\"},{\"@type\":\"BreadcrumbList\",\"@id\":\"https:\\\/\\\/jornalboasnoticias.com.br\\\/home\\\/nao-pode-ser-repassado-diz-fundacao-nobel-apos-machado-afirmar-que-doou-medalha-a-trump\\\/#breadcrumb\",\"itemListElement\":[{\"@type\":\"ListItem\",\"position\":1,\"name\":\"In\u00edcio\",\"item\":\"https:\\\/\\\/jornalboasnoticias.com.br\\\/home\\\/\"},{\"@type\":\"ListItem\",\"position\":2,\"name\":\"\u201cN\u00e3o pode ser repassado\u201d, diz Funda\u00e7\u00e3o Nobel ap\u00f3s Machado afirmar que doou medalha a Trump\"}]},{\"@type\":\"WebSite\",\"@id\":\"https:\\\/\\\/jornalboasnoticias.com.br\\\/home\\\/#website\",\"url\":\"https:\\\/\\\/jornalboasnoticias.com.br\\\/home\\\/\",\"name\":\"Jornal Boas Not\u00edcias\",\"description\":\"Boas not\u00edcias\",\"publisher\":{\"@id\":\"https:\\\/\\\/jornalboasnoticias.com.br\\\/home\\\/#organization\"},\"potentialAction\":[{\"@type\":\"SearchAction\",\"target\":{\"@type\":\"EntryPoint\",\"urlTemplate\":\"https:\\\/\\\/jornalboasnoticias.com.br\\\/home\\\/?s={search_term_string}\"},\"query-input\":{\"@type\":\"PropertyValueSpecification\",\"valueRequired\":true,\"valueName\":\"search_term_string\"}}],\"inLanguage\":\"pt-BR\"},{\"@type\":\"Organization\",\"@id\":\"https:\\\/\\\/jornalboasnoticias.com.br\\\/home\\\/#organization\",\"name\":\"Coq Editora Ltda\",\"alternateName\":\"Jornal Boas Noticias\",\"url\":\"https:\\\/\\\/jornalboasnoticias.com.br\\\/home\\\/\",\"logo\":{\"@type\":\"ImageObject\",\"inLanguage\":\"pt-BR\",\"@id\":\"https:\\\/\\\/jornalboasnoticias.com.br\\\/home\\\/#\\\/schema\\\/logo\\\/image\\\/\",\"url\":\"https:\\\/\\\/jornalboasnoticias.com.br\\\/home\\\/wp-content\\\/uploads\\\/2024\\\/07\\\/cropped-logo.jpg\",\"contentUrl\":\"https:\\\/\\\/jornalboasnoticias.com.br\\\/home\\\/wp-content\\\/uploads\\\/2024\\\/07\\\/cropped-logo.jpg\",\"width\":290,\"height\":142,\"caption\":\"Coq Editora Ltda\"},\"image\":{\"@id\":\"https:\\\/\\\/jornalboasnoticias.com.br\\\/home\\\/#\\\/schema\\\/logo\\\/image\\\/\"},\"sameAs\":[\"https:\\\/\\\/www.facebook.com\\\/boasnoticiasjornal\"]},{\"@type\":\"Person\",\"@id\":\"https:\\\/\\\/jornalboasnoticias.com.br\\\/home\\\/#\\\/schema\\\/person\\\/d641193e0afc6405b390164dac847971\",\"name\":\"Ana Luiza Bonatto\",\"image\":{\"@type\":\"ImageObject\",\"inLanguage\":\"pt-BR\",\"@id\":\"https:\\\/\\\/secure.gravatar.com\\\/avatar\\\/8a055ebe6373371f67ac6fcf313c0ac0b0a91157fdcdb9514fa62927373348f0?s=96&d=mm&r=g\",\"url\":\"https:\\\/\\\/secure.gravatar.com\\\/avatar\\\/8a055ebe6373371f67ac6fcf313c0ac0b0a91157fdcdb9514fa62927373348f0?s=96&d=mm&r=g\",\"contentUrl\":\"https:\\\/\\\/secure.gravatar.com\\\/avatar\\\/8a055ebe6373371f67ac6fcf313c0ac0b0a91157fdcdb9514fa62927373348f0?s=96&d=mm&r=g\",\"caption\":\"Ana Luiza Bonatto\"},\"url\":\"https:\\\/\\\/jornalboasnoticias.com.br\\\/home\\\/author\\\/ana-luiza\\\/\"}]}<\/script>\n<!-- \/ Yoast SEO plugin. -->","yoast_head_json":{"title":"\u201cN\u00e3o pode ser repassado\u201d, diz Funda\u00e7\u00e3o Nobel ap\u00f3s Machado afirmar que doou medalha a Trump - Jornal","description":"\u201cN\u00e3o pode ser repassado\u201d, diz Funda\u00e7\u00e3o Nobel ap\u00f3s Machado afirmar que doou medalha a Trump","robots":{"index":"index","follow":"follow","max-snippet":"max-snippet:-1","max-image-preview":"max-image-preview:large","max-video-preview":"max-video-preview:-1"},"canonical":"https:\/\/jornalboasnoticias.com.br\/home\/nao-pode-ser-repassado-diz-fundacao-nobel-apos-machado-afirmar-que-doou-medalha-a-trump\/","og_locale":"pt_BR","og_type":"article","og_title":"\u201cN\u00e3o pode ser repassado\u201d, diz Funda\u00e7\u00e3o Nobel ap\u00f3s Machado afirmar que doou medalha a Trump - Jornal","og_description":"\u201cN\u00e3o pode ser repassado\u201d, diz Funda\u00e7\u00e3o Nobel ap\u00f3s Machado afirmar que doou medalha a Trump","og_url":"https:\/\/jornalboasnoticias.com.br\/home\/nao-pode-ser-repassado-diz-fundacao-nobel-apos-machado-afirmar-que-doou-medalha-a-trump\/","og_site_name":"Jornal","article_publisher":"https:\/\/www.facebook.com\/boasnoticiasjornal","article_published_time":"2026-01-18T20:50:37+00:00","og_image":[{"width":1200,"height":800,"url":"https:\/\/jornalboasnoticias.com.br\/home\/wp-content\/uploads\/2026\/01\/bec03ccb-trump-e-corina.jpg","type":"image\/jpeg"}],"author":"Ana Luiza Bonatto","twitter_card":"summary_large_image","twitter_misc":{"Escrito por":"Ana Luiza Bonatto","Est. tempo de leitura":"2 minutos"},"schema":{"@context":"https:\/\/schema.org","@graph":[{"@type":"Article","@id":"https:\/\/jornalboasnoticias.com.br\/home\/nao-pode-ser-repassado-diz-fundacao-nobel-apos-machado-afirmar-que-doou-medalha-a-trump\/#article","isPartOf":{"@id":"https:\/\/jornalboasnoticias.com.br\/home\/nao-pode-ser-repassado-diz-fundacao-nobel-apos-machado-afirmar-que-doou-medalha-a-trump\/"},"author":{"name":"Ana Luiza Bonatto","@id":"https:\/\/jornalboasnoticias.com.br\/home\/#\/schema\/person\/d641193e0afc6405b390164dac847971"},"headline":"\u201cN\u00e3o pode ser repassado\u201d, diz Funda\u00e7\u00e3o Nobel ap\u00f3s Machado afirmar que doou medalha a Trump","datePublished":"2026-01-18T20:50:37+00:00","mainEntityOfPage":{"@id":"https:\/\/jornalboasnoticias.com.br\/home\/nao-pode-ser-repassado-diz-fundacao-nobel-apos-machado-afirmar-que-doou-medalha-a-trump\/"},"wordCount":260,"commentCount":0,"publisher":{"@id":"https:\/\/jornalboasnoticias.com.br\/home\/#organization"},"image":{"@id":"https:\/\/jornalboasnoticias.com.br\/home\/nao-pode-ser-repassado-diz-fundacao-nobel-apos-machado-afirmar-que-doou-medalha-a-trump\/#primaryimage"},"thumbnailUrl":"https:\/\/jornalboasnoticias.com.br\/home\/wp-content\/uploads\/2026\/01\/bec03ccb-trump-e-corina.jpg","articleSection":["DESTAQUE","INTERNACIONAL"],"inLanguage":"pt-BR","potentialAction":[{"@type":"CommentAction","name":"Comment","target":["https:\/\/jornalboasnoticias.com.br\/home\/nao-pode-ser-repassado-diz-fundacao-nobel-apos-machado-afirmar-que-doou-medalha-a-trump\/#respond"]}]},{"@type":"WebPage","@id":"https:\/\/jornalboasnoticias.com.br\/home\/nao-pode-ser-repassado-diz-fundacao-nobel-apos-machado-afirmar-que-doou-medalha-a-trump\/","url":"https:\/\/jornalboasnoticias.com.br\/home\/nao-pode-ser-repassado-diz-fundacao-nobel-apos-machado-afirmar-que-doou-medalha-a-trump\/","name":"\u201cN\u00e3o pode ser repassado\u201d, diz Funda\u00e7\u00e3o Nobel ap\u00f3s Machado afirmar que doou medalha a Trump - Jornal","isPartOf":{"@id":"https:\/\/jornalboasnoticias.com.br\/home\/#website"},"primaryImageOfPage":{"@id":"https:\/\/jornalboasnoticias.com.br\/home\/nao-pode-ser-repassado-diz-fundacao-nobel-apos-machado-afirmar-que-doou-medalha-a-trump\/#primaryimage"},"image":{"@id":"https:\/\/jornalboasnoticias.com.br\/home\/nao-pode-ser-repassado-diz-fundacao-nobel-apos-machado-afirmar-que-doou-medalha-a-trump\/#primaryimage"},"thumbnailUrl":"https:\/\/jornalboasnoticias.com.br\/home\/wp-content\/uploads\/2026\/01\/bec03ccb-trump-e-corina.jpg","datePublished":"2026-01-18T20:50:37+00:00","description":"\u201cN\u00e3o pode ser repassado\u201d, diz Funda\u00e7\u00e3o Nobel ap\u00f3s Machado afirmar que doou medalha a Trump","breadcrumb":{"@id":"https:\/\/jornalboasnoticias.com.br\/home\/nao-pode-ser-repassado-diz-fundacao-nobel-apos-machado-afirmar-que-doou-medalha-a-trump\/#breadcrumb"},"inLanguage":"pt-BR","potentialAction":[{"@type":"ReadAction","target":["https:\/\/jornalboasnoticias.com.br\/home\/nao-pode-ser-repassado-diz-fundacao-nobel-apos-machado-afirmar-que-doou-medalha-a-trump\/"]}]},{"@type":"ImageObject","inLanguage":"pt-BR","@id":"https:\/\/jornalboasnoticias.com.br\/home\/nao-pode-ser-repassado-diz-fundacao-nobel-apos-machado-afirmar-que-doou-medalha-a-trump\/#primaryimage","url":"https:\/\/jornalboasnoticias.com.br\/home\/wp-content\/uploads\/2026\/01\/bec03ccb-trump-e-corina.jpg","contentUrl":"https:\/\/jornalboasnoticias.com.br\/home\/wp-content\/uploads\/2026\/01\/bec03ccb-trump-e-corina.jpg","width":1200,"height":800,"caption":"Divulga\u00e7\u00e3o\/Casa Branca"},{"@type":"BreadcrumbList","@id":"https:\/\/jornalboasnoticias.com.br\/home\/nao-pode-ser-repassado-diz-fundacao-nobel-apos-machado-afirmar-que-doou-medalha-a-trump\/#breadcrumb","itemListElement":[{"@type":"ListItem","position":1,"name":"In\u00edcio","item":"https:\/\/jornalboasnoticias.com.br\/home\/"},{"@type":"ListItem","position":2,"name":"\u201cN\u00e3o pode ser repassado\u201d, diz Funda\u00e7\u00e3o Nobel ap\u00f3s Machado afirmar que doou medalha a Trump"}]},{"@type":"WebSite","@id":"https:\/\/jornalboasnoticias.com.br\/home\/#website","url":"https:\/\/jornalboasnoticias.com.br\/home\/","name":"Jornal Boas Not\u00edcias","description":"Boas not\u00edcias","publisher":{"@id":"https:\/\/jornalboasnoticias.com.br\/home\/#organization"},"potentialAction":[{"@type":"SearchAction","target":{"@type":"EntryPoint","urlTemplate":"https:\/\/jornalboasnoticias.com.br\/home\/?s={search_term_string}"},"query-input":{"@type":"PropertyValueSpecification","valueRequired":true,"valueName":"search_term_string"}}],"inLanguage":"pt-BR"},{"@type":"Organization","@id":"https:\/\/jornalboasnoticias.com.br\/home\/#organization","name":"Coq Editora Ltda","alternateName":"Jornal Boas Noticias","url":"https:\/\/jornalboasnoticias.com.br\/home\/","logo":{"@type":"ImageObject","inLanguage":"pt-BR","@id":"https:\/\/jornalboasnoticias.com.br\/home\/#\/schema\/logo\/image\/","url":"https:\/\/jornalboasnoticias.com.br\/home\/wp-content\/uploads\/2024\/07\/cropped-logo.jpg","contentUrl":"https:\/\/jornalboasnoticias.com.br\/home\/wp-content\/uploads\/2024\/07\/cropped-logo.jpg","width":290,"height":142,"caption":"Coq Editora Ltda"},"image":{"@id":"https:\/\/jornalboasnoticias.com.br\/home\/#\/schema\/logo\/image\/"},"sameAs":["https:\/\/www.facebook.com\/boasnoticiasjornal"]},{"@type":"Person","@id":"https:\/\/jornalboasnoticias.com.br\/home\/#\/schema\/person\/d641193e0afc6405b390164dac847971","name":"Ana Luiza Bonatto","image":{"@type":"ImageObject","inLanguage":"pt-BR","@id":"https:\/\/secure.gravatar.com\/avatar\/8a055ebe6373371f67ac6fcf313c0ac0b0a91157fdcdb9514fa62927373348f0?s=96&d=mm&r=g","url":"https:\/\/secure.gravatar.com\/avatar\/8a055ebe6373371f67ac6fcf313c0ac0b0a91157fdcdb9514fa62927373348f0?s=96&d=mm&r=g","contentUrl":"https:\/\/secure.gravatar.com\/avatar\/8a055ebe6373371f67ac6fcf313c0ac0b0a91157fdcdb9514fa62927373348f0?s=96&d=mm&r=g","caption":"Ana Luiza Bonatto"},"url":"https:\/\/jornalboasnoticias.com.br\/home\/author\/ana-luiza\/"}]}},"_links":{"self":[{"href":"https:\/\/jornalboasnoticias.com.br\/home\/wp-json\/wp\/v2\/posts\/47116","targetHints":{"allow":["GET"]}}],"collection":[{"href":"https:\/\/jornalboasnoticias.com.br\/home\/wp-json\/wp\/v2\/posts"}],"about":[{"href":"https:\/\/jornalboasnoticias.com.br\/home\/wp-json\/wp\/v2\/types\/post"}],"author":[{"embeddable":true,"href":"https:\/\/jornalboasnoticias.com.br\/home\/wp-json\/wp\/v2\/users\/4"}],"replies":[{"embeddable":true,"href":"https:\/\/jornalboasnoticias.com.br\/home\/wp-json\/wp\/v2\/comments?post=47116"}],"version-history":[{"count":2,"href":"https:\/\/jornalboasnoticias.com.br\/home\/wp-json\/wp\/v2\/posts\/47116\/revisions"}],"predecessor-version":[{"id":47119,"href":"https:\/\/jornalboasnoticias.com.br\/home\/wp-json\/wp\/v2\/posts\/47116\/revisions\/47119"}],"wp:featuredmedia":[{"embeddable":true,"href":"https:\/\/jornalboasnoticias.com.br\/home\/wp-json\/wp\/v2\/media\/47117"}],"wp:attachment":[{"href":"https:\/\/jornalboasnoticias.com.br\/home\/wp-json\/wp\/v2\/media?parent=47116"}],"wp:term":[{"taxonomy":"category","embeddable":true,"href":"https:\/\/jornalboasnoticias.com.br\/home\/wp-json\/wp\/v2\/categories?post=47116"},{"taxonomy":"post_tag","embeddable":true,"href":"https:\/\/jornalboasnoticias.com.br\/home\/wp-json\/wp\/v2\/tags?post=47116"}],"curies":[{"name":"wp","href":"https:\/\/api.w.org\/{rel}","templated":true}]}}