{"id":47074,"date":"2026-01-07T15:14:47","date_gmt":"2026-01-07T15:14:47","guid":{"rendered":"https:\/\/jornalboasnoticias.com.br\/home\/?p=47074"},"modified":"2026-01-07T15:14:47","modified_gmt":"2026-01-07T15:14:47","slug":"cartilha-do-procon-pr-orienta-consumidores-na-volta-as-aulas","status":"publish","type":"post","link":"https:\/\/jornalboasnoticias.com.br\/home\/cartilha-do-procon-pr-orienta-consumidores-na-volta-as-aulas\/","title":{"rendered":"Cartilha do Procon-PR orienta consumidores na volta \u00e0s aulas"},"content":{"rendered":"<blockquote>\n<p style=\"text-align: center;\">Material aborda compra de materiais escolares de uso individual e tamb\u00e9m matr\u00edculas e mensalidades. Entre as orienta\u00e7\u00f5es est\u00e1 a de que escolas n\u00e3o podem impor marcas ou indicar locais para aquisi\u00e7\u00e3o de produtos, escolha que deve ser feita pelo consumidor.<\/p>\n<\/blockquote>\n<figure id=\"attachment_47075\" aria-describedby=\"caption-attachment-47075\" style=\"width: 1000px\" class=\"wp-caption alignnone\"><img loading=\"lazy\" decoding=\"async\" class=\"size-full wp-image-47075\" src=\"https:\/\/jornalboasnoticias.com.br\/home\/wp-content\/uploads\/2026\/01\/material_escolar_10_0-scaled-e1767798836760.jpg\" alt=\"\" width=\"1000\" height=\"667\" \/><figcaption id=\"caption-attachment-47075\" class=\"wp-caption-text\">Foto: Albari Rosa\/Arquivo AEN<\/figcaption><\/figure>\n<p>Todo in\u00edcio de ano, escolas disponibilizam listas de livros e materiais que ser\u00e3o usados no pr\u00f3ximo per\u00edodo letivo. Sempre surgem d\u00favidas, algumas relacionadas ao material ou quantidades solicitadas, outras sobre matr\u00edculas, transporte, mensalidades e demais quest\u00f5es que envolvem os ensinos pr\u00e9-escolar, fundamental, m\u00e9dio e superior.<\/p>\n<p>Para ajudar o consumidor, a Coordena\u00e7\u00e3o Estadual de Prote\u00e7\u00e3o e Defesa dos Direitos do Consumidor (Procon-PR) possui a\u00a0<a class=\"0\" href=\"https:\/\/www.parana.pr.gov.br\/sites\/default\/arquivos_restritos\/files\/documento\/2025-01\/cartilha_escola_2025.1.pdf\" target=\"_blank\" rel=\"nofollow noopener\">cartilha Dicas sobre Matr\u00edculas, Mensalidades e Material Escolar<\/a>. \u201cAs institui\u00e7\u00f5es de ensino devem sempre adotar transpar\u00eancia e esclarecer as d\u00favidas de pais, alunos e respons\u00e1veis. A cartilha elaborada pelo Procon-PR \u00e9 um apoio e, com linguagem simples e direta, traz argumentos legais que podem ser bem \u00fateis nesse per\u00edodo\u201d, comenta o secret\u00e1rio de Estado de Justi\u00e7a e Cidadania, Valdemar Jorge.<\/p>\n<p>Entre as orienta\u00e7\u00f5es que constam na publica\u00e7\u00e3o est\u00e1 a de que as escolas n\u00e3o podem impor marcas ou indicar locais para a aquisi\u00e7\u00e3o dos materiais de uso individual. Essa \u00e9 uma escolha que deve ser feita pelo consumidor, que pode buscar os melhores pre\u00e7os e condi\u00e7\u00f5es de pagamento.<\/p>\n<p>O Procon-PR lembra que o material pedido nas listas n\u00e3o precisa ser entregue de uma s\u00f3 vez. Ou seja, os pais podem compr\u00e1-los na medida em que as atividades forem sendo realizadas nas aulas.<\/p>\n<p>\u201cA escola tamb\u00e9m n\u00e3o pode cobrar taxas adicionais nem solicitar aos alunos materiais de uso coletivo, como canetas para quadro branco, produtos de limpeza, papel higi\u00eanico, copos, material de escrit\u00f3rio para uso da escola, entre outros\u201d, diz o texto.<\/p>\n<p>\u201cAlguns cuidados s\u00e3o importantes nesse per\u00edodo, e um deles \u00e9 a pesquisa de pre\u00e7os e de condi\u00e7\u00f5es de pagamento\u201d, destaca Claudia Silvano, coordenadora do Procon-PR. Segundo ela, os pais e respons\u00e1veis devem considerar, tamb\u00e9m, a compra de forma coletiva. \u201cEles se re\u00fanem, compram uma quantidade maior de material e conseguem melhores pre\u00e7os\u201d, acrescenta.<\/p>\n<div class=\"row\">\n<div class=\"col-sm-8 col-md-offset-1 bloco-central\">\n<article class=\"node node--type-noticia node--promoted node--view-mode-full clearfix\" role=\"article\" data-history-node-id=\"80206\">\n<div class=\"node__content clearfix\">\n<div class=\"field field--name-field-texto field--type-text-long field--label-hidden field--item\">\n<p>Sobre o valor da anuidade, o Procon orienta que ter\u00e1 vig\u00eancia por um ano, sendo proibido o reajuste antes deste per\u00edodo. Eventuais reclama\u00e7\u00f5es podem ser feitas pelos canais online de atendimento do Procon-PR (<a class=\"0\" href=\"https:\/\/www.procon.pr.gov.br\/Pagina\/Formas-de-Atendimento\" target=\"_blank\" rel=\"nofollow noopener\">AQUI<\/a>).<\/p>\n<\/div>\n<\/div>\n<\/article>\n<\/div>\n<\/div>\n<div class=\"row\">\n<div><em>Ag\u00eancia Estadual de Not\u00edcias<\/em><\/div>\n<\/div>\n","protected":false},"excerpt":{"rendered":"<p>Material aborda compra de materiais escolares de uso individual e tamb\u00e9m matr\u00edculas e mensalidades. Entre<\/p>\n","protected":false},"author":3,"featured_media":47075,"comment_status":"open","ping_status":"open","sticky":false,"template":"","format":"standard","meta":{"footnotes":""},"categories":[8],"tags":[],"class_list":["post-47074","post","type-post","status-publish","format-standard","has-post-thumbnail","hentry","category-educacao"],"yoast_head":"<!-- This site is optimized with the Yoast SEO plugin v27.5 - https:\/\/yoast.com\/product\/yoast-seo-wordpress\/ -->\n<title>Cartilha do Procon-PR orienta consumidores na volta \u00e0s aulas - Jornal<\/title>\n<meta name=\"description\" content=\"Cartilha do Procon-PR orienta consumidores na volta \u00e0s aulas\" \/>\n<meta name=\"robots\" content=\"index, follow, max-snippet:-1, max-image-preview:large, max-video-preview:-1\" \/>\n<link rel=\"canonical\" href=\"https:\/\/jornalboasnoticias.com.br\/home\/cartilha-do-procon-pr-orienta-consumidores-na-volta-as-aulas\/\" \/>\n<meta property=\"og:locale\" content=\"pt_BR\" \/>\n<meta property=\"og:type\" content=\"article\" \/>\n<meta property=\"og:title\" content=\"Cartilha do Procon-PR orienta consumidores na volta \u00e0s aulas - Jornal\" \/>\n<meta property=\"og:description\" content=\"Cartilha do Procon-PR orienta consumidores na volta \u00e0s aulas\" \/>\n<meta property=\"og:url\" content=\"https:\/\/jornalboasnoticias.com.br\/home\/cartilha-do-procon-pr-orienta-consumidores-na-volta-as-aulas\/\" \/>\n<meta property=\"og:site_name\" content=\"Jornal\" \/>\n<meta property=\"article:publisher\" content=\"https:\/\/www.facebook.com\/boasnoticiasjornal\" \/>\n<meta property=\"article:published_time\" content=\"2026-01-07T15:14:47+00:00\" \/>\n<meta property=\"og:image\" content=\"https:\/\/jornalboasnoticias.com.br\/home\/wp-content\/uploads\/2026\/01\/material_escolar_10_0-scaled-e1767798836760.jpg\" \/>\n\t<meta property=\"og:image:width\" content=\"1000\" \/>\n\t<meta property=\"og:image:height\" content=\"667\" \/>\n\t<meta property=\"og:image:type\" content=\"image\/jpeg\" \/>\n<meta name=\"author\" content=\"Luiz Carlos da Cruz\" \/>\n<meta name=\"twitter:card\" content=\"summary_large_image\" \/>\n<meta name=\"twitter:label1\" content=\"Escrito por\" \/>\n\t<meta name=\"twitter:data1\" content=\"Luiz Carlos da Cruz\" \/>\n\t<meta name=\"twitter:label2\" content=\"Est. tempo de leitura\" \/>\n\t<meta name=\"twitter:data2\" content=\"3 minutos\" \/>\n<script type=\"application\/ld+json\" class=\"yoast-schema-graph\">{\"@context\":\"https:\\\/\\\/schema.org\",\"@graph\":[{\"@type\":\"Article\",\"@id\":\"https:\\\/\\\/jornalboasnoticias.com.br\\\/home\\\/cartilha-do-procon-pr-orienta-consumidores-na-volta-as-aulas\\\/#article\",\"isPartOf\":{\"@id\":\"https:\\\/\\\/jornalboasnoticias.com.br\\\/home\\\/cartilha-do-procon-pr-orienta-consumidores-na-volta-as-aulas\\\/\"},\"author\":{\"name\":\"Luiz Carlos da Cruz\",\"@id\":\"https:\\\/\\\/jornalboasnoticias.com.br\\\/home\\\/#\\\/schema\\\/person\\\/75f9ebde398c998c166475fb446bda62\"},\"headline\":\"Cartilha do Procon-PR orienta consumidores na volta \u00e0s aulas\",\"datePublished\":\"2026-01-07T15:14:47+00:00\",\"mainEntityOfPage\":{\"@id\":\"https:\\\/\\\/jornalboasnoticias.com.br\\\/home\\\/cartilha-do-procon-pr-orienta-consumidores-na-volta-as-aulas\\\/\"},\"wordCount\":442,\"commentCount\":0,\"publisher\":{\"@id\":\"https:\\\/\\\/jornalboasnoticias.com.br\\\/home\\\/#organization\"},\"image\":{\"@id\":\"https:\\\/\\\/jornalboasnoticias.com.br\\\/home\\\/cartilha-do-procon-pr-orienta-consumidores-na-volta-as-aulas\\\/#primaryimage\"},\"thumbnailUrl\":\"https:\\\/\\\/jornalboasnoticias.com.br\\\/home\\\/wp-content\\\/uploads\\\/2026\\\/01\\\/material_escolar_10_0-scaled-e1767798836760.jpg\",\"articleSection\":[\"EDUCA\u00c7\u00c3O\"],\"inLanguage\":\"pt-BR\",\"potentialAction\":[{\"@type\":\"CommentAction\",\"name\":\"Comment\",\"target\":[\"https:\\\/\\\/jornalboasnoticias.com.br\\\/home\\\/cartilha-do-procon-pr-orienta-consumidores-na-volta-as-aulas\\\/#respond\"]}]},{\"@type\":\"WebPage\",\"@id\":\"https:\\\/\\\/jornalboasnoticias.com.br\\\/home\\\/cartilha-do-procon-pr-orienta-consumidores-na-volta-as-aulas\\\/\",\"url\":\"https:\\\/\\\/jornalboasnoticias.com.br\\\/home\\\/cartilha-do-procon-pr-orienta-consumidores-na-volta-as-aulas\\\/\",\"name\":\"Cartilha do Procon-PR orienta consumidores na volta \u00e0s aulas - Jornal\",\"isPartOf\":{\"@id\":\"https:\\\/\\\/jornalboasnoticias.com.br\\\/home\\\/#website\"},\"primaryImageOfPage\":{\"@id\":\"https:\\\/\\\/jornalboasnoticias.com.br\\\/home\\\/cartilha-do-procon-pr-orienta-consumidores-na-volta-as-aulas\\\/#primaryimage\"},\"image\":{\"@id\":\"https:\\\/\\\/jornalboasnoticias.com.br\\\/home\\\/cartilha-do-procon-pr-orienta-consumidores-na-volta-as-aulas\\\/#primaryimage\"},\"thumbnailUrl\":\"https:\\\/\\\/jornalboasnoticias.com.br\\\/home\\\/wp-content\\\/uploads\\\/2026\\\/01\\\/material_escolar_10_0-scaled-e1767798836760.jpg\",\"datePublished\":\"2026-01-07T15:14:47+00:00\",\"description\":\"Cartilha do Procon-PR orienta consumidores na volta \u00e0s aulas\",\"breadcrumb\":{\"@id\":\"https:\\\/\\\/jornalboasnoticias.com.br\\\/home\\\/cartilha-do-procon-pr-orienta-consumidores-na-volta-as-aulas\\\/#breadcrumb\"},\"inLanguage\":\"pt-BR\",\"potentialAction\":[{\"@type\":\"ReadAction\",\"target\":[\"https:\\\/\\\/jornalboasnoticias.com.br\\\/home\\\/cartilha-do-procon-pr-orienta-consumidores-na-volta-as-aulas\\\/\"]}]},{\"@type\":\"ImageObject\",\"inLanguage\":\"pt-BR\",\"@id\":\"https:\\\/\\\/jornalboasnoticias.com.br\\\/home\\\/cartilha-do-procon-pr-orienta-consumidores-na-volta-as-aulas\\\/#primaryimage\",\"url\":\"https:\\\/\\\/jornalboasnoticias.com.br\\\/home\\\/wp-content\\\/uploads\\\/2026\\\/01\\\/material_escolar_10_0-scaled-e1767798836760.jpg\",\"contentUrl\":\"https:\\\/\\\/jornalboasnoticias.com.br\\\/home\\\/wp-content\\\/uploads\\\/2026\\\/01\\\/material_escolar_10_0-scaled-e1767798836760.jpg\",\"width\":1000,\"height\":667,\"caption\":\"Foto: Albari Rosa\\\/Arquivo AEN\"},{\"@type\":\"BreadcrumbList\",\"@id\":\"https:\\\/\\\/jornalboasnoticias.com.br\\\/home\\\/cartilha-do-procon-pr-orienta-consumidores-na-volta-as-aulas\\\/#breadcrumb\",\"itemListElement\":[{\"@type\":\"ListItem\",\"position\":1,\"name\":\"In\u00edcio\",\"item\":\"https:\\\/\\\/jornalboasnoticias.com.br\\\/home\\\/\"},{\"@type\":\"ListItem\",\"position\":2,\"name\":\"Cartilha do Procon-PR orienta consumidores na volta \u00e0s aulas\"}]},{\"@type\":\"WebSite\",\"@id\":\"https:\\\/\\\/jornalboasnoticias.com.br\\\/home\\\/#website\",\"url\":\"https:\\\/\\\/jornalboasnoticias.com.br\\\/home\\\/\",\"name\":\"Jornal Boas Not\u00edcias\",\"description\":\"Boas not\u00edcias\",\"publisher\":{\"@id\":\"https:\\\/\\\/jornalboasnoticias.com.br\\\/home\\\/#organization\"},\"potentialAction\":[{\"@type\":\"SearchAction\",\"target\":{\"@type\":\"EntryPoint\",\"urlTemplate\":\"https:\\\/\\\/jornalboasnoticias.com.br\\\/home\\\/?s={search_term_string}\"},\"query-input\":{\"@type\":\"PropertyValueSpecification\",\"valueRequired\":true,\"valueName\":\"search_term_string\"}}],\"inLanguage\":\"pt-BR\"},{\"@type\":\"Organization\",\"@id\":\"https:\\\/\\\/jornalboasnoticias.com.br\\\/home\\\/#organization\",\"name\":\"Coq Editora Ltda\",\"alternateName\":\"Jornal Boas Noticias\",\"url\":\"https:\\\/\\\/jornalboasnoticias.com.br\\\/home\\\/\",\"logo\":{\"@type\":\"ImageObject\",\"inLanguage\":\"pt-BR\",\"@id\":\"https:\\\/\\\/jornalboasnoticias.com.br\\\/home\\\/#\\\/schema\\\/logo\\\/image\\\/\",\"url\":\"https:\\\/\\\/jornalboasnoticias.com.br\\\/home\\\/wp-content\\\/uploads\\\/2024\\\/07\\\/cropped-logo.jpg\",\"contentUrl\":\"https:\\\/\\\/jornalboasnoticias.com.br\\\/home\\\/wp-content\\\/uploads\\\/2024\\\/07\\\/cropped-logo.jpg\",\"width\":290,\"height\":142,\"caption\":\"Coq Editora Ltda\"},\"image\":{\"@id\":\"https:\\\/\\\/jornalboasnoticias.com.br\\\/home\\\/#\\\/schema\\\/logo\\\/image\\\/\"},\"sameAs\":[\"https:\\\/\\\/www.facebook.com\\\/boasnoticiasjornal\"]},{\"@type\":\"Person\",\"@id\":\"https:\\\/\\\/jornalboasnoticias.com.br\\\/home\\\/#\\\/schema\\\/person\\\/75f9ebde398c998c166475fb446bda62\",\"name\":\"Luiz Carlos da Cruz\",\"image\":{\"@type\":\"ImageObject\",\"inLanguage\":\"pt-BR\",\"@id\":\"https:\\\/\\\/secure.gravatar.com\\\/avatar\\\/e6f4f45301b6cb8572f7b076572e8ac11c1db80e805d8c8d0858cf286ce3ac3b?s=96&d=mm&r=g\",\"url\":\"https:\\\/\\\/secure.gravatar.com\\\/avatar\\\/e6f4f45301b6cb8572f7b076572e8ac11c1db80e805d8c8d0858cf286ce3ac3b?s=96&d=mm&r=g\",\"contentUrl\":\"https:\\\/\\\/secure.gravatar.com\\\/avatar\\\/e6f4f45301b6cb8572f7b076572e8ac11c1db80e805d8c8d0858cf286ce3ac3b?s=96&d=mm&r=g\",\"caption\":\"Luiz Carlos da Cruz\"},\"url\":\"https:\\\/\\\/jornalboasnoticias.com.br\\\/home\\\/author\\\/luiz-carlos-da-cruz\\\/\"}]}<\/script>\n<!-- \/ Yoast SEO plugin. -->","yoast_head_json":{"title":"Cartilha do Procon-PR orienta consumidores na volta \u00e0s aulas - Jornal","description":"Cartilha do Procon-PR orienta consumidores na volta \u00e0s aulas","robots":{"index":"index","follow":"follow","max-snippet":"max-snippet:-1","max-image-preview":"max-image-preview:large","max-video-preview":"max-video-preview:-1"},"canonical":"https:\/\/jornalboasnoticias.com.br\/home\/cartilha-do-procon-pr-orienta-consumidores-na-volta-as-aulas\/","og_locale":"pt_BR","og_type":"article","og_title":"Cartilha do Procon-PR orienta consumidores na volta \u00e0s aulas - Jornal","og_description":"Cartilha do Procon-PR orienta consumidores na volta \u00e0s aulas","og_url":"https:\/\/jornalboasnoticias.com.br\/home\/cartilha-do-procon-pr-orienta-consumidores-na-volta-as-aulas\/","og_site_name":"Jornal","article_publisher":"https:\/\/www.facebook.com\/boasnoticiasjornal","article_published_time":"2026-01-07T15:14:47+00:00","og_image":[{"width":1000,"height":667,"url":"https:\/\/jornalboasnoticias.com.br\/home\/wp-content\/uploads\/2026\/01\/material_escolar_10_0-scaled-e1767798836760.jpg","type":"image\/jpeg"}],"author":"Luiz Carlos da Cruz","twitter_card":"summary_large_image","twitter_misc":{"Escrito por":"Luiz Carlos da Cruz","Est. tempo de leitura":"3 minutos"},"schema":{"@context":"https:\/\/schema.org","@graph":[{"@type":"Article","@id":"https:\/\/jornalboasnoticias.com.br\/home\/cartilha-do-procon-pr-orienta-consumidores-na-volta-as-aulas\/#article","isPartOf":{"@id":"https:\/\/jornalboasnoticias.com.br\/home\/cartilha-do-procon-pr-orienta-consumidores-na-volta-as-aulas\/"},"author":{"name":"Luiz Carlos da Cruz","@id":"https:\/\/jornalboasnoticias.com.br\/home\/#\/schema\/person\/75f9ebde398c998c166475fb446bda62"},"headline":"Cartilha do Procon-PR orienta consumidores na volta \u00e0s aulas","datePublished":"2026-01-07T15:14:47+00:00","mainEntityOfPage":{"@id":"https:\/\/jornalboasnoticias.com.br\/home\/cartilha-do-procon-pr-orienta-consumidores-na-volta-as-aulas\/"},"wordCount":442,"commentCount":0,"publisher":{"@id":"https:\/\/jornalboasnoticias.com.br\/home\/#organization"},"image":{"@id":"https:\/\/jornalboasnoticias.com.br\/home\/cartilha-do-procon-pr-orienta-consumidores-na-volta-as-aulas\/#primaryimage"},"thumbnailUrl":"https:\/\/jornalboasnoticias.com.br\/home\/wp-content\/uploads\/2026\/01\/material_escolar_10_0-scaled-e1767798836760.jpg","articleSection":["EDUCA\u00c7\u00c3O"],"inLanguage":"pt-BR","potentialAction":[{"@type":"CommentAction","name":"Comment","target":["https:\/\/jornalboasnoticias.com.br\/home\/cartilha-do-procon-pr-orienta-consumidores-na-volta-as-aulas\/#respond"]}]},{"@type":"WebPage","@id":"https:\/\/jornalboasnoticias.com.br\/home\/cartilha-do-procon-pr-orienta-consumidores-na-volta-as-aulas\/","url":"https:\/\/jornalboasnoticias.com.br\/home\/cartilha-do-procon-pr-orienta-consumidores-na-volta-as-aulas\/","name":"Cartilha do Procon-PR orienta consumidores na volta \u00e0s aulas - Jornal","isPartOf":{"@id":"https:\/\/jornalboasnoticias.com.br\/home\/#website"},"primaryImageOfPage":{"@id":"https:\/\/jornalboasnoticias.com.br\/home\/cartilha-do-procon-pr-orienta-consumidores-na-volta-as-aulas\/#primaryimage"},"image":{"@id":"https:\/\/jornalboasnoticias.com.br\/home\/cartilha-do-procon-pr-orienta-consumidores-na-volta-as-aulas\/#primaryimage"},"thumbnailUrl":"https:\/\/jornalboasnoticias.com.br\/home\/wp-content\/uploads\/2026\/01\/material_escolar_10_0-scaled-e1767798836760.jpg","datePublished":"2026-01-07T15:14:47+00:00","description":"Cartilha do Procon-PR orienta consumidores na volta \u00e0s aulas","breadcrumb":{"@id":"https:\/\/jornalboasnoticias.com.br\/home\/cartilha-do-procon-pr-orienta-consumidores-na-volta-as-aulas\/#breadcrumb"},"inLanguage":"pt-BR","potentialAction":[{"@type":"ReadAction","target":["https:\/\/jornalboasnoticias.com.br\/home\/cartilha-do-procon-pr-orienta-consumidores-na-volta-as-aulas\/"]}]},{"@type":"ImageObject","inLanguage":"pt-BR","@id":"https:\/\/jornalboasnoticias.com.br\/home\/cartilha-do-procon-pr-orienta-consumidores-na-volta-as-aulas\/#primaryimage","url":"https:\/\/jornalboasnoticias.com.br\/home\/wp-content\/uploads\/2026\/01\/material_escolar_10_0-scaled-e1767798836760.jpg","contentUrl":"https:\/\/jornalboasnoticias.com.br\/home\/wp-content\/uploads\/2026\/01\/material_escolar_10_0-scaled-e1767798836760.jpg","width":1000,"height":667,"caption":"Foto: Albari Rosa\/Arquivo AEN"},{"@type":"BreadcrumbList","@id":"https:\/\/jornalboasnoticias.com.br\/home\/cartilha-do-procon-pr-orienta-consumidores-na-volta-as-aulas\/#breadcrumb","itemListElement":[{"@type":"ListItem","position":1,"name":"In\u00edcio","item":"https:\/\/jornalboasnoticias.com.br\/home\/"},{"@type":"ListItem","position":2,"name":"Cartilha do Procon-PR orienta consumidores na volta \u00e0s aulas"}]},{"@type":"WebSite","@id":"https:\/\/jornalboasnoticias.com.br\/home\/#website","url":"https:\/\/jornalboasnoticias.com.br\/home\/","name":"Jornal Boas Not\u00edcias","description":"Boas not\u00edcias","publisher":{"@id":"https:\/\/jornalboasnoticias.com.br\/home\/#organization"},"potentialAction":[{"@type":"SearchAction","target":{"@type":"EntryPoint","urlTemplate":"https:\/\/jornalboasnoticias.com.br\/home\/?s={search_term_string}"},"query-input":{"@type":"PropertyValueSpecification","valueRequired":true,"valueName":"search_term_string"}}],"inLanguage":"pt-BR"},{"@type":"Organization","@id":"https:\/\/jornalboasnoticias.com.br\/home\/#organization","name":"Coq Editora Ltda","alternateName":"Jornal Boas Noticias","url":"https:\/\/jornalboasnoticias.com.br\/home\/","logo":{"@type":"ImageObject","inLanguage":"pt-BR","@id":"https:\/\/jornalboasnoticias.com.br\/home\/#\/schema\/logo\/image\/","url":"https:\/\/jornalboasnoticias.com.br\/home\/wp-content\/uploads\/2024\/07\/cropped-logo.jpg","contentUrl":"https:\/\/jornalboasnoticias.com.br\/home\/wp-content\/uploads\/2024\/07\/cropped-logo.jpg","width":290,"height":142,"caption":"Coq Editora Ltda"},"image":{"@id":"https:\/\/jornalboasnoticias.com.br\/home\/#\/schema\/logo\/image\/"},"sameAs":["https:\/\/www.facebook.com\/boasnoticiasjornal"]},{"@type":"Person","@id":"https:\/\/jornalboasnoticias.com.br\/home\/#\/schema\/person\/75f9ebde398c998c166475fb446bda62","name":"Luiz Carlos da Cruz","image":{"@type":"ImageObject","inLanguage":"pt-BR","@id":"https:\/\/secure.gravatar.com\/avatar\/e6f4f45301b6cb8572f7b076572e8ac11c1db80e805d8c8d0858cf286ce3ac3b?s=96&d=mm&r=g","url":"https:\/\/secure.gravatar.com\/avatar\/e6f4f45301b6cb8572f7b076572e8ac11c1db80e805d8c8d0858cf286ce3ac3b?s=96&d=mm&r=g","contentUrl":"https:\/\/secure.gravatar.com\/avatar\/e6f4f45301b6cb8572f7b076572e8ac11c1db80e805d8c8d0858cf286ce3ac3b?s=96&d=mm&r=g","caption":"Luiz Carlos da Cruz"},"url":"https:\/\/jornalboasnoticias.com.br\/home\/author\/luiz-carlos-da-cruz\/"}]}},"_links":{"self":[{"href":"https:\/\/jornalboasnoticias.com.br\/home\/wp-json\/wp\/v2\/posts\/47074","targetHints":{"allow":["GET"]}}],"collection":[{"href":"https:\/\/jornalboasnoticias.com.br\/home\/wp-json\/wp\/v2\/posts"}],"about":[{"href":"https:\/\/jornalboasnoticias.com.br\/home\/wp-json\/wp\/v2\/types\/post"}],"author":[{"embeddable":true,"href":"https:\/\/jornalboasnoticias.com.br\/home\/wp-json\/wp\/v2\/users\/3"}],"replies":[{"embeddable":true,"href":"https:\/\/jornalboasnoticias.com.br\/home\/wp-json\/wp\/v2\/comments?post=47074"}],"version-history":[{"count":1,"href":"https:\/\/jornalboasnoticias.com.br\/home\/wp-json\/wp\/v2\/posts\/47074\/revisions"}],"predecessor-version":[{"id":47076,"href":"https:\/\/jornalboasnoticias.com.br\/home\/wp-json\/wp\/v2\/posts\/47074\/revisions\/47076"}],"wp:featuredmedia":[{"embeddable":true,"href":"https:\/\/jornalboasnoticias.com.br\/home\/wp-json\/wp\/v2\/media\/47075"}],"wp:attachment":[{"href":"https:\/\/jornalboasnoticias.com.br\/home\/wp-json\/wp\/v2\/media?parent=47074"}],"wp:term":[{"taxonomy":"category","embeddable":true,"href":"https:\/\/jornalboasnoticias.com.br\/home\/wp-json\/wp\/v2\/categories?post=47074"},{"taxonomy":"post_tag","embeddable":true,"href":"https:\/\/jornalboasnoticias.com.br\/home\/wp-json\/wp\/v2\/tags?post=47074"}],"curies":[{"name":"wp","href":"https:\/\/api.w.org\/{rel}","templated":true}]}}