{"id":47072,"date":"2026-01-07T14:31:07","date_gmt":"2026-01-07T14:31:07","guid":{"rendered":"https:\/\/jornalboasnoticias.com.br\/home\/?p=47072"},"modified":"2026-01-07T14:31:07","modified_gmt":"2026-01-07T14:31:07","slug":"moraes-autoriza-bolsonaro-a-fazer-exames-no-hospital-apos-sofrer-queda","status":"publish","type":"post","link":"https:\/\/jornalboasnoticias.com.br\/home\/moraes-autoriza-bolsonaro-a-fazer-exames-no-hospital-apos-sofrer-queda\/","title":{"rendered":"Moraes autoriza Bolsonaro a fazer exames no hospital ap\u00f3s sofrer queda"},"content":{"rendered":"<blockquote>\n<p style=\"text-align: center;\">Ex-presidente far\u00e1 tomografia e resson\u00e2ncia magn\u00e9tica do cr\u00e2nio<\/p>\n<\/blockquote>\n<figure id=\"attachment_46559\" aria-describedby=\"caption-attachment-46559\" style=\"width: 1170px\" class=\"wp-caption alignnone\"><img loading=\"lazy\" decoding=\"async\" class=\"size-full wp-image-46559\" src=\"https:\/\/jornalboasnoticias.com.br\/home\/wp-content\/uploads\/2025\/11\/Bolsonaro.webp\" alt=\"\" width=\"1170\" height=\"700\" srcset=\"https:\/\/jornalboasnoticias.com.br\/home\/wp-content\/uploads\/2025\/11\/Bolsonaro.webp 1170w, https:\/\/jornalboasnoticias.com.br\/home\/wp-content\/uploads\/2025\/11\/Bolsonaro-300x179.webp 300w, https:\/\/jornalboasnoticias.com.br\/home\/wp-content\/uploads\/2025\/11\/Bolsonaro-1024x613.webp 1024w, https:\/\/jornalboasnoticias.com.br\/home\/wp-content\/uploads\/2025\/11\/Bolsonaro-768x459.webp 768w\" sizes=\"auto, (max-width: 1170px) 100vw, 1170px\" \/><figcaption id=\"caption-attachment-46559\" class=\"wp-caption-text\">\u00a9 Fernando Fraz\u00e3o\/Ag\u00eancia Brasil<\/figcaption><\/figure>\n<p>O ministro do Supremo Tribunal Federal (STF) Alexandre de Moraes autorizou, nesta quarta-feira (7), a ida do ex-presidente Jair Bolsonaro ao hospital para realizar exames ap\u00f3s sofrer uma queda nessa ter\u00e7a-feira (6).<img decoding=\"async\" src=\"https:\/\/agenciabrasil.ebc.com.br\/ebc.png?id=1674399&amp;o=node\" \/><img decoding=\"async\" src=\"https:\/\/agenciabrasil.ebc.com.br\/ebc.gif?id=1674399&amp;o=node\" \/><\/p>\n<p>Condenado a 27 anos de pris\u00e3o por tentativa de golpe de Estado, ele est\u00e1 preso em uma cela na Superintend\u00eancia da Pol\u00edcia Federal, em Bras\u00edlia (DF).<\/p>\n<p>Segundo os advogados de defesa de Bolsonaro, ele apresentou quadro cl\u00ednico compat\u00edvel com traumatismo craniano, s\u00edncope noturna associada \u00e0 queda, crise convulsiva, oscila\u00e7\u00e3o de mem\u00f3ria e um corte na t\u00eampora.<\/p>\n<p>Esse quadro, argumentou a defesa, exigiria a realiza\u00e7\u00e3o de exames como tomografia e resson\u00e2ncia magn\u00e9tica do cr\u00e2nio, al\u00e9m de um eletroencefalograma.<\/p>\n<p>Na decis\u00e3o, Moraes determinou que a Pol\u00edcia Federal (PF) fa\u00e7a o transporte de Bolsonaro \u201cde maneira discreta\u201d, e que realize o desembarque pela garagem do hospital.<\/p>\n<p>Al\u00e9m disso, a PF ficar\u00e1 respons\u00e1vel pela vigil\u00e2ncia do ex-presidente durante os exames. Em seguida, ele dever\u00e1 voltar \u00e0 Superintend\u00eancia da PF.<\/p>\n<h2>Queda<\/h2>\n<p>A queda de Bolsonaro foi reportada, inicialmente, por sua esposa, Michelle, ainda na ter\u00e7a-feira (6). Nas redes sociais, ela afirmou que o marido n\u00e3o estava bem.<\/p>\n<p>\u201cDurante a madrugada, enquanto dormia, teve uma crise, caiu e bateu a cabe\u00e7a no m\u00f3vel\u201d, disse.<\/p>\n<p>No mesmo dia, a defesa do ex-presidente tentou a remo\u00e7\u00e3o dele para o hospital,\u00a0mas Moraes negou. O ministro baseou sua decis\u00e3o em uma avalia\u00e7\u00e3o da equipe m\u00e9dica da Pol\u00edcia Federal, que constatou ferimentos leves e n\u00e3o viu necessidade de exames no hospital.<\/p>\n<p>Os advogados, ent\u00e3o, apresentaram os pedidos espec\u00edficos de exames indicados por um m\u00e9dico particular de Bolsonaro. Esses pedidos foram citados por Moraes na decis\u00e3o proferida hoje.<\/p>\n<p><em>Ag\u00eancia Brasil<\/em><\/p>\n","protected":false},"excerpt":{"rendered":"<p>Ex-presidente far\u00e1 tomografia e resson\u00e2ncia magn\u00e9tica do cr\u00e2nio O ministro do Supremo Tribunal Federal (STF)<\/p>\n","protected":false},"author":3,"featured_media":46559,"comment_status":"open","ping_status":"open","sticky":false,"template":"","format":"standard","meta":{"footnotes":""},"categories":[6,3],"tags":[],"class_list":["post-47072","post","type-post","status-publish","format-standard","has-post-thumbnail","hentry","category-brasil","category-destaques"],"yoast_head":"<!-- This site is optimized with the Yoast SEO plugin v27.5 - https:\/\/yoast.com\/product\/yoast-seo-wordpress\/ -->\n<title>Moraes autoriza Bolsonaro a fazer exames no hospital ap\u00f3s sofrer queda - Jornal<\/title>\n<meta name=\"description\" content=\"Moraes autoriza Bolsonaro a fazer exames no hospital ap\u00f3s sofrer queda\" \/>\n<meta name=\"robots\" content=\"index, follow, max-snippet:-1, max-image-preview:large, max-video-preview:-1\" \/>\n<link rel=\"canonical\" href=\"https:\/\/jornalboasnoticias.com.br\/home\/moraes-autoriza-bolsonaro-a-fazer-exames-no-hospital-apos-sofrer-queda\/\" \/>\n<meta property=\"og:locale\" content=\"pt_BR\" \/>\n<meta property=\"og:type\" content=\"article\" \/>\n<meta property=\"og:title\" content=\"Moraes autoriza Bolsonaro a fazer exames no hospital ap\u00f3s sofrer queda - Jornal\" \/>\n<meta property=\"og:description\" content=\"Moraes autoriza Bolsonaro a fazer exames no hospital ap\u00f3s sofrer queda\" \/>\n<meta property=\"og:url\" content=\"https:\/\/jornalboasnoticias.com.br\/home\/moraes-autoriza-bolsonaro-a-fazer-exames-no-hospital-apos-sofrer-queda\/\" \/>\n<meta property=\"og:site_name\" content=\"Jornal\" \/>\n<meta property=\"article:publisher\" content=\"https:\/\/www.facebook.com\/boasnoticiasjornal\" \/>\n<meta property=\"article:published_time\" content=\"2026-01-07T14:31:07+00:00\" \/>\n<meta property=\"og:image\" content=\"https:\/\/jornalboasnoticias.com.br\/home\/wp-content\/uploads\/2025\/11\/Bolsonaro.webp\" \/>\n\t<meta property=\"og:image:width\" content=\"1170\" \/>\n\t<meta property=\"og:image:height\" content=\"700\" \/>\n\t<meta property=\"og:image:type\" content=\"image\/webp\" \/>\n<meta name=\"author\" content=\"Luiz Carlos da Cruz\" \/>\n<meta name=\"twitter:card\" content=\"summary_large_image\" \/>\n<meta name=\"twitter:label1\" content=\"Escrito por\" \/>\n\t<meta name=\"twitter:data1\" content=\"Luiz Carlos da Cruz\" \/>\n\t<meta name=\"twitter:label2\" content=\"Est. tempo de leitura\" \/>\n\t<meta name=\"twitter:data2\" content=\"3 minutos\" \/>\n<script type=\"application\/ld+json\" class=\"yoast-schema-graph\">{\"@context\":\"https:\\\/\\\/schema.org\",\"@graph\":[{\"@type\":\"Article\",\"@id\":\"https:\\\/\\\/jornalboasnoticias.com.br\\\/home\\\/moraes-autoriza-bolsonaro-a-fazer-exames-no-hospital-apos-sofrer-queda\\\/#article\",\"isPartOf\":{\"@id\":\"https:\\\/\\\/jornalboasnoticias.com.br\\\/home\\\/moraes-autoriza-bolsonaro-a-fazer-exames-no-hospital-apos-sofrer-queda\\\/\"},\"author\":{\"name\":\"Luiz Carlos da Cruz\",\"@id\":\"https:\\\/\\\/jornalboasnoticias.com.br\\\/home\\\/#\\\/schema\\\/person\\\/75f9ebde398c998c166475fb446bda62\"},\"headline\":\"Moraes autoriza Bolsonaro a fazer exames no hospital ap\u00f3s sofrer queda\",\"datePublished\":\"2026-01-07T14:31:07+00:00\",\"mainEntityOfPage\":{\"@id\":\"https:\\\/\\\/jornalboasnoticias.com.br\\\/home\\\/moraes-autoriza-bolsonaro-a-fazer-exames-no-hospital-apos-sofrer-queda\\\/\"},\"wordCount\":340,\"commentCount\":0,\"publisher\":{\"@id\":\"https:\\\/\\\/jornalboasnoticias.com.br\\\/home\\\/#organization\"},\"image\":{\"@id\":\"https:\\\/\\\/jornalboasnoticias.com.br\\\/home\\\/moraes-autoriza-bolsonaro-a-fazer-exames-no-hospital-apos-sofrer-queda\\\/#primaryimage\"},\"thumbnailUrl\":\"https:\\\/\\\/jornalboasnoticias.com.br\\\/home\\\/wp-content\\\/uploads\\\/2025\\\/11\\\/Bolsonaro.webp\",\"articleSection\":[\"BRASIL\",\"DESTAQUE\"],\"inLanguage\":\"pt-BR\",\"potentialAction\":[{\"@type\":\"CommentAction\",\"name\":\"Comment\",\"target\":[\"https:\\\/\\\/jornalboasnoticias.com.br\\\/home\\\/moraes-autoriza-bolsonaro-a-fazer-exames-no-hospital-apos-sofrer-queda\\\/#respond\"]}]},{\"@type\":\"WebPage\",\"@id\":\"https:\\\/\\\/jornalboasnoticias.com.br\\\/home\\\/moraes-autoriza-bolsonaro-a-fazer-exames-no-hospital-apos-sofrer-queda\\\/\",\"url\":\"https:\\\/\\\/jornalboasnoticias.com.br\\\/home\\\/moraes-autoriza-bolsonaro-a-fazer-exames-no-hospital-apos-sofrer-queda\\\/\",\"name\":\"Moraes autoriza Bolsonaro a fazer exames no hospital ap\u00f3s sofrer queda - Jornal\",\"isPartOf\":{\"@id\":\"https:\\\/\\\/jornalboasnoticias.com.br\\\/home\\\/#website\"},\"primaryImageOfPage\":{\"@id\":\"https:\\\/\\\/jornalboasnoticias.com.br\\\/home\\\/moraes-autoriza-bolsonaro-a-fazer-exames-no-hospital-apos-sofrer-queda\\\/#primaryimage\"},\"image\":{\"@id\":\"https:\\\/\\\/jornalboasnoticias.com.br\\\/home\\\/moraes-autoriza-bolsonaro-a-fazer-exames-no-hospital-apos-sofrer-queda\\\/#primaryimage\"},\"thumbnailUrl\":\"https:\\\/\\\/jornalboasnoticias.com.br\\\/home\\\/wp-content\\\/uploads\\\/2025\\\/11\\\/Bolsonaro.webp\",\"datePublished\":\"2026-01-07T14:31:07+00:00\",\"description\":\"Moraes autoriza Bolsonaro a fazer exames no hospital ap\u00f3s sofrer queda\",\"breadcrumb\":{\"@id\":\"https:\\\/\\\/jornalboasnoticias.com.br\\\/home\\\/moraes-autoriza-bolsonaro-a-fazer-exames-no-hospital-apos-sofrer-queda\\\/#breadcrumb\"},\"inLanguage\":\"pt-BR\",\"potentialAction\":[{\"@type\":\"ReadAction\",\"target\":[\"https:\\\/\\\/jornalboasnoticias.com.br\\\/home\\\/moraes-autoriza-bolsonaro-a-fazer-exames-no-hospital-apos-sofrer-queda\\\/\"]}]},{\"@type\":\"ImageObject\",\"inLanguage\":\"pt-BR\",\"@id\":\"https:\\\/\\\/jornalboasnoticias.com.br\\\/home\\\/moraes-autoriza-bolsonaro-a-fazer-exames-no-hospital-apos-sofrer-queda\\\/#primaryimage\",\"url\":\"https:\\\/\\\/jornalboasnoticias.com.br\\\/home\\\/wp-content\\\/uploads\\\/2025\\\/11\\\/Bolsonaro.webp\",\"contentUrl\":\"https:\\\/\\\/jornalboasnoticias.com.br\\\/home\\\/wp-content\\\/uploads\\\/2025\\\/11\\\/Bolsonaro.webp\",\"width\":1170,\"height\":700,\"caption\":\"\u00a9 Fernando Fraz\u00e3o\\\/Ag\u00eancia Brasil\"},{\"@type\":\"BreadcrumbList\",\"@id\":\"https:\\\/\\\/jornalboasnoticias.com.br\\\/home\\\/moraes-autoriza-bolsonaro-a-fazer-exames-no-hospital-apos-sofrer-queda\\\/#breadcrumb\",\"itemListElement\":[{\"@type\":\"ListItem\",\"position\":1,\"name\":\"In\u00edcio\",\"item\":\"https:\\\/\\\/jornalboasnoticias.com.br\\\/home\\\/\"},{\"@type\":\"ListItem\",\"position\":2,\"name\":\"Moraes autoriza Bolsonaro a fazer exames no hospital ap\u00f3s sofrer queda\"}]},{\"@type\":\"WebSite\",\"@id\":\"https:\\\/\\\/jornalboasnoticias.com.br\\\/home\\\/#website\",\"url\":\"https:\\\/\\\/jornalboasnoticias.com.br\\\/home\\\/\",\"name\":\"Jornal Boas Not\u00edcias\",\"description\":\"Boas not\u00edcias\",\"publisher\":{\"@id\":\"https:\\\/\\\/jornalboasnoticias.com.br\\\/home\\\/#organization\"},\"potentialAction\":[{\"@type\":\"SearchAction\",\"target\":{\"@type\":\"EntryPoint\",\"urlTemplate\":\"https:\\\/\\\/jornalboasnoticias.com.br\\\/home\\\/?s={search_term_string}\"},\"query-input\":{\"@type\":\"PropertyValueSpecification\",\"valueRequired\":true,\"valueName\":\"search_term_string\"}}],\"inLanguage\":\"pt-BR\"},{\"@type\":\"Organization\",\"@id\":\"https:\\\/\\\/jornalboasnoticias.com.br\\\/home\\\/#organization\",\"name\":\"Coq Editora Ltda\",\"alternateName\":\"Jornal Boas Noticias\",\"url\":\"https:\\\/\\\/jornalboasnoticias.com.br\\\/home\\\/\",\"logo\":{\"@type\":\"ImageObject\",\"inLanguage\":\"pt-BR\",\"@id\":\"https:\\\/\\\/jornalboasnoticias.com.br\\\/home\\\/#\\\/schema\\\/logo\\\/image\\\/\",\"url\":\"https:\\\/\\\/jornalboasnoticias.com.br\\\/home\\\/wp-content\\\/uploads\\\/2024\\\/07\\\/cropped-logo.jpg\",\"contentUrl\":\"https:\\\/\\\/jornalboasnoticias.com.br\\\/home\\\/wp-content\\\/uploads\\\/2024\\\/07\\\/cropped-logo.jpg\",\"width\":290,\"height\":142,\"caption\":\"Coq Editora Ltda\"},\"image\":{\"@id\":\"https:\\\/\\\/jornalboasnoticias.com.br\\\/home\\\/#\\\/schema\\\/logo\\\/image\\\/\"},\"sameAs\":[\"https:\\\/\\\/www.facebook.com\\\/boasnoticiasjornal\"]},{\"@type\":\"Person\",\"@id\":\"https:\\\/\\\/jornalboasnoticias.com.br\\\/home\\\/#\\\/schema\\\/person\\\/75f9ebde398c998c166475fb446bda62\",\"name\":\"Luiz Carlos da Cruz\",\"image\":{\"@type\":\"ImageObject\",\"inLanguage\":\"pt-BR\",\"@id\":\"https:\\\/\\\/secure.gravatar.com\\\/avatar\\\/e6f4f45301b6cb8572f7b076572e8ac11c1db80e805d8c8d0858cf286ce3ac3b?s=96&d=mm&r=g\",\"url\":\"https:\\\/\\\/secure.gravatar.com\\\/avatar\\\/e6f4f45301b6cb8572f7b076572e8ac11c1db80e805d8c8d0858cf286ce3ac3b?s=96&d=mm&r=g\",\"contentUrl\":\"https:\\\/\\\/secure.gravatar.com\\\/avatar\\\/e6f4f45301b6cb8572f7b076572e8ac11c1db80e805d8c8d0858cf286ce3ac3b?s=96&d=mm&r=g\",\"caption\":\"Luiz Carlos da Cruz\"},\"url\":\"https:\\\/\\\/jornalboasnoticias.com.br\\\/home\\\/author\\\/luiz-carlos-da-cruz\\\/\"}]}<\/script>\n<!-- \/ Yoast SEO plugin. -->","yoast_head_json":{"title":"Moraes autoriza Bolsonaro a fazer exames no hospital ap\u00f3s sofrer queda - Jornal","description":"Moraes autoriza Bolsonaro a fazer exames no hospital ap\u00f3s sofrer queda","robots":{"index":"index","follow":"follow","max-snippet":"max-snippet:-1","max-image-preview":"max-image-preview:large","max-video-preview":"max-video-preview:-1"},"canonical":"https:\/\/jornalboasnoticias.com.br\/home\/moraes-autoriza-bolsonaro-a-fazer-exames-no-hospital-apos-sofrer-queda\/","og_locale":"pt_BR","og_type":"article","og_title":"Moraes autoriza Bolsonaro a fazer exames no hospital ap\u00f3s sofrer queda - Jornal","og_description":"Moraes autoriza Bolsonaro a fazer exames no hospital ap\u00f3s sofrer queda","og_url":"https:\/\/jornalboasnoticias.com.br\/home\/moraes-autoriza-bolsonaro-a-fazer-exames-no-hospital-apos-sofrer-queda\/","og_site_name":"Jornal","article_publisher":"https:\/\/www.facebook.com\/boasnoticiasjornal","article_published_time":"2026-01-07T14:31:07+00:00","og_image":[{"width":1170,"height":700,"url":"https:\/\/jornalboasnoticias.com.br\/home\/wp-content\/uploads\/2025\/11\/Bolsonaro.webp","type":"image\/webp"}],"author":"Luiz Carlos da Cruz","twitter_card":"summary_large_image","twitter_misc":{"Escrito por":"Luiz Carlos da Cruz","Est. tempo de leitura":"3 minutos"},"schema":{"@context":"https:\/\/schema.org","@graph":[{"@type":"Article","@id":"https:\/\/jornalboasnoticias.com.br\/home\/moraes-autoriza-bolsonaro-a-fazer-exames-no-hospital-apos-sofrer-queda\/#article","isPartOf":{"@id":"https:\/\/jornalboasnoticias.com.br\/home\/moraes-autoriza-bolsonaro-a-fazer-exames-no-hospital-apos-sofrer-queda\/"},"author":{"name":"Luiz Carlos da Cruz","@id":"https:\/\/jornalboasnoticias.com.br\/home\/#\/schema\/person\/75f9ebde398c998c166475fb446bda62"},"headline":"Moraes autoriza Bolsonaro a fazer exames no hospital ap\u00f3s sofrer queda","datePublished":"2026-01-07T14:31:07+00:00","mainEntityOfPage":{"@id":"https:\/\/jornalboasnoticias.com.br\/home\/moraes-autoriza-bolsonaro-a-fazer-exames-no-hospital-apos-sofrer-queda\/"},"wordCount":340,"commentCount":0,"publisher":{"@id":"https:\/\/jornalboasnoticias.com.br\/home\/#organization"},"image":{"@id":"https:\/\/jornalboasnoticias.com.br\/home\/moraes-autoriza-bolsonaro-a-fazer-exames-no-hospital-apos-sofrer-queda\/#primaryimage"},"thumbnailUrl":"https:\/\/jornalboasnoticias.com.br\/home\/wp-content\/uploads\/2025\/11\/Bolsonaro.webp","articleSection":["BRASIL","DESTAQUE"],"inLanguage":"pt-BR","potentialAction":[{"@type":"CommentAction","name":"Comment","target":["https:\/\/jornalboasnoticias.com.br\/home\/moraes-autoriza-bolsonaro-a-fazer-exames-no-hospital-apos-sofrer-queda\/#respond"]}]},{"@type":"WebPage","@id":"https:\/\/jornalboasnoticias.com.br\/home\/moraes-autoriza-bolsonaro-a-fazer-exames-no-hospital-apos-sofrer-queda\/","url":"https:\/\/jornalboasnoticias.com.br\/home\/moraes-autoriza-bolsonaro-a-fazer-exames-no-hospital-apos-sofrer-queda\/","name":"Moraes autoriza Bolsonaro a fazer exames no hospital ap\u00f3s sofrer queda - Jornal","isPartOf":{"@id":"https:\/\/jornalboasnoticias.com.br\/home\/#website"},"primaryImageOfPage":{"@id":"https:\/\/jornalboasnoticias.com.br\/home\/moraes-autoriza-bolsonaro-a-fazer-exames-no-hospital-apos-sofrer-queda\/#primaryimage"},"image":{"@id":"https:\/\/jornalboasnoticias.com.br\/home\/moraes-autoriza-bolsonaro-a-fazer-exames-no-hospital-apos-sofrer-queda\/#primaryimage"},"thumbnailUrl":"https:\/\/jornalboasnoticias.com.br\/home\/wp-content\/uploads\/2025\/11\/Bolsonaro.webp","datePublished":"2026-01-07T14:31:07+00:00","description":"Moraes autoriza Bolsonaro a fazer exames no hospital ap\u00f3s sofrer queda","breadcrumb":{"@id":"https:\/\/jornalboasnoticias.com.br\/home\/moraes-autoriza-bolsonaro-a-fazer-exames-no-hospital-apos-sofrer-queda\/#breadcrumb"},"inLanguage":"pt-BR","potentialAction":[{"@type":"ReadAction","target":["https:\/\/jornalboasnoticias.com.br\/home\/moraes-autoriza-bolsonaro-a-fazer-exames-no-hospital-apos-sofrer-queda\/"]}]},{"@type":"ImageObject","inLanguage":"pt-BR","@id":"https:\/\/jornalboasnoticias.com.br\/home\/moraes-autoriza-bolsonaro-a-fazer-exames-no-hospital-apos-sofrer-queda\/#primaryimage","url":"https:\/\/jornalboasnoticias.com.br\/home\/wp-content\/uploads\/2025\/11\/Bolsonaro.webp","contentUrl":"https:\/\/jornalboasnoticias.com.br\/home\/wp-content\/uploads\/2025\/11\/Bolsonaro.webp","width":1170,"height":700,"caption":"\u00a9 Fernando Fraz\u00e3o\/Ag\u00eancia Brasil"},{"@type":"BreadcrumbList","@id":"https:\/\/jornalboasnoticias.com.br\/home\/moraes-autoriza-bolsonaro-a-fazer-exames-no-hospital-apos-sofrer-queda\/#breadcrumb","itemListElement":[{"@type":"ListItem","position":1,"name":"In\u00edcio","item":"https:\/\/jornalboasnoticias.com.br\/home\/"},{"@type":"ListItem","position":2,"name":"Moraes autoriza Bolsonaro a fazer exames no hospital ap\u00f3s sofrer queda"}]},{"@type":"WebSite","@id":"https:\/\/jornalboasnoticias.com.br\/home\/#website","url":"https:\/\/jornalboasnoticias.com.br\/home\/","name":"Jornal Boas Not\u00edcias","description":"Boas not\u00edcias","publisher":{"@id":"https:\/\/jornalboasnoticias.com.br\/home\/#organization"},"potentialAction":[{"@type":"SearchAction","target":{"@type":"EntryPoint","urlTemplate":"https:\/\/jornalboasnoticias.com.br\/home\/?s={search_term_string}"},"query-input":{"@type":"PropertyValueSpecification","valueRequired":true,"valueName":"search_term_string"}}],"inLanguage":"pt-BR"},{"@type":"Organization","@id":"https:\/\/jornalboasnoticias.com.br\/home\/#organization","name":"Coq Editora Ltda","alternateName":"Jornal Boas Noticias","url":"https:\/\/jornalboasnoticias.com.br\/home\/","logo":{"@type":"ImageObject","inLanguage":"pt-BR","@id":"https:\/\/jornalboasnoticias.com.br\/home\/#\/schema\/logo\/image\/","url":"https:\/\/jornalboasnoticias.com.br\/home\/wp-content\/uploads\/2024\/07\/cropped-logo.jpg","contentUrl":"https:\/\/jornalboasnoticias.com.br\/home\/wp-content\/uploads\/2024\/07\/cropped-logo.jpg","width":290,"height":142,"caption":"Coq Editora Ltda"},"image":{"@id":"https:\/\/jornalboasnoticias.com.br\/home\/#\/schema\/logo\/image\/"},"sameAs":["https:\/\/www.facebook.com\/boasnoticiasjornal"]},{"@type":"Person","@id":"https:\/\/jornalboasnoticias.com.br\/home\/#\/schema\/person\/75f9ebde398c998c166475fb446bda62","name":"Luiz Carlos da Cruz","image":{"@type":"ImageObject","inLanguage":"pt-BR","@id":"https:\/\/secure.gravatar.com\/avatar\/e6f4f45301b6cb8572f7b076572e8ac11c1db80e805d8c8d0858cf286ce3ac3b?s=96&d=mm&r=g","url":"https:\/\/secure.gravatar.com\/avatar\/e6f4f45301b6cb8572f7b076572e8ac11c1db80e805d8c8d0858cf286ce3ac3b?s=96&d=mm&r=g","contentUrl":"https:\/\/secure.gravatar.com\/avatar\/e6f4f45301b6cb8572f7b076572e8ac11c1db80e805d8c8d0858cf286ce3ac3b?s=96&d=mm&r=g","caption":"Luiz Carlos da Cruz"},"url":"https:\/\/jornalboasnoticias.com.br\/home\/author\/luiz-carlos-da-cruz\/"}]}},"_links":{"self":[{"href":"https:\/\/jornalboasnoticias.com.br\/home\/wp-json\/wp\/v2\/posts\/47072","targetHints":{"allow":["GET"]}}],"collection":[{"href":"https:\/\/jornalboasnoticias.com.br\/home\/wp-json\/wp\/v2\/posts"}],"about":[{"href":"https:\/\/jornalboasnoticias.com.br\/home\/wp-json\/wp\/v2\/types\/post"}],"author":[{"embeddable":true,"href":"https:\/\/jornalboasnoticias.com.br\/home\/wp-json\/wp\/v2\/users\/3"}],"replies":[{"embeddable":true,"href":"https:\/\/jornalboasnoticias.com.br\/home\/wp-json\/wp\/v2\/comments?post=47072"}],"version-history":[{"count":1,"href":"https:\/\/jornalboasnoticias.com.br\/home\/wp-json\/wp\/v2\/posts\/47072\/revisions"}],"predecessor-version":[{"id":47073,"href":"https:\/\/jornalboasnoticias.com.br\/home\/wp-json\/wp\/v2\/posts\/47072\/revisions\/47073"}],"wp:featuredmedia":[{"embeddable":true,"href":"https:\/\/jornalboasnoticias.com.br\/home\/wp-json\/wp\/v2\/media\/46559"}],"wp:attachment":[{"href":"https:\/\/jornalboasnoticias.com.br\/home\/wp-json\/wp\/v2\/media?parent=47072"}],"wp:term":[{"taxonomy":"category","embeddable":true,"href":"https:\/\/jornalboasnoticias.com.br\/home\/wp-json\/wp\/v2\/categories?post=47072"},{"taxonomy":"post_tag","embeddable":true,"href":"https:\/\/jornalboasnoticias.com.br\/home\/wp-json\/wp\/v2\/tags?post=47072"}],"curies":[{"name":"wp","href":"https:\/\/api.w.org\/{rel}","templated":true}]}}