{"id":47055,"date":"2026-01-05T20:14:43","date_gmt":"2026-01-05T20:14:43","guid":{"rendered":"https:\/\/jornalboasnoticias.com.br\/home\/?p=47055"},"modified":"2026-01-05T20:14:43","modified_gmt":"2026-01-05T20:14:43","slug":"delcy-rodriguez-toma-posse-como-presidente-interina-da-venezuela","status":"publish","type":"post","link":"https:\/\/jornalboasnoticias.com.br\/home\/delcy-rodriguez-toma-posse-como-presidente-interina-da-venezuela\/","title":{"rendered":"Delcy Rodr\u00edguez toma posse como presidente interina da Venezuela"},"content":{"rendered":"<blockquote>\n<p style=\"text-align: center;\">Ela assume a presid\u00eancia do pa\u00eds no lugar de Nicol\u00e1s Maduro<\/p>\n<\/blockquote>\n<figure id=\"attachment_47056\" aria-describedby=\"caption-attachment-47056\" style=\"width: 1000px\" class=\"wp-caption alignnone\"><img loading=\"lazy\" decoding=\"async\" class=\"size-full wp-image-47056\" src=\"https:\/\/jornalboasnoticias.com.br\/home\/wp-content\/uploads\/2026\/01\/2019-03-01t101633z_14886332_rc17cc8b4490_rtrmadp_3_venezuela-politics-russia-e1767644047807.webp\" alt=\"\" width=\"1000\" height=\"598\" \/><figcaption id=\"caption-attachment-47056\" class=\"wp-caption-text\">\u00a9 Maxim Shemetov\/Reuters\/Proibida reprodu\u00e7\u00e3o<\/figcaption><\/figure>\n<p>A vice-presidente Delcy Rodr\u00edguez tomou posse como presidente interina da Venezuela, ap\u00f3s o\u00a0sequestro de Nicol\u00e1s\u00a0Maduro, pelos Estados Unidos, no \u00faltimo s\u00e1bado (3). Delcy\u00a0prestou juramento nesta segunda-feira (5) perante a Assembleia Nacional do pa\u00eds.\u00a0<img decoding=\"async\" src=\"https:\/\/agenciabrasil.ebc.com.br\/ebc.png?id=1674236&amp;o=node\" \/><img decoding=\"async\" src=\"https:\/\/agenciabrasil.ebc.com.br\/ebc.gif?id=1674236&amp;o=node\" \/><\/p>\n<h2>Entenda<\/h2>\n<p>Os Estados Unidos (EUA) lan\u00e7aram no s\u00e1bado (3) \u201cum ataque de grande escala contra a Venezuela\u201d, que capturou\u00a0Maduro e sua mulher. Horas depois, em uma coletiva de imprensa, o presidente Donald Trump anunciou que os EUA\u00a0v\u00e3o governar o pa\u00eds at\u00e9 se concluir\u00a0uma transi\u00e7\u00e3o de poder.<\/p>\n<p>Ainda no s\u00e1bado, o Supremo Tribunal de Justi\u00e7a da Venezuela determinou que Delcy\u00a0assumisse a presid\u00eancia interina, &#8220;de forma a garantir a continuidade administrativa e a defesa integral da na\u00e7\u00e3o&#8221;. No domingo (4), as\u00a0For\u00e7as Armadas venezuelanas\u00a0reconheceram\u00a0Delcy como chefe de Estado.<\/p>\n<p>Delcy Rodr\u00edguez \u00e9\u00a0a primeira mulher na hist\u00f3ria do pa\u00eds a liderar o Executivo, j\u00e1 exigiu \u201ca liberta\u00e7\u00e3o imediata\u201d de Nicol\u00e1s Maduro, \u201co \u00fanico presidente da Venezuela\u201d, e\u00a0condenou a opera\u00e7\u00e3o militar dos Estados Unidos.<\/p>\n<p>A comunidade internacional tem se dividido entre a condena\u00e7\u00e3o da a\u00e7\u00e3o dos Estados Unidos e o j\u00fabilo pela queda de Maduro.<\/p>\n<p><em>Ag\u00eancia Brasil<\/em><\/p>\n","protected":false},"excerpt":{"rendered":"<p>Ela assume a presid\u00eancia do pa\u00eds no lugar de Nicol\u00e1s Maduro A vice-presidente Delcy Rodr\u00edguez<\/p>\n","protected":false},"author":3,"featured_media":47056,"comment_status":"open","ping_status":"open","sticky":false,"template":"","format":"standard","meta":{"footnotes":""},"categories":[9],"tags":[],"class_list":["post-47055","post","type-post","status-publish","format-standard","has-post-thumbnail","hentry","category-internacional"],"yoast_head":"<!-- This site is optimized with the Yoast SEO plugin v27.5 - https:\/\/yoast.com\/product\/yoast-seo-wordpress\/ -->\n<title>Delcy Rodr\u00edguez toma posse como presidente interina da Venezuela - Jornal<\/title>\n<meta name=\"description\" content=\"Delcy Rodr\u00edguez toma posse como presidente interina da Venezuela\" \/>\n<meta name=\"robots\" content=\"index, follow, max-snippet:-1, max-image-preview:large, max-video-preview:-1\" \/>\n<link rel=\"canonical\" href=\"https:\/\/jornalboasnoticias.com.br\/home\/delcy-rodriguez-toma-posse-como-presidente-interina-da-venezuela\/\" \/>\n<meta property=\"og:locale\" content=\"pt_BR\" \/>\n<meta property=\"og:type\" content=\"article\" \/>\n<meta property=\"og:title\" content=\"Delcy Rodr\u00edguez toma posse como presidente interina da Venezuela - Jornal\" \/>\n<meta property=\"og:description\" content=\"Delcy Rodr\u00edguez toma posse como presidente interina da Venezuela\" \/>\n<meta property=\"og:url\" content=\"https:\/\/jornalboasnoticias.com.br\/home\/delcy-rodriguez-toma-posse-como-presidente-interina-da-venezuela\/\" \/>\n<meta property=\"og:site_name\" content=\"Jornal\" \/>\n<meta property=\"article:publisher\" content=\"https:\/\/www.facebook.com\/boasnoticiasjornal\" \/>\n<meta property=\"article:published_time\" content=\"2026-01-05T20:14:43+00:00\" \/>\n<meta property=\"og:image\" content=\"https:\/\/jornalboasnoticias.com.br\/home\/wp-content\/uploads\/2026\/01\/2019-03-01t101633z_14886332_rc17cc8b4490_rtrmadp_3_venezuela-politics-russia-e1767644047807.webp\" \/>\n\t<meta property=\"og:image:width\" content=\"1000\" \/>\n\t<meta property=\"og:image:height\" content=\"598\" \/>\n\t<meta property=\"og:image:type\" content=\"image\/webp\" \/>\n<meta name=\"author\" content=\"Luiz Carlos da Cruz\" \/>\n<meta name=\"twitter:card\" content=\"summary_large_image\" \/>\n<meta name=\"twitter:label1\" content=\"Escrito por\" \/>\n\t<meta name=\"twitter:data1\" content=\"Luiz Carlos da Cruz\" \/>\n\t<meta name=\"twitter:label2\" content=\"Est. tempo de leitura\" \/>\n\t<meta name=\"twitter:data2\" content=\"2 minutos\" \/>\n<script type=\"application\/ld+json\" class=\"yoast-schema-graph\">{\"@context\":\"https:\\\/\\\/schema.org\",\"@graph\":[{\"@type\":\"Article\",\"@id\":\"https:\\\/\\\/jornalboasnoticias.com.br\\\/home\\\/delcy-rodriguez-toma-posse-como-presidente-interina-da-venezuela\\\/#article\",\"isPartOf\":{\"@id\":\"https:\\\/\\\/jornalboasnoticias.com.br\\\/home\\\/delcy-rodriguez-toma-posse-como-presidente-interina-da-venezuela\\\/\"},\"author\":{\"name\":\"Luiz Carlos da Cruz\",\"@id\":\"https:\\\/\\\/jornalboasnoticias.com.br\\\/home\\\/#\\\/schema\\\/person\\\/75f9ebde398c998c166475fb446bda62\"},\"headline\":\"Delcy Rodr\u00edguez toma posse como presidente interina da Venezuela\",\"datePublished\":\"2026-01-05T20:14:43+00:00\",\"mainEntityOfPage\":{\"@id\":\"https:\\\/\\\/jornalboasnoticias.com.br\\\/home\\\/delcy-rodriguez-toma-posse-como-presidente-interina-da-venezuela\\\/\"},\"wordCount\":243,\"commentCount\":0,\"publisher\":{\"@id\":\"https:\\\/\\\/jornalboasnoticias.com.br\\\/home\\\/#organization\"},\"image\":{\"@id\":\"https:\\\/\\\/jornalboasnoticias.com.br\\\/home\\\/delcy-rodriguez-toma-posse-como-presidente-interina-da-venezuela\\\/#primaryimage\"},\"thumbnailUrl\":\"https:\\\/\\\/jornalboasnoticias.com.br\\\/home\\\/wp-content\\\/uploads\\\/2026\\\/01\\\/2019-03-01t101633z_14886332_rc17cc8b4490_rtrmadp_3_venezuela-politics-russia-e1767644047807.webp\",\"articleSection\":[\"INTERNACIONAL\"],\"inLanguage\":\"pt-BR\",\"potentialAction\":[{\"@type\":\"CommentAction\",\"name\":\"Comment\",\"target\":[\"https:\\\/\\\/jornalboasnoticias.com.br\\\/home\\\/delcy-rodriguez-toma-posse-como-presidente-interina-da-venezuela\\\/#respond\"]}]},{\"@type\":\"WebPage\",\"@id\":\"https:\\\/\\\/jornalboasnoticias.com.br\\\/home\\\/delcy-rodriguez-toma-posse-como-presidente-interina-da-venezuela\\\/\",\"url\":\"https:\\\/\\\/jornalboasnoticias.com.br\\\/home\\\/delcy-rodriguez-toma-posse-como-presidente-interina-da-venezuela\\\/\",\"name\":\"Delcy Rodr\u00edguez toma posse como presidente interina da Venezuela - Jornal\",\"isPartOf\":{\"@id\":\"https:\\\/\\\/jornalboasnoticias.com.br\\\/home\\\/#website\"},\"primaryImageOfPage\":{\"@id\":\"https:\\\/\\\/jornalboasnoticias.com.br\\\/home\\\/delcy-rodriguez-toma-posse-como-presidente-interina-da-venezuela\\\/#primaryimage\"},\"image\":{\"@id\":\"https:\\\/\\\/jornalboasnoticias.com.br\\\/home\\\/delcy-rodriguez-toma-posse-como-presidente-interina-da-venezuela\\\/#primaryimage\"},\"thumbnailUrl\":\"https:\\\/\\\/jornalboasnoticias.com.br\\\/home\\\/wp-content\\\/uploads\\\/2026\\\/01\\\/2019-03-01t101633z_14886332_rc17cc8b4490_rtrmadp_3_venezuela-politics-russia-e1767644047807.webp\",\"datePublished\":\"2026-01-05T20:14:43+00:00\",\"description\":\"Delcy Rodr\u00edguez toma posse como presidente interina da Venezuela\",\"breadcrumb\":{\"@id\":\"https:\\\/\\\/jornalboasnoticias.com.br\\\/home\\\/delcy-rodriguez-toma-posse-como-presidente-interina-da-venezuela\\\/#breadcrumb\"},\"inLanguage\":\"pt-BR\",\"potentialAction\":[{\"@type\":\"ReadAction\",\"target\":[\"https:\\\/\\\/jornalboasnoticias.com.br\\\/home\\\/delcy-rodriguez-toma-posse-como-presidente-interina-da-venezuela\\\/\"]}]},{\"@type\":\"ImageObject\",\"inLanguage\":\"pt-BR\",\"@id\":\"https:\\\/\\\/jornalboasnoticias.com.br\\\/home\\\/delcy-rodriguez-toma-posse-como-presidente-interina-da-venezuela\\\/#primaryimage\",\"url\":\"https:\\\/\\\/jornalboasnoticias.com.br\\\/home\\\/wp-content\\\/uploads\\\/2026\\\/01\\\/2019-03-01t101633z_14886332_rc17cc8b4490_rtrmadp_3_venezuela-politics-russia-e1767644047807.webp\",\"contentUrl\":\"https:\\\/\\\/jornalboasnoticias.com.br\\\/home\\\/wp-content\\\/uploads\\\/2026\\\/01\\\/2019-03-01t101633z_14886332_rc17cc8b4490_rtrmadp_3_venezuela-politics-russia-e1767644047807.webp\",\"width\":1000,\"height\":598,\"caption\":\"\u00a9 Maxim Shemetov\\\/Reuters\\\/Proibida reprodu\u00e7\u00e3o\"},{\"@type\":\"BreadcrumbList\",\"@id\":\"https:\\\/\\\/jornalboasnoticias.com.br\\\/home\\\/delcy-rodriguez-toma-posse-como-presidente-interina-da-venezuela\\\/#breadcrumb\",\"itemListElement\":[{\"@type\":\"ListItem\",\"position\":1,\"name\":\"In\u00edcio\",\"item\":\"https:\\\/\\\/jornalboasnoticias.com.br\\\/home\\\/\"},{\"@type\":\"ListItem\",\"position\":2,\"name\":\"Delcy Rodr\u00edguez toma posse como presidente interina da Venezuela\"}]},{\"@type\":\"WebSite\",\"@id\":\"https:\\\/\\\/jornalboasnoticias.com.br\\\/home\\\/#website\",\"url\":\"https:\\\/\\\/jornalboasnoticias.com.br\\\/home\\\/\",\"name\":\"Jornal Boas Not\u00edcias\",\"description\":\"Boas not\u00edcias\",\"publisher\":{\"@id\":\"https:\\\/\\\/jornalboasnoticias.com.br\\\/home\\\/#organization\"},\"potentialAction\":[{\"@type\":\"SearchAction\",\"target\":{\"@type\":\"EntryPoint\",\"urlTemplate\":\"https:\\\/\\\/jornalboasnoticias.com.br\\\/home\\\/?s={search_term_string}\"},\"query-input\":{\"@type\":\"PropertyValueSpecification\",\"valueRequired\":true,\"valueName\":\"search_term_string\"}}],\"inLanguage\":\"pt-BR\"},{\"@type\":\"Organization\",\"@id\":\"https:\\\/\\\/jornalboasnoticias.com.br\\\/home\\\/#organization\",\"name\":\"Coq Editora Ltda\",\"alternateName\":\"Jornal Boas Noticias\",\"url\":\"https:\\\/\\\/jornalboasnoticias.com.br\\\/home\\\/\",\"logo\":{\"@type\":\"ImageObject\",\"inLanguage\":\"pt-BR\",\"@id\":\"https:\\\/\\\/jornalboasnoticias.com.br\\\/home\\\/#\\\/schema\\\/logo\\\/image\\\/\",\"url\":\"https:\\\/\\\/jornalboasnoticias.com.br\\\/home\\\/wp-content\\\/uploads\\\/2024\\\/07\\\/cropped-logo.jpg\",\"contentUrl\":\"https:\\\/\\\/jornalboasnoticias.com.br\\\/home\\\/wp-content\\\/uploads\\\/2024\\\/07\\\/cropped-logo.jpg\",\"width\":290,\"height\":142,\"caption\":\"Coq Editora Ltda\"},\"image\":{\"@id\":\"https:\\\/\\\/jornalboasnoticias.com.br\\\/home\\\/#\\\/schema\\\/logo\\\/image\\\/\"},\"sameAs\":[\"https:\\\/\\\/www.facebook.com\\\/boasnoticiasjornal\"]},{\"@type\":\"Person\",\"@id\":\"https:\\\/\\\/jornalboasnoticias.com.br\\\/home\\\/#\\\/schema\\\/person\\\/75f9ebde398c998c166475fb446bda62\",\"name\":\"Luiz Carlos da Cruz\",\"image\":{\"@type\":\"ImageObject\",\"inLanguage\":\"pt-BR\",\"@id\":\"https:\\\/\\\/secure.gravatar.com\\\/avatar\\\/e6f4f45301b6cb8572f7b076572e8ac11c1db80e805d8c8d0858cf286ce3ac3b?s=96&d=mm&r=g\",\"url\":\"https:\\\/\\\/secure.gravatar.com\\\/avatar\\\/e6f4f45301b6cb8572f7b076572e8ac11c1db80e805d8c8d0858cf286ce3ac3b?s=96&d=mm&r=g\",\"contentUrl\":\"https:\\\/\\\/secure.gravatar.com\\\/avatar\\\/e6f4f45301b6cb8572f7b076572e8ac11c1db80e805d8c8d0858cf286ce3ac3b?s=96&d=mm&r=g\",\"caption\":\"Luiz Carlos da Cruz\"},\"url\":\"https:\\\/\\\/jornalboasnoticias.com.br\\\/home\\\/author\\\/luiz-carlos-da-cruz\\\/\"}]}<\/script>\n<!-- \/ Yoast SEO plugin. -->","yoast_head_json":{"title":"Delcy Rodr\u00edguez toma posse como presidente interina da Venezuela - Jornal","description":"Delcy Rodr\u00edguez toma posse como presidente interina da Venezuela","robots":{"index":"index","follow":"follow","max-snippet":"max-snippet:-1","max-image-preview":"max-image-preview:large","max-video-preview":"max-video-preview:-1"},"canonical":"https:\/\/jornalboasnoticias.com.br\/home\/delcy-rodriguez-toma-posse-como-presidente-interina-da-venezuela\/","og_locale":"pt_BR","og_type":"article","og_title":"Delcy Rodr\u00edguez toma posse como presidente interina da Venezuela - Jornal","og_description":"Delcy Rodr\u00edguez toma posse como presidente interina da Venezuela","og_url":"https:\/\/jornalboasnoticias.com.br\/home\/delcy-rodriguez-toma-posse-como-presidente-interina-da-venezuela\/","og_site_name":"Jornal","article_publisher":"https:\/\/www.facebook.com\/boasnoticiasjornal","article_published_time":"2026-01-05T20:14:43+00:00","og_image":[{"width":1000,"height":598,"url":"https:\/\/jornalboasnoticias.com.br\/home\/wp-content\/uploads\/2026\/01\/2019-03-01t101633z_14886332_rc17cc8b4490_rtrmadp_3_venezuela-politics-russia-e1767644047807.webp","type":"image\/webp"}],"author":"Luiz Carlos da Cruz","twitter_card":"summary_large_image","twitter_misc":{"Escrito por":"Luiz Carlos da Cruz","Est. tempo de leitura":"2 minutos"},"schema":{"@context":"https:\/\/schema.org","@graph":[{"@type":"Article","@id":"https:\/\/jornalboasnoticias.com.br\/home\/delcy-rodriguez-toma-posse-como-presidente-interina-da-venezuela\/#article","isPartOf":{"@id":"https:\/\/jornalboasnoticias.com.br\/home\/delcy-rodriguez-toma-posse-como-presidente-interina-da-venezuela\/"},"author":{"name":"Luiz Carlos da Cruz","@id":"https:\/\/jornalboasnoticias.com.br\/home\/#\/schema\/person\/75f9ebde398c998c166475fb446bda62"},"headline":"Delcy Rodr\u00edguez toma posse como presidente interina da Venezuela","datePublished":"2026-01-05T20:14:43+00:00","mainEntityOfPage":{"@id":"https:\/\/jornalboasnoticias.com.br\/home\/delcy-rodriguez-toma-posse-como-presidente-interina-da-venezuela\/"},"wordCount":243,"commentCount":0,"publisher":{"@id":"https:\/\/jornalboasnoticias.com.br\/home\/#organization"},"image":{"@id":"https:\/\/jornalboasnoticias.com.br\/home\/delcy-rodriguez-toma-posse-como-presidente-interina-da-venezuela\/#primaryimage"},"thumbnailUrl":"https:\/\/jornalboasnoticias.com.br\/home\/wp-content\/uploads\/2026\/01\/2019-03-01t101633z_14886332_rc17cc8b4490_rtrmadp_3_venezuela-politics-russia-e1767644047807.webp","articleSection":["INTERNACIONAL"],"inLanguage":"pt-BR","potentialAction":[{"@type":"CommentAction","name":"Comment","target":["https:\/\/jornalboasnoticias.com.br\/home\/delcy-rodriguez-toma-posse-como-presidente-interina-da-venezuela\/#respond"]}]},{"@type":"WebPage","@id":"https:\/\/jornalboasnoticias.com.br\/home\/delcy-rodriguez-toma-posse-como-presidente-interina-da-venezuela\/","url":"https:\/\/jornalboasnoticias.com.br\/home\/delcy-rodriguez-toma-posse-como-presidente-interina-da-venezuela\/","name":"Delcy Rodr\u00edguez toma posse como presidente interina da Venezuela - Jornal","isPartOf":{"@id":"https:\/\/jornalboasnoticias.com.br\/home\/#website"},"primaryImageOfPage":{"@id":"https:\/\/jornalboasnoticias.com.br\/home\/delcy-rodriguez-toma-posse-como-presidente-interina-da-venezuela\/#primaryimage"},"image":{"@id":"https:\/\/jornalboasnoticias.com.br\/home\/delcy-rodriguez-toma-posse-como-presidente-interina-da-venezuela\/#primaryimage"},"thumbnailUrl":"https:\/\/jornalboasnoticias.com.br\/home\/wp-content\/uploads\/2026\/01\/2019-03-01t101633z_14886332_rc17cc8b4490_rtrmadp_3_venezuela-politics-russia-e1767644047807.webp","datePublished":"2026-01-05T20:14:43+00:00","description":"Delcy Rodr\u00edguez toma posse como presidente interina da Venezuela","breadcrumb":{"@id":"https:\/\/jornalboasnoticias.com.br\/home\/delcy-rodriguez-toma-posse-como-presidente-interina-da-venezuela\/#breadcrumb"},"inLanguage":"pt-BR","potentialAction":[{"@type":"ReadAction","target":["https:\/\/jornalboasnoticias.com.br\/home\/delcy-rodriguez-toma-posse-como-presidente-interina-da-venezuela\/"]}]},{"@type":"ImageObject","inLanguage":"pt-BR","@id":"https:\/\/jornalboasnoticias.com.br\/home\/delcy-rodriguez-toma-posse-como-presidente-interina-da-venezuela\/#primaryimage","url":"https:\/\/jornalboasnoticias.com.br\/home\/wp-content\/uploads\/2026\/01\/2019-03-01t101633z_14886332_rc17cc8b4490_rtrmadp_3_venezuela-politics-russia-e1767644047807.webp","contentUrl":"https:\/\/jornalboasnoticias.com.br\/home\/wp-content\/uploads\/2026\/01\/2019-03-01t101633z_14886332_rc17cc8b4490_rtrmadp_3_venezuela-politics-russia-e1767644047807.webp","width":1000,"height":598,"caption":"\u00a9 Maxim Shemetov\/Reuters\/Proibida reprodu\u00e7\u00e3o"},{"@type":"BreadcrumbList","@id":"https:\/\/jornalboasnoticias.com.br\/home\/delcy-rodriguez-toma-posse-como-presidente-interina-da-venezuela\/#breadcrumb","itemListElement":[{"@type":"ListItem","position":1,"name":"In\u00edcio","item":"https:\/\/jornalboasnoticias.com.br\/home\/"},{"@type":"ListItem","position":2,"name":"Delcy Rodr\u00edguez toma posse como presidente interina da Venezuela"}]},{"@type":"WebSite","@id":"https:\/\/jornalboasnoticias.com.br\/home\/#website","url":"https:\/\/jornalboasnoticias.com.br\/home\/","name":"Jornal Boas Not\u00edcias","description":"Boas not\u00edcias","publisher":{"@id":"https:\/\/jornalboasnoticias.com.br\/home\/#organization"},"potentialAction":[{"@type":"SearchAction","target":{"@type":"EntryPoint","urlTemplate":"https:\/\/jornalboasnoticias.com.br\/home\/?s={search_term_string}"},"query-input":{"@type":"PropertyValueSpecification","valueRequired":true,"valueName":"search_term_string"}}],"inLanguage":"pt-BR"},{"@type":"Organization","@id":"https:\/\/jornalboasnoticias.com.br\/home\/#organization","name":"Coq Editora Ltda","alternateName":"Jornal Boas Noticias","url":"https:\/\/jornalboasnoticias.com.br\/home\/","logo":{"@type":"ImageObject","inLanguage":"pt-BR","@id":"https:\/\/jornalboasnoticias.com.br\/home\/#\/schema\/logo\/image\/","url":"https:\/\/jornalboasnoticias.com.br\/home\/wp-content\/uploads\/2024\/07\/cropped-logo.jpg","contentUrl":"https:\/\/jornalboasnoticias.com.br\/home\/wp-content\/uploads\/2024\/07\/cropped-logo.jpg","width":290,"height":142,"caption":"Coq Editora Ltda"},"image":{"@id":"https:\/\/jornalboasnoticias.com.br\/home\/#\/schema\/logo\/image\/"},"sameAs":["https:\/\/www.facebook.com\/boasnoticiasjornal"]},{"@type":"Person","@id":"https:\/\/jornalboasnoticias.com.br\/home\/#\/schema\/person\/75f9ebde398c998c166475fb446bda62","name":"Luiz Carlos da Cruz","image":{"@type":"ImageObject","inLanguage":"pt-BR","@id":"https:\/\/secure.gravatar.com\/avatar\/e6f4f45301b6cb8572f7b076572e8ac11c1db80e805d8c8d0858cf286ce3ac3b?s=96&d=mm&r=g","url":"https:\/\/secure.gravatar.com\/avatar\/e6f4f45301b6cb8572f7b076572e8ac11c1db80e805d8c8d0858cf286ce3ac3b?s=96&d=mm&r=g","contentUrl":"https:\/\/secure.gravatar.com\/avatar\/e6f4f45301b6cb8572f7b076572e8ac11c1db80e805d8c8d0858cf286ce3ac3b?s=96&d=mm&r=g","caption":"Luiz Carlos da Cruz"},"url":"https:\/\/jornalboasnoticias.com.br\/home\/author\/luiz-carlos-da-cruz\/"}]}},"_links":{"self":[{"href":"https:\/\/jornalboasnoticias.com.br\/home\/wp-json\/wp\/v2\/posts\/47055","targetHints":{"allow":["GET"]}}],"collection":[{"href":"https:\/\/jornalboasnoticias.com.br\/home\/wp-json\/wp\/v2\/posts"}],"about":[{"href":"https:\/\/jornalboasnoticias.com.br\/home\/wp-json\/wp\/v2\/types\/post"}],"author":[{"embeddable":true,"href":"https:\/\/jornalboasnoticias.com.br\/home\/wp-json\/wp\/v2\/users\/3"}],"replies":[{"embeddable":true,"href":"https:\/\/jornalboasnoticias.com.br\/home\/wp-json\/wp\/v2\/comments?post=47055"}],"version-history":[{"count":1,"href":"https:\/\/jornalboasnoticias.com.br\/home\/wp-json\/wp\/v2\/posts\/47055\/revisions"}],"predecessor-version":[{"id":47057,"href":"https:\/\/jornalboasnoticias.com.br\/home\/wp-json\/wp\/v2\/posts\/47055\/revisions\/47057"}],"wp:featuredmedia":[{"embeddable":true,"href":"https:\/\/jornalboasnoticias.com.br\/home\/wp-json\/wp\/v2\/media\/47056"}],"wp:attachment":[{"href":"https:\/\/jornalboasnoticias.com.br\/home\/wp-json\/wp\/v2\/media?parent=47055"}],"wp:term":[{"taxonomy":"category","embeddable":true,"href":"https:\/\/jornalboasnoticias.com.br\/home\/wp-json\/wp\/v2\/categories?post=47055"},{"taxonomy":"post_tag","embeddable":true,"href":"https:\/\/jornalboasnoticias.com.br\/home\/wp-json\/wp\/v2\/tags?post=47055"}],"curies":[{"name":"wp","href":"https:\/\/api.w.org\/{rel}","templated":true}]}}