{"id":47046,"date":"2026-01-05T15:35:00","date_gmt":"2026-01-05T15:35:00","guid":{"rendered":"https:\/\/jornalboasnoticias.com.br\/home\/?p=47046"},"modified":"2026-01-05T15:35:00","modified_gmt":"2026-01-05T15:35:00","slug":"apos-sequestro-maduro-e-esposa-sao-levados-para-corte-em-nova-york","status":"publish","type":"post","link":"https:\/\/jornalboasnoticias.com.br\/home\/apos-sequestro-maduro-e-esposa-sao-levados-para-corte-em-nova-york\/","title":{"rendered":"Ap\u00f3s sequestro, Maduro e esposa s\u00e3o levados para Corte em Nova York"},"content":{"rendered":"<blockquote>\n<p style=\"text-align: center;\">Ex-presidente venezuelano passar\u00e1 por audi\u00eancia de cust\u00f3dia<\/p>\n<\/blockquote>\n<figure id=\"attachment_47047\" aria-describedby=\"caption-attachment-47047\" style=\"width: 1000px\" class=\"wp-caption alignnone\"><img loading=\"lazy\" decoding=\"async\" class=\"size-full wp-image-47047\" src=\"https:\/\/jornalboasnoticias.com.br\/home\/wp-content\/uploads\/2026\/01\/2026-01-05t123742z_5870836_rc20viay4zzz_rtrmadp_3_usa-venezuela-maduro-new-york-e1767627279120.jpg\" alt=\"\" width=\"1000\" height=\"598\" \/><figcaption id=\"caption-attachment-47047\" class=\"wp-caption-text\">\u00a9 REUTERS\/Adam Gray\/Proibida reprodu\u00e7\u00e3o<\/figcaption><\/figure>\n<p>Nicol\u00e1s Maduro, presidente da Venezuela sequestrado pelos Estados Unidos no s\u00e1bado (3), e sua mulher Cilia Flores, j\u00e1 est\u00e3o no Tribunal Federal, em Nova York, para uma audi\u00eancia de cust\u00f3dia na Justi\u00e7a norte-americana.\u00a0Eles ser\u00e3o notificados de maneira oficial sobre seus supostos crimes.\u00a0O casal est\u00e1 detido num pres\u00eddio federal no bairro do Brooklyn, tamb\u00e9m em NY.<img decoding=\"async\" src=\"https:\/\/agenciabrasil.ebc.com.br\/ebc.png?id=1674202&amp;o=node\" \/><img decoding=\"async\" src=\"https:\/\/agenciabrasil.ebc.com.br\/ebc.gif?id=1674202&amp;o=node\" \/><\/p>\n<p>Os venezuelanos v\u00e3o depor a Alvin K. Hellerstein, juiz s\u00eanior no distrito Sul de Nova York.\u00a0O depoimento acontece \u00e0s 14h, no hor\u00e1rio de Bras\u00edlia.<\/p>\n<p>Maduro e sua esposa s\u00e3o acusados de comandar um governo corrupto e sem legitimidade. Tamb\u00e9m h\u00e1 acusa\u00e7\u00f5es de promover o narco-terrorismo e conspira\u00e7\u00e3o para importar coca\u00edna, posse de metralhadoras e dispositivos explosivos e conspira\u00e7\u00e3o para posse de metralhadoras e dispositivos explosivos.<\/p>\n<p>Al\u00e9m de Maduro e Cilia, o filho do presidente venezuelano e outras tr\u00eas pessoas tamb\u00e9m s\u00e3o acusados dos mesmos crimes. Estas tr\u00eas pessoas n\u00e3o foram capturadas pela a\u00e7\u00e3o militar dos Estados Unidos na Venezuela.<\/p>\n<p>Marco Rubio, secret\u00e1rio de Estado dos Estados Unidos, acusou Maduro, no s\u00e1bado (3), de chefiar organiza\u00e7\u00e3o criminosa narcoterrorista. Rubio n\u00e3o apresentou provas.<\/p>\n<p>Os Estados Unidos n\u00e3o reconhecem Maduro como chefe de estado.<\/p>\n<p>Ag\u00eancia Brasil<\/p>\n","protected":false},"excerpt":{"rendered":"<p>Ex-presidente venezuelano passar\u00e1 por audi\u00eancia de cust\u00f3dia Nicol\u00e1s Maduro, presidente da Venezuela sequestrado pelos Estados<\/p>\n","protected":false},"author":3,"featured_media":47047,"comment_status":"open","ping_status":"open","sticky":false,"template":"","format":"standard","meta":{"footnotes":""},"categories":[3,9],"tags":[],"class_list":["post-47046","post","type-post","status-publish","format-standard","has-post-thumbnail","hentry","category-destaques","category-internacional"],"yoast_head":"<!-- This site is optimized with the Yoast SEO plugin v27.5 - https:\/\/yoast.com\/product\/yoast-seo-wordpress\/ -->\n<title>Ap\u00f3s sequestro, Maduro e esposa s\u00e3o levados para Corte em Nova York - Jornal<\/title>\n<meta name=\"description\" content=\"Ap\u00f3s sequestro, Maduro e esposa s\u00e3o levados para Corte em Nova York\" \/>\n<meta name=\"robots\" content=\"index, follow, max-snippet:-1, max-image-preview:large, max-video-preview:-1\" \/>\n<link rel=\"canonical\" href=\"https:\/\/jornalboasnoticias.com.br\/home\/apos-sequestro-maduro-e-esposa-sao-levados-para-corte-em-nova-york\/\" \/>\n<meta property=\"og:locale\" content=\"pt_BR\" \/>\n<meta property=\"og:type\" content=\"article\" \/>\n<meta property=\"og:title\" content=\"Ap\u00f3s sequestro, Maduro e esposa s\u00e3o levados para Corte em Nova York - Jornal\" \/>\n<meta property=\"og:description\" content=\"Ap\u00f3s sequestro, Maduro e esposa s\u00e3o levados para Corte em Nova York\" \/>\n<meta property=\"og:url\" content=\"https:\/\/jornalboasnoticias.com.br\/home\/apos-sequestro-maduro-e-esposa-sao-levados-para-corte-em-nova-york\/\" \/>\n<meta property=\"og:site_name\" content=\"Jornal\" \/>\n<meta property=\"article:publisher\" content=\"https:\/\/www.facebook.com\/boasnoticiasjornal\" \/>\n<meta property=\"article:published_time\" content=\"2026-01-05T15:35:00+00:00\" \/>\n<meta property=\"og:image\" content=\"https:\/\/jornalboasnoticias.com.br\/home\/wp-content\/uploads\/2026\/01\/2026-01-05t123742z_5870836_rc20viay4zzz_rtrmadp_3_usa-venezuela-maduro-new-york-e1767627279120.jpg\" \/>\n\t<meta property=\"og:image:width\" content=\"1000\" \/>\n\t<meta property=\"og:image:height\" content=\"598\" \/>\n\t<meta property=\"og:image:type\" content=\"image\/jpeg\" \/>\n<meta name=\"author\" content=\"Luiz Carlos da Cruz\" \/>\n<meta name=\"twitter:card\" content=\"summary_large_image\" \/>\n<meta name=\"twitter:label1\" content=\"Escrito por\" \/>\n\t<meta name=\"twitter:data1\" content=\"Luiz Carlos da Cruz\" \/>\n\t<meta name=\"twitter:label2\" content=\"Est. tempo de leitura\" \/>\n\t<meta name=\"twitter:data2\" content=\"2 minutos\" \/>\n<script type=\"application\/ld+json\" class=\"yoast-schema-graph\">{\"@context\":\"https:\\\/\\\/schema.org\",\"@graph\":[{\"@type\":\"Article\",\"@id\":\"https:\\\/\\\/jornalboasnoticias.com.br\\\/home\\\/apos-sequestro-maduro-e-esposa-sao-levados-para-corte-em-nova-york\\\/#article\",\"isPartOf\":{\"@id\":\"https:\\\/\\\/jornalboasnoticias.com.br\\\/home\\\/apos-sequestro-maduro-e-esposa-sao-levados-para-corte-em-nova-york\\\/\"},\"author\":{\"name\":\"Luiz Carlos da Cruz\",\"@id\":\"https:\\\/\\\/jornalboasnoticias.com.br\\\/home\\\/#\\\/schema\\\/person\\\/75f9ebde398c998c166475fb446bda62\"},\"headline\":\"Ap\u00f3s sequestro, Maduro e esposa s\u00e3o levados para Corte em Nova York\",\"datePublished\":\"2026-01-05T15:35:00+00:00\",\"mainEntityOfPage\":{\"@id\":\"https:\\\/\\\/jornalboasnoticias.com.br\\\/home\\\/apos-sequestro-maduro-e-esposa-sao-levados-para-corte-em-nova-york\\\/\"},\"wordCount\":257,\"commentCount\":0,\"publisher\":{\"@id\":\"https:\\\/\\\/jornalboasnoticias.com.br\\\/home\\\/#organization\"},\"image\":{\"@id\":\"https:\\\/\\\/jornalboasnoticias.com.br\\\/home\\\/apos-sequestro-maduro-e-esposa-sao-levados-para-corte-em-nova-york\\\/#primaryimage\"},\"thumbnailUrl\":\"https:\\\/\\\/jornalboasnoticias.com.br\\\/home\\\/wp-content\\\/uploads\\\/2026\\\/01\\\/2026-01-05t123742z_5870836_rc20viay4zzz_rtrmadp_3_usa-venezuela-maduro-new-york-e1767627279120.jpg\",\"articleSection\":[\"DESTAQUE\",\"INTERNACIONAL\"],\"inLanguage\":\"pt-BR\",\"potentialAction\":[{\"@type\":\"CommentAction\",\"name\":\"Comment\",\"target\":[\"https:\\\/\\\/jornalboasnoticias.com.br\\\/home\\\/apos-sequestro-maduro-e-esposa-sao-levados-para-corte-em-nova-york\\\/#respond\"]}]},{\"@type\":\"WebPage\",\"@id\":\"https:\\\/\\\/jornalboasnoticias.com.br\\\/home\\\/apos-sequestro-maduro-e-esposa-sao-levados-para-corte-em-nova-york\\\/\",\"url\":\"https:\\\/\\\/jornalboasnoticias.com.br\\\/home\\\/apos-sequestro-maduro-e-esposa-sao-levados-para-corte-em-nova-york\\\/\",\"name\":\"Ap\u00f3s sequestro, Maduro e esposa s\u00e3o levados para Corte em Nova York - Jornal\",\"isPartOf\":{\"@id\":\"https:\\\/\\\/jornalboasnoticias.com.br\\\/home\\\/#website\"},\"primaryImageOfPage\":{\"@id\":\"https:\\\/\\\/jornalboasnoticias.com.br\\\/home\\\/apos-sequestro-maduro-e-esposa-sao-levados-para-corte-em-nova-york\\\/#primaryimage\"},\"image\":{\"@id\":\"https:\\\/\\\/jornalboasnoticias.com.br\\\/home\\\/apos-sequestro-maduro-e-esposa-sao-levados-para-corte-em-nova-york\\\/#primaryimage\"},\"thumbnailUrl\":\"https:\\\/\\\/jornalboasnoticias.com.br\\\/home\\\/wp-content\\\/uploads\\\/2026\\\/01\\\/2026-01-05t123742z_5870836_rc20viay4zzz_rtrmadp_3_usa-venezuela-maduro-new-york-e1767627279120.jpg\",\"datePublished\":\"2026-01-05T15:35:00+00:00\",\"description\":\"Ap\u00f3s sequestro, Maduro e esposa s\u00e3o levados para Corte em Nova York\",\"breadcrumb\":{\"@id\":\"https:\\\/\\\/jornalboasnoticias.com.br\\\/home\\\/apos-sequestro-maduro-e-esposa-sao-levados-para-corte-em-nova-york\\\/#breadcrumb\"},\"inLanguage\":\"pt-BR\",\"potentialAction\":[{\"@type\":\"ReadAction\",\"target\":[\"https:\\\/\\\/jornalboasnoticias.com.br\\\/home\\\/apos-sequestro-maduro-e-esposa-sao-levados-para-corte-em-nova-york\\\/\"]}]},{\"@type\":\"ImageObject\",\"inLanguage\":\"pt-BR\",\"@id\":\"https:\\\/\\\/jornalboasnoticias.com.br\\\/home\\\/apos-sequestro-maduro-e-esposa-sao-levados-para-corte-em-nova-york\\\/#primaryimage\",\"url\":\"https:\\\/\\\/jornalboasnoticias.com.br\\\/home\\\/wp-content\\\/uploads\\\/2026\\\/01\\\/2026-01-05t123742z_5870836_rc20viay4zzz_rtrmadp_3_usa-venezuela-maduro-new-york-e1767627279120.jpg\",\"contentUrl\":\"https:\\\/\\\/jornalboasnoticias.com.br\\\/home\\\/wp-content\\\/uploads\\\/2026\\\/01\\\/2026-01-05t123742z_5870836_rc20viay4zzz_rtrmadp_3_usa-venezuela-maduro-new-york-e1767627279120.jpg\",\"width\":1000,\"height\":598,\"caption\":\"\u00a9 REUTERS\\\/Adam Gray\\\/Proibida reprodu\u00e7\u00e3o\"},{\"@type\":\"BreadcrumbList\",\"@id\":\"https:\\\/\\\/jornalboasnoticias.com.br\\\/home\\\/apos-sequestro-maduro-e-esposa-sao-levados-para-corte-em-nova-york\\\/#breadcrumb\",\"itemListElement\":[{\"@type\":\"ListItem\",\"position\":1,\"name\":\"In\u00edcio\",\"item\":\"https:\\\/\\\/jornalboasnoticias.com.br\\\/home\\\/\"},{\"@type\":\"ListItem\",\"position\":2,\"name\":\"Ap\u00f3s sequestro, Maduro e esposa s\u00e3o levados para Corte em Nova York\"}]},{\"@type\":\"WebSite\",\"@id\":\"https:\\\/\\\/jornalboasnoticias.com.br\\\/home\\\/#website\",\"url\":\"https:\\\/\\\/jornalboasnoticias.com.br\\\/home\\\/\",\"name\":\"Jornal Boas Not\u00edcias\",\"description\":\"Boas not\u00edcias\",\"publisher\":{\"@id\":\"https:\\\/\\\/jornalboasnoticias.com.br\\\/home\\\/#organization\"},\"potentialAction\":[{\"@type\":\"SearchAction\",\"target\":{\"@type\":\"EntryPoint\",\"urlTemplate\":\"https:\\\/\\\/jornalboasnoticias.com.br\\\/home\\\/?s={search_term_string}\"},\"query-input\":{\"@type\":\"PropertyValueSpecification\",\"valueRequired\":true,\"valueName\":\"search_term_string\"}}],\"inLanguage\":\"pt-BR\"},{\"@type\":\"Organization\",\"@id\":\"https:\\\/\\\/jornalboasnoticias.com.br\\\/home\\\/#organization\",\"name\":\"Coq Editora Ltda\",\"alternateName\":\"Jornal Boas Noticias\",\"url\":\"https:\\\/\\\/jornalboasnoticias.com.br\\\/home\\\/\",\"logo\":{\"@type\":\"ImageObject\",\"inLanguage\":\"pt-BR\",\"@id\":\"https:\\\/\\\/jornalboasnoticias.com.br\\\/home\\\/#\\\/schema\\\/logo\\\/image\\\/\",\"url\":\"https:\\\/\\\/jornalboasnoticias.com.br\\\/home\\\/wp-content\\\/uploads\\\/2024\\\/07\\\/cropped-logo.jpg\",\"contentUrl\":\"https:\\\/\\\/jornalboasnoticias.com.br\\\/home\\\/wp-content\\\/uploads\\\/2024\\\/07\\\/cropped-logo.jpg\",\"width\":290,\"height\":142,\"caption\":\"Coq Editora Ltda\"},\"image\":{\"@id\":\"https:\\\/\\\/jornalboasnoticias.com.br\\\/home\\\/#\\\/schema\\\/logo\\\/image\\\/\"},\"sameAs\":[\"https:\\\/\\\/www.facebook.com\\\/boasnoticiasjornal\"]},{\"@type\":\"Person\",\"@id\":\"https:\\\/\\\/jornalboasnoticias.com.br\\\/home\\\/#\\\/schema\\\/person\\\/75f9ebde398c998c166475fb446bda62\",\"name\":\"Luiz Carlos da Cruz\",\"image\":{\"@type\":\"ImageObject\",\"inLanguage\":\"pt-BR\",\"@id\":\"https:\\\/\\\/secure.gravatar.com\\\/avatar\\\/e6f4f45301b6cb8572f7b076572e8ac11c1db80e805d8c8d0858cf286ce3ac3b?s=96&d=mm&r=g\",\"url\":\"https:\\\/\\\/secure.gravatar.com\\\/avatar\\\/e6f4f45301b6cb8572f7b076572e8ac11c1db80e805d8c8d0858cf286ce3ac3b?s=96&d=mm&r=g\",\"contentUrl\":\"https:\\\/\\\/secure.gravatar.com\\\/avatar\\\/e6f4f45301b6cb8572f7b076572e8ac11c1db80e805d8c8d0858cf286ce3ac3b?s=96&d=mm&r=g\",\"caption\":\"Luiz Carlos da Cruz\"},\"url\":\"https:\\\/\\\/jornalboasnoticias.com.br\\\/home\\\/author\\\/luiz-carlos-da-cruz\\\/\"}]}<\/script>\n<!-- \/ Yoast SEO plugin. -->","yoast_head_json":{"title":"Ap\u00f3s sequestro, Maduro e esposa s\u00e3o levados para Corte em Nova York - Jornal","description":"Ap\u00f3s sequestro, Maduro e esposa s\u00e3o levados para Corte em Nova York","robots":{"index":"index","follow":"follow","max-snippet":"max-snippet:-1","max-image-preview":"max-image-preview:large","max-video-preview":"max-video-preview:-1"},"canonical":"https:\/\/jornalboasnoticias.com.br\/home\/apos-sequestro-maduro-e-esposa-sao-levados-para-corte-em-nova-york\/","og_locale":"pt_BR","og_type":"article","og_title":"Ap\u00f3s sequestro, Maduro e esposa s\u00e3o levados para Corte em Nova York - Jornal","og_description":"Ap\u00f3s sequestro, Maduro e esposa s\u00e3o levados para Corte em Nova York","og_url":"https:\/\/jornalboasnoticias.com.br\/home\/apos-sequestro-maduro-e-esposa-sao-levados-para-corte-em-nova-york\/","og_site_name":"Jornal","article_publisher":"https:\/\/www.facebook.com\/boasnoticiasjornal","article_published_time":"2026-01-05T15:35:00+00:00","og_image":[{"width":1000,"height":598,"url":"https:\/\/jornalboasnoticias.com.br\/home\/wp-content\/uploads\/2026\/01\/2026-01-05t123742z_5870836_rc20viay4zzz_rtrmadp_3_usa-venezuela-maduro-new-york-e1767627279120.jpg","type":"image\/jpeg"}],"author":"Luiz Carlos da Cruz","twitter_card":"summary_large_image","twitter_misc":{"Escrito por":"Luiz Carlos da Cruz","Est. tempo de leitura":"2 minutos"},"schema":{"@context":"https:\/\/schema.org","@graph":[{"@type":"Article","@id":"https:\/\/jornalboasnoticias.com.br\/home\/apos-sequestro-maduro-e-esposa-sao-levados-para-corte-em-nova-york\/#article","isPartOf":{"@id":"https:\/\/jornalboasnoticias.com.br\/home\/apos-sequestro-maduro-e-esposa-sao-levados-para-corte-em-nova-york\/"},"author":{"name":"Luiz Carlos da Cruz","@id":"https:\/\/jornalboasnoticias.com.br\/home\/#\/schema\/person\/75f9ebde398c998c166475fb446bda62"},"headline":"Ap\u00f3s sequestro, Maduro e esposa s\u00e3o levados para Corte em Nova York","datePublished":"2026-01-05T15:35:00+00:00","mainEntityOfPage":{"@id":"https:\/\/jornalboasnoticias.com.br\/home\/apos-sequestro-maduro-e-esposa-sao-levados-para-corte-em-nova-york\/"},"wordCount":257,"commentCount":0,"publisher":{"@id":"https:\/\/jornalboasnoticias.com.br\/home\/#organization"},"image":{"@id":"https:\/\/jornalboasnoticias.com.br\/home\/apos-sequestro-maduro-e-esposa-sao-levados-para-corte-em-nova-york\/#primaryimage"},"thumbnailUrl":"https:\/\/jornalboasnoticias.com.br\/home\/wp-content\/uploads\/2026\/01\/2026-01-05t123742z_5870836_rc20viay4zzz_rtrmadp_3_usa-venezuela-maduro-new-york-e1767627279120.jpg","articleSection":["DESTAQUE","INTERNACIONAL"],"inLanguage":"pt-BR","potentialAction":[{"@type":"CommentAction","name":"Comment","target":["https:\/\/jornalboasnoticias.com.br\/home\/apos-sequestro-maduro-e-esposa-sao-levados-para-corte-em-nova-york\/#respond"]}]},{"@type":"WebPage","@id":"https:\/\/jornalboasnoticias.com.br\/home\/apos-sequestro-maduro-e-esposa-sao-levados-para-corte-em-nova-york\/","url":"https:\/\/jornalboasnoticias.com.br\/home\/apos-sequestro-maduro-e-esposa-sao-levados-para-corte-em-nova-york\/","name":"Ap\u00f3s sequestro, Maduro e esposa s\u00e3o levados para Corte em Nova York - Jornal","isPartOf":{"@id":"https:\/\/jornalboasnoticias.com.br\/home\/#website"},"primaryImageOfPage":{"@id":"https:\/\/jornalboasnoticias.com.br\/home\/apos-sequestro-maduro-e-esposa-sao-levados-para-corte-em-nova-york\/#primaryimage"},"image":{"@id":"https:\/\/jornalboasnoticias.com.br\/home\/apos-sequestro-maduro-e-esposa-sao-levados-para-corte-em-nova-york\/#primaryimage"},"thumbnailUrl":"https:\/\/jornalboasnoticias.com.br\/home\/wp-content\/uploads\/2026\/01\/2026-01-05t123742z_5870836_rc20viay4zzz_rtrmadp_3_usa-venezuela-maduro-new-york-e1767627279120.jpg","datePublished":"2026-01-05T15:35:00+00:00","description":"Ap\u00f3s sequestro, Maduro e esposa s\u00e3o levados para Corte em Nova York","breadcrumb":{"@id":"https:\/\/jornalboasnoticias.com.br\/home\/apos-sequestro-maduro-e-esposa-sao-levados-para-corte-em-nova-york\/#breadcrumb"},"inLanguage":"pt-BR","potentialAction":[{"@type":"ReadAction","target":["https:\/\/jornalboasnoticias.com.br\/home\/apos-sequestro-maduro-e-esposa-sao-levados-para-corte-em-nova-york\/"]}]},{"@type":"ImageObject","inLanguage":"pt-BR","@id":"https:\/\/jornalboasnoticias.com.br\/home\/apos-sequestro-maduro-e-esposa-sao-levados-para-corte-em-nova-york\/#primaryimage","url":"https:\/\/jornalboasnoticias.com.br\/home\/wp-content\/uploads\/2026\/01\/2026-01-05t123742z_5870836_rc20viay4zzz_rtrmadp_3_usa-venezuela-maduro-new-york-e1767627279120.jpg","contentUrl":"https:\/\/jornalboasnoticias.com.br\/home\/wp-content\/uploads\/2026\/01\/2026-01-05t123742z_5870836_rc20viay4zzz_rtrmadp_3_usa-venezuela-maduro-new-york-e1767627279120.jpg","width":1000,"height":598,"caption":"\u00a9 REUTERS\/Adam Gray\/Proibida reprodu\u00e7\u00e3o"},{"@type":"BreadcrumbList","@id":"https:\/\/jornalboasnoticias.com.br\/home\/apos-sequestro-maduro-e-esposa-sao-levados-para-corte-em-nova-york\/#breadcrumb","itemListElement":[{"@type":"ListItem","position":1,"name":"In\u00edcio","item":"https:\/\/jornalboasnoticias.com.br\/home\/"},{"@type":"ListItem","position":2,"name":"Ap\u00f3s sequestro, Maduro e esposa s\u00e3o levados para Corte em Nova York"}]},{"@type":"WebSite","@id":"https:\/\/jornalboasnoticias.com.br\/home\/#website","url":"https:\/\/jornalboasnoticias.com.br\/home\/","name":"Jornal Boas Not\u00edcias","description":"Boas not\u00edcias","publisher":{"@id":"https:\/\/jornalboasnoticias.com.br\/home\/#organization"},"potentialAction":[{"@type":"SearchAction","target":{"@type":"EntryPoint","urlTemplate":"https:\/\/jornalboasnoticias.com.br\/home\/?s={search_term_string}"},"query-input":{"@type":"PropertyValueSpecification","valueRequired":true,"valueName":"search_term_string"}}],"inLanguage":"pt-BR"},{"@type":"Organization","@id":"https:\/\/jornalboasnoticias.com.br\/home\/#organization","name":"Coq Editora Ltda","alternateName":"Jornal Boas Noticias","url":"https:\/\/jornalboasnoticias.com.br\/home\/","logo":{"@type":"ImageObject","inLanguage":"pt-BR","@id":"https:\/\/jornalboasnoticias.com.br\/home\/#\/schema\/logo\/image\/","url":"https:\/\/jornalboasnoticias.com.br\/home\/wp-content\/uploads\/2024\/07\/cropped-logo.jpg","contentUrl":"https:\/\/jornalboasnoticias.com.br\/home\/wp-content\/uploads\/2024\/07\/cropped-logo.jpg","width":290,"height":142,"caption":"Coq Editora Ltda"},"image":{"@id":"https:\/\/jornalboasnoticias.com.br\/home\/#\/schema\/logo\/image\/"},"sameAs":["https:\/\/www.facebook.com\/boasnoticiasjornal"]},{"@type":"Person","@id":"https:\/\/jornalboasnoticias.com.br\/home\/#\/schema\/person\/75f9ebde398c998c166475fb446bda62","name":"Luiz Carlos da Cruz","image":{"@type":"ImageObject","inLanguage":"pt-BR","@id":"https:\/\/secure.gravatar.com\/avatar\/e6f4f45301b6cb8572f7b076572e8ac11c1db80e805d8c8d0858cf286ce3ac3b?s=96&d=mm&r=g","url":"https:\/\/secure.gravatar.com\/avatar\/e6f4f45301b6cb8572f7b076572e8ac11c1db80e805d8c8d0858cf286ce3ac3b?s=96&d=mm&r=g","contentUrl":"https:\/\/secure.gravatar.com\/avatar\/e6f4f45301b6cb8572f7b076572e8ac11c1db80e805d8c8d0858cf286ce3ac3b?s=96&d=mm&r=g","caption":"Luiz Carlos da Cruz"},"url":"https:\/\/jornalboasnoticias.com.br\/home\/author\/luiz-carlos-da-cruz\/"}]}},"_links":{"self":[{"href":"https:\/\/jornalboasnoticias.com.br\/home\/wp-json\/wp\/v2\/posts\/47046","targetHints":{"allow":["GET"]}}],"collection":[{"href":"https:\/\/jornalboasnoticias.com.br\/home\/wp-json\/wp\/v2\/posts"}],"about":[{"href":"https:\/\/jornalboasnoticias.com.br\/home\/wp-json\/wp\/v2\/types\/post"}],"author":[{"embeddable":true,"href":"https:\/\/jornalboasnoticias.com.br\/home\/wp-json\/wp\/v2\/users\/3"}],"replies":[{"embeddable":true,"href":"https:\/\/jornalboasnoticias.com.br\/home\/wp-json\/wp\/v2\/comments?post=47046"}],"version-history":[{"count":1,"href":"https:\/\/jornalboasnoticias.com.br\/home\/wp-json\/wp\/v2\/posts\/47046\/revisions"}],"predecessor-version":[{"id":47048,"href":"https:\/\/jornalboasnoticias.com.br\/home\/wp-json\/wp\/v2\/posts\/47046\/revisions\/47048"}],"wp:featuredmedia":[{"embeddable":true,"href":"https:\/\/jornalboasnoticias.com.br\/home\/wp-json\/wp\/v2\/media\/47047"}],"wp:attachment":[{"href":"https:\/\/jornalboasnoticias.com.br\/home\/wp-json\/wp\/v2\/media?parent=47046"}],"wp:term":[{"taxonomy":"category","embeddable":true,"href":"https:\/\/jornalboasnoticias.com.br\/home\/wp-json\/wp\/v2\/categories?post=47046"},{"taxonomy":"post_tag","embeddable":true,"href":"https:\/\/jornalboasnoticias.com.br\/home\/wp-json\/wp\/v2\/tags?post=47046"}],"curies":[{"name":"wp","href":"https:\/\/api.w.org\/{rel}","templated":true}]}}