{"id":47037,"date":"2026-01-05T14:36:48","date_gmt":"2026-01-05T14:36:48","guid":{"rendered":"https:\/\/jornalboasnoticias.com.br\/home\/?p=47037"},"modified":"2026-01-05T14:36:48","modified_gmt":"2026-01-05T14:36:48","slug":"parana-inicia-2026-com-mais-de-87-mil-vagas-de-emprego-nas-agencias-do-trabalhador","status":"publish","type":"post","link":"https:\/\/jornalboasnoticias.com.br\/home\/parana-inicia-2026-com-mais-de-87-mil-vagas-de-emprego-nas-agencias-do-trabalhador\/","title":{"rendered":"Paran\u00e1 inicia 2026 com mais de 8,7 mil vagas de emprego nas Ag\u00eancias do Trabalhador"},"content":{"rendered":"<blockquote>\n<p style=\"text-align: center;\">Primeira semana do ano marca retomada das atividades econ\u00f4micas e amplia oportunidades em todas as regi\u00f5es do Estado. Com o rein\u00edcio das opera\u00e7\u00f5es de empresas do com\u00e9rcio, da ind\u00fastria, dos servi\u00e7os e da constru\u00e7\u00e3o civil, a oferta de vagas cresce j\u00e1 nos primeiros dias de janeiro.<\/p>\n<\/blockquote>\n<figure id=\"attachment_47038\" aria-describedby=\"caption-attachment-47038\" style=\"width: 2560px\" class=\"wp-caption alignnone\"><img loading=\"lazy\" decoding=\"async\" class=\"size-full wp-image-47038\" src=\"https:\/\/jornalboasnoticias.com.br\/home\/wp-content\/uploads\/2026\/01\/20220512_agb_multirao_emprego-17_0-scaled.jpg\" alt=\"\" width=\"2560\" height=\"1707\" srcset=\"https:\/\/jornalboasnoticias.com.br\/home\/wp-content\/uploads\/2026\/01\/20220512_agb_multirao_emprego-17_0-scaled.jpg 2560w, https:\/\/jornalboasnoticias.com.br\/home\/wp-content\/uploads\/2026\/01\/20220512_agb_multirao_emprego-17_0-300x200.jpg 300w, https:\/\/jornalboasnoticias.com.br\/home\/wp-content\/uploads\/2026\/01\/20220512_agb_multirao_emprego-17_0-1024x683.jpg 1024w, https:\/\/jornalboasnoticias.com.br\/home\/wp-content\/uploads\/2026\/01\/20220512_agb_multirao_emprego-17_0-768x512.jpg 768w, https:\/\/jornalboasnoticias.com.br\/home\/wp-content\/uploads\/2026\/01\/20220512_agb_multirao_emprego-17_0-1536x1024.jpg 1536w, https:\/\/jornalboasnoticias.com.br\/home\/wp-content\/uploads\/2026\/01\/20220512_agb_multirao_emprego-17_0-2048x1365.jpg 2048w, https:\/\/jornalboasnoticias.com.br\/home\/wp-content\/uploads\/2026\/01\/20220512_agb_multirao_emprego-17_0-900x600.jpg 900w\" sizes=\"auto, (max-width: 2560px) 100vw, 2560px\" \/><figcaption id=\"caption-attachment-47038\" class=\"wp-caption-text\">Foto: Geraldo Bubniak\/AEN<\/figcaption><\/figure>\n<p>A primeira semana de 2026 come\u00e7a com um cen\u00e1rio positivo para quem busca uma coloca\u00e7\u00e3o no mercado de trabalho no Paran\u00e1. As Ag\u00eancias do Trabalhador do Estado disponibilizam\u00a08.716 vagas de emprego, distribu\u00eddas em todas as regi\u00f5es, refletindo a retomada gradual das atividades produtivas ap\u00f3s o per\u00edodo de recesso de fim de ano.<\/p>\n<p>Com o rein\u00edcio das opera\u00e7\u00f5es de empresas do com\u00e9rcio, da ind\u00fastria, dos servi\u00e7os e da constru\u00e7\u00e3o civil, a oferta de vagas cresce j\u00e1 nos primeiros dias de janeiro. O movimento \u00e9 tradicional neste per\u00edodo, quando empresas retomam contrata\u00e7\u00f5es, recomp\u00f5em equipes e abrem novas frentes de trabalho para atender \u00e0 demanda do in\u00edcio do ano.<\/p>\n<p>Entre as fun\u00e7\u00f5es com maior n\u00famero de oportunidades, destaca-se o cargo de\u00a0alimentador de linha de produ\u00e7\u00e3o, com\u00a01.808 vagas abertas, demonstrando a for\u00e7a do setor industrial paranaense. Na sequ\u00eancia aparecem\u00a0operador de caixa (426)\u00a0e\u00a0repositor de mercadorias (402), fun\u00e7\u00f5es diretamente ligadas ao com\u00e9rcio, que intensifica as contrata\u00e7\u00f5es com a normaliza\u00e7\u00e3o do fluxo de consumidores.<\/p>\n<p>O levantamento semanal tamb\u00e9m aponta vagas para\u00a0auxiliar de escrit\u00f3rio em geral (275),\u00a0atendente de lojas e mercados (229)\u00a0e\u00a0faxineiro (227), refor\u00e7ando a diversidade de oportunidades dispon\u00edveis. H\u00e1 ainda demanda significativa para\u00a0cobrador interno (220),\u00a0a\u00e7ougueiro (213)\u00a0e\u00a0auxiliar nos servi\u00e7os de alimenta\u00e7\u00e3o (198), setores que seguem em expans\u00e3o em diferentes regi\u00f5es do Estado.<\/p>\n<p>Na \u00e1rea de log\u00edstica e transportes, as oportunidades incluem\u00a0conferente de carga e descarga (154),\u00a0auxiliar de log\u00edstica (142),\u00a0motorista de caminh\u00e3o para rotas regionais e interestaduais (135)\u00a0e\u00a0despachante de transportes coletivos (132), refletindo o papel estrat\u00e9gico do Paran\u00e1 como corredor log\u00edstico e polo de distribui\u00e7\u00e3o.<\/p>\n<p>Para o secret\u00e1rio de Estado do Trabalho, Qualifica\u00e7\u00e3o e Renda,\u00a0Do Carmo, o in\u00edcio do ano j\u00e1 demonstra a confian\u00e7a do setor produtivo na economia paranaense. \u201cCome\u00e7amos 2026 com um volume expressivo de vagas, o que mostra que as empresas est\u00e3o retomando suas atividades com planejamento e disposi\u00e7\u00e3o para contratar. Nosso papel \u00e9 fazer essa ponte entre quem precisa trabalhar e quem precisa contratar, garantindo oportunidades em todas as regi\u00f5es do Estado\u201d, afirma o secret\u00e1rio.<\/p>\n<p>Segundo ele, a atua\u00e7\u00e3o das Ag\u00eancias do Trabalhador \u00e9 fundamental neste momento de retomada. \u201cAs unidades est\u00e3o preparadas para atender os trabalhadores, orientar sobre as vagas dispon\u00edveis e encaminhar para processos seletivos. A primeira semana do ano j\u00e1 sinaliza um mercado aquecido, especialmente nos setores industrial, comercial e de servi\u00e7os\u201d, destaca Do Carmo.<\/p>\n<p>As vagas s\u00e3o destinadas a trabalhadores com diferentes n\u00edveis de escolaridade e experi\u00eancia, ampliando o acesso ao mercado de trabalho e refor\u00e7ando o compromisso do Governo do Estado com a gera\u00e7\u00e3o de emprego e renda. Os interessados devem procurar a Ag\u00eancia do Trabalhador mais pr\u00f3xima para consultar as oportunidades e receber encaminhamento.<\/p>\n<p><em>Ag\u00eancia Estadual de Not\u00edcias<\/em><\/p>\n<p>&nbsp;<\/p>\n","protected":false},"excerpt":{"rendered":"<p>Primeira semana do ano marca retomada das atividades econ\u00f4micas e amplia oportunidades em todas as<\/p>\n","protected":false},"author":3,"featured_media":47038,"comment_status":"open","ping_status":"open","sticky":false,"template":"","format":"standard","meta":{"footnotes":""},"categories":[3,4],"tags":[],"class_list":["post-47037","post","type-post","status-publish","format-standard","has-post-thumbnail","hentry","category-destaques","category-parana"],"yoast_head":"<!-- This site is optimized with the Yoast SEO plugin v27.5 - https:\/\/yoast.com\/product\/yoast-seo-wordpress\/ -->\n<title>Paran\u00e1 inicia 2026 com mais de 8,7 mil vagas de emprego nas Ag\u00eancias do Trabalhador - Jornal<\/title>\n<meta name=\"description\" content=\"Paran\u00e1 inicia 2026 com mais de 8,7 mil vagas de emprego nas Ag\u00eancias do Trabalhador\" \/>\n<meta name=\"robots\" content=\"index, follow, max-snippet:-1, max-image-preview:large, max-video-preview:-1\" \/>\n<link rel=\"canonical\" href=\"https:\/\/jornalboasnoticias.com.br\/home\/parana-inicia-2026-com-mais-de-87-mil-vagas-de-emprego-nas-agencias-do-trabalhador\/\" \/>\n<meta property=\"og:locale\" content=\"pt_BR\" \/>\n<meta property=\"og:type\" content=\"article\" \/>\n<meta property=\"og:title\" content=\"Paran\u00e1 inicia 2026 com mais de 8,7 mil vagas de emprego nas Ag\u00eancias do Trabalhador - Jornal\" \/>\n<meta property=\"og:description\" content=\"Paran\u00e1 inicia 2026 com mais de 8,7 mil vagas de emprego nas Ag\u00eancias do Trabalhador\" \/>\n<meta property=\"og:url\" content=\"https:\/\/jornalboasnoticias.com.br\/home\/parana-inicia-2026-com-mais-de-87-mil-vagas-de-emprego-nas-agencias-do-trabalhador\/\" \/>\n<meta property=\"og:site_name\" content=\"Jornal\" \/>\n<meta property=\"article:publisher\" content=\"https:\/\/www.facebook.com\/boasnoticiasjornal\" \/>\n<meta property=\"article:published_time\" content=\"2026-01-05T14:36:48+00:00\" \/>\n<meta property=\"og:image\" content=\"https:\/\/jornalboasnoticias.com.br\/home\/wp-content\/uploads\/2026\/01\/20220512_agb_multirao_emprego-17_0-scaled.jpg\" \/>\n\t<meta property=\"og:image:width\" content=\"2560\" \/>\n\t<meta property=\"og:image:height\" content=\"1707\" \/>\n\t<meta property=\"og:image:type\" content=\"image\/jpeg\" \/>\n<meta name=\"author\" content=\"Luiz Carlos da Cruz\" \/>\n<meta name=\"twitter:card\" content=\"summary_large_image\" \/>\n<meta name=\"twitter:label1\" content=\"Escrito por\" \/>\n\t<meta name=\"twitter:data1\" content=\"Luiz Carlos da Cruz\" \/>\n\t<meta name=\"twitter:label2\" content=\"Est. tempo de leitura\" \/>\n\t<meta name=\"twitter:data2\" content=\"3 minutos\" \/>\n<script type=\"application\/ld+json\" class=\"yoast-schema-graph\">{\"@context\":\"https:\\\/\\\/schema.org\",\"@graph\":[{\"@type\":\"Article\",\"@id\":\"https:\\\/\\\/jornalboasnoticias.com.br\\\/home\\\/parana-inicia-2026-com-mais-de-87-mil-vagas-de-emprego-nas-agencias-do-trabalhador\\\/#article\",\"isPartOf\":{\"@id\":\"https:\\\/\\\/jornalboasnoticias.com.br\\\/home\\\/parana-inicia-2026-com-mais-de-87-mil-vagas-de-emprego-nas-agencias-do-trabalhador\\\/\"},\"author\":{\"name\":\"Luiz Carlos da Cruz\",\"@id\":\"https:\\\/\\\/jornalboasnoticias.com.br\\\/home\\\/#\\\/schema\\\/person\\\/75f9ebde398c998c166475fb446bda62\"},\"headline\":\"Paran\u00e1 inicia 2026 com mais de 8,7 mil vagas de emprego nas Ag\u00eancias do Trabalhador\",\"datePublished\":\"2026-01-05T14:36:48+00:00\",\"mainEntityOfPage\":{\"@id\":\"https:\\\/\\\/jornalboasnoticias.com.br\\\/home\\\/parana-inicia-2026-com-mais-de-87-mil-vagas-de-emprego-nas-agencias-do-trabalhador\\\/\"},\"wordCount\":574,\"commentCount\":0,\"publisher\":{\"@id\":\"https:\\\/\\\/jornalboasnoticias.com.br\\\/home\\\/#organization\"},\"image\":{\"@id\":\"https:\\\/\\\/jornalboasnoticias.com.br\\\/home\\\/parana-inicia-2026-com-mais-de-87-mil-vagas-de-emprego-nas-agencias-do-trabalhador\\\/#primaryimage\"},\"thumbnailUrl\":\"https:\\\/\\\/jornalboasnoticias.com.br\\\/home\\\/wp-content\\\/uploads\\\/2026\\\/01\\\/20220512_agb_multirao_emprego-17_0-scaled.jpg\",\"articleSection\":[\"DESTAQUE\",\"PARAN\u00c1\"],\"inLanguage\":\"pt-BR\",\"potentialAction\":[{\"@type\":\"CommentAction\",\"name\":\"Comment\",\"target\":[\"https:\\\/\\\/jornalboasnoticias.com.br\\\/home\\\/parana-inicia-2026-com-mais-de-87-mil-vagas-de-emprego-nas-agencias-do-trabalhador\\\/#respond\"]}]},{\"@type\":\"WebPage\",\"@id\":\"https:\\\/\\\/jornalboasnoticias.com.br\\\/home\\\/parana-inicia-2026-com-mais-de-87-mil-vagas-de-emprego-nas-agencias-do-trabalhador\\\/\",\"url\":\"https:\\\/\\\/jornalboasnoticias.com.br\\\/home\\\/parana-inicia-2026-com-mais-de-87-mil-vagas-de-emprego-nas-agencias-do-trabalhador\\\/\",\"name\":\"Paran\u00e1 inicia 2026 com mais de 8,7 mil vagas de emprego nas Ag\u00eancias do Trabalhador - Jornal\",\"isPartOf\":{\"@id\":\"https:\\\/\\\/jornalboasnoticias.com.br\\\/home\\\/#website\"},\"primaryImageOfPage\":{\"@id\":\"https:\\\/\\\/jornalboasnoticias.com.br\\\/home\\\/parana-inicia-2026-com-mais-de-87-mil-vagas-de-emprego-nas-agencias-do-trabalhador\\\/#primaryimage\"},\"image\":{\"@id\":\"https:\\\/\\\/jornalboasnoticias.com.br\\\/home\\\/parana-inicia-2026-com-mais-de-87-mil-vagas-de-emprego-nas-agencias-do-trabalhador\\\/#primaryimage\"},\"thumbnailUrl\":\"https:\\\/\\\/jornalboasnoticias.com.br\\\/home\\\/wp-content\\\/uploads\\\/2026\\\/01\\\/20220512_agb_multirao_emprego-17_0-scaled.jpg\",\"datePublished\":\"2026-01-05T14:36:48+00:00\",\"description\":\"Paran\u00e1 inicia 2026 com mais de 8,7 mil vagas de emprego nas Ag\u00eancias do Trabalhador\",\"breadcrumb\":{\"@id\":\"https:\\\/\\\/jornalboasnoticias.com.br\\\/home\\\/parana-inicia-2026-com-mais-de-87-mil-vagas-de-emprego-nas-agencias-do-trabalhador\\\/#breadcrumb\"},\"inLanguage\":\"pt-BR\",\"potentialAction\":[{\"@type\":\"ReadAction\",\"target\":[\"https:\\\/\\\/jornalboasnoticias.com.br\\\/home\\\/parana-inicia-2026-com-mais-de-87-mil-vagas-de-emprego-nas-agencias-do-trabalhador\\\/\"]}]},{\"@type\":\"ImageObject\",\"inLanguage\":\"pt-BR\",\"@id\":\"https:\\\/\\\/jornalboasnoticias.com.br\\\/home\\\/parana-inicia-2026-com-mais-de-87-mil-vagas-de-emprego-nas-agencias-do-trabalhador\\\/#primaryimage\",\"url\":\"https:\\\/\\\/jornalboasnoticias.com.br\\\/home\\\/wp-content\\\/uploads\\\/2026\\\/01\\\/20220512_agb_multirao_emprego-17_0-scaled.jpg\",\"contentUrl\":\"https:\\\/\\\/jornalboasnoticias.com.br\\\/home\\\/wp-content\\\/uploads\\\/2026\\\/01\\\/20220512_agb_multirao_emprego-17_0-scaled.jpg\",\"width\":2560,\"height\":1707,\"caption\":\"Foto: Geraldo Bubniak\\\/AEN\"},{\"@type\":\"BreadcrumbList\",\"@id\":\"https:\\\/\\\/jornalboasnoticias.com.br\\\/home\\\/parana-inicia-2026-com-mais-de-87-mil-vagas-de-emprego-nas-agencias-do-trabalhador\\\/#breadcrumb\",\"itemListElement\":[{\"@type\":\"ListItem\",\"position\":1,\"name\":\"In\u00edcio\",\"item\":\"https:\\\/\\\/jornalboasnoticias.com.br\\\/home\\\/\"},{\"@type\":\"ListItem\",\"position\":2,\"name\":\"Paran\u00e1 inicia 2026 com mais de 8,7 mil vagas de emprego nas Ag\u00eancias do Trabalhador\"}]},{\"@type\":\"WebSite\",\"@id\":\"https:\\\/\\\/jornalboasnoticias.com.br\\\/home\\\/#website\",\"url\":\"https:\\\/\\\/jornalboasnoticias.com.br\\\/home\\\/\",\"name\":\"Jornal Boas Not\u00edcias\",\"description\":\"Boas not\u00edcias\",\"publisher\":{\"@id\":\"https:\\\/\\\/jornalboasnoticias.com.br\\\/home\\\/#organization\"},\"potentialAction\":[{\"@type\":\"SearchAction\",\"target\":{\"@type\":\"EntryPoint\",\"urlTemplate\":\"https:\\\/\\\/jornalboasnoticias.com.br\\\/home\\\/?s={search_term_string}\"},\"query-input\":{\"@type\":\"PropertyValueSpecification\",\"valueRequired\":true,\"valueName\":\"search_term_string\"}}],\"inLanguage\":\"pt-BR\"},{\"@type\":\"Organization\",\"@id\":\"https:\\\/\\\/jornalboasnoticias.com.br\\\/home\\\/#organization\",\"name\":\"Coq Editora Ltda\",\"alternateName\":\"Jornal Boas Noticias\",\"url\":\"https:\\\/\\\/jornalboasnoticias.com.br\\\/home\\\/\",\"logo\":{\"@type\":\"ImageObject\",\"inLanguage\":\"pt-BR\",\"@id\":\"https:\\\/\\\/jornalboasnoticias.com.br\\\/home\\\/#\\\/schema\\\/logo\\\/image\\\/\",\"url\":\"https:\\\/\\\/jornalboasnoticias.com.br\\\/home\\\/wp-content\\\/uploads\\\/2024\\\/07\\\/cropped-logo.jpg\",\"contentUrl\":\"https:\\\/\\\/jornalboasnoticias.com.br\\\/home\\\/wp-content\\\/uploads\\\/2024\\\/07\\\/cropped-logo.jpg\",\"width\":290,\"height\":142,\"caption\":\"Coq Editora Ltda\"},\"image\":{\"@id\":\"https:\\\/\\\/jornalboasnoticias.com.br\\\/home\\\/#\\\/schema\\\/logo\\\/image\\\/\"},\"sameAs\":[\"https:\\\/\\\/www.facebook.com\\\/boasnoticiasjornal\"]},{\"@type\":\"Person\",\"@id\":\"https:\\\/\\\/jornalboasnoticias.com.br\\\/home\\\/#\\\/schema\\\/person\\\/75f9ebde398c998c166475fb446bda62\",\"name\":\"Luiz Carlos da Cruz\",\"image\":{\"@type\":\"ImageObject\",\"inLanguage\":\"pt-BR\",\"@id\":\"https:\\\/\\\/secure.gravatar.com\\\/avatar\\\/e6f4f45301b6cb8572f7b076572e8ac11c1db80e805d8c8d0858cf286ce3ac3b?s=96&d=mm&r=g\",\"url\":\"https:\\\/\\\/secure.gravatar.com\\\/avatar\\\/e6f4f45301b6cb8572f7b076572e8ac11c1db80e805d8c8d0858cf286ce3ac3b?s=96&d=mm&r=g\",\"contentUrl\":\"https:\\\/\\\/secure.gravatar.com\\\/avatar\\\/e6f4f45301b6cb8572f7b076572e8ac11c1db80e805d8c8d0858cf286ce3ac3b?s=96&d=mm&r=g\",\"caption\":\"Luiz Carlos da Cruz\"},\"url\":\"https:\\\/\\\/jornalboasnoticias.com.br\\\/home\\\/author\\\/luiz-carlos-da-cruz\\\/\"}]}<\/script>\n<!-- \/ Yoast SEO plugin. -->","yoast_head_json":{"title":"Paran\u00e1 inicia 2026 com mais de 8,7 mil vagas de emprego nas Ag\u00eancias do Trabalhador - Jornal","description":"Paran\u00e1 inicia 2026 com mais de 8,7 mil vagas de emprego nas Ag\u00eancias do Trabalhador","robots":{"index":"index","follow":"follow","max-snippet":"max-snippet:-1","max-image-preview":"max-image-preview:large","max-video-preview":"max-video-preview:-1"},"canonical":"https:\/\/jornalboasnoticias.com.br\/home\/parana-inicia-2026-com-mais-de-87-mil-vagas-de-emprego-nas-agencias-do-trabalhador\/","og_locale":"pt_BR","og_type":"article","og_title":"Paran\u00e1 inicia 2026 com mais de 8,7 mil vagas de emprego nas Ag\u00eancias do Trabalhador - Jornal","og_description":"Paran\u00e1 inicia 2026 com mais de 8,7 mil vagas de emprego nas Ag\u00eancias do Trabalhador","og_url":"https:\/\/jornalboasnoticias.com.br\/home\/parana-inicia-2026-com-mais-de-87-mil-vagas-de-emprego-nas-agencias-do-trabalhador\/","og_site_name":"Jornal","article_publisher":"https:\/\/www.facebook.com\/boasnoticiasjornal","article_published_time":"2026-01-05T14:36:48+00:00","og_image":[{"width":2560,"height":1707,"url":"https:\/\/jornalboasnoticias.com.br\/home\/wp-content\/uploads\/2026\/01\/20220512_agb_multirao_emprego-17_0-scaled.jpg","type":"image\/jpeg"}],"author":"Luiz Carlos da Cruz","twitter_card":"summary_large_image","twitter_misc":{"Escrito por":"Luiz Carlos da Cruz","Est. tempo de leitura":"3 minutos"},"schema":{"@context":"https:\/\/schema.org","@graph":[{"@type":"Article","@id":"https:\/\/jornalboasnoticias.com.br\/home\/parana-inicia-2026-com-mais-de-87-mil-vagas-de-emprego-nas-agencias-do-trabalhador\/#article","isPartOf":{"@id":"https:\/\/jornalboasnoticias.com.br\/home\/parana-inicia-2026-com-mais-de-87-mil-vagas-de-emprego-nas-agencias-do-trabalhador\/"},"author":{"name":"Luiz Carlos da Cruz","@id":"https:\/\/jornalboasnoticias.com.br\/home\/#\/schema\/person\/75f9ebde398c998c166475fb446bda62"},"headline":"Paran\u00e1 inicia 2026 com mais de 8,7 mil vagas de emprego nas Ag\u00eancias do Trabalhador","datePublished":"2026-01-05T14:36:48+00:00","mainEntityOfPage":{"@id":"https:\/\/jornalboasnoticias.com.br\/home\/parana-inicia-2026-com-mais-de-87-mil-vagas-de-emprego-nas-agencias-do-trabalhador\/"},"wordCount":574,"commentCount":0,"publisher":{"@id":"https:\/\/jornalboasnoticias.com.br\/home\/#organization"},"image":{"@id":"https:\/\/jornalboasnoticias.com.br\/home\/parana-inicia-2026-com-mais-de-87-mil-vagas-de-emprego-nas-agencias-do-trabalhador\/#primaryimage"},"thumbnailUrl":"https:\/\/jornalboasnoticias.com.br\/home\/wp-content\/uploads\/2026\/01\/20220512_agb_multirao_emprego-17_0-scaled.jpg","articleSection":["DESTAQUE","PARAN\u00c1"],"inLanguage":"pt-BR","potentialAction":[{"@type":"CommentAction","name":"Comment","target":["https:\/\/jornalboasnoticias.com.br\/home\/parana-inicia-2026-com-mais-de-87-mil-vagas-de-emprego-nas-agencias-do-trabalhador\/#respond"]}]},{"@type":"WebPage","@id":"https:\/\/jornalboasnoticias.com.br\/home\/parana-inicia-2026-com-mais-de-87-mil-vagas-de-emprego-nas-agencias-do-trabalhador\/","url":"https:\/\/jornalboasnoticias.com.br\/home\/parana-inicia-2026-com-mais-de-87-mil-vagas-de-emprego-nas-agencias-do-trabalhador\/","name":"Paran\u00e1 inicia 2026 com mais de 8,7 mil vagas de emprego nas Ag\u00eancias do Trabalhador - Jornal","isPartOf":{"@id":"https:\/\/jornalboasnoticias.com.br\/home\/#website"},"primaryImageOfPage":{"@id":"https:\/\/jornalboasnoticias.com.br\/home\/parana-inicia-2026-com-mais-de-87-mil-vagas-de-emprego-nas-agencias-do-trabalhador\/#primaryimage"},"image":{"@id":"https:\/\/jornalboasnoticias.com.br\/home\/parana-inicia-2026-com-mais-de-87-mil-vagas-de-emprego-nas-agencias-do-trabalhador\/#primaryimage"},"thumbnailUrl":"https:\/\/jornalboasnoticias.com.br\/home\/wp-content\/uploads\/2026\/01\/20220512_agb_multirao_emprego-17_0-scaled.jpg","datePublished":"2026-01-05T14:36:48+00:00","description":"Paran\u00e1 inicia 2026 com mais de 8,7 mil vagas de emprego nas Ag\u00eancias do Trabalhador","breadcrumb":{"@id":"https:\/\/jornalboasnoticias.com.br\/home\/parana-inicia-2026-com-mais-de-87-mil-vagas-de-emprego-nas-agencias-do-trabalhador\/#breadcrumb"},"inLanguage":"pt-BR","potentialAction":[{"@type":"ReadAction","target":["https:\/\/jornalboasnoticias.com.br\/home\/parana-inicia-2026-com-mais-de-87-mil-vagas-de-emprego-nas-agencias-do-trabalhador\/"]}]},{"@type":"ImageObject","inLanguage":"pt-BR","@id":"https:\/\/jornalboasnoticias.com.br\/home\/parana-inicia-2026-com-mais-de-87-mil-vagas-de-emprego-nas-agencias-do-trabalhador\/#primaryimage","url":"https:\/\/jornalboasnoticias.com.br\/home\/wp-content\/uploads\/2026\/01\/20220512_agb_multirao_emprego-17_0-scaled.jpg","contentUrl":"https:\/\/jornalboasnoticias.com.br\/home\/wp-content\/uploads\/2026\/01\/20220512_agb_multirao_emprego-17_0-scaled.jpg","width":2560,"height":1707,"caption":"Foto: Geraldo Bubniak\/AEN"},{"@type":"BreadcrumbList","@id":"https:\/\/jornalboasnoticias.com.br\/home\/parana-inicia-2026-com-mais-de-87-mil-vagas-de-emprego-nas-agencias-do-trabalhador\/#breadcrumb","itemListElement":[{"@type":"ListItem","position":1,"name":"In\u00edcio","item":"https:\/\/jornalboasnoticias.com.br\/home\/"},{"@type":"ListItem","position":2,"name":"Paran\u00e1 inicia 2026 com mais de 8,7 mil vagas de emprego nas Ag\u00eancias do Trabalhador"}]},{"@type":"WebSite","@id":"https:\/\/jornalboasnoticias.com.br\/home\/#website","url":"https:\/\/jornalboasnoticias.com.br\/home\/","name":"Jornal Boas Not\u00edcias","description":"Boas not\u00edcias","publisher":{"@id":"https:\/\/jornalboasnoticias.com.br\/home\/#organization"},"potentialAction":[{"@type":"SearchAction","target":{"@type":"EntryPoint","urlTemplate":"https:\/\/jornalboasnoticias.com.br\/home\/?s={search_term_string}"},"query-input":{"@type":"PropertyValueSpecification","valueRequired":true,"valueName":"search_term_string"}}],"inLanguage":"pt-BR"},{"@type":"Organization","@id":"https:\/\/jornalboasnoticias.com.br\/home\/#organization","name":"Coq Editora Ltda","alternateName":"Jornal Boas Noticias","url":"https:\/\/jornalboasnoticias.com.br\/home\/","logo":{"@type":"ImageObject","inLanguage":"pt-BR","@id":"https:\/\/jornalboasnoticias.com.br\/home\/#\/schema\/logo\/image\/","url":"https:\/\/jornalboasnoticias.com.br\/home\/wp-content\/uploads\/2024\/07\/cropped-logo.jpg","contentUrl":"https:\/\/jornalboasnoticias.com.br\/home\/wp-content\/uploads\/2024\/07\/cropped-logo.jpg","width":290,"height":142,"caption":"Coq Editora Ltda"},"image":{"@id":"https:\/\/jornalboasnoticias.com.br\/home\/#\/schema\/logo\/image\/"},"sameAs":["https:\/\/www.facebook.com\/boasnoticiasjornal"]},{"@type":"Person","@id":"https:\/\/jornalboasnoticias.com.br\/home\/#\/schema\/person\/75f9ebde398c998c166475fb446bda62","name":"Luiz Carlos da Cruz","image":{"@type":"ImageObject","inLanguage":"pt-BR","@id":"https:\/\/secure.gravatar.com\/avatar\/e6f4f45301b6cb8572f7b076572e8ac11c1db80e805d8c8d0858cf286ce3ac3b?s=96&d=mm&r=g","url":"https:\/\/secure.gravatar.com\/avatar\/e6f4f45301b6cb8572f7b076572e8ac11c1db80e805d8c8d0858cf286ce3ac3b?s=96&d=mm&r=g","contentUrl":"https:\/\/secure.gravatar.com\/avatar\/e6f4f45301b6cb8572f7b076572e8ac11c1db80e805d8c8d0858cf286ce3ac3b?s=96&d=mm&r=g","caption":"Luiz Carlos da Cruz"},"url":"https:\/\/jornalboasnoticias.com.br\/home\/author\/luiz-carlos-da-cruz\/"}]}},"_links":{"self":[{"href":"https:\/\/jornalboasnoticias.com.br\/home\/wp-json\/wp\/v2\/posts\/47037","targetHints":{"allow":["GET"]}}],"collection":[{"href":"https:\/\/jornalboasnoticias.com.br\/home\/wp-json\/wp\/v2\/posts"}],"about":[{"href":"https:\/\/jornalboasnoticias.com.br\/home\/wp-json\/wp\/v2\/types\/post"}],"author":[{"embeddable":true,"href":"https:\/\/jornalboasnoticias.com.br\/home\/wp-json\/wp\/v2\/users\/3"}],"replies":[{"embeddable":true,"href":"https:\/\/jornalboasnoticias.com.br\/home\/wp-json\/wp\/v2\/comments?post=47037"}],"version-history":[{"count":1,"href":"https:\/\/jornalboasnoticias.com.br\/home\/wp-json\/wp\/v2\/posts\/47037\/revisions"}],"predecessor-version":[{"id":47039,"href":"https:\/\/jornalboasnoticias.com.br\/home\/wp-json\/wp\/v2\/posts\/47037\/revisions\/47039"}],"wp:featuredmedia":[{"embeddable":true,"href":"https:\/\/jornalboasnoticias.com.br\/home\/wp-json\/wp\/v2\/media\/47038"}],"wp:attachment":[{"href":"https:\/\/jornalboasnoticias.com.br\/home\/wp-json\/wp\/v2\/media?parent=47037"}],"wp:term":[{"taxonomy":"category","embeddable":true,"href":"https:\/\/jornalboasnoticias.com.br\/home\/wp-json\/wp\/v2\/categories?post=47037"},{"taxonomy":"post_tag","embeddable":true,"href":"https:\/\/jornalboasnoticias.com.br\/home\/wp-json\/wp\/v2\/tags?post=47037"}],"curies":[{"name":"wp","href":"https:\/\/api.w.org\/{rel}","templated":true}]}}