{"id":47034,"date":"2026-01-05T14:31:03","date_gmt":"2026-01-05T14:31:03","guid":{"rendered":"https:\/\/jornalboasnoticias.com.br\/home\/?p=47034"},"modified":"2026-01-05T14:31:03","modified_gmt":"2026-01-05T14:31:03","slug":"pico-parana-jovem-que-estava-desaparecido-e-encontrado-vivo","status":"publish","type":"post","link":"https:\/\/jornalboasnoticias.com.br\/home\/pico-parana-jovem-que-estava-desaparecido-e-encontrado-vivo\/","title":{"rendered":"Pico Paran\u00e1: jovem que estava desaparecido \u00e9 encontrado vivo"},"content":{"rendered":"<blockquote>\n<p style=\"text-align: center;\">Roberto Farias Thomaz foi encontrado na manh\u00e3 desta segunda-feira (5\/1) ap\u00f3s dias desaparecido<\/p>\n<\/blockquote>\n<figure id=\"attachment_47035\" aria-describedby=\"caption-attachment-47035\" style=\"width: 1000px\" class=\"wp-caption alignnone\"><img loading=\"lazy\" decoding=\"async\" class=\"size-full wp-image-47035\" src=\"https:\/\/jornalboasnoticias.com.br\/home\/wp-content\/uploads\/2026\/01\/8f218960-montanha-e1767623438120.jpg\" alt=\"\" width=\"1000\" height=\"667\" \/><figcaption id=\"caption-attachment-47035\" class=\"wp-caption-text\">Reprodu\u00e7\u00e3o\/Internet<\/figcaption><\/figure>\n<p>Foi encontrado na manh\u00e3 desta segunda-feira (5\/1)\u00a0Roberto Farias Thomaz\u00a0<em>(foto em destaque)<\/em>\u00a0\u2013 o jovem de 19 anos que desapareceu no\u00a0Pico Paran\u00e1, ponto mais alto do Sul do Brasil, enquanto fazia uma trilha na companhia de uma amiga. O homem foi encontrado com vida ap\u00f3s cinco dias na mata. A informa\u00e7\u00e3o foi confirmada \u00e0 coluna pela Pol\u00edcia Civil do Paran\u00e1.<\/p>\n<div class=\"m-banner-wrap m-banner-rectangle m-publicity-content-middle\">\n<div id=\"div-gpt-ad-colunas-mirelle-pinheiro-quadrado-1\" class=\"ad-displayed\" data-gtm-vis-recent-on-screen104869357_328=\"49\" data-gtm-vis-first-on-screen104869357_328=\"49\" data-gtm-vis-total-visible-time104869357_328=\"100\" data-gtm-vis-has-fired104869357_328=\"1\" data-google-query-id=\"CPXN35vN9JEDFRwNHgAdg7crZQ\">\n<p>Roberto havia desaparecido durante uma trilha realizada ap\u00f3s a virada do ano, quando subia a montanha acompanhado da amiga identificada como Thayane Smith. \u00c0 coluna, o Corpo de Bombeiros Militar do Paran\u00e1 (CBMPR) informou que o jovem foi localizado em Antonina e ser\u00e1 levado ao hospital da cidade.<\/p>\n<p>As buscas pelo jovem mobilizaram equipes do Corpo de Bombeiros, grupos especializados em resgate em \u00e1reas de dif\u00edcil acesso e volunt\u00e1rios experientes na regi\u00e3o da Serra do Ibitiraquire.<\/p>\n<h3>O desaparecimento<\/h3>\n<p>Roberto sumiu na manh\u00e3 de quinta-feira (1\u00ba\/1), quando se separou do grupo durante a descida da trilha.<\/p>\n<p>Desde ent\u00e3o, buscas terrestres e a\u00e9reas vinham sendo realizadas em uma \u00e1rea considerada extremamente t\u00e9cnica, marcada por mata fechada, trechos \u00edngremes, penhascos, escadarias de pedra, grampos met\u00e1licos e mudan\u00e7as bruscas de clima.<\/p>\n<p>O desaparecimento levou o Instituto \u00c1gua e Terra (IAT) a restringir temporariamente o acesso ao Parque Estadual Pico Paran\u00e1, justamente para evitar riscos adicionais e facilitar o trabalho das equipes de busca.<\/p>\n<blockquote><p>A Pol\u00edcia Civil acompanhava o caso e havia aberto procedimento para apurar as circunst\u00e2ncias do desaparecimento, tratado inicialmente como um incidente em ambiente natural.<\/p><\/blockquote>\n<p>O Pico Paran\u00e1, com 1.877 metros de altitude, \u00e9 conhecido por exigir alto preparo f\u00edsico e experi\u00eancia em montanhismo.<\/p>\n<p><em>Informa\u00e7\u00f5es Metr\u00f3poles\u00a0<\/em><\/p>\n<\/div>\n<\/div>\n","protected":false},"excerpt":{"rendered":"<p>Roberto Farias Thomaz foi encontrado na manh\u00e3 desta segunda-feira (5\/1) ap\u00f3s dias desaparecido Foi encontrado<\/p>\n","protected":false},"author":3,"featured_media":47035,"comment_status":"open","ping_status":"open","sticky":false,"template":"","format":"standard","meta":{"footnotes":""},"categories":[3,4],"tags":[],"class_list":["post-47034","post","type-post","status-publish","format-standard","has-post-thumbnail","hentry","category-destaques","category-parana"],"yoast_head":"<!-- This site is optimized with the Yoast SEO plugin v27.5 - https:\/\/yoast.com\/product\/yoast-seo-wordpress\/ -->\n<title>Pico Paran\u00e1: jovem que estava desaparecido \u00e9 encontrado vivo - Jornal<\/title>\n<meta name=\"description\" content=\"Pico Paran\u00e1: jovem que estava desaparecido \u00e9 encontrado vivo\" \/>\n<meta name=\"robots\" content=\"index, follow, max-snippet:-1, max-image-preview:large, max-video-preview:-1\" \/>\n<link rel=\"canonical\" href=\"https:\/\/jornalboasnoticias.com.br\/home\/pico-parana-jovem-que-estava-desaparecido-e-encontrado-vivo\/\" \/>\n<meta property=\"og:locale\" content=\"pt_BR\" \/>\n<meta property=\"og:type\" content=\"article\" \/>\n<meta property=\"og:title\" content=\"Pico Paran\u00e1: jovem que estava desaparecido \u00e9 encontrado vivo - Jornal\" \/>\n<meta property=\"og:description\" content=\"Pico Paran\u00e1: jovem que estava desaparecido \u00e9 encontrado vivo\" \/>\n<meta property=\"og:url\" content=\"https:\/\/jornalboasnoticias.com.br\/home\/pico-parana-jovem-que-estava-desaparecido-e-encontrado-vivo\/\" \/>\n<meta property=\"og:site_name\" content=\"Jornal\" \/>\n<meta property=\"article:publisher\" content=\"https:\/\/www.facebook.com\/boasnoticiasjornal\" \/>\n<meta property=\"article:published_time\" content=\"2026-01-05T14:31:03+00:00\" \/>\n<meta property=\"og:image\" content=\"https:\/\/jornalboasnoticias.com.br\/home\/wp-content\/uploads\/2026\/01\/8f218960-montanha-e1767623438120.jpg\" \/>\n\t<meta property=\"og:image:width\" content=\"1000\" \/>\n\t<meta property=\"og:image:height\" content=\"667\" \/>\n\t<meta property=\"og:image:type\" content=\"image\/jpeg\" \/>\n<meta name=\"author\" content=\"Luiz Carlos da Cruz\" \/>\n<meta name=\"twitter:card\" content=\"summary_large_image\" \/>\n<meta name=\"twitter:label1\" content=\"Escrito por\" \/>\n\t<meta name=\"twitter:data1\" content=\"Luiz Carlos da Cruz\" \/>\n\t<meta name=\"twitter:label2\" content=\"Est. tempo de leitura\" \/>\n\t<meta name=\"twitter:data2\" content=\"2 minutos\" \/>\n<script type=\"application\/ld+json\" class=\"yoast-schema-graph\">{\"@context\":\"https:\\\/\\\/schema.org\",\"@graph\":[{\"@type\":\"Article\",\"@id\":\"https:\\\/\\\/jornalboasnoticias.com.br\\\/home\\\/pico-parana-jovem-que-estava-desaparecido-e-encontrado-vivo\\\/#article\",\"isPartOf\":{\"@id\":\"https:\\\/\\\/jornalboasnoticias.com.br\\\/home\\\/pico-parana-jovem-que-estava-desaparecido-e-encontrado-vivo\\\/\"},\"author\":{\"name\":\"Luiz Carlos da Cruz\",\"@id\":\"https:\\\/\\\/jornalboasnoticias.com.br\\\/home\\\/#\\\/schema\\\/person\\\/75f9ebde398c998c166475fb446bda62\"},\"headline\":\"Pico Paran\u00e1: jovem que estava desaparecido \u00e9 encontrado vivo\",\"datePublished\":\"2026-01-05T14:31:03+00:00\",\"mainEntityOfPage\":{\"@id\":\"https:\\\/\\\/jornalboasnoticias.com.br\\\/home\\\/pico-parana-jovem-que-estava-desaparecido-e-encontrado-vivo\\\/\"},\"wordCount\":307,\"commentCount\":0,\"publisher\":{\"@id\":\"https:\\\/\\\/jornalboasnoticias.com.br\\\/home\\\/#organization\"},\"image\":{\"@id\":\"https:\\\/\\\/jornalboasnoticias.com.br\\\/home\\\/pico-parana-jovem-que-estava-desaparecido-e-encontrado-vivo\\\/#primaryimage\"},\"thumbnailUrl\":\"https:\\\/\\\/jornalboasnoticias.com.br\\\/home\\\/wp-content\\\/uploads\\\/2026\\\/01\\\/8f218960-montanha-e1767623438120.jpg\",\"articleSection\":[\"DESTAQUE\",\"PARAN\u00c1\"],\"inLanguage\":\"pt-BR\",\"potentialAction\":[{\"@type\":\"CommentAction\",\"name\":\"Comment\",\"target\":[\"https:\\\/\\\/jornalboasnoticias.com.br\\\/home\\\/pico-parana-jovem-que-estava-desaparecido-e-encontrado-vivo\\\/#respond\"]}]},{\"@type\":\"WebPage\",\"@id\":\"https:\\\/\\\/jornalboasnoticias.com.br\\\/home\\\/pico-parana-jovem-que-estava-desaparecido-e-encontrado-vivo\\\/\",\"url\":\"https:\\\/\\\/jornalboasnoticias.com.br\\\/home\\\/pico-parana-jovem-que-estava-desaparecido-e-encontrado-vivo\\\/\",\"name\":\"Pico Paran\u00e1: jovem que estava desaparecido \u00e9 encontrado vivo - Jornal\",\"isPartOf\":{\"@id\":\"https:\\\/\\\/jornalboasnoticias.com.br\\\/home\\\/#website\"},\"primaryImageOfPage\":{\"@id\":\"https:\\\/\\\/jornalboasnoticias.com.br\\\/home\\\/pico-parana-jovem-que-estava-desaparecido-e-encontrado-vivo\\\/#primaryimage\"},\"image\":{\"@id\":\"https:\\\/\\\/jornalboasnoticias.com.br\\\/home\\\/pico-parana-jovem-que-estava-desaparecido-e-encontrado-vivo\\\/#primaryimage\"},\"thumbnailUrl\":\"https:\\\/\\\/jornalboasnoticias.com.br\\\/home\\\/wp-content\\\/uploads\\\/2026\\\/01\\\/8f218960-montanha-e1767623438120.jpg\",\"datePublished\":\"2026-01-05T14:31:03+00:00\",\"description\":\"Pico Paran\u00e1: jovem que estava desaparecido \u00e9 encontrado vivo\",\"breadcrumb\":{\"@id\":\"https:\\\/\\\/jornalboasnoticias.com.br\\\/home\\\/pico-parana-jovem-que-estava-desaparecido-e-encontrado-vivo\\\/#breadcrumb\"},\"inLanguage\":\"pt-BR\",\"potentialAction\":[{\"@type\":\"ReadAction\",\"target\":[\"https:\\\/\\\/jornalboasnoticias.com.br\\\/home\\\/pico-parana-jovem-que-estava-desaparecido-e-encontrado-vivo\\\/\"]}]},{\"@type\":\"ImageObject\",\"inLanguage\":\"pt-BR\",\"@id\":\"https:\\\/\\\/jornalboasnoticias.com.br\\\/home\\\/pico-parana-jovem-que-estava-desaparecido-e-encontrado-vivo\\\/#primaryimage\",\"url\":\"https:\\\/\\\/jornalboasnoticias.com.br\\\/home\\\/wp-content\\\/uploads\\\/2026\\\/01\\\/8f218960-montanha-e1767623438120.jpg\",\"contentUrl\":\"https:\\\/\\\/jornalboasnoticias.com.br\\\/home\\\/wp-content\\\/uploads\\\/2026\\\/01\\\/8f218960-montanha-e1767623438120.jpg\",\"width\":1000,\"height\":667,\"caption\":\"Reprodu\u00e7\u00e3o\\\/Internet\"},{\"@type\":\"BreadcrumbList\",\"@id\":\"https:\\\/\\\/jornalboasnoticias.com.br\\\/home\\\/pico-parana-jovem-que-estava-desaparecido-e-encontrado-vivo\\\/#breadcrumb\",\"itemListElement\":[{\"@type\":\"ListItem\",\"position\":1,\"name\":\"In\u00edcio\",\"item\":\"https:\\\/\\\/jornalboasnoticias.com.br\\\/home\\\/\"},{\"@type\":\"ListItem\",\"position\":2,\"name\":\"Pico Paran\u00e1: jovem que estava desaparecido \u00e9 encontrado vivo\"}]},{\"@type\":\"WebSite\",\"@id\":\"https:\\\/\\\/jornalboasnoticias.com.br\\\/home\\\/#website\",\"url\":\"https:\\\/\\\/jornalboasnoticias.com.br\\\/home\\\/\",\"name\":\"Jornal Boas Not\u00edcias\",\"description\":\"Boas not\u00edcias\",\"publisher\":{\"@id\":\"https:\\\/\\\/jornalboasnoticias.com.br\\\/home\\\/#organization\"},\"potentialAction\":[{\"@type\":\"SearchAction\",\"target\":{\"@type\":\"EntryPoint\",\"urlTemplate\":\"https:\\\/\\\/jornalboasnoticias.com.br\\\/home\\\/?s={search_term_string}\"},\"query-input\":{\"@type\":\"PropertyValueSpecification\",\"valueRequired\":true,\"valueName\":\"search_term_string\"}}],\"inLanguage\":\"pt-BR\"},{\"@type\":\"Organization\",\"@id\":\"https:\\\/\\\/jornalboasnoticias.com.br\\\/home\\\/#organization\",\"name\":\"Coq Editora Ltda\",\"alternateName\":\"Jornal Boas Noticias\",\"url\":\"https:\\\/\\\/jornalboasnoticias.com.br\\\/home\\\/\",\"logo\":{\"@type\":\"ImageObject\",\"inLanguage\":\"pt-BR\",\"@id\":\"https:\\\/\\\/jornalboasnoticias.com.br\\\/home\\\/#\\\/schema\\\/logo\\\/image\\\/\",\"url\":\"https:\\\/\\\/jornalboasnoticias.com.br\\\/home\\\/wp-content\\\/uploads\\\/2024\\\/07\\\/cropped-logo.jpg\",\"contentUrl\":\"https:\\\/\\\/jornalboasnoticias.com.br\\\/home\\\/wp-content\\\/uploads\\\/2024\\\/07\\\/cropped-logo.jpg\",\"width\":290,\"height\":142,\"caption\":\"Coq Editora Ltda\"},\"image\":{\"@id\":\"https:\\\/\\\/jornalboasnoticias.com.br\\\/home\\\/#\\\/schema\\\/logo\\\/image\\\/\"},\"sameAs\":[\"https:\\\/\\\/www.facebook.com\\\/boasnoticiasjornal\"]},{\"@type\":\"Person\",\"@id\":\"https:\\\/\\\/jornalboasnoticias.com.br\\\/home\\\/#\\\/schema\\\/person\\\/75f9ebde398c998c166475fb446bda62\",\"name\":\"Luiz Carlos da Cruz\",\"image\":{\"@type\":\"ImageObject\",\"inLanguage\":\"pt-BR\",\"@id\":\"https:\\\/\\\/secure.gravatar.com\\\/avatar\\\/e6f4f45301b6cb8572f7b076572e8ac11c1db80e805d8c8d0858cf286ce3ac3b?s=96&d=mm&r=g\",\"url\":\"https:\\\/\\\/secure.gravatar.com\\\/avatar\\\/e6f4f45301b6cb8572f7b076572e8ac11c1db80e805d8c8d0858cf286ce3ac3b?s=96&d=mm&r=g\",\"contentUrl\":\"https:\\\/\\\/secure.gravatar.com\\\/avatar\\\/e6f4f45301b6cb8572f7b076572e8ac11c1db80e805d8c8d0858cf286ce3ac3b?s=96&d=mm&r=g\",\"caption\":\"Luiz Carlos da Cruz\"},\"url\":\"https:\\\/\\\/jornalboasnoticias.com.br\\\/home\\\/author\\\/luiz-carlos-da-cruz\\\/\"}]}<\/script>\n<!-- \/ Yoast SEO plugin. -->","yoast_head_json":{"title":"Pico Paran\u00e1: jovem que estava desaparecido \u00e9 encontrado vivo - Jornal","description":"Pico Paran\u00e1: jovem que estava desaparecido \u00e9 encontrado vivo","robots":{"index":"index","follow":"follow","max-snippet":"max-snippet:-1","max-image-preview":"max-image-preview:large","max-video-preview":"max-video-preview:-1"},"canonical":"https:\/\/jornalboasnoticias.com.br\/home\/pico-parana-jovem-que-estava-desaparecido-e-encontrado-vivo\/","og_locale":"pt_BR","og_type":"article","og_title":"Pico Paran\u00e1: jovem que estava desaparecido \u00e9 encontrado vivo - Jornal","og_description":"Pico Paran\u00e1: jovem que estava desaparecido \u00e9 encontrado vivo","og_url":"https:\/\/jornalboasnoticias.com.br\/home\/pico-parana-jovem-que-estava-desaparecido-e-encontrado-vivo\/","og_site_name":"Jornal","article_publisher":"https:\/\/www.facebook.com\/boasnoticiasjornal","article_published_time":"2026-01-05T14:31:03+00:00","og_image":[{"width":1000,"height":667,"url":"https:\/\/jornalboasnoticias.com.br\/home\/wp-content\/uploads\/2026\/01\/8f218960-montanha-e1767623438120.jpg","type":"image\/jpeg"}],"author":"Luiz Carlos da Cruz","twitter_card":"summary_large_image","twitter_misc":{"Escrito por":"Luiz Carlos da Cruz","Est. tempo de leitura":"2 minutos"},"schema":{"@context":"https:\/\/schema.org","@graph":[{"@type":"Article","@id":"https:\/\/jornalboasnoticias.com.br\/home\/pico-parana-jovem-que-estava-desaparecido-e-encontrado-vivo\/#article","isPartOf":{"@id":"https:\/\/jornalboasnoticias.com.br\/home\/pico-parana-jovem-que-estava-desaparecido-e-encontrado-vivo\/"},"author":{"name":"Luiz Carlos da Cruz","@id":"https:\/\/jornalboasnoticias.com.br\/home\/#\/schema\/person\/75f9ebde398c998c166475fb446bda62"},"headline":"Pico Paran\u00e1: jovem que estava desaparecido \u00e9 encontrado vivo","datePublished":"2026-01-05T14:31:03+00:00","mainEntityOfPage":{"@id":"https:\/\/jornalboasnoticias.com.br\/home\/pico-parana-jovem-que-estava-desaparecido-e-encontrado-vivo\/"},"wordCount":307,"commentCount":0,"publisher":{"@id":"https:\/\/jornalboasnoticias.com.br\/home\/#organization"},"image":{"@id":"https:\/\/jornalboasnoticias.com.br\/home\/pico-parana-jovem-que-estava-desaparecido-e-encontrado-vivo\/#primaryimage"},"thumbnailUrl":"https:\/\/jornalboasnoticias.com.br\/home\/wp-content\/uploads\/2026\/01\/8f218960-montanha-e1767623438120.jpg","articleSection":["DESTAQUE","PARAN\u00c1"],"inLanguage":"pt-BR","potentialAction":[{"@type":"CommentAction","name":"Comment","target":["https:\/\/jornalboasnoticias.com.br\/home\/pico-parana-jovem-que-estava-desaparecido-e-encontrado-vivo\/#respond"]}]},{"@type":"WebPage","@id":"https:\/\/jornalboasnoticias.com.br\/home\/pico-parana-jovem-que-estava-desaparecido-e-encontrado-vivo\/","url":"https:\/\/jornalboasnoticias.com.br\/home\/pico-parana-jovem-que-estava-desaparecido-e-encontrado-vivo\/","name":"Pico Paran\u00e1: jovem que estava desaparecido \u00e9 encontrado vivo - Jornal","isPartOf":{"@id":"https:\/\/jornalboasnoticias.com.br\/home\/#website"},"primaryImageOfPage":{"@id":"https:\/\/jornalboasnoticias.com.br\/home\/pico-parana-jovem-que-estava-desaparecido-e-encontrado-vivo\/#primaryimage"},"image":{"@id":"https:\/\/jornalboasnoticias.com.br\/home\/pico-parana-jovem-que-estava-desaparecido-e-encontrado-vivo\/#primaryimage"},"thumbnailUrl":"https:\/\/jornalboasnoticias.com.br\/home\/wp-content\/uploads\/2026\/01\/8f218960-montanha-e1767623438120.jpg","datePublished":"2026-01-05T14:31:03+00:00","description":"Pico Paran\u00e1: jovem que estava desaparecido \u00e9 encontrado vivo","breadcrumb":{"@id":"https:\/\/jornalboasnoticias.com.br\/home\/pico-parana-jovem-que-estava-desaparecido-e-encontrado-vivo\/#breadcrumb"},"inLanguage":"pt-BR","potentialAction":[{"@type":"ReadAction","target":["https:\/\/jornalboasnoticias.com.br\/home\/pico-parana-jovem-que-estava-desaparecido-e-encontrado-vivo\/"]}]},{"@type":"ImageObject","inLanguage":"pt-BR","@id":"https:\/\/jornalboasnoticias.com.br\/home\/pico-parana-jovem-que-estava-desaparecido-e-encontrado-vivo\/#primaryimage","url":"https:\/\/jornalboasnoticias.com.br\/home\/wp-content\/uploads\/2026\/01\/8f218960-montanha-e1767623438120.jpg","contentUrl":"https:\/\/jornalboasnoticias.com.br\/home\/wp-content\/uploads\/2026\/01\/8f218960-montanha-e1767623438120.jpg","width":1000,"height":667,"caption":"Reprodu\u00e7\u00e3o\/Internet"},{"@type":"BreadcrumbList","@id":"https:\/\/jornalboasnoticias.com.br\/home\/pico-parana-jovem-que-estava-desaparecido-e-encontrado-vivo\/#breadcrumb","itemListElement":[{"@type":"ListItem","position":1,"name":"In\u00edcio","item":"https:\/\/jornalboasnoticias.com.br\/home\/"},{"@type":"ListItem","position":2,"name":"Pico Paran\u00e1: jovem que estava desaparecido \u00e9 encontrado vivo"}]},{"@type":"WebSite","@id":"https:\/\/jornalboasnoticias.com.br\/home\/#website","url":"https:\/\/jornalboasnoticias.com.br\/home\/","name":"Jornal Boas Not\u00edcias","description":"Boas not\u00edcias","publisher":{"@id":"https:\/\/jornalboasnoticias.com.br\/home\/#organization"},"potentialAction":[{"@type":"SearchAction","target":{"@type":"EntryPoint","urlTemplate":"https:\/\/jornalboasnoticias.com.br\/home\/?s={search_term_string}"},"query-input":{"@type":"PropertyValueSpecification","valueRequired":true,"valueName":"search_term_string"}}],"inLanguage":"pt-BR"},{"@type":"Organization","@id":"https:\/\/jornalboasnoticias.com.br\/home\/#organization","name":"Coq Editora Ltda","alternateName":"Jornal Boas Noticias","url":"https:\/\/jornalboasnoticias.com.br\/home\/","logo":{"@type":"ImageObject","inLanguage":"pt-BR","@id":"https:\/\/jornalboasnoticias.com.br\/home\/#\/schema\/logo\/image\/","url":"https:\/\/jornalboasnoticias.com.br\/home\/wp-content\/uploads\/2024\/07\/cropped-logo.jpg","contentUrl":"https:\/\/jornalboasnoticias.com.br\/home\/wp-content\/uploads\/2024\/07\/cropped-logo.jpg","width":290,"height":142,"caption":"Coq Editora Ltda"},"image":{"@id":"https:\/\/jornalboasnoticias.com.br\/home\/#\/schema\/logo\/image\/"},"sameAs":["https:\/\/www.facebook.com\/boasnoticiasjornal"]},{"@type":"Person","@id":"https:\/\/jornalboasnoticias.com.br\/home\/#\/schema\/person\/75f9ebde398c998c166475fb446bda62","name":"Luiz Carlos da Cruz","image":{"@type":"ImageObject","inLanguage":"pt-BR","@id":"https:\/\/secure.gravatar.com\/avatar\/e6f4f45301b6cb8572f7b076572e8ac11c1db80e805d8c8d0858cf286ce3ac3b?s=96&d=mm&r=g","url":"https:\/\/secure.gravatar.com\/avatar\/e6f4f45301b6cb8572f7b076572e8ac11c1db80e805d8c8d0858cf286ce3ac3b?s=96&d=mm&r=g","contentUrl":"https:\/\/secure.gravatar.com\/avatar\/e6f4f45301b6cb8572f7b076572e8ac11c1db80e805d8c8d0858cf286ce3ac3b?s=96&d=mm&r=g","caption":"Luiz Carlos da Cruz"},"url":"https:\/\/jornalboasnoticias.com.br\/home\/author\/luiz-carlos-da-cruz\/"}]}},"_links":{"self":[{"href":"https:\/\/jornalboasnoticias.com.br\/home\/wp-json\/wp\/v2\/posts\/47034","targetHints":{"allow":["GET"]}}],"collection":[{"href":"https:\/\/jornalboasnoticias.com.br\/home\/wp-json\/wp\/v2\/posts"}],"about":[{"href":"https:\/\/jornalboasnoticias.com.br\/home\/wp-json\/wp\/v2\/types\/post"}],"author":[{"embeddable":true,"href":"https:\/\/jornalboasnoticias.com.br\/home\/wp-json\/wp\/v2\/users\/3"}],"replies":[{"embeddable":true,"href":"https:\/\/jornalboasnoticias.com.br\/home\/wp-json\/wp\/v2\/comments?post=47034"}],"version-history":[{"count":1,"href":"https:\/\/jornalboasnoticias.com.br\/home\/wp-json\/wp\/v2\/posts\/47034\/revisions"}],"predecessor-version":[{"id":47036,"href":"https:\/\/jornalboasnoticias.com.br\/home\/wp-json\/wp\/v2\/posts\/47034\/revisions\/47036"}],"wp:featuredmedia":[{"embeddable":true,"href":"https:\/\/jornalboasnoticias.com.br\/home\/wp-json\/wp\/v2\/media\/47035"}],"wp:attachment":[{"href":"https:\/\/jornalboasnoticias.com.br\/home\/wp-json\/wp\/v2\/media?parent=47034"}],"wp:term":[{"taxonomy":"category","embeddable":true,"href":"https:\/\/jornalboasnoticias.com.br\/home\/wp-json\/wp\/v2\/categories?post=47034"},{"taxonomy":"post_tag","embeddable":true,"href":"https:\/\/jornalboasnoticias.com.br\/home\/wp-json\/wp\/v2\/tags?post=47034"}],"curies":[{"name":"wp","href":"https:\/\/api.w.org\/{rel}","templated":true}]}}