{"id":47031,"date":"2026-01-05T14:22:19","date_gmt":"2026-01-05T14:22:19","guid":{"rendered":"https:\/\/jornalboasnoticias.com.br\/home\/?p=47031"},"modified":"2026-01-05T14:22:19","modified_gmt":"2026-01-05T14:22:19","slug":"apos-venezuela-trump-ameaca-tomar-groenlandia-e-atacar-colombia","status":"publish","type":"post","link":"https:\/\/jornalboasnoticias.com.br\/home\/apos-venezuela-trump-ameaca-tomar-groenlandia-e-atacar-colombia\/","title":{"rendered":"Ap\u00f3s Venezuela, Trump amea\u00e7a tomar Groenl\u00e2ndia e atacar Col\u00f4mbia"},"content":{"rendered":"<blockquote>\n<p style=\"text-align: center;\">Ap\u00f3s sequestrar Maduro, EUA amea\u00e7am tomar territ\u00f3rio da Dinamarca<\/p>\n<\/blockquote>\n<figure id=\"attachment_47032\" aria-describedby=\"caption-attachment-47032\" style=\"width: 1000px\" class=\"wp-caption alignnone\"><img loading=\"lazy\" decoding=\"async\" class=\"size-full wp-image-47032\" src=\"https:\/\/jornalboasnoticias.com.br\/home\/wp-content\/uploads\/2026\/01\/2024-01-17t181648z_1_lynxmpek0g0qf_rtroptp_4_greenland-ice-e1767622913351.jpg\" alt=\"\" width=\"1000\" height=\"598\" \/><figcaption id=\"caption-attachment-47032\" class=\"wp-caption-text\">\u00a9 REUTERS\/Hannibal Hanschke\/Proibida reprodu\u00e7\u00e3o<\/figcaption><\/figure>\n<p>Um dia ap\u00f3s bombardear a Venezuela e sequestrar o presidente Nicol\u00e1s Maduro, o presidente dos Estados Unidos (EUA), Donald Trump, amea\u00e7ou anexar a Groenl\u00e2ndia, territ\u00f3rio semiaut\u00f4nomo ligado \u00e0 Dinamarca, e sugeriu uma a\u00e7\u00e3o militar contra o governo da Col\u00f4mbia, de Gustavo Petro.<img decoding=\"async\" src=\"https:\/\/agenciabrasil.ebc.com.br\/ebc.png?id=1674196&amp;o=node\" \/><img decoding=\"async\" src=\"https:\/\/agenciabrasil.ebc.com.br\/ebc.gif?id=1674196&amp;o=node\" \/><\/p>\n<p>A primeira-ministra da Dinamarca, Mette Frederiksen, emitiu nota afirmando que os EUA n\u00e3o t\u00eam qualquer direito de anexar nenhum dos pa\u00edses do Reino da Dinamarca.<\/p>\n<blockquote><p>\u201cTenho que dizer isso muito diretamente aos Estados Unidos: n\u00e3o faz absolutamente nenhum sentido falar sobre a necessidade de os EUA tomarem posse da Groenl\u00e2ndia\u201d,\u00a0<a href=\"https:\/\/stm.dk\/presse\/pressemeddelelser\/2025\/udtalelse-fra-statsminister-mette-frederiksen\/\" target=\"_blank\" rel=\"noopener\">disse Frederiksen<\/a>.<\/p><\/blockquote>\n<p>A chefe do\u00a0Estado europeu lembrou que a Dinamarca faz parte da Organiza\u00e7\u00e3o do Tratado do Atl\u00e2ntico Norte (Otan) e est\u00e1 coberta pela garantia de seguran\u00e7a da alian\u00e7a militar, que \u00e9 encabe\u00e7ada pelos pr\u00f3prios EUA.<\/p>\n<blockquote><p>\u201cJ\u00e1 temos um acordo de defesa entre o Reino e os Estados Unidos, que concede aos EUA amplo acesso \u00e0 Groenl\u00e2ndia. E n\u00f3s, por parte do Reino, investimos significativamente em seguran\u00e7a no \u00c1rtico\u201d, completou.<\/p><\/blockquote>\n<p>A primeira-ministra da Dinamarca ainda apelou para o fim das amea\u00e7as.<\/p>\n<blockquote><p>\u201cInsisto veementemente para que os EUA cessem as amea\u00e7as contra um aliado hist\u00f3rico e contra outro pa\u00eds e outro povo que j\u00e1 deixaram bem claro que n\u00e3o est\u00e3o \u00e0 venda\u201d, finalizou.<\/p><\/blockquote>\n<p>Em uma rede social, o primeiro-ministro da Groenl\u00e2ndia, Jens Frederik Nielsen, disse que a amea\u00e7a \u00e9 inaceit\u00e1vel.<\/p>\n<blockquote><p>\u201cQuando o presidente dos Estados Unidos fala &#8220;precisamos da Groenl\u00e2ndia&#8221; e nos liga com a Venezuela e interven\u00e7\u00e3o militar, n\u00e3o \u00e9 s\u00f3 errado. Isto \u00e9 t\u00e3o desrespeitoso. Nosso pa\u00eds n\u00e3o \u00e9 objeto de ret\u00f3rica de superpot\u00eancia\u201d, comentou.<\/p><\/blockquote>\n<p>Em entrevista \u00e0 revista\u00a0<em>The Atlantic<\/em>, Trump afirmou, nesse domingo (4), que Washington \u201cprecisa\u201d da Groenl\u00e2ndia para a seguran\u00e7a nacional.<\/p>\n<blockquote><p>\u201c[Precisamos da Groenl\u00e2ndia] n\u00e3o por causa dos minerais, temos v\u00e1rios lugares para minerais e petr\u00f3leo, mais que qualquer pa\u00eds do mundo. Precisamos da Groenl\u00e2ndia para nossa seguran\u00e7a nacional. Se voc\u00ea olhar para Groenl\u00e2ndia, olhar para cima e para baixo da costa, tem navios russos e chineses por todas as partes\u201d, afirmou o chefe da Casa Branca.<\/p><\/blockquote>\n<p>As amea\u00e7as para anexar o territ\u00f3rio no extremo-norte do continente americano v\u00eam desde que Trump assumiu o governo, em janeiro de 2025.<\/p>\n<p>A nova amea\u00e7a desse domingo foi rejeitada por outros chefes de Estado europeus, como dos vizinhos Finl\u00e2ndia, Noruega e Su\u00e9cia. O primeiro-ministro do Reino Unido, Keir Starmer, disse que somente a Groenl\u00e2ndia e a Dinamarca devem decidir o futuro do territ\u00f3rio.<\/p>\n<blockquote><p>&#8220;E a Dinamarca \u00e9 uma aliada pr\u00f3xima na Europa, \u00e9 uma aliada da Otan e \u00e9 muito importante que o futuro da Groenl\u00e2ndia seja para o Reino da Dinamarca e para a pr\u00f3pria Groenl\u00e2ndia, e somente para a Groenl\u00e2ndia e o Reino da Dinamarca&#8221;, disse Starmer \u00e0 emissora\u00a0p\u00fablica inglesa BBC.<\/p><\/blockquote>\n<h2>Col\u00f4mbia<\/h2>\n<p>Al\u00e9m da Groenl\u00e2ndia, Trump amea\u00e7ou tamb\u00e9m de uma\u00a0<a href=\"https:\/\/agenciabrasil.ebc.com.br\/internacional\/noticia\/2026-01\/trump-ameaca-operacao-militar-contra-colombia-apos-ataque-venezuela\" target=\"_blank\" rel=\"noopener\">a\u00e7\u00e3o militar na Col\u00f4mbia<\/a>, do presidente esquerdista Gustavo Petro, cr\u00edtico das pol\u00edticas da Casa Branca para a Am\u00e9rica Latina.\u00a0O presidente dos EUA disse que uma a\u00e7\u00e3o militar contra o governo Petro \u201cparece bom\u201d.<\/p>\n<blockquote><p>\u201cA Col\u00f4mbia tamb\u00e9m est\u00e1 muito doente, administrada por um homem doente, que gosta de produzir coca\u00edna e vend\u00ea-la aos EUA\u201d, e ele n\u00e3o vai continuar fazendo isso por muito tempo\u201d, disse Trump a\u00a0jornalistas.<\/p><\/blockquote>\n<p>O presidente da Col\u00f4mbia rejeitou as acusa\u00e7\u00f5es do presidente estadunidense.<\/p>\n<blockquote><p>\u201cN\u00e3o sou ileg\u00edtimo, nem traficante de drogas; meu \u00fanico bem \u00e9 a casa da minha fam\u00edlia, que ainda pago com meu sal\u00e1rio. Meus extratos banc\u00e1rios foram tornados p\u00fablicos\u201d, lembrou.<\/p><\/blockquote>\n<p>\u201cTenho enorme f\u00e9 no meu povo, e \u00e9 por isso que lhes pedi que defendam o presidente contra qualquer ato ileg\u00edtimo de viol\u00eancia. A forma de me defenderem \u00e9 tomar o poder em cada munic\u00edpio do pa\u00eds. A ordem para as for\u00e7as de seguran\u00e7a n\u00e3o \u00e9 atirar contra o povo, mas sim contra os invasores\u201d, completou.<\/p>\n<p><em>Ag\u00eancia Brasil<\/em><\/p>\n","protected":false},"excerpt":{"rendered":"<p>Ap\u00f3s sequestrar Maduro, EUA amea\u00e7am tomar territ\u00f3rio da Dinamarca Um dia ap\u00f3s bombardear a Venezuela<\/p>\n","protected":false},"author":3,"featured_media":47032,"comment_status":"open","ping_status":"open","sticky":false,"template":"","format":"standard","meta":{"footnotes":""},"categories":[3,9],"tags":[],"class_list":["post-47031","post","type-post","status-publish","format-standard","has-post-thumbnail","hentry","category-destaques","category-internacional"],"yoast_head":"<!-- This site is optimized with the Yoast SEO plugin v27.5 - https:\/\/yoast.com\/product\/yoast-seo-wordpress\/ -->\n<title>Ap\u00f3s Venezuela, Trump amea\u00e7a tomar Groenl\u00e2ndia e atacar Col\u00f4mbia - Jornal<\/title>\n<meta name=\"description\" content=\"Ap\u00f3s Venezuela, Trump amea\u00e7a tomar Groenl\u00e2ndia e atacar Col\u00f4mbia\" \/>\n<meta name=\"robots\" content=\"index, follow, max-snippet:-1, max-image-preview:large, max-video-preview:-1\" \/>\n<link rel=\"canonical\" href=\"https:\/\/jornalboasnoticias.com.br\/home\/apos-venezuela-trump-ameaca-tomar-groenlandia-e-atacar-colombia\/\" \/>\n<meta property=\"og:locale\" content=\"pt_BR\" \/>\n<meta property=\"og:type\" content=\"article\" \/>\n<meta property=\"og:title\" content=\"Ap\u00f3s Venezuela, Trump amea\u00e7a tomar Groenl\u00e2ndia e atacar Col\u00f4mbia - Jornal\" \/>\n<meta property=\"og:description\" content=\"Ap\u00f3s Venezuela, Trump amea\u00e7a tomar Groenl\u00e2ndia e atacar Col\u00f4mbia\" \/>\n<meta property=\"og:url\" content=\"https:\/\/jornalboasnoticias.com.br\/home\/apos-venezuela-trump-ameaca-tomar-groenlandia-e-atacar-colombia\/\" \/>\n<meta property=\"og:site_name\" content=\"Jornal\" \/>\n<meta property=\"article:publisher\" content=\"https:\/\/www.facebook.com\/boasnoticiasjornal\" \/>\n<meta property=\"article:published_time\" content=\"2026-01-05T14:22:19+00:00\" \/>\n<meta property=\"og:image\" content=\"https:\/\/jornalboasnoticias.com.br\/home\/wp-content\/uploads\/2026\/01\/2024-01-17t181648z_1_lynxmpek0g0qf_rtroptp_4_greenland-ice-e1767622913351.jpg\" \/>\n\t<meta property=\"og:image:width\" content=\"1000\" \/>\n\t<meta property=\"og:image:height\" content=\"598\" \/>\n\t<meta property=\"og:image:type\" content=\"image\/jpeg\" \/>\n<meta name=\"author\" content=\"Luiz Carlos da Cruz\" \/>\n<meta name=\"twitter:card\" content=\"summary_large_image\" \/>\n<meta name=\"twitter:label1\" content=\"Escrito por\" \/>\n\t<meta name=\"twitter:data1\" content=\"Luiz Carlos da Cruz\" \/>\n\t<meta name=\"twitter:label2\" content=\"Est. tempo de leitura\" \/>\n\t<meta name=\"twitter:data2\" content=\"3 minutos\" \/>\n<script type=\"application\/ld+json\" class=\"yoast-schema-graph\">{\"@context\":\"https:\\\/\\\/schema.org\",\"@graph\":[{\"@type\":\"Article\",\"@id\":\"https:\\\/\\\/jornalboasnoticias.com.br\\\/home\\\/apos-venezuela-trump-ameaca-tomar-groenlandia-e-atacar-colombia\\\/#article\",\"isPartOf\":{\"@id\":\"https:\\\/\\\/jornalboasnoticias.com.br\\\/home\\\/apos-venezuela-trump-ameaca-tomar-groenlandia-e-atacar-colombia\\\/\"},\"author\":{\"name\":\"Luiz Carlos da Cruz\",\"@id\":\"https:\\\/\\\/jornalboasnoticias.com.br\\\/home\\\/#\\\/schema\\\/person\\\/75f9ebde398c998c166475fb446bda62\"},\"headline\":\"Ap\u00f3s Venezuela, Trump amea\u00e7a tomar Groenl\u00e2ndia e atacar Col\u00f4mbia\",\"datePublished\":\"2026-01-05T14:22:19+00:00\",\"mainEntityOfPage\":{\"@id\":\"https:\\\/\\\/jornalboasnoticias.com.br\\\/home\\\/apos-venezuela-trump-ameaca-tomar-groenlandia-e-atacar-colombia\\\/\"},\"wordCount\":737,\"commentCount\":0,\"publisher\":{\"@id\":\"https:\\\/\\\/jornalboasnoticias.com.br\\\/home\\\/#organization\"},\"image\":{\"@id\":\"https:\\\/\\\/jornalboasnoticias.com.br\\\/home\\\/apos-venezuela-trump-ameaca-tomar-groenlandia-e-atacar-colombia\\\/#primaryimage\"},\"thumbnailUrl\":\"https:\\\/\\\/jornalboasnoticias.com.br\\\/home\\\/wp-content\\\/uploads\\\/2026\\\/01\\\/2024-01-17t181648z_1_lynxmpek0g0qf_rtroptp_4_greenland-ice-e1767622913351.jpg\",\"articleSection\":[\"DESTAQUE\",\"INTERNACIONAL\"],\"inLanguage\":\"pt-BR\",\"potentialAction\":[{\"@type\":\"CommentAction\",\"name\":\"Comment\",\"target\":[\"https:\\\/\\\/jornalboasnoticias.com.br\\\/home\\\/apos-venezuela-trump-ameaca-tomar-groenlandia-e-atacar-colombia\\\/#respond\"]}]},{\"@type\":\"WebPage\",\"@id\":\"https:\\\/\\\/jornalboasnoticias.com.br\\\/home\\\/apos-venezuela-trump-ameaca-tomar-groenlandia-e-atacar-colombia\\\/\",\"url\":\"https:\\\/\\\/jornalboasnoticias.com.br\\\/home\\\/apos-venezuela-trump-ameaca-tomar-groenlandia-e-atacar-colombia\\\/\",\"name\":\"Ap\u00f3s Venezuela, Trump amea\u00e7a tomar Groenl\u00e2ndia e atacar Col\u00f4mbia - Jornal\",\"isPartOf\":{\"@id\":\"https:\\\/\\\/jornalboasnoticias.com.br\\\/home\\\/#website\"},\"primaryImageOfPage\":{\"@id\":\"https:\\\/\\\/jornalboasnoticias.com.br\\\/home\\\/apos-venezuela-trump-ameaca-tomar-groenlandia-e-atacar-colombia\\\/#primaryimage\"},\"image\":{\"@id\":\"https:\\\/\\\/jornalboasnoticias.com.br\\\/home\\\/apos-venezuela-trump-ameaca-tomar-groenlandia-e-atacar-colombia\\\/#primaryimage\"},\"thumbnailUrl\":\"https:\\\/\\\/jornalboasnoticias.com.br\\\/home\\\/wp-content\\\/uploads\\\/2026\\\/01\\\/2024-01-17t181648z_1_lynxmpek0g0qf_rtroptp_4_greenland-ice-e1767622913351.jpg\",\"datePublished\":\"2026-01-05T14:22:19+00:00\",\"description\":\"Ap\u00f3s Venezuela, Trump amea\u00e7a tomar Groenl\u00e2ndia e atacar Col\u00f4mbia\",\"breadcrumb\":{\"@id\":\"https:\\\/\\\/jornalboasnoticias.com.br\\\/home\\\/apos-venezuela-trump-ameaca-tomar-groenlandia-e-atacar-colombia\\\/#breadcrumb\"},\"inLanguage\":\"pt-BR\",\"potentialAction\":[{\"@type\":\"ReadAction\",\"target\":[\"https:\\\/\\\/jornalboasnoticias.com.br\\\/home\\\/apos-venezuela-trump-ameaca-tomar-groenlandia-e-atacar-colombia\\\/\"]}]},{\"@type\":\"ImageObject\",\"inLanguage\":\"pt-BR\",\"@id\":\"https:\\\/\\\/jornalboasnoticias.com.br\\\/home\\\/apos-venezuela-trump-ameaca-tomar-groenlandia-e-atacar-colombia\\\/#primaryimage\",\"url\":\"https:\\\/\\\/jornalboasnoticias.com.br\\\/home\\\/wp-content\\\/uploads\\\/2026\\\/01\\\/2024-01-17t181648z_1_lynxmpek0g0qf_rtroptp_4_greenland-ice-e1767622913351.jpg\",\"contentUrl\":\"https:\\\/\\\/jornalboasnoticias.com.br\\\/home\\\/wp-content\\\/uploads\\\/2026\\\/01\\\/2024-01-17t181648z_1_lynxmpek0g0qf_rtroptp_4_greenland-ice-e1767622913351.jpg\",\"width\":1000,\"height\":598,\"caption\":\"\u00a9 REUTERS\\\/Hannibal Hanschke\\\/Proibida reprodu\u00e7\u00e3o\"},{\"@type\":\"BreadcrumbList\",\"@id\":\"https:\\\/\\\/jornalboasnoticias.com.br\\\/home\\\/apos-venezuela-trump-ameaca-tomar-groenlandia-e-atacar-colombia\\\/#breadcrumb\",\"itemListElement\":[{\"@type\":\"ListItem\",\"position\":1,\"name\":\"In\u00edcio\",\"item\":\"https:\\\/\\\/jornalboasnoticias.com.br\\\/home\\\/\"},{\"@type\":\"ListItem\",\"position\":2,\"name\":\"Ap\u00f3s Venezuela, Trump amea\u00e7a tomar Groenl\u00e2ndia e atacar Col\u00f4mbia\"}]},{\"@type\":\"WebSite\",\"@id\":\"https:\\\/\\\/jornalboasnoticias.com.br\\\/home\\\/#website\",\"url\":\"https:\\\/\\\/jornalboasnoticias.com.br\\\/home\\\/\",\"name\":\"Jornal Boas Not\u00edcias\",\"description\":\"Boas not\u00edcias\",\"publisher\":{\"@id\":\"https:\\\/\\\/jornalboasnoticias.com.br\\\/home\\\/#organization\"},\"potentialAction\":[{\"@type\":\"SearchAction\",\"target\":{\"@type\":\"EntryPoint\",\"urlTemplate\":\"https:\\\/\\\/jornalboasnoticias.com.br\\\/home\\\/?s={search_term_string}\"},\"query-input\":{\"@type\":\"PropertyValueSpecification\",\"valueRequired\":true,\"valueName\":\"search_term_string\"}}],\"inLanguage\":\"pt-BR\"},{\"@type\":\"Organization\",\"@id\":\"https:\\\/\\\/jornalboasnoticias.com.br\\\/home\\\/#organization\",\"name\":\"Coq Editora Ltda\",\"alternateName\":\"Jornal Boas Noticias\",\"url\":\"https:\\\/\\\/jornalboasnoticias.com.br\\\/home\\\/\",\"logo\":{\"@type\":\"ImageObject\",\"inLanguage\":\"pt-BR\",\"@id\":\"https:\\\/\\\/jornalboasnoticias.com.br\\\/home\\\/#\\\/schema\\\/logo\\\/image\\\/\",\"url\":\"https:\\\/\\\/jornalboasnoticias.com.br\\\/home\\\/wp-content\\\/uploads\\\/2024\\\/07\\\/cropped-logo.jpg\",\"contentUrl\":\"https:\\\/\\\/jornalboasnoticias.com.br\\\/home\\\/wp-content\\\/uploads\\\/2024\\\/07\\\/cropped-logo.jpg\",\"width\":290,\"height\":142,\"caption\":\"Coq Editora Ltda\"},\"image\":{\"@id\":\"https:\\\/\\\/jornalboasnoticias.com.br\\\/home\\\/#\\\/schema\\\/logo\\\/image\\\/\"},\"sameAs\":[\"https:\\\/\\\/www.facebook.com\\\/boasnoticiasjornal\"]},{\"@type\":\"Person\",\"@id\":\"https:\\\/\\\/jornalboasnoticias.com.br\\\/home\\\/#\\\/schema\\\/person\\\/75f9ebde398c998c166475fb446bda62\",\"name\":\"Luiz Carlos da Cruz\",\"image\":{\"@type\":\"ImageObject\",\"inLanguage\":\"pt-BR\",\"@id\":\"https:\\\/\\\/secure.gravatar.com\\\/avatar\\\/e6f4f45301b6cb8572f7b076572e8ac11c1db80e805d8c8d0858cf286ce3ac3b?s=96&d=mm&r=g\",\"url\":\"https:\\\/\\\/secure.gravatar.com\\\/avatar\\\/e6f4f45301b6cb8572f7b076572e8ac11c1db80e805d8c8d0858cf286ce3ac3b?s=96&d=mm&r=g\",\"contentUrl\":\"https:\\\/\\\/secure.gravatar.com\\\/avatar\\\/e6f4f45301b6cb8572f7b076572e8ac11c1db80e805d8c8d0858cf286ce3ac3b?s=96&d=mm&r=g\",\"caption\":\"Luiz Carlos da Cruz\"},\"url\":\"https:\\\/\\\/jornalboasnoticias.com.br\\\/home\\\/author\\\/luiz-carlos-da-cruz\\\/\"}]}<\/script>\n<!-- \/ Yoast SEO plugin. -->","yoast_head_json":{"title":"Ap\u00f3s Venezuela, Trump amea\u00e7a tomar Groenl\u00e2ndia e atacar Col\u00f4mbia - Jornal","description":"Ap\u00f3s Venezuela, Trump amea\u00e7a tomar Groenl\u00e2ndia e atacar Col\u00f4mbia","robots":{"index":"index","follow":"follow","max-snippet":"max-snippet:-1","max-image-preview":"max-image-preview:large","max-video-preview":"max-video-preview:-1"},"canonical":"https:\/\/jornalboasnoticias.com.br\/home\/apos-venezuela-trump-ameaca-tomar-groenlandia-e-atacar-colombia\/","og_locale":"pt_BR","og_type":"article","og_title":"Ap\u00f3s Venezuela, Trump amea\u00e7a tomar Groenl\u00e2ndia e atacar Col\u00f4mbia - Jornal","og_description":"Ap\u00f3s Venezuela, Trump amea\u00e7a tomar Groenl\u00e2ndia e atacar Col\u00f4mbia","og_url":"https:\/\/jornalboasnoticias.com.br\/home\/apos-venezuela-trump-ameaca-tomar-groenlandia-e-atacar-colombia\/","og_site_name":"Jornal","article_publisher":"https:\/\/www.facebook.com\/boasnoticiasjornal","article_published_time":"2026-01-05T14:22:19+00:00","og_image":[{"width":1000,"height":598,"url":"https:\/\/jornalboasnoticias.com.br\/home\/wp-content\/uploads\/2026\/01\/2024-01-17t181648z_1_lynxmpek0g0qf_rtroptp_4_greenland-ice-e1767622913351.jpg","type":"image\/jpeg"}],"author":"Luiz Carlos da Cruz","twitter_card":"summary_large_image","twitter_misc":{"Escrito por":"Luiz Carlos da Cruz","Est. tempo de leitura":"3 minutos"},"schema":{"@context":"https:\/\/schema.org","@graph":[{"@type":"Article","@id":"https:\/\/jornalboasnoticias.com.br\/home\/apos-venezuela-trump-ameaca-tomar-groenlandia-e-atacar-colombia\/#article","isPartOf":{"@id":"https:\/\/jornalboasnoticias.com.br\/home\/apos-venezuela-trump-ameaca-tomar-groenlandia-e-atacar-colombia\/"},"author":{"name":"Luiz Carlos da Cruz","@id":"https:\/\/jornalboasnoticias.com.br\/home\/#\/schema\/person\/75f9ebde398c998c166475fb446bda62"},"headline":"Ap\u00f3s Venezuela, Trump amea\u00e7a tomar Groenl\u00e2ndia e atacar Col\u00f4mbia","datePublished":"2026-01-05T14:22:19+00:00","mainEntityOfPage":{"@id":"https:\/\/jornalboasnoticias.com.br\/home\/apos-venezuela-trump-ameaca-tomar-groenlandia-e-atacar-colombia\/"},"wordCount":737,"commentCount":0,"publisher":{"@id":"https:\/\/jornalboasnoticias.com.br\/home\/#organization"},"image":{"@id":"https:\/\/jornalboasnoticias.com.br\/home\/apos-venezuela-trump-ameaca-tomar-groenlandia-e-atacar-colombia\/#primaryimage"},"thumbnailUrl":"https:\/\/jornalboasnoticias.com.br\/home\/wp-content\/uploads\/2026\/01\/2024-01-17t181648z_1_lynxmpek0g0qf_rtroptp_4_greenland-ice-e1767622913351.jpg","articleSection":["DESTAQUE","INTERNACIONAL"],"inLanguage":"pt-BR","potentialAction":[{"@type":"CommentAction","name":"Comment","target":["https:\/\/jornalboasnoticias.com.br\/home\/apos-venezuela-trump-ameaca-tomar-groenlandia-e-atacar-colombia\/#respond"]}]},{"@type":"WebPage","@id":"https:\/\/jornalboasnoticias.com.br\/home\/apos-venezuela-trump-ameaca-tomar-groenlandia-e-atacar-colombia\/","url":"https:\/\/jornalboasnoticias.com.br\/home\/apos-venezuela-trump-ameaca-tomar-groenlandia-e-atacar-colombia\/","name":"Ap\u00f3s Venezuela, Trump amea\u00e7a tomar Groenl\u00e2ndia e atacar Col\u00f4mbia - Jornal","isPartOf":{"@id":"https:\/\/jornalboasnoticias.com.br\/home\/#website"},"primaryImageOfPage":{"@id":"https:\/\/jornalboasnoticias.com.br\/home\/apos-venezuela-trump-ameaca-tomar-groenlandia-e-atacar-colombia\/#primaryimage"},"image":{"@id":"https:\/\/jornalboasnoticias.com.br\/home\/apos-venezuela-trump-ameaca-tomar-groenlandia-e-atacar-colombia\/#primaryimage"},"thumbnailUrl":"https:\/\/jornalboasnoticias.com.br\/home\/wp-content\/uploads\/2026\/01\/2024-01-17t181648z_1_lynxmpek0g0qf_rtroptp_4_greenland-ice-e1767622913351.jpg","datePublished":"2026-01-05T14:22:19+00:00","description":"Ap\u00f3s Venezuela, Trump amea\u00e7a tomar Groenl\u00e2ndia e atacar Col\u00f4mbia","breadcrumb":{"@id":"https:\/\/jornalboasnoticias.com.br\/home\/apos-venezuela-trump-ameaca-tomar-groenlandia-e-atacar-colombia\/#breadcrumb"},"inLanguage":"pt-BR","potentialAction":[{"@type":"ReadAction","target":["https:\/\/jornalboasnoticias.com.br\/home\/apos-venezuela-trump-ameaca-tomar-groenlandia-e-atacar-colombia\/"]}]},{"@type":"ImageObject","inLanguage":"pt-BR","@id":"https:\/\/jornalboasnoticias.com.br\/home\/apos-venezuela-trump-ameaca-tomar-groenlandia-e-atacar-colombia\/#primaryimage","url":"https:\/\/jornalboasnoticias.com.br\/home\/wp-content\/uploads\/2026\/01\/2024-01-17t181648z_1_lynxmpek0g0qf_rtroptp_4_greenland-ice-e1767622913351.jpg","contentUrl":"https:\/\/jornalboasnoticias.com.br\/home\/wp-content\/uploads\/2026\/01\/2024-01-17t181648z_1_lynxmpek0g0qf_rtroptp_4_greenland-ice-e1767622913351.jpg","width":1000,"height":598,"caption":"\u00a9 REUTERS\/Hannibal Hanschke\/Proibida reprodu\u00e7\u00e3o"},{"@type":"BreadcrumbList","@id":"https:\/\/jornalboasnoticias.com.br\/home\/apos-venezuela-trump-ameaca-tomar-groenlandia-e-atacar-colombia\/#breadcrumb","itemListElement":[{"@type":"ListItem","position":1,"name":"In\u00edcio","item":"https:\/\/jornalboasnoticias.com.br\/home\/"},{"@type":"ListItem","position":2,"name":"Ap\u00f3s Venezuela, Trump amea\u00e7a tomar Groenl\u00e2ndia e atacar Col\u00f4mbia"}]},{"@type":"WebSite","@id":"https:\/\/jornalboasnoticias.com.br\/home\/#website","url":"https:\/\/jornalboasnoticias.com.br\/home\/","name":"Jornal Boas Not\u00edcias","description":"Boas not\u00edcias","publisher":{"@id":"https:\/\/jornalboasnoticias.com.br\/home\/#organization"},"potentialAction":[{"@type":"SearchAction","target":{"@type":"EntryPoint","urlTemplate":"https:\/\/jornalboasnoticias.com.br\/home\/?s={search_term_string}"},"query-input":{"@type":"PropertyValueSpecification","valueRequired":true,"valueName":"search_term_string"}}],"inLanguage":"pt-BR"},{"@type":"Organization","@id":"https:\/\/jornalboasnoticias.com.br\/home\/#organization","name":"Coq Editora Ltda","alternateName":"Jornal Boas Noticias","url":"https:\/\/jornalboasnoticias.com.br\/home\/","logo":{"@type":"ImageObject","inLanguage":"pt-BR","@id":"https:\/\/jornalboasnoticias.com.br\/home\/#\/schema\/logo\/image\/","url":"https:\/\/jornalboasnoticias.com.br\/home\/wp-content\/uploads\/2024\/07\/cropped-logo.jpg","contentUrl":"https:\/\/jornalboasnoticias.com.br\/home\/wp-content\/uploads\/2024\/07\/cropped-logo.jpg","width":290,"height":142,"caption":"Coq Editora Ltda"},"image":{"@id":"https:\/\/jornalboasnoticias.com.br\/home\/#\/schema\/logo\/image\/"},"sameAs":["https:\/\/www.facebook.com\/boasnoticiasjornal"]},{"@type":"Person","@id":"https:\/\/jornalboasnoticias.com.br\/home\/#\/schema\/person\/75f9ebde398c998c166475fb446bda62","name":"Luiz Carlos da Cruz","image":{"@type":"ImageObject","inLanguage":"pt-BR","@id":"https:\/\/secure.gravatar.com\/avatar\/e6f4f45301b6cb8572f7b076572e8ac11c1db80e805d8c8d0858cf286ce3ac3b?s=96&d=mm&r=g","url":"https:\/\/secure.gravatar.com\/avatar\/e6f4f45301b6cb8572f7b076572e8ac11c1db80e805d8c8d0858cf286ce3ac3b?s=96&d=mm&r=g","contentUrl":"https:\/\/secure.gravatar.com\/avatar\/e6f4f45301b6cb8572f7b076572e8ac11c1db80e805d8c8d0858cf286ce3ac3b?s=96&d=mm&r=g","caption":"Luiz Carlos da Cruz"},"url":"https:\/\/jornalboasnoticias.com.br\/home\/author\/luiz-carlos-da-cruz\/"}]}},"_links":{"self":[{"href":"https:\/\/jornalboasnoticias.com.br\/home\/wp-json\/wp\/v2\/posts\/47031","targetHints":{"allow":["GET"]}}],"collection":[{"href":"https:\/\/jornalboasnoticias.com.br\/home\/wp-json\/wp\/v2\/posts"}],"about":[{"href":"https:\/\/jornalboasnoticias.com.br\/home\/wp-json\/wp\/v2\/types\/post"}],"author":[{"embeddable":true,"href":"https:\/\/jornalboasnoticias.com.br\/home\/wp-json\/wp\/v2\/users\/3"}],"replies":[{"embeddable":true,"href":"https:\/\/jornalboasnoticias.com.br\/home\/wp-json\/wp\/v2\/comments?post=47031"}],"version-history":[{"count":1,"href":"https:\/\/jornalboasnoticias.com.br\/home\/wp-json\/wp\/v2\/posts\/47031\/revisions"}],"predecessor-version":[{"id":47033,"href":"https:\/\/jornalboasnoticias.com.br\/home\/wp-json\/wp\/v2\/posts\/47031\/revisions\/47033"}],"wp:featuredmedia":[{"embeddable":true,"href":"https:\/\/jornalboasnoticias.com.br\/home\/wp-json\/wp\/v2\/media\/47032"}],"wp:attachment":[{"href":"https:\/\/jornalboasnoticias.com.br\/home\/wp-json\/wp\/v2\/media?parent=47031"}],"wp:term":[{"taxonomy":"category","embeddable":true,"href":"https:\/\/jornalboasnoticias.com.br\/home\/wp-json\/wp\/v2\/categories?post=47031"},{"taxonomy":"post_tag","embeddable":true,"href":"https:\/\/jornalboasnoticias.com.br\/home\/wp-json\/wp\/v2\/tags?post=47031"}],"curies":[{"name":"wp","href":"https:\/\/api.w.org\/{rel}","templated":true}]}}